{"id":517,"date":"2021-11-26T14:40:20","date_gmt":"2021-11-26T13:40:20","guid":{"rendered":"http:\/\/symbivita.cz\/paolli\/?p=517"},"modified":"2021-11-26T14:40:47","modified_gmt":"2021-11-26T13:40:47","slug":"21-11-2021-velka-bites","status":"publish","type":"post","link":"https:\/\/symbivita.cz\/paolli\/2021\/11\/26\/21-11-2021-velka-bites\/","title":{"rendered":"21. 11. 2021 Velk\u00e1 B\u00edte\u0161"},"content":{"rendered":"\n<p> SYMBINATUR rozs\u00edval zdr. osv\u011btu a sem\u00ednka v\u00edry ve Vel. B\u00edte\u0161i i lidem z ji\u017e. \u010cech (jeli ze 120 km vzd\u00e1l. m\u00edsta). Poslucha\u010di byli soust\u0159ed\u011bn\u00ed a vd\u011b\u010dn\u00ed. P. po\u0159adatelka uv\u00e1d\u00ed: Jdu (v\u00fdletem v Hustope\u010d\u00edch) do kopce za zp\u011bvem &#8211; tuhle pan\u00ed si poslechnou i v\u0161. m\u00ed zn\u00e1m\u00ed! Vzala si kontakt a zorganizovala pro pozvan\u00e9 i pro n\u00e1s \u00fa\u017easn\u00e9 3 hodiny! S poho\u0161t\u011bn\u00edm pro v\u0161echny&#8230; Jedna \u017eena zn\u00e1sobila &#8211; umo\u017enila p\u0159en\u00e9st na dal\u0161\u00ed poslucha\u010de z\u00e1\u017eitek i pozn\u00e1n\u00ed. D\u00edky Bohu za ni. Za t\u011bch 23 lid\u00ed se pot\u00e9 doma p\u0159imlouv\u00e1m. <\/p>\n\n\n\n<figure class=\"wp-block-image size-large\"><img loading=\"lazy\" decoding=\"async\" width=\"714\" height=\"531\" src=\"https:\/\/symbivita.cz\/paolli\/wp-content\/uploads\/2021\/11\/1.jpg\" alt=\"\" class=\"wp-image-519\" srcset=\"https:\/\/symbivita.cz\/paolli\/wp-content\/uploads\/2021\/11\/1.jpg 714w, https:\/\/symbivita.cz\/paolli\/wp-content\/uploads\/2021\/11\/1-300x223.jpg 300w, https:\/\/symbivita.cz\/paolli\/wp-content\/uploads\/2021\/11\/1-81x60.jpg 81w\" sizes=\"(max-width: 714px) 100vw, 714px\" \/><\/figure>\n\n\n\n<figure class=\"wp-block-image size-large\"><img loading=\"lazy\" decoding=\"async\" width=\"718\" height=\"482\" src=\"https:\/\/symbivita.cz\/paolli\/wp-content\/uploads\/2021\/11\/2.jpg\" alt=\"\" class=\"wp-image-520\" srcset=\"https:\/\/symbivita.cz\/paolli\/wp-content\/uploads\/2021\/11\/2.jpg 718w, https:\/\/symbivita.cz\/paolli\/wp-content\/uploads\/2021\/11\/2-300x201.jpg 300w, https:\/\/symbivita.cz\/paolli\/wp-content\/uploads\/2021\/11\/2-89x60.jpg 89w\" sizes=\"(max-width: 718px) 100vw, 718px\" \/><\/figure>\n\n\n\n<figure class=\"wp-block-image size-large\"><img loading=\"lazy\" decoding=\"async\" width=\"718\" height=\"477\" src=\"https:\/\/symbivita.cz\/paolli\/wp-content\/uploads\/2021\/11\/3-1.jpg\" alt=\"\" class=\"wp-image-521\" srcset=\"https:\/\/symbivita.cz\/paolli\/wp-content\/uploads\/2021\/11\/3-1.jpg 718w, https:\/\/symbivita.cz\/paolli\/wp-content\/uploads\/2021\/11\/3-1-300x199.jpg 300w, https:\/\/symbivita.cz\/paolli\/wp-content\/uploads\/2021\/11\/3-1-90x60.jpg 90w\" sizes=\"(max-width: 718px) 100vw, 718px\" \/><\/figure>\n\n\n\n<figure class=\"wp-block-image size-large\"><img loading=\"lazy\" decoding=\"async\" width=\"719\" height=\"478\" src=\"https:\/\/symbivita.cz\/paolli\/wp-content\/uploads\/2021\/11\/4.jpg\" alt=\"\" class=\"wp-image-522\" srcset=\"https:\/\/symbivita.cz\/paolli\/wp-content\/uploads\/2021\/11\/4.jpg 719w, https:\/\/symbivita.cz\/paolli\/wp-content\/uploads\/2021\/11\/4-300x199.jpg 300w, https:\/\/symbivita.cz\/paolli\/wp-content\/uploads\/2021\/11\/4-90x60.jpg 90w\" sizes=\"(max-width: 719px) 100vw, 719px\" \/><\/figure>\n\n\n\n<figure class=\"wp-block-image size-large\"><img loading=\"lazy\" decoding=\"async\" width=\"719\" height=\"472\" src=\"https:\/\/symbivita.cz\/paolli\/wp-content\/uploads\/2021\/11\/5.jpg\" alt=\"\" class=\"wp-image-523\" srcset=\"https:\/\/symbivita.cz\/paolli\/wp-content\/uploads\/2021\/11\/5.jpg 719w, https:\/\/symbivita.cz\/paolli\/wp-content\/uploads\/2021\/11\/5-300x197.jpg 300w, https:\/\/symbivita.cz\/paolli\/wp-content\/uploads\/2021\/11\/5-91x60.jpg 91w\" sizes=\"(max-width: 719px) 100vw, 719px\" \/><\/figure>\n","protected":false},"excerpt":{"rendered":"<p>SYMBINATUR rozs\u00edval zdr. osv\u011btu a sem\u00ednka v\u00edry ve Vel. B\u00edte\u0161i i lidem z ji\u017e. \u010cech (jeli ze 120 km vzd\u00e1l. m\u00edsta). Poslucha\u010di byli soust\u0159ed\u011bn\u00ed a vd\u011b\u010dn\u00ed. P. po\u0159adatelka uv\u00e1d\u00ed: Jdu (v\u00fdletem v Hustope\u010d\u00edch) do kopce za zp\u011bvem &#8211; tuhle pan\u00ed si poslechnou i v\u0161. m\u00ed zn\u00e1m\u00ed! Vzala si kontakt a zorganizovala pro pozvan\u00e9 i pro &hellip; <\/p>\n","protected":false},"author":1,"featured_media":518,"comment_status":"open","ping_status":"open","sticky":false,"template":"","format":"standard","meta":{"footnotes":""},"categories":[3],"tags":[],"_links":{"self":[{"href":"https:\/\/symbivita.cz\/paolli\/wp-json\/wp\/v2\/posts\/517"}],"collection":[{"href":"https:\/\/symbivita.cz\/paolli\/wp-json\/wp\/v2\/posts"}],"about":[{"href":"https:\/\/symbivita.cz\/paolli\/wp-json\/wp\/v2\/types\/post"}],"author":[{"embeddable":true,"href":"https:\/\/symbivita.cz\/paolli\/wp-json\/wp\/v2\/users\/1"}],"replies":[{"embeddable":true,"href":"https:\/\/symbivita.cz\/paolli\/wp-json\/wp\/v2\/comments?post=517"}],"version-history":[{"count":2,"href":"https:\/\/symbivita.cz\/paolli\/wp-json\/wp\/v2\/posts\/517\/revisions"}],"predecessor-version":[{"id":525,"href":"https:\/\/symbivita.cz\/paolli\/wp-json\/wp\/v2\/posts\/517\/revisions\/525"}],"wp:featuredmedia":[{"embeddable":true,"href":"https:\/\/symbivita.cz\/paolli\/wp-json\/wp\/v2\/media\/518"}],"wp:attachment":[{"href":"https:\/\/symbivita.cz\/paolli\/wp-json\/wp\/v2\/media?parent=517"}],"wp:term":[{"taxonomy":"category","embeddable":true,"href":"https:\/\/symbivita.cz\/paolli\/wp-json\/wp\/v2\/categories?post=517"},{"taxonomy":"post_tag","embeddable":true,"href":"https:\/\/symbivita.cz\/paolli\/wp-json\/wp\/v2\/tags?post=517"}],"curies":[{"name":"wp","href":"https:\/\/api.w.org\/{rel}","templated":true}]}}