{"id":506,"date":"2021-11-26T14:20:52","date_gmt":"2021-11-26T13:20:52","guid":{"rendered":"http:\/\/symbivita.cz\/paolli\/?p=506"},"modified":"2021-11-26T14:29:43","modified_gmt":"2021-11-26T13:29:43","slug":"den-vzniku-samostatneho-ceskoslovenskeho-statu","status":"publish","type":"post","link":"https:\/\/symbivita.cz\/paolli\/2021\/11\/26\/den-vzniku-samostatneho-ceskoslovenskeho-statu\/","title":{"rendered":"Den vzniku samostatn\u00e9ho \u010deskoslovensk\u00e9ho st\u00e1tu"},"content":{"rendered":"\n<p>29. \u0159\u00edjna \u00b421 byl Den vzniku samostatn\u00e9ho \u010deskoslovensk\u00e9ho st\u00e1tu oslaven i v Nikol\u010dic\u00edch. V zasedac\u00ed m\u00edstnosti O\u00da p\u0159edn\u00e1\u0161el Ing. J. Cabal o \u010dsl. legion\u00e1\u0159\u00edch v Rusku a okolnostech vedouc\u00edch ke\nvzniku \u010cSR. Informace, kter\u00e9\nnejsou b\u011b\u017en\u011b zn\u00e1my. Dr. P. \u0160\u00e1cha pot\u00e9 p\u0159ednesl prezentaci s obr\u00e1zky ud\u00e1lost\u00ed,\nkter\u00e9 se odehr\u00e1valy v t\u011bch vzru\u0161en\u00fdch dnech v\nNikol\u010dic\u00edch a bl\u00edzk\u00e9m okol\u00ed.\n<\/p>\n\n\n\n<p>Hej, Slovan\u00e9 a \u010deskoslovenskou hymnu zap\u011bla PhDr. P. \u0160\u00e1chov\u00e1. Dv\u011b a p\u016fl hodiny p\u0159inesly mnoho zaj\u00edmav\u00fdch informac\u00ed a byly d\u016fstojnou oslavou v\u00fdznamn\u00e9ho dne.<\/p>\n\n\n\n<figure class=\"wp-block-image size-large\"><img loading=\"lazy\" decoding=\"async\" width=\"898\" height=\"589\" src=\"https:\/\/symbivita.cz\/paolli\/wp-content\/uploads\/2021\/11\/1..jpg\" alt=\"\" class=\"wp-image-509\" srcset=\"https:\/\/symbivita.cz\/paolli\/wp-content\/uploads\/2021\/11\/1..jpg 898w, https:\/\/symbivita.cz\/paolli\/wp-content\/uploads\/2021\/11\/1.-300x197.jpg 300w, https:\/\/symbivita.cz\/paolli\/wp-content\/uploads\/2021\/11\/1.-768x504.jpg 768w, https:\/\/symbivita.cz\/paolli\/wp-content\/uploads\/2021\/11\/1.-91x60.jpg 91w\" sizes=\"(max-width: 898px) 100vw, 898px\" \/><\/figure>\n\n\n\n<figure class=\"wp-block-image size-large\"><img loading=\"lazy\" decoding=\"async\" width=\"819\" height=\"559\" src=\"https:\/\/symbivita.cz\/paolli\/wp-content\/uploads\/2021\/11\/2..jpg\" alt=\"\" class=\"wp-image-510\" srcset=\"https:\/\/symbivita.cz\/paolli\/wp-content\/uploads\/2021\/11\/2..jpg 819w, https:\/\/symbivita.cz\/paolli\/wp-content\/uploads\/2021\/11\/2.-300x205.jpg 300w, https:\/\/symbivita.cz\/paolli\/wp-content\/uploads\/2021\/11\/2.-768x524.jpg 768w, https:\/\/symbivita.cz\/paolli\/wp-content\/uploads\/2021\/11\/2.-88x60.jpg 88w\" sizes=\"(max-width: 819px) 100vw, 819px\" \/><\/figure>\n\n\n\n<figure class=\"wp-block-image size-large\"><img loading=\"lazy\" decoding=\"async\" width=\"896\" height=\"598\" src=\"https:\/\/symbivita.cz\/paolli\/wp-content\/uploads\/2021\/11\/3.jpg\" alt=\"\" class=\"wp-image-511\" srcset=\"https:\/\/symbivita.cz\/paolli\/wp-content\/uploads\/2021\/11\/3.jpg 896w, https:\/\/symbivita.cz\/paolli\/wp-content\/uploads\/2021\/11\/3-300x200.jpg 300w, https:\/\/symbivita.cz\/paolli\/wp-content\/uploads\/2021\/11\/3-768x513.jpg 768w, https:\/\/symbivita.cz\/paolli\/wp-content\/uploads\/2021\/11\/3-90x60.jpg 90w\" sizes=\"(max-width: 896px) 100vw, 896px\" \/><\/figure>\n\n\n\n<p> Den vzniku samostatn\u00e9ho \u010ceskoslovenska a 17. listopad, t\u00e9mata p\u0159edn\u00e1\u0161ky SYMBINATUR pro d\u011bti Z\u0160 ve t\u0159ech vyu\u010dovac\u00edch hodin\u00e1ch. Ve \u010dtvrtek dopoledne prob\u011bhnou dal\u0161\u00ed \u010dty\u0159i hodiny. Program zpest\u0159ila projekce a zp\u011bv dobov\u00fdch p\u00edsn\u00ed a tak\u00e9 ohlas byl spont\u00e1nn\u00ed. <\/p>\n\n\n\n<figure class=\"wp-block-image size-large\"><img loading=\"lazy\" decoding=\"async\" width=\"712\" height=\"537\" src=\"https:\/\/symbivita.cz\/paolli\/wp-content\/uploads\/2021\/11\/4..jpg\" alt=\"\" class=\"wp-image-513\" srcset=\"https:\/\/symbivita.cz\/paolli\/wp-content\/uploads\/2021\/11\/4..jpg 712w, https:\/\/symbivita.cz\/paolli\/wp-content\/uploads\/2021\/11\/4.-300x226.jpg 300w, https:\/\/symbivita.cz\/paolli\/wp-content\/uploads\/2021\/11\/4.-80x60.jpg 80w\" sizes=\"(max-width: 712px) 100vw, 712px\" \/><\/figure>\n\n\n\n<figure class=\"wp-block-image size-large\"><img loading=\"lazy\" decoding=\"async\" width=\"714\" height=\"533\" src=\"https:\/\/symbivita.cz\/paolli\/wp-content\/uploads\/2021\/11\/5..jpg\" alt=\"\" class=\"wp-image-514\" srcset=\"https:\/\/symbivita.cz\/paolli\/wp-content\/uploads\/2021\/11\/5..jpg 714w, https:\/\/symbivita.cz\/paolli\/wp-content\/uploads\/2021\/11\/5.-300x224.jpg 300w, https:\/\/symbivita.cz\/paolli\/wp-content\/uploads\/2021\/11\/5.-80x60.jpg 80w\" sizes=\"(max-width: 714px) 100vw, 714px\" \/><\/figure>\n\n\n\n<figure class=\"wp-block-image size-large\"><img loading=\"lazy\" decoding=\"async\" width=\"717\" height=\"537\" src=\"https:\/\/symbivita.cz\/paolli\/wp-content\/uploads\/2021\/11\/6..jpg\" alt=\"\" class=\"wp-image-515\" srcset=\"https:\/\/symbivita.cz\/paolli\/wp-content\/uploads\/2021\/11\/6..jpg 717w, https:\/\/symbivita.cz\/paolli\/wp-content\/uploads\/2021\/11\/6.-300x225.jpg 300w, https:\/\/symbivita.cz\/paolli\/wp-content\/uploads\/2021\/11\/6.-80x60.jpg 80w\" sizes=\"(max-width: 717px) 100vw, 717px\" \/><\/figure>\n","protected":false},"excerpt":{"rendered":"<p>29. \u0159\u00edjna \u00b421 byl Den vzniku samostatn\u00e9ho \u010deskoslovensk\u00e9ho st\u00e1tu oslaven i v Nikol\u010dic\u00edch. V zasedac\u00ed m\u00edstnosti O\u00da p\u0159edn\u00e1\u0161el Ing. J. Cabal o \u010dsl. legion\u00e1\u0159\u00edch v Rusku a okolnostech vedouc\u00edch ke vzniku \u010cSR. Informace, kter\u00e9 nejsou b\u011b\u017en\u011b zn\u00e1my. Dr. P. \u0160\u00e1cha pot\u00e9 p\u0159ednesl prezentaci s obr\u00e1zky ud\u00e1lost\u00ed, kter\u00e9 se odehr\u00e1valy v t\u011bch vzru\u0161en\u00fdch dnech v Nikol\u010dic\u00edch &hellip; <\/p>\n","protected":false},"author":1,"featured_media":507,"comment_status":"open","ping_status":"open","sticky":false,"template":"","format":"standard","meta":{"footnotes":""},"categories":[3],"tags":[],"_links":{"self":[{"href":"https:\/\/symbivita.cz\/paolli\/wp-json\/wp\/v2\/posts\/506"}],"collection":[{"href":"https:\/\/symbivita.cz\/paolli\/wp-json\/wp\/v2\/posts"}],"about":[{"href":"https:\/\/symbivita.cz\/paolli\/wp-json\/wp\/v2\/types\/post"}],"author":[{"embeddable":true,"href":"https:\/\/symbivita.cz\/paolli\/wp-json\/wp\/v2\/users\/1"}],"replies":[{"embeddable":true,"href":"https:\/\/symbivita.cz\/paolli\/wp-json\/wp\/v2\/comments?post=506"}],"version-history":[{"count":3,"href":"https:\/\/symbivita.cz\/paolli\/wp-json\/wp\/v2\/posts\/506\/revisions"}],"predecessor-version":[{"id":516,"href":"https:\/\/symbivita.cz\/paolli\/wp-json\/wp\/v2\/posts\/506\/revisions\/516"}],"wp:featuredmedia":[{"embeddable":true,"href":"https:\/\/symbivita.cz\/paolli\/wp-json\/wp\/v2\/media\/507"}],"wp:attachment":[{"href":"https:\/\/symbivita.cz\/paolli\/wp-json\/wp\/v2\/media?parent=506"}],"wp:term":[{"taxonomy":"category","embeddable":true,"href":"https:\/\/symbivita.cz\/paolli\/wp-json\/wp\/v2\/categories?post=506"},{"taxonomy":"post_tag","embeddable":true,"href":"https:\/\/symbivita.cz\/paolli\/wp-json\/wp\/v2\/tags?post=506"}],"curies":[{"name":"wp","href":"https:\/\/api.w.org\/{rel}","templated":true}]}}