{"id":986,"date":"2020-09-06T14:36:51","date_gmt":"2020-09-06T12:36:51","guid":{"rendered":"http:\/\/symbivita.cz\/blog\/?p=986"},"modified":"2020-09-08T07:59:37","modified_gmt":"2020-09-08T05:59:37","slug":"petileti-1981-1985","status":"publish","type":"post","link":"https:\/\/symbivita.cz\/blog\/2020\/09\/06\/petileti-1981-1985\/","title":{"rendered":"P\u011btilet\u00ed 1981-1985"},"content":{"rendered":"\n<p class=\"has-text-color has-vivid-red-color\">1981<\/p>\n\n\n\n<p>Sn\u011bhu bylo dost, ale p\u0159i\u0161lo velmi brzy&nbsp; tepl\u00e9 jaro.<\/p>\n\n\n\n<p>Tento rok byl charakterizov\u00e1n t\u00edm, \u017ee p\u0159inesl velmi\nmalou&nbsp; \u00farodu.<\/p>\n\n\n\n<p><\/p>\n\n\n\n<p><a href=\"https:\/\/cs.wikipedia.org\/wiki\/1._%C3%BAnor\">1.\n\u00fanora<\/a>&nbsp;\u2013 V kinech m\u011bl premi\u00e9ru \u00fasp\u011b\u0161n\u00fd film&nbsp;<a href=\"https:\/\/cs.wikipedia.org\/wiki\/Post%C5%99i%C5%BEiny_(film)\">Post\u0159i\u017einy<\/a>&nbsp;re\u017eis\u00e9ra&nbsp;<a href=\"https:\/\/cs.wikipedia.org\/wiki\/Ji%C5%99%C3%AD_Menzel\">Ji\u0159\u00edho\nMenzela<\/a>&nbsp;nato\u010den\u00fd dle stejnojmenn\u00e9ho rom\u00e1nu spisovatele&nbsp;<a href=\"https:\/\/cs.wikipedia.org\/wiki\/Bohumil_Hrabal\">Bohumila\nHrabala<\/a>.<\/p>\n\n\n\n<p>Svaz\u00e1ci po\u0159\u00e1dali ples a p\u0159ekvapili polon\u00e9zou. Krom\u011b&nbsp; toho zorganizovali n\u011bkolik fonot\u00e9k.<\/p>\n\n\n\n<p>7.\u00fanora.&nbsp; Zlat\u00e1\nsvatba man\u017eel\u016f Jana a Kate\u0159iny Da\u0148kov\u00fdch.<\/p>\n\n\n\n<figure class=\"wp-block-image size-large is-resized\"><img loading=\"lazy\" decoding=\"async\" src=\"http:\/\/symbivita.cz\/blog\/wp-content\/uploads\/2020\/09\/1981-Zlat\u00e1-svatba-I.jpg\" alt=\"\" class=\"wp-image-987\" width=\"348\" height=\"504\" srcset=\"https:\/\/symbivita.cz\/blog\/wp-content\/uploads\/2020\/09\/1981-Zlat\u00e1-svatba-I.jpg 426w, https:\/\/symbivita.cz\/blog\/wp-content\/uploads\/2020\/09\/1981-Zlat\u00e1-svatba-I-207x300.jpg 207w\" sizes=\"(max-width: 348px) 100vw, 348px\" \/><\/figure>\n\n\n\n<figure class=\"wp-block-image size-large\"><img loading=\"lazy\" decoding=\"async\" width=\"1024\" height=\"345\" src=\"http:\/\/symbivita.cz\/blog\/wp-content\/uploads\/2020\/09\/1981-zlat\u00e1-svatba-II-1024x345.jpg\" alt=\"\" class=\"wp-image-988\" srcset=\"https:\/\/symbivita.cz\/blog\/wp-content\/uploads\/2020\/09\/1981-zlat\u00e1-svatba-II-1024x345.jpg 1024w, https:\/\/symbivita.cz\/blog\/wp-content\/uploads\/2020\/09\/1981-zlat\u00e1-svatba-II-300x101.jpg 300w, https:\/\/symbivita.cz\/blog\/wp-content\/uploads\/2020\/09\/1981-zlat\u00e1-svatba-II-768x259.jpg 768w, https:\/\/symbivita.cz\/blog\/wp-content\/uploads\/2020\/09\/1981-zlat\u00e1-svatba-II.jpg 1056w\" sizes=\"(max-width: 1024px) 100vw, 1024px\" \/><\/figure>\n\n\n\n<figure class=\"wp-block-image size-large is-resized\"><img loading=\"lazy\" decoding=\"async\" src=\"http:\/\/symbivita.cz\/blog\/wp-content\/uploads\/2020\/09\/1981-Dan\u011bk-3.jpg\" alt=\"\" class=\"wp-image-989\" width=\"455\" height=\"330\" srcset=\"https:\/\/symbivita.cz\/blog\/wp-content\/uploads\/2020\/09\/1981-Dan\u011bk-3.jpg 990w, https:\/\/symbivita.cz\/blog\/wp-content\/uploads\/2020\/09\/1981-Dan\u011bk-3-300x218.jpg 300w, https:\/\/symbivita.cz\/blog\/wp-content\/uploads\/2020\/09\/1981-Dan\u011bk-3-768x558.jpg 768w\" sizes=\"(max-width: 455px) 100vw, 455px\" \/><\/figure>\n\n\n\n<p>8. b\u0159ezna.&nbsp; MD\u017d &#8211;\ntradi\u010dn\u00ed oslavy po\u0159\u00e1d\u00e1 \u010cS\u017d s&nbsp;kulturn\u00edm programem- byla p\u0159edvedena polon\u00e9za\nsvaz\u00e1k\u016f.<\/p>\n\n\n\n<p>10. b\u0159ezna&nbsp; p\u0159i\u0161lo\nvelk\u00e9 nezvykl\u00e9 teplo.<\/p>\n\n\n\n<p>Prior- t\u00e9m\u011b\u0159 st\u00e1le ho\u0159\u00ed- padaly c\u00e1ry&nbsp; z\u010dernal\u00e9 folie a\u017e do obce.<\/p>\n\n\n\n<p class=\"has-text-color has-vivid-cyan-blue-color\"><a href=\"https:\/\/cs.wikipedia.org\/wiki\/12._b%C5%99ezen\">12.<\/a>&nbsp;\u2013&nbsp;<a href=\"https:\/\/cs.wikipedia.org\/wiki\/13._b%C5%99ezen\">13. b\u0159ezna<\/a>&nbsp;\u2013 Povod\u00ed&nbsp;<a href=\"https:\/\/cs.wikipedia.org\/wiki\/Oh%C5%99e\">Oh\u0159e<\/a>&nbsp;a&nbsp;<a href=\"https:\/\/cs.wikipedia.org\/wiki\/B%C3%ADlina_(%C5%99eka)\">B\u00edliny<\/a>&nbsp;zas\u00e1hla povod\u0148ov\u00e1 vlna. Nejhor\u0161\u00ed situace byla na&nbsp;<a href=\"https:\/\/cs.wikipedia.org\/wiki\/Okres_Karlovy_Vary\">Karlovarsku<\/a>,&nbsp;<a href=\"https:\/\/cs.wikipedia.org\/wiki\/Okres_Louny\">Lounsku<\/a>,&nbsp;<a href=\"https:\/\/cs.wikipedia.org\/wiki\/Okres_Litom%C4%9B%C5%99ice\">Litom\u011b\u0159icku<\/a>&nbsp;a&nbsp;<a href=\"https:\/\/cs.wikipedia.org\/wiki\/Okres_%C3%9Ast%C3%AD_nad_Labem\">\u00dastecku<\/a>.<\/p>\n\n\n\n<p>27.b\u0159ezna- rozlou\u010den\u00ed\ns&nbsp;branci- Janem Jurovi\u010dem a &nbsp;V\u00e1clavem\nB\u00e1rekem.<\/p>\n\n\n\n<p>29. b\u0159ezna \u2013 v\u00edt\u00e1n\u00ed ob\u010d\u00e1nk\u016f.<\/p>\n\n\n\n<figure class=\"wp-block-image size-large\"><img loading=\"lazy\" decoding=\"async\" width=\"1024\" height=\"489\" src=\"http:\/\/symbivita.cz\/blog\/wp-content\/uploads\/2020\/09\/1981-V\u00edt\u00e1n\u00ed-ob\u010d\u00e1nk\u016f-29.b\u0159ezna-1981-1024x489.jpg\" alt=\"\" class=\"wp-image-990\" srcset=\"https:\/\/symbivita.cz\/blog\/wp-content\/uploads\/2020\/09\/1981-V\u00edt\u00e1n\u00ed-ob\u010d\u00e1nk\u016f-29.b\u0159ezna-1981-1024x489.jpg 1024w, https:\/\/symbivita.cz\/blog\/wp-content\/uploads\/2020\/09\/1981-V\u00edt\u00e1n\u00ed-ob\u010d\u00e1nk\u016f-29.b\u0159ezna-1981-300x143.jpg 300w, https:\/\/symbivita.cz\/blog\/wp-content\/uploads\/2020\/09\/1981-V\u00edt\u00e1n\u00ed-ob\u010d\u00e1nk\u016f-29.b\u0159ezna-1981-768x367.jpg 768w, https:\/\/symbivita.cz\/blog\/wp-content\/uploads\/2020\/09\/1981-V\u00edt\u00e1n\u00ed-ob\u010d\u00e1nk\u016f-29.b\u0159ezna-1981.jpg 1232w\" sizes=\"(max-width: 1024px) 100vw, 1024px\" \/><\/figure>\n\n\n\n<p class=\"has-text-color has-vivid-cyan-blue-color\"><a href=\"https:\/\/cs.wikipedia.org\/wiki\/6._duben\">6.<\/a>&nbsp;\u2013&nbsp;<a href=\"https:\/\/cs.wikipedia.org\/wiki\/10._duben\">10. dubna<\/a>&nbsp;\u2013 V nov\u011b zprovozn\u011bn\u00e9m&nbsp;<a href=\"https:\/\/cs.wikipedia.org\/wiki\/Pal%C3%A1c_kultury\">Pal\u00e1ci kultury<\/a>&nbsp;v Praze se konal&nbsp;<a href=\"https:\/\/cs.wikipedia.org\/wiki\/XVI._sjezd_KS%C4%8C\">XVI. sjezd KS\u010c<\/a>.&nbsp;<\/p>\n\n\n\n<p>12. dubna&nbsp; uspo\u0159\u00e1dalo Mysliveck\u00e9 sdru\u017een\u00ed \u201ePoh\u00e1r osvobozen\u00ed\u201c ve st\u0159elb\u011b na&nbsp; asfaltov\u00e9 ter\u010de. <\/p>\n\n\n\n<p class=\"has-text-color has-vivid-cyan-blue-color\"><a href=\"https:\/\/cs.wikipedia.org\/wiki\/13._duben\">13. dubna<\/a>&nbsp; zem\u0159el <a href=\"https:\/\/cs.wikipedia.org\/wiki\/Ji%C5%99%C3%AD_Schelinger\">Ji\u0159\u00ed Schelinger<\/a>, rockov\u00fd zp\u011bv\u00e1k a muzikant (*&nbsp;<a href=\"https:\/\/cs.wikipedia.org\/wiki\/6._b%C5%99ezen\">6. b\u0159ezna<\/a>&nbsp;<a href=\"https:\/\/cs.wikipedia.org\/wiki\/1951\">1951<\/a>).<\/p>\n\n\n\n<p>15. dubna p\u0159i\u0161ly mrazy a v\u0161echno zmrzlo.<\/p>\n\n\n\n<p>15. dubna- p\u0159ed\u00e1v\u00e1n\u00ed ob\u010dansk\u00fdch pr\u016fkaz\u016f.<\/p>\n\n\n\n<p>30.4. Slib jisker a pion\u00fdr\u016f<\/p>\n\n\n\n<p>&nbsp;V&nbsp;kv\u011btnu p\u0159i\u0161lo\np\u00e1r&nbsp; nezvykle prudk\u00fdch bou\u0159ek a lij\u00e1k\u016f.<\/p>\n\n\n\n<p>1.kv\u011btna oslavil sv\u00e9&nbsp;\n\u017eivotn\u00ed&nbsp; jubileum = 50. narozeniny\np\u0159edseda TJ Dru\u017estevn\u00edk Miroslav B\u00edlek.<\/p>\n\n\n\n<figure class=\"wp-block-image size-large\"><img loading=\"lazy\" decoding=\"async\" width=\"737\" height=\"506\" src=\"http:\/\/symbivita.cz\/blog\/wp-content\/uploads\/2020\/09\/1981-Miroslav-B\u00edlek-1.jpg\" alt=\"\" class=\"wp-image-991\" srcset=\"https:\/\/symbivita.cz\/blog\/wp-content\/uploads\/2020\/09\/1981-Miroslav-B\u00edlek-1.jpg 737w, https:\/\/symbivita.cz\/blog\/wp-content\/uploads\/2020\/09\/1981-Miroslav-B\u00edlek-1-300x206.jpg 300w\" sizes=\"(max-width: 737px) 100vw, 737px\" \/><\/figure>\n\n\n\n<p>M\u00e1jovou z\u00e1bavu po\u0159\u00e1dal S\u010cSP<\/p>\n\n\n\n<p>1.\u010dervna&nbsp; MDD <\/p>\n\n\n\n<p>Prob\u011bhl I.\nro\u010dn\u00edk \u201cNikol\u010dick\u00fdch her\u201c. Dva dny trvalo z\u00e1polen\u00ed ml\u00e1de\u017ee v&nbsp;lehk\u00e9\natletice, plav\u00e1n\u00ed (v&nbsp;baz\u00e9nu v&nbsp;Blu\u010din\u011b) a kopan\u00e9 za \u00fa\u010dasti \u017e\u00e1k\u016f m\u00edstn\u00ed\nZD\u0160, \u017e\u00e1k\u016f z&nbsp;Velk\u00fdch N\u011bm\u010dic a z&nbsp;dru\u017eebn\u00ed \u0161koly v&nbsp;Doln\u00edch\nZelenic\u00edch z&nbsp;okresu Trnava. <\/p>\n\n\n\n<p>Na opl\u00e1tku&nbsp; zaj\u00ed\u017ed\u011bla\nsportovn\u00ed delegace na \u201e Zelenick\u00e9 hry\u201c. Letos tam prob\u00edhal XX. ro\u010dn\u00edk. Za velmi\nhodnotnou sportovn\u00ed akci je t\u0159eba vyslovit uzn\u00e1n\u00ed zejm\u00e9na Miroslavu Strouhalovi\na u\u010diteli Jarom\u00edru \u010cutovi a v\u0161em ostatn\u00edm u\u010ditel\u016fm, kucha\u0159k\u00e1m,&nbsp; t\u00e9\u017e \u010dlenk\u00e1m \u010cS\u017d a \u010cS\u010cK.<\/p>\n\n\n\n<figure class=\"wp-block-image size-large\"><img loading=\"lazy\" decoding=\"async\" width=\"1024\" height=\"361\" src=\"http:\/\/symbivita.cz\/blog\/wp-content\/uploads\/2020\/09\/1981-ZH-1-1024x361.jpg\" alt=\"\" class=\"wp-image-992\" srcset=\"https:\/\/symbivita.cz\/blog\/wp-content\/uploads\/2020\/09\/1981-ZH-1-1024x361.jpg 1024w, https:\/\/symbivita.cz\/blog\/wp-content\/uploads\/2020\/09\/1981-ZH-1-300x106.jpg 300w, https:\/\/symbivita.cz\/blog\/wp-content\/uploads\/2020\/09\/1981-ZH-1-768x270.jpg 768w, https:\/\/symbivita.cz\/blog\/wp-content\/uploads\/2020\/09\/1981-ZH-1.jpg 1193w\" sizes=\"(max-width: 1024px) 100vw, 1024px\" \/><\/figure>\n\n\n\n<figure class=\"wp-block-image size-large\"><img loading=\"lazy\" decoding=\"async\" width=\"814\" height=\"499\" src=\"http:\/\/symbivita.cz\/blog\/wp-content\/uploads\/2020\/09\/1981-ZH-2.jpg\" alt=\"\" class=\"wp-image-993\" srcset=\"https:\/\/symbivita.cz\/blog\/wp-content\/uploads\/2020\/09\/1981-ZH-2.jpg 814w, https:\/\/symbivita.cz\/blog\/wp-content\/uploads\/2020\/09\/1981-ZH-2-300x184.jpg 300w, https:\/\/symbivita.cz\/blog\/wp-content\/uploads\/2020\/09\/1981-ZH-2-768x471.jpg 768w\" sizes=\"(max-width: 814px) 100vw, 814px\" \/><\/figure>\n\n\n\n<figure class=\"wp-block-image size-large\"><img loading=\"lazy\" decoding=\"async\" width=\"1024\" height=\"329\" src=\"http:\/\/symbivita.cz\/blog\/wp-content\/uploads\/2020\/09\/1981-ZH-3-1024x329.jpg\" alt=\"\" class=\"wp-image-994\" srcset=\"https:\/\/symbivita.cz\/blog\/wp-content\/uploads\/2020\/09\/1981-ZH-3-1024x329.jpg 1024w, https:\/\/symbivita.cz\/blog\/wp-content\/uploads\/2020\/09\/1981-ZH-3-300x96.jpg 300w, https:\/\/symbivita.cz\/blog\/wp-content\/uploads\/2020\/09\/1981-ZH-3-768x247.jpg 768w, https:\/\/symbivita.cz\/blog\/wp-content\/uploads\/2020\/09\/1981-ZH-3.jpg 1273w\" sizes=\"(max-width: 1024px) 100vw, 1024px\" \/><\/figure>\n\n\n\n<figure class=\"wp-block-image size-large\"><img loading=\"lazy\" decoding=\"async\" width=\"1024\" height=\"362\" src=\"http:\/\/symbivita.cz\/blog\/wp-content\/uploads\/2020\/09\/1981-ZH-4-1024x362.jpg\" alt=\"\" class=\"wp-image-995\" srcset=\"https:\/\/symbivita.cz\/blog\/wp-content\/uploads\/2020\/09\/1981-ZH-4-1024x362.jpg 1024w, https:\/\/symbivita.cz\/blog\/wp-content\/uploads\/2020\/09\/1981-ZH-4-300x106.jpg 300w, https:\/\/symbivita.cz\/blog\/wp-content\/uploads\/2020\/09\/1981-ZH-4-768x271.jpg 768w, https:\/\/symbivita.cz\/blog\/wp-content\/uploads\/2020\/09\/1981-ZH-4.jpg 1198w\" sizes=\"(max-width: 1024px) 100vw, 1024px\" \/><\/figure>\n\n\n\n<figure class=\"wp-block-image size-large\"><img loading=\"lazy\" decoding=\"async\" width=\"849\" height=\"551\" src=\"http:\/\/symbivita.cz\/blog\/wp-content\/uploads\/2020\/09\/1981-ZH-5.jpg\" alt=\"\" class=\"wp-image-996\" srcset=\"https:\/\/symbivita.cz\/blog\/wp-content\/uploads\/2020\/09\/1981-ZH-5.jpg 849w, https:\/\/symbivita.cz\/blog\/wp-content\/uploads\/2020\/09\/1981-ZH-5-300x195.jpg 300w, https:\/\/symbivita.cz\/blog\/wp-content\/uploads\/2020\/09\/1981-ZH-5-768x498.jpg 768w\" sizes=\"(max-width: 849px) 100vw, 849px\" \/><\/figure>\n\n\n\n<p>Na\u0161i\np\u0159eborn\u00edci:<\/p>\n\n\n\n<p>V\u00edt Koke\u0161 a Lenka Mik\u00e1\u010dov\u00e1 jsou p\u0159eborn\u00edky okresu ve skoku do v\u00fd\u0161ky. V\u00a0lehk\u00e9 atletice na dr\u00e1ze m\u00e1me 3 okresn\u00ed p\u0159eborn\u00edky: Kv\u011btu H\u00e1jkovou a op\u011bt Koke\u0161e a Mik\u00e1\u010dovou.<\/p>\n\n\n\n<figure class=\"wp-block-image size-large\"><img loading=\"lazy\" decoding=\"async\" width=\"1024\" height=\"353\" src=\"http:\/\/symbivita.cz\/blog\/wp-content\/uploads\/2020\/09\/1981-ZH-6-1024x353.jpg\" alt=\"\" class=\"wp-image-997\" srcset=\"https:\/\/symbivita.cz\/blog\/wp-content\/uploads\/2020\/09\/1981-ZH-6-1024x353.jpg 1024w, https:\/\/symbivita.cz\/blog\/wp-content\/uploads\/2020\/09\/1981-ZH-6-300x103.jpg 300w, https:\/\/symbivita.cz\/blog\/wp-content\/uploads\/2020\/09\/1981-ZH-6-768x265.jpg 768w, https:\/\/symbivita.cz\/blog\/wp-content\/uploads\/2020\/09\/1981-ZH-6.jpg 1250w\" sizes=\"(max-width: 1024px) 100vw, 1024px\" \/><\/figure>\n\n\n\n<p class=\"has-text-color has-vivid-cyan-blue-color\"><a href=\"https:\/\/cs.wikipedia.org\/wiki\/5._%C4%8Derven\">5.<\/a>&nbsp;\u2013&nbsp;<a href=\"https:\/\/cs.wikipedia.org\/wiki\/6._%C4%8Derven\">6. \u010dervna<\/a>&nbsp;\u2013 Konaly se v\u0161eobecn\u00e9&nbsp;<a href=\"https:\/\/cs.wikipedia.org\/wiki\/Volby_do_Sn%C4%9Bmovny_lidu_Feder%C3%A1ln%C3%ADho_shrom%C3%A1%C5%BEd%C4%9Bn%C3%AD_1981\">volby do Feder\u00e1ln\u00edho shrom\u00e1\u017ed\u011bn\u00ed<\/a>,&nbsp;<a href=\"https:\/\/cs.wikipedia.org\/wiki\/Volby_do_%C4%8Cesk%C3%A9_n%C3%A1rodn%C3%AD_rady_1981\">n\u00e1rodn\u00edch rad<\/a>&nbsp;a&nbsp;<a href=\"https:\/\/cs.wikipedia.org\/wiki\/Volby_do_zastupitelsk%C3%BDch_org%C3%A1n%C5%AF_%C4%8Ceskoslovenska_1981\">v\u0161ech stup\u0148\u016f n\u00e1rodn\u00edch v\u00fdbor\u016f<\/a>. V\u00fdsledky nebyly nijak p\u0159ekvapiv\u00e9 \u2013 volebn\u00ed \u00fa\u010dast i pod\u00edl hlas\u016f pro kandid\u00e1tku&nbsp;<a href=\"https:\/\/cs.wikipedia.org\/wiki\/N%C3%A1rodn%C3%AD_fronta_%C4%8Cech%C5%AF_a_Slov%C3%A1k%C5%AF\">N\u00e1rodn\u00ed fronty<\/a>&nbsp;p\u0159esahovaly 99,5&nbsp;%<\/p>\n\n\n\n<p>5.a 6. \u010dervna prob\u00edhaly&nbsp;\nvolby tak\u00e9 u n\u00e1s,&nbsp; v&nbsp;s\u00e1le\nOsv\u011btov\u00e9 besedy.<\/p>\n\n\n\n<p>M\u00edstn\u00ed volebn\u00ed komise&nbsp;\nm\u011bla&nbsp; doz\u00edrat na dodr\u017eov\u00e1n\u00ed\np\u0159edpis\u016f o volb\u00e1ch,&nbsp; registrovat navr\u017een\u00e9\nkandid\u00e1ty\u2026.<\/p>\n\n\n\n<p>Kv\u011bta Petrlov\u00e1 \u010d. 121- P\u0159edsedkyn\u011b<\/p>\n\n\n\n<p>V\u011bra Barto\u0148kov\u00e1 \u010d.230- m\u00edstop\u0159edsedkyn\u011b<\/p>\n\n\n\n<p>Libu\u0161e Brychtov\u00e1 \u010d. 29- tajemnice<\/p>\n\n\n\n<p>Anton\u00edn Mat\u00fd\u0161ek \u010d.33- \u010dlen<\/p>\n\n\n\n<p>Josef&nbsp; V\u00e1lek \u010d. 16- \u010dlen<\/p>\n\n\n\n<p>V&nbsp;obci byl jen jeden volebn\u00ed okrsek (Nikol\u010dice + Nov\u00fd\nDv\u016fr). V&nbsp;den voleb p\u0159evzala ve\u0161kerou starost o volby volebn\u00ed komise:<\/p>\n\n\n\n<p>P\u0159edseda \u2013 Milan Mik\u00e1\u010d \u010d. 40<\/p>\n\n\n\n<p>M\u00edstop\u0159edseda- Anton\u00edn Petrla \u010d. 121<\/p>\n\n\n\n<p>Tajemnice- Jind\u0159i\u0161ka Matulov\u00e1 \u010d.257<\/p>\n\n\n\n<p>\u010clenov\u00e9: Jaroslav Urb\u00e1nek \u010d.245, Milo\u0161 Sedl\u00e1k \u010d.27,\nMiroslav Svoboda \u010d.45, Zdena Walterov\u00e1 \u010d. 256.<\/p>\n\n\n\n<p>Kandid\u00e1ti do MNV v&nbsp;Nikol\u010dic\u00edch:<\/p>\n\n\n\n<ol><li>Miroslav\nBarton\u011bk, 46 let, technik<\/li><li>Miroslav\nB\u00edlek, 29 let, \u0159idi\u010d<\/li><li>Josef\nByst\u0159ick\u00fd, 31 let, \u0159idi\u010d<\/li><li>Ji\u0159\u00ed\nDost\u00e1l,23 let, stola\u0159<\/li><li>Zdenka\nDost\u00e1lov\u00e1, 52 let, \u0159editelka \u0161koly<\/li><li>Old\u0159i\u0161ka\nFialov\u00e1, 42 let, ukl\u00edze\u010dka<\/li><li>Ing.\nV\u00e1clav Hlav\u00e1\u010dek, 28 let. Technik<\/li><li>Marie\nCharv\u00e1tov\u00e1, 45 let, v&nbsp;dom\u00e1cnosti<\/li><li>Jan\nJel\u00ednek, 34 let, elektromont\u00e9r<\/li><li>Ing. Helena Koke\u0161ov\u00e1, 35 let, vedouc\u00ed PaM\nv&nbsp;JZD<\/li><li>Ing. Vojt\u011bch Kone\u010dn\u00fd, 33 let, pl\u00e1nova\u010d<\/li><li>Franti\u0161ek Koutn\u00fd, 49 let, stola\u0159<\/li><li>Franti\u0161ek Koz\u00e1k, 41 let, z\u00e1me\u010dn\u00edk<\/li><li>Ing. Jan Matula,32 let, ekonom<\/li><li>Jan Mik\u00e1\u010d, 41 let, \u0159idi\u010d<\/li><li>V\u011bra Mik\u00e1\u010dov\u00e1, 35 let, \u00fa\u010detn\u00ed<\/li><li>Miroslav Mnacakanov, 43 let, technik<\/li><li>Jarom\u00edr Ne\u010das, 42 let, d\u011bln\u00edk<\/li><li>Josef Neuberg, 30 let, traktorista<\/li><li>V\u00e1clav Svoboda, 35 let, automechanik<\/li><li>Franti\u0161ka Svobodov\u00e1, 35 let, pracovnice&nbsp; \u017eivo\u010di\u0161n\u00e9&nbsp;\nv\u00fdroby<\/li><li>Marie \u0160pa\u010dkov\u00e1, 25 let, d\u011blnice<\/li><li>Ji\u0159\u00ed \u0160\u0165av\u00edk, 24 let, d\u011bln\u00edk<\/li><li>Jana \u0160u\u0161nov\u00e1, 23 let, technik<\/li><li>Pavel Urb\u00e1nek, 33 let, technik<\/li><li>Alfr\u00e9d Walter, 30 let, d\u011bln\u00edk<\/li><li>Anton\u00edn Zoubek, 30 let, elektromont\u00e9r<\/li><\/ol>\n\n\n\n<p>Kandid\u00e1t do ONV v&nbsp;B\u0159eclavi:<\/p>\n\n\n\n<p>&nbsp;&nbsp;&nbsp;&nbsp;&nbsp;&nbsp; Josef Jel\u00ednek,\n34 let, strojn\u00ed z\u00e1me\u010dn\u00edk<\/p>\n\n\n\n<p>Kandid\u00e1t&nbsp; do KNV v&nbsp;Brn\u011b:<\/p>\n\n\n\n<p>&nbsp;&nbsp;&nbsp;&nbsp;&nbsp;&nbsp;&nbsp;&nbsp; Josef\nP\u0159ibyl, 35 let, technik STS<\/p>\n\n\n\n<p>Kandid\u00e1t do \u010cNR:<\/p>\n\n\n\n<p>&nbsp;&nbsp;&nbsp;&nbsp;&nbsp;&nbsp;&nbsp;&nbsp; Ing.\nVladim\u00edra Pe\u0159inov\u00e1, 37 let, agronomka<\/p>\n\n\n\n<p>Kandid\u00e1t do SnFS:<\/p>\n\n\n\n<p>&nbsp;&nbsp;&nbsp;&nbsp;&nbsp;&nbsp;&nbsp; Ing. Dana\nKanc\u00edrov\u00e1, 40 let, p\u0159edsedkyn\u011b&nbsp; JZD<\/p>\n\n\n\n<p>V\u0161ichni navr\u017een\u00ed kandid\u00e1ti byli zvoleni .<\/p>\n\n\n\n<p>&nbsp;Do rady MNV byli\nzvoleni:<\/p>\n\n\n\n<p>Miroslav Mnacakanov \u010d. 255- p\u0159edseda ( uvoln\u011bn\u00fd)<\/p>\n\n\n\n<p>Miroslav B\u00edlek \u010d. 257- m\u00edstop\u0159edseda<\/p>\n\n\n\n<p>Pavel Urb\u00e1nek \u010d 46- tajemn\u00edk<\/p>\n\n\n\n<p>Miroslav Barton\u011bk \u010d. 230- \u010dlen<\/p>\n\n\n\n<p>Jan Mik\u00e1\u010d \u010d. 80- \u010dlen<\/p>\n\n\n\n<p>&nbsp;Ing. H.\nKoke\u0161ov\u00e1&nbsp; \u010d. 4- \u010dlenka<\/p>\n\n\n\n<p>Zde\u0148ka Dost\u00e1lov\u00e1 \u010d. 79- \u010dlenka<\/p>\n\n\n\n<p>Ing. V. Kone\u010dn\u00fd \u010d. 39- \u010dlen<\/p>\n\n\n\n<p>Ing. Jan Matula \u010d. 257- \u010dlen<\/p>\n\n\n\n<p>14. \u010dervna&nbsp; se konaly\nna parkuru u koupali\u0161t\u011b tradi\u010dn\u00ed jezdeck\u00e9 z\u00e1vody.<\/p>\n\n\n\n<figure class=\"wp-block-image size-large\"><img loading=\"lazy\" decoding=\"async\" width=\"606\" height=\"216\" src=\"http:\/\/symbivita.cz\/blog\/wp-content\/uploads\/2020\/09\/1981-parkur.jpg\" alt=\"\" class=\"wp-image-998\" srcset=\"https:\/\/symbivita.cz\/blog\/wp-content\/uploads\/2020\/09\/1981-parkur.jpg 606w, https:\/\/symbivita.cz\/blog\/wp-content\/uploads\/2020\/09\/1981-parkur-300x107.jpg 300w\" sizes=\"(max-width: 606px) 100vw, 606px\" \/><\/figure>\n\n\n\n<p>N\u00e1\u0161&nbsp; jezdeck\u00fd&nbsp; odd\u00edl si v&nbsp;letech 1980, 81 a 82,\ntedy&nbsp; t\u0159ikr\u00e1t po sob\u011b z\u00edskal prvn\u00ed m\u00edsto\nv&nbsp;dru\u017estvech&nbsp; dosp\u011bl\u00fdch na\ncelost\u00e1tn\u00edm mistrovstv\u00ed v&nbsp;De\u0161tn\u00e9 ( nejl\u00e9pe si vedli Josef Val\u00ed\u010dek na\nDaliborovi a K. R\u016f\u017ei\u010dka na Arp\u00e1dovi). \u00dasp\u011b\u0161n\u00fdm vozatajem je t\u00e9\u017e Ji\u0159\u00ed R\u00e1\u010dek. Do\nfin\u00e1le v&nbsp;Humpolci se probojovalo&nbsp;\ntak\u00e9 jeho \u010dty\u0159sp\u0159e\u017e\u00ed. <\/p>\n\n\n\n<p>Od za\u010d\u00e1tku vede K. R\u016f\u017ei\u010dka \u017e\u00e1kovsk\u00fd krou\u017eek, kter\u00fd m\u00e1 kolem\n10-14 \u010dlen\u016f.<\/p>\n\n\n\n<p>Nejslavn\u011bj\u0161\u00ed kon\u011b: Arp\u00e1d, Bylnice, Dalibor, Mandra.<\/p>\n\n\n\n<p>Nikol\u010dick\u00fd chov pat\u0159\u00ed k&nbsp;nejlep\u0161\u00edm na Morav\u011b. Na\u0161i kon\u011b\nb\u00fdvaj\u00ed \u00fasp\u011b\u0161n\u00ed na auk\u010dn\u00edch&nbsp; trz\u00edch. Ji\u017e\nt\u0159i kon\u011b&nbsp; od n\u00e1s jezd\u00ed a sk\u00e1\u010dou\nv&nbsp;Rakousku.<\/p>\n\n\n\n<p>( N\u010c I str. 78)<\/p>\n\n\n\n<figure class=\"wp-block-image size-large\"><img loading=\"lazy\" decoding=\"async\" width=\"1007\" height=\"387\" src=\"http:\/\/symbivita.cz\/blog\/wp-content\/uploads\/2020\/09\/Mandra-a-Topas.jpg\" alt=\"\" class=\"wp-image-999\" srcset=\"https:\/\/symbivita.cz\/blog\/wp-content\/uploads\/2020\/09\/Mandra-a-Topas.jpg 1007w, https:\/\/symbivita.cz\/blog\/wp-content\/uploads\/2020\/09\/Mandra-a-Topas-300x115.jpg 300w, https:\/\/symbivita.cz\/blog\/wp-content\/uploads\/2020\/09\/Mandra-a-Topas-768x295.jpg 768w\" sizes=\"(max-width: 1007px) 100vw, 1007px\" \/><\/figure>\n\n\n\n<p>Odd\u00edl kopan\u00e9 vyhr\u00e1l naprosto suver\u00e9nn\u011b&nbsp; jarn\u00ed kolo ve III. t\u0159\u00edd\u011b a od podzimu&nbsp; hraje v&nbsp;okresn\u00edm p\u0159eboru.<\/p>\n\n\n\n<figure class=\"wp-block-image size-large\"><img loading=\"lazy\" decoding=\"async\" width=\"708\" height=\"410\" src=\"http:\/\/symbivita.cz\/blog\/wp-content\/uploads\/2020\/09\/1981-Okresn\u00ed-p\u0159ebor.jpg\" alt=\"\" class=\"wp-image-1000\" srcset=\"https:\/\/symbivita.cz\/blog\/wp-content\/uploads\/2020\/09\/1981-Okresn\u00ed-p\u0159ebor.jpg 708w, https:\/\/symbivita.cz\/blog\/wp-content\/uploads\/2020\/09\/1981-Okresn\u00ed-p\u0159ebor-300x174.jpg 300w\" sizes=\"(max-width: 708px) 100vw, 708px\" \/><\/figure>\n\n\n\n<p>Kle\u010d\u00edc\u00ed: Byst\u0159ick\u00fd J., Fiala J., Kul\u00ed\u0161ek J., \u010cuta J., Sedlo\nZ.<\/p>\n\n\n\n<p>Stoj\u00edc\u00ed: Vedouc\u00ed Jel\u00ednek J., Ne\u010das R., Jel\u00ednek J., \u0160\u0165av\u00edk\nJ., Hrabec J., Boh\u00e1\u010dek O., Ing.Hrouzek J., Barton\u011bk R.<\/p>\n\n\n\n<p>Sbor pro ob\u010dansk\u00e9&nbsp;\nz\u00e1le\u017eitosti ( Dost\u00e1lov\u00e1 Zde\u0148ka, Mik\u00e1\u010dov\u00e1 V\u011bra, Fialov\u00e1 Old\u0159i\u0161ka,\nCharv\u00e1tov\u00e1 M., Brychtov\u00e1 Milu\u0161e, Mnacakanov\u00e1 Bo\u017eena, Kaplanov\u00e1 Bo\u017eena,\nDrab\u00e1lkov\u00e1 Vlasta) uspo\u0159\u00e1dal&nbsp; 3 x&nbsp; v\u00edt\u00e1n\u00ed ob\u010d\u00e1nk\u016f, dv\u011b besedy s&nbsp;branci,\nslib pion\u00fdr\u016f a jisker, p\u0159ed\u00e1n\u00ed ob\u010dansk\u00fdch pr\u016fkaz\u016f patn\u00e1ctilet\u00fdm, rozlou\u010den\u00ed se&nbsp; \u0161kolou, v\u00edt\u00e1n\u00ed prv\u0148\u00e1\u010dk\u016f, zlat\u00e9 svatby a\nzaji\u0161\u0165uje blahop\u0159\u00e1n\u00ed k&nbsp;v\u00fdro\u010d\u00edm star\u0161\u00edch ob\u010dan\u016f.<\/p>\n\n\n\n<figure class=\"wp-block-image size-large is-resized\"><img loading=\"lazy\" decoding=\"async\" src=\"http:\/\/symbivita.cz\/blog\/wp-content\/uploads\/2020\/09\/1981-p.Mik\u00e1\u010dov\u00e1.jpg\" alt=\"\" class=\"wp-image-1001\" width=\"522\" height=\"383\" srcset=\"https:\/\/symbivita.cz\/blog\/wp-content\/uploads\/2020\/09\/1981-p.Mik\u00e1\u010dov\u00e1.jpg 773w, https:\/\/symbivita.cz\/blog\/wp-content\/uploads\/2020\/09\/1981-p.Mik\u00e1\u010dov\u00e1-300x220.jpg 300w, https:\/\/symbivita.cz\/blog\/wp-content\/uploads\/2020\/09\/1981-p.Mik\u00e1\u010dov\u00e1-768x564.jpg 768w\" sizes=\"(max-width: 522px) 100vw, 522px\" \/><\/figure>\n\n\n\n<p>30. \u010dervna SPOZ &#8211; rozlou\u010den\u00ed s&nbsp;vych\u00e1zej\u00edc\u00edmi \u017e\u00e1ky.<\/p>\n\n\n\n<p>Hody a hodovou z\u00e1bavu uspo\u0159\u00e1dali spole\u010dn\u011b svaz\u00e1ci a \u010cS\u017d.<\/p>\n\n\n\n<p>\u010cervenec&nbsp; byl such\u00fd a\nvyprahl\u00fd.<\/p>\n\n\n\n<p>4.a 5. \u010dervence&nbsp; byl\nuspo\u0159\u00e1d\u00e1n autobusov\u00fd z\u00e1jezd hr\u00e1\u010d\u016f I. mu\u017estva a&nbsp;\nrodinn\u00fdch&nbsp; p\u0159\u00edslu\u0161n\u00edk\u016f do\n\u010cernovic. Na\u0161i hr\u00e1\u010di tam tak\u00e9 sehr\u00e1li p\u0159\u00e1telsk\u00fd z\u00e1pas, p\u0159i kter\u00e9m dom\u00e1c\u00ed\nvyhr\u00e1li 2:1.<\/p>\n\n\n\n<p>10. \u010dervence za\u010daly \u017en\u011b. Ale pak p\u0159i\u0161lo obdob\u00ed de\u0161\u0165\u016f a\npr\u016fb\u011bh&nbsp; \u017en\u00ed se zkomplikoval. Ztr\u00e1ty se\nzmno\u017eily.<\/p>\n\n\n\n<p>Svaz\u00e1ci uspo\u0159\u00e1dali kate\u0159inskou tane\u010dn\u00ed z\u00e1bavu.<\/p>\n\n\n\n<p>2.srpna II. ro\u010dn\u00edk Memori\u00e1lu Boh\u00e1\u010dka Josefa.<\/p>\n\n\n\n<figure class=\"wp-block-image size-large\"><img loading=\"lazy\" decoding=\"async\" width=\"721\" height=\"447\" src=\"http:\/\/symbivita.cz\/blog\/wp-content\/uploads\/2020\/09\/1981-memori\u00e1l-1.jpg\" alt=\"\" class=\"wp-image-1002\" srcset=\"https:\/\/symbivita.cz\/blog\/wp-content\/uploads\/2020\/09\/1981-memori\u00e1l-1.jpg 721w, https:\/\/symbivita.cz\/blog\/wp-content\/uploads\/2020\/09\/1981-memori\u00e1l-1-300x186.jpg 300w\" sizes=\"(max-width: 721px) 100vw, 721px\" \/><figcaption> Na obr\u00e1zku jsou mu\u017estva Nikol\u010dic a K\u0159epic. <\/figcaption><\/figure>\n\n\n\n<figure class=\"wp-block-image size-large\"><img loading=\"lazy\" decoding=\"async\" width=\"717\" height=\"430\" src=\"http:\/\/symbivita.cz\/blog\/wp-content\/uploads\/2020\/09\/1981-memori\u00e1l-2.jpg\" alt=\"\" class=\"wp-image-1003\" srcset=\"https:\/\/symbivita.cz\/blog\/wp-content\/uploads\/2020\/09\/1981-memori\u00e1l-2.jpg 717w, https:\/\/symbivita.cz\/blog\/wp-content\/uploads\/2020\/09\/1981-memori\u00e1l-2-300x180.jpg 300w\" sizes=\"(max-width: 717px) 100vw, 717px\" \/><figcaption> <br> Na obr\u00e1zku jsou mu\u017estva Velk\u00fdch N\u011bm\u010dic a \u0160itbo\u0159ic. <\/figcaption><\/figure>\n\n\n\n<p>28.srpna se\nkonala v\u00fdstava obecn\u00ed kroniky. Kolem sta ob\u010dan\u016f si p\u0159i\u0161lo prohl\u00e9dnout starou i\nnovou kroniku, jako\u017e i bohat\u00fd dokumenta\u010dn\u00ed materi\u00e1l z&nbsp;arch\u00edvu kronik\u00e1\u0159e.\nKulturn\u00ed program se skl\u00e1dal z&nbsp;vystoupen\u00ed d\u011bt\u00ed, svaz\u00e1k\u016f a p\u011bveck\u00e9ho krou\u017eku\n\u010cS\u017d. B\u00fdval\u00fd nikol\u010dick\u00fd ob\u010dan, spolupracovn\u00edk kronik\u00e1\u0159e p. Franti\u0161ek Stejskal z\nHodon\u00edna pronesl velmi p\u011bkn\u00fd projev.<\/p>\n\n\n\n<p>Katolick\u00fdm far\u00e1\u0159em je v&nbsp;Nikol\u010dic\u00edch a Div\u00e1k\u00e1ch Karel\nMach nar. 1924 v&nbsp;Byst\u0159ici nad Pern\u0161tejnem.<\/p>\n\n\n\n<p>Z\u00e1\u0159\u00ed bylo zase&nbsp; vedro\na sucho. To znamenalo sn\u00ed\u017een\u00ed v\u00fdnosu kuku\u0159ice a cukrovky.<\/p>\n\n\n\n<p>1.z\u00e1\u0159\u00ed za\u010dal \u0161koln\u00ed rok 1981\/82<\/p>\n\n\n\n<p>U\u010ditelsk\u00fd\nsbor:<\/p>\n\n\n\n<p>\u0158editelka &#8211;\nZde\u0148ka Dost\u00e1lov\u00e1, z\u00e1stupkyn\u011b Drahom\u00edra \u010cern\u00e1.<\/p>\n\n\n\n<p>V.\nDrab\u00e1lkov\u00e1, L. Drndav\u00e1, H. F\u00edlov\u00e1, H. Pavlack\u00e1, M. Ba\u017eantov\u00e1, J. \u010cern\u00fd, J.\nKul\u00ed\u0161kov\u00e1, J. Bulant, Z. Stossov\u00e1, J. \u010cuta, M. Strouhal.<\/p>\n\n\n\n<p>Pro u\u010ditele\nnejsou byty. V&nbsp;obci bydl\u00ed 3 u\u010ditel\u00e9, p\u0159echodn\u011b dva, ostatn\u00ed doj\u00ed\u017ed\u011bj\u00ed\nz&nbsp;Brna, Velk\u00fdch N\u011bm\u010dic, \u0160itbo\u0159ic, Rajhradu a z&nbsp;Hustope\u010d\u00ed.<\/p>\n\n\n\n<figure class=\"wp-block-image size-large\"><img loading=\"lazy\" decoding=\"async\" width=\"829\" height=\"618\" src=\"http:\/\/symbivita.cz\/blog\/wp-content\/uploads\/2020\/09\/81-82-u\u010ditel\u00e92.jpg\" alt=\"\" class=\"wp-image-1004\" srcset=\"https:\/\/symbivita.cz\/blog\/wp-content\/uploads\/2020\/09\/81-82-u\u010ditel\u00e92.jpg 829w, https:\/\/symbivita.cz\/blog\/wp-content\/uploads\/2020\/09\/81-82-u\u010ditel\u00e92-300x224.jpg 300w, https:\/\/symbivita.cz\/blog\/wp-content\/uploads\/2020\/09\/81-82-u\u010ditel\u00e92-768x573.jpg 768w\" sizes=\"(max-width: 829px) 100vw, 829px\" \/><\/figure>\n\n\n\n<figure class=\"wp-block-image size-large\"><img loading=\"lazy\" decoding=\"async\" width=\"831\" height=\"616\" src=\"http:\/\/symbivita.cz\/blog\/wp-content\/uploads\/2020\/09\/81-82-3.t\u0159\u00edda.jpg\" alt=\"\" class=\"wp-image-1005\" srcset=\"https:\/\/symbivita.cz\/blog\/wp-content\/uploads\/2020\/09\/81-82-3.t\u0159\u00edda.jpg 831w, https:\/\/symbivita.cz\/blog\/wp-content\/uploads\/2020\/09\/81-82-3.t\u0159\u00edda-300x222.jpg 300w, https:\/\/symbivita.cz\/blog\/wp-content\/uploads\/2020\/09\/81-82-3.t\u0159\u00edda-768x569.jpg 768w\" sizes=\"(max-width: 831px) 100vw, 831px\" \/><\/figure>\n\n\n\n<figure class=\"wp-block-image size-large\"><img loading=\"lazy\" decoding=\"async\" width=\"841\" height=\"608\" src=\"http:\/\/symbivita.cz\/blog\/wp-content\/uploads\/2020\/09\/81-82-4.t\u0159\u00edda.jpg\" alt=\"\" class=\"wp-image-1006\" srcset=\"https:\/\/symbivita.cz\/blog\/wp-content\/uploads\/2020\/09\/81-82-4.t\u0159\u00edda.jpg 841w, https:\/\/symbivita.cz\/blog\/wp-content\/uploads\/2020\/09\/81-82-4.t\u0159\u00edda-300x217.jpg 300w, https:\/\/symbivita.cz\/blog\/wp-content\/uploads\/2020\/09\/81-82-4.t\u0159\u00edda-768x555.jpg 768w\" sizes=\"(max-width: 841px) 100vw, 841px\" \/><\/figure>\n\n\n\n<figure class=\"wp-block-image size-large\"><img loading=\"lazy\" decoding=\"async\" width=\"839\" height=\"611\" src=\"http:\/\/symbivita.cz\/blog\/wp-content\/uploads\/2020\/09\/81-82-5.t\u0159\u00edda.jpg\" alt=\"\" class=\"wp-image-1007\" srcset=\"https:\/\/symbivita.cz\/blog\/wp-content\/uploads\/2020\/09\/81-82-5.t\u0159\u00edda.jpg 839w, https:\/\/symbivita.cz\/blog\/wp-content\/uploads\/2020\/09\/81-82-5.t\u0159\u00edda-300x218.jpg 300w, https:\/\/symbivita.cz\/blog\/wp-content\/uploads\/2020\/09\/81-82-5.t\u0159\u00edda-768x559.jpg 768w\" sizes=\"(max-width: 839px) 100vw, 839px\" \/><\/figure>\n\n\n\n<figure class=\"wp-block-image size-large\"><img loading=\"lazy\" decoding=\"async\" width=\"844\" height=\"607\" src=\"http:\/\/symbivita.cz\/blog\/wp-content\/uploads\/2020\/09\/81-82-6.A.jpg\" alt=\"\" class=\"wp-image-1008\" srcset=\"https:\/\/symbivita.cz\/blog\/wp-content\/uploads\/2020\/09\/81-82-6.A.jpg 844w, https:\/\/symbivita.cz\/blog\/wp-content\/uploads\/2020\/09\/81-82-6.A-300x216.jpg 300w, https:\/\/symbivita.cz\/blog\/wp-content\/uploads\/2020\/09\/81-82-6.A-768x552.jpg 768w\" sizes=\"(max-width: 844px) 100vw, 844px\" \/><\/figure>\n\n\n\n<figure class=\"wp-block-image size-large\"><img loading=\"lazy\" decoding=\"async\" width=\"846\" height=\"605\" src=\"http:\/\/symbivita.cz\/blog\/wp-content\/uploads\/2020\/09\/81-82-6.B.jpg\" alt=\"\" class=\"wp-image-1009\" srcset=\"https:\/\/symbivita.cz\/blog\/wp-content\/uploads\/2020\/09\/81-82-6.B.jpg 846w, https:\/\/symbivita.cz\/blog\/wp-content\/uploads\/2020\/09\/81-82-6.B-300x215.jpg 300w, https:\/\/symbivita.cz\/blog\/wp-content\/uploads\/2020\/09\/81-82-6.B-768x549.jpg 768w\" sizes=\"(max-width: 846px) 100vw, 846px\" \/><\/figure>\n\n\n\n<figure class=\"wp-block-image size-large\"><img loading=\"lazy\" decoding=\"async\" width=\"847\" height=\"605\" src=\"http:\/\/symbivita.cz\/blog\/wp-content\/uploads\/2020\/09\/81-82-7.A.jpg\" alt=\"\" class=\"wp-image-1010\" srcset=\"https:\/\/symbivita.cz\/blog\/wp-content\/uploads\/2020\/09\/81-82-7.A.jpg 847w, https:\/\/symbivita.cz\/blog\/wp-content\/uploads\/2020\/09\/81-82-7.A-300x214.jpg 300w, https:\/\/symbivita.cz\/blog\/wp-content\/uploads\/2020\/09\/81-82-7.A-768x549.jpg 768w\" sizes=\"(max-width: 847px) 100vw, 847px\" \/><\/figure>\n\n\n\n<figure class=\"wp-block-image size-large\"><img loading=\"lazy\" decoding=\"async\" width=\"850\" height=\"602\" src=\"http:\/\/symbivita.cz\/blog\/wp-content\/uploads\/2020\/09\/81-82-7.B.jpg\" alt=\"\" class=\"wp-image-1011\" srcset=\"https:\/\/symbivita.cz\/blog\/wp-content\/uploads\/2020\/09\/81-82-7.B.jpg 850w, https:\/\/symbivita.cz\/blog\/wp-content\/uploads\/2020\/09\/81-82-7.B-300x212.jpg 300w, https:\/\/symbivita.cz\/blog\/wp-content\/uploads\/2020\/09\/81-82-7.B-768x544.jpg 768w\" sizes=\"(max-width: 850px) 100vw, 850px\" \/><\/figure>\n\n\n\n<figure class=\"wp-block-image size-large\"><img loading=\"lazy\" decoding=\"async\" width=\"844\" height=\"607\" src=\"http:\/\/symbivita.cz\/blog\/wp-content\/uploads\/2020\/09\/81-82-8.A.jpg\" alt=\"\" class=\"wp-image-1012\" srcset=\"https:\/\/symbivita.cz\/blog\/wp-content\/uploads\/2020\/09\/81-82-8.A.jpg 844w, https:\/\/symbivita.cz\/blog\/wp-content\/uploads\/2020\/09\/81-82-8.A-300x216.jpg 300w, https:\/\/symbivita.cz\/blog\/wp-content\/uploads\/2020\/09\/81-82-8.A-768x552.jpg 768w\" sizes=\"(max-width: 844px) 100vw, 844px\" \/><\/figure>\n\n\n\n<figure class=\"wp-block-image size-large\"><img loading=\"lazy\" decoding=\"async\" width=\"841\" height=\"609\" src=\"http:\/\/symbivita.cz\/blog\/wp-content\/uploads\/2020\/09\/81-82-9.t\u0159\u00edda.jpg\" alt=\"\" class=\"wp-image-1013\" srcset=\"https:\/\/symbivita.cz\/blog\/wp-content\/uploads\/2020\/09\/81-82-9.t\u0159\u00edda.jpg 841w, https:\/\/symbivita.cz\/blog\/wp-content\/uploads\/2020\/09\/81-82-9.t\u0159\u00edda-300x217.jpg 300w, https:\/\/symbivita.cz\/blog\/wp-content\/uploads\/2020\/09\/81-82-9.t\u0159\u00edda-768x556.jpg 768w\" sizes=\"(max-width: 841px) 100vw, 841px\" \/><\/figure>\n\n\n\n<figure class=\"wp-block-image size-large\"><img loading=\"lazy\" decoding=\"async\" width=\"481\" height=\"340\" src=\"http:\/\/symbivita.cz\/blog\/wp-content\/uploads\/2020\/09\/1981-M\u0160.jpg\" alt=\"\" class=\"wp-image-1014\" srcset=\"https:\/\/symbivita.cz\/blog\/wp-content\/uploads\/2020\/09\/1981-M\u0160.jpg 481w, https:\/\/symbivita.cz\/blog\/wp-content\/uploads\/2020\/09\/1981-M\u0160-300x212.jpg 300w\" sizes=\"(max-width: 481px) 100vw, 481px\" \/><figcaption>M\u0160<\/figcaption><\/figure>\n\n\n\n<p>\u017d\u00e1ci a u\u010ditel\u00e9 chod\u00ed na j\u00eddlo do nov\u00e9 j\u00eddelny\nv&nbsp;mate\u0159sk\u00e9 \u0161kole.<\/p>\n\n\n\n<p>20. z\u00e1\u0159\u00ed- v\u00edt\u00e1n\u00ed ob\u010d\u00e1nk\u016f.<\/p>\n\n\n\n<figure class=\"wp-block-image size-large\"><img loading=\"lazy\" decoding=\"async\" width=\"605\" height=\"218\" src=\"http:\/\/symbivita.cz\/blog\/wp-content\/uploads\/2020\/09\/1981-V\u00edt\u00e1n\u00ed-ob\u010d\u00e1nk\u016f-20.z\u00e1\u0159\u00ed.jpg\" alt=\"\" class=\"wp-image-1015\" srcset=\"https:\/\/symbivita.cz\/blog\/wp-content\/uploads\/2020\/09\/1981-V\u00edt\u00e1n\u00ed-ob\u010d\u00e1nk\u016f-20.z\u00e1\u0159\u00ed.jpg 605w, https:\/\/symbivita.cz\/blog\/wp-content\/uploads\/2020\/09\/1981-V\u00edt\u00e1n\u00ed-ob\u010d\u00e1nk\u016f-20.z\u00e1\u0159\u00ed-300x108.jpg 300w\" sizes=\"(max-width: 605px) 100vw, 605px\" \/><\/figure>\n\n\n\n<p>V&nbsp;\u0159\u00edjnu byly pl\u00edskanice, kter\u00e9 zhor\u0161ily podm\u00ednky pro\nsklize\u0148, leckde zamrzla \u0159epa a brambory, sklize\u0148 prob\u00edhala ve sn\u011bhu, ru\u010dn\u011b..\nna\u0161i ob\u010dan\u00e9&nbsp; jezdili na v\u00fdpomoc do\nBoleradic.<\/p>\n\n\n\n<p>&nbsp;Vinn\u00fdch hrozn\u016f se\nurodilo m\u00e9n\u011b ne\u017e jindy, zato dob\u0159e vyzr\u00e1ly- sladkost kolem 20 st.<\/p>\n\n\n\n<figure class=\"wp-block-image size-large\"><img loading=\"lazy\" decoding=\"async\" width=\"786\" height=\"552\" src=\"http:\/\/symbivita.cz\/blog\/wp-content\/uploads\/2020\/09\/1981-vina\u0159i-katalog-I.jpg\" alt=\"\" class=\"wp-image-1016\" srcset=\"https:\/\/symbivita.cz\/blog\/wp-content\/uploads\/2020\/09\/1981-vina\u0159i-katalog-I.jpg 786w, https:\/\/symbivita.cz\/blog\/wp-content\/uploads\/2020\/09\/1981-vina\u0159i-katalog-I-300x211.jpg 300w, https:\/\/symbivita.cz\/blog\/wp-content\/uploads\/2020\/09\/1981-vina\u0159i-katalog-I-768x539.jpg 768w\" sizes=\"(max-width: 786px) 100vw, 786px\" \/><\/figure>\n\n\n\n<figure class=\"wp-block-image size-large\"><img loading=\"lazy\" decoding=\"async\" width=\"786\" height=\"552\" src=\"http:\/\/symbivita.cz\/blog\/wp-content\/uploads\/2020\/09\/1981-vina\u0159i-katalog-II.jpg\" alt=\"\" class=\"wp-image-1017\" srcset=\"https:\/\/symbivita.cz\/blog\/wp-content\/uploads\/2020\/09\/1981-vina\u0159i-katalog-II.jpg 786w, https:\/\/symbivita.cz\/blog\/wp-content\/uploads\/2020\/09\/1981-vina\u0159i-katalog-II-300x211.jpg 300w, https:\/\/symbivita.cz\/blog\/wp-content\/uploads\/2020\/09\/1981-vina\u0159i-katalog-II-768x539.jpg 768w\" sizes=\"(max-width: 786px) 100vw, 786px\" \/><\/figure>\n\n\n\n<p>Stav lovn\u00e9 zv\u011b\u0159e byl dobr\u00fd.<\/p>\n\n\n\n<p>Na podzim bylo n\u011bkolik hon\u016f na ba\u017eanty a zaj\u00edce.<\/p>\n\n\n\n<p>Hub bylo dost, v&nbsp;\u0159\u00edjnu&nbsp;\nrostly i prav\u00e9&nbsp; h\u0159iby. Po v\u00edce ne\u017e\n15 letech kvetly a rodily duby. Spr\u00e1va poles\u00ed Div\u00e1ky zorganizovala sb\u011br \u017ealud\u016f,\nzapojily se&nbsp; zam\u011bstnankyn\u011b lesn\u00ed spr\u00e1vy,\nd\u016fchodci a \u0161koln\u00ed ml\u00e1de\u017e. Platilo se 7 K\u010d za kilo.<\/p>\n\n\n\n<p>Odd\u00edl kopan\u00e9 hostil a opl\u00e1cel n\u00e1v\u0161t\u011bvu sportovc\u016fm\nz&nbsp;\u010cerno\u0161ic u T\u00e1bora.<\/p>\n\n\n\n<p>Svaz zahr\u00e1dk\u00e1\u0159\u016f pozval zahr\u00e1dk\u00e1\u0159e ze Silotic okr. Trnava.<\/p>\n\n\n\n<p>22. listopadu &#8211; v\u00edt\u00e1n\u00ed ob\u010d\u00e1nk\u016f<\/p>\n\n\n\n<figure class=\"wp-block-image size-large\"><img loading=\"lazy\" decoding=\"async\" width=\"672\" height=\"469\" src=\"http:\/\/symbivita.cz\/blog\/wp-content\/uploads\/2020\/09\/1981-v\u00edt\u00e1n\u00ed-ob\u010d\u00e1nk\u016f-22.listopadu.jpg\" alt=\"\" class=\"wp-image-1018\" srcset=\"https:\/\/symbivita.cz\/blog\/wp-content\/uploads\/2020\/09\/1981-v\u00edt\u00e1n\u00ed-ob\u010d\u00e1nk\u016f-22.listopadu.jpg 672w, https:\/\/symbivita.cz\/blog\/wp-content\/uploads\/2020\/09\/1981-v\u00edt\u00e1n\u00ed-ob\u010d\u00e1nk\u016f-22.listopadu-300x209.jpg 300w\" sizes=\"(max-width: 672px) 100vw, 672px\" \/><\/figure>\n\n\n\n<p>JZD\nvybudovalo prvn\u00ed zpevn\u011bnou a bezpra\u0161nou poln\u00ed cestu od Div\u00e1ck\u00e9ho lesa po\nh\u0159ebeni Nikol\u010dick\u00e9ho h\u0159betu kolem \u017darot\u00ednek, Z\u00e1humenic a Neuper\u016f do Zic\u016f.<\/p>\n\n\n\n<p>Prosinec- ZD\u0160 zdob\u00ed monument\u00e1ln\u00ed tapiserie dopln\u011bn\u00e1\nd\u0159ev\u011bnou plastikou. Um\u011bleck\u00e9 d\u00edlo o plo\u0161e 4 m2 m\u00e1 n\u00e1zev&nbsp;&nbsp;&nbsp;&nbsp;&nbsp;&nbsp;&nbsp; \u201e Bu\u010fte stromy a kv\u011bty, plo\u010fte u\u017eitek a\nkr\u00e1su\u201c. Autory jsou u\u010ditel\u00e9 &#8211; v\u00fdtvarn\u00edci Ji\u0159ina Kul\u00ed\u0161kov\u00e1 a Josef \u010cern\u00fd.<\/p>\n\n\n\n<p>Star\u00e1\nhospoda proti \u0161kole je kone\u010dn\u011b zbo\u0159ena a na jej\u00edm m\u00edst\u011b vyr\u016fst\u00e1 nov\u00e1 stavba. <\/p>\n\n\n\n<p>\u0158\u00edmskokatolick\u00fd\nkostel m\u00e1 novou fas\u00e1du d\u00edky sv\u00e9pomocn\u00e9 pr\u00e1ci ob\u010dan\u016f.<\/p>\n\n\n\n<figure class=\"wp-block-image size-large\"><img loading=\"lazy\" decoding=\"async\" width=\"525\" height=\"781\" src=\"http:\/\/symbivita.cz\/blog\/wp-content\/uploads\/2020\/09\/1981-kostel.jpg\" alt=\"\" class=\"wp-image-1019\" srcset=\"https:\/\/symbivita.cz\/blog\/wp-content\/uploads\/2020\/09\/1981-kostel.jpg 525w, https:\/\/symbivita.cz\/blog\/wp-content\/uploads\/2020\/09\/1981-kostel-202x300.jpg 202w\" sizes=\"(max-width: 525px) 100vw, 525px\" \/><\/figure>\n\n\n\n<p>V\u00e1noce.&nbsp; P\u016fl metru\nsn\u011bhu, kter\u00fd napadl&nbsp; za naprost\u00e9ho\nbezv\u011bt\u0159\u00ed.<\/p>\n\n\n\n<p>Svaz\u00e1ci uspo\u0159\u00e1dali silvestrovskou tane\u010dn\u00ed z\u00e1bavu.<\/p>\n\n\n\n<p class=\"has-text-color has-vivid-red-color\"><strong>1982<\/strong><\/p>\n\n\n\n<p>M\u00edrn\u00e1 zima, jaro v&nbsp;prav\u00fd \u010das, l\u00e9to jak m\u00e1 b\u00fdt- ide\u00e1ln\u00ed\npo\u010das\u00ed.<\/p>\n\n\n\n<p>3.ledna z&nbsp;v\u00fdboru TJ odstoupili Josef B\u00edlek, P. Kone\u010dn\u00fd\na ze&nbsp; zdravotn\u00edch d\u016fvod\u016f Miroslav B\u00edlek.<\/p>\n\n\n\n<p>&nbsp;Nov\u00fd p\u0159edseda je\nAlois Ne\u010das. M\u00edstop\u0159edseda Jan Jel\u00ednek 47.tajemn\u00edk ing. Kone\u010dn\u00fd Vojt\u011bch. <\/p>\n\n\n\n<p>17. ledna- v\u00edt\u00e1n\u00ed ob\u010d\u00e1nk\u016f.<\/p>\n\n\n\n<figure class=\"wp-block-image size-large\"><img loading=\"lazy\" decoding=\"async\" width=\"605\" height=\"218\" src=\"http:\/\/symbivita.cz\/blog\/wp-content\/uploads\/2020\/09\/1982-V\u00edt\u00e1n\u00ed-ob\u010d\u00e1nk\u016f-17.ledna_.jpg\" alt=\"\" class=\"wp-image-1023\" srcset=\"https:\/\/symbivita.cz\/blog\/wp-content\/uploads\/2020\/09\/1982-V\u00edt\u00e1n\u00ed-ob\u010d\u00e1nk\u016f-17.ledna_.jpg 605w, https:\/\/symbivita.cz\/blog\/wp-content\/uploads\/2020\/09\/1982-V\u00edt\u00e1n\u00ed-ob\u010d\u00e1nk\u016f-17.ledna_-300x108.jpg 300w\" sizes=\"(max-width: 605px) 100vw, 605px\" \/><\/figure>\n\n\n\n<p>Leden \u2013 \u010cS\u017d uspo\u0159\u00e1dal kurz drh\u00e1n\u00ed.&nbsp; Kurz \u0159\u00eddila Bo\u017eena Mnacakanov\u00e1.<\/p>\n\n\n\n<p class=\"has-text-color has-vivid-cyan-blue-color\"><a href=\"https:\/\/cs.wikipedia.org\/wiki\/25._leden\">25.<\/a>\u2013<a href=\"https:\/\/cs.wikipedia.org\/wiki\/30._leden\">30. ledna<\/a>&nbsp;\u2013 V prostoru&nbsp;<a href=\"https:\/\/cs.wikipedia.org\/wiki\/Praha\">Prahy<\/a>,&nbsp;<a href=\"https:\/\/cs.wikipedia.org\/wiki\/Plze%C5%88\">Plzn\u011b<\/a>,&nbsp;<a href=\"https:\/\/cs.wikipedia.org\/wiki\/Karlovy_Vary\">Karlov\u00fdch Var\u016f<\/a>,&nbsp;<a href=\"https:\/\/cs.wikipedia.org\/wiki\/Liberec\">Liberce<\/a>&nbsp;a&nbsp;<a href=\"https:\/\/cs.wikipedia.org\/wiki\/Litom%C4%9B%C5%99ice\">Litom\u011b\u0159ic<\/a>&nbsp;se uskute\u010dnilo vojensk\u00e9 cvi\u010den\u00ed st\u00e1t\u016f&nbsp;<a href=\"https:\/\/cs.wikipedia.org\/wiki\/Var%C5%A1avsk%C3%A1_smlouva\">Var\u0161avsk\u00e9 smlouvy<\/a>&nbsp;<a href=\"https:\/\/cs.wikipedia.org\/w\/index.php?title=Dru%C5%BEba_82&amp;action=edit&amp;redlink=1\">Dru\u017eba 82<\/a>.<\/p>\n\n\n\n<p>31. ledna\na\u017e 5. \u00fanora uspo\u0159\u00e1dala \u0161kola pro \u017e\u00e1ky 7. t\u0159\u00eddy ly\u017ea\u0159sk\u00fd kurz\nv&nbsp;Malenovic\u00edch pod Lysou horou. Vedouc\u00edm byl u\u010ditel \u010cuta.<\/p>\n\n\n\n<p>31. ledna.\nZlat\u00e1 svatba man\u017eel\u016f Jana a Ludmily Jel\u00ednkov\u00fdch.<\/p>\n\n\n\n<figure class=\"wp-block-image size-large\"><img loading=\"lazy\" decoding=\"async\" width=\"605\" height=\"218\" src=\"http:\/\/symbivita.cz\/blog\/wp-content\/uploads\/2020\/09\/1982-zlat\u00e1-svatba-Jel\u00ednkov\u00fdch.jpg\" alt=\"\" class=\"wp-image-1024\" srcset=\"https:\/\/symbivita.cz\/blog\/wp-content\/uploads\/2020\/09\/1982-zlat\u00e1-svatba-Jel\u00ednkov\u00fdch.jpg 605w, https:\/\/symbivita.cz\/blog\/wp-content\/uploads\/2020\/09\/1982-zlat\u00e1-svatba-Jel\u00ednkov\u00fdch-300x108.jpg 300w\" sizes=\"(max-width: 605px) 100vw, 605px\" \/><\/figure>\n\n\n\n<p class=\"has-text-color has-vivid-cyan-blue-color\"><a href=\"https:\/\/cs.wikipedia.org\/wiki\/20._%C3%BAnor\">20. \u00fanora<\/a>&nbsp;\u2013 Zmocn\u011bnec \u010deskoslovensk\u00e9 vl\u00e1dy p\u0159evzal ve&nbsp;<a href=\"https:\/\/cs.wikipedia.org\/wiki\/%C5%A0v%C3%BDcarsko\">\u0160v\u00fdcarsku<\/a>&nbsp;od z\u00e1stupc\u016f vl\u00e1d&nbsp;<a href=\"https:\/\/cs.wikipedia.org\/wiki\/Spojen%C3%A9_st%C3%A1ty_americk%C3%A9\">USA<\/a>,&nbsp;<a href=\"https:\/\/cs.wikipedia.org\/wiki\/Spojen%C3%A9_kr%C3%A1lovstv%C3%AD\">Brit\u00e1nie<\/a>&nbsp;a&nbsp;<a href=\"https:\/\/cs.wikipedia.org\/wiki\/Francie\">Francie<\/a>&nbsp;18,4 tun \u010deskoslovensk\u00e9ho&nbsp;<a href=\"https:\/\/cs.wikipedia.org\/wiki\/Zlato\">m\u011bnov\u00e9ho zlata<\/a>, kter\u00e9 bylo za&nbsp;<a href=\"https:\/\/cs.wikipedia.org\/wiki\/Druh%C3%A1_sv%C4%9Btov%C3%A1_v%C3%A1lka\">druh\u00e9 sv\u011btov\u00e9 v\u00e1lky<\/a>&nbsp;uloupeno&nbsp;<a href=\"https:\/\/cs.wikipedia.org\/wiki\/Nacismus\">nacisty<\/a>.&nbsp;<\/p>\n\n\n\n<p>7. 2. a\u017e\n28. 2 prob\u011bhl zimn\u00ed turnaj v&nbsp;kopan\u00e9 nazvan\u00fd &nbsp;\u201e Poh\u00e1r v\u00edt\u011bzn\u00e9ho \u00fanora Velk\u00e9 N\u011bm\u010dice\u201c.<\/p>\n\n\n\n<p>(Nikol\u010dice,\nVranovice, Velk\u00e9 N\u011bm\u010dice, Uher\u010dice). <\/p>\n\n\n\n<p>Na\u0161i\nvyhr\u00e1li, ale svou hrou nenadchli.<\/p>\n\n\n\n<p>24. \u00fanora-\nslib pion\u00fdr\u016f.<\/p>\n\n\n\n<p>1-6. b\u0159ezna prob\u00edhal kurs v\u00fdroby cukrov\u00e9ho pe\u010diva, vedla\njej Marie Jel\u00ednkov\u00e1.<\/p>\n\n\n\n<figure class=\"wp-block-image size-large\"><img loading=\"lazy\" decoding=\"async\" width=\"509\" height=\"221\" src=\"http:\/\/symbivita.cz\/blog\/wp-content\/uploads\/2020\/09\/1982-Jel\u00ednkov\u00e1-dorty.jpg\" alt=\"\" class=\"wp-image-1025\" srcset=\"https:\/\/symbivita.cz\/blog\/wp-content\/uploads\/2020\/09\/1982-Jel\u00ednkov\u00e1-dorty.jpg 509w, https:\/\/symbivita.cz\/blog\/wp-content\/uploads\/2020\/09\/1982-Jel\u00ednkov\u00e1-dorty-300x130.jpg 300w\" sizes=\"(max-width: 509px) 100vw, 509px\" \/><figcaption><br> Na obr\u00e1zku je uk\u00e1zka od pan\u00ed Jel\u00ednkov\u00e9. <\/figcaption><\/figure>\n\n\n\n<p>12. b\u0159ezna p\u0159i p\u0159\u00edle\u017eitosti MD\u017d na\u0161e \u017eeny&nbsp; tak\u00e9 vystavovaly&nbsp; sv\u00e9&nbsp;\nv\u00fdtvory \u2013 drhance.<\/p>\n\n\n\n<p>28. b\u0159ezna- v\u00edt\u00e1n\u00ed ob\u010d\u00e1nk\u016f.<\/p>\n\n\n\n<figure class=\"wp-block-image size-large\"><img loading=\"lazy\" decoding=\"async\" width=\"1024\" height=\"353\" src=\"http:\/\/symbivita.cz\/blog\/wp-content\/uploads\/2020\/09\/1982-v\u00edt\u00e1n\u00ed-ob\u010d\u00e1nk\u016f-I-1-1024x353.jpg\" alt=\"\" class=\"wp-image-1026\" srcset=\"https:\/\/symbivita.cz\/blog\/wp-content\/uploads\/2020\/09\/1982-v\u00edt\u00e1n\u00ed-ob\u010d\u00e1nk\u016f-I-1-1024x353.jpg 1024w, https:\/\/symbivita.cz\/blog\/wp-content\/uploads\/2020\/09\/1982-v\u00edt\u00e1n\u00ed-ob\u010d\u00e1nk\u016f-I-1-300x103.jpg 300w, https:\/\/symbivita.cz\/blog\/wp-content\/uploads\/2020\/09\/1982-v\u00edt\u00e1n\u00ed-ob\u010d\u00e1nk\u016f-I-1-768x265.jpg 768w, https:\/\/symbivita.cz\/blog\/wp-content\/uploads\/2020\/09\/1982-v\u00edt\u00e1n\u00ed-ob\u010d\u00e1nk\u016f-I-1.jpg 1290w\" sizes=\"(max-width: 1024px) 100vw, 1024px\" \/><\/figure>\n\n\n\n<p>30. b\u0159ezna- rozlou\u010den\u00ed s&nbsp;branci. Byli to: Sedlo\nZden\u011bk, Major Josef, Kov\u00e1\u010dik \u0160tefan, Walter Miroslav, Studnice Lubo\u0161.<\/p>\n\n\n\n<p>A\u017e do jara prob\u00edhalo gymnastick\u00e9 cvi\u010den\u00ed p\u0159i hudb\u011b- Vedouc\u00ed\nJindra Matulov\u00e1, p\u0159idaly se tak\u00e9 d\u00edvky z nejvy\u0161\u0161\u00edch t\u0159\u00edd z\u00e1kladn\u00ed \u0161koly.<\/p>\n\n\n\n<p>30. dubna \u2013 slib pion\u00fdr\u016f<\/p>\n\n\n\n<p>Svaz zahr\u00e1dk\u00e1\u0159\u016f po\u0159\u00e1dal p\u0159edn\u00e1\u0161ku \u201e P\u011bstov\u00e1n\u00ed zeleniny\u201c. Dostavilo\nse 36 poslucha\u010d\u016f.<\/p>\n\n\n\n<p>Ples po\u0159\u00e1dala TJ Dru\u017estevn\u00edk, ma\u0161karn\u00ed b\u00e1l po\u0159\u00e1dal \u010cS\u010cK<\/p>\n\n\n\n<p>Kv\u011bten- Svaz po\u017e\u00e1rn\u00ed ochrany- odd\u00edl d\u011bt\u00ed a dorostu se\nz\u00fa\u010dastnil okresn\u00edho kola sout\u011b\u017ee po\u017e\u00e1rn\u00edch hl\u00eddek v&nbsp;Pern\u00e9. Z\u00edskali prvn\u00ed\nm\u00edsto a postoupili do krajsk\u00e9ho kola. ( Cvi\u010ditel Alois Stejskal)<\/p>\n\n\n\n<p>PO pod veden\u00edm Miroslava Strouhala uspo\u0159\u00e1dala koncert Boba\nFr\u00eddla a jeho skupiny.<\/p>\n\n\n\n<figure class=\"wp-block-image size-large\"><img loading=\"lazy\" decoding=\"async\" width=\"334\" height=\"303\" src=\"http:\/\/symbivita.cz\/blog\/wp-content\/uploads\/2020\/09\/1982-Bob-Fr\u00eddl.jpg\" alt=\"\" class=\"wp-image-1027\" srcset=\"https:\/\/symbivita.cz\/blog\/wp-content\/uploads\/2020\/09\/1982-Bob-Fr\u00eddl.jpg 334w, https:\/\/symbivita.cz\/blog\/wp-content\/uploads\/2020\/09\/1982-Bob-Fr\u00eddl-300x272.jpg 300w\" sizes=\"(max-width: 334px) 100vw, 334px\" \/><\/figure>\n\n\n\n<p>\u010cerven &#8211; II. Nikol\u010dick\u00e9 hry- lehk\u00e1 atletika, kopan\u00e1,\nplav\u00e1n\u00ed. Pozv\u00e1ny byly \u0161koly z&nbsp;Velk\u00fdch N\u011bm\u010dic, Klobouk, a Doln\u00fdch Zelenic\nz&nbsp;okresu Trnava. Ti si odvezli ze \u0161esti poh\u00e1r\u016f p\u011bt.<\/p>\n\n\n\n<p>Rekordn\u00ed\nprodukce rostlinn\u00e9 v\u00fdroby, vysok\u00e1 u\u017eitkovost v&nbsp;\u017eivo\u010di\u0161n\u00e9 v\u00fdrob\u011b. Bohat\u00e1\n\u00faroda vinn\u00e9 r\u00e9vy. Nadbytek ovoce v\u0161eho druhu. P\u0159idru\u017een\u00e9 v\u00fdrob\u011b pro Zbrojovku\nse tak\u00e9 da\u0159ilo.<\/p>\n\n\n\n<p>Autodoprava. Nyn\u011bj\u0161\u00ed stav&nbsp;\nmechanizace: 1. Avia 30 valn\u00edk, 1.Avia 15 valn\u00edk,1 MTS 24,1 V3S sk\u0159\u00ed\u0148, 1\nRTB-T dobyt\u010d\u00e1k, 2 V3S fek\u00e1l, 1 MT-4&nbsp;\ns&nbsp;hydraulickou rukou, 10 T-148,1 Autobus, 1 Avia 20- valn\u00edk, 1\nMT-5,1 V3S \u2013 poj\u00edzdn\u00e1 d\u00edlna, 1. autoje\u0159\u00e1b, 3 dozery S-100. Zlep\u0161ila se\norganizace j\u00edzd (vyt\u00ed\u017eenost vozidel) a poda\u0159ilo se dos\u00e1hnout \u00faspory nafty.<\/p>\n\n\n\n<p>V\u00fdb\u011brov\u00e9 rekreace. V&nbsp;zimn\u00edm obdob\u00ed 34 dru\u017estevn\u00edk\u016f a\njejich&nbsp; rodinn\u00fdch p\u0159\u00edslu\u0161n\u00edk\u016f,\nv&nbsp;l\u00e9t\u011b &nbsp;6&nbsp; \u010dlen\u016f JZD.<\/p>\n\n\n\n<figure class=\"wp-block-image size-large\"><img loading=\"lazy\" decoding=\"async\" width=\"1001\" height=\"635\" src=\"http:\/\/symbivita.cz\/blog\/wp-content\/uploads\/2020\/09\/1982.-v\u00fdlet-autobusem.jpg\" alt=\"\" class=\"wp-image-1028\" srcset=\"https:\/\/symbivita.cz\/blog\/wp-content\/uploads\/2020\/09\/1982.-v\u00fdlet-autobusem.jpg 1001w, https:\/\/symbivita.cz\/blog\/wp-content\/uploads\/2020\/09\/1982.-v\u00fdlet-autobusem-300x190.jpg 300w, https:\/\/symbivita.cz\/blog\/wp-content\/uploads\/2020\/09\/1982.-v\u00fdlet-autobusem-768x487.jpg 768w\" sizes=\"(max-width: 1001px) 100vw, 1001px\" \/><\/figure>\n\n\n\n<p>Na letn\u00edch t\u00e1borech se rekreovalo 54 d\u011bt\u00ed ( Makov. okr.\n\u010cadca a \u0158e\u0161ice u Znojma). Dotace PO Nikol\u010dice ( 8 d\u011bt\u00ed). Z\u00e1jezdy&nbsp; tuzemsk\u00e9 313&nbsp;\n\u00fa\u010dastn\u00edk\u016f ( 9 z\u00e1jezd\u016f), SSSR &#8211; 33 \u00fa\u010dastn\u00edk\u016f, NDR 20 \u00fa\u010dastn\u00edk\u016f ( dru\u017eebn\u00ed\nJZD Manker)<\/p>\n\n\n\n<p>Tradi\u010dn\u00ed oslavy:<\/p>\n\n\n\n<p>&nbsp;Osvobozen\u00ed obce,\nMD\u017d, v\u00fdro\u010d\u00ed V\u0158SR. Tradi\u010dn\u00ed krojovan\u00e9&nbsp;\nveselice- m\u00e1jov\u00e1 z\u00e1bava a jakubsk\u00e9 hody- prvn\u00ed po\u0159\u00e1dal SSM a druhou OB.<\/p>\n\n\n\n<ol><li>M\u00e1j se\nslavil v&nbsp;Hustope\u010d\u00edch. Bylo studen\u00e9 a de\u0161tiv\u00e9 po\u010das\u00ed.<\/li><li>\u010dervna\nbyla brig\u00e1da na h\u0159i\u0161ti. Stav\u011bl se v\u00fd\u010dep a sklad materi\u00e1lu.<\/li><\/ol>\n\n\n\n<figure class=\"wp-block-image size-large\"><img loading=\"lazy\" decoding=\"async\" width=\"1024\" height=\"653\" src=\"http:\/\/symbivita.cz\/blog\/wp-content\/uploads\/2020\/09\/1982-Kopan\u00e1-II-brig\u00e1da-I-1024x653.jpg\" alt=\"\" class=\"wp-image-1029\" srcset=\"https:\/\/symbivita.cz\/blog\/wp-content\/uploads\/2020\/09\/1982-Kopan\u00e1-II-brig\u00e1da-I-1024x653.jpg 1024w, https:\/\/symbivita.cz\/blog\/wp-content\/uploads\/2020\/09\/1982-Kopan\u00e1-II-brig\u00e1da-I-300x191.jpg 300w, https:\/\/symbivita.cz\/blog\/wp-content\/uploads\/2020\/09\/1982-Kopan\u00e1-II-brig\u00e1da-I-768x490.jpg 768w, https:\/\/symbivita.cz\/blog\/wp-content\/uploads\/2020\/09\/1982-Kopan\u00e1-II-brig\u00e1da-I.jpg 1127w\" sizes=\"(max-width: 1024px) 100vw, 1024px\" \/><\/figure>\n\n\n\n<figure class=\"wp-block-image size-large\"><img loading=\"lazy\" decoding=\"async\" width=\"1024\" height=\"528\" src=\"http:\/\/symbivita.cz\/blog\/wp-content\/uploads\/2020\/09\/1982-Kopan\u00e1-II-brig\u00e1da-II-1024x528.jpg\" alt=\"\" class=\"wp-image-1030\" srcset=\"https:\/\/symbivita.cz\/blog\/wp-content\/uploads\/2020\/09\/1982-Kopan\u00e1-II-brig\u00e1da-II-1024x528.jpg 1024w, https:\/\/symbivita.cz\/blog\/wp-content\/uploads\/2020\/09\/1982-Kopan\u00e1-II-brig\u00e1da-II-300x155.jpg 300w, https:\/\/symbivita.cz\/blog\/wp-content\/uploads\/2020\/09\/1982-Kopan\u00e1-II-brig\u00e1da-II-768x396.jpg 768w, https:\/\/symbivita.cz\/blog\/wp-content\/uploads\/2020\/09\/1982-Kopan\u00e1-II-brig\u00e1da-II.jpg 1151w\" sizes=\"(max-width: 1024px) 100vw, 1024px\" \/><\/figure>\n\n\n\n<figure class=\"wp-block-image size-large\"><img loading=\"lazy\" decoding=\"async\" width=\"1024\" height=\"548\" src=\"http:\/\/symbivita.cz\/blog\/wp-content\/uploads\/2020\/09\/1982-Kopan\u00e1-II-brig\u00e1da-III-1024x548.jpg\" alt=\"\" class=\"wp-image-1031\" srcset=\"https:\/\/symbivita.cz\/blog\/wp-content\/uploads\/2020\/09\/1982-Kopan\u00e1-II-brig\u00e1da-III-1024x548.jpg 1024w, https:\/\/symbivita.cz\/blog\/wp-content\/uploads\/2020\/09\/1982-Kopan\u00e1-II-brig\u00e1da-III-300x160.jpg 300w, https:\/\/symbivita.cz\/blog\/wp-content\/uploads\/2020\/09\/1982-Kopan\u00e1-II-brig\u00e1da-III-768x411.jpg 768w, https:\/\/symbivita.cz\/blog\/wp-content\/uploads\/2020\/09\/1982-Kopan\u00e1-II-brig\u00e1da-III.jpg 1163w\" sizes=\"(max-width: 1024px) 100vw, 1024px\" \/><\/figure>\n\n\n\n<figure class=\"wp-block-image size-large\"><img loading=\"lazy\" decoding=\"async\" width=\"1024\" height=\"463\" src=\"http:\/\/symbivita.cz\/blog\/wp-content\/uploads\/2020\/09\/1982-v\u00edt\u00e1n\u00ed-ob\u010d\u00e1nk\u016f-II-1024x463.jpg\" alt=\"\" class=\"wp-image-1032\" srcset=\"https:\/\/symbivita.cz\/blog\/wp-content\/uploads\/2020\/09\/1982-v\u00edt\u00e1n\u00ed-ob\u010d\u00e1nk\u016f-II-1024x463.jpg 1024w, https:\/\/symbivita.cz\/blog\/wp-content\/uploads\/2020\/09\/1982-v\u00edt\u00e1n\u00ed-ob\u010d\u00e1nk\u016f-II-300x136.jpg 300w, https:\/\/symbivita.cz\/blog\/wp-content\/uploads\/2020\/09\/1982-v\u00edt\u00e1n\u00ed-ob\u010d\u00e1nk\u016f-II-768x348.jpg 768w, https:\/\/symbivita.cz\/blog\/wp-content\/uploads\/2020\/09\/1982-v\u00edt\u00e1n\u00ed-ob\u010d\u00e1nk\u016f-II.jpg 1277w\" sizes=\"(max-width: 1024px) 100vw, 1024px\" \/><figcaption> 13. \u010dervna- v\u00edt\u00e1n\u00ed ob\u010d\u00e1nk\u016f. <\/figcaption><\/figure>\n\n\n\n<p>30.\u010dervna- SPOZ- rozlou\u010den\u00ed s&nbsp;vych\u00e1zej\u00edc\u00edmi \u017e\u00e1ky.<\/p>\n\n\n\n<p class=\"has-text-color has-vivid-cyan-blue-color\"><a href=\"https:\/\/cs.wikipedia.org\/wiki\/6._%C4%8Dervenec\">6. \u010dervence<\/a>&nbsp;\u2013\nbylo zatm\u011bn\u00ed M\u011bs\u00edce.<\/p>\n\n\n\n<p>17. \u010dervence uspo\u0159\u00e1dala&nbsp;\nTJ Dru\u017estevn\u00edk oslavu 30. v\u00fdro\u010d\u00ed nikol\u010dick\u00e9 kopan\u00e9, spojenou\ns&nbsp;poho\u0161t\u011bn\u00edm a tane\u010dn\u00ed z\u00e1bavou. Fotbalisti se ji\u017e druh\u00fdm rokem udr\u017eeli\nv&nbsp;okresn\u00edm p\u0159eboru.<\/p>\n\n\n\n<figure class=\"wp-block-image size-large\"><img loading=\"lazy\" decoding=\"async\" width=\"747\" height=\"656\" src=\"http:\/\/symbivita.cz\/blog\/wp-content\/uploads\/2020\/09\/1982-pozv\u00e1nka.jpg\" alt=\"\" class=\"wp-image-1033\" srcset=\"https:\/\/symbivita.cz\/blog\/wp-content\/uploads\/2020\/09\/1982-pozv\u00e1nka.jpg 747w, https:\/\/symbivita.cz\/blog\/wp-content\/uploads\/2020\/09\/1982-pozv\u00e1nka-300x263.jpg 300w\" sizes=\"(max-width: 747px) 100vw, 747px\" \/><\/figure>\n\n\n\n<figure class=\"wp-block-image size-large\"><img loading=\"lazy\" decoding=\"async\" width=\"900\" height=\"612\" src=\"http:\/\/symbivita.cz\/blog\/wp-content\/uploads\/2020\/09\/1982-Kopan\u00e1-I.jpg\" alt=\"\" class=\"wp-image-1034\" srcset=\"https:\/\/symbivita.cz\/blog\/wp-content\/uploads\/2020\/09\/1982-Kopan\u00e1-I.jpg 900w, https:\/\/symbivita.cz\/blog\/wp-content\/uploads\/2020\/09\/1982-Kopan\u00e1-I-300x204.jpg 300w, https:\/\/symbivita.cz\/blog\/wp-content\/uploads\/2020\/09\/1982-Kopan\u00e1-I-768x522.jpg 768w\" sizes=\"(max-width: 900px) 100vw, 900px\" \/><\/figure>\n\n\n\n<p>Pr\u00e1ce na p\u0159\u00edstavb\u011b budovy MNV p\u0159\u00edstavbou nov\u00e9 zasedac\u00ed\nm\u00edstnosti s&nbsp;pot\u0159ebn\u00fdmi provozn\u00edmi plochami. Byla dokon\u010dena hrub\u00e1 stavba\nv\u010detn\u011b zast\u0159e\u0161en\u00ed ( <em>tyto pr\u00e1ce byly skon\u010deny v&nbsp;roce&nbsp; 1985<\/em>). ( N\u010c II str 82)<\/p>\n\n\n\n<p>V&nbsp;budov\u011b&nbsp; M\u0160\nbyla provedena \u00faprava kuchyn\u011b, j\u00eddelny, vstupn\u00ed chodby do j\u00eddelny, bylo tak\u00e9\nprovedeno nov\u00e9 ohrazen\u00ed dvora. Do kuchyn\u011b po\u0159\u00edzena nov\u00e1 v\u00fdkonn\u011bj\u0161\u00ed ledni\u010dka.<\/p>\n\n\n\n<p>&nbsp;Na z\u00e1kladn\u00ed \u0161kole\nbylo opraveno soci\u00e1ln\u00ed za\u0159\u00edzen\u00ed, nov\u00e9 oblo\u017een\u00ed piso\u00e1r\u016f v\u010detn\u011b st\u011bn, byla\nnamontov\u00e1ny elektrick\u00e9 pr\u016ftokov\u00e9 oh\u0159\u00edva\u010de.<\/p>\n\n\n\n<p>&nbsp;Na h\u0159bitov\u011b byl\nvybudov\u00e1n smetn\u00edk pro ukl\u00e1d\u00e1n\u00ed odpad\u016f ze h\u0159bitova.<\/p>\n\n\n\n<p>V&nbsp;\u00faseku ke kon\u00edrn\u011b&nbsp;\nbyla vybudov\u00e1na m\u00edstn\u00ed komunikace v\u010detn\u011b kanalizace.<\/p>\n\n\n\n<p>Bezpra\u0161n\u00e1 vozovka byla vybudov\u00e1na v&nbsp;\u00faseku Sk\u00e1ly.<\/p>\n\n\n\n<p>V&nbsp;prostoru h\u0159i\u0161t\u011b TJ byla vybudov\u00e1na bezpra\u0161n\u00e1\nv\u00edce\u00fa\u010delov\u00e1 plocha pro sportovn\u00ed \u00fa\u010dely.<\/p>\n\n\n\n<p>Projekty: <\/p>\n\n\n\n<p>Byla vypracov\u00e1na studie p\u0159\u00edstavby z\u00e1kladn\u00ed \u0161koly a projekt\nna&nbsp; vybudovan\u00ed II. etapy plynofikace\nobce.<\/p>\n\n\n\n<p>Projekt na opravu potoka, projekt na \u0159adov\u00e9 v\u00fdstavby na\nKr\u00e1tk\u00fdch pad\u011blc\u00edch.<\/p>\n\n\n\n<p>Nepoda\u0159ila se dokon\u010dit v\u00fdstavba nov\u00e9ho hostince.<\/p>\n\n\n\n<p>&nbsp;Svaz zahr\u00e1dk\u00e1\u0159\u016f na\npodzim po\u0159\u00e1dal v\u00fdstavu ovoce a zeleniny- \u00fa\u010dast a z\u00e1jem ob\u010dan\u016f byl mal\u00fd.<\/p>\n\n\n\n<p>Mysliveck\u00e9 sdru\u017een\u00ed se slou\u010dilo se \u0160itbo\u0159icemi a Div\u00e1kami-\nspojen\u00ed je \u010dleny p\u0159ij\u00edm\u00e1no s&nbsp;rozpaky. Stav lovn\u00e9 zv\u011b\u0159e velmi poklesl .V&nbsp;na\u0161em\nkatastru bylo uloveno 40 zaj\u00edc\u016f a 60 ba\u017eant\u016f.<\/p>\n\n\n\n<p>Prior: st\u00e1le\n\u010doud\u00ed.<\/p>\n\n\n\n<figure class=\"wp-block-image size-large\"><img loading=\"lazy\" decoding=\"async\" width=\"1024\" height=\"783\" src=\"http:\/\/symbivita.cz\/blog\/wp-content\/uploads\/2020\/09\/1982-Prior-I-1024x783.jpg\" alt=\"\" class=\"wp-image-1035\" srcset=\"https:\/\/symbivita.cz\/blog\/wp-content\/uploads\/2020\/09\/1982-Prior-I-1024x783.jpg 1024w, https:\/\/symbivita.cz\/blog\/wp-content\/uploads\/2020\/09\/1982-Prior-I-300x229.jpg 300w, https:\/\/symbivita.cz\/blog\/wp-content\/uploads\/2020\/09\/1982-Prior-I-768x587.jpg 768w, https:\/\/symbivita.cz\/blog\/wp-content\/uploads\/2020\/09\/1982-Prior-I.jpg 1276w\" sizes=\"(max-width: 1024px) 100vw, 1024px\" \/><\/figure>\n\n\n\n<figure class=\"wp-block-image size-large\"><img loading=\"lazy\" decoding=\"async\" width=\"979\" height=\"560\" src=\"http:\/\/symbivita.cz\/blog\/wp-content\/uploads\/2020\/09\/1982-Prior-II.jpg\" alt=\"\" class=\"wp-image-1036\" srcset=\"https:\/\/symbivita.cz\/blog\/wp-content\/uploads\/2020\/09\/1982-Prior-II.jpg 979w, https:\/\/symbivita.cz\/blog\/wp-content\/uploads\/2020\/09\/1982-Prior-II-300x172.jpg 300w, https:\/\/symbivita.cz\/blog\/wp-content\/uploads\/2020\/09\/1982-Prior-II-768x439.jpg 768w\" sizes=\"(max-width: 979px) 100vw, 979px\" \/><\/figure>\n\n\n\n<figure class=\"wp-block-image size-large\"><img loading=\"lazy\" decoding=\"async\" width=\"803\" height=\"582\" src=\"http:\/\/symbivita.cz\/blog\/wp-content\/uploads\/2020\/09\/1982-Prior-III.png\" alt=\"\" class=\"wp-image-1037\" srcset=\"https:\/\/symbivita.cz\/blog\/wp-content\/uploads\/2020\/09\/1982-Prior-III.png 803w, https:\/\/symbivita.cz\/blog\/wp-content\/uploads\/2020\/09\/1982-Prior-III-300x217.png 300w, https:\/\/symbivita.cz\/blog\/wp-content\/uploads\/2020\/09\/1982-Prior-III-768x557.png 768w\" sizes=\"(max-width: 803px) 100vw, 803px\" \/><\/figure>\n\n\n\n<p>1.z\u00e1\u0159\u00ed byl zah\u00e1jen \u0161koln\u00ed rok1982\/83<\/p>\n\n\n\n<p>U\u010ditel Strouhal byl p\u0159elo\u017een do Velk\u00fdch N\u011bm\u010dic a veden\u00ed PO\np\u0159evzala mlad\u00e1 u\u010ditelka Lenka B\u00ednkov\u00e1.<\/p>\n\n\n\n<p>M. Strouhal&nbsp; ve\nVelk\u00fdch N\u011bm\u010dic\u00edch&nbsp; zalo\u017eil \u201e N\u011bm\u010dick\u00e9\nhry\u201c a na\u0161e&nbsp; \u0161kola se jich \u00fa\u010dastnila\na&nbsp; vyhr\u00e1la tam.<\/p>\n\n\n\n<p>Nikol\u010dice se&nbsp; st\u00e1vaj\u00ed\npojmem, dost\u00e1vaj\u00ed se na \u0161pi\u010dku okresu hned za&nbsp;\nm\u011bstsk\u00e9 \u0161koly v&nbsp;B\u0159eclavi a Mikulov\u011b. P\u00ed\u0161e se o n\u00e1s&nbsp; tak\u00e9 v&nbsp;novin\u00e1ch.<\/p>\n\n\n\n<p>\u0158editelkou \u0161koly je nad\u00e1la Zde\u0148ka Dost\u00e1lov\u00e1 a ona je\nsou\u010dasn\u011b p\u0159edsedkyn\u00ed Sboru pro ob\u010dansk\u00e9 z\u00e1le\u017eitosti. <\/p>\n\n\n\n<p>U\u010ditel\u00e9:<\/p>\n\n\n\n<p>Vlastimila Drab\u00e1lkov\u00e1, Jarmila Horov\u00e1, Lanka B\u00ednkov\u00e1, Helena\nPavlack\u00e1, Hana F\u00edlov\u00e1, Jarom\u00edr \u010cuta, Jaroslav Bulant, Josef \u010cern\u00fd, Ji\u0159ina\nKul\u00ed\u0161kov\u00e1, Marta Ba\u017eantov\u00e1, Zde\u0148ka Stossov\u00e1.<\/p>\n\n\n\n<figure class=\"wp-block-image size-large\"><img loading=\"lazy\" decoding=\"async\" width=\"842\" height=\"605\" src=\"http:\/\/symbivita.cz\/blog\/wp-content\/uploads\/2020\/09\/1982-U\u010ditel\u00e9.jpg\" alt=\"\" class=\"wp-image-1038\" srcset=\"https:\/\/symbivita.cz\/blog\/wp-content\/uploads\/2020\/09\/1982-U\u010ditel\u00e9.jpg 842w, https:\/\/symbivita.cz\/blog\/wp-content\/uploads\/2020\/09\/1982-U\u010ditel\u00e9-300x216.jpg 300w, https:\/\/symbivita.cz\/blog\/wp-content\/uploads\/2020\/09\/1982-U\u010ditel\u00e9-768x552.jpg 768w\" sizes=\"(max-width: 842px) 100vw, 842px\" \/><\/figure>\n\n\n\n<figure class=\"wp-block-image size-large\"><img loading=\"lazy\" decoding=\"async\" width=\"845\" height=\"606\" src=\"http:\/\/symbivita.cz\/blog\/wp-content\/uploads\/2020\/09\/82-83-3.t\u0159\u00edda.jpg\" alt=\"\" class=\"wp-image-1039\" srcset=\"https:\/\/symbivita.cz\/blog\/wp-content\/uploads\/2020\/09\/82-83-3.t\u0159\u00edda.jpg 845w, https:\/\/symbivita.cz\/blog\/wp-content\/uploads\/2020\/09\/82-83-3.t\u0159\u00edda-300x215.jpg 300w, https:\/\/symbivita.cz\/blog\/wp-content\/uploads\/2020\/09\/82-83-3.t\u0159\u00edda-768x551.jpg 768w\" sizes=\"(max-width: 845px) 100vw, 845px\" \/><\/figure>\n\n\n\n<figure class=\"wp-block-image size-large\"><img loading=\"lazy\" decoding=\"async\" width=\"846\" height=\"605\" src=\"http:\/\/symbivita.cz\/blog\/wp-content\/uploads\/2020\/09\/82-83-4.t\u0159\u00edda.jpg\" alt=\"\" class=\"wp-image-1040\" srcset=\"https:\/\/symbivita.cz\/blog\/wp-content\/uploads\/2020\/09\/82-83-4.t\u0159\u00edda.jpg 846w, https:\/\/symbivita.cz\/blog\/wp-content\/uploads\/2020\/09\/82-83-4.t\u0159\u00edda-300x215.jpg 300w, https:\/\/symbivita.cz\/blog\/wp-content\/uploads\/2020\/09\/82-83-4.t\u0159\u00edda-768x549.jpg 768w\" sizes=\"(max-width: 846px) 100vw, 846px\" \/><\/figure>\n\n\n\n<figure class=\"wp-block-image size-large\"><img loading=\"lazy\" decoding=\"async\" width=\"847\" height=\"605\" src=\"http:\/\/symbivita.cz\/blog\/wp-content\/uploads\/2020\/09\/82-83-5.A.jpg\" alt=\"\" class=\"wp-image-1041\" srcset=\"https:\/\/symbivita.cz\/blog\/wp-content\/uploads\/2020\/09\/82-83-5.A.jpg 847w, https:\/\/symbivita.cz\/blog\/wp-content\/uploads\/2020\/09\/82-83-5.A-300x214.jpg 300w, https:\/\/symbivita.cz\/blog\/wp-content\/uploads\/2020\/09\/82-83-5.A-768x549.jpg 768w\" sizes=\"(max-width: 847px) 100vw, 847px\" \/><\/figure>\n\n\n\n<figure class=\"wp-block-image size-large\"><img loading=\"lazy\" decoding=\"async\" width=\"850\" height=\"603\" src=\"http:\/\/symbivita.cz\/blog\/wp-content\/uploads\/2020\/09\/82-83-5.B.jpg\" alt=\"\" class=\"wp-image-1042\" srcset=\"https:\/\/symbivita.cz\/blog\/wp-content\/uploads\/2020\/09\/82-83-5.B.jpg 850w, https:\/\/symbivita.cz\/blog\/wp-content\/uploads\/2020\/09\/82-83-5.B-300x213.jpg 300w, https:\/\/symbivita.cz\/blog\/wp-content\/uploads\/2020\/09\/82-83-5.B-768x545.jpg 768w\" sizes=\"(max-width: 850px) 100vw, 850px\" \/><\/figure>\n\n\n\n<figure class=\"wp-block-image size-large\"><img loading=\"lazy\" decoding=\"async\" width=\"851\" height=\"601\" src=\"http:\/\/symbivita.cz\/blog\/wp-content\/uploads\/2020\/09\/82-83-6.t\u0159\u00edda.jpg\" alt=\"\" class=\"wp-image-1043\" srcset=\"https:\/\/symbivita.cz\/blog\/wp-content\/uploads\/2020\/09\/82-83-6.t\u0159\u00edda.jpg 851w, https:\/\/symbivita.cz\/blog\/wp-content\/uploads\/2020\/09\/82-83-6.t\u0159\u00edda-300x212.jpg 300w, https:\/\/symbivita.cz\/blog\/wp-content\/uploads\/2020\/09\/82-83-6.t\u0159\u00edda-768x542.jpg 768w\" sizes=\"(max-width: 851px) 100vw, 851px\" \/><\/figure>\n\n\n\n<figure class=\"wp-block-image size-large\"><img loading=\"lazy\" decoding=\"async\" width=\"847\" height=\"604\" src=\"http:\/\/symbivita.cz\/blog\/wp-content\/uploads\/2020\/09\/82-83-7.A.jpg\" alt=\"\" class=\"wp-image-1044\" srcset=\"https:\/\/symbivita.cz\/blog\/wp-content\/uploads\/2020\/09\/82-83-7.A.jpg 847w, https:\/\/symbivita.cz\/blog\/wp-content\/uploads\/2020\/09\/82-83-7.A-300x214.jpg 300w, https:\/\/symbivita.cz\/blog\/wp-content\/uploads\/2020\/09\/82-83-7.A-768x548.jpg 768w\" sizes=\"(max-width: 847px) 100vw, 847px\" \/><\/figure>\n\n\n\n<figure class=\"wp-block-image size-large\"><img loading=\"lazy\" decoding=\"async\" width=\"847\" height=\"604\" src=\"http:\/\/symbivita.cz\/blog\/wp-content\/uploads\/2020\/09\/82-83-7.B.jpg\" alt=\"\" class=\"wp-image-1045\" srcset=\"https:\/\/symbivita.cz\/blog\/wp-content\/uploads\/2020\/09\/82-83-7.B.jpg 847w, https:\/\/symbivita.cz\/blog\/wp-content\/uploads\/2020\/09\/82-83-7.B-300x214.jpg 300w, https:\/\/symbivita.cz\/blog\/wp-content\/uploads\/2020\/09\/82-83-7.B-768x548.jpg 768w\" sizes=\"(max-width: 847px) 100vw, 847px\" \/><\/figure>\n\n\n\n<figure class=\"wp-block-image size-large\"><img loading=\"lazy\" decoding=\"async\" width=\"843\" height=\"608\" src=\"http:\/\/symbivita.cz\/blog\/wp-content\/uploads\/2020\/09\/82-83-8.A.jpg\" alt=\"\" class=\"wp-image-1046\" srcset=\"https:\/\/symbivita.cz\/blog\/wp-content\/uploads\/2020\/09\/82-83-8.A.jpg 843w, https:\/\/symbivita.cz\/blog\/wp-content\/uploads\/2020\/09\/82-83-8.A-300x216.jpg 300w, https:\/\/symbivita.cz\/blog\/wp-content\/uploads\/2020\/09\/82-83-8.A-768x554.jpg 768w\" sizes=\"(max-width: 843px) 100vw, 843px\" \/><\/figure>\n\n\n\n<figure class=\"wp-block-image size-large\"><img loading=\"lazy\" decoding=\"async\" width=\"852\" height=\"601\" src=\"http:\/\/symbivita.cz\/blog\/wp-content\/uploads\/2020\/09\/82-83-8.B.jpg\" alt=\"\" class=\"wp-image-1047\" srcset=\"https:\/\/symbivita.cz\/blog\/wp-content\/uploads\/2020\/09\/82-83-8.B.jpg 852w, https:\/\/symbivita.cz\/blog\/wp-content\/uploads\/2020\/09\/82-83-8.B-300x212.jpg 300w, https:\/\/symbivita.cz\/blog\/wp-content\/uploads\/2020\/09\/82-83-8.B-768x542.jpg 768w\" sizes=\"(max-width: 852px) 100vw, 852px\" \/><\/figure>\n\n\n\n<figure class=\"wp-block-image size-large\"><img loading=\"lazy\" decoding=\"async\" width=\"1024\" height=\"671\" src=\"http:\/\/symbivita.cz\/blog\/wp-content\/uploads\/2020\/09\/1982-M\u0160-I-1024x671.jpg\" alt=\"\" class=\"wp-image-1048\" srcset=\"https:\/\/symbivita.cz\/blog\/wp-content\/uploads\/2020\/09\/1982-M\u0160-I-1024x671.jpg 1024w, https:\/\/symbivita.cz\/blog\/wp-content\/uploads\/2020\/09\/1982-M\u0160-I-300x197.jpg 300w, https:\/\/symbivita.cz\/blog\/wp-content\/uploads\/2020\/09\/1982-M\u0160-I-768x503.jpg 768w, https:\/\/symbivita.cz\/blog\/wp-content\/uploads\/2020\/09\/1982-M\u0160-I.jpg 1050w\" sizes=\"(max-width: 1024px) 100vw, 1024px\" \/><\/figure>\n\n\n\n<p>M\u0160- \u0158editelka Bo\u017eena Tre\u0161kov\u00e1 ( z&nbsp;Boleradic). Bo\u017eena Mnacakanov\u00e1.<\/p>\n\n\n\n<figure class=\"wp-block-image size-large\"><img loading=\"lazy\" decoding=\"async\" width=\"921\" height=\"556\" src=\"http:\/\/symbivita.cz\/blog\/wp-content\/uploads\/2020\/09\/1982-M\u0160-II.jpg\" alt=\"\" class=\"wp-image-1049\" srcset=\"https:\/\/symbivita.cz\/blog\/wp-content\/uploads\/2020\/09\/1982-M\u0160-II.jpg 921w, https:\/\/symbivita.cz\/blog\/wp-content\/uploads\/2020\/09\/1982-M\u0160-II-300x181.jpg 300w, https:\/\/symbivita.cz\/blog\/wp-content\/uploads\/2020\/09\/1982-M\u0160-II-768x464.jpg 768w\" sizes=\"(max-width: 921px) 100vw, 921px\" \/><\/figure>\n\n\n\n<figure class=\"wp-block-image size-large\"><img loading=\"lazy\" decoding=\"async\" width=\"763\" height=\"542\" src=\"http:\/\/symbivita.cz\/blog\/wp-content\/uploads\/2020\/09\/1982-M\u0160-IV.jpg\" alt=\"\" class=\"wp-image-1050\" srcset=\"https:\/\/symbivita.cz\/blog\/wp-content\/uploads\/2020\/09\/1982-M\u0160-IV.jpg 763w, https:\/\/symbivita.cz\/blog\/wp-content\/uploads\/2020\/09\/1982-M\u0160-IV-300x213.jpg 300w\" sizes=\"(max-width: 763px) 100vw, 763px\" \/><\/figure>\n\n\n\n<p>SPOZ<\/p>\n\n\n\n<p>4 x&nbsp; za rok je v\u00edt\u00e1n\u00ed\nnovoroze\u0148at, 1x zlat\u00e1 svatba, slib pion\u00fdr\u016f a jisker, p\u0159ed\u00e1v\u00e1n\u00ed ob\u010dansk\u00fdch\npr\u016fkaz\u016f patn\u00e1ctilet\u00fdm, rozlou\u010den\u00ed s&nbsp;branci odch\u00e1zej\u00ed na vojnu a\ns&nbsp;\u017e\u00e1ky, kte\u0159\u00ed vy\u0161li&nbsp; \u0161kolu.\nBlahop\u0159\u00e1n\u00ed star\u0161\u00edm ob\u010dan\u016fm a k&nbsp;v\u00fdznamn\u00fdm osobn\u00edm&nbsp; v\u00fdro\u010d\u00edm, prov\u00e1d\u011bny n\u00e1v\u0161t\u011bvy u star\u0161\u00edch ob\u010dan\u016f\n80 let. Blahop\u0159\u00e1n\u00ed novoman\u017eel\u016fm a kondolence rodin\u00e1m zesnul\u00fdch.<\/p>\n\n\n\n<p>26.z\u00e1\u0159\u00ed \u2013 v\u00edt\u00e1n\u00ed ob\u010d\u00e1nk\u016f.<\/p>\n\n\n\n<p>27. z\u00e1\u0159\u00ed- rozlou\u010den\u00ed s&nbsp;branci. Byli to: Pavel\nStrouhal, Josef Strouhal.<\/p>\n\n\n\n<p>7.listopadu- v\u00edt\u00e1n\u00ed ob\u010d\u00e1nk\u016f.<\/p>\n\n\n\n<p>Nikol\u010dick\u00e9 fonot\u00e9ky jsou obl\u00edbeny i mezi p\u0159espoln\u00ed ml\u00e1de\u017e\u00ed.\nSSM jich zorganizovalo p\u011bt. Jako DJ p\u016fsob\u00ed ing. Stanislav Stan\u011bk, kter\u00fd vlastn\u00ed\nbohatou z\u00e1sobu kvalitn\u00edch nahr\u00e1vek a dokonalou zvukovou i optickou aparaturu.<\/p>\n\n\n\n<p class=\"has-text-color has-vivid-red-color\"><strong>1983<\/strong><\/p>\n\n\n\n<p>V\u00fdznamn\u00fd sr\u00e1\u017ekov\u00fd deficit.<\/p>\n\n\n\n<p>1. ledna\nvych\u00e1z\u00ed m\u00edstn\u00ed zpravodaj pod n\u00e1zvem \u201eNikol\u010dick\u00fd zpravodaj\u201c. P\u0159in\u00e1\u0161\u00ed r\u016fzn\u00e9\nzpr\u00e1vy o m\u00edstn\u00edm d\u011bn\u00ed, \u010dl\u00e1nky z&nbsp;vlastiv\u011bdy a historie obce. Vyd\u00e1v\u00e1 ho\nkulturn\u011b \u0161kolsk\u00e1 komise a osv\u011btov\u00e1 beseda ve spolupr\u00e1ci s&nbsp;kronik\u00e1\u0159em obce.\nVlastiv\u011bdn\u00e9 \u010dl\u00e1nky p\u00ed\u0161e Josef \u010cern\u00fd, sportovn\u00ed zpr\u00e1vy nej\u010dast\u011bji Jarom\u00edr \u010cuta,\nspole\u010denskou kroniku m\u00e1 na starosti Libu\u0161e Brychtov\u00e1, ob\u010das vy\u0161ly \u010dl\u00e1nky i\njin\u00fdch p\u0159isp\u011bvatel\u016f. Tisk zaji\u0161\u0165uje v&nbsp;JZD ing. Helena Koke\u0161ov\u00e1. Do\ndom\u016f \u010dasopis&nbsp; don\u00e1\u0161\u00ed po\u0161tovn\u00ed\ndoru\u010dovatelka Milena Vahalov\u00e1. Dle reakce ob\u010dan\u016f je \u010dasopis pot\u0159ebn\u00fd, \u017e\u00e1dan\u00fd a\nobl\u00edben\u00fd.<\/p>\n\n\n\n<p>V&nbsp;tomto roce vy\u0161lo 10 \u010d\u00edsel.<\/p>\n\n\n\n<p>12. ledna\nse kon\u00e1 v&nbsp;s\u00e1le Osv\u011btov\u00e9 besedy Nikol\u010dick\u00e1 lyra- poprv\u00e9 i pro ve\u0159ejnost.<\/p>\n\n\n\n<figure class=\"wp-block-image size-large is-resized\"><img loading=\"lazy\" decoding=\"async\" src=\"http:\/\/symbivita.cz\/blog\/wp-content\/uploads\/2020\/09\/1983-Nikol\u010dick\u00e1-lyra.jpg\" alt=\"\" class=\"wp-image-1052\" width=\"296\" height=\"470\" srcset=\"https:\/\/symbivita.cz\/blog\/wp-content\/uploads\/2020\/09\/1983-Nikol\u010dick\u00e1-lyra.jpg 442w, https:\/\/symbivita.cz\/blog\/wp-content\/uploads\/2020\/09\/1983-Nikol\u010dick\u00e1-lyra-189x300.jpg 189w\" sizes=\"(max-width: 296px) 100vw, 296px\" \/><\/figure>\n\n\n\n<p>14. ledna\nje spole\u010densk\u00fd ples, kde hraje L\u00e1caranka z&nbsp;Kobyl\u00ed.<\/p>\n\n\n\n<p>22. ledna\npo\u0159\u00e1d\u00e1 MS se s\u00eddlem v&nbsp;\u0160itbo\u0159ic\u00edch ples v&nbsp;s\u00e1le sokolovny v&nbsp;\u0160itbo\u0159ic\u00edch.<\/p>\n\n\n\n<p>U n\u00e1s se\nuskute\u010dnil d\u011btsk\u00fd karneval, m\u011bl t\u0159\u00edhodinov\u00fd bohat\u00fd program. V&nbsp;mask\u00e1ch byly\ni star\u0161\u00ed ro\u010dn\u00edky. Nacvi\u010dily \u00favodn\u00ed tane\u010dn\u00ed vystoupen\u00ed. Po\u0159\u00e1dal \u010cS\u017d.<\/p>\n\n\n\n<figure class=\"wp-block-image size-large\"><img loading=\"lazy\" decoding=\"async\" width=\"1024\" height=\"393\" src=\"http:\/\/symbivita.cz\/blog\/wp-content\/uploads\/2020\/09\/1983-karneval-1024x393.jpg\" alt=\"\" class=\"wp-image-1053\" srcset=\"https:\/\/symbivita.cz\/blog\/wp-content\/uploads\/2020\/09\/1983-karneval-1024x393.jpg 1024w, https:\/\/symbivita.cz\/blog\/wp-content\/uploads\/2020\/09\/1983-karneval-300x115.jpg 300w, https:\/\/symbivita.cz\/blog\/wp-content\/uploads\/2020\/09\/1983-karneval-768x295.jpg 768w, https:\/\/symbivita.cz\/blog\/wp-content\/uploads\/2020\/09\/1983-karneval.jpg 1343w\" sizes=\"(max-width: 1024px) 100vw, 1024px\" \/><\/figure>\n\n\n\n<p>Sedm\u00e1ci\nbyli tou dobou na ly\u017ea\u0159sk\u00e9m v\u00fdcviku v&nbsp;Malenovic\u00edch. Hlavn\u00edm vedouc\u00edm byl\nJarom\u00edr \u010cuta.<\/p>\n\n\n\n<p class=\"has-text-color has-vivid-cyan-blue-color\">28.ledna\nzem\u0159el <a href=\"https:\/\/cs.wikipedia.org\/wiki\/Louis_de_Fun%C3%A8s\">Louis de Fun\u00e8s<\/a>,&nbsp;<a href=\"https:\/\/cs.wikipedia.org\/wiki\/Francie\">francouzsk\u00fd<\/a>&nbsp;herec\na komik (*&nbsp;<a href=\"https:\/\/cs.wikipedia.org\/wiki\/31._%C4%8Dervenec\">31. \u010dervence<\/a>&nbsp;<a href=\"https:\/\/cs.wikipedia.org\/wiki\/1914\">1914<\/a>)<\/p>\n\n\n\n<p>5. \u00fanora\nples v&nbsp;Nikol\u010dic\u00edch po\u0159\u00e1d\u00e1 SRP\u0160. Hraje hudba JZD Vranovice.<\/p>\n\n\n\n<p>13. \u00fanora\npo\u0159\u00e1daj\u00ed zahr\u00e1dk\u00e1\u0159i v\u00fdstavu v\u00edn s&nbsp;pojenou s&nbsp;ostatkovou z\u00e1bavou.\nP\u0159ijeli&nbsp; tak\u00e9 vina\u0159i z&nbsp;dru\u017eebn\u00ed\nslovensk\u00e9 organizace Siladice okr. Trnava. \u00da\u010dast dom\u00e1c\u00edch byla slab\u00e1.<\/p>\n\n\n\n<p>Hodnocen\u00ed\nv\u00edn, bylo ji\u017e 6. \u00fanora.<\/p>\n\n\n\n<figure class=\"wp-block-image size-large\"><img loading=\"lazy\" decoding=\"async\" width=\"786\" height=\"552\" src=\"http:\/\/symbivita.cz\/blog\/wp-content\/uploads\/2020\/09\/1983-vina\u0159i-katalog-I.jpg\" alt=\"\" class=\"wp-image-1054\" srcset=\"https:\/\/symbivita.cz\/blog\/wp-content\/uploads\/2020\/09\/1983-vina\u0159i-katalog-I.jpg 786w, https:\/\/symbivita.cz\/blog\/wp-content\/uploads\/2020\/09\/1983-vina\u0159i-katalog-I-300x211.jpg 300w, https:\/\/symbivita.cz\/blog\/wp-content\/uploads\/2020\/09\/1983-vina\u0159i-katalog-I-768x539.jpg 768w\" sizes=\"(max-width: 786px) 100vw, 786px\" \/><\/figure>\n\n\n\n<figure class=\"wp-block-image size-large\"><img loading=\"lazy\" decoding=\"async\" width=\"786\" height=\"552\" src=\"http:\/\/symbivita.cz\/blog\/wp-content\/uploads\/2020\/09\/1983-vina\u0159i-katalog-II.jpg\" alt=\"\" class=\"wp-image-1055\" srcset=\"https:\/\/symbivita.cz\/blog\/wp-content\/uploads\/2020\/09\/1983-vina\u0159i-katalog-II.jpg 786w, https:\/\/symbivita.cz\/blog\/wp-content\/uploads\/2020\/09\/1983-vina\u0159i-katalog-II-300x211.jpg 300w, https:\/\/symbivita.cz\/blog\/wp-content\/uploads\/2020\/09\/1983-vina\u0159i-katalog-II-768x539.jpg 768w\" sizes=\"(max-width: 786px) 100vw, 786px\" \/><\/figure>\n\n\n\n<p>Studen\u00e9 jaro zp\u016fsobilo\nopo\u017ed\u011bn\u00ed vegetace.<\/p>\n\n\n\n<p>V&nbsp;p\u0159edja\u0159\u00ed\nprob\u011bhl kurs pleten\u00ed (Marie Ne\u010dasov\u00e1) a kurs studen\u00e9 kuchyn\u011b. <\/p>\n\n\n\n<p class=\"has-text-color has-vivid-cyan-blue-color\"><a href=\"https:\/\/cs.wikipedia.org\/wiki\/4._b%C5%99ezen\">4. b\u0159ezna<\/a>&nbsp;\u2013\nT\u011b\u017ece nemocn\u00fd&nbsp;<a href=\"https:\/\/cs.wikipedia.org\/wiki\/V%C3%A1clav_Havel\">V\u00e1clav Havel<\/a>&nbsp;byl\nna \u017e\u00e1dost Charty 77 propu\u0161t\u011bn z&nbsp;v\u011bzen\u00ed.<\/p>\n\n\n\n<p>6. b\u0159ezna oslava MD\u017d.\nOrganizoval \u010cS\u017d p\u0159i barevn\u00e9 diskohudb\u011b, kterou uv\u00e1d\u011bl ing. Stan\u011bk a tak\u00e9 bylo\nvystoupen\u00ed d\u00edv\u010d\u00edho folkl\u00f3rn\u00edho souboru z&nbsp;Div\u00e1k, kter\u00fd pod veden\u00edm Marie\nN\u011bme\u010dkov\u00e9 p\u0159edvedl p\u00edsn\u011b z&nbsp;Hustope\u010dska a pokra\u010doval netradi\u010dn\u011b vystoupen\u00ed\nsouboru MIX.<\/p>\n\n\n\n<p>SPOZ v&nbsp;r\u00e1mci MD\u017d\nprovedl n\u00e1v\u0161t\u011bvu u sedmi osam\u011bl\u00fdch stra\u0161\u00edch \u017een s&nbsp;drobnou pozornost\u00ed.<\/p>\n\n\n\n<p>Tane\u010dn\u00ed krou\u017eek MIX vedeny\nu\u010ditelkou Jan\u00e1\u010dkovou z\u00edskal 1. m\u00edsto v&nbsp;okresn\u00edm kole v&nbsp;sout\u011b\u017ei Zlat\u00e1\nr\u016f\u017ee. P\u0159edvedl d\u017eesbaletn\u00ed skladbu \u017divot.<\/p>\n\n\n\n<p class=\"has-text-color has-vivid-cyan-blue-color\"><a href=\"https:\/\/cs.wikipedia.org\/wiki\/15._b%C5%99ezen\">15. b\u0159ezna<\/a>&nbsp;\nzem\u0159el &nbsp;<a href=\"https:\/\/cs.wikipedia.org\/wiki\/Old%C5%99ich_Nov%C3%BD\">Old\u0159ich Nov\u00fd<\/a>,\n\u010desk\u00fd herec (*&nbsp;<a href=\"https:\/\/cs.wikipedia.org\/wiki\/7._srpen\">7. srpna<\/a>&nbsp;<a href=\"https:\/\/cs.wikipedia.org\/wiki\/1899\">1899<\/a>)<\/p>\n\n\n\n<p>24.\nb\u0159ezna- rozlou\u010den\u00ed s&nbsp;branci. Byli to: Ji\u0159\u00ed N\u011bme\u010dek, Karel Sedl\u00e1k,\nVlastislav Klob\u00e1sa, Vladim\u00edr Vrbas.<\/p>\n\n\n\n<p class=\"has-text-color has-vivid-cyan-blue-color\">28.<a href=\"https:\/\/cs.wikipedia.org\/wiki\/27._b%C5%99ezen\">b\u0159ezna<\/a>&nbsp;\u2013 Org\u00e1ny&nbsp;<a href=\"https:\/\/cs.wikipedia.org\/wiki\/St%C3%A1tn%C3%AD_bezpe%C4%8Dnost\">StB<\/a>&nbsp;podnikly\npod n\u00e1zvem akce \u201eV\u00edr\u201c plo\u0161n\u00fd z\u00e1tah proti \u0159eholn\u00edk\u016fm&nbsp;<a href=\"https:\/\/cs.wikipedia.org\/wiki\/Franti%C5%A1k%C3%A1ni\">franti\u0161k\u00e1nsk\u00e9ho \u0159\u00e1du<\/a>&nbsp;na\ncel\u00e9m \u00fazem\u00ed \u010ceskoslovenska, kter\u00fd zahrnoval domovn\u00ed prohl\u00eddky a v\u00fdslechy.<\/p>\n\n\n\n<p>10.\ndubna- v\u00edt\u00e1n\u00ed ob\u010d\u00e1nk\u016f ( posledn\u00ed z\u00e1pis v&nbsp;kronice SPOZ)<\/p>\n\n\n\n<p>15.dubna-\noslava 38. v\u00fdro\u010d\u00ed osvobozen\u00ed obce. Tento den p\u0159evzalo 11 patn\u00e1ctilet\u00fdch \u0161kol\u00e1k\u016f\nob\u010dansk\u00fd pr\u016fkaz.<\/p>\n\n\n\n<p>Atletick\u00fd\nkrou\u017eek u\u010ditele \u010cuty z\u00edskal v&nbsp;okresn\u00edm p\u0159eboru v&nbsp;atletice nejvy\u0161\u0161\u00ed\npo\u010det medail\u00ed. Nap\u0159\u00edklad. Padev\u011bt 3. m\u00edsto na 1000m, Ba\u017eantov\u00e1 1. m\u00edsto na 600\nm, Brychtov\u00e1 1. m\u00edsto na 800m. Dal\u0161\u00ed medaile z\u00edskali Koutn\u00fd, Pape\u017e, Rabovsk\u00fd a\nOt\u0159\u00edsalov\u00e1.<\/p>\n\n\n\n<p>&nbsp;\u00da\u010dastnili se tak\u00e9 \u201eB\u011bhu osvobozen\u00ed P\u0159\u00edsnotic\u201c\na&nbsp; v&nbsp;konkurenci cel\u00e9ho kraje z\u00edskali\nna\u0161i \u017e\u00e1ci na trati 1000m dv\u011b v\u00edt\u011bzstv\u00ed &nbsp;&nbsp;&nbsp;&nbsp;&nbsp;&nbsp;&nbsp;&nbsp;&nbsp;&nbsp;&nbsp;&nbsp;&nbsp;(Pape\u017e, Ba\u017eantov\u00e1) a jedno 3.\nm\u00edsto (Brychtov\u00e1).<\/p>\n\n\n\n<p>V\u00e1clav\nPokorn\u00fd tam z\u00edskal druh\u00e9 m\u00edsto, stejn\u011b jako pozd\u011bji v&nbsp;Ivan\u010dic\u00edch, B\u0159eclavi\na Mikul\u010dic\u00edch.V b\u011bhu MF Pokorn\u00fd v\u00edt\u011bz\u00ed a postupuje do krajsk\u00e9ho kola. Na\nokresn\u00edch p\u0159eborech v&nbsp;LA se Pokorn\u00fd st\u00e1v\u00e1 p\u0159eborn\u00edkem okresu na 800 m.\nJe&nbsp; v\u00edt\u011bzem tak\u00e9 b\u011bhu RP a postupuje do\nkrajsk\u00e9ho kola. ( N\u010c I str 75)<\/p>\n\n\n\n<p>17. dubna\np\u0159edvelikono\u010dn\u00ed burzu oble\u010den\u00ed a obut\u00ed uspo\u0159\u00e1dal \u010cS\u017d.<\/p>\n\n\n\n<p>&nbsp;Posledn\u00ed rozlou\u010den\u00ed s&nbsp;ob\u010danem Janem\nVahalou.<\/p>\n\n\n\n<p>25. dubna\nset\u00ed okurek, \u017eel nevze\u0161ly a nedaly \u017e\u00e1dnou \u00farodu. Podobn\u011b to bylo s&nbsp;raj\u010daty\na paprikou.<\/p>\n\n\n\n<p>Meru\u0148ky\nzr\u00e1ly o 14 dn\u00ed pozd\u011bji, ale bylo jich dost.<\/p>\n\n\n\n<p>1.kv\u011btna\nje vypraven autobus s&nbsp;vlekem od \u0161koly. \u017d\u00e1ci a ob\u010dan\u00e9 jedou oslavovat 1.\nm\u00e1j do Hustope\u010d\u00ed.<\/p>\n\n\n\n<p>Kv\u011bten-\nslib pion\u00fdr\u016f.<\/p>\n\n\n\n<p>Kino\np\u0159eru\u0161uje provoz. Je ztr\u00e1tov\u00fd, nen\u00ed z\u00e1jem a \u00fa\u010dast.<\/p>\n\n\n\n<p>25.\nkv\u011btna- Sbor pro ob\u010dansk\u00e9 z\u00e1le\u017eitosti&nbsp; (SPOZ)\nm\u00e1 8 \u010dlenek. P\u0159edsedkyn\u00ed je \u0159editelka&nbsp;\n\u0161koly Zde\u0148ka Dost\u00e1lov\u00e1.<\/p>\n\n\n\n<p>&nbsp;4 x&nbsp;\nbylo v\u00edt\u00e1n\u00ed ob\u010d\u00e1nk\u016f. V\u0161em ob\u010dan\u016fm nad 70 let pos\u00edl\u00e1 sbor p\u00edsemn\u00e9\nblahop\u0159\u00e1n\u00ed k&nbsp;narozenin\u00e1m (54), ob\u010dany nad 80 let z\u00e1stupci sboru osobn\u011b\nnav\u0161t\u011bvuj\u00ed a p\u0159ed\u00e1vaj\u00ed p\u00edsemn\u00e1 blahop\u0159\u00e1n\u00ed a d\u00e1rek. Pan\u00ed Terezii Langov\u00e9 87 let,\nkter\u00e1 bydl\u00ed v&nbsp;Gottwaldov\u011b bylo posl\u00e1no blahop\u0159\u00e1n\u00ed a d\u00e1rek. Po\u0161tou. Panu\nKarlu Hrabcovi k&nbsp;80. narozenin\u00e1m bylo zaji\u0161t\u011bno hudebn\u00ed blahop\u0159\u00e1n\u00ed v&nbsp;\u010cs.\nrozhlase.<\/p>\n\n\n\n<figure class=\"wp-block-image size-large\"><img loading=\"lazy\" decoding=\"async\" width=\"483\" height=\"368\" src=\"http:\/\/symbivita.cz\/blog\/wp-content\/uploads\/2020\/09\/1983-v\u00edt\u00e1n\u00ed-ob\u010d\u00e1nk\u016f.jpg\" alt=\"\" class=\"wp-image-1056\" srcset=\"https:\/\/symbivita.cz\/blog\/wp-content\/uploads\/2020\/09\/1983-v\u00edt\u00e1n\u00ed-ob\u010d\u00e1nk\u016f.jpg 483w, https:\/\/symbivita.cz\/blog\/wp-content\/uploads\/2020\/09\/1983-v\u00edt\u00e1n\u00ed-ob\u010d\u00e1nk\u016f-300x229.jpg 300w\" sizes=\"(max-width: 483px) 100vw, 483px\" \/><\/figure>\n\n\n\n<p>V\u0161em\nnovoman\u017eel\u016fm byla zasl\u00e1na blahop\u0159\u00e1n\u00ed, rodin\u00e1m zesnul\u00fdch byla m\u00edstn\u00edm rozhlasem\nvys\u00edl\u00e1na&nbsp; relace. Ke dni u\u010ditel\u016f rozeslal\nsbor blahop\u0159\u00e1n\u00ed u\u010ditel\u016fm Z\u0160 a M\u0160.<\/p>\n\n\n\n<p>Ke 30.\nv\u00fdro\u010d\u00ed zalo\u017een\u00ed SPOZ v&nbsp;Nikol\u010dic\u00edch se konal slavnostn\u00ed aktiv a byla\nrozd\u00e1na uzn\u00e1n\u00ed Zde\u0148ce Dost\u00e1lov\u00e9, And\u011ble L\u00edzalov\u00e9, Libu\u0161i Brychtov\u00e9, Bo\u017een\u011b\nMnacakanov\u00e9, Josefu \u010cern\u00e9mu a Vlastimile Drab\u00e1lkov\u00e9. <\/p>\n\n\n\n<figure class=\"wp-block-image size-large\"><img loading=\"lazy\" decoding=\"async\" width=\"469\" height=\"315\" src=\"http:\/\/symbivita.cz\/blog\/wp-content\/uploads\/2020\/09\/1983-SPOZ-30-let.jpg\" alt=\"\" class=\"wp-image-1057\" srcset=\"https:\/\/symbivita.cz\/blog\/wp-content\/uploads\/2020\/09\/1983-SPOZ-30-let.jpg 469w, https:\/\/symbivita.cz\/blog\/wp-content\/uploads\/2020\/09\/1983-SPOZ-30-let-300x201.jpg 300w\" sizes=\"(max-width: 469px) 100vw, 469px\" \/><\/figure>\n\n\n\n<p>27.a.28.\nkv\u011btna jeli na\u0161i \u017e\u00e1ci do Zelnic na XXII Zelenick\u00e9 hry, kde se&nbsp; na\u0161i&nbsp;\n\u017e\u00e1ci um\u00edstili na druh\u00e9m m\u00edst\u011b.<\/p>\n\n\n\n<p class=\"has-text-color has-vivid-cyan-blue-color\">30.kv\u011btna \u2013 Setk\u00e1n\u00ed v\u016fdc\u016f zem\u00ed Var\u0161avsk\u00e9 smlouvy v&nbsp;Praze.<\/p>\n\n\n\n<p>28.\nkv\u011btna sraz absolvent\u016f Z\u0160, kte\u0159\u00ed ukon\u010dili \u0161koln\u00ed doch\u00e1zku v&nbsp;roce 1963 (Po\n20 letech).<\/p>\n\n\n\n<p>Odpov.\nPavel Urb\u00e1nek<\/p>\n\n\n\n<p>11.\n\u010dervna sraz absolvent\u016f Z\u0160, kte\u0159\u00ed ukon\u010dili \u0161koln\u00ed doch\u00e1zku v&nbsp;roce 1968 (Po\n15 letech).<\/p>\n\n\n\n<p>Odpov.\nIng.V\u00e1clav Hlav\u00e1\u010dek<\/p>\n\n\n\n<p>A stejn\u00fd\nden m\u011bli sraz pades\u00e1tn\u00edci odpov. Kv\u011btoslava Petrlov\u00e1.<\/p>\n\n\n\n<figure class=\"wp-block-image size-large\"><img loading=\"lazy\" decoding=\"async\" width=\"1024\" height=\"621\" src=\"http:\/\/symbivita.cz\/blog\/wp-content\/uploads\/2020\/09\/1983-Sraz-pades\u00e1tn\u00edk\u016f-1024x621.jpg\" alt=\"\" class=\"wp-image-1058\" srcset=\"https:\/\/symbivita.cz\/blog\/wp-content\/uploads\/2020\/09\/1983-Sraz-pades\u00e1tn\u00edk\u016f-1024x621.jpg 1024w, https:\/\/symbivita.cz\/blog\/wp-content\/uploads\/2020\/09\/1983-Sraz-pades\u00e1tn\u00edk\u016f-300x182.jpg 300w, https:\/\/symbivita.cz\/blog\/wp-content\/uploads\/2020\/09\/1983-Sraz-pades\u00e1tn\u00edk\u016f-768x466.jpg 768w, https:\/\/symbivita.cz\/blog\/wp-content\/uploads\/2020\/09\/1983-Sraz-pades\u00e1tn\u00edk\u016f.jpg 1036w\" sizes=\"(max-width: 1024px) 100vw, 1024px\" \/><\/figure>\n\n\n\n<figure class=\"wp-block-image size-large\"><img loading=\"lazy\" decoding=\"async\" width=\"1022\" height=\"656\" src=\"http:\/\/symbivita.cz\/blog\/wp-content\/uploads\/2020\/09\/1983-Sraz-pades\u00e1tn\u00edk\u016f-II.jpg\" alt=\"\" class=\"wp-image-1059\" srcset=\"https:\/\/symbivita.cz\/blog\/wp-content\/uploads\/2020\/09\/1983-Sraz-pades\u00e1tn\u00edk\u016f-II.jpg 1022w, https:\/\/symbivita.cz\/blog\/wp-content\/uploads\/2020\/09\/1983-Sraz-pades\u00e1tn\u00edk\u016f-II-300x193.jpg 300w, https:\/\/symbivita.cz\/blog\/wp-content\/uploads\/2020\/09\/1983-Sraz-pades\u00e1tn\u00edk\u016f-II-768x493.jpg 768w\" sizes=\"(max-width: 1022px) 100vw, 1022px\" \/><\/figure>\n\n\n\n<p>3. a 14.\n\u010dervna se konal III. ro\u010dn\u00edk Nikol\u010dick\u00fdch her. Z\u00fa\u010dastnily se z\u00e1kladn\u00ed \u0161koly\nz&nbsp;Nikol\u010dic, Velk\u00fdch N\u011bm\u010dic, Zaje\u010d\u00ed a dru\u017eebn\u00ed Doln\u00ed Zelnice z&nbsp;okresu\nTrnava. Sout\u011b\u017eilo se v&nbsp;lehk\u00e9 atletice, kopan\u00e9 a&nbsp; vyb\u00edjen\u00e9. Ve\u010der byl pestr\u00fd program slo\u017een\u00fd\nz&nbsp;p\u00edsn\u00ed, tanc\u016f a sc\u00e9nek. Vyhr\u00e1la op\u011bt&nbsp;\n\u0161kola ze Zelnic, Nikol\u010dice byly druh\u00e9.<\/p>\n\n\n\n<p>&nbsp;K&nbsp;nej\u00fasp\u011b\u0161n\u011bj\u0161\u00edm&nbsp; reprezentant\u016fm na\u0161\u00ed \u0161koly pat\u0159ili: Pavel\nPape\u017e, Ji\u0159\u00ed Koutn\u00fd, Dana Brychtov\u00e1, Marie Hromkov\u00e1, Josef K\u00fan, Mark\u00e9ta\nPe\u0161\u0165\u00e1lov\u00e1, Marie Majorov\u00e1, Mark\u00e9ta Ba\u017eantov\u00e1, Radek Ka\u0148a aj.<\/p>\n\n\n\n<p>38 \u017e\u00e1k\u016f se\nz\u00fa\u010dastnilo 22. ro\u010dn\u00edku Zelenick\u00fdch her. Na\u0161i byli druz\u00ed.<\/p>\n\n\n\n<p class=\"has-text-color has-vivid-cyan-blue-color\"><a href=\"https:\/\/cs.wikipedia.org\/wiki\/26._%C4%8Dervenec\">26. \u010dervence<\/a>&nbsp;\u2013&nbsp;<a href=\"https:\/\/cs.wikipedia.org\/wiki\/Jarmila_Kratochv%C3%ADlov%C3%A1\">Jarmila\nKratochv\u00edlov\u00e1<\/a>&nbsp;zab\u011bhla v Mnichov\u011b sv\u011btov\u00fd rekord na&nbsp;<a href=\"https:\/\/cs.wikipedia.org\/wiki\/B%C4%9Bh_na_800_m\">800 metr\u016f<\/a>.<\/p>\n\n\n\n<p>30.\n\u010dervna se uskute\u010dnilo rozlou\u010den\u00ed se 44 \u017e\u00e1ky, kte\u0159\u00ed opustili z\u00e1kladn\u00ed \u0161kolu.<\/p>\n\n\n\n<p>\u010cSPO\npo\u0159\u00e1dal tradi\u010dn\u00ed jakubsk\u00e9 hody. Ob\u011btav\u00e1 pr\u00e1ce po\u0159adatel\u016f, ale i st\u00e1rk\u016f a st\u00e1rek\nspolu s&nbsp;p\u0159\u00edzniv\u00fdm po\u010das\u00edm vynesly zda\u0159ilou z\u00e1bavu a spokojenost ob\u010dan\u016f.<\/p>\n\n\n\n<figure class=\"wp-block-image size-large\"><img loading=\"lazy\" decoding=\"async\" width=\"1024\" height=\"708\" src=\"http:\/\/symbivita.cz\/blog\/wp-content\/uploads\/2020\/09\/1983-Hody-1024x708.jpg\" alt=\"\" class=\"wp-image-1060\" srcset=\"https:\/\/symbivita.cz\/blog\/wp-content\/uploads\/2020\/09\/1983-Hody-1024x708.jpg 1024w, https:\/\/symbivita.cz\/blog\/wp-content\/uploads\/2020\/09\/1983-Hody-300x207.jpg 300w, https:\/\/symbivita.cz\/blog\/wp-content\/uploads\/2020\/09\/1983-Hody-768x531.jpg 768w, https:\/\/symbivita.cz\/blog\/wp-content\/uploads\/2020\/09\/1983-Hody.jpg 1298w\" sizes=\"(max-width: 1024px) 100vw, 1024px\" \/><\/figure>\n\n\n\n<p>V&nbsp;\u010dervenci\n\u2013 v\u011btrn\u00e1 smr\u0161\u0165.<\/p>\n\n\n\n<p>Na\nz\u00e1kladn\u00ed \u0161kole&nbsp; byly namontov\u00e1ny nov\u00e9\nhromosvody a&nbsp;&nbsp; dokon\u010deno jejich uzemn\u011bn\u00ed.<\/p>\n\n\n\n<p>U\nh\u0159bitova&nbsp; byl vybudov\u00e1n kanaliza\u010dn\u00ed\nsb\u011bra\u010d.<\/p>\n\n\n\n<p>TJ\nvybudovala krytou kanalizaci pod\u00e9l z\u00e1padn\u00ed strany h\u0159i\u0161t\u011b.<\/p>\n\n\n\n<p>V&nbsp;ulici\n\u201e Silnice\u201c (ke \u0160tukyn\u00edm) je kone\u010dn\u011b nov\u00fd asfaltov\u00fd povrch.<\/p>\n\n\n\n<p>21.\n\u010dervence byla dokon\u010dena stavba nov\u00e9ho hostince a d\u00e1na&nbsp; k&nbsp;u\u017e\u00edv\u00e1n\u00ed malou slavnost\u00ed.<\/p>\n\n\n\n<p>25 srpna\nbyl uve\u0159ejn\u011bn \u010dl\u00e1nek v&nbsp;novin\u00e1ch Nov\u00fd \u017eivot o na\u0161\u00ed \u0159editelce \u0161koly Zde\u0148ce\nDost\u00e1lov\u00e9, kter\u00e1 oslavila 55. narozeniny. Obdr\u017eela v\u00fdznamn\u00e9 st\u00e1tn\u00ed vyznamen\u00e1n\u00ed.<\/p>\n\n\n\n<p>1.z\u00e1\u0159\u00ed\nbyl zah\u00e1jen \u0161koln\u00ed rok 1983\/84. Sbor p\u0159iv\u00edtal 27 prv\u0148\u00e1\u010dk\u016f.<\/p>\n\n\n\n<p>U\u010ditelsk\u00fd\nsbor:<\/p>\n\n\n\n<p>Vlastimila Drab\u00e1lkov\u00e1, Jarmila Horov\u00e1, Lanka B\u00ednkov\u00e1,\nHelena Pavlack\u00e1, Hana F\u00edlov\u00e1, Marie \u010cern\u00e1, J. \u0158\u00edhovsk\u00fd, Jarom\u00edr \u010cuta,&nbsp; Josef \u010cern\u00fd, Ji\u0159ina Kul\u00ed\u0161kov\u00e1, Marta\nBa\u017eantov\u00e1, Zde\u0148ka Stossov\u00e1, d\u00e1le Anna Svobodov\u00e1, Kv\u011bta Charv\u00e1tov\u00e1.<\/p>\n\n\n\n<figure class=\"wp-block-image size-large\"><img loading=\"lazy\" decoding=\"async\" width=\"1024\" height=\"362\" src=\"http:\/\/symbivita.cz\/blog\/wp-content\/uploads\/2020\/09\/1983-3.a-4.-t\u0159\u00edda-1024x362.jpg\" alt=\"\" class=\"wp-image-1061\" srcset=\"https:\/\/symbivita.cz\/blog\/wp-content\/uploads\/2020\/09\/1983-3.a-4.-t\u0159\u00edda-1024x362.jpg 1024w, https:\/\/symbivita.cz\/blog\/wp-content\/uploads\/2020\/09\/1983-3.a-4.-t\u0159\u00edda-300x106.jpg 300w, https:\/\/symbivita.cz\/blog\/wp-content\/uploads\/2020\/09\/1983-3.a-4.-t\u0159\u00edda-768x271.jpg 768w, https:\/\/symbivita.cz\/blog\/wp-content\/uploads\/2020\/09\/1983-3.a-4.-t\u0159\u00edda-1536x543.jpg 1536w, https:\/\/symbivita.cz\/blog\/wp-content\/uploads\/2020\/09\/1983-3.a-4.-t\u0159\u00edda.jpg 1706w\" sizes=\"(max-width: 1024px) 100vw, 1024px\" \/><\/figure>\n\n\n\n<figure class=\"wp-block-image size-large\"><img loading=\"lazy\" decoding=\"async\" width=\"1024\" height=\"368\" src=\"http:\/\/symbivita.cz\/blog\/wp-content\/uploads\/2020\/09\/1983-5.A-a-5.B-t\u0159\u00eddy-1024x368.jpg\" alt=\"\" class=\"wp-image-1062\" srcset=\"https:\/\/symbivita.cz\/blog\/wp-content\/uploads\/2020\/09\/1983-5.A-a-5.B-t\u0159\u00eddy-1024x368.jpg 1024w, https:\/\/symbivita.cz\/blog\/wp-content\/uploads\/2020\/09\/1983-5.A-a-5.B-t\u0159\u00eddy-300x108.jpg 300w, https:\/\/symbivita.cz\/blog\/wp-content\/uploads\/2020\/09\/1983-5.A-a-5.B-t\u0159\u00eddy-768x276.jpg 768w, https:\/\/symbivita.cz\/blog\/wp-content\/uploads\/2020\/09\/1983-5.A-a-5.B-t\u0159\u00eddy-1536x552.jpg 1536w, https:\/\/symbivita.cz\/blog\/wp-content\/uploads\/2020\/09\/1983-5.A-a-5.B-t\u0159\u00eddy.jpg 1685w\" sizes=\"(max-width: 1024px) 100vw, 1024px\" \/><\/figure>\n\n\n\n<figure class=\"wp-block-image size-large\"><img loading=\"lazy\" decoding=\"async\" width=\"1024\" height=\"368\" src=\"http:\/\/symbivita.cz\/blog\/wp-content\/uploads\/2020\/09\/1983-6.-a-8.-t\u0159\u00edda-1024x368.jpg\" alt=\"\" class=\"wp-image-1063\" srcset=\"https:\/\/symbivita.cz\/blog\/wp-content\/uploads\/2020\/09\/1983-6.-a-8.-t\u0159\u00edda-1024x368.jpg 1024w, https:\/\/symbivita.cz\/blog\/wp-content\/uploads\/2020\/09\/1983-6.-a-8.-t\u0159\u00edda-300x108.jpg 300w, https:\/\/symbivita.cz\/blog\/wp-content\/uploads\/2020\/09\/1983-6.-a-8.-t\u0159\u00edda-768x276.jpg 768w, https:\/\/symbivita.cz\/blog\/wp-content\/uploads\/2020\/09\/1983-6.-a-8.-t\u0159\u00edda-1536x552.jpg 1536w, https:\/\/symbivita.cz\/blog\/wp-content\/uploads\/2020\/09\/1983-6.-a-8.-t\u0159\u00edda.jpg 1685w\" sizes=\"(max-width: 1024px) 100vw, 1024px\" \/><\/figure>\n\n\n\n<p>2. z\u00e1\u0159\u00ed zem\u0159el n\u00e1hle po t\u011b\u017ek\u00e9 nemoci ve v\u011bku 52 let Miroslav B\u00edlek.&nbsp;&nbsp; <\/p>\n\n\n\n<figure class=\"wp-block-image size-large is-resized\"><img loading=\"lazy\" decoding=\"async\" src=\"http:\/\/symbivita.cz\/blog\/wp-content\/uploads\/2020\/09\/1983-B\u00edlek.jpg\" alt=\"\" class=\"wp-image-1064\" width=\"338\" height=\"473\" srcset=\"https:\/\/symbivita.cz\/blog\/wp-content\/uploads\/2020\/09\/1983-B\u00edlek.jpg 477w, https:\/\/symbivita.cz\/blog\/wp-content\/uploads\/2020\/09\/1983-B\u00edlek-214x300.jpg 214w\" sizes=\"(max-width: 338px) 100vw, 338px\" \/><\/figure>\n\n\n\n<p>Zakl\u00e1daj\u00edc\u00ed\n\u010dlen TJ Dru\u017estevn\u00edk, v\u00fdborn\u00fd fotbalista a dlouholet\u00fd ob\u011btav\u00fd&nbsp; funkcion\u00e1\u0159.<\/p>\n\n\n\n<p class=\"has-text-color has-vivid-cyan-blue-color\"><a href=\"https:\/\/cs.wikipedia.org\/wiki\/Sov%C4%9Btsk%C3%BD_svaz\">Sov\u011btsk\u00e9\nst\u00edha\u010dky<\/a>&nbsp;sest\u0159elily&nbsp;<a href=\"https:\/\/cs.wikipedia.org\/wiki\/Let_Korean_Air_007\">civiln\u00ed dopravn\u00ed\nletadlo<\/a>, zahynulo v\u0161ech 269 osob na palub\u011b.<\/p>\n\n\n\n<p>M\u00e1lo\nde\u0161t\u011b zp\u016fsobilo&nbsp; p\u0159ed\u010dasn\u00e9 zaschnut\u00ed\nbrambor a kuku\u0159ice, byly tak\u00e9 ni\u017e\u0161\u00ed v\u00fdnosy cukrovky<\/p>\n\n\n\n<p>Ale\nnaopak <a>byla velk\u00e1 \u00faroda hrozn\u016f<\/a>.<\/p>\n\n\n\n<p>V&nbsp;obci\nvyschlo n\u011bkolik studn\u00ed (hlavn\u011b na doln\u00edm konci). Lid\u00e9&nbsp;&nbsp; chodili k&nbsp;obecn\u00ed studni p\u0159ed \u010d. 5,\nkter\u00e1 kupodivu sta\u010dila v\u0161em.<\/p>\n\n\n\n<figure class=\"wp-block-image size-large is-resized\"><img loading=\"lazy\" decoding=\"async\" src=\"http:\/\/symbivita.cz\/blog\/wp-content\/uploads\/2020\/09\/1983-studna.jpg\" alt=\"\" class=\"wp-image-1065\" width=\"311\" height=\"208\" srcset=\"https:\/\/symbivita.cz\/blog\/wp-content\/uploads\/2020\/09\/1983-studna.jpg 766w, https:\/\/symbivita.cz\/blog\/wp-content\/uploads\/2020\/09\/1983-studna-300x201.jpg 300w\" sizes=\"(max-width: 311px) 100vw, 311px\" \/><figcaption> Fotografie je z&nbsp;roku 2019 <\/figcaption><\/figure>\n\n\n\n<p>Plynofikace\nobce. Bylo polo\u017eeno 2000 m potrub\u00ed na v\u00fdchodn\u00ed stran\u011b obce, na kter\u00e9 bude\nnapojeno 100 rodinn\u00fdch domk\u016f, ve\u0159ejn\u00e9 budovy d\u016fm OB. V&nbsp;z\u00e1\u0159\u00ed se ji\u017e topilo\nv&nbsp;budov\u011b MNV a v&nbsp;M\u0160. P\u0159ev\u00e1\u017enou \u010d\u00e1st trasy kopali ob\u010dan\u00e9 ru\u010dn\u011b.<\/p>\n\n\n\n<p>Byla tak\u00e9\ndobudov\u00e1na nov\u00e1 zasedac\u00ed&nbsp; s\u00ed\u0148 MNV<\/p>\n\n\n\n<p>17. z\u00e1\u0159\u00ed\nuspo\u0159\u00e1dal Svaz po\u017e\u00e1rn\u00ed ochrany oslavu 85 let zalo\u017een\u00ed&nbsp; Hasi\u010dsk\u00e9ho spolku ( v&nbsp;roce 1898). Byl\npo\u0159\u00e1d\u00e1n velk\u00fd t\u00e1borov\u00fd ohe\u0148.<\/p>\n\n\n\n<p>&nbsp;Dru\u017estvo dorostenc\u016f vyhr\u00e1lo prvn\u00ed m\u00edsto\nv&nbsp;okresn\u00ed sout\u011b\u017ei v&nbsp;Podiv\u00edn\u011b.<\/p>\n\n\n\n<p>3.\u0159\u00edjna\nzem\u0159el ve v\u011bku 72 let V\u00e1clav Ne\u010das.<\/p>\n\n\n\n<p>16. \u0159\u00edjna\n&#8211; \u010cS\u017d po\u0159\u00e1d\u00e1 v&nbsp;s\u00e1le OB&nbsp; burzu\npodzimn\u00edho a zimn\u00edho o\u0161acen\u00e1, bot\u016f a sportovn\u00edch pot\u0159eb<\/p>\n\n\n\n<p class=\"has-text-color has-vivid-cyan-blue-color\"><a href=\"https:\/\/cs.wikipedia.org\/wiki\/24._%C5%99%C3%ADjen\">24. \u0159\u00edjna<\/a>&nbsp;\u2013\nVl\u00e1dy&nbsp;<a href=\"https:\/\/cs.wikipedia.org\/wiki\/%C4%8Ceskoslovensk%C3%A1_socialistick%C3%A1_republika\">\u010cSSR<\/a>&nbsp;a&nbsp;<a href=\"https:\/\/cs.wikipedia.org\/wiki\/Sov%C4%9Btsk%C3%BD_svaz\">SSSR<\/a>&nbsp;p\u0159ednesly\nz\u00e1m\u011br zah\u00e1jen\u00ed p\u0159\u00edprav k rozm\u00edst\u011bn\u00ed sov\u011btsk\u00fdch raket opera\u010dn\u011b taktick\u00e9ho \u00fa\u010delu\nna \u00fazem\u00ed \u010ceskoslovenska. Ofici\u00e1ln\u00edm d\u016fvodem byla reakce na rozm\u00edst\u011bn\u00ed&nbsp;<a href=\"https:\/\/cs.wikipedia.org\/wiki\/Spojen%C3%A9_st%C3%A1ty_americk%C3%A9\">americk\u00fdch<\/a>&nbsp;st\u0159el\ns plochou drahou letu Pershing 2, a tedy snaha o udr\u017een\u00ed rovnov\u00e1hy sil v\nEvrop\u011b.<\/p>\n\n\n\n<p class=\"has-text-color has-very-dark-gray-color\"><a>Vinobran\u00ed bylo zpo\u017ed\u011bno, prot\u00e1hlo se a\u017e do konce&nbsp; \u0159\u00edjna. Bobule byly drobn\u00e9 a nevyzr\u00e1l\u00e9. V\u00edna\nbylo nutno odkyselovat, aby byla&nbsp; chutn\u00e1\na aromatick\u00e1.<\/a><\/p>\n\n\n\n<p>TJ odd\u00edl\nkopan\u00e9 po jarn\u00ed sez\u00f3n\u011b sestoupilo do III. t\u0159\u00eddy, ale po podzimn\u00edm kole je ve\nsv\u00e9 skupin\u011b na 1. m\u00edst\u011b. Dorostenci a \u017e\u00e1ci jsou posledn\u00ed. <\/p>\n\n\n\n<p class=\"has-text-color has-vivid-cyan-blue-color\"><a href=\"https:\/\/cs.wikipedia.org\/wiki\/18._listopad\">18. listopadu<\/a>&nbsp;\u2013v\nPraze&nbsp; bylo p\u0159i p\u0159\u00edle\u017eitosti st\u00e9ho v\u00fdro\u010d\u00ed\notev\u0159en\u00ed po 7 let trvaj\u00edc\u00ed rekonstrukci znovu zprovozn\u011bno&nbsp;<a href=\"https:\/\/cs.wikipedia.org\/wiki\/N%C3%A1rodn%C3%AD_divadlo\">N\u00e1rodn\u00ed divadlo<\/a>.\nProvoz divadla byl symbolicky zah\u00e1jen p\u0159edstaven\u00edm&nbsp;<a href=\"https:\/\/cs.wikipedia.org\/wiki\/Bed%C5%99ich_Smetana\">Smetanovy<\/a>&nbsp;opery&nbsp;<a href=\"https:\/\/cs.wikipedia.org\/wiki\/Libu%C5%A1e_(opera)\">Libu\u0161e<\/a>.\nSou\u010d\u00e1st\u00ed rekonstrukce byla tak\u00e9 v\u00fdstavba budovy&nbsp;<a href=\"https:\/\/cs.wikipedia.org\/wiki\/Nov%C3%A1_sc%C3%A9na_(Praha)\">Nov\u00e9 sc\u00e9ny<\/a>&nbsp;soused\u00edc\u00ed\ns objektem star\u00e9ho N\u00e1rodn\u00edho divadla. Provoz v modern\u011b pojat\u00e9m objektu podle\nn\u00e1vrhu architekta&nbsp;<a href=\"https:\/\/cs.wikipedia.org\/wiki\/Karel_Prager\">Karla Pragera<\/a>&nbsp;byl\nzah\u00e1jen o den pozd\u011bji p\u0159edstaven\u00edm&nbsp;<a href=\"https:\/\/cs.wikipedia.org\/wiki\/Strakonick%C3%BD_dud%C3%A1k\">Strakonick\u00fd\ndud\u00e1k<\/a>. <\/p>\n\n\n\n<p>\u010cSZ nakupuje pro ob\u010dany\nhnojiva, bramborovou sadbu, sazenice strom\u016f Hospod\u00e1\u0159em je Mina Kaplan. \u010cSZ m\u00e1\nv&nbsp;p\u00e9\u010di m\u00edstn\u00ed \u0161rotovnu a v\u00fdkupnu ovoce. Ovoce odeb\u00edr\u00e1 brn\u011bnsk\u00e1 Fruta.<\/p>\n\n\n\n<p>Svaz&nbsp; chovatel\u016f drobn\u00e9ho hospod\u00e1\u0159sk\u00e9ho zv\u00ed\u0159ectva,\norganizuje v\u00fdkup kr\u00e1l\u00edk\u016f, zabezpe\u010duje o\u010dkov\u00e1n\u00ed kr\u00e1l\u00edk\u016f proti myxomat\u00f3ze,\nzaji\u0161\u0165uje&nbsp; krmiva. \u010clenov\u00e9 chovaj\u00ed\nkr\u00e1l\u00edky a dr\u016fbe\u017e ale&nbsp; tak\u00e9 nutrie.<\/p>\n\n\n\n<p>Sklize\u0148 cukrovky byla\nnadpr\u016fm\u011brn\u00e1.<\/p>\n\n\n\n<p>Farma Nikol\u010dice se\nzam\u011b\u0159ila na v\u00fdrobu selat.<\/p>\n\n\n\n<p>V\u010dela\u0159\u016fm&nbsp; hroz\u00ed varro\u00f3za co\u017e je nemoc, kterou\nzp\u016fsobuje&nbsp; parazit&nbsp; kle\u0161t\u00edk v\u010del\u00ed. P\u0159ed dv\u011bma lety se tato nemoc\nobjevila na Slovensku. U n\u00e1s zat\u00edm nebyla&nbsp;\nroz\u0161\u00ed\u0159ena.<\/p>\n\n\n\n<p class=\"has-text-color has-vivid-cyan-blue-color\"><a href=\"https:\/\/cs.wikipedia.org\/wiki\/25._listopad\">25. listopadu<\/a>&nbsp;\u2013 Na \u010desk\u00e9 \u00fazem\u00ed byly um\u00edst\u011bny rusk\u00e9 rakety st\u0159edn\u00edho doletu jako reakce na aktivitu USA.<\/p>\n\n\n\n<p>V&nbsp;listopadu\n\u2013 v\u011btrn\u00e1 smr\u0161\u0165.<\/p>\n\n\n\n<p>\u010cesk\u00fd\nsvaz \u017een \u010cS\u017d m\u00e1 koncem roku 84 \u010dlenek. V\u00fdbor je sedmi \u010dlenn\u00fd. P\u0159edsedkyn\u00ed je Drahom\u00edra\n\u010cern\u00e1.<\/p>\n\n\n\n<p>Pln\u00e9 dva\nautobusy jely na&nbsp; z\u00e1jezd do Gottwaldova.\nLe\u0161n\u00e9 a Luha\u010dovic. Ka\u017edoro\u010dn\u011b organizuj\u00ed z\u00e1jezd do divadla a do kinokav\u00e1rny.\nUspo\u0159\u00e1dal&nbsp; 3 x burzu od\u011bv\u016f, obuvi a\nsportovn\u00edch pot\u0159eb- akce se v\u0161ak neujala.<\/p>\n\n\n\n<p>V&nbsp;zim\u011b\nprob\u00edh\u00e1&nbsp; d\u017eezgymnastick\u00e9 cvi\u010den\u00ed veden\u00e9\nMartou Sta\u0148kovou v&nbsp;s\u00e1le OB.<\/p>\n\n\n\n<p>Koncem&nbsp; roku je t\u00e9m\u011b\u0159 stavebn\u011b dokon\u010dena p\u0159\u00edstavba\nMNV.<\/p>\n\n\n\n<p>Byl\nvypracov\u00e1n projekt na p\u0159\u00edstavbu t\u011blocvi\u010dny u z\u00e1kladn\u00ed \u0161koly. <\/p>\n\n\n\n<p>7.prosince&nbsp; \u010cS\u017d p\u0159ipravil&nbsp; v\u00fdstavu ru\u010dn\u00edch prac\u00ed ( pleten\u00ed, h\u00e1\u010dkov\u00e1n\u00ed,&nbsp; vy\u0161\u00edv\u00e1n\u00ed, \u0161it\u00ed, drh\u00e1n\u00ed &nbsp;neboli makram\u00e9 je technika v\u00e1z\u00e1n\u00ed nit\u00ed a \u0161\u0148\u016frek, kterou se zhotovuj\u00ed prolamovan\u00e9 plo\u0161n\u00e9 textilie..)<\/p>\n\n\n\n<p>31.\nprosince m\u011blo dru\u017estvo 854 \u010dlen\u016f a z&nbsp;toho 440 pracuj\u00edc\u00edch.<\/p>\n\n\n\n<p>MNV\nregistruje 10 v\u00e1\u017en\u00fdch z\u00e1jemc\u016f o v\u00fdstavbu rodinn\u00fdch domk\u016f. <\/p>\n\n\n\n<p>V\u011bt\u0161ina\nbude m\u00edt formu \u201e\u0159adovky\u201c pod Pad\u011blky (u h\u0159i\u0161t\u011b).<\/p>\n\n\n\n<p>Ob\u010dan\u00e9\ntento rok odpracovali 51&nbsp;700 brig\u00e1dnick\u00fdch hodin.<\/p>\n\n\n\n<p class=\"has-text-color has-vivid-red-color\"><strong>1984<\/strong><\/p>\n\n\n\n<p>7. ledna\n\u2013 ples SRP\u0160. Hr\u00e1la hudba JZD Vranovice.<\/p>\n\n\n\n<p>21.ledna\n\u2013 d\u011btsk\u00fd karneval.<\/p>\n\n\n\n<figure class=\"wp-block-image size-large\"><img loading=\"lazy\" decoding=\"async\" width=\"1024\" height=\"723\" src=\"http:\/\/symbivita.cz\/blog\/wp-content\/uploads\/2020\/09\/1984-d\u011btsk\u00fd-karneval-I-1024x723.jpg\" alt=\"\" class=\"wp-image-1066\" srcset=\"https:\/\/symbivita.cz\/blog\/wp-content\/uploads\/2020\/09\/1984-d\u011btsk\u00fd-karneval-I-1024x723.jpg 1024w, https:\/\/symbivita.cz\/blog\/wp-content\/uploads\/2020\/09\/1984-d\u011btsk\u00fd-karneval-I-300x212.jpg 300w, https:\/\/symbivita.cz\/blog\/wp-content\/uploads\/2020\/09\/1984-d\u011btsk\u00fd-karneval-I-768x543.jpg 768w, https:\/\/symbivita.cz\/blog\/wp-content\/uploads\/2020\/09\/1984-d\u011btsk\u00fd-karneval-I.jpg 1121w\" sizes=\"(max-width: 1024px) 100vw, 1024px\" \/><\/figure>\n\n\n\n<figure class=\"wp-block-image size-large\"><img loading=\"lazy\" decoding=\"async\" width=\"1024\" height=\"421\" src=\"http:\/\/symbivita.cz\/blog\/wp-content\/uploads\/2020\/09\/1984-d\u011btsk\u00fd-karneval-II-1024x421.jpg\" alt=\"\" class=\"wp-image-1067\" srcset=\"https:\/\/symbivita.cz\/blog\/wp-content\/uploads\/2020\/09\/1984-d\u011btsk\u00fd-karneval-II-1024x421.jpg 1024w, https:\/\/symbivita.cz\/blog\/wp-content\/uploads\/2020\/09\/1984-d\u011btsk\u00fd-karneval-II-300x123.jpg 300w, https:\/\/symbivita.cz\/blog\/wp-content\/uploads\/2020\/09\/1984-d\u011btsk\u00fd-karneval-II-768x316.jpg 768w, https:\/\/symbivita.cz\/blog\/wp-content\/uploads\/2020\/09\/1984-d\u011btsk\u00fd-karneval-II.jpg 1372w\" sizes=\"(max-width: 1024px) 100vw, 1024px\" \/><\/figure>\n\n\n\n<p>28. ledna\nples \u010cS\u017d. Hr\u00e1la tak\u00e9 hudba JZD Vranovice.<\/p>\n\n\n\n<p class=\"has-text-color has-vivid-cyan-blue-color\"><a href=\"https:\/\/cs.wikipedia.org\/wiki\/31._leden\">31. ledna<\/a>&nbsp;\u2013 V pra\u017esk\u00e9m&nbsp;<a href=\"https:\/\/cs.wikipedia.org\/wiki\/Institut_klinick%C3%A9_a_experiment%C3%A1ln%C3%AD_medic%C3%ADny\">IKEMu<\/a>&nbsp;l\u00e9ka\u0159i provedli prvn\u00ed \u00fasp\u011b\u0161nou&nbsp;<a href=\"https:\/\/cs.wikipedia.org\/wiki\/Transplantace_srdce\">transplantaci srdce<\/a>&nbsp;ve v\u00fdchodn\u00ed Evrop\u011b.<\/p>\n\n\n\n<p>18. \u00fanora\np\u0159i fonot\u00e9ce n\u011bkdo spustil v&nbsp;s\u00e1le OB d\u00fdmovnici.<\/p>\n\n\n\n<p>22. \u00fanora \u201eKurs studen\u00e9 kuchyn\u011b\u201c- 40 \u00fa\u010dastnic.<\/p>\n\n\n\n<p>Kino se\nprom\u00edt\u00e1 1 x m\u011bs\u00ed\u010dn\u011b- neprosperuje, \u00fa\u010dast je velmi mal\u00e1. <\/p>\n\n\n\n<p>OB m\u00e1\nnov\u00fd v\u00fdbor:<\/p>\n\n\n\n<p>&nbsp;V&nbsp;\u010dele stoj\u00ed Anton\u00edn Zoubek, proto\u017ee\ndosavadn\u00ed p\u0159edseda Josef&nbsp; \u010cern\u00fd po\u017e\u00e1dal o\nzpro\u0161t\u011bn\u00ed pro p\u0159em\u00edru funkc\u00ed.Tuto funkci vykon\u00e1val v\u00edce ne\u017e 15 let.<\/p>\n\n\n\n<p>V&nbsp;\u00fanoru\nka\u017edou st\u0159edu cvi\u010d\u00ed \u017eeny v&nbsp;s\u00e1le OB pod veden\u00edm Aleny Vintrl\u00edkov\u00e9.<\/p>\n\n\n\n<p>\u0160kola&nbsp; m\u011bla pro \u017e\u00e1ky 7. t\u0159\u00eddy ly\u017ea\u0159sk\u00fd kurs\nv&nbsp;Malenovic\u00edch v&nbsp;Beskydech, ale vypukla mezi \u017e\u00e1ky epidemie ch\u0159ipky.<\/p>\n\n\n\n<figure class=\"wp-block-image size-large\"><img loading=\"lazy\" decoding=\"async\" width=\"1024\" height=\"349\" src=\"http:\/\/symbivita.cz\/blog\/wp-content\/uploads\/2020\/09\/1984-ly\u017ea\u0159sk\u00fd-kurs-I-1024x349.jpg\" alt=\"\" class=\"wp-image-1068\" srcset=\"https:\/\/symbivita.cz\/blog\/wp-content\/uploads\/2020\/09\/1984-ly\u017ea\u0159sk\u00fd-kurs-I-1024x349.jpg 1024w, https:\/\/symbivita.cz\/blog\/wp-content\/uploads\/2020\/09\/1984-ly\u017ea\u0159sk\u00fd-kurs-I-300x102.jpg 300w, https:\/\/symbivita.cz\/blog\/wp-content\/uploads\/2020\/09\/1984-ly\u017ea\u0159sk\u00fd-kurs-I-768x262.jpg 768w, https:\/\/symbivita.cz\/blog\/wp-content\/uploads\/2020\/09\/1984-ly\u017ea\u0159sk\u00fd-kurs-I-1536x523.jpg 1536w, https:\/\/symbivita.cz\/blog\/wp-content\/uploads\/2020\/09\/1984-ly\u017ea\u0159sk\u00fd-kurs-I.jpg 1544w\" sizes=\"(max-width: 1024px) 100vw, 1024px\" \/><\/figure>\n\n\n\n<figure class=\"wp-block-image size-large\"><img loading=\"lazy\" decoding=\"async\" width=\"1024\" height=\"350\" src=\"http:\/\/symbivita.cz\/blog\/wp-content\/uploads\/2020\/09\/1984-ly\u017ea\u0159sk\u00fd-kurs-II-1024x350.jpg\" alt=\"\" class=\"wp-image-1069\" srcset=\"https:\/\/symbivita.cz\/blog\/wp-content\/uploads\/2020\/09\/1984-ly\u017ea\u0159sk\u00fd-kurs-II-1024x350.jpg 1024w, https:\/\/symbivita.cz\/blog\/wp-content\/uploads\/2020\/09\/1984-ly\u017ea\u0159sk\u00fd-kurs-II-300x103.jpg 300w, https:\/\/symbivita.cz\/blog\/wp-content\/uploads\/2020\/09\/1984-ly\u017ea\u0159sk\u00fd-kurs-II-768x263.jpg 768w, https:\/\/symbivita.cz\/blog\/wp-content\/uploads\/2020\/09\/1984-ly\u017ea\u0159sk\u00fd-kurs-II-1536x525.jpg 1536w, https:\/\/symbivita.cz\/blog\/wp-content\/uploads\/2020\/09\/1984-ly\u017ea\u0159sk\u00fd-kurs-II.jpg 1544w\" sizes=\"(max-width: 1024px) 100vw, 1024px\" \/><\/figure>\n\n\n\n<p>V\u010dela\u0159i\nkontroluj\u00ed \u00faly kv\u016fli varro\u00f3ze.<\/p>\n\n\n\n<p>9. b\u0159ezna\ndruh\u00fd kurs studen\u00e9 kuchyn\u011b<\/p>\n\n\n\n<p>\u010cS\u017d\npo\u0159\u00e1d\u00e1 ka\u017ed\u00e9 \u00fater\u00fd kurs pleten\u00ed. Vede Marie Ne\u010dasov\u00e1.<\/p>\n\n\n\n<p>10.\nb\u0159ezna ve\u010d\u00edrek pro \u010dlenky \u010cS\u017d s&nbsp;filmem, tancem a poho\u0161t\u011bn\u00edm.<\/p>\n\n\n\n<p>11.\nb\u0159ezna odpoledne oslava MD\u017d- program maj\u00ed na starosti&nbsp; \u017e\u00e1ci Z\u0160 a M\u0160.<\/p>\n\n\n\n<p>Z\u00e1jezd do\nSiladic do dru\u017eebn\u00ed organizace.<\/p>\n\n\n\n<p>Beseda s&nbsp;hustope\u010dsk\u00fdm spisovatelem Vlastimilem Milotou.<\/p>\n\n\n\n<p>S\u00e9rie\np\u0159espoln\u00edch b\u011bh\u016f v&nbsp;cel\u00e9m kraji. \u017d\u00e1ci z\u00edskali n\u011bkolik cenn\u00fdch \u00fasp\u011bch\u016f. Na\nz\u00e1vodech v&nbsp;B\u0159eclavi, P\u0159\u00edsnotic\u00edch, Ivan\u010dic\u00edch a Mikul\u010dic\u00edch z\u00edskali b\u011b\u017eci\nV\u00e1clav Pokorn\u00fd, Mark\u00e9ta Ba\u017eantov\u00e1 druh\u00e1 a t\u0159et\u00ed m\u00edsta. B\u011bh Mlad\u00e9 fronty\nv&nbsp;Hustope\u010d\u00edch zv\u00edt\u011bzil v&nbsp;b\u011bhu na 1000m V\u00e1clav Pokorn\u00fd a vybojoval\n\u00fa\u010dast v&nbsp;krajsk\u00e9m fin\u00e1le.<\/p>\n\n\n\n<p>16.\n\u010dervna &#8211; V&nbsp;Nikol\u010dic\u00edch sehr\u00e1l divadeln\u00ed hru Vl. Konstantinova \u201e\nPr\u00e1zdninov\u00fd rom\u00e1nek\u201c ochotnick\u00fd&nbsp;\ndivadeln\u00ed soubor z&nbsp;Gottwaldova. Po\u0159\u00e1d\u00e1 \u010cS\u017d.<\/p>\n\n\n\n<p>\u0160\u00farovsk\u00e9\nhry<\/p>\n\n\n\n<figure class=\"wp-block-image size-large\"><img loading=\"lazy\" decoding=\"async\" width=\"1024\" height=\"353\" src=\"http:\/\/symbivita.cz\/blog\/wp-content\/uploads\/2020\/09\/1984-\u0160\u016frovsk\u00e9-hry-1024x353.jpg\" alt=\"\" class=\"wp-image-1070\" srcset=\"https:\/\/symbivita.cz\/blog\/wp-content\/uploads\/2020\/09\/1984-\u0160\u016frovsk\u00e9-hry-1024x353.jpg 1024w, https:\/\/symbivita.cz\/blog\/wp-content\/uploads\/2020\/09\/1984-\u0160\u016frovsk\u00e9-hry-300x103.jpg 300w, https:\/\/symbivita.cz\/blog\/wp-content\/uploads\/2020\/09\/1984-\u0160\u016frovsk\u00e9-hry-768x265.jpg 768w, https:\/\/symbivita.cz\/blog\/wp-content\/uploads\/2020\/09\/1984-\u0160\u016frovsk\u00e9-hry-1536x530.jpg 1536w, https:\/\/symbivita.cz\/blog\/wp-content\/uploads\/2020\/09\/1984-\u0160\u016frovsk\u00e9-hry.jpg 1595w\" sizes=\"(max-width: 1024px) 100vw, 1024px\" \/><\/figure>\n\n\n\n<figure class=\"wp-block-image size-large\"><img loading=\"lazy\" decoding=\"async\" width=\"1024\" height=\"351\" src=\"http:\/\/symbivita.cz\/blog\/wp-content\/uploads\/2020\/09\/1984-\u0160\u016frovsk\u00e9-hry-II-1024x351.jpg\" alt=\"\" class=\"wp-image-1071\" srcset=\"https:\/\/symbivita.cz\/blog\/wp-content\/uploads\/2020\/09\/1984-\u0160\u016frovsk\u00e9-hry-II-1024x351.jpg 1024w, https:\/\/symbivita.cz\/blog\/wp-content\/uploads\/2020\/09\/1984-\u0160\u016frovsk\u00e9-hry-II-300x103.jpg 300w, https:\/\/symbivita.cz\/blog\/wp-content\/uploads\/2020\/09\/1984-\u0160\u016frovsk\u00e9-hry-II-768x263.jpg 768w, https:\/\/symbivita.cz\/blog\/wp-content\/uploads\/2020\/09\/1984-\u0160\u016frovsk\u00e9-hry-II-1536x527.jpg 1536w, https:\/\/symbivita.cz\/blog\/wp-content\/uploads\/2020\/09\/1984-\u0160\u016frovsk\u00e9-hry-II.jpg 1583w\" sizes=\"(max-width: 1024px) 100vw, 1024px\" \/><\/figure>\n\n\n\n<p>IV. Nikol\u010dick\u00e9 hry. V\u00edt\u011bzem se poprv\u00e9 staly Nikol\u010dice, porazily Zelenice, Velk\u00e9 N\u011bm\u010dice a T\u011b\u0161any.<\/p>\n\n\n\n<figure class=\"wp-block-image size-large\"><img loading=\"lazy\" decoding=\"async\" width=\"1024\" height=\"308\" src=\"http:\/\/symbivita.cz\/blog\/wp-content\/uploads\/2020\/09\/1984-Nikol\u010dick\u00e9-hry-I-1024x308.jpg\" alt=\"\" class=\"wp-image-1072\" srcset=\"https:\/\/symbivita.cz\/blog\/wp-content\/uploads\/2020\/09\/1984-Nikol\u010dick\u00e9-hry-I-1024x308.jpg 1024w, https:\/\/symbivita.cz\/blog\/wp-content\/uploads\/2020\/09\/1984-Nikol\u010dick\u00e9-hry-I-300x90.jpg 300w, https:\/\/symbivita.cz\/blog\/wp-content\/uploads\/2020\/09\/1984-Nikol\u010dick\u00e9-hry-I-768x231.jpg 768w, https:\/\/symbivita.cz\/blog\/wp-content\/uploads\/2020\/09\/1984-Nikol\u010dick\u00e9-hry-I-1536x462.jpg 1536w, https:\/\/symbivita.cz\/blog\/wp-content\/uploads\/2020\/09\/1984-Nikol\u010dick\u00e9-hry-I.jpg 1616w\" sizes=\"(max-width: 1024px) 100vw, 1024px\" \/><\/figure>\n\n\n\n<p>Nejlep\u0161\u00edmi sportovci jsou V\u00e1clav Pokorn\u00fd, Petr Sokol\u00e1\u0159, Martin Vintrl\u00edk, Mark\u00e9ta Pe\u0161\u0165\u00e1lov\u00e1, Mark\u00e9ta Ba\u017eantov\u00e1. Sout\u011b\u017eilo se v&nbsp;atletice, kopan\u00e9 a h\u00e1zen\u00e9.<\/p>\n\n\n\n<figure class=\"wp-block-image size-large\"><img loading=\"lazy\" decoding=\"async\" width=\"666\" height=\"782\" src=\"http:\/\/symbivita.cz\/blog\/wp-content\/uploads\/2020\/09\/1984-Nikol\u010dick\u00e9-hry-\u010dl\u00e1nek.jpg\" alt=\"\" class=\"wp-image-1073\" srcset=\"https:\/\/symbivita.cz\/blog\/wp-content\/uploads\/2020\/09\/1984-Nikol\u010dick\u00e9-hry-\u010dl\u00e1nek.jpg 666w, https:\/\/symbivita.cz\/blog\/wp-content\/uploads\/2020\/09\/1984-Nikol\u010dick\u00e9-hry-\u010dl\u00e1nek-255x300.jpg 255w\" sizes=\"(max-width: 666px) 100vw, 666px\" \/><\/figure>\n\n\n\n<p>15.\u010dervence\nprob\u011bhl I. ro\u010dn\u00edk. Memori\u00e1l Miroslava B\u00edlka.<\/p>\n\n\n\n<p>Poh\u00e1rov\u00e9ho\nturnaje na po\u010dest zesnul\u00e9ho dlouholet\u00e9ho hr\u00e1\u010de a funkcion\u00e1\u0159e dru\u017estevn\u00edka\nNikol\u010dic se z\u00fa\u010dast\u0148uj\u00ed:<\/p>\n\n\n\n<p>Dru\u017eebn\u00ed\nSokol Zelenice z okresu Tren\u010d\u00edn, dru\u017eebn\u00ed IBS Brno, Sokol \u0160itbo\u0159ice a\nDru\u017estevn\u00edk Nikol\u010dice. Hr\u00e1lo se v&nbsp;de\u0161tiv\u00e9m po\u010das\u00ed a na\u0161i vyhr\u00e1li.<\/p>\n\n\n\n<p>Hody<\/p>\n\n\n\n<figure class=\"wp-block-image size-large\"><img loading=\"lazy\" decoding=\"async\" width=\"1024\" height=\"360\" src=\"http:\/\/symbivita.cz\/blog\/wp-content\/uploads\/2020\/09\/1984-hody-1024x360.jpg\" alt=\"\" class=\"wp-image-1074\" srcset=\"https:\/\/symbivita.cz\/blog\/wp-content\/uploads\/2020\/09\/1984-hody-1024x360.jpg 1024w, https:\/\/symbivita.cz\/blog\/wp-content\/uploads\/2020\/09\/1984-hody-300x106.jpg 300w, https:\/\/symbivita.cz\/blog\/wp-content\/uploads\/2020\/09\/1984-hody-768x270.jpg 768w, https:\/\/symbivita.cz\/blog\/wp-content\/uploads\/2020\/09\/1984-hody.jpg 1029w\" sizes=\"(max-width: 1024px) 100vw, 1024px\" \/><\/figure>\n\n\n\n<p>Letn\u00ed karneval srpen 1984<\/p>\n\n\n\n<figure class=\"wp-block-image size-large\"><img loading=\"lazy\" decoding=\"async\" width=\"1024\" height=\"491\" src=\"http:\/\/symbivita.cz\/blog\/wp-content\/uploads\/2020\/09\/1984-srpnov\u00fd-letn\u00ed-karneval-1024x491.jpg\" alt=\"\" class=\"wp-image-1075\" srcset=\"https:\/\/symbivita.cz\/blog\/wp-content\/uploads\/2020\/09\/1984-srpnov\u00fd-letn\u00ed-karneval-1024x491.jpg 1024w, https:\/\/symbivita.cz\/blog\/wp-content\/uploads\/2020\/09\/1984-srpnov\u00fd-letn\u00ed-karneval-300x144.jpg 300w, https:\/\/symbivita.cz\/blog\/wp-content\/uploads\/2020\/09\/1984-srpnov\u00fd-letn\u00ed-karneval-768x369.jpg 768w, https:\/\/symbivita.cz\/blog\/wp-content\/uploads\/2020\/09\/1984-srpnov\u00fd-letn\u00ed-karneval.jpg 1373w\" sizes=\"(max-width: 1024px) 100vw, 1024px\" \/><\/figure>\n\n\n\n<p>\u0160koln\u00ed\nrok 1984\/85 <\/p>\n\n\n\n<p>U\u010ditelsk\u00fd\nsbor:<\/p>\n\n\n\n<p>Vlastimila Drab\u00e1lkov\u00e1, Jarmila Horov\u00e1 (ode\u0161la na MD), Lenka\nB\u00ednkov\u00e1, Helena Pavlack\u00e1, Jana Kleinov\u00e1, Anna Svobodov\u00e1,&nbsp; Ji\u0159\u00ed \u0158\u00edhovsk\u00fd, Jarom\u00edr \u010cuta, Josef \u010cern\u00fd,\nJi\u0159ina Kul\u00ed\u0161kov\u00e1, Marta Ba\u017eantov\u00e1, Zde\u0148ka Stossov\u00e1, d\u00e1le Anna Svobodov\u00e1, Kv\u011bta\nCharv\u00e1tov\u00e1.<\/p>\n\n\n\n<p>Vychovatelkou \u0161koln\u00ed dru\u017einy je Ludmila Sk\u0159iv\u00e1nkov\u00e1.<\/p>\n\n\n\n<p class=\"has-text-color has-pale-cyan-blue-color\">Vstoupil\nv&nbsp;platnost nov\u00fd z\u00e1kon o desetilet\u00e9 povinn\u00e9 \u0161koln\u00ed doch\u00e1zce. Ka\u017ed\u00fd \u017e\u00e1k mus\u00ed\np\u0159ej\u00edt na st\u0159edn\u00ed \u0161kolu. St\u0159edn\u00ed \u0161kolou se rozum\u00ed jednak gymnasium \u010di st\u0159edn\u00ed\nodborn\u00e1 \u0161kola (t\u0159eba pr\u016fmyslovka), jednak st\u0159edn\u00ed odborn\u00e9 u\u010dili\u0161t\u011b (SOU).<\/p>\n\n\n\n<figure class=\"wp-block-image size-large\"><img loading=\"lazy\" decoding=\"async\" width=\"1024\" height=\"361\" src=\"http:\/\/symbivita.cz\/blog\/wp-content\/uploads\/2020\/09\/1984-3.-a-4.-t\u0159\u00edda-1024x361.jpg\" alt=\"\" class=\"wp-image-1077\" srcset=\"https:\/\/symbivita.cz\/blog\/wp-content\/uploads\/2020\/09\/1984-3.-a-4.-t\u0159\u00edda-1024x361.jpg 1024w, https:\/\/symbivita.cz\/blog\/wp-content\/uploads\/2020\/09\/1984-3.-a-4.-t\u0159\u00edda-300x106.jpg 300w, https:\/\/symbivita.cz\/blog\/wp-content\/uploads\/2020\/09\/1984-3.-a-4.-t\u0159\u00edda-768x270.jpg 768w, https:\/\/symbivita.cz\/blog\/wp-content\/uploads\/2020\/09\/1984-3.-a-4.-t\u0159\u00edda-1536x541.jpg 1536w, https:\/\/symbivita.cz\/blog\/wp-content\/uploads\/2020\/09\/1984-3.-a-4.-t\u0159\u00edda.jpg 1701w\" sizes=\"(max-width: 1024px) 100vw, 1024px\" \/><\/figure>\n\n\n\n<figure class=\"wp-block-image size-large\"><img loading=\"lazy\" decoding=\"async\" width=\"1024\" height=\"361\" src=\"http:\/\/symbivita.cz\/blog\/wp-content\/uploads\/2020\/09\/1984-5.A-a-5.B-t\u0159\u00eddy-1024x361.jpg\" alt=\"\" class=\"wp-image-1078\" srcset=\"https:\/\/symbivita.cz\/blog\/wp-content\/uploads\/2020\/09\/1984-5.A-a-5.B-t\u0159\u00eddy-1024x361.jpg 1024w, https:\/\/symbivita.cz\/blog\/wp-content\/uploads\/2020\/09\/1984-5.A-a-5.B-t\u0159\u00eddy-300x106.jpg 300w, https:\/\/symbivita.cz\/blog\/wp-content\/uploads\/2020\/09\/1984-5.A-a-5.B-t\u0159\u00eddy-768x271.jpg 768w, https:\/\/symbivita.cz\/blog\/wp-content\/uploads\/2020\/09\/1984-5.A-a-5.B-t\u0159\u00eddy-1536x541.jpg 1536w, https:\/\/symbivita.cz\/blog\/wp-content\/uploads\/2020\/09\/1984-5.A-a-5.B-t\u0159\u00eddy.jpg 1689w\" sizes=\"(max-width: 1024px) 100vw, 1024px\" \/><\/figure>\n\n\n\n<figure class=\"wp-block-image size-large\"><img loading=\"lazy\" decoding=\"async\" width=\"1024\" height=\"366\" src=\"http:\/\/symbivita.cz\/blog\/wp-content\/uploads\/2020\/09\/1984-6.A-a-6.B-t\u0159\u00eddy-1024x366.jpg\" alt=\"\" class=\"wp-image-1079\" srcset=\"https:\/\/symbivita.cz\/blog\/wp-content\/uploads\/2020\/09\/1984-6.A-a-6.B-t\u0159\u00eddy-1024x366.jpg 1024w, https:\/\/symbivita.cz\/blog\/wp-content\/uploads\/2020\/09\/1984-6.A-a-6.B-t\u0159\u00eddy-300x107.jpg 300w, https:\/\/symbivita.cz\/blog\/wp-content\/uploads\/2020\/09\/1984-6.A-a-6.B-t\u0159\u00eddy-768x274.jpg 768w, https:\/\/symbivita.cz\/blog\/wp-content\/uploads\/2020\/09\/1984-6.A-a-6.B-t\u0159\u00eddy-1536x548.jpg 1536w, https:\/\/symbivita.cz\/blog\/wp-content\/uploads\/2020\/09\/1984-6.A-a-6.B-t\u0159\u00eddy.jpg 1689w\" sizes=\"(max-width: 1024px) 100vw, 1024px\" \/><\/figure>\n\n\n\n<figure class=\"wp-block-image size-large\"><img loading=\"lazy\" decoding=\"async\" width=\"1024\" height=\"369\" src=\"http:\/\/symbivita.cz\/blog\/wp-content\/uploads\/2020\/09\/1985-7.A-a-7.B-t\u0159\u00eddy-1024x369.jpg\" alt=\"\" class=\"wp-image-1080\" srcset=\"https:\/\/symbivita.cz\/blog\/wp-content\/uploads\/2020\/09\/1985-7.A-a-7.B-t\u0159\u00eddy-1024x369.jpg 1024w, https:\/\/symbivita.cz\/blog\/wp-content\/uploads\/2020\/09\/1985-7.A-a-7.B-t\u0159\u00eddy-300x108.jpg 300w, https:\/\/symbivita.cz\/blog\/wp-content\/uploads\/2020\/09\/1985-7.A-a-7.B-t\u0159\u00eddy-768x277.jpg 768w, https:\/\/symbivita.cz\/blog\/wp-content\/uploads\/2020\/09\/1985-7.A-a-7.B-t\u0159\u00eddy-1536x553.jpg 1536w, https:\/\/symbivita.cz\/blog\/wp-content\/uploads\/2020\/09\/1985-7.A-a-7.B-t\u0159\u00eddy.jpg 1683w\" sizes=\"(max-width: 1024px) 100vw, 1024px\" \/><\/figure>\n\n\n\n<figure class=\"wp-block-image size-large\"><img loading=\"lazy\" decoding=\"async\" width=\"837\" height=\"611\" src=\"http:\/\/symbivita.cz\/blog\/wp-content\/uploads\/2020\/09\/1984-8.-t\u0159\u00edda.jpg\" alt=\"\" class=\"wp-image-1081\" srcset=\"https:\/\/symbivita.cz\/blog\/wp-content\/uploads\/2020\/09\/1984-8.-t\u0159\u00edda.jpg 837w, https:\/\/symbivita.cz\/blog\/wp-content\/uploads\/2020\/09\/1984-8.-t\u0159\u00edda-300x219.jpg 300w, https:\/\/symbivita.cz\/blog\/wp-content\/uploads\/2020\/09\/1984-8.-t\u0159\u00edda-768x561.jpg 768w\" sizes=\"(max-width: 837px) 100vw, 837px\" \/><\/figure>\n\n\n\n<p class=\"has-text-color has-vivid-cyan-blue-color\"><a href=\"https:\/\/cs.wikipedia.org\/wiki\/5._z%C3%A1%C5%99%C3%AD\">5.<\/a>\u2013<a href=\"https:\/\/cs.wikipedia.org\/wiki\/14._z%C3%A1%C5%99%C3%AD\">14. z\u00e1\u0159\u00ed<\/a>&nbsp;\u2013\nVe&nbsp;<a href=\"https:\/\/cs.wikipedia.org\/wiki\/Vojensk%C3%BD_%C3%BAjezd\">vojensk\u00fdch\nprostorech<\/a>&nbsp;<a href=\"https:\/\/cs.wikipedia.org\/wiki\/%C4%8Ceskoslovensk%C3%A1_socialistick%C3%A1_republika\">\u010cSSR<\/a>&nbsp;se konalo spojeneck\u00e9 vojensk\u00e9 cvi\u010den\u00ed arm\u00e1d st\u00e1t\u016f\nVar\u0161avsk\u00e9 smlouvy \u0160t\u00edt 84<\/p>\n\n\n\n<p>V&nbsp;z\u00e1\u0159\u00ed\nse konaly srazy ro\u010dn\u00edk\u016f 1954 a 1944. Prohl\u00eddka \u0161koly, potom posezen\u00ed\nv&nbsp;nov\u00e9m hostinci.<\/p>\n\n\n\n<p>M\u0160<\/p>\n\n\n\n<figure class=\"wp-block-image size-large\"><img loading=\"lazy\" decoding=\"async\" width=\"760\" height=\"542\" src=\"http:\/\/symbivita.cz\/blog\/wp-content\/uploads\/2020\/09\/1984-M\u0160.jpg\" alt=\"\" class=\"wp-image-1082\" srcset=\"https:\/\/symbivita.cz\/blog\/wp-content\/uploads\/2020\/09\/1984-M\u0160.jpg 760w, https:\/\/symbivita.cz\/blog\/wp-content\/uploads\/2020\/09\/1984-M\u0160-300x214.jpg 300w\" sizes=\"(max-width: 760px) 100vw, 760px\" \/><\/figure>\n\n\n\n<p>V&nbsp;roce\n1984 byla hlavn\u00edm a velice n\u00e1ro\u010dn\u00fdm \u00fakolem druh\u00e1 etapa plynofikace obce.\nBylo&nbsp; polo\u017eeno&nbsp; v\u00edc ne\u017e 2 km plynov\u00e9ho potrub\u00ed na v\u00fdchodn\u00ed\nstran\u011b obce, na kter\u00e9 bude postupn\u011b napojeno kolem sta rodinn\u00fdch&nbsp; domk\u016f a&nbsp;\nv\u011bt\u0161ina ve\u0159ejn\u00fdch budov.. P\u0159ev\u00e1\u017enou&nbsp;\n\u010d\u00e1st trasy kopali ob\u010dan\u00e9&nbsp; ru\u010dn\u011b\u2026\n(N\u010c II str. 82)<\/p>\n\n\n\n<p>\u2026\nV&nbsp;t\u00e9to dob\u011b za p\u0159edsedy Mnacakanova a pozd\u011bji za starosty Kone\u010dn\u00e9ho\ndoznala vesnice neb\u00fdval\u00e9ho rozkv\u011btu, vyrovnala se, ba&nbsp; v&nbsp;mnoha ohledech i p\u0159edb\u011bhla nejl\u00e9pe\nvybaven\u00e9 obce.<\/p>\n\n\n\n<p>5. \u0159\u00edjna\nse v&nbsp;prostoru parkuru konala okresn\u00ed v\u00fdstava dobytka. Po\u0159adatelem byl Krajsk\u00fd\nplemen\u00e1\u0159sk\u00fd podnik- st\u0159edisko Hustope\u010de a na\u0161e JZD.<\/p>\n\n\n\n<figure class=\"wp-block-image size-large\"><img loading=\"lazy\" decoding=\"async\" width=\"896\" height=\"846\" src=\"http:\/\/symbivita.cz\/blog\/wp-content\/uploads\/2020\/09\/1984-chovatelsk\u00fd-den.jpg\" alt=\"\" class=\"wp-image-1083\" srcset=\"https:\/\/symbivita.cz\/blog\/wp-content\/uploads\/2020\/09\/1984-chovatelsk\u00fd-den.jpg 896w, https:\/\/symbivita.cz\/blog\/wp-content\/uploads\/2020\/09\/1984-chovatelsk\u00fd-den-300x283.jpg 300w, https:\/\/symbivita.cz\/blog\/wp-content\/uploads\/2020\/09\/1984-chovatelsk\u00fd-den-768x725.jpg 768w\" sizes=\"(max-width: 896px) 100vw, 896px\" \/><\/figure>\n\n\n\n<p>5.\u0159\u00edjna &#8211;\nkulturn\u00ed, \u0161kolsk\u00e1 komise po\u0159\u00e1d\u00e1 zdravotn\u00ed p\u0159edn\u00e1\u0161ku pro ml\u00e1de\u017e \u201eV\u00fdb\u011br vhodn\u00e9ho\npartnera\u201c, p\u0159i\u0161la jen hrstka z\u00e1jemc\u016f.<\/p>\n\n\n\n<p>7. \u0159\u00edjna.\nStejn\u00e1 komise uspo\u0159\u00e1dala&nbsp; besedu s&nbsp;d\u016fchodci\ns&nbsp;mal\u00fdm poho\u0161t\u011bn\u00edm a kulturn\u00edm programem. S&nbsp;kyti\u010dkou se pamatovalo na\nnejstar\u0161\u00ed ob\u010dany: Marii Ku\u010derovou a Josefa Hlav\u00e1\u010dka. Projev p\u0159ednesl p\u0159edseda\nMNV, pak bylo d\u017eesbaletn\u00ed vystoupen\u00ed souboru MIX, zazp\u00edval d\u00edv\u010d\u00ed soubor\nz&nbsp;Div\u00e1k a zatan\u010dil d\u011btsk\u00fd soubor m\u00edstn\u00ed Z\u0160.<\/p>\n\n\n\n<p>Knihovnu\nvede Jitka Urb\u00e1nkov\u00e1, je registrov\u00e1no 100 \u010dten\u00e1\u0159\u016f. Knihovna je um\u00edst\u011bna\nv&nbsp;mal\u00e9 nevyhovuj\u00edc\u00ed m\u00edstnosti v&nbsp;budov\u011b M\u0160.<\/p>\n\n\n\n<p>\u010cZS.\nDlouholet\u00fd p\u0159edseda Jaroslav Brychta se z\u0159ekl&nbsp;\nfunkce.<\/p>\n\n\n\n<p>V&nbsp;Nikol\u010dick\u00e9m\n\u010dasopise za\u010dal vych\u00e1zet seri\u00e1l \u201e Z&nbsp;letopis\u016f\u201c. Kronik\u00e1\u0159 obce v&nbsp;nich\nsezn\u00e1mil&nbsp; ob\u010dany se&nbsp; v\u0161emi fakty, kter\u00e1 jsou zn\u00e1ma&nbsp; z&nbsp;minulosti Nikol\u010dic. V&nbsp;druh\u00e9 \u010d\u00e1sti\nroku byl seri\u00e1l nahrazen nov\u00fdm n\u00e1zvem: \u201eNikol\u010di\u010d\u00e1ci\u201c. Byl o zaj\u00edmav\u00fdch lidech,\nna kter\u00e9 vzpom\u00ednaj\u00ed pam\u011btn\u00edci. Vy\u0161lo 11 \u010d\u00edsel.<\/p>\n\n\n\n<p>Kronika\nobce s&nbsp;p\u0159\u00edlohami se z\u00fa\u010dastnila okresn\u00edho kola sout\u011b\u017ee kronik ke 40. v\u00fdro\u010d\u00ed\nosvobozen\u00ed \u010ceskoslovenska. Obdr\u017eela \u010destn\u00e9 uzn\u00e1n\u00ed. L\u00edbily se p\u0159\u00edlohy, zejm\u00e9na\n\u201eHistorie ochotnick\u00e9ho divadla v&nbsp;Nikol\u010dic\u00edch\u201c.<\/p>\n\n\n\n<figure class=\"wp-block-image size-large\"><img loading=\"lazy\" decoding=\"async\" width=\"723\" height=\"544\" src=\"http:\/\/symbivita.cz\/blog\/wp-content\/uploads\/2020\/09\/1984-\u010destn\u00e9-uzn\u00e1n\u00ed-Josefu-\u010cern\u00e9mu.png\" alt=\"\" class=\"wp-image-1084\" srcset=\"https:\/\/symbivita.cz\/blog\/wp-content\/uploads\/2020\/09\/1984-\u010destn\u00e9-uzn\u00e1n\u00ed-Josefu-\u010cern\u00e9mu.png 723w, https:\/\/symbivita.cz\/blog\/wp-content\/uploads\/2020\/09\/1984-\u010destn\u00e9-uzn\u00e1n\u00ed-Josefu-\u010cern\u00e9mu-300x226.png 300w\" sizes=\"(max-width: 723px) 100vw, 723px\" \/><\/figure>\n\n\n\n<p>JZD\nzapo\u010dalo s&nbsp;rekultivac\u00ed Podl\u00e9tn\u00ed. Prvn\u00ed vinice JZD vysazen\u00e9 na \u00fazk\u00fdch,\ndvou\u0159ad\u00fdch teras\u00e1ch, doslou\u017eily. Nahrad\u00ed je velkoplo\u0161n\u00e9 terasy, jak\u00e9 ji\u017e d\u0159\u00edve\nvznikly ve&nbsp;Vofaperk\u00e1ch, Zec\u00edch, Jizb\u00e1ch, \u0160icht\u00e1ch.<\/p>\n\n\n\n<p>Letos se\nnep\u011bstovala v&nbsp;katastru Nikol\u010dic cukrov\u00e1 \u0159epa.<\/p>\n\n\n\n<p>Novou\nbezpra\u0161nou vozovku vybudovalo JZD pro svou pot\u0159ebu vedouc\u00ed ze \u0160itbo\u0159ic p\u0159es\n\u0160itbo\u0159ick\u00e9 kopce, nad P\u016ftn\u011bmi, na st\u00e1tn\u00ed silnici 54 navazuje nov\u00e1 vozovka u\nk\u0159\u00ed\u017ee nad P\u016ftn\u011bmi.<\/p>\n\n\n\n<p>Pokra\u010duje\n\u00fabytek zv\u011b\u0159e v&nbsp;na\u0161\u00ed p\u0159\u00edrod\u011b. V\u016fbec nebylo mo\u017eno po\u0159\u00e1dat hon na zaj\u00edce. Na\nba\u017eanty byly uspo\u0159\u00e1d\u00e1ny 2 hony.<\/p>\n\n\n\n<p>V&nbsp;katastru JZD&nbsp; brat\u0159\u00ed Mr\u0161t\u00edk\u016f se objevila vzteklina. Byla prok\u00e1z\u00e1na zejm\u00e9na u li\u0161ek.<\/p>\n\n\n\n<p class=\"has-text-color has-vivid-red-color\"><strong>1985<\/strong><\/p>\n\n\n\n<p>Tento rok\nlze charakterizovat p\u0159em\u00edrou sr\u00e1\u017eek. Pam\u011btn\u00edci tvrd\u00ed, \u017ee od roku 1929 takov\u00e9 neza\u017eili.\nTeploty v&nbsp;lednu klesly na m\u00ednus 30 st. C a tot\u00e9\u017e se opakovalo\nv&nbsp;\u00fanoru. Utrp\u011bly vinice, \u00fapln\u011b zmrzly, musely b\u00fdt vyk\u00e1ceny. \u00daroda 10 %.\nV\u010dela\u0159i tak\u00e9 nem\u011bli v\u00fdnosy. Brambory postihla pl\u00eds\u0148ov\u00e1 hniloba. Pl\u00edsn\u00ed byla\nposti\u017eena tak\u00e9 zelenina, p\u011bstov\u00e1n\u00ed vojt\u011b\u0161kov\u00e9ho semene se&nbsp; nezda\u0159ilo, ale v obiln\u00e1\u0159stv\u00ed byla \u00faroda\nvelk\u00e1, a stejn\u011b tak se&nbsp; da\u0159ilo cukrovce.\nVelk\u00e9 v\u00fdnosy m\u011blo p\u011bstov\u00e1n\u00ed tab\u00e1ku v&nbsp;\u0160itbo\u0159ic\u00edch.<\/p>\n\n\n\n<p>18. ledna\n\u010cS\u017d po\u0159\u00e1d\u00e1 spole\u010densk\u00fd ples- hraje Sob\u016flanka, Zah\u00e1jen\u00ed provedl d\u017eesbaletn\u00ed\nsoubor MIX, kter\u00e1 nacvi\u010duje s. Sta\u0148kov\u00e1.<\/p>\n\n\n\n<figure class=\"wp-block-image size-large\"><img loading=\"lazy\" decoding=\"async\" width=\"907\" height=\"464\" src=\"http:\/\/symbivita.cz\/blog\/wp-content\/uploads\/2020\/09\/1985-spole\u010densk\u00fd-ples.jpg\" alt=\"\" class=\"wp-image-1085\" srcset=\"https:\/\/symbivita.cz\/blog\/wp-content\/uploads\/2020\/09\/1985-spole\u010densk\u00fd-ples.jpg 907w, https:\/\/symbivita.cz\/blog\/wp-content\/uploads\/2020\/09\/1985-spole\u010densk\u00fd-ples-300x153.jpg 300w, https:\/\/symbivita.cz\/blog\/wp-content\/uploads\/2020\/09\/1985-spole\u010densk\u00fd-ples-768x393.jpg 768w\" sizes=\"(max-width: 907px) 100vw, 907px\" \/><\/figure>\n\n\n\n<p>Ly\u017ea\u0159sk\u00fd&nbsp; kurs<\/p>\n\n\n\n<figure class=\"wp-block-image size-large\"><img loading=\"lazy\" decoding=\"async\" width=\"580\" height=\"293\" src=\"http:\/\/symbivita.cz\/blog\/wp-content\/uploads\/2020\/09\/1985-ly\u017ea\u0159sk\u00fd-kurz-I.jpg\" alt=\"\" class=\"wp-image-1086\" srcset=\"https:\/\/symbivita.cz\/blog\/wp-content\/uploads\/2020\/09\/1985-ly\u017ea\u0159sk\u00fd-kurz-I.jpg 580w, https:\/\/symbivita.cz\/blog\/wp-content\/uploads\/2020\/09\/1985-ly\u017ea\u0159sk\u00fd-kurz-I-300x152.jpg 300w\" sizes=\"(max-width: 580px) 100vw, 580px\" \/><\/figure>\n\n\n\n<p>31. ledna\nobdr\u017eeli \u017e\u00e1ci pololetn\u00ed vysv\u011bd\u010den\u00ed. Poprv\u00e9 byli klasifikov\u00e1ni podle nov\u00e9ho\nklasifika\u010dn\u00edho \u0159\u00e1du. Prosp\u011bl s&nbsp;vyznamen\u00e1n\u00edm, prosp\u011bl velmi&nbsp; dob\u0159e, prosp\u011bl, neprosp\u011bl&nbsp; a chov\u00e1n\u00ed: velmi dobr\u00e9, uspokojiv\u00e9, m\u00e9n\u011b\nuspokojiv\u00e9 a neuspokojiv\u00e9.<\/p>\n\n\n\n<p>2. \u00fanora diskoples-\nsportovci.<\/p>\n\n\n\n<p>\u010cZS\norganizoval v\u00fdstavu v\u00edn spojenou s&nbsp;ostatkovou z\u00e1bavou a tak\u00e9 byla\np\u0159edn\u00e1\u0161ka \u201e P\u011bstov\u00e1n\u00ed a ochrana&nbsp; vinn\u00e9\nr\u00e9vy\u201c ( ing. M\u00ed\u0161a a ing.Pazderka z&nbsp;V\u0160 v&nbsp;Lednici) Organizace m\u00e1\n83&nbsp; \u010dlen\u016f.<\/p>\n\n\n\n<p>Jaroslav\nUrb\u00e1nek- p\u0159edseda, Ji\u0159\u00ed Petrla -m\u00edstop\u0159edseda, Milan Mik\u00e1\u010d- jednatel,\ning.Vlastimil Vozdeck\u00fd- pokladn\u00edk, Milan Kaplan-&nbsp; hospod\u00e1\u0159, \u010dlenov\u00e9: Jan Hir\u0161, Jan Hirsch,\nZden\u011bk \u0160u\u0161na, Josef Fic, Josef Major, Jaroslav Svoboda, \u0160t\u011bp\u00e1n Rozkydal a\nOld\u0159ich Va\u0161\u00ed\u010dek.<\/p>\n\n\n\n<p>16.\u00fanora\nbylo p\u0159edvedeno 109 vzork\u016f na mal\u00e9 v\u00fdstavce v\u00edn zahr\u00e1dk\u00e1\u0159\u016f, potom n\u00e1sledoval\ndisko ve\u010d\u00edrek. V\u00edna byla z&nbsp;lo\u0148sk\u00e9ho chladn\u00e9ho po\u010das\u00ed trochu tvrd\u0161\u00ed, ale\naromatick\u00e1 a chutn\u00e1. A tak\u00e9 vesm\u011bs dob\u0159e ud\u011blan\u00e1 a dob\u0159e o\u0161et\u0159en\u00e1.<\/p>\n\n\n\n<p>Budou\nmuset sta\u010dit na dva roky, proto\u017ee letos v\u00edno nebude.<\/p>\n\n\n\n<figure class=\"wp-block-image size-large\"><img loading=\"lazy\" decoding=\"async\" width=\"607\" height=\"424\" src=\"http:\/\/symbivita.cz\/blog\/wp-content\/uploads\/2020\/09\/1985-katalog.jpg\" alt=\"\" class=\"wp-image-1087\" srcset=\"https:\/\/symbivita.cz\/blog\/wp-content\/uploads\/2020\/09\/1985-katalog.jpg 607w, https:\/\/symbivita.cz\/blog\/wp-content\/uploads\/2020\/09\/1985-katalog-300x210.jpg 300w\" sizes=\"(max-width: 607px) 100vw, 607px\" \/><\/figure>\n\n\n\n<figure class=\"wp-block-image size-large\"><img loading=\"lazy\" decoding=\"async\" width=\"485\" height=\"398\" src=\"http:\/\/symbivita.cz\/blog\/wp-content\/uploads\/2020\/09\/1985-Vozdeck\u00fd.jpg\" alt=\"\" class=\"wp-image-1088\" srcset=\"https:\/\/symbivita.cz\/blog\/wp-content\/uploads\/2020\/09\/1985-Vozdeck\u00fd.jpg 485w, https:\/\/symbivita.cz\/blog\/wp-content\/uploads\/2020\/09\/1985-Vozdeck\u00fd-300x246.jpg 300w\" sizes=\"(max-width: 485px) 100vw, 485px\" \/><\/figure>\n\n\n\n<p>20. \u00fanora\nse uskute\u010dnila l\u00e9ka\u0159sk\u00e1 p\u0159edn\u00e1\u0161ka s&nbsp;obvodn\u00ed l\u00e9ka\u0159skou MUDr. Huba\u010dovou.\n\nKarneval\n\n\n\n<\/p>\n\n\n\n<figure class=\"wp-block-image size-large\"><img loading=\"lazy\" decoding=\"async\" width=\"865\" height=\"379\" src=\"http:\/\/symbivita.cz\/blog\/wp-content\/uploads\/2020\/09\/1985-D\u011btsk\u00fd-karneval.jpg\" alt=\"\" class=\"wp-image-1089\" srcset=\"https:\/\/symbivita.cz\/blog\/wp-content\/uploads\/2020\/09\/1985-D\u011btsk\u00fd-karneval.jpg 865w, https:\/\/symbivita.cz\/blog\/wp-content\/uploads\/2020\/09\/1985-D\u011btsk\u00fd-karneval-300x131.jpg 300w, https:\/\/symbivita.cz\/blog\/wp-content\/uploads\/2020\/09\/1985-D\u011btsk\u00fd-karneval-768x336.jpg 768w\" sizes=\"(max-width: 865px) 100vw, 865px\" \/><\/figure>\n\n\n\n<p>8. b\u0159ezna\n\u2013 oslava MD\u017d. Vystoupil d\u011btsk\u00fd tane\u010dn\u00ed soubor a tak\u00e9 d\u017eez gymnastick\u00fd soubor\n\u017een, oba kolektivy vede u\u010ditelka Marta Sta\u0148kov\u00e1. Zazp\u00edval sm\u00ed\u0161en\u00fd p\u011bveck\u00fd\nsoubor veden\u00fd Josefem \u010cern\u00fdm.<\/p>\n\n\n\n<p>10.\nb\u0159ezna \u2013 oslava MD\u017d. Byla men\u0161\u00ed \u00fa\u010dast, proto\u017ee prob\u00edhala ch\u0159ipkov\u00e1 epidemie.<\/p>\n\n\n\n<p>12.\nb\u0159ezna 30. v\u00fdro\u010d\u00ed zalo\u017een\u00ed \u010cS\u010cK. Slavnostn\u00ed sch\u016fze se konala v&nbsp;m\u00edstn\u00edm\npohostinstv\u00ed.<\/p>\n\n\n\n<p>16. dubna\nbyla otev\u0159ena nov\u00e1 zasedac\u00ed m\u00edstnost a ob\u0159adn\u00ed s\u00ed\u0148 MNV ku 40. v\u00fdro\u010d\u00ed osvobozen\u00ed\nobce. <\/p>\n\n\n\n<figure class=\"wp-block-image size-large\"><img loading=\"lazy\" decoding=\"async\" width=\"484\" height=\"416\" src=\"http:\/\/symbivita.cz\/blog\/wp-content\/uploads\/2020\/09\/1985-p\u011bveck\u00fd-krou\u017eek.jpg\" alt=\"\" class=\"wp-image-1090\" srcset=\"https:\/\/symbivita.cz\/blog\/wp-content\/uploads\/2020\/09\/1985-p\u011bveck\u00fd-krou\u017eek.jpg 484w, https:\/\/symbivita.cz\/blog\/wp-content\/uploads\/2020\/09\/1985-p\u011bveck\u00fd-krou\u017eek-300x258.jpg 300w\" sizes=\"(max-width: 484px) 100vw, 484px\" \/><\/figure>\n\n\n\n<p>S\u00ed\u0148 je napojena na plynov\u00e9 vyt\u00e1p\u011bn\u00ed, kapacita je 80 m\u00edst. Byla vybavena modern\u00edm n\u00e1bytkem, d\u0159ev\u011bn\u00fdm oblo\u017een\u00edm st\u011bn, 4 velk\u00fdmi tapiseriemi art-protis zhotoven\u00fdmi u\u010diteli v\u00fdtvarn\u00edky Ji\u0159inou Kul\u00ed\u0161kovou a Josefem \u010cern\u00fdm. Jejich n\u00e1m\u011btem jsou 4 ro\u010dn\u00ed obdob\u00ed. <\/p>\n\n\n\n<figure class=\"wp-block-image size-large is-resized\"><img loading=\"lazy\" decoding=\"async\" src=\"http:\/\/symbivita.cz\/blog\/wp-content\/uploads\/2020\/09\/1985-Art-I.jpg\" alt=\"\" class=\"wp-image-1091\" width=\"349\" height=\"350\" srcset=\"https:\/\/symbivita.cz\/blog\/wp-content\/uploads\/2020\/09\/1985-Art-I.jpg 534w, https:\/\/symbivita.cz\/blog\/wp-content\/uploads\/2020\/09\/1985-Art-I-300x300.jpg 300w, https:\/\/symbivita.cz\/blog\/wp-content\/uploads\/2020\/09\/1985-Art-I-150x150.jpg 150w, https:\/\/symbivita.cz\/blog\/wp-content\/uploads\/2020\/09\/1985-Art-I-270x270.jpg 270w, https:\/\/symbivita.cz\/blog\/wp-content\/uploads\/2020\/09\/1985-Art-I-230x230.jpg 230w\" sizes=\"(max-width: 349px) 100vw, 349px\" \/><\/figure>\n\n\n\n<figure class=\"wp-block-image size-large\"><img loading=\"lazy\" decoding=\"async\" width=\"977\" height=\"434\" src=\"http:\/\/symbivita.cz\/blog\/wp-content\/uploads\/2020\/09\/1985-Art-II.jpg\" alt=\"\" class=\"wp-image-1092\" srcset=\"https:\/\/symbivita.cz\/blog\/wp-content\/uploads\/2020\/09\/1985-Art-II.jpg 977w, https:\/\/symbivita.cz\/blog\/wp-content\/uploads\/2020\/09\/1985-Art-II-300x133.jpg 300w, https:\/\/symbivita.cz\/blog\/wp-content\/uploads\/2020\/09\/1985-Art-II-768x341.jpg 768w\" sizes=\"(max-width: 977px) 100vw, 977px\" \/><\/figure>\n\n\n\n<figure class=\"wp-block-image size-large\"><img loading=\"lazy\" decoding=\"async\" width=\"950\" height=\"433\" src=\"http:\/\/symbivita.cz\/blog\/wp-content\/uploads\/2020\/09\/1985-Art-III.jpg\" alt=\"\" class=\"wp-image-1093\" srcset=\"https:\/\/symbivita.cz\/blog\/wp-content\/uploads\/2020\/09\/1985-Art-III.jpg 950w, https:\/\/symbivita.cz\/blog\/wp-content\/uploads\/2020\/09\/1985-Art-III-300x137.jpg 300w, https:\/\/symbivita.cz\/blog\/wp-content\/uploads\/2020\/09\/1985-Art-III-768x350.jpg 768w\" sizes=\"(max-width: 950px) 100vw, 950px\" \/><\/figure>\n\n\n\n<figure class=\"wp-block-image size-large is-resized\"><img loading=\"lazy\" decoding=\"async\" src=\"http:\/\/symbivita.cz\/blog\/wp-content\/uploads\/2020\/09\/1985-Art-IV.jpg\" alt=\"\" class=\"wp-image-1094\" width=\"422\" height=\"426\" srcset=\"https:\/\/symbivita.cz\/blog\/wp-content\/uploads\/2020\/09\/1985-Art-IV.jpg 566w, https:\/\/symbivita.cz\/blog\/wp-content\/uploads\/2020\/09\/1985-Art-IV-297x300.jpg 297w, https:\/\/symbivita.cz\/blog\/wp-content\/uploads\/2020\/09\/1985-Art-IV-150x150.jpg 150w\" sizes=\"(max-width: 422px) 100vw, 422px\" \/><\/figure>\n\n\n\n<p>Co je to&nbsp; art protis?\nJe to netkan\u00e1 dekorativn\u00ed textilie &nbsp;&nbsp;&nbsp;&nbsp;&nbsp;&nbsp;&nbsp;&nbsp;&nbsp;&nbsp;&nbsp;&nbsp;&nbsp;&nbsp;&nbsp;&nbsp;&nbsp;&nbsp;&nbsp;\u201e namalovan\u00e1 vlnou\u201c, tj. nakladen\u00e1\nz&nbsp;r\u016fznobarevn\u00e9ho ov\u010d\u00edho rouna plo\u0161n\u011b pro\u0161it\u00e1 speci\u00e1ln\u00edm&nbsp; \u0161ic\u00edm strojem. Tento v\u00fdtvarn\u00fd obor je\n\u010deskoslovensk\u00fdm patentem a prov\u00e1d\u00ed se na jedin\u00e9m m\u00edst\u011b na sv\u011bt\u011b-\nv&nbsp;brn\u011bnsk\u00e9m podniku Vln\u011bna.<\/p>\n\n\n\n<p>V&nbsp;Z\u0160\nbyla provedena p\u0159\u00edstavba kabinet\u016f, gener\u00e1ln\u00ed oprava elektroinstalace, oprava\nkotelny, nov\u00e1 st\u0159echy.<\/p>\n\n\n\n<p>14.\nkv\u011btna uspo\u0159\u00e1d\u00e1na \u010cS\u017d beseda u samovaru s&nbsp;man\u017eeli Jaro\u0161ov\u00fdmi\nz&nbsp;Hustope\u010d\u00ed ( n\u00e1mo\u0159n\u00edk a u\u010ditelka), kte\u0159\u00ed studovali v&nbsp;SSSR. Pod\u00e1vala\nse specialita- ku\u0159e po \u00e1zerbajd\u017e\u00e1nsku, kterou p\u0159ipravila p\u0159edsedkyn\u011b organizace\nDrahom\u00edra \u010cern\u00e1.<\/p>\n\n\n\n<p class=\"has-text-color has-vivid-cyan-blue-color\"><a href=\"https:\/\/cs.wikipedia.org\/wiki\/21._kv%C4%9Bten\">21.<\/a>\u2013<a href=\"https:\/\/cs.wikipedia.org\/wiki\/24._kv%C4%9Bten\">24. kv\u011btna<\/a>&nbsp;\u2013\nZ\u00e1padn\u00ed \u010d\u00e1st&nbsp;<a href=\"https:\/\/cs.wikipedia.org\/wiki\/Jihomoravsk%C3%BD_kraj_(od_roku_1960)\">Jihomoravsk\u00e9ho<\/a>&nbsp;a ji\u017en\u00ed \u010d\u00e1st&nbsp;<a href=\"https:\/\/cs.wikipedia.org\/wiki\/V%C3%BDchodo%C4%8Desk%C3%BD_kraj\">V\u00fdchodo\u010desk\u00e9ho\nkraje<\/a>&nbsp;zas\u00e1hly povodn\u011b.&nbsp;<\/p>\n\n\n\n<p class=\"has-text-color has-vivid-cyan-blue-color\"><a href=\"https:\/\/cs.wikipedia.org\/wiki\/17._duben\">7. dubna<\/a>&nbsp;\u2013&nbsp;<a href=\"https:\/\/cs.wikipedia.org\/wiki\/3._kv%C4%9Bten\">3. kv\u011btna<\/a>&nbsp;\u2013\nV&nbsp;<a href=\"https:\/\/cs.wikipedia.org\/wiki\/Tipsport_Arena_(Praha)\">Praze<\/a>&nbsp;se\nkonalo&nbsp;<a href=\"https:\/\/cs.wikipedia.org\/wiki\/Mistrovstv%C3%AD_sv%C4%9Bta_v_ledn%C3%ADm_hokeji_1985\">mistrovstv\u00ed sv\u011bta v ledn\u00edm hokeji<\/a>. Ve fin\u00e1lov\u00e9m utk\u00e1n\u00ed \u010cSSR proti\nKanad\u011b zv\u00edt\u011bzili \u010deskosloven\u0161t\u00ed hokejist\u00e9 a stali se mistry sv\u011bta.<\/p>\n\n\n\n<p>24. a\n25.kv\u011btna prob\u011bhl V. ro\u010dn\u00edk Nikol\u010dick\u00fdch her. Z\u00fa\u010dastn\u011bn\u00e9 \u0161koly:\n\nZelenice, Velk\u00e9 N\u011bm\u010dice, Nikol\u010dice Vyhr\u00e1li \u017e\u00e1ci\nze Zelnice. Mezi hosty byl i nov\u00fd \u0159editel Zelenick\u00e9 \u0161koly Milan Ryba.\n\n\n\n<\/p>\n\n\n\n<figure class=\"wp-block-image size-large\"><img loading=\"lazy\" decoding=\"async\" width=\"971\" height=\"324\" src=\"http:\/\/symbivita.cz\/blog\/wp-content\/uploads\/2020\/09\/1985-NH-I.jpg\" alt=\"\" class=\"wp-image-1095\" srcset=\"https:\/\/symbivita.cz\/blog\/wp-content\/uploads\/2020\/09\/1985-NH-I.jpg 971w, https:\/\/symbivita.cz\/blog\/wp-content\/uploads\/2020\/09\/1985-NH-I-300x100.jpg 300w, https:\/\/symbivita.cz\/blog\/wp-content\/uploads\/2020\/09\/1985-NH-I-768x256.jpg 768w\" sizes=\"(max-width: 971px) 100vw, 971px\" \/><\/figure>\n\n\n\n<figure class=\"wp-block-image size-large\"><img loading=\"lazy\" decoding=\"async\" width=\"934\" height=\"416\" src=\"http:\/\/symbivita.cz\/blog\/wp-content\/uploads\/2020\/09\/1985-NH-II.jpg\" alt=\"\" class=\"wp-image-1096\" srcset=\"https:\/\/symbivita.cz\/blog\/wp-content\/uploads\/2020\/09\/1985-NH-II.jpg 934w, https:\/\/symbivita.cz\/blog\/wp-content\/uploads\/2020\/09\/1985-NH-II-300x134.jpg 300w, https:\/\/symbivita.cz\/blog\/wp-content\/uploads\/2020\/09\/1985-NH-II-768x342.jpg 768w\" sizes=\"(max-width: 934px) 100vw, 934px\" \/><\/figure>\n\n\n\n<figure class=\"wp-block-image size-large\"><img loading=\"lazy\" decoding=\"async\" width=\"1024\" height=\"346\" src=\"http:\/\/symbivita.cz\/blog\/wp-content\/uploads\/2020\/09\/1985-NH-III-1024x346.jpg\" alt=\"\" class=\"wp-image-1097\" srcset=\"https:\/\/symbivita.cz\/blog\/wp-content\/uploads\/2020\/09\/1985-NH-III-1024x346.jpg 1024w, https:\/\/symbivita.cz\/blog\/wp-content\/uploads\/2020\/09\/1985-NH-III-300x101.jpg 300w, https:\/\/symbivita.cz\/blog\/wp-content\/uploads\/2020\/09\/1985-NH-III-768x259.jpg 768w, https:\/\/symbivita.cz\/blog\/wp-content\/uploads\/2020\/09\/1985-NH-III-1536x519.jpg 1536w, https:\/\/symbivita.cz\/blog\/wp-content\/uploads\/2020\/09\/1985-NH-III.jpg 1561w\" sizes=\"(max-width: 1024px) 100vw, 1024px\" \/><\/figure>\n\n\n\n<figure class=\"wp-block-image size-large is-resized\"><img loading=\"lazy\" decoding=\"async\" src=\"http:\/\/symbivita.cz\/blog\/wp-content\/uploads\/2020\/09\/1985-NH-IV.jpg\" alt=\"\" class=\"wp-image-1098\" width=\"338\" height=\"514\" srcset=\"https:\/\/symbivita.cz\/blog\/wp-content\/uploads\/2020\/09\/1985-NH-IV.jpg 450w, https:\/\/symbivita.cz\/blog\/wp-content\/uploads\/2020\/09\/1985-NH-IV-197x300.jpg 197w\" sizes=\"(max-width: 338px) 100vw, 338px\" \/><\/figure>\n\n\n\n<p>31.kv\u011btna\nse z\u00fa\u010dastnilo 35 \u017e\u00e1k\u016f 24. ro\u010dn\u00edku Zelenick\u00fdch her. Obsadily 4. m\u00edsto.<\/p>\n\n\n\n<p>S\u00e1l OB\nbyl rekonstruov\u00e1n, kancel\u00e1\u0159e MNV p\u0159em\u00edst\u011bny do dne\u0161n\u00ed podoby. <\/p>\n\n\n\n<p>TJ. Odd\u00edl\nkopan\u00e9 nemohl po cel\u00fd rok hr\u00e1t na vlastn\u00edm h\u0159i\u0161ti, proto\u017ee h\u0159i\u0161t\u011b bylo\nv&nbsp;rekonstrukci, zoran\u00e9 a p\u011bstoval se nov\u00fd tr\u00e1vn\u00edk.<\/p>\n\n\n\n<p>Dom\u00e1c\u00ed\nz\u00e1pasy se hr\u00e1ly v&nbsp;Kurd\u011bjov\u011b, mu\u017estvo kleslo na spodn\u00ed p\u0159\u00ed\u010dky tabulky.<\/p>\n\n\n\n<p>Kolem\nh\u0159i\u0161t\u011b&nbsp; byl vybudov\u00e1n zavla\u017eovac\u00ed syst\u00e9m.\nPod\u00e9l h\u0159i\u0161t\u011b byla vybudov\u00e1na kanalizace.<\/p>\n\n\n\n<p>P\u0159edseda\nodd\u00edlu byl Milan Kaplan.<\/p>\n\n\n\n<p>Byla postavena nov\u00e1 prodejna\npotravin.<\/p>\n\n\n\n<p>Provedena modernizace a\nroz\u0161\u00ed\u0159en\u00ed m\u00edstn\u00edho rozhlasu a ve\u0159ejn\u00e9ho osv\u011btlen\u00ed.<\/p>\n\n\n\n<p>Na\nk\u0159i\u017eovatce Div\u00e1ky &#8211; Kurd\u011bjov byla postavena men\u0161\u00ed kovov\u00e1 \u010dek\u00e1rna u zast\u00e1vky\nautobus\u016f.<\/p>\n\n\n\n<p>V\u011bt\u0161\u00ed\nprosklen\u00e1 \u010dek\u00e1rna byla z\u0159\u00edzena u z\u00e1kladn\u00ed \u0161koly. Dal\u0161\u00ed \u010dek\u00e1rna byla postavena u\nprodejny potravin. <\/p>\n\n\n\n<figure class=\"wp-block-image size-large\"><img loading=\"lazy\" decoding=\"async\" width=\"1024\" height=\"551\" src=\"http:\/\/symbivita.cz\/blog\/wp-content\/uploads\/2020\/09\/1985-\u010dek\u00e1rna-1024x551.jpg\" alt=\"\" class=\"wp-image-1100\" srcset=\"https:\/\/symbivita.cz\/blog\/wp-content\/uploads\/2020\/09\/1985-\u010dek\u00e1rna-1024x551.jpg 1024w, https:\/\/symbivita.cz\/blog\/wp-content\/uploads\/2020\/09\/1985-\u010dek\u00e1rna-300x162.jpg 300w, https:\/\/symbivita.cz\/blog\/wp-content\/uploads\/2020\/09\/1985-\u010dek\u00e1rna-768x414.jpg 768w, https:\/\/symbivita.cz\/blog\/wp-content\/uploads\/2020\/09\/1985-\u010dek\u00e1rna.jpg 1105w\" sizes=\"(max-width: 1024px) 100vw, 1024px\" \/><\/figure>\n\n\n\n<p>Kino p\u0159estalo fungovat, vysok\u00e1 ztr\u00e1tovost, prakticky tak\u00e9 ustala \u010dinnost Osv\u011btov\u00e9 besedy.<\/p>\n\n\n\n<p><strong>Spartaki\u00e1da<\/strong><\/p>\n\n\n\n<p>25.\nkv\u011btna prob\u011bhla m\u00edstn\u00ed spartaki\u00e1da. Skladbu mlad\u0161\u00edch \u017e\u00e1k\u016f nacvi\u010dovala Lenka B\u00ednov\u00e1,\nmlad\u0161\u00edch \u017e\u00e1ky\u0148 Helena Pavlack\u00e1, star\u0161\u00edch \u017e\u00e1k\u016f Jarom\u00edr \u010cuta a star\u0161\u00edch \u017e\u00e1ky\u0148\nZde\u0148ka Stossov\u00e1, u\u010ditel\u00e9 Z\u0160. N\u00e1cvik byl znesnadn\u011bn okolnost\u00ed, \u017ee nebylo\nv&nbsp;provozu h\u0159i\u0161t\u011b. Cvi\u010den\u00ed prob\u011bhlo na asfaltov\u00e9 plo\u0161e. Nejv\u00edce se l\u00edbila\nskladba star\u0161\u00edch \u017e\u00e1ky\u0148 \u201ePoupata\u201c. &nbsp;Na\u0161i\n\u017e\u00e1ci tak\u00e9 cvi\u010dili na okrskov\u00e9 spartaki\u00e1d\u011b v&nbsp;Hustope\u010d\u00edch, star\u0161\u00ed \u017e\u00e1kyn\u011b na\nokresn\u00ed spartaki\u00e1d\u011b v&nbsp;B\u0159eclavi.<\/p>\n\n\n\n<figure class=\"wp-block-image size-large\"><img loading=\"lazy\" decoding=\"async\" width=\"939\" height=\"628\" src=\"http:\/\/symbivita.cz\/blog\/wp-content\/uploads\/2020\/09\/1985-Spartaki\u00e1da-Skladba-mlad\u0161\u00edch-\u017e\u00e1k\u016f.jpg\" alt=\"\" class=\"wp-image-1101\" srcset=\"https:\/\/symbivita.cz\/blog\/wp-content\/uploads\/2020\/09\/1985-Spartaki\u00e1da-Skladba-mlad\u0161\u00edch-\u017e\u00e1k\u016f.jpg 939w, https:\/\/symbivita.cz\/blog\/wp-content\/uploads\/2020\/09\/1985-Spartaki\u00e1da-Skladba-mlad\u0161\u00edch-\u017e\u00e1k\u016f-300x201.jpg 300w, https:\/\/symbivita.cz\/blog\/wp-content\/uploads\/2020\/09\/1985-Spartaki\u00e1da-Skladba-mlad\u0161\u00edch-\u017e\u00e1k\u016f-768x514.jpg 768w\" sizes=\"(max-width: 939px) 100vw, 939px\" \/><\/figure>\n\n\n\n<p>Skladba\nmlad\u0161\u00edch \u017e\u00e1k\u016f.<\/p>\n\n\n\n<p class=\"has-text-color has-vivid-cyan-blue-color\"><a href=\"https:\/\/cs.wikipedia.org\/wiki\/27._%C4%8Derven\">27.<\/a>\u2013<a href=\"https:\/\/cs.wikipedia.org\/wiki\/30._%C4%8Derven\">30. \u010dervna<\/a>&nbsp;\u2013\nNa&nbsp;<a href=\"https:\/\/cs.wikipedia.org\/wiki\/Velk%C3%BD_strahovsk%C3%BD_stadion\">Strahovsk\u00e9m\nstadionu<\/a>&nbsp;v Praze se konala historicky posledn\u00ed \u2013 6.&nbsp;<a href=\"https:\/\/cs.wikipedia.org\/wiki\/%C4%8Ceskoslovensk%C3%A1_spartaki%C3%A1da\">\u010deskoslovensk\u00e1\nspartaki\u00e1da<\/a>.<\/p>\n\n\n\n<p>V&nbsp;ulic\u00edch\nod \u010d. 48 po \u010d. 42 byla upravena panelov\u00e1 silnice roz\u0161\u00ed\u0159en\u00edm o samostatn\u00fd\nasfaltov\u00fd povrch pro v\u00fdchodn\u00ed&nbsp; \u0159adu dom\u016f,\njej\u00ed\u017e obyvatel\u00e9 se a\u017e dosud museli k&nbsp;panelovce pro\u0161lap\u00e1vat bl\u00e1tem. Rovn\u011b\u017e\nod kostela ke h\u0159i\u0161ti byl polo\u017een asfaltov\u00fd koberec.<\/p>\n\n\n\n<p>MNV\nfinancoval dva pr\u016fzkumn\u00e9 vrty, kter\u00e9 m\u011bly naj\u00edt vodu pro z\u00e1sobov\u00e1n\u00ed Z\u0160 a M\u0160.\nV&nbsp;hloubce 20 m byla na obou m\u00edstech, tj. za h\u0159i\u0161t\u011bm a p\u0159ed domem \u010d. 63,\nvoda opravdu nalezena. Pr\u00e1ce na tomto nevelk\u00e9m \u00fakolu trvala v\u00edce ne\u017e p\u016fl roku a\nbyla ob\u010dany opr\u00e1vn\u011bn\u011b kritizov\u00e1na. <\/p>\n\n\n\n<p>\u010cS\u017d\npracoval p\u0159es pr\u00e1zdniny s&nbsp;d\u011btmi: plav\u00e1n\u00ed, t\u00e1bor\u00e1ky, v\u00fdlet k&nbsp;pam\u00e1tn\u00edku\ndo K\u0159epic, letn\u00ed d\u011btsk\u00fd karneval na h\u0159i\u0161ti, t\u0159\u00eddenn\u00ed t\u00e1bo\u0159en\u00ed pod stany..<\/p>\n\n\n\n<p>Libu\u0161e\nKlob\u00e1sov\u00e1 se z\u00fa\u010dastnila sout\u011b\u017ee v&nbsp;recitaci na okresn\u00ed&nbsp; sout\u011b\u017ei<\/p>\n\n\n\n<p>\u010cS\u017d\nvyhl\u00e1sila a vyhodnotila sout\u011b\u017e o nejlep\u0161\u00ed p\u0159edzahr\u00e1dku. Na prvn\u00edch m\u00edstech se\num\u00edstily: Anna Vlkov\u00e1, Emilie Strouhalov\u00e1 a Kristina Ot\u0159\u00edsalov\u00e1.<\/p>\n\n\n\n<p>19.srpna &nbsp;si prohl\u00e9dli kroniku host\u00e9 z&nbsp;Baku.<\/p>\n\n\n\n<p>\u010cSZ\norganizuje&nbsp; v\u00fdkup ovoce, \u0161rotov\u00e1n\u00ed obil\u00ed,\nprodej hnojiv, bramborov\u00e9 sadby a pot\u0159eb pro zahr\u00e1dk\u00e1\u0159e.<\/p>\n\n\n\n<p>1.z\u00e1\u0159\u00ed\nbyl zah\u00e1jen \u0161koln\u00ed rok 1985\/86<\/p>\n\n\n\n<p>Ludmila Sk\u0159iv\u00e1nkov\u00e1, Vlastimila Drab\u00e1lkov\u00e1, Lenka B\u00ednkov\u00e1,\nHelena Pavlack\u00e1, Marta Sta\u0148kov\u00e1, Jana Kleinov\u00e1, Anna Svobodov\u00e1,&nbsp; Ji\u0159\u00ed \u0158\u00edhovsk\u00fd,&nbsp; PraeDr. Jarom\u00edr \u010cuta, Josef \u010cern\u00fd, Ji\u0159ina\nKul\u00ed\u0161kov\u00e1, Marta Ba\u017eantov\u00e1, Zde\u0148ka Stossov\u00e1.<\/p>\n\n\n\n<p>D\u00e1le Jarmila Novot\u0148\u00e1kov\u00e1, Jarmila Odv\u00e1\u0159kov\u00e1, Kv\u011bta\nCharv\u00e1tov\u00e1.<\/p>\n\n\n\n<figure class=\"wp-block-image size-large\"><img loading=\"lazy\" decoding=\"async\" width=\"1024\" height=\"366\" src=\"http:\/\/symbivita.cz\/blog\/wp-content\/uploads\/2020\/09\/1985-2-a-3.-t\u0159\u00edda-1024x366.jpg\" alt=\"\" class=\"wp-image-1102\" srcset=\"https:\/\/symbivita.cz\/blog\/wp-content\/uploads\/2020\/09\/1985-2-a-3.-t\u0159\u00edda-1024x366.jpg 1024w, https:\/\/symbivita.cz\/blog\/wp-content\/uploads\/2020\/09\/1985-2-a-3.-t\u0159\u00edda-300x107.jpg 300w, https:\/\/symbivita.cz\/blog\/wp-content\/uploads\/2020\/09\/1985-2-a-3.-t\u0159\u00edda-768x274.jpg 768w, https:\/\/symbivita.cz\/blog\/wp-content\/uploads\/2020\/09\/1985-2-a-3.-t\u0159\u00edda-1536x549.jpg 1536w, https:\/\/symbivita.cz\/blog\/wp-content\/uploads\/2020\/09\/1985-2-a-3.-t\u0159\u00edda.jpg 1690w\" sizes=\"(max-width: 1024px) 100vw, 1024px\" \/><\/figure>\n\n\n\n<figure class=\"wp-block-image size-large\"><img loading=\"lazy\" decoding=\"async\" width=\"1024\" height=\"364\" src=\"http:\/\/symbivita.cz\/blog\/wp-content\/uploads\/2020\/09\/1985-5.A-a-5.B-t\u0159\u00eddy-1024x364.jpg\" alt=\"\" class=\"wp-image-1103\" srcset=\"https:\/\/symbivita.cz\/blog\/wp-content\/uploads\/2020\/09\/1985-5.A-a-5.B-t\u0159\u00eddy-1024x364.jpg 1024w, https:\/\/symbivita.cz\/blog\/wp-content\/uploads\/2020\/09\/1985-5.A-a-5.B-t\u0159\u00eddy-300x107.jpg 300w, https:\/\/symbivita.cz\/blog\/wp-content\/uploads\/2020\/09\/1985-5.A-a-5.B-t\u0159\u00eddy-768x273.jpg 768w, https:\/\/symbivita.cz\/blog\/wp-content\/uploads\/2020\/09\/1985-5.A-a-5.B-t\u0159\u00eddy-1536x546.jpg 1536w, https:\/\/symbivita.cz\/blog\/wp-content\/uploads\/2020\/09\/1985-5.A-a-5.B-t\u0159\u00eddy.jpg 1683w\" sizes=\"(max-width: 1024px) 100vw, 1024px\" \/><\/figure>\n\n\n\n<figure class=\"wp-block-image size-large\"><img loading=\"lazy\" decoding=\"async\" width=\"1024\" height=\"369\" src=\"http:\/\/symbivita.cz\/blog\/wp-content\/uploads\/2020\/09\/1985-6.A-a-6.B-t\u0159\u00eddy-1024x369.jpg\" alt=\"\" class=\"wp-image-1104\" srcset=\"https:\/\/symbivita.cz\/blog\/wp-content\/uploads\/2020\/09\/1985-6.A-a-6.B-t\u0159\u00eddy-1024x369.jpg 1024w, https:\/\/symbivita.cz\/blog\/wp-content\/uploads\/2020\/09\/1985-6.A-a-6.B-t\u0159\u00eddy-300x108.jpg 300w, https:\/\/symbivita.cz\/blog\/wp-content\/uploads\/2020\/09\/1985-6.A-a-6.B-t\u0159\u00eddy-768x277.jpg 768w, https:\/\/symbivita.cz\/blog\/wp-content\/uploads\/2020\/09\/1985-6.A-a-6.B-t\u0159\u00eddy-1536x553.jpg 1536w, https:\/\/symbivita.cz\/blog\/wp-content\/uploads\/2020\/09\/1985-6.A-a-6.B-t\u0159\u00eddy.jpg 1683w\" sizes=\"(max-width: 1024px) 100vw, 1024px\" \/><\/figure>\n\n\n\n<figure class=\"wp-block-image size-large\"><img loading=\"lazy\" decoding=\"async\" width=\"1024\" height=\"369\" src=\"http:\/\/symbivita.cz\/blog\/wp-content\/uploads\/2020\/09\/1985-7.A-a-7.B-t\u0159\u00eddy-1-1024x369.jpg\" alt=\"\" class=\"wp-image-1105\" srcset=\"https:\/\/symbivita.cz\/blog\/wp-content\/uploads\/2020\/09\/1985-7.A-a-7.B-t\u0159\u00eddy-1-1024x369.jpg 1024w, https:\/\/symbivita.cz\/blog\/wp-content\/uploads\/2020\/09\/1985-7.A-a-7.B-t\u0159\u00eddy-1-300x108.jpg 300w, https:\/\/symbivita.cz\/blog\/wp-content\/uploads\/2020\/09\/1985-7.A-a-7.B-t\u0159\u00eddy-1-768x277.jpg 768w, https:\/\/symbivita.cz\/blog\/wp-content\/uploads\/2020\/09\/1985-7.A-a-7.B-t\u0159\u00eddy-1-1536x553.jpg 1536w, https:\/\/symbivita.cz\/blog\/wp-content\/uploads\/2020\/09\/1985-7.A-a-7.B-t\u0159\u00eddy-1.jpg 1683w\" sizes=\"(max-width: 1024px) 100vw, 1024px\" \/><\/figure>\n\n\n\n<figure class=\"wp-block-image size-large\"><img loading=\"lazy\" decoding=\"async\" width=\"1024\" height=\"363\" src=\"http:\/\/symbivita.cz\/blog\/wp-content\/uploads\/2020\/09\/1985-8.A-a-8.B-t\u0159\u00eddy-1024x363.jpg\" alt=\"\" class=\"wp-image-1106\" srcset=\"https:\/\/symbivita.cz\/blog\/wp-content\/uploads\/2020\/09\/1985-8.A-a-8.B-t\u0159\u00eddy-1024x363.jpg 1024w, https:\/\/symbivita.cz\/blog\/wp-content\/uploads\/2020\/09\/1985-8.A-a-8.B-t\u0159\u00eddy-300x106.jpg 300w, https:\/\/symbivita.cz\/blog\/wp-content\/uploads\/2020\/09\/1985-8.A-a-8.B-t\u0159\u00eddy-768x272.jpg 768w, https:\/\/symbivita.cz\/blog\/wp-content\/uploads\/2020\/09\/1985-8.A-a-8.B-t\u0159\u00eddy-1536x544.jpg 1536w, https:\/\/symbivita.cz\/blog\/wp-content\/uploads\/2020\/09\/1985-8.A-a-8.B-t\u0159\u00eddy.jpg 1680w\" sizes=\"(max-width: 1024px) 100vw, 1024px\" \/><\/figure>\n\n\n\n<p>5. \u0159\u00edjna\n\u010cS\u010cK organizuje sb\u011br pr\u00e1zdn\u00fdch makovic.<\/p>\n\n\n\n<p>V&nbsp;\u0159\u00edjnu\nvy\u0161lo posledn\u00ed \u010d\u00edslo Nikol\u010dick\u00e9ho \u010dasopisu. JZD odm\u00edtlo nad\u00e1le \u010dasopis&nbsp; tisknout a&nbsp;\nrozmno\u017eovat.<\/p>\n\n\n\n<p>13.\nlistopadu se ohl\u00e1sila zima, nesta\u010dily vzej\u00edt ozimy.<\/p>\n\n\n\n<p>5.\nprosince se p\u011bveck\u00fd krou\u017eek \u010cS\u017d&nbsp;\nz\u00fa\u010dastnil na okresn\u00ed p\u0159ehl\u00eddce v&nbsp;B\u0159eclavi.<\/p>\n\n\n\n<p>V&nbsp;z\u00e1v\u011bru\nroku byla zah\u00e1jena oprava a rekonstrukce po\u017e\u00e1rn\u00ed zbrojnice v&nbsp;b\u00fdval\u00e9\nstodole za M\u0160. <\/p>\n\n\n\n<p>Koncem\nroku napadl sn\u00edh- tedy nebyly v\u00e1noce na bl\u00e1t\u011b.<\/p>\n\n\n\n<p>P\u0159idru\u017een\u00e1&nbsp; v\u00fdroba&nbsp;\npro Zbrojovku se&nbsp; da\u0159ila.<\/p>\n\n\n\n<p>7.9.2020&nbsp; byla &nbsp;v&nbsp;zasedac\u00ed m\u00edstnosti O\u00da v\u00fdstava&nbsp; fotografi\u00ed&nbsp; z&nbsp;uveden\u00e9ho obdob\u00ed, projekce a \u017eiv\u00e1 beseda.<\/p>\n\n\n\n<figure class=\"wp-block-image size-large\"><img loading=\"lazy\" decoding=\"async\" width=\"1024\" height=\"446\" src=\"http:\/\/symbivita.cz\/blog\/wp-content\/uploads\/2020\/09\/N\u00e1stenka-I-1024x446.jpg\" alt=\"\" class=\"wp-image-1108\" srcset=\"https:\/\/symbivita.cz\/blog\/wp-content\/uploads\/2020\/09\/N\u00e1stenka-I-1024x446.jpg 1024w, https:\/\/symbivita.cz\/blog\/wp-content\/uploads\/2020\/09\/N\u00e1stenka-I-300x131.jpg 300w, https:\/\/symbivita.cz\/blog\/wp-content\/uploads\/2020\/09\/N\u00e1stenka-I-768x334.jpg 768w, https:\/\/symbivita.cz\/blog\/wp-content\/uploads\/2020\/09\/N\u00e1stenka-I-1536x669.jpg 1536w, https:\/\/symbivita.cz\/blog\/wp-content\/uploads\/2020\/09\/N\u00e1stenka-I.jpg 1741w\" sizes=\"(max-width: 1024px) 100vw, 1024px\" \/><\/figure>\n\n\n\n<figure class=\"wp-block-image size-large\"><img loading=\"lazy\" decoding=\"async\" width=\"1024\" height=\"687\" src=\"http:\/\/symbivita.cz\/blog\/wp-content\/uploads\/2020\/09\/N\u00e1st\u011bnka-II.jpg\" alt=\"\" class=\"wp-image-1109\" srcset=\"https:\/\/symbivita.cz\/blog\/wp-content\/uploads\/2020\/09\/N\u00e1st\u011bnka-II.jpg 1024w, https:\/\/symbivita.cz\/blog\/wp-content\/uploads\/2020\/09\/N\u00e1st\u011bnka-II-300x201.jpg 300w, https:\/\/symbivita.cz\/blog\/wp-content\/uploads\/2020\/09\/N\u00e1st\u011bnka-II-768x515.jpg 768w\" sizes=\"(max-width: 1024px) 100vw, 1024px\" \/><\/figure>\n\n\n\n<figure class=\"wp-block-image size-large\"><img loading=\"lazy\" decoding=\"async\" width=\"1024\" height=\"685\" src=\"http:\/\/symbivita.cz\/blog\/wp-content\/uploads\/2020\/09\/N\u00e1st\u011bnka-III-1024x685.jpg\" alt=\"\" class=\"wp-image-1110\" srcset=\"https:\/\/symbivita.cz\/blog\/wp-content\/uploads\/2020\/09\/N\u00e1st\u011bnka-III-1024x685.jpg 1024w, https:\/\/symbivita.cz\/blog\/wp-content\/uploads\/2020\/09\/N\u00e1st\u011bnka-III-300x201.jpg 300w, https:\/\/symbivita.cz\/blog\/wp-content\/uploads\/2020\/09\/N\u00e1st\u011bnka-III-768x514.jpg 768w, https:\/\/symbivita.cz\/blog\/wp-content\/uploads\/2020\/09\/N\u00e1st\u011bnka-III.jpg 1064w\" sizes=\"(max-width: 1024px) 100vw, 1024px\" \/><\/figure>\n\n\n\n<figure class=\"wp-block-image size-large\"><img loading=\"lazy\" decoding=\"async\" width=\"1024\" height=\"262\" src=\"http:\/\/symbivita.cz\/blog\/wp-content\/uploads\/2020\/09\/N\u00e1st\u011bnka-IV-1024x262.jpg\" alt=\"\" class=\"wp-image-1111\" srcset=\"https:\/\/symbivita.cz\/blog\/wp-content\/uploads\/2020\/09\/N\u00e1st\u011bnka-IV-1024x262.jpg 1024w, https:\/\/symbivita.cz\/blog\/wp-content\/uploads\/2020\/09\/N\u00e1st\u011bnka-IV-300x77.jpg 300w, https:\/\/symbivita.cz\/blog\/wp-content\/uploads\/2020\/09\/N\u00e1st\u011bnka-IV-768x196.jpg 768w, https:\/\/symbivita.cz\/blog\/wp-content\/uploads\/2020\/09\/N\u00e1st\u011bnka-IV-1536x393.jpg 1536w, https:\/\/symbivita.cz\/blog\/wp-content\/uploads\/2020\/09\/N\u00e1st\u011bnka-IV.jpg 1847w\" sizes=\"(max-width: 1024px) 100vw, 1024px\" \/><\/figure>\n","protected":false},"excerpt":{"rendered":"<p>1981 Sn\u011bhu bylo dost, ale p\u0159i\u0161lo velmi brzy&nbsp; tepl\u00e9 jaro. Tento rok byl charakterizov\u00e1n t\u00edm, \u017ee p\u0159inesl velmi malou&nbsp; \u00farodu. 1. \u00fanora&nbsp;\u2013 V kinech m\u011bl premi\u00e9ru \u00fasp\u011b\u0161n\u00fd film&nbsp;Post\u0159i\u017einy&nbsp;re\u017eis\u00e9ra&nbsp;Ji\u0159\u00edho Menzela&nbsp;nato\u010den\u00fd dle stejnojmenn\u00e9ho rom\u00e1nu spisovatele&nbsp;Bohumila Hrabala. Svaz\u00e1ci po\u0159\u00e1dali ples a p\u0159ekvapili polon\u00e9zou.<\/p>\n","protected":false},"author":1,"featured_media":0,"comment_status":"closed","ping_status":"open","sticky":false,"template":"","format":"standard","meta":{"footnotes":""},"categories":[1],"tags":[],"_links":{"self":[{"href":"https:\/\/symbivita.cz\/blog\/wp-json\/wp\/v2\/posts\/986"}],"collection":[{"href":"https:\/\/symbivita.cz\/blog\/wp-json\/wp\/v2\/posts"}],"about":[{"href":"https:\/\/symbivita.cz\/blog\/wp-json\/wp\/v2\/types\/post"}],"author":[{"embeddable":true,"href":"https:\/\/symbivita.cz\/blog\/wp-json\/wp\/v2\/users\/1"}],"replies":[{"embeddable":true,"href":"https:\/\/symbivita.cz\/blog\/wp-json\/wp\/v2\/comments?post=986"}],"version-history":[{"count":6,"href":"https:\/\/symbivita.cz\/blog\/wp-json\/wp\/v2\/posts\/986\/revisions"}],"predecessor-version":[{"id":1114,"href":"https:\/\/symbivita.cz\/blog\/wp-json\/wp\/v2\/posts\/986\/revisions\/1114"}],"wp:attachment":[{"href":"https:\/\/symbivita.cz\/blog\/wp-json\/wp\/v2\/media?parent=986"}],"wp:term":[{"taxonomy":"category","embeddable":true,"href":"https:\/\/symbivita.cz\/blog\/wp-json\/wp\/v2\/categories?post=986"},{"taxonomy":"post_tag","embeddable":true,"href":"https:\/\/symbivita.cz\/blog\/wp-json\/wp\/v2\/tags?post=986"}],"curies":[{"name":"wp","href":"https:\/\/api.w.org\/{rel}","templated":true}]}}