{"id":894,"date":"2020-08-05T15:30:31","date_gmt":"2020-08-05T13:30:31","guid":{"rendered":"http:\/\/symbivita.cz\/blog\/?p=894"},"modified":"2020-08-05T15:30:32","modified_gmt":"2020-08-05T13:30:32","slug":"petileti-1976-1980","status":"publish","type":"post","link":"https:\/\/symbivita.cz\/blog\/2020\/08\/05\/petileti-1976-1980\/","title":{"rendered":"P\u011btilet\u00ed 1976-1980"},"content":{"rendered":"\n<p><strong>1976<\/strong><\/p>\n\n\n\n<p>M\u00edrn\u00e1 zima, velmi such\u00e9 l\u00e9to. Sv\u011bt za\u017eil nejsu\u0161\u0161\u00ed rok za\nposledn\u00edch 150 let. Tiskem prob\u011bhly zpr\u00e1vy, \u017ee ve \u0160pan\u011blsku je voda na p\u0159\u00edd\u011bl,\nve Francii museli pob\u00edt n\u011bkolik des\u00edtek tis\u00edc kus\u016f dobytka pro nedostatek\nkrmiv. <\/p>\n\n\n\n<p>5.ledna zem\u0159el n\u00e1hle p\u0159i vyu\u010dov\u00e1n\u00ed na infarkt&nbsp; u\u010ditel Cyril Han\u00e1k.<\/p>\n\n\n\n<p>&nbsp;U\u010ditelka Drahom\u00edr\n\u010cern\u00e1&nbsp; ukon\u010dila svou MD a nastoupila 1.\n\u00fanora m\u00edsto zem\u0159el\u00e9ho u\u010ditele.<\/p>\n\n\n\n<p><a href=\"https:\/\/cs.wikipedia.org\/wiki\/29._leden\">29. ledna<\/a>&nbsp;vystoupil\nna tiskov\u00e9 konferenci v Praze agent&nbsp;<a href=\"https:\/\/cs.wikipedia.org\/wiki\/St%C3%A1tn%C3%AD_bezpe%C4%8Dnost\">StB<\/a>&nbsp;<a href=\"https:\/\/cs.wikipedia.org\/wiki\/Pavel_Mina%C5%99%C3%ADk\">Pavel Mina\u0159\u00edk<\/a>,\nkter\u00fd 1969\u20131975 p\u016fsobil v&nbsp;<a href=\"https:\/\/cs.wikipedia.org\/wiki\/Mnichov\">mnichovsk\u00e9m<\/a>&nbsp;s\u00eddle\nr\u00e1dia&nbsp;<a href=\"https:\/\/cs.wikipedia.org\/wiki\/Mnichov\">Svobodn\u00e1 Evropa<\/a>, kde\npl\u00e1noval r\u016fzn\u00e9 akce na znemo\u017en\u011bn\u00ed vys\u00edl\u00e1n\u00ed t\u00e9to stanice, v\u010d. teroristick\u00fdch\n\u00fatok\u016f.<\/p>\n\n\n\n<p>10.\n\u00fanora. Zlat\u00e1 svatba man\u017eel\u016f V\u00e1clava a Marie Ku\u010derov\u00fdch<\/p>\n\n\n\n<p>Od \u00fanora prov\u00e1d\u011bj\u00ed slu\u017eby m\u011bsta Hustope\u010d\u00ed 1 x t\u00fddn\u011b odvoz popela. Dokon\u010deno 12 nov\u00fdch byt\u016f v\u00a0bytovce a 12 mlad\u00fdch dru\u017estevn\u00edch rodin se mohlo nast\u011bhovat. Bytovky byly rozestav\u011bny 6 let.<\/p>\n\n\n\n<figure class=\"wp-block-image size-large\"><img loading=\"lazy\" decoding=\"async\" width=\"587\" height=\"414\" src=\"http:\/\/symbivita.cz\/blog\/wp-content\/uploads\/2020\/08\/1976-bytovky.jpg\" alt=\"\" class=\"wp-image-895\" srcset=\"https:\/\/symbivita.cz\/blog\/wp-content\/uploads\/2020\/08\/1976-bytovky.jpg 587w, https:\/\/symbivita.cz\/blog\/wp-content\/uploads\/2020\/08\/1976-bytovky-300x212.jpg 300w\" sizes=\"(max-width: 587px) 100vw, 587px\" \/><\/figure>\n\n\n\n<p>14.-22. \u00fanora absolvovali \u017e\u00e1ci 7. t\u0159\u00edd ly\u017ea\u0159sk\u00fd v\u00fdcvik\nv&nbsp;Pansk\u00e9m&nbsp; Poli u Rokytnice\nv&nbsp;Orlick\u00fdch hor\u00e1ch<\/p>\n\n\n\n<p>7.b\u0159ezna pak&nbsp; \u0161kola\norganizovala ly\u017ea\u0159sk\u00fd v\u00fdcvik do Jesen\u00edk\u016f.<\/p>\n\n\n\n<p>13.b\u0159ezna. Zlat\u00e1 svatba man\u017eel\u016f Josefa a Marie \u0160noblov\u00fdch.<\/p>\n\n\n\n<figure class=\"wp-block-image size-large\"><img loading=\"lazy\" decoding=\"async\" width=\"544\" height=\"811\" src=\"http:\/\/symbivita.cz\/blog\/wp-content\/uploads\/2020\/08\/1976-Zlat\u00e1-svadba-\u0160noblov\u00fdch.jpg\" alt=\"\" class=\"wp-image-896\" srcset=\"https:\/\/symbivita.cz\/blog\/wp-content\/uploads\/2020\/08\/1976-Zlat\u00e1-svadba-\u0160noblov\u00fdch.jpg 544w, https:\/\/symbivita.cz\/blog\/wp-content\/uploads\/2020\/08\/1976-Zlat\u00e1-svadba-\u0160noblov\u00fdch-201x300.jpg 201w\" sizes=\"(max-width: 544px) 100vw, 544px\" \/><\/figure>\n\n\n\n<p>14. b\u0159ezna byla uspo\u0159\u00e1d\u00e1na beseda s&nbsp;d\u016fchodci,\nz&nbsp;pozvan\u00fdch 190 se dostavilo 100. Vyslechli kulturn\u00ed program d\u011bt\u00ed, p\u0159ijali\npoho\u0161t\u011bn\u00ed a shl\u00e9dli film.<\/p>\n\n\n\n<p>28. b\u0159ezna zem\u0159el b\u00fdval\u00fd p\u0159edseda JZD Jaroslav Pavl\u00edk (N\u010c\nII str. 63).<\/p>\n\n\n\n<figure class=\"wp-block-image size-large\"><img loading=\"lazy\" decoding=\"async\" width=\"1024\" height=\"537\" src=\"http:\/\/symbivita.cz\/blog\/wp-content\/uploads\/2020\/08\/1976-poh\u0159eb-Pavl\u00edka-1024x537.jpg\" alt=\"\" class=\"wp-image-897\" srcset=\"https:\/\/symbivita.cz\/blog\/wp-content\/uploads\/2020\/08\/1976-poh\u0159eb-Pavl\u00edka-1024x537.jpg 1024w, https:\/\/symbivita.cz\/blog\/wp-content\/uploads\/2020\/08\/1976-poh\u0159eb-Pavl\u00edka-300x157.jpg 300w, https:\/\/symbivita.cz\/blog\/wp-content\/uploads\/2020\/08\/1976-poh\u0159eb-Pavl\u00edka-768x403.jpg 768w, https:\/\/symbivita.cz\/blog\/wp-content\/uploads\/2020\/08\/1976-poh\u0159eb-Pavl\u00edka-1536x805.jpg 1536w, https:\/\/symbivita.cz\/blog\/wp-content\/uploads\/2020\/08\/1976-poh\u0159eb-Pavl\u00edka.jpg 1566w\" sizes=\"(max-width: 1024px) 100vw, 1024px\" \/><\/figure>\n\n\n\n<figure class=\"wp-block-image size-large\"><img loading=\"lazy\" decoding=\"async\" width=\"726\" height=\"481\" src=\"http:\/\/symbivita.cz\/blog\/wp-content\/uploads\/2020\/08\/SPOZ-II.jpg\" alt=\"\" class=\"wp-image-898\" srcset=\"https:\/\/symbivita.cz\/blog\/wp-content\/uploads\/2020\/08\/SPOZ-II.jpg 726w, https:\/\/symbivita.cz\/blog\/wp-content\/uploads\/2020\/08\/SPOZ-II-300x199.jpg 300w\" sizes=\"(max-width: 726px) 100vw, 726px\" \/><\/figure>\n\n\n\n<p>Sbor pro ob\u010dansk\u00e9\nz\u00e1le\u017eitosti ji\u017e n\u011bkolik let pravideln\u011b v\u00edt\u00e1 nov\u00e9 ob\u010d\u00e1nky, p\u0159ed\u00e1v\u00e1 mladistv\u00fdm\nob\u010dansk\u00e9 pr\u016fkazy, pamatuje na v\u00fdznamn\u00e1 jubilea ob\u010dan\u016f. <\/p>\n\n\n\n<p>Na sn\u00edmc\u00edch: <\/p>\n\n\n\n<p>L- Brychtov\u00e1, \u00fa\u010detn\u00ed MNV, <\/p>\n\n\n\n<p>A. L\u00edzalov\u00e1, p\u0159edsedkyn\u011b\nSboru, p\u0159edsedkyn\u011b VO KS\u010c, <\/p>\n\n\n\n<p>Z. Dost\u00e1lov\u00e1, \u0159editelka\nZD\u0160.<\/p>\n\n\n\n<figure class=\"wp-block-image size-large\"><img loading=\"lazy\" decoding=\"async\" width=\"1024\" height=\"776\" src=\"http:\/\/symbivita.cz\/blog\/wp-content\/uploads\/2020\/08\/SPOZ-III-1024x776.jpg\" alt=\"\" class=\"wp-image-899\" srcset=\"https:\/\/symbivita.cz\/blog\/wp-content\/uploads\/2020\/08\/SPOZ-III-1024x776.jpg 1024w, https:\/\/symbivita.cz\/blog\/wp-content\/uploads\/2020\/08\/SPOZ-III-300x227.jpg 300w, https:\/\/symbivita.cz\/blog\/wp-content\/uploads\/2020\/08\/SPOZ-III-768x582.jpg 768w, https:\/\/symbivita.cz\/blog\/wp-content\/uploads\/2020\/08\/SPOZ-III.jpg 1161w\" sizes=\"(max-width: 1024px) 100vw, 1024px\" \/><\/figure>\n\n\n\n<figure class=\"wp-block-image size-large\"><img loading=\"lazy\" decoding=\"async\" width=\"1024\" height=\"690\" src=\"http:\/\/symbivita.cz\/blog\/wp-content\/uploads\/2020\/08\/Patn\u00e1ctilet\u00ed-I-1024x690.jpg\" alt=\"\" class=\"wp-image-900\" srcset=\"https:\/\/symbivita.cz\/blog\/wp-content\/uploads\/2020\/08\/Patn\u00e1ctilet\u00ed-I-1024x690.jpg 1024w, https:\/\/symbivita.cz\/blog\/wp-content\/uploads\/2020\/08\/Patn\u00e1ctilet\u00ed-I-300x202.jpg 300w, https:\/\/symbivita.cz\/blog\/wp-content\/uploads\/2020\/08\/Patn\u00e1ctilet\u00ed-I-768x517.jpg 768w, https:\/\/symbivita.cz\/blog\/wp-content\/uploads\/2020\/08\/Patn\u00e1ctilet\u00ed-I.jpg 1272w\" sizes=\"(max-width: 1024px) 100vw, 1024px\" \/><\/figure>\n\n\n\n<p>Patn\u00e1ctilet\u00ed v\u00a0roce 1976<\/p>\n\n\n\n<figure class=\"wp-block-image size-large\"><img loading=\"lazy\" decoding=\"async\" width=\"1024\" height=\"700\" src=\"http:\/\/symbivita.cz\/blog\/wp-content\/uploads\/2020\/08\/Patn\u00e1ctilet\u00ed-II-1024x700.jpg\" alt=\"\" class=\"wp-image-901\" srcset=\"https:\/\/symbivita.cz\/blog\/wp-content\/uploads\/2020\/08\/Patn\u00e1ctilet\u00ed-II-1024x700.jpg 1024w, https:\/\/symbivita.cz\/blog\/wp-content\/uploads\/2020\/08\/Patn\u00e1ctilet\u00ed-II-300x205.jpg 300w, https:\/\/symbivita.cz\/blog\/wp-content\/uploads\/2020\/08\/Patn\u00e1ctilet\u00ed-II-768x525.jpg 768w, https:\/\/symbivita.cz\/blog\/wp-content\/uploads\/2020\/08\/Patn\u00e1ctilet\u00ed-II.jpg 1274w\" sizes=\"(max-width: 1024px) 100vw, 1024px\" \/><\/figure>\n\n\n\n<p>9.kv\u011btna- v\u00edt\u00e1n\u00ed ob\u010d\u00e1nk\u016f.<\/p>\n\n\n\n<p>Divadeln\u00ed krou\u017eek veden\u00fd Josefem \u010cern\u00fdm hr\u00e1l hru J. Kavana Babi\u010dka\nje form\u00e1t.<\/p>\n\n\n\n<figure class=\"wp-block-image size-large\"><img loading=\"lazy\" decoding=\"async\" width=\"1024\" height=\"450\" src=\"http:\/\/symbivita.cz\/blog\/wp-content\/uploads\/2020\/08\/1976-babi\u010dka-je-form\u00e1t-let\u00e1\u010dek-1024x450.jpg\" alt=\"\" class=\"wp-image-913\" srcset=\"https:\/\/symbivita.cz\/blog\/wp-content\/uploads\/2020\/08\/1976-babi\u010dka-je-form\u00e1t-let\u00e1\u010dek-1024x450.jpg 1024w, https:\/\/symbivita.cz\/blog\/wp-content\/uploads\/2020\/08\/1976-babi\u010dka-je-form\u00e1t-let\u00e1\u010dek-300x132.jpg 300w, https:\/\/symbivita.cz\/blog\/wp-content\/uploads\/2020\/08\/1976-babi\u010dka-je-form\u00e1t-let\u00e1\u010dek-768x338.jpg 768w, https:\/\/symbivita.cz\/blog\/wp-content\/uploads\/2020\/08\/1976-babi\u010dka-je-form\u00e1t-let\u00e1\u010dek-1536x675.jpg 1536w, https:\/\/symbivita.cz\/blog\/wp-content\/uploads\/2020\/08\/1976-babi\u010dka-je-form\u00e1t-let\u00e1\u010dek.jpg 1845w\" sizes=\"(max-width: 1024px) 100vw, 1024px\" \/><\/figure>\n\n\n\n<p>1. a 2. kv\u011btna se konalo p\u0159edstaven\u00ed na po\u010dest slavn\u00fdch m\u00e1jov\u00fdch\ndn\u016f.<\/p>\n\n\n\n<figure class=\"wp-block-image size-large\"><img loading=\"lazy\" decoding=\"async\" width=\"601\" height=\"222\" src=\"http:\/\/symbivita.cz\/blog\/wp-content\/uploads\/2020\/08\/1976-Babi\u010dka-je-form\u00e1t.jpg\" alt=\"\" class=\"wp-image-903\" srcset=\"https:\/\/symbivita.cz\/blog\/wp-content\/uploads\/2020\/08\/1976-Babi\u010dka-je-form\u00e1t.jpg 601w, https:\/\/symbivita.cz\/blog\/wp-content\/uploads\/2020\/08\/1976-Babi\u010dka-je-form\u00e1t-300x111.jpg 300w\" sizes=\"(max-width: 601px) 100vw, 601px\" \/><\/figure>\n\n\n\n<p>Babi\u010dka je form\u00e1t. N\u00e1m\u011bt byl tak\u00e9 zfilmov\u00e1n s n\u00e1zvem P\u00e1t\u00e9\nkolo u vozu. Hr\u00e1la se po&nbsp;Nikol\u010dic\u00edch i v&nbsp;Klobouk\u00e1ch.<\/p>\n\n\n\n<p>\u010clenov\u00e9 Osv\u011btov\u00e9 besedy: Josef \u010cern\u00fd, p\u0159edseda, Milena\nVahalov\u00e1, hospod\u00e1\u0159 a spr\u00e1va s\u00e1lu OB, Fr. Vintrl\u00edk, vedouc\u00ed kina, Ing. Old\u0159ich\nNe\u010das, Fr. Svobodov\u00e1, Libu\u0161e Klob\u00e1sov\u00e1.<\/p>\n\n\n\n<figure class=\"wp-block-image size-large\"><img loading=\"lazy\" decoding=\"async\" width=\"1024\" height=\"711\" src=\"http:\/\/symbivita.cz\/blog\/wp-content\/uploads\/2020\/08\/1976-babi\u010dka-je-form\u00e1t-IV-1024x711.jpg\" alt=\"\" class=\"wp-image-904\" srcset=\"https:\/\/symbivita.cz\/blog\/wp-content\/uploads\/2020\/08\/1976-babi\u010dka-je-form\u00e1t-IV-1024x711.jpg 1024w, https:\/\/symbivita.cz\/blog\/wp-content\/uploads\/2020\/08\/1976-babi\u010dka-je-form\u00e1t-IV-300x208.jpg 300w, https:\/\/symbivita.cz\/blog\/wp-content\/uploads\/2020\/08\/1976-babi\u010dka-je-form\u00e1t-IV-768x533.jpg 768w, https:\/\/symbivita.cz\/blog\/wp-content\/uploads\/2020\/08\/1976-babi\u010dka-je-form\u00e1t-IV.jpg 1182w\" sizes=\"(max-width: 1024px) 100vw, 1024px\" \/><\/figure>\n\n\n\n<figure class=\"wp-block-image size-large\"><img loading=\"lazy\" decoding=\"async\" width=\"843\" height=\"600\" src=\"http:\/\/symbivita.cz\/blog\/wp-content\/uploads\/2020\/08\/1976-babi\u010dka-je-form\u00e1t-I.jpg\" alt=\"\" class=\"wp-image-908\" srcset=\"https:\/\/symbivita.cz\/blog\/wp-content\/uploads\/2020\/08\/1976-babi\u010dka-je-form\u00e1t-I.jpg 843w, https:\/\/symbivita.cz\/blog\/wp-content\/uploads\/2020\/08\/1976-babi\u010dka-je-form\u00e1t-I-300x214.jpg 300w, https:\/\/symbivita.cz\/blog\/wp-content\/uploads\/2020\/08\/1976-babi\u010dka-je-form\u00e1t-I-768x547.jpg 768w\" sizes=\"(max-width: 843px) 100vw, 843px\" \/><\/figure>\n\n\n\n<figure class=\"wp-block-image size-large\"><img loading=\"lazy\" decoding=\"async\" width=\"843\" height=\"596\" src=\"http:\/\/symbivita.cz\/blog\/wp-content\/uploads\/2020\/08\/1976-babi\u010dka-je-form\u00e1t-II.png\" alt=\"\" class=\"wp-image-909\" srcset=\"https:\/\/symbivita.cz\/blog\/wp-content\/uploads\/2020\/08\/1976-babi\u010dka-je-form\u00e1t-II.png 843w, https:\/\/symbivita.cz\/blog\/wp-content\/uploads\/2020\/08\/1976-babi\u010dka-je-form\u00e1t-II-300x212.png 300w, https:\/\/symbivita.cz\/blog\/wp-content\/uploads\/2020\/08\/1976-babi\u010dka-je-form\u00e1t-II-768x543.png 768w\" sizes=\"(max-width: 843px) 100vw, 843px\" \/><\/figure>\n\n\n\n<figure class=\"wp-block-image size-large\"><img loading=\"lazy\" decoding=\"async\" width=\"1024\" height=\"731\" src=\"http:\/\/symbivita.cz\/blog\/wp-content\/uploads\/2020\/08\/1976-babi\u010dka-je-form\u00e1t-III-1024x731.jpg\" alt=\"\" class=\"wp-image-910\" srcset=\"https:\/\/symbivita.cz\/blog\/wp-content\/uploads\/2020\/08\/1976-babi\u010dka-je-form\u00e1t-III-1024x731.jpg 1024w, https:\/\/symbivita.cz\/blog\/wp-content\/uploads\/2020\/08\/1976-babi\u010dka-je-form\u00e1t-III-300x214.jpg 300w, https:\/\/symbivita.cz\/blog\/wp-content\/uploads\/2020\/08\/1976-babi\u010dka-je-form\u00e1t-III-768x548.jpg 768w, https:\/\/symbivita.cz\/blog\/wp-content\/uploads\/2020\/08\/1976-babi\u010dka-je-form\u00e1t-III.jpg 1131w\" sizes=\"(max-width: 1024px) 100vw, 1024px\" \/><\/figure>\n\n\n\n<figure class=\"wp-block-image size-large\"><img loading=\"lazy\" decoding=\"async\" width=\"605\" height=\"419\" src=\"http:\/\/symbivita.cz\/blog\/wp-content\/uploads\/2020\/08\/1976-1.m\u00e1j-I.jpg\" alt=\"\" class=\"wp-image-905\" srcset=\"https:\/\/symbivita.cz\/blog\/wp-content\/uploads\/2020\/08\/1976-1.m\u00e1j-I.jpg 605w, https:\/\/symbivita.cz\/blog\/wp-content\/uploads\/2020\/08\/1976-1.m\u00e1j-I-300x208.jpg 300w\" sizes=\"(max-width: 605px) 100vw, 605px\" \/><\/figure>\n\n\n\n<figure class=\"wp-block-image size-large\"><img loading=\"lazy\" decoding=\"async\" width=\"605\" height=\"472\" src=\"http:\/\/symbivita.cz\/blog\/wp-content\/uploads\/2020\/08\/1976-1.m\u00e1j-II.jpg\" alt=\"\" class=\"wp-image-906\" srcset=\"https:\/\/symbivita.cz\/blog\/wp-content\/uploads\/2020\/08\/1976-1.m\u00e1j-II.jpg 605w, https:\/\/symbivita.cz\/blog\/wp-content\/uploads\/2020\/08\/1976-1.m\u00e1j-II-300x234.jpg 300w\" sizes=\"(max-width: 605px) 100vw, 605px\" \/><\/figure>\n\n\n\n<figure class=\"wp-block-image size-large\"><img loading=\"lazy\" decoding=\"async\" width=\"605\" height=\"442\" src=\"http:\/\/symbivita.cz\/blog\/wp-content\/uploads\/2020\/08\/1976-1.m\u00e1j-III.jpg\" alt=\"\" class=\"wp-image-907\" srcset=\"https:\/\/symbivita.cz\/blog\/wp-content\/uploads\/2020\/08\/1976-1.m\u00e1j-III.jpg 605w, https:\/\/symbivita.cz\/blog\/wp-content\/uploads\/2020\/08\/1976-1.m\u00e1j-III-300x219.jpg 300w\" sizes=\"(max-width: 605px) 100vw, 605px\" \/><\/figure>\n\n\n\n<p><a href=\"https:\/\/cs.wikipedia.org\/wiki\/20._%C4%8Derven\">20. \u010dervna<\/a>&nbsp;fotbalov\u00e9\nmu\u017estvo \u010ceskoslovenska zv\u00edt\u011bzilo na penalty ve fin\u00e1lov\u00e9m utk\u00e1n\u00ed&nbsp;<a href=\"https:\/\/cs.wikipedia.org\/wiki\/Mistrovstv%C3%AD_Evropy_ve_fotbale_1976\">Mistrovstv\u00ed Evropy v B\u011blehrad\u011b<\/a>&nbsp;nad mu\u017estvem&nbsp;<a href=\"https:\/\/cs.wikipedia.org\/wiki\/Z%C3%A1padn%C3%AD_N%C4%9Bmecko\">NSR<\/a>.\n\u010ceskosloven\u0161t\u00ed fotbalist\u00e9 se tak stali poprv\u00e9 v historii mistry Evropy.<\/p>\n\n\n\n<p>Zelenick\u00e9\nhry<\/p>\n\n\n\n<figure class=\"wp-block-image size-large\"><img loading=\"lazy\" decoding=\"async\" width=\"1024\" height=\"542\" src=\"http:\/\/symbivita.cz\/blog\/wp-content\/uploads\/2020\/08\/1976-ZH-1024x542.jpg\" alt=\"\" class=\"wp-image-911\" srcset=\"https:\/\/symbivita.cz\/blog\/wp-content\/uploads\/2020\/08\/1976-ZH-1024x542.jpg 1024w, https:\/\/symbivita.cz\/blog\/wp-content\/uploads\/2020\/08\/1976-ZH-300x159.jpg 300w, https:\/\/symbivita.cz\/blog\/wp-content\/uploads\/2020\/08\/1976-ZH-768x406.jpg 768w, https:\/\/symbivita.cz\/blog\/wp-content\/uploads\/2020\/08\/1976-ZH.jpg 1140w\" sizes=\"(max-width: 1024px) 100vw, 1024px\" \/><\/figure>\n\n\n\n<p>\u201eOhe\u0148 m\u00edru\u201c<\/p>\n\n\n\n<figure class=\"wp-block-image size-large\"><img loading=\"lazy\" decoding=\"async\" width=\"722\" height=\"615\" src=\"http:\/\/symbivita.cz\/blog\/wp-content\/uploads\/2020\/08\/1976-Ohe\u0148-m\u00edru.jpg\" alt=\"\" class=\"wp-image-912\" srcset=\"https:\/\/symbivita.cz\/blog\/wp-content\/uploads\/2020\/08\/1976-Ohe\u0148-m\u00edru.jpg 722w, https:\/\/symbivita.cz\/blog\/wp-content\/uploads\/2020\/08\/1976-Ohe\u0148-m\u00edru-300x256.jpg 300w\" sizes=\"(max-width: 722px) 100vw, 722px\" \/><\/figure>\n\n\n\n<p> \u017d\u00e1ci 1976 <\/p>\n\n\n\n<figure class=\"wp-block-image size-large\"><img loading=\"lazy\" decoding=\"async\" width=\"602\" height=\"328\" src=\"http:\/\/symbivita.cz\/blog\/wp-content\/uploads\/2020\/08\/1976-\u017e\u00e1ci.jpg\" alt=\"\" class=\"wp-image-914\" srcset=\"https:\/\/symbivita.cz\/blog\/wp-content\/uploads\/2020\/08\/1976-\u017e\u00e1ci.jpg 602w, https:\/\/symbivita.cz\/blog\/wp-content\/uploads\/2020\/08\/1976-\u017e\u00e1ci-300x163.jpg 300w\" sizes=\"(max-width: 602px) 100vw, 602px\" \/><\/figure>\n\n\n\n<p>Za\u010d. \u010dervence z\u00e1kaz rozd\u011bl\u00e1v\u00e1n\u00ed oh\u0148\u016f v&nbsp;p\u0159\u00edrod\u011b. \u017dn\u011b\nza\u010daly brzy, \u00faroda byla pr\u016fm\u011brn\u00e1.<\/p>\n\n\n\n<p><a href=\"https:\/\/cs.wikipedia.org\/wiki\/28._%C4%8Dervenec\">28. \u010dervence<\/a>&nbsp;\u2013\nnejv\u011bt\u0161\u00ed leteck\u00e1 hav\u00e1rie&nbsp;<a href=\"https:\/\/cs.wikipedia.org\/wiki\/%C4%8Cesk%C3%A9_aerolinie\">\u010cSA<\/a>&nbsp;na\n\u00fazem\u00ed \u010cSSR.<\/p>\n\n\n\n<p>Srpen: Za\u010d\u00edn\u00e1 pr\u0161et, \u010d\u00e1sti brambor to pomohlo, i \u0159epa\nnarostla. Nejh\u016f\u0159e na tom byla kuku\u0159ice. Vojt\u011b\u0161ka dala jednu plnohodnotnou se\u010d,\ndruh\u00e1 nest\u00e1la za to a t\u0159et\u00ed se ani neskl\u00edzela.<\/p>\n\n\n\n<figure class=\"wp-block-image size-large\"><img loading=\"lazy\" decoding=\"async\" width=\"1024\" height=\"573\" src=\"http:\/\/symbivita.cz\/blog\/wp-content\/uploads\/2020\/08\/1976-Do\u017e\u00ednky-B\u0159eclav-1024x573.jpg\" alt=\"\" class=\"wp-image-915\" srcset=\"https:\/\/symbivita.cz\/blog\/wp-content\/uploads\/2020\/08\/1976-Do\u017e\u00ednky-B\u0159eclav-1024x573.jpg 1024w, https:\/\/symbivita.cz\/blog\/wp-content\/uploads\/2020\/08\/1976-Do\u017e\u00ednky-B\u0159eclav-300x168.jpg 300w, https:\/\/symbivita.cz\/blog\/wp-content\/uploads\/2020\/08\/1976-Do\u017e\u00ednky-B\u0159eclav-768x429.jpg 768w, https:\/\/symbivita.cz\/blog\/wp-content\/uploads\/2020\/08\/1976-Do\u017e\u00ednky-B\u0159eclav.jpg 1445w\" sizes=\"(max-width: 1024px) 100vw, 1024px\" \/><\/figure>\n\n\n\n<p>O\u0159e\u0161\u00e1ky postihl jarn\u00ed mr\u00e1z, merun\u011bk bylo pr\u016fm\u011brn\u011b. <a>Sklize\u0148 vinn\u00e9 r\u00e9vy byla ni\u017e\u0161\u00ed. <\/a>Modr\u00e9 ovoce sti\u017eeno silnou \u010dervivost\u00ed, celkov\u011b bylo mnoho m\u0161ic.<\/p>\n\n\n\n<figure class=\"wp-block-image size-large\"><img loading=\"lazy\" decoding=\"async\" width=\"962\" height=\"689\" src=\"http:\/\/symbivita.cz\/blog\/wp-content\/uploads\/2020\/08\/1976-vinobran\u00ed.jpg\" alt=\"\" class=\"wp-image-916\" srcset=\"https:\/\/symbivita.cz\/blog\/wp-content\/uploads\/2020\/08\/1976-vinobran\u00ed.jpg 962w, https:\/\/symbivita.cz\/blog\/wp-content\/uploads\/2020\/08\/1976-vinobran\u00ed-300x215.jpg 300w, https:\/\/symbivita.cz\/blog\/wp-content\/uploads\/2020\/08\/1976-vinobran\u00ed-768x550.jpg 768w\" sizes=\"(max-width: 962px) 100vw, 962px\" \/><\/figure>\n\n\n\n<p><a>Sklize\u0148 hrozn\u016f na vinohradu: zleva\nprvn\u00ed \u0159ada: Mat\u00fd\u0161ek Fr., Urb\u00e1nek Pavel, \u2026 Druh\u00e1 \u0159ada zleva: Vedra Adolf, \u2026&nbsp;&nbsp;&nbsp; <\/a><\/p>\n\n\n\n<p>V\u010dela\u0159i m\u011bli lep\u0161\u00ed sez\u00f3nu ne\u017e v&nbsp;minul\u00e9m roce, ale\nst\u00e1le to nebyl pr\u016fm\u011br. Houba\u0159sk\u00e1 sez\u00f3na se posunula do pozdn\u00edho l\u00e9ta, nejv\u00edce\nbylo bedel. V\u00fdskyt lovn\u00e9 zv\u011b\u0159e byl pod pr\u016fm\u011brem. Projevila se chemizace\nzem\u011bd\u011blstv\u00ed. A mnoho p\u0159ejet\u00fdch zaj\u00edc\u016f na silnic\u00edch. U\u017e druh\u00fd rok nemohli na\u0161i\nmyslivci pozvat na hon zahrani\u010dn\u00ed lovce, jak b\u00fdvalo d\u0159\u00edve pravidlem.<\/p>\n\n\n\n<p>Vznikly dal\u0161\u00ed velkoplo\u0161n\u00e9 terasy v&nbsp;trati Pisingry,\nbyly vyklizeny adaptovan\u00e9 st\u00e1je za humny, z\u016fstaly v&nbsp;provozu st\u00e1je pro\nkon\u011b. Pracuje zde jezdeck\u00fd krou\u017eek SSM, vedouc\u00edm je Karel R\u016f\u017ei\u010dka.<\/p>\n\n\n\n<p>29. srpna byl uspo\u0159\u00e1d\u00e1n jezdeck\u00fd den.<\/p>\n\n\n\n<p>31.srpna byla zru\u0161ena dvojt\u0159\u00eddn\u00ed \u0161kola v&nbsp;Div\u00e1k\u00e1ch a\njejich \u017e\u00e1ci a u\u010ditel\u00e9 p\u0159e\u0161li do Nikol\u010dic.&nbsp;\nV&nbsp;budov\u011b b\u00fdval\u00e9 \u0161koly v&nbsp;Div\u00e1k\u00e1ch byly um\u00edst\u011bny 1. a 2. t\u0159\u00edda<\/p>\n\n\n\n<p>U\u010ditelsk\u00fd sbor:<\/p>\n\n\n\n<p>Ji\u0159ina Jandov\u00e1, Zdenka Kemsov\u00e1, Helena Pavlack\u00e1, Eva\nBal\u00e1\u017eov\u00e1,Vlastimila Drab\u00e1lkov\u00e1, Alena Tikalov\u00e1, Ji\u0159ina Kul\u00ed\u0161kov\u00e1, Alena\nMarkvartov\u00e1, Drahom\u00edra \u010cern\u00e1, Marta Ba\u017eantov\u00e1, Jaroslav Bulant, Josef \u010cern\u00fd a\nLudmila Chemi\u0161incov\u00e1.<\/p>\n\n\n\n<p>&nbsp;Z\u00e1stupcem \u0159editelky\nZde\u0148ky Dost\u00e1lov\u00e9 se stal b\u00fdval\u00fd \u0159editel ZD\u0160 Div\u00e1ky Josef Svato\u0148. <\/p>\n\n\n\n<p>6. \u0159\u00edjna p\u0159edvolebn\u00ed sch\u016fze a tak\u00e9 v\u00fdstava v\u00fdtvarn\u00fdch prac\u00ed\nb\u00fdval\u00fdch \u017e\u00e1k\u016f \u0161koly. Z\u00fa\u010dastnili se i kandid\u00e1ti voleb: Fr. Fejtu\u0161a (kandidoval\ndo Sn\u011bmovny n\u00e1rod\u016f), Anna Kunstov\u00e1 (do \u010cesk\u00e9 n\u00e1rodn\u00ed rady) a Ing. Marie\nPavl\u00edkov\u00e1 (do ONV).<\/p>\n\n\n\n<p>13. \u0159\u00edjna m\u011bl poh\u0159eb Old\u0159ich Frimmel, tragicky zahynul na\nvojn\u011b.<\/p>\n\n\n\n<p>18. \u0159\u00edjna n\u00e1v\u0161t\u011bva sov\u011btsk\u00fdch turist\u016f. \u017d\u00e1ci \u0161koly pro n\u011b\np\u0159ipravili&nbsp; kulturn\u00ed program.<\/p>\n\n\n\n<p>Volby p\u0159ipravovala volebn\u00ed komise: And\u011bla L\u00edzalov\u00e1,\np\u0159edsedkyn\u011b, V.&nbsp;Barto\u0148kov\u00e1, tajemnice, L. Brychtov\u00e1 a \u010dlenov\u00e9 A. Mat\u00fd\u0161ek,\nJ. Svoboda, J. Jel\u00ednek.<\/p>\n\n\n\n<p>22. a 23. \u0159\u00edjna prob\u00edhaly volby. Volebn\u00ed m\u00edstnost vyzdobila\norganizace zahr\u00e1dk\u00e1\u0159\u016f. Volby \u0159\u00eddila okrskov\u00e1 volebn\u00ed komise (p\u0159edseda A. B\u00edlek,\nmp. J. Brychta, taj. D. \u010cern\u00e1, \u010dlenov\u00e9 J. M\u00e1j, Vl. Svoboda, Josef B\u00edlek, A.\nPetrla, R. \u0160\u0165av\u00edkov\u00e1. K&nbsp;volb\u00e1m p\u0159i\u0161el i nejstar\u0161\u00ed ob\u010dan Martin B\u00edlek. Hr\u00e1la\ndechovka. <\/p>\n\n\n\n<p>Zvoleni: do Feder\u00e1ln\u00edho shrom\u00e1\u017ed\u011bn\u00ed, Sn\u011bmovny n\u00e1rod\u016f a\nlidu: Fr. Fej\u0165u\u0161a, Ing. Leopold L\u00edr, do \u010cesk\u00e9 n\u00e1rodn\u00ed rady: Anna Kunstov\u00e1,\n\u010dlenka JZD Mikulov, do Jihomoravsk\u00e9ho KNV: Josef P\u0159ibyl, d\u011bln\u00edk STS Hustope\u010de,\ndo ONV B\u0159eclav: Ing. Marie Pavl\u00edkov\u00e1, agronomka JZD b\u0159\u00ed Mr\u0161t\u00edk\u016f, do MNV\nNikol\u010dice: Fr. Strouhal, Jaroslav L\u00edzal, Miroslav Barton\u011bk, Fr. Koz\u00e1k, Ing.\nVojt\u011bch Kone\u010dn\u00fd, Miroslav Mnacakanov, Jan Mik\u00e1\u010d, Ing. Old\u0159ich Ne\u010das, V\u011bra\nPrchalov\u00e1, Miroslav B\u00edlek, Josef Byst\u0159ick\u00fd, Zde\u0148ka Dost\u00e1lov\u00e1, Karel Jel\u00ednek,\nIng. Helena Koke\u0161ov\u00e1, Fr. Koutn\u00fd, Jarom\u00edr Ne\u010das, Josef Neuberg, Fr. Ot\u0159\u00edsal,\nKv\u011btoslava Petrlov\u00e1, Fr. Svobodov\u00e1, V. Svoboda, Pavel Urb\u00e1nek, Milena Vahalov\u00e1.<\/p>\n\n\n\n<p>Po volb\u00e1ch byla utvo\u0159ena rada MNV a jednotliv\u00e9 komise:<\/p>\n\n\n\n<p>Fr. Strouhal, p\u0159edseda MNV, Jaroslav L\u00edzal, tajemn\u00edk, Miroslav\nBarton\u011bk, p\u0159edseda komise pro v\u00fdstavbu, Ing. Old\u0159ich Ne\u010das, p\u0159edseda komise\nkulturn\u00ed a soci\u00e1ln\u00ed, Fr. Koz\u00e1k, Miroslav Mnacakanov, Jan Mik\u00e1\u010d, Ing. Vojt\u011bch\nKone\u010dn\u00fd, V\u011bra Prchalov\u00e1.<\/p>\n\n\n\n<figure class=\"wp-block-image size-large\"><img loading=\"lazy\" decoding=\"async\" width=\"1024\" height=\"691\" src=\"http:\/\/symbivita.cz\/blog\/wp-content\/uploads\/2020\/08\/1976-akce-Z-1024x691.jpg\" alt=\"\" class=\"wp-image-917\" srcset=\"https:\/\/symbivita.cz\/blog\/wp-content\/uploads\/2020\/08\/1976-akce-Z-1024x691.jpg 1024w, https:\/\/symbivita.cz\/blog\/wp-content\/uploads\/2020\/08\/1976-akce-Z-300x202.jpg 300w, https:\/\/symbivita.cz\/blog\/wp-content\/uploads\/2020\/08\/1976-akce-Z-768x518.jpg 768w, https:\/\/symbivita.cz\/blog\/wp-content\/uploads\/2020\/08\/1976-akce-Z.jpg 1212w\" sizes=\"(max-width: 1024px) 100vw, 1024px\" \/><\/figure>\n\n\n\n<p>Akce \u201eZ\u201c byly zam\u011b\u0159eny p\u0159edev\u0161\u00edm na budov\u00e1n\u00ed komunikac\u00ed.<\/p>\n\n\n\n<p>19. prosince \u2013 v\u00edt\u00e1n\u00ed ob\u010d\u00e1nk\u016f.<\/p>\n\n\n\n<p>Vlivem extr\u00e9mn\u00edho sucha byla rostlinn\u00e1 v\u00fdroba spln\u011bna na 62\n%, \u017eivo\u010di\u0161n\u00e1 na 97 %. \u0160kody zp\u016fsoben\u00e9 suchem se odhaduj\u00ed na 10 mili\u00f3n\u016f K\u010d.\nSchodek v&nbsp;hospoda\u0159en\u00ed \u010din\u00ed 2&nbsp;464 000 K\u010ds.<\/p>\n\n\n\n<p>V&nbsp;tomto roce nefunguje v&nbsp;obci knihovna.<\/p>\n\n\n\n<p>V&nbsp;Nikol\u010dic\u00edch nen\u00ed t\u011blocvi\u010dna. Jedna polovina \u017e\u00e1k\u016f\ncvi\u010d\u00ed v&nbsp;s\u00e1le v\u00edce\u00fa\u010delov\u00e9ho kulturn\u00edho domu, druh\u00e1 polovina ve t\u0159\u00edd\u00e1ch.<\/p>\n\n\n\n<figure class=\"wp-block-image size-large\"><img loading=\"lazy\" decoding=\"async\" width=\"1024\" height=\"698\" src=\"http:\/\/symbivita.cz\/blog\/wp-content\/uploads\/2020\/08\/V-kopci-1024x698.jpg\" alt=\"\" class=\"wp-image-918\" srcset=\"https:\/\/symbivita.cz\/blog\/wp-content\/uploads\/2020\/08\/V-kopci-1024x698.jpg 1024w, https:\/\/symbivita.cz\/blog\/wp-content\/uploads\/2020\/08\/V-kopci-300x204.jpg 300w, https:\/\/symbivita.cz\/blog\/wp-content\/uploads\/2020\/08\/V-kopci-768x523.jpg 768w, https:\/\/symbivita.cz\/blog\/wp-content\/uploads\/2020\/08\/V-kopci.jpg 1218w\" sizes=\"(max-width: 1024px) 100vw, 1024px\" \/><\/figure>\n\n\n\n<p>1976 &#8211; Kdo z&nbsp;mlad\u00fdch je\u0161t\u011b v\u00ed, \u017ee se tady \u0159\u00edkalo \u201eve\nStrakov\u00fdm\u201c a \u201e v&nbsp;Mich\u00e1lkov\u00fdm kopci \u201c ?<\/p>\n\n\n\n<p><strong>1977<\/strong><\/p>\n\n\n\n<p>V&nbsp;lednu se v&nbsp;Nikol\u010dic\u00edch ly\u017eovalo, napadlo 30 cm\nsn\u011bhu. Dlouho ale nevydr\u017eel, p\u0159i\u0161lo oteplen\u00ed, d\u00e9\u0161\u0165, vznikly n\u00e1plavy a povodn\u011b.<\/p>\n\n\n\n<p>1. ledna je v&nbsp;provozu MLK. Vedouc\u00ed je Libu\u0161e\nUrb\u00e1nkov\u00e1. Knihovnu \u0159\u00edd\u00ed Kulturn\u00ed st\u0159edisko Klobouky, m\u00e1 51 \u010dten\u00e1\u0159\u016f.<\/p>\n\n\n\n<p>1. <a href=\"https:\/\/cs.wikipedia.org\/wiki\/1._leden\">ledna<\/a>&nbsp;byla zalo\u017eena ob\u010dansk\u00e1 opozi\u010dn\u00ed iniciativa&nbsp;<a href=\"https:\/\/cs.wikipedia.org\/wiki\/Charta_77\">Charta 77<\/a>&nbsp;nazvan\u00e1\ndle stejnojmenn\u00e9ho dokumentu. Auto\u0159i v n\u011bm poukazuj\u00ed na nedodr\u017eov\u00e1n\u00ed lidsk\u00fdch a\nob\u010dansk\u00fdch pr\u00e1v v \u010ceskoslovensku, p\u0159esto\u017ee se p\u0159edstavitel\u00e9 \u010cSSR podpisem&nbsp;<a href=\"https:\/\/cs.wikipedia.org\/wiki\/Z%C3%A1v%C4%9Bre%C4%8Dn%C3%BD_akt_Konference_o_bezpe%C4%8Dnosti_a_spolupr%C3%A1ci_v_Evrop%C4%9B\">Z\u00e1v\u011bre\u010dn\u00e9ho aktu Konference o\nbezpe\u010dnosti a spolupr\u00e1ci v Evrop\u011b<\/a>&nbsp;v&nbsp;<a href=\"https:\/\/cs.wikipedia.org\/wiki\/Helsinky\">Helsink\u00e1ch<\/a>&nbsp;v\nroce&nbsp;<a href=\"https:\/\/cs.wikipedia.org\/wiki\/1975\">1975<\/a>&nbsp;zav\u00e1zali\ntato pr\u00e1va respektovat. Mezi autory dokumentu pat\u0159ili&nbsp;<a href=\"https:\/\/cs.wikipedia.org\/wiki\/Jan_Pato%C4%8Dka\">Jan Pato\u010dka<\/a>,&nbsp;<a href=\"https:\/\/cs.wikipedia.org\/wiki\/V%C3%A1clav_Havel\">V\u00e1clav Havel<\/a>,&nbsp;<a href=\"https:\/\/cs.wikipedia.org\/wiki\/V%C3%A1clav_Benda\">V\u00e1clav Benda<\/a>,&nbsp;<a href=\"https:\/\/cs.wikipedia.org\/wiki\/Ludv%C3%ADk_Vacul%C3%ADk\">Ludv\u00edk Vacul\u00edk<\/a>&nbsp;a\ndal\u0161\u00ed. <\/p>\n\n\n\n<p>Osv\u011btov\u00e1\nbeseda<\/p>\n\n\n\n<p>Prob\u011bhly\nvzd\u011bl\u00e1vac\u00ed akce, nap\u0159. Peru, zem\u011b indi\u00e1n\u016f, \u00daprava venkovsk\u00fdch dom\u016f,\nZ&nbsp;d\u011bjin ji\u017en\u00ed Moravy. Neda\u0159ilo se v\u0161ak zajistit dostate\u010dnou \u00fa\u010dast.<\/p>\n\n\n\n<p><a href=\"https:\/\/cs.wikipedia.org\/wiki\/28._leden\">28. ledna<\/a>&nbsp;\u2013\nv reakci na vyd\u00e1n\u00ed prohl\u00e1\u0161en\u00ed Charty 77 byla do&nbsp;<a href=\"https:\/\/cs.wikipedia.org\/wiki\/N%C3%A1rodn%C3%AD_divadlo\">N\u00e1rodn\u00edho\ndivadla<\/a>&nbsp;v Praze svol\u00e1na podpisov\u00e1 kampa\u0148 \u010deskoslovensk\u00fdch\num\u011blc\u016f, kte\u0159\u00ed sv\u00fdmi podpisy m\u011bli manifestovat pevn\u00e9 odhodl\u00e1n\u00ed nov\u00fdmi tv\u016fr\u010d\u00edmi\n\u010diny p\u0159isp\u011bt k socialistick\u00e9mu rozvoji spole\u010dnosti. Provol\u00e1n\u00ed \u201eZa nov\u00e9 tv\u016fr\u010d\u00ed\n\u010diny ve jm\u00e9nu socialismu a m\u00edru\u201c, pro n\u011b\u017e se v\u017eil zkr\u00e1cen\u00fd n\u00e1zev \u201e<a href=\"https:\/\/cs.wikipedia.org\/wiki\/Anticharta\">Anticharta<\/a>\u201c,\np\u0159e\u010detla here\u010dka&nbsp;<a href=\"https:\/\/cs.wikipedia.org\/wiki\/Ji%C5%99ina_%C5%A0vorcov%C3%A1\">Ji\u0159ina \u0160vorcov\u00e1<\/a>.\nV\u011bt\u0161ina um\u011blc\u016f v\u0161ak podepsala dokument pod n\u00e1tlakem, nebo v dojmu, \u017ee se jedn\u00e1\no \u201eprezen\u010dn\u00ed listinu\u201c shrom\u00e1\u017ed\u011bn\u00ed. Org\u00e1ny&nbsp;<a href=\"https:\/\/cs.wikipedia.org\/wiki\/St%C3%A1tn%C3%AD_bezpe%C4%8Dnost\">st\u00e1tn\u00ed\nbezpe\u010dnosti<\/a>&nbsp;za\u010daly bezprost\u0159edn\u011b po zve\u0159ejn\u011bn\u00ed Charty jej\u00ed\nautory i signat\u00e1\u0159e pron\u00e1sledovat.<\/p>\n\n\n\n<p>6.\u00fanora\nnov\u00fd&nbsp; v\u00fdbor Tj Dru\u017estevn\u00edk:<\/p>\n\n\n\n<p>P\u0159edseda:\nAlois Ne\u010das. M\u00edstop\u0159edseda: Josef Byst\u0159ick\u00fd.<\/p>\n\n\n\n<p>Jednatel:\nIng. Old\u0159ich Ne\u010das. Hospod\u00e1\u0159: Mir. B\u00edlek. Stoln\u00ed tenis: Kul\u00ed\u0161ek<\/p>\n\n\n\n<p>V&nbsp;b\u0159eznu\nbylo kr\u00e1sn\u00e9 po\u010das\u00ed s&nbsp;teplotami nad 20 st. K&nbsp;MD\u017d rozkvetly sn\u011b\u017eenky. O\nm\u011bs\u00edc pozd\u011bji fialky. Dru\u017estvo stihlo zas\u00edt ja\u0159iny. A z&nbsp;v\u011bt\u0161\u00ed \u010d\u00e1sti tak\u00e9\ncukrovku.<\/p>\n\n\n\n<p>V&nbsp;b\u0159eznu absolvovali \u017e\u00e1ci 7. t\u0159\u00edd ly\u017ea\u0159sk\u00fd v\u00fdcvik\nv&nbsp;Pansk\u00e9m&nbsp; Poli u Rokytnice\nv&nbsp;Orlick\u00fdch hor\u00e1ch. Vedouc\u00edm byl Josef \u010cern\u00fd, instruktory u\u010ditelky A.\nTikalov\u00e1 a A. Markvartov\u00e1 a jej\u00ed man\u017eel J. Markvart.<\/p>\n\n\n\n<p>6. b\u0159ezna\noslava MD\u017d v&nbsp;nabit\u00e9m s\u00e1le, program d\u011bt\u00ed z&nbsp;M\u0160, ZD\u0160.<\/p>\n\n\n\n<p>Od za\u010d\u00e1tku\nroku se pracuje na h\u0159bitov\u011b. V&nbsp;akci Z&nbsp;se nejprve rozebraly\npolorozpadl\u00e9 zdi, zbourala m\u00e1rnice a ze\u010f rozd\u011bluj\u00edc\u00ed h\u0159bitov na \u010d\u00e1st\nevangelickou a katolickou, provedly se ter\u00e9nn\u00ed \u00fapravy, vchod byl um\u00edst\u011bn nov\u011b\nod vesnice. P\u016fvodn\u011b rostly p\u0159ed h\u0159bitovem l\u00edpy, r. 1964 tam vys\u00e1zel p. Mat\u00fd\u0161ek\njehli\u010dnat\u00e9 stromy. Kv\u016fli nov\u00e9mu vchodu byly n\u011bkter\u00e9 vyk\u00e1ceny. Dokon\u010den\u00ed pr\u00e1ce\nse pl\u00e1nuje na p\u0159\u00ed\u0161t\u00ed rok. <\/p>\n\n\n\n<figure class=\"wp-block-image size-large\"><img loading=\"lazy\" decoding=\"async\" width=\"1024\" height=\"731\" src=\"http:\/\/symbivita.cz\/blog\/wp-content\/uploads\/2020\/08\/1977-h\u0159bitov-II-1024x731.jpg\" alt=\"\" class=\"wp-image-919\" srcset=\"https:\/\/symbivita.cz\/blog\/wp-content\/uploads\/2020\/08\/1977-h\u0159bitov-II-1024x731.jpg 1024w, https:\/\/symbivita.cz\/blog\/wp-content\/uploads\/2020\/08\/1977-h\u0159bitov-II-300x214.jpg 300w, https:\/\/symbivita.cz\/blog\/wp-content\/uploads\/2020\/08\/1977-h\u0159bitov-II-768x548.jpg 768w, https:\/\/symbivita.cz\/blog\/wp-content\/uploads\/2020\/08\/1977-h\u0159bitov-II.jpg 1107w\" sizes=\"(max-width: 1024px) 100vw, 1024px\" \/><\/figure>\n\n\n\n<p>Na sn\u00edmku je vid\u011bt ter\u00e9nn\u00ed \u00faprava za h\u0159bitovem, kde se pl\u00e1noval urnov\u00fd h\u00e1j nebo ob\u0159adn\u00ed s\u00ed\u0148.<\/p>\n\n\n\n<figure class=\"wp-block-image size-large\"><img loading=\"lazy\" decoding=\"async\" width=\"481\" height=\"319\" src=\"http:\/\/symbivita.cz\/blog\/wp-content\/uploads\/2020\/08\/1977-h\u0159bitov-I.png\" alt=\"\" class=\"wp-image-920\" srcset=\"https:\/\/symbivita.cz\/blog\/wp-content\/uploads\/2020\/08\/1977-h\u0159bitov-I.png 481w, https:\/\/symbivita.cz\/blog\/wp-content\/uploads\/2020\/08\/1977-h\u0159bitov-I-300x199.png 300w\" sizes=\"(max-width: 481px) 100vw, 481px\" \/><\/figure>\n\n\n\n<p>Foto z&nbsp;r.\n2019 je pohled na vchod na h\u0159bitov.<\/p>\n\n\n\n<p>Z\u00e1jmov\u00e1\n\u010dinnost: <\/p>\n\n\n\n<p>Divadeln\u00ed\nkrou\u017eek se \u00fa\u010dastnil sout\u011b\u017ee divadeln\u00edch soubor\u016f\nv&nbsp;Klobouk\u00e1ch&nbsp;veselohrou J. Kavana Babi\u010dka je form\u00e1t (J. \u010cern\u00fd).<\/p>\n\n\n\n<p>Fotokrou\u017eek:\nJaroslav Bulant, Fr. Vintrl\u00edk po\u0159izuj\u00ed sn\u00edmky na ve\u0159ejn\u00fdch akc\u00edch.<\/p>\n\n\n\n<p>Kino pravideln\u011b\nprom\u00edt\u00e1 2 x t\u00fddn\u011b. Je ztr\u00e1tov\u00e9, nen\u00ed z\u00e1jem.<\/p>\n\n\n\n<p>Spole\u010densk\u00e1\nz\u00e1bava: tradi\u010dn\u00ed Jakubsk\u00e9 hody.<\/p>\n\n\n\n<p>Profesion\u00e1ln\u00ed\num\u011bn\u00ed: varietn\u00ed p\u00e1smo kouzeln\u00edka, \u00fa\u010dast ob\u010dan\u016f byla velmi slab\u00e1.<\/p>\n\n\n\n<p>Aktivita\nSvazarmu, po\u017e\u00e1rn\u00edk\u016f a chovatel\u016f je na nule.<\/p>\n\n\n\n<p>Svaz\ninvalid\u016f ob\u010das po\u0159\u00e1d\u00e1 z\u00e1jezd.<\/p>\n\n\n\n<p>Svaz\nml\u00e1de\u017ee prakticky neexistuje.<\/p>\n\n\n\n<p>S\u010cSP: p\u0159edsedkyn\u011b\ns. Walterov\u00e1, uspo\u0159\u00e1dal d\u011btsk\u00fd karneval.<\/p>\n\n\n\n<p>27.\nb\u0159ezna- v\u00edt\u00e1n\u00ed ob\u010d\u00e1nk\u016f<\/p>\n\n\n\n<p>Koncem\nb\u0159ezna znovu sn\u011b\u017eilo, s\u00e1\u0148kovalo se pod rozkvetl\u00fdmi meru\u0148kami, zmrzla vykl\u00ed\u010den\u00e1\ncukrovka. Postihlo to vinohrady, z\u010dernalo list\u00ed o\u0159e\u0161\u00e1k\u016f.<\/p>\n\n\n\n<p>Velikonoce:\nop\u011bt sn\u00edh, st\u0159\u00eddav\u00e9 po\u010das\u00ed.<\/p>\n\n\n\n<p>11. dubna\nsehr\u00e1li fotbalov\u00fd z\u00e1pas Zahr\u00e1dk\u00e1\u0159i , proti TJ.( 1:3)<\/p>\n\n\n\n<p>16. dubna\noslava osvobozen\u00ed obce. D\u016fstojn\u00e1 akce.<\/p>\n\n\n\n<p>17. dubna\nuspo\u0159\u00e1dalo Mysliveck\u00e9 sdru\u017een\u00ed cvi\u010dn\u00e9 st\u0159elby.<\/p>\n\n\n\n<p>1. kv\u011btna\nm\u00e1jov\u00e9 oslavy v&nbsp;Hustope\u010d\u00edch.<\/p>\n\n\n\n<p>S\u010cSP\npo\u0159\u00e1d\u00e1 m\u00e1jovou z\u00e1bavu a pokou\u0161\u00ed se p\u0159itom obnovit zanikl\u00e9 tradice,\ns&nbsp;\u00fasp\u011bchem.<\/p>\n\n\n\n<p>2. \u010dervna\np\u0159i\u0161el mr\u00e1z, chladn\u00e9 po\u010das\u00ed vydr\u017eelo cel\u00e9 l\u00e9to.<\/p>\n\n\n\n<p>\u0160kola\nnav\u00e1zala dru\u017ebu se \u0161kolou v&nbsp;Doln\u00edch Zelenic\u00edch na&nbsp; Slovensku, na\u0161i&nbsp; \u017e\u00e1ci tam p\u0159ijeli na n\u00e1v\u0161t\u011bvu.<\/p>\n\n\n\n<p>19.\n\u010dervna byly v&nbsp;Nikol\u010dic\u00edch&nbsp; jezdeck\u00e9\nz\u00e1vody na kon\u00edch.<\/p>\n\n\n\n<p>26.\n\u010dervna- v\u00edt\u00e1n\u00ed ob\u010d\u00e1nk\u016f.<\/p>\n\n\n\n<figure class=\"wp-block-image size-large\"><img loading=\"lazy\" decoding=\"async\" width=\"830\" height=\"560\" src=\"http:\/\/symbivita.cz\/blog\/wp-content\/uploads\/2020\/08\/1977-spoz-.jpg\" alt=\"\" class=\"wp-image-921\" srcset=\"https:\/\/symbivita.cz\/blog\/wp-content\/uploads\/2020\/08\/1977-spoz-.jpg 830w, https:\/\/symbivita.cz\/blog\/wp-content\/uploads\/2020\/08\/1977-spoz--300x202.jpg 300w, https:\/\/symbivita.cz\/blog\/wp-content\/uploads\/2020\/08\/1977-spoz--768x518.jpg 768w\" sizes=\"(max-width: 830px) 100vw, 830px\" \/><\/figure>\n\n\n\n<p><a href=\"https:\/\/cs.wikipedia.org\/wiki\/3._%C4%8Dervenec\">3. \u010dervence<\/a>&nbsp;\u2013&nbsp;poprv\u00e9\nbyla pou\u017eita pro hum\u00e1nn\u00ed vy\u0161et\u0159en\u00ed <a href=\"https:\/\/cs.wikipedia.org\/wiki\/Magnetick%C3%A1_rezonance\">magnetick\u00e1\nrezonance<\/a> = pokrok ve v\u011bd\u011b.<\/p>\n\n\n\n<p>V&nbsp;obci\nbyla z\u0159\u00edzena telefonn\u00ed hovorna v&nbsp;soukrom\u00e9m byt\u011b \u010d. 20. Po\u0161tovn\u00ed novinov\u00e1\nslu\u017eba dod\u00e1v\u00e1 noviny a \u010dasopisy.<\/p>\n\n\n\n<p>Budova\nZD\u0160 dostala novou fas\u00e1du. Uskute\u010dnila se gener\u00e1ln\u00ed oprava<\/p>\n\n\n\n<p>PO SSM\nuspo\u0159\u00e1dala pr\u00e1zdninov\u00fd t\u00e1bor v&nbsp;Orlick\u00fdch hor\u00e1ch pro 40 d\u011bt\u00ed.<\/p>\n\n\n\n<p>27.\n\u010dervence byly ukon\u010deny \u017en\u011b.<\/p>\n\n\n\n<p>Dru\u017estvo\nv&nbsp;z\u00e1kladech balancuje s&nbsp;udr\u017een\u00edm se na pr\u016fm\u011bru.<\/p>\n\n\n\n<p>V&nbsp;Akci\nZ budov\u00e1na kanalizace na Majer\u00e1ch (700 m). Velk\u00fd pod\u00edl na akci nesou: Josef\nTesa\u0159, Jan M\u00e1j, Fr. Ot\u0159\u00edsal, Old\u0159ich Frimmel.<\/p>\n\n\n\n<p>Aktivitu prokazuje\nJezdeck\u00fd klub, pat\u0159\u00ed pod SSM p\u0159i JZD \u0160itbo\u0159ice. Byla velk\u00e1 \u00faroda h\u0159\u00edbk\u016f.<\/p>\n\n\n\n<p>Na p\u011bkn\u011b\nvybudovan\u00e9m kolbi\u0161ti \u201eNa pastvisk\u00e1ch\u201c u koupali\u0161t\u011b se konala ji\u017e pot\u0159et\u00ed \u201eCena\nJZD brat\u0159\u00ed Mr\u0161t\u00edk\u016f\u201c.<\/p>\n\n\n\n<p>I. mistrovstv\u00ed republiky\nv&nbsp;p\u0159eboru mu\u017e\u016f a \u017een ve skoc\u00edch, drez\u00far\u00e1ch a ve v\u0161estrannosti. <\/p>\n\n\n\n<p>Ve skokov\u00fdch sout\u011b\u017e\u00edch se\ndob\u0159e prosazovali man\u017eel\u00e9 R\u016f\u017ei\u010dkovi, Josef Val\u00ed\u010dek, Jan Vahala, kter\u00fd vyhr\u00e1l\nmistrovstv\u00ed republiky v dorostu, Ji\u0159\u00ed Strouhal a dal\u0161\u00ed.<\/p>\n\n\n\n<figure class=\"wp-block-image size-large\"><img loading=\"lazy\" decoding=\"async\" width=\"603\" height=\"202\" src=\"http:\/\/symbivita.cz\/blog\/wp-content\/uploads\/2020\/08\/1977-Parkur-III.png\" alt=\"\" class=\"wp-image-922\" srcset=\"https:\/\/symbivita.cz\/blog\/wp-content\/uploads\/2020\/08\/1977-Parkur-III.png 603w, https:\/\/symbivita.cz\/blog\/wp-content\/uploads\/2020\/08\/1977-Parkur-III-300x100.png 300w\" sizes=\"(max-width: 603px) 100vw, 603px\" \/><\/figure>\n\n\n\n<p>Dob\u0159e pracuje Mysliveck\u00e9 sdru\u017een\u00ed. P\u0159edsedou je Fr. L\u00edzal. Po\u0159\u00e1daj\u00ed cvi\u010dn\u00e9 st\u0159elby. \u010clenov\u00e9 se sv\u011bdomit\u011b staraj\u00ed o stav zv\u011b\u0159e.<\/p>\n\n\n\n<figure class=\"wp-block-image size-large\"><img loading=\"lazy\" decoding=\"async\" width=\"1024\" height=\"335\" src=\"http:\/\/symbivita.cz\/blog\/wp-content\/uploads\/2020\/08\/1977-Myslivci-I-1024x335.jpg\" alt=\"\" class=\"wp-image-923\" srcset=\"https:\/\/symbivita.cz\/blog\/wp-content\/uploads\/2020\/08\/1977-Myslivci-I-1024x335.jpg 1024w, https:\/\/symbivita.cz\/blog\/wp-content\/uploads\/2020\/08\/1977-Myslivci-I-300x98.jpg 300w, https:\/\/symbivita.cz\/blog\/wp-content\/uploads\/2020\/08\/1977-Myslivci-I-768x251.jpg 768w, https:\/\/symbivita.cz\/blog\/wp-content\/uploads\/2020\/08\/1977-Myslivci-I-1536x502.jpg 1536w, https:\/\/symbivita.cz\/blog\/wp-content\/uploads\/2020\/08\/1977-Myslivci-I.jpg 1576w\" sizes=\"(max-width: 1024px) 100vw, 1024px\" \/><\/figure>\n\n\n\n<p>1. z\u00e1\u0159\u00ed\nzah\u00e1jen \u0161koln\u00ed rok 1977\/78, je spojen se \u0161kolou Div\u00e1ky. P\u0159i\u0161la nov\u00e1 koncepce a\ndo\u0161lo ke slou\u010den\u00ed malot\u0159\u00edd. 2 t\u0159\u00eddy (2. a 4.) m\u00e1me um\u00edst\u011bny v&nbsp;Div\u00e1k\u00e1ch,\nbyla pro d\u011bti z\u0159\u00edzena zvl\u00e1\u0161tn\u00ed autobusov\u00e1 linka se zast\u00e1vkou u prodejny\nJednota. Od 5. t\u0159\u00eddy k&nbsp;n\u00e1m p\u0159ij\u00ed\u017ed\u011bj\u00ed \u017e\u00e1ci z&nbsp;K\u0159epic. \u0160kola m\u00e1 11\nt\u0159\u00edd, 250 \u017e\u00e1k\u016f, 14 u\u010ditel\u016f. Do 1. ro\u010dn\u00edku nastoupilo jen 5 \u017e\u00e1k\u016f, proto byli\np\u0159eveden\u00ed do ZD\u0160 v&nbsp;\u0160itbo\u0159ic\u00edch.<\/p>\n\n\n\n<p>D\u011bti\nz&nbsp;Nov\u00e9ho Dvora letos doj\u00ed\u017ed\u011bj\u00ed do Velk\u00fdch N\u011bm\u010dic.<\/p>\n\n\n\n<p>\u0158editelkou\n\u0161koly je Zde\u0148ka Dost\u00e1lov\u00e1, jej\u00edm z\u00e1stupcem je Josef Svato\u0148, b\u00fdval\u00fd \u0159editel\ndvout\u0159\u00eddky v&nbsp;Div\u00e1k\u00e1ch. <\/p>\n\n\n\n<p>U\u010ditelsk\u00fd\nsbor:<\/p>\n\n\n\n<p>Ji\u0159ina Jandov\u00e1, Helena Pavlack\u00e1, Vlastimila Drab\u00e1lkov\u00e1,\nAlena Tikalov\u00e1, Ji\u0159ina Kul\u00ed\u0161kov\u00e1, Alena Markvartov\u00e1, Drahom\u00edra \u010cern\u00e1, Marta\nBa\u017eantov\u00e1, Jaroslav Bulant, Josef \u010cern\u00fd a Alena Potom\u00e1kov\u00e1, Olga Manzvarov\u00e1.<\/p>\n\n\n\n<p>Z&nbsp;pedagogick\u00e9ho\nsboru jen 4 bydl\u00ed v&nbsp;Nikol\u010dic\u00edch, 2 v&nbsp;Div\u00e1k\u00e1ch, ostatn\u00ed doj\u00ed\u017ed\u011bj\u00ed\nv\u011bt\u0161inou z&nbsp;Brna. Tato situace m\u00e1 za n\u00e1sledek, \u017ee m\u00edstn\u00ed u\u010ditel\u00e9 jsou\np\u0159et\u00ed\u017eeni mimo\u0161koln\u00edmi aktivitami. Rozhlasov\u00fd krou\u017eek, veden\u00fd u\u010d. V. Dr\u00e1balkovou,\nvys\u00edlal rozhlasov\u00e9 relace.<\/p>\n\n\n\n<p>11. z\u00e1\u0159\u00ed\n\u2013 v\u00edt\u00e1n\u00ed d\u011bt\u00ed a slib rodi\u010d\u016f.<\/p>\n\n\n\n<figure class=\"wp-block-image size-large\"><img loading=\"lazy\" decoding=\"async\" width=\"721\" height=\"475\" src=\"http:\/\/symbivita.cz\/blog\/wp-content\/uploads\/2020\/08\/1977-v\u00edt\u00e1n\u00ed-ob\u010d\u00e1nk\u016f.jpg\" alt=\"\" class=\"wp-image-924\" srcset=\"https:\/\/symbivita.cz\/blog\/wp-content\/uploads\/2020\/08\/1977-v\u00edt\u00e1n\u00ed-ob\u010d\u00e1nk\u016f.jpg 721w, https:\/\/symbivita.cz\/blog\/wp-content\/uploads\/2020\/08\/1977-v\u00edt\u00e1n\u00ed-ob\u010d\u00e1nk\u016f-300x198.jpg 300w\" sizes=\"(max-width: 721px) 100vw, 721px\" \/><\/figure>\n\n\n\n<p>23.z\u00e1\u0159\u00ed \u2013 v\u00edt\u00e1n\u00ed ob\u010d\u00e1nk\u016f.<\/p>\n\n\n\n<figure class=\"wp-block-image size-large\"><img loading=\"lazy\" decoding=\"async\" width=\"1024\" height=\"456\" src=\"http:\/\/symbivita.cz\/blog\/wp-content\/uploads\/2020\/08\/1977-v\u00edt\u00e1n\u00ed-ob\u010d\u00e1nk\u016f-II-1024x456.jpg\" alt=\"\" class=\"wp-image-925\" srcset=\"https:\/\/symbivita.cz\/blog\/wp-content\/uploads\/2020\/08\/1977-v\u00edt\u00e1n\u00ed-ob\u010d\u00e1nk\u016f-II-1024x456.jpg 1024w, https:\/\/symbivita.cz\/blog\/wp-content\/uploads\/2020\/08\/1977-v\u00edt\u00e1n\u00ed-ob\u010d\u00e1nk\u016f-II-300x134.jpg 300w, https:\/\/symbivita.cz\/blog\/wp-content\/uploads\/2020\/08\/1977-v\u00edt\u00e1n\u00ed-ob\u010d\u00e1nk\u016f-II-768x342.jpg 768w, https:\/\/symbivita.cz\/blog\/wp-content\/uploads\/2020\/08\/1977-v\u00edt\u00e1n\u00ed-ob\u010d\u00e1nk\u016f-II.jpg 1114w\" sizes=\"(max-width: 1024px) 100vw, 1024px\" \/><\/figure>\n\n\n\n<p>30.z\u00e1\u0159\u00ed\nodch\u00e1z\u00ed do d\u016fchodu \u0161kolnice L. Kone\u010dn\u00e1 a na jej\u00ed m\u00edsto byl p\u0159ijat Ladislav\nCharv\u00e1t.<\/p>\n\n\n\n<p>\u010cOZS: p\u0159edseda Jaroslav Brychta, uspo\u0159\u00e1dal v\u00fdstavu v\u00edn a\nostatkovou z\u00e1bavu.<\/p>\n\n\n\n<p>Mate\u0159sk\u00e1 \u0161kolka m\u00e1 hezk\u00e9 prost\u0159ed\u00ed, \u0159editelkou je Hana\nMikul\u00e1\u0161kov\u00e1, doj\u00ed\u017ed\u00ed z&nbsp;Nosislavi. Do \u0161kolky chod\u00ed 31 d\u011bt\u00ed.<\/p>\n\n\n\n<p>Dobr\u00e9 v\u00fdsledky vykazuje odd\u00edl stoln\u00edho tenisu. Odd\u00edl TJ\nDru\u017estevn\u00edk sestoupil do IV. t\u0159\u00eddy, neda\u0159ilo se.<\/p>\n\n\n\n<p>\u010c\u010cK: p\u0159edsedkyn\u011b \u017dofie Mik\u00e1\u010dov\u00e1, zdravotnic. osv\u011bta, kurz \u0161it\u00ed.<\/p>\n\n\n\n<p>\u010cesk\u00fd svaz \u017een: p\u0159edsedkyn\u011b V\u011bra Barto\u0148kov\u00e1, brig\u00e1dy: \u00faprava\nokol\u00ed h\u0159bitova, p\u0159i gener\u00e1ln\u00edm \u00faklidu ZD\u0160 ap. Koupena malovan\u00e1 kol\u00e9bka, Sbor\npro ob\u010dansk\u00e9 z\u00e1le\u017eitosti v\u00edtal ob\u010d\u00e1nky.&nbsp;\nPo\u0159\u00e1daly spole\u010densk\u00fd ples, maj\u00ed krou\u017eek pleten\u00ed a h\u00e1\u010dkov\u00e1n\u00ed.<\/p>\n\n\n\n<p>Na podzim\nse siln\u011b rozmno\u017eili hrabo\u0161i.<\/p>\n\n\n\n<p>Koncem roku za\u010dala Okresn\u00ed spr\u00e1va silnic opravovat hlavn\u00ed\ntah komunikace \u010d. 54 (od hospody po zat\u00e1\u010dku u \u010d. 27). V&nbsp;mrazech pr\u00e1ce\np\u0159eru\u0161eny, obec z\u016fstala rozkop\u00e1na.<\/p>\n\n\n\n<p>4.prosince \u2013 60.v\u00fdro\u010d\u00ed s\u0148atku man\u017eel\u016f<\/p>\n\n\n\n<p>Josefa\na Roz\u00e1lie Fialov\u00fdch.<\/p>\n\n\n\n<figure class=\"wp-block-image size-large\"><img loading=\"lazy\" decoding=\"async\" width=\"874\" height=\"580\" src=\"http:\/\/symbivita.cz\/blog\/wp-content\/uploads\/2020\/08\/1977-60.v\u00fdro\u010d\u00ed-svatby.jpg\" alt=\"\" class=\"wp-image-926\" srcset=\"https:\/\/symbivita.cz\/blog\/wp-content\/uploads\/2020\/08\/1977-60.v\u00fdro\u010d\u00ed-svatby.jpg 874w, https:\/\/symbivita.cz\/blog\/wp-content\/uploads\/2020\/08\/1977-60.v\u00fdro\u010d\u00ed-svatby-300x199.jpg 300w, https:\/\/symbivita.cz\/blog\/wp-content\/uploads\/2020\/08\/1977-60.v\u00fdro\u010d\u00ed-svatby-768x510.jpg 768w\" sizes=\"(max-width: 874px) 100vw, 874px\" \/><\/figure>\n\n\n\n<p>14. prosince tragicky zahynula R\u016f\u017eena Hirschov\u00e1 p\u0159i cest\u011b z&nbsp;JZD.<\/p>\n\n\n\n<p>Prodejna potravin m\u00e1 4 zam\u011bstnankyn\u011b (vedouc\u00ed Anna\nStrouhalov\u00e1). Prod\u00e1v\u00e1 se i drogistick\u00e9 zbo\u017e\u00ed. Prodejna obuvi roz\u0161\u00ed\u0159ila\nsortiment o textil, pap\u00edrnictv\u00ed a hra\u010dky. Vedouc\u00ed s. Ku\u010derov\u00e1, doj\u00ed\u017ed\u00ed z&nbsp;Boleradic.<\/p>\n\n\n\n<p>Koncem roku n\u00e1kupn\u00ed hore\u010dky a panika, nebylo k&nbsp;dost\u00e1n\u00ed\nst\u0159\u00eddav\u011b ko\u0159en\u00ed v\u0161eho druhu, s\u016fl, kakao, ovocn\u00e9 sirupy. Projevila se mal\u00e1\npru\u017enost obchodu a v\u00fdroby.<\/p>\n\n\n\n<p>\u017d\u00e1dn\u00e9 slu\u017eby se v&nbsp;obci neuskute\u010d\u0148uj\u00ed. St\u0159\u00edhat se\njezd\u00edme do Hustope\u010d\u00ed, \u0159emesln\u00edky vyhled\u00e1v\u00e1me v&nbsp;K\u0159epic\u00edch, \u0160itbo\u0159ic\u00edch a\njinde.<\/p>\n\n\n\n<p>Hostinec se rozpad\u00e1 vn\u011b i uvnit\u0159. Je ostudou obce. MNV se\nnedok\u00e1\u017ee dohodnout s&nbsp;veden\u00edm Jednoty Mikulov na koncepci \u00faprav, a tak se\nned\u011bje nic. Vedouc\u00ed Bo\u017eena Ne\u010dasov\u00e1 \u0159\u00edk\u00e1, \u017ee se styd\u00ed pohl\u00e9dnout sv\u00fdm host\u016fm do\no\u010d\u00ed.<\/p>\n\n\n\n<p><strong>1978<\/strong><\/p>\n\n\n\n<p>Zima m\u00edrn\u00e1 se sn\u011bhem, v\u00fdborn\u00e9 podm\u00ednky pro ly\u017eov\u00e1n\u00ed, d\u011bti\njezdily na pr\u00e1zdn\u00fdch igelitov\u00fdch pytl\u00edch.<\/p>\n\n\n\n<p>1. ledna p\u0159ej\u00edm\u00e1 prodejnu obuvi Hana Kone\u010dn\u00e1.<\/p>\n\n\n\n<p>Z&nbsp;funkce p\u0159edsedy MVNF byl uvoln\u011bn s. Fr. Koz\u00e1k a\nnahrazen s. Josefem Neubergem.<\/p>\n\n\n\n<p>Koncem \u00fanora do\u0161lo k&nbsp;v\u00fdrazn\u00e9mu oteplen\u00ed.<\/p>\n\n\n\n<p><a href=\"https:\/\/cs.wikipedia.org\/wiki\/2._b%C5%99ezen\">2.<\/a>\u2013<a href=\"https:\/\/cs.wikipedia.org\/wiki\/10._b%C5%99ezen\">10. b\u0159ezna<\/a>&nbsp;\u2013&nbsp;<a href=\"https:\/\/cs.wikipedia.org\/wiki\/Vladim%C3%ADr_Remek\">Vladim\u00edr Remek<\/a>&nbsp;byl\n\u010dlenem pos\u00e1dky kosmick\u00e9 lodi&nbsp;<a href=\"https:\/\/cs.wikipedia.org\/wiki\/Sojuz_28\">Sojuz 28<\/a>.<\/p>\n\n\n\n<p>Na ja\u0159e byla\npolo\u017eena nov\u00e1 silnice v&nbsp;hlavn\u00ed ulici od \u010d.1 po \u010d. 29.<\/p>\n\n\n\n<p>V&nbsp;akci Z\npokra\u010dovaly pr\u00e1ce na h\u0159bitov\u011b, definitivn\u011b zmizela ze\u010f mezi katolick\u00fdm a\nevangelick\u00fdm h\u0159bitovem.<\/p>\n\n\n\n<p>8. b\u0159ezna na MD\u017d rozkvetly\nsn\u011b\u017eenky, brzy dal\u0161\u00ed jarn\u00ed kv\u00edtka, \u017elut\u00e9 sasanky, zapalice, plicn\u00edky,\npetrkl\u00ed\u010de. Koncem b\u0159ezna byla zima zp\u011bt. Pozd\u011bji do kv\u011btu merun\u011bk napadal sn\u00edh.<\/p>\n\n\n\n<p>SSM: p\u0159edsedkyn\u011b Libu\u0161e Klob\u00e1sov\u00e1, \u010dlenov\u00e9 v\u00fdboru Ji\u0159\u00ed\nDost\u00e1l, Hana Svobodov\u00e1, Jaroslava L\u00edzalov\u00e1, Miroslav Vintrl\u00edk, Ji\u0159\u00ed Hrabec,\nJaroslav Maty\u0161ek.<\/p>\n\n\n\n<p>30. b\u0159ezna odchod branc\u016f ( Jel\u00ednek, Frimmel, Z\u00e1black\u00fd.<\/p>\n\n\n\n<p>2. dubna- v\u00edt\u00e1n\u00ed ob\u010d\u00e1nk\u016f<\/p>\n\n\n\n<p>16. dubna oslava\nosvobozen\u00ed obce, \u010dlenov\u00e9 SSM nacvi\u010dili p\u011bvecko-recita\u010dn\u00ed vystoupen\u00ed. Mysliveck\u00fd\nsvaz uspo\u0159\u00e1dal Poh\u00e1r osvobozen\u00ed: z\u00e1vod ve st\u0159elb\u011b na asfaltov\u00e9 ter\u010de pod\nz\u00e1\u0161titou MNV a JZD.<\/p>\n\n\n\n<figure class=\"wp-block-image size-large\"><img loading=\"lazy\" decoding=\"async\" width=\"604\" height=\"252\" src=\"http:\/\/symbivita.cz\/blog\/wp-content\/uploads\/2020\/08\/1978-St\u0159elnice.jpg\" alt=\"\" class=\"wp-image-927\" srcset=\"https:\/\/symbivita.cz\/blog\/wp-content\/uploads\/2020\/08\/1978-St\u0159elnice.jpg 604w, https:\/\/symbivita.cz\/blog\/wp-content\/uploads\/2020\/08\/1978-St\u0159elnice-300x125.jpg 300w\" sizes=\"(max-width: 604px) 100vw, 604px\" \/><\/figure>\n\n\n\n<p>St\u0159eleck\u00e1 sout\u011b\u017e MS byla n\u00e1hradou za \u201eMemori\u00e1l Jaroslava\n\u0160t\u011bp\u00e1nka\u201c, kter\u00fd se v&nbsp;tomto roce nemohl uskute\u010dnit.<\/p>\n\n\n\n<p>24. dubna- slib&nbsp;\npion\u00fdr\u016f<\/p>\n\n\n\n<p><a href=\"https:\/\/cs.wikipedia.org\/wiki\/24._duben\">24. dubna<\/a>&nbsp;zalo\u017eili\naktivist\u00e9&nbsp;<a href=\"https:\/\/cs.wikipedia.org\/wiki\/Charta_77\">Charty 77<\/a>&nbsp;<a href=\"https:\/\/cs.wikipedia.org\/wiki\/V%C3%A1clav_Havel\">V\u00e1clav Havel<\/a>,&nbsp;<a href=\"https:\/\/cs.wikipedia.org\/wiki\/Ji%C5%99%C3%AD_Dienstbier_star%C5%A1%C3%AD\">Ji\u0159\u00ed Dienstbier<\/a>,&nbsp;<a href=\"https:\/\/cs.wikipedia.org\/wiki\/Petr_Uhl\">Petr Uhl<\/a>&nbsp;ad.\nv Praze&nbsp;<a href=\"https:\/\/cs.wikipedia.org\/wiki\/V%C3%BDbor_na_obranu_nespravedliv%C4%9B_st%C3%ADhan%C3%BDch\">V\u00fdbor na obranu nespravedliv\u011b st\u00edhan\u00fdch (VONS)<\/a>.\nSdru\u017een\u00ed si kladlo za c\u00edl monitorovat p\u0159\u00edpady nespravedliv\u011b st\u00edhan\u00fdch\n\u010deskoslovensk\u00fdch&nbsp;<a href=\"https:\/\/cs.wikipedia.org\/wiki\/Politick%C3%BD_v%C4%9Bze%C5%88\">politick\u00fdch\nv\u011bz\u0148\u016f<\/a>&nbsp;a informovat o jejich situaci zahrani\u010dn\u00ed sd\u011blovac\u00ed\nprost\u0159edky, zejm. rozhlasov\u00e9 stanice&nbsp;<a href=\"https:\/\/cs.wikipedia.org\/wiki\/Svobodn%C3%A1_Evropa\">Svobodn\u00e1 Evropa<\/a>&nbsp;a&nbsp;<a href=\"https:\/\/cs.wikipedia.org\/wiki\/Hlas_Ameriky\">Hlas Ameriky<\/a>.<\/p>\n\n\n\n<p>Duben a\nkv\u011bten bylo de\u0161tiv\u00e9 po\u010das\u00ed.<\/p>\n\n\n\n<p>7. kv\u011btna setk\u00e1n\u00ed pades\u00e1tn\u00edk\u016f 1928-1978. \u010clenov\u00e9 SSM pro n\u011b tak\u00e9 p\u0159edvedli p\u011bvecko-recita\u010dn\u00ed\nvystoupen\u00ed.<\/p>\n\n\n\n<figure class=\"wp-block-image size-large\"><img loading=\"lazy\" decoding=\"async\" width=\"1024\" height=\"563\" src=\"http:\/\/symbivita.cz\/blog\/wp-content\/uploads\/2020\/08\/1978-Pades\u00e1tn\u00edci-I-1024x563.jpg\" alt=\"\" class=\"wp-image-928\" srcset=\"https:\/\/symbivita.cz\/blog\/wp-content\/uploads\/2020\/08\/1978-Pades\u00e1tn\u00edci-I-1024x563.jpg 1024w, https:\/\/symbivita.cz\/blog\/wp-content\/uploads\/2020\/08\/1978-Pades\u00e1tn\u00edci-I-300x165.jpg 300w, https:\/\/symbivita.cz\/blog\/wp-content\/uploads\/2020\/08\/1978-Pades\u00e1tn\u00edci-I-768x422.jpg 768w, https:\/\/symbivita.cz\/blog\/wp-content\/uploads\/2020\/08\/1978-Pades\u00e1tn\u00edci-I.jpg 1458w\" sizes=\"(max-width: 1024px) 100vw, 1024px\" \/><\/figure>\n\n\n\n<figure class=\"wp-block-image size-large\"><img loading=\"lazy\" decoding=\"async\" width=\"338\" height=\"388\" src=\"http:\/\/symbivita.cz\/blog\/wp-content\/uploads\/2020\/08\/1978-Pades\u00e1tn\u00edci-II.jpg\" alt=\"\" class=\"wp-image-929\" srcset=\"https:\/\/symbivita.cz\/blog\/wp-content\/uploads\/2020\/08\/1978-Pades\u00e1tn\u00edci-II.jpg 338w, https:\/\/symbivita.cz\/blog\/wp-content\/uploads\/2020\/08\/1978-Pades\u00e1tn\u00edci-II-261x300.jpg 261w\" sizes=\"(max-width: 338px) 100vw, 338px\" \/><\/figure>\n\n\n\n<p><a href=\"https:\/\/cs.wikipedia.org\/wiki\/10._kv%C4%9Bten\">10. kv\u011btna<\/a>: Pod\npohr\u016f\u017ekou odp\u00e1len\u00ed v\u00fdbu\u0161niny na palub\u011b letadla&nbsp;<a href=\"https:\/\/cs.wikipedia.org\/wiki\/Ilju%C5%A1in_Il-18\">Ilju\u0161in II-18<\/a>&nbsp;na\npravideln\u00e9 lince Praha \u2013 Brno donutili&nbsp;<a href=\"https:\/\/cs.wikipedia.org\/wiki\/%C3%9Anos_letounu_do_NSR_dne_10._kv%C4%9Btna_1978\">\u00fanosci Josef Katrin\u010d\u00e1k a Radom\u00edr \u0160ebesta<\/a>&nbsp;pos\u00e1dku\nzm\u011bnit kurz sm\u011brem do NSR a cca po 90 minut\u00e1ch letu p\u0159ist\u00e1t na leti\u0161ti ve&nbsp;<a href=\"https:\/\/cs.wikipedia.org\/wiki\/Leti%C5%A1t%C4%9B_Frankfurt_nad_Mohanem\">Frankfurtu\nnad Mohanem<\/a>.<\/p>\n\n\n\n<p><a>11.-12. kv\u011btna zp\u016fsobily mraz\u00edky \u0161kody na vinohradech a\nna ovoci.<\/a><\/p>\n\n\n\n<p><a href=\"https:\/\/cs.wikipedia.org\/wiki\/23._kv%C4%9Bten\">23. kv\u011btna<\/a>:&nbsp;<a href=\"https:\/\/cs.wikipedia.org\/wiki\/%C3%9Anos_%C5%A1koln%C3%ADho_autobusu_dne_23._kv%C4%9Btna_1978\">Bratranci Milan, Robert a V\u00e1clav Bare\u0161ovi<\/a>&nbsp;ozbrojen\u00ed\nukraden\u00fdmi&nbsp;<a href=\"https:\/\/cs.wikipedia.org\/wiki\/Pu%C5%A1ka\">kulovnicemi<\/a>&nbsp;p\u0159epadli\nv prostoru&nbsp;<a href=\"https:\/\/cs.wikipedia.org\/wiki\/Vodn%C3%AD_n%C3%A1dr%C5%BE_Jesenice\">p\u0159ehrady\nJesenice<\/a>&nbsp;na&nbsp;<a href=\"https:\/\/cs.wikipedia.org\/wiki\/Okres_Cheb\">Chebsku<\/a>&nbsp;autobus\nse studenty t\u0159et\u00edho ro\u010dn\u00edku&nbsp;<a href=\"https:\/\/cs.wikipedia.org\/wiki\/Gymn%C3%A1zium_%C5%98%C3%AD%C4%8Dany\">\u0159\u00ed\u010dansk\u00e9ho\ngymn\u00e1zia<\/a>, kte\u0159\u00ed byli na \u0161koln\u00edm v\u00fdlet\u011b do&nbsp;<a href=\"https:\/\/cs.wikipedia.org\/wiki\/N%C4%9Bmeck%C3%A1_demokratick%C3%A1_republika\">NDR<\/a>. Pod pohr\u016f\u017ekou zast\u0159elen\u00ed p\u0159inutili \u0159idi\u010de autobusu, aby\nzm\u011bnil sm\u011br j\u00edzdy na hranice s&nbsp;<a href=\"https:\/\/cs.wikipedia.org\/wiki\/Z%C3%A1padn%C3%AD_N%C4%9Bmecko\">NSR<\/a>.<\/p>\n\n\n\n<p>1. \u010dervna\nMDD, SSM p\u0159ipravil d\u011btem sportovn\u00ed odpoledne s&nbsp;t\u00e1bor\u00e1kem, N\u011bkolik \u010dlen\u016f se\nz\u00fa\u010dastnilo s&nbsp;pion\u00fdry p\u0159echodu P\u00e1lavy. MS pro d\u011bti po\u0159\u00e1dalo sout\u011b\u017ee ve\nznalosti p\u0159\u00edrody a ve st\u0159elb\u011b ze vzduchovky.<\/p>\n\n\n\n<figure class=\"wp-block-image size-large\"><img loading=\"lazy\" decoding=\"async\" width=\"384\" height=\"244\" src=\"http:\/\/symbivita.cz\/blog\/wp-content\/uploads\/2020\/08\/1978-vzduchovky.png\" alt=\"\" class=\"wp-image-930\" srcset=\"https:\/\/symbivita.cz\/blog\/wp-content\/uploads\/2020\/08\/1978-vzduchovky.png 384w, https:\/\/symbivita.cz\/blog\/wp-content\/uploads\/2020\/08\/1978-vzduchovky-300x191.png 300w\" sizes=\"(max-width: 384px) 100vw, 384px\" \/><\/figure>\n\n\n\n<p>4.\u010dervna\np\u0159i\u0161lo siln\u00e9 krupobit\u00ed a zni\u010dilo mlad\u00e9 v\u00fdhonky, jablka, meru\u0148ky. Kroupy m\u011bly&nbsp;pr\u016fm\u011br\n10-15 mm.<\/p>\n\n\n\n<p>11.\n\u010dervna \u2013 v\u00edt\u00e1n\u00ed ob\u010d\u00e1nk\u016f<\/p>\n\n\n\n<figure class=\"wp-block-image size-large\"><img loading=\"lazy\" decoding=\"async\" width=\"913\" height=\"422\" src=\"http:\/\/symbivita.cz\/blog\/wp-content\/uploads\/2020\/08\/1978-v\u00edt\u00e1n\u00ed-ob\u010d\u00e1nk\u016f.jpg\" alt=\"\" class=\"wp-image-931\" srcset=\"https:\/\/symbivita.cz\/blog\/wp-content\/uploads\/2020\/08\/1978-v\u00edt\u00e1n\u00ed-ob\u010d\u00e1nk\u016f.jpg 913w, https:\/\/symbivita.cz\/blog\/wp-content\/uploads\/2020\/08\/1978-v\u00edt\u00e1n\u00ed-ob\u010d\u00e1nk\u016f-300x139.jpg 300w, https:\/\/symbivita.cz\/blog\/wp-content\/uploads\/2020\/08\/1978-v\u00edt\u00e1n\u00ed-ob\u010d\u00e1nk\u016f-768x355.jpg 768w\" sizes=\"(max-width: 913px) 100vw, 913px\" \/><\/figure>\n\n\n\n<p><a href=\"https:\/\/cs.wikipedia.org\/wiki\/21._%C4%8Derven\">21. \u010dervna<\/a>&nbsp;byl\nschv\u00e1len z\u00e1kon o opat\u0159en\u00edch ve \u0161kolstv\u00ed, zavedl&nbsp;<a href=\"https:\/\/cs.wikipedia.org\/wiki\/Povinn%C3%A1_%C5%A1koln%C3%AD_doch%C3%A1zka\">povinnou\ndesetiletou \u0161koln\u00ed doch\u00e1zku<\/a>&nbsp;v r\u00e1mci 8 ro\u010dn\u00edk\u016f&nbsp;<a href=\"https:\/\/cs.wikipedia.org\/wiki\/Z%C3%A1kladn%C3%AD_%C5%A1kola\">z\u00e1kladn\u00ed \u0161koly<\/a>&nbsp;a\nminim\u00e1ln\u011b 2 ro\u010dn\u00edk\u016f&nbsp;<a href=\"https:\/\/cs.wikipedia.org\/wiki\/St%C5%99edn%C3%AD_%C5%A1kola\">\u0161koly st\u0159edn\u00ed<\/a>.<\/p>\n\n\n\n<p>11. \u010dervence\nnov\u00e9 krupobit\u00ed v&nbsp;Najperk\u00e1ch, cel\u00e9 l\u00e9to chladn\u00e9.<\/p>\n\n\n\n<p>16.\n\u010dervence \u2013 v\u00edt\u00e1n\u00ed ob\u010d\u00e1nk\u016f<\/p>\n\n\n\n<figure class=\"wp-block-image size-large\"><img loading=\"lazy\" decoding=\"async\" width=\"1024\" height=\"470\" src=\"http:\/\/symbivita.cz\/blog\/wp-content\/uploads\/2020\/08\/1978-v\u00edt\u00e1n\u00ed-ob\u010d\u00e1nk\u016f-II-1024x470.jpg\" alt=\"\" class=\"wp-image-932\" srcset=\"https:\/\/symbivita.cz\/blog\/wp-content\/uploads\/2020\/08\/1978-v\u00edt\u00e1n\u00ed-ob\u010d\u00e1nk\u016f-II-1024x470.jpg 1024w, https:\/\/symbivita.cz\/blog\/wp-content\/uploads\/2020\/08\/1978-v\u00edt\u00e1n\u00ed-ob\u010d\u00e1nk\u016f-II-300x138.jpg 300w, https:\/\/symbivita.cz\/blog\/wp-content\/uploads\/2020\/08\/1978-v\u00edt\u00e1n\u00ed-ob\u010d\u00e1nk\u016f-II-768x352.jpg 768w, https:\/\/symbivita.cz\/blog\/wp-content\/uploads\/2020\/08\/1978-v\u00edt\u00e1n\u00ed-ob\u010d\u00e1nk\u016f-II.jpg 1059w\" sizes=\"(max-width: 1024px) 100vw, 1024px\" \/><\/figure>\n\n\n\n<figure class=\"wp-block-image size-large\"><img loading=\"lazy\" decoding=\"async\" width=\"1024\" height=\"607\" src=\"http:\/\/symbivita.cz\/blog\/wp-content\/uploads\/2020\/08\/1977-Parkur-II-1024x607.jpg\" alt=\"\" class=\"wp-image-933\" srcset=\"https:\/\/symbivita.cz\/blog\/wp-content\/uploads\/2020\/08\/1977-Parkur-II-1024x607.jpg 1024w, https:\/\/symbivita.cz\/blog\/wp-content\/uploads\/2020\/08\/1977-Parkur-II-300x178.jpg 300w, https:\/\/symbivita.cz\/blog\/wp-content\/uploads\/2020\/08\/1977-Parkur-II-768x455.jpg 768w, https:\/\/symbivita.cz\/blog\/wp-content\/uploads\/2020\/08\/1977-Parkur-II.jpg 1408w\" sizes=\"(max-width: 1024px) 100vw, 1024px\" \/><\/figure>\n\n\n\n<p>II. mistrovstv\u00ed republiky v\u00a0p\u0159eboru mu\u017e\u016f a \u017een, ve skoc\u00edch, drez\u00far\u00e1ch a ve v\u0161estrannosti.<\/p>\n\n\n\n<figure class=\"wp-block-image size-large\"><img loading=\"lazy\" decoding=\"async\" width=\"599\" height=\"203\" src=\"http:\/\/symbivita.cz\/blog\/wp-content\/uploads\/2020\/08\/1978-Parkur-III.jpg\" alt=\"\" class=\"wp-image-934\" srcset=\"https:\/\/symbivita.cz\/blog\/wp-content\/uploads\/2020\/08\/1978-Parkur-III.jpg 599w, https:\/\/symbivita.cz\/blog\/wp-content\/uploads\/2020\/08\/1978-Parkur-III-300x102.jpg 300w\" sizes=\"(max-width: 599px) 100vw, 599px\" \/><\/figure>\n\n\n\n<p>V&nbsp;letn\u00edch m\u011bs\u00edc\u00edch prob\u00edhal v&nbsp;obc\u00edch\nhydrogeologick\u00fd pr\u016fzkum. Pracovn\u00edci n. p. Geotest na\u0161li bohat\u00fd zdroj vody pod\nRozd\u00edly. P\u0159esn\u00e9 vyhodnocen\u00ed v\u0161ak je\u0161t\u011b nen\u00ed zn\u00e1mo.<\/p>\n\n\n\n<p>\u017dn\u011b za\u010daly a\u017e po hodech, hrozny byly je\u0161t\u011b v&nbsp;srpnu\njako hr\u00e1\u0161ky. Letos nebyly houby. Ale v\u010dela\u0159i m\u011bli hojn\u00e9 v\u00fdnosy: 30 kg medu od\nv\u010delstva. JZD st\u00e1le z\u00e1pas\u00ed s&nbsp;pr\u016fm\u011brem v\u00fdnos\u016f, st\u0159\u00eddav\u011b vzestup a sn\u00ed\u017een\u00ed. Zah\u00e1jena\np\u0159idru\u017een\u00e1 v\u00fdroba pro Zbrojovku.<\/p>\n\n\n\n<p>4.z\u00e1\u0159\u00ed byl v&nbsp;kulturn\u00edm dom\u011b slavnostn\u011b zah\u00e1jen \u0161koln\u00ed\nrok 1978\/79<\/p>\n\n\n\n<p>Druh\u00e1 t\u0159\u00edda byla&nbsp;\nzru\u0161ena, proto\u017ee&nbsp; 10&nbsp; \u017e\u00e1k\u016f za\u010dalo chodit&nbsp; do \u0160itbo\u0159ic.<\/p>\n\n\n\n<p>\u0158editelka- Zde\u0148ka Dost\u00e1lov\u00e1, z\u00e1stupce Josef Svato\u0148.<\/p>\n\n\n\n<p>U\u010ditelsk\u00fd sbor.<\/p>\n\n\n\n<p>Na prvn\u00edm stupni: Ji\u0159ina Jandov\u00e1, Helena Pavlack\u00e1, Olga\nManzvarov\u00e1, Vlastimila Drab\u00e1lkov\u00e1, Na druh\u00e9m stupni: Drahom\u00edra \u010cern\u00e1, Jaroslav\nBulant, Alena Markvartov\u00e1, Alena Tikalov\u00e1, Ji\u0159ina Kul\u00ed\u0161kov\u00e1,&nbsp; Marta Ba\u017eantov\u00e1, Josef \u010cern\u00fd a Alena\nPotom\u00e1kov\u00e1, <\/p>\n\n\n\n<p>\u010cS\u017d m\u00e1 v&nbsp;obci 65 \u010dlenek, p\u0159edsedkyn\u011b V\u011bra Barto\u0148kov\u00e1,\n\u010dlenky Bo\u017eena Mnacakanov\u00e1, Old\u0159i\u0161ka Fialov\u00e1, V\u011bra Mik\u00e1\u010dov\u00e1, Ane\u017eka Majerov\u00e1,\nBo\u017eena Kaplanov\u00e1, Drahom\u00edra \u010cern\u00e1, Libu\u0161e Brychtov\u00e1, Kv\u011btoslava St\u00e1rkov\u00e1,\nR\u016f\u017eena Koz\u00e1kov\u00e1, Veronika Charv\u00e1tov\u00e1. Revizn\u00ed komise: Franti\u0161ka Svobodov\u00e1, Anna\nVlkov\u00e1, Eli\u0161ka B\u00edlkov\u00e1. \u017deny m\u011bly velkou aktivitu: ma\u0161karn\u00ed ples, d\u011btsk\u00fd\nma\u0161karn\u00ed ples, kurz pleten\u00ed a h\u00e1\u010dkov\u00e1n\u00ed, ve\u010d\u00edrek k&nbsp;MD\u017d, sb\u011br \u017eelezn\u00e9ho\n\u0161rotu, sb\u011br pap\u00edru a textilu, spole\u010dn\u00e1 brig\u00e1da na objektu MNV, z\u00e1jezd na ledn\u00ed\nrevue do Brna, z\u00e1jezd do Prahy na v\u00fdstavu Doba Karla IV., sb\u011br l\u00e9\u010div\u00fdch rostlin\n(bezinek, \u0161\u00edpku), d\u011blaly sb\u00edrku na fond solidarity, odpracovaly 2561\nbrig\u00e1dnick\u00fdch hodin.<\/p>\n\n\n\n<figure class=\"wp-block-image size-large\"><img loading=\"lazy\" decoding=\"async\" width=\"405\" height=\"342\" src=\"http:\/\/symbivita.cz\/blog\/wp-content\/uploads\/2020\/08\/1978-va\u0159en\u00ed.jpg\" alt=\"\" class=\"wp-image-936\" srcset=\"https:\/\/symbivita.cz\/blog\/wp-content\/uploads\/2020\/08\/1978-va\u0159en\u00ed.jpg 405w, https:\/\/symbivita.cz\/blog\/wp-content\/uploads\/2020\/08\/1978-va\u0159en\u00ed-300x253.jpg 300w\" sizes=\"(max-width: 405px) 100vw, 405px\" \/><\/figure>\n\n\n\n<p>Ve \u0161kole asi 1978-79. Zleva: Drahom\u00edra \u010cern\u00e1, Kv\u011bta Dost\u00e1lov\u00e1,\nMarie Jel\u00ednkov\u00e1, Eli\u0161ka B\u00edlkov\u00e1, Antonie Leng\u00e1lov\u00e1, Hana Kone\u010dn\u00e1, And\u011bla\nSekaninov\u00e1.<\/p>\n\n\n\n<p><a>\u010cOZS m\u00e1 75 \u010dlen\u016f v&nbsp;\u010dele\ns&nbsp;p\u0159edsedou Jaroslavem Brychtou. \u010clenov\u00e9 v\u00fdboru jsou: Milan Mika\u010d, Rudolf\nPrchal, Milan Kaplan, Josef \u010cern\u00fd, Bohumil Jel\u00ednek, Josef Fic, Jan Hirsch, Fr. Skoumal,\nFr. Koutn\u00fd, Pavel Kone\u010dn\u00fd, Alois B\u00edlek. Revizn\u00ed komise: Karel Hrabec, Ant.\nPetrla, Pavel Urb\u00e1nek.<\/a><\/p>\n\n\n\n<p>Mysliveck\u00fd svaz m\u00e1 23 \u010dlen\u016f, p\u0159edsedou je Miroslav\nMnacakanov, \u010dleny v\u00fdboru Jaroslav Jel\u00ednek, Fr. Koz\u00e1k, Jan Hrabec, V\u00e1clav\nVahala, Fr. L\u00edzal, Cyril Hlav\u00e1\u010d. Ve spolupr\u00e1ci s&nbsp;OV \u010cSM se konaly povinn\u00e9\nst\u0159elby pro myslivce z&nbsp;okol\u00ed. Produkce lovu a odchytu zv\u011b\u0159e byla\nv&nbsp;pr\u016fm\u011bru za posledn\u00edch 10 let.<\/p>\n\n\n\n<p>TJ Dru\u017estevn\u00edk m\u00e1 82 \u010dlen\u016f. V\u011bt\u0161ina je aktivn\u00edch\nv&nbsp;odd\u00edle kopan\u00e9, kter\u00fd m\u00e1 t\u0159i dru\u017estva zapojen\u00e1 do sout\u011b\u017ee. Mu\u017estvo\ndosp\u011bl\u00fdch, dorost a star\u0161\u00ed \u017e\u00e1ci. K&nbsp;utk\u00e1n\u00edm mimo obec se fotbalist\u00e9 dopravuj\u00ed\nvlastn\u00edmi auty. Autobus \u010cSAD se poda\u0159ilo zajistit jen jednou. Odd\u00edl m\u00e1\n13ti\u010dlenn\u00fd v\u00fdbor.<\/p>\n\n\n\n<p>Miroslav B\u00edlek \u010d. 193 p\u0159edseda, ing. Vojt\u011bch Kone\u010dn\u00fd\njednatel, Zden\u011bk Koke\u0161 pokladn\u00edk, Jar. Ne\u010das metodik, Karel Jel\u00ednek m\u00edstop\u0159edseda,\nJosef Jel\u00ednek vedouc\u00ed mu\u017estva, Ji\u0159\u00ed \u0160\u0165av\u00edk a Milan Kaplan vedouc\u00ed dorostu,\nJosef Fic a Ji\u0159\u00ed Petrla vedouc\u00ed \u017e\u00e1k\u016f, Pavel Kone\u010dn\u00fd hospod\u00e1\u0159. Jaroslav Svoboda\n\u010dlen, rozhod\u010d\u00ed, Josef Byst\u0159ick\u00fd \u010dlen v\u00fdboru.<\/p>\n\n\n\n<p>Bylo d\u00e1no do provozu soci\u00e1ln\u00ed za\u0159\u00edzen\u00ed na h\u0159i\u0161ti,\nvybudovan\u00e9 sv\u00e9pomoc\u00ed. Stavebn\u00ed pr\u00e1ce provedli M. B\u00edlek, Alois Ne\u010das,\nelektroinstalaci Jan Jel\u00ednek a Milan Kaplan, vodoinstalaci Z. Koke\u0161, to v\u0161e\nzdarma.<\/p>\n\n\n\n<figure class=\"wp-block-image size-large\"><img loading=\"lazy\" decoding=\"async\" width=\"1024\" height=\"570\" src=\"http:\/\/symbivita.cz\/blog\/wp-content\/uploads\/2020\/08\/1978-H\u0159i\u0161t\u011b-1024x570.jpg\" alt=\"\" class=\"wp-image-937\" srcset=\"https:\/\/symbivita.cz\/blog\/wp-content\/uploads\/2020\/08\/1978-H\u0159i\u0161t\u011b-1024x570.jpg 1024w, https:\/\/symbivita.cz\/blog\/wp-content\/uploads\/2020\/08\/1978-H\u0159i\u0161t\u011b-300x167.jpg 300w, https:\/\/symbivita.cz\/blog\/wp-content\/uploads\/2020\/08\/1978-H\u0159i\u0161t\u011b-768x427.jpg 768w, https:\/\/symbivita.cz\/blog\/wp-content\/uploads\/2020\/08\/1978-H\u0159i\u0161t\u011b.jpg 1132w\" sizes=\"(max-width: 1024px) 100vw, 1024px\" \/><\/figure>\n\n\n\n<p>Buldozerem upraven ter\u00e9n v&nbsp;are\u00e1lu h\u0159i\u0161t\u011b.<\/p>\n\n\n\n<p>Ke 30. v\u00fdro\u010d\u00ed sjednocen\u00ed t\u011blov\u00fdchovy obdr\u017eel p\u0159edseda B\u00edlek\nod \u00daV \u010cSTV pam\u011btn\u00ed medaili za dlouholetou ob\u011btavou pr\u00e1ci pro rozvoj sportu.\nDiplom OV \u010cSTV byl ud\u011blen A. Ne\u010dasovi.<\/p>\n\n\n\n<p>S\u010cSP m\u00e1 49 \u010dlen\u016f. Slo\u017een\u00ed v\u00fdboru: Zd. Walterov\u00e1 p\u0159edsedkyn\u011b,\nV\u011bra Kone\u010dn\u00e1 m\u00edstop\u0159edsedkyn\u011b, Jan Matula jednatel, Fr. Svobodov\u00e1 pokladn\u00edk,\nJosef Koutn\u00fd politick\u00fd referent, Milena Vok\u00e1lov\u00e1 kulturn\u00ed referentka,\nKv\u011btoslava St\u00e1rkov\u00e1 \u010dlenka v\u00fdboru. Akce b\u011bhem roku: dva z\u00e1jezdy do divadla,\njeden na ledn\u00ed revui, m\u00e1jov\u00e1 veselice, spole\u010dn\u00e1 n\u00e1v\u0161t\u011bva kina, spole\u010dn\u00e1 brig\u00e1da\nna h\u0159bitov\u011b. \u010clenov\u00e9 organizace zajistili vlastn\u00edmi auty dovoz pion\u00fdr\u016f na\nturistickou akci \u201eP\u0159echod P\u00e1lavy\u201c.<\/p>\n\n\n\n<p>Svaz pro ob\u010dansk\u00e9 z\u00e1le\u017eitosti (SPOZ) roz\u0161\u00ed\u0159il pole sv\u00e9\np\u016fsobnosti; krom\u011b v\u00edt\u00e1n\u00ed ob\u010d\u00e1nk\u016f (4 x) p\u0159ipravil slavnostn\u00ed rozlou\u010den\u00ed\ns&nbsp;branci, slib pion\u00fdr\u016f, sraz pades\u00e1tn\u00edk\u016f, p\u0159ed\u00e1v\u00e1n\u00ed ob\u010dansk\u00fdch pr\u016fkaz\u016f\npatn\u00e1ctilet\u00fdm, uspo\u0159\u00e1dal jednu zlatou svatbu. P\u0159edsedkyn\u011b s. Zd. Dost\u00e1lov\u00e1.<\/p>\n\n\n\n<figure class=\"wp-block-image size-large\"><img loading=\"lazy\" decoding=\"async\" width=\"1024\" height=\"358\" src=\"http:\/\/symbivita.cz\/blog\/wp-content\/uploads\/2020\/08\/1978-SPOZ-1024x358.jpg\" alt=\"\" class=\"wp-image-939\" srcset=\"https:\/\/symbivita.cz\/blog\/wp-content\/uploads\/2020\/08\/1978-SPOZ-1024x358.jpg 1024w, https:\/\/symbivita.cz\/blog\/wp-content\/uploads\/2020\/08\/1978-SPOZ-300x105.jpg 300w, https:\/\/symbivita.cz\/blog\/wp-content\/uploads\/2020\/08\/1978-SPOZ-768x268.jpg 768w, https:\/\/symbivita.cz\/blog\/wp-content\/uploads\/2020\/08\/1978-SPOZ.jpg 1202w\" sizes=\"(max-width: 1024px) 100vw, 1024px\" \/><\/figure>\n\n\n\n<p>1.\u0159\u00edjna- v\u00edt\u00e1n\u00ed ob\u010d\u00e1nk\u016f<\/p>\n\n\n\n<figure class=\"wp-block-image size-large\"><img loading=\"lazy\" decoding=\"async\" width=\"620\" height=\"469\" src=\"http:\/\/symbivita.cz\/blog\/wp-content\/uploads\/2020\/08\/1978-v\u00edt\u00e1n\u00ed-ob\u010d\u00e1nk\u016f-III.jpg\" alt=\"\" class=\"wp-image-940\" srcset=\"https:\/\/symbivita.cz\/blog\/wp-content\/uploads\/2020\/08\/1978-v\u00edt\u00e1n\u00ed-ob\u010d\u00e1nk\u016f-III.jpg 620w, https:\/\/symbivita.cz\/blog\/wp-content\/uploads\/2020\/08\/1978-v\u00edt\u00e1n\u00ed-ob\u010d\u00e1nk\u016f-III-300x227.jpg 300w\" sizes=\"(max-width: 620px) 100vw, 620px\" \/><\/figure>\n\n\n\n<p>4.listopadu \u2013 Zlat\u00e1 svatba man\u017eel\u016f Jakuba a Terezie B\u00edlkov\u00fdch.<\/p>\n\n\n\n<figure class=\"wp-block-image size-large\"><img loading=\"lazy\" decoding=\"async\" width=\"555\" height=\"377\" src=\"http:\/\/symbivita.cz\/blog\/wp-content\/uploads\/2020\/08\/1978-zlat\u00e1-svatba.jpg\" alt=\"\" class=\"wp-image-941\" srcset=\"https:\/\/symbivita.cz\/blog\/wp-content\/uploads\/2020\/08\/1978-zlat\u00e1-svatba.jpg 555w, https:\/\/symbivita.cz\/blog\/wp-content\/uploads\/2020\/08\/1978-zlat\u00e1-svatba-300x204.jpg 300w\" sizes=\"(max-width: 555px) 100vw, 555px\" \/><\/figure>\n\n\n\n<p>T.r. 22let\u00fd p. Akaj\u00edk z&nbsp;Nov\u00e9ho Dvora tragicky zem\u0159el\nna motocyklu. 18. listopadu zem\u0159el Rudolf Kol\u00ednsk\u00fd ve v\u011bku 65 let N\u010c II, str. 67-70.<\/p>\n\n\n\n<p>Prosinec tepl\u00fd, na Silvestra bylo +8 st. C. Kdo by\nv&nbsp;t\u00e9 chv\u00edli tu\u0161il, co bude do r\u00e1na!<\/p>\n\n\n\n<p>1979<\/p>\n\n\n\n<p><a href=\"https:\/\/cs.wikipedia.org\/wiki\/1._leden\">1.<\/a>\u2013<a href=\"https:\/\/cs.wikipedia.org\/wiki\/29._leden\">29. ledna<\/a>:&nbsp;V&nbsp;jednom\ndni prudk\u00e9 ochlazen\u00ed mnohde a\u017e o 30&nbsp;\u00b0C (z +15&nbsp;\u00b0C na -15&nbsp;\u00b0C), a\nt\u00edm k&nbsp;velmi z\u00e1va\u017en\u00e9&nbsp;<a href=\"https:\/\/cs.wikipedia.org\/wiki\/Energetika\">energetick\u00e9<\/a>&nbsp;<\/p>\n\n\n\n<p>Krizi st\u00e1tu. Syst\u00e9m vyt\u00e1p\u011bn\u00ed zhroucen, radik\u00e1ln\u011b zpomalena\nt\u011b\u017eba, nakl\u00e1dka a vykl\u00e1dka uhl\u00ed, kter\u00e9 zamrzalo, jako\u017e i&nbsp;<a href=\"https:\/\/cs.wikipedia.org\/wiki\/Labe\">labsk\u00e1 vodn\u00ed cesta<\/a>. V\u00fdpadky elekt\u0159iny,\nselh\u00e1v\u00e1n\u00ed stroj\u016f. Od&nbsp;<a href=\"https:\/\/cs.wikipedia.org\/wiki\/8._leden\">8.&nbsp;1.<\/a> \u0161koln\u00ed&nbsp;<a href=\"https:\/\/cs.wikipedia.org\/wiki\/Uheln%C3%A9_pr%C3%A1zdniny_1979\">uheln\u00e9 pr\u00e1zdniny<\/a>. \u00dasporn\u00e1\nopat\u0159en\u00ed v\u010d. omezen\u00ed vys\u00edl\u00e1n\u00ed televize, ve\u0159ejn\u00e9ho osv\u011btlen\u00ed, po\u010d\u00e1tek prac. doby\nstanoven a\u017e od rozedn\u011bn\u00ed. Krize trvala t\u00e9m\u011b\u0159 cel\u00fd leden, po 20. 1. m\u00edrn\u00e9\noteplen\u00ed. Uheln\u00e9 pr\u00e1zdniny Z\u0160 ukon\u010deny <a href=\"https:\/\/cs.wikipedia.org\/wiki\/29._leden\">29. ledna<\/a>. <\/p>\n\n\n\n<p>20. ledna- Zlat\u00e1 svatba Man\u017eel\u016f Josefa a Franti\u0161ky\nSolni\u010dkov\u00fdch.<\/p>\n\n\n\n<figure class=\"wp-block-image size-large\"><img loading=\"lazy\" decoding=\"async\" width=\"1024\" height=\"364\" src=\"http:\/\/symbivita.cz\/blog\/wp-content\/uploads\/2020\/08\/1979-zlat\u00e1-svatba-1024x364.jpg\" alt=\"\" class=\"wp-image-942\" srcset=\"https:\/\/symbivita.cz\/blog\/wp-content\/uploads\/2020\/08\/1979-zlat\u00e1-svatba-1024x364.jpg 1024w, https:\/\/symbivita.cz\/blog\/wp-content\/uploads\/2020\/08\/1979-zlat\u00e1-svatba-300x107.jpg 300w, https:\/\/symbivita.cz\/blog\/wp-content\/uploads\/2020\/08\/1979-zlat\u00e1-svatba-768x273.jpg 768w, https:\/\/symbivita.cz\/blog\/wp-content\/uploads\/2020\/08\/1979-zlat\u00e1-svatba.jpg 1138w\" sizes=\"(max-width: 1024px) 100vw, 1024px\" \/><\/figure>\n\n\n\n<p>\u00danor: D\u016fchodce Alois Ne\u010das spadl ze st\u0159echy p\u0159i \u010di\u0161t\u011bn\u00ed\nkom\u00ednu a zp\u016fsobil si smrteln\u00e9 zran\u011bn\u00ed.<\/p>\n\n\n\n<p>U n\u00e1s vymrzla zna\u010dn\u00e1 \u010d\u00e1st ozimin, byly po\u0161kozeny pupeny\nstrom\u016f a r\u00e9vy. Pozd\u011bji je\u0161t\u011b zmrzla kl\u00ed\u010d\u00edc\u00ed cukrovka. <\/p>\n\n\n\n<p>25. b\u0159ezna- v\u00edt\u00e1n\u00ed ob\u010d\u00e1nk\u016f.<\/p>\n\n\n\n<figure class=\"wp-block-image size-large\"><img loading=\"lazy\" decoding=\"async\" width=\"1024\" height=\"354\" src=\"http:\/\/symbivita.cz\/blog\/wp-content\/uploads\/2020\/08\/1979-v\u00edt\u00e1n\u00ed-ob\u010d\u00e1nk\u016f-1024x354.png\" alt=\"\" class=\"wp-image-943\" srcset=\"https:\/\/symbivita.cz\/blog\/wp-content\/uploads\/2020\/08\/1979-v\u00edt\u00e1n\u00ed-ob\u010d\u00e1nk\u016f-1024x354.png 1024w, https:\/\/symbivita.cz\/blog\/wp-content\/uploads\/2020\/08\/1979-v\u00edt\u00e1n\u00ed-ob\u010d\u00e1nk\u016f-300x104.png 300w, https:\/\/symbivita.cz\/blog\/wp-content\/uploads\/2020\/08\/1979-v\u00edt\u00e1n\u00ed-ob\u010d\u00e1nk\u016f-768x265.png 768w, https:\/\/symbivita.cz\/blog\/wp-content\/uploads\/2020\/08\/1979-v\u00edt\u00e1n\u00ed-ob\u010d\u00e1nk\u016f.png 1140w\" sizes=\"(max-width: 1024px) 100vw, 1024px\" \/><\/figure>\n\n\n\n<p><a href=\"https:\/\/cs.wikipedia.org\/wiki\/1._duben\">1. dubna<\/a>&nbsp;byl\nv&nbsp;<a href=\"https:\/\/cs.wikipedia.org\/wiki\/%C4%8Ceskoslovensko\">\u010ceskoslovensku<\/a>&nbsp;zaveden\nka\u017edoro\u010dn\u00ed&nbsp;<a href=\"https:\/\/cs.wikipedia.org\/wiki\/Letn%C3%AD_%C4%8Das\">letn\u00ed \u010das<\/a>; a\u017e\ndo r.&nbsp;<a href=\"https:\/\/cs.wikipedia.org\/wiki\/1996\">1996<\/a>&nbsp;zav\u00e1d\u011bn\nod posledn\u00ed ned\u011ble v b\u0159eznu do posledn\u00ed ned\u011ble v z\u00e1\u0159\u00ed.<\/p>\n\n\n\n<p>Duben: D\u016fchodkyn\u011b Rosalie Fialov\u00e1 sp\u00e1chala sebevra\u017edu.<\/p>\n\n\n\n<p>17.dubna- vyd\u00e1v\u00e1n\u00ed ob\u010dansk\u00fdch pr\u016fkaz\u016f.<\/p>\n\n\n\n<figure class=\"wp-block-image size-large\"><img loading=\"lazy\" decoding=\"async\" width=\"792\" height=\"538\" src=\"http:\/\/symbivita.cz\/blog\/wp-content\/uploads\/2020\/08\/1979-OP.jpg\" alt=\"\" class=\"wp-image-944\" srcset=\"https:\/\/symbivita.cz\/blog\/wp-content\/uploads\/2020\/08\/1979-OP.jpg 792w, https:\/\/symbivita.cz\/blog\/wp-content\/uploads\/2020\/08\/1979-OP-300x204.jpg 300w, https:\/\/symbivita.cz\/blog\/wp-content\/uploads\/2020\/08\/1979-OP-768x522.jpg 768w\" sizes=\"(max-width: 792px) 100vw, 792px\" \/><\/figure>\n\n\n\n<p>21. dubna. Zlat\u00e1 svatba man\u017eel\u016f \u00a0Franti\u0161ka a Ev\u017eenie Koutn\u00fdch.<\/p>\n\n\n\n<figure class=\"wp-block-image size-large\"><img loading=\"lazy\" decoding=\"async\" width=\"607\" height=\"445\" src=\"http:\/\/symbivita.cz\/blog\/wp-content\/uploads\/2020\/08\/1979-zlat\u00e1-svatba-II.jpg\" alt=\"\" class=\"wp-image-945\" srcset=\"https:\/\/symbivita.cz\/blog\/wp-content\/uploads\/2020\/08\/1979-zlat\u00e1-svatba-II.jpg 607w, https:\/\/symbivita.cz\/blog\/wp-content\/uploads\/2020\/08\/1979-zlat\u00e1-svatba-II-300x220.jpg 300w\" sizes=\"(max-width: 607px) 100vw, 607px\" \/><\/figure>\n\n\n\n<p>V&nbsp;kv\u011btnu a \u010dervnu nepr\u0161elo, kv\u011bty ovocn\u00fdch strom\u016f\nopadaly, ani\u017e nasadily plody (meru\u0148ky, jablon\u011b). V&nbsp;dru\u017estvu \u010d\u00e1st porost\u016f\nusu\u0161ili na granulovan\u00e9 krmivo, aby tak zachr\u00e1nili \u010d\u00e1sti \u00farody. Tak\u00e9 poschly\nvys\u00e1zen\u00e9 sazenice raj\u010dat a tab\u00e1ku, \u0161patn\u011b vyra\u0161ila r\u00e9va, dala podpr\u016fm\u011brnou\n\u00farodu. V&nbsp;2. p\u016fli za\u010dalo pr\u0161et, to zachr\u00e1nilo cukrovku, kuku\u0159ici, brambory.\nTo i dal\u0161\u00ed faktory se podepsaly na bilancov\u00e1n\u00ed v\u00fdnos\u016f (podrobn\u011b&nbsp;p\u0159\u00edloha\nkroniky).<\/p>\n\n\n\n<p>21.kv\u011btna &#8211; v\u00edt\u00e1n\u00ed ob\u010d\u00e1nk\u016f.<\/p>\n\n\n\n<figure class=\"wp-block-image size-large\"><img loading=\"lazy\" decoding=\"async\" width=\"1024\" height=\"365\" src=\"http:\/\/symbivita.cz\/blog\/wp-content\/uploads\/2020\/08\/1979-v\u00edt\u00e1n\u00ed-ob\u010d\u00e1nk\u016f-II-1024x365.jpg\" alt=\"\" class=\"wp-image-946\" srcset=\"https:\/\/symbivita.cz\/blog\/wp-content\/uploads\/2020\/08\/1979-v\u00edt\u00e1n\u00ed-ob\u010d\u00e1nk\u016f-II-1024x365.jpg 1024w, https:\/\/symbivita.cz\/blog\/wp-content\/uploads\/2020\/08\/1979-v\u00edt\u00e1n\u00ed-ob\u010d\u00e1nk\u016f-II-300x107.jpg 300w, https:\/\/symbivita.cz\/blog\/wp-content\/uploads\/2020\/08\/1979-v\u00edt\u00e1n\u00ed-ob\u010d\u00e1nk\u016f-II-768x273.jpg 768w, https:\/\/symbivita.cz\/blog\/wp-content\/uploads\/2020\/08\/1979-v\u00edt\u00e1n\u00ed-ob\u010d\u00e1nk\u016f-II.jpg 1191w\" sizes=\"(max-width: 1024px) 100vw, 1024px\" \/><\/figure>\n\n\n\n<p><a href=\"https:\/\/cs.wikipedia.org\/wiki\/29._kv%C4%9Bten\">29. kv\u011btna<\/a>: V\u00edce\nne\u017e 100 p\u0159\u00edslu\u0161n\u00edk\u016f&nbsp;<a href=\"https:\/\/cs.wikipedia.org\/wiki\/St%C3%A1tn%C3%AD_bezpe%C4%8Dnost\">St\u00e1tn\u00ed\nbezpe\u010dnosti<\/a>&nbsp;zah\u00e1jilo domovn\u00ed prohl\u00eddky u \u010dlen\u016f&nbsp;<a href=\"https:\/\/cs.wikipedia.org\/wiki\/V%C3%BDbor_na_obranu_nespravedliv%C4%9B_st%C3%ADhan%C3%BDch\">V\u00fdboru na obranu nespravedliv\u011b st\u00edhan\u00fdch<\/a>&nbsp;a\nasi 16 nebo 18 jich zatkli.<\/p>\n\n\n\n<p>1.\u010dervna byl nad obc\u00ed\nzap\u00e1len M\u00edrov\u00fd ohe\u0148.<\/p>\n\n\n\n<p>\u010cerven: Myslivec Josef Boh\u00e1\u010dek p\u0159i\u0161el ve v\u011bku 48 let o\n\u017eivot p\u0159i p\u00e1du ze stromu ve \u0160tukyn\u00edch.<\/p>\n\n\n\n<figure class=\"wp-block-image size-large\"><img loading=\"lazy\" decoding=\"async\" width=\"386\" height=\"295\" src=\"http:\/\/symbivita.cz\/blog\/wp-content\/uploads\/2020\/08\/1979-pomn\u00ed\u010dek.jpg\" alt=\"\" class=\"wp-image-947\" srcset=\"https:\/\/symbivita.cz\/blog\/wp-content\/uploads\/2020\/08\/1979-pomn\u00ed\u010dek.jpg 386w, https:\/\/symbivita.cz\/blog\/wp-content\/uploads\/2020\/08\/1979-pomn\u00ed\u010dek-300x229.jpg 300w\" sizes=\"(max-width: 386px) 100vw, 386px\" \/><\/figure>\n\n\n\n<p>29. \u010dervna- rozlou\u010den\u00ed s\u00a0vych\u00e1zej\u00edc\u00edmi \u017e\u00e1ky ZD\u0160.<\/p>\n\n\n\n<figure class=\"wp-block-image size-large\"><img loading=\"lazy\" decoding=\"async\" width=\"1024\" height=\"489\" src=\"http:\/\/symbivita.cz\/blog\/wp-content\/uploads\/2020\/08\/1979-Rozlou\u010den\u00ed-s-\u017e\u00e1ky-1024x489.jpg\" alt=\"\" class=\"wp-image-948\" srcset=\"https:\/\/symbivita.cz\/blog\/wp-content\/uploads\/2020\/08\/1979-Rozlou\u010den\u00ed-s-\u017e\u00e1ky-1024x489.jpg 1024w, https:\/\/symbivita.cz\/blog\/wp-content\/uploads\/2020\/08\/1979-Rozlou\u010den\u00ed-s-\u017e\u00e1ky-300x143.jpg 300w, https:\/\/symbivita.cz\/blog\/wp-content\/uploads\/2020\/08\/1979-Rozlou\u010den\u00ed-s-\u017e\u00e1ky-768x367.jpg 768w, https:\/\/symbivita.cz\/blog\/wp-content\/uploads\/2020\/08\/1979-Rozlou\u010den\u00ed-s-\u017e\u00e1ky-1536x734.jpg 1536w, https:\/\/symbivita.cz\/blog\/wp-content\/uploads\/2020\/08\/1979-Rozlou\u010den\u00ed-s-\u017e\u00e1ky.jpg 1564w\" sizes=\"(max-width: 1024px) 100vw, 1024px\" \/><\/figure>\n\n\n\n<p>Hody<\/p>\n\n\n\n<figure class=\"wp-block-image size-large\"><img loading=\"lazy\" decoding=\"async\" width=\"1024\" height=\"544\" src=\"http:\/\/symbivita.cz\/blog\/wp-content\/uploads\/2020\/08\/1979-Hody-1024x544.jpg\" alt=\"\" class=\"wp-image-949\" srcset=\"https:\/\/symbivita.cz\/blog\/wp-content\/uploads\/2020\/08\/1979-Hody-1024x544.jpg 1024w, https:\/\/symbivita.cz\/blog\/wp-content\/uploads\/2020\/08\/1979-Hody-300x159.jpg 300w, https:\/\/symbivita.cz\/blog\/wp-content\/uploads\/2020\/08\/1979-Hody-768x408.jpg 768w, https:\/\/symbivita.cz\/blog\/wp-content\/uploads\/2020\/08\/1979-Hody.jpg 1451w\" sizes=\"(max-width: 1024px) 100vw, 1024px\" \/><\/figure>\n\n\n\n<p>Hody,\nst\u00e1rci jdou na parket, ro\u010dn\u00edk \u00a862 (1980). Zprava: Rudolf Ne\u010das, Zdena Jel\u00ednkov\u00e1,\nMartin Rabovsk\u00fd, Hana&nbsp; Vahalov\u00e1, Jaroslav\nJel\u00ednek, V\u011bna&nbsp; N\u011bme\u010dkov\u00e1, \u2026 Jitka&nbsp; Ot\u0159\u00edsalov\u00e1, Va\u0161ek V\u00e1rka, Eva Bu\u010dkov\u00e1, Jaroslav\nFiala,&nbsp; V\u011bra Charv\u00e1tov\u00e1, Vlastik\nKlob\u00e1sa,\u2026<\/p>\n\n\n\n<p>V\u00fdborn\u011b si vedli v\u010dela\u0159i, hlavn\u00ed pod\u00edl m\u011bly ak\u00e1ty. Dob\u0159e na\ntom byli houba\u0159i, sb\u00edrali bedle, \u017eampi\u00f3ny, obrovsk\u00e9 p\u00fdchavky, holubinky, jen h\u0159ib\u016f\nm\u00e1lo. Hrozba ne\u00farody vyvolala uprost\u0159ed l\u00e9ta n\u00e1kupn\u00ed hore\u010dku. Skupovala se\nhlavn\u011b mouka a cukr.<\/p>\n\n\n\n<p>31.\u010dervence odch\u00e1z\u00ed u\u010ditelka Alena Tikalov\u00e1 &#8211; rozv\u00e1zala\npracovn\u00ed pom\u011br a ode\u0161la ze&nbsp; \u0161kolstv\u00ed.<\/p>\n\n\n\n<p><a href=\"https:\/\/cs.wikipedia.org\/wiki\/15._srpen\">15. srpna<\/a>&nbsp;byly zv\u00fd\u0161eny st\u00e1tn\u00ed\nmaloobchodn\u00ed ceny benzin\u016f a nafty na dvojn\u00e1sobek, nap\u0159. Speci\u00e1l ze 4 K\u010d na 8 K\u010d\nza litr.<\/p>\n\n\n\n<p>1. z\u00e1\u0159\u00ed za\u010d\u00edn\u00e1 \u0161koln\u00ed rok 1979\/80. Z\u00e1kl. probl\u00e9mem je, \u017ee tu\nnejsou st\u00e1tn\u00ed byty pro u\u010ditele, ale ani vhodn\u00e9 byty k&nbsp;pronajmut\u00ed, tedy se tu\nu\u010ditel\u00e9 neudr\u017e\u00ed. V&nbsp;posledn\u00edch 8 letech se na 2. stupni vyst\u0159\u00eddalo 25\nu\u010ditel\u016f \u010desk\u00e9ho jazyka, mezi nimi nekvalifikovan\u00fdch maturant\u016f, d\u016fchodc\u016f, u\u010ditel\u016f\ns&nbsp;jinou aprobac\u00ed a v\u011bt\u0161inou matek s&nbsp;mal\u00fdmi d\u011btmi. \u0160koln\u00ed obvod tvo\u0159\u00ed:\nNikol\u010dice, K\u0159epice, Div\u00e1ky a n\u011bkolik d\u011bt\u00ed ze \u0160itbo\u0159ic. Naopak 5 d\u011bt\u00ed doj\u00ed\u017ed\u00ed do\n\u0160itbo\u0159ic. Aprobace: Dost\u00e1lov\u00e1 \u010cJ-D, Andresov\u00e1 \u010cJ-AJ, Bulant RJ-D, \u010cern\u00e1 M-Z-Pp,\n\u010cuta Z-Tv, Strouhal M-Z, Ba\u017eantov\u00e1 Ch-P\u0159-Pp, \u010cern\u00fd F-Ch-Vv-Pd-Pp, Kul\u00ed\u0161kov\u00e1\nP\u0159-Pp, Jandov\u00e1 1. st., Pavlack\u00e1 1. st + Hv, Svato\u0148 a Drab\u00e1lkov\u00e1 (d\u016fchodkyn\u011b) 1.\nstupe\u0148, Manzorov\u00e1 bez aprobace (studuj\u00edc\u00ed d\u00e1lkov\u011b + Vv). \u0158editelkou je Zdenka\nDost\u00e1lov\u00e1, z\u00e1stupkyn\u00ed Drahom\u00edra \u010cern\u00e1. V\u00fdchovn\u00fdm poradcem Josef \u010cern\u00fd.\nSkupinov\u00fdm vedouc\u00edm PO SSM je za\u010d\u00ednaj\u00edc\u00ed u\u010d. Miroslav Strouhal. Vedouc\u00ed\np\u0159edm\u011btov\u00fdch komis\u00ed: Bulant, Andresov\u00e1, \u010cern\u00fd, Jandov\u00e1\u2026<\/p>\n\n\n\n<p>Za\u010d\u00edn\u00e1 n\u00e1cvik na spartaki\u00e1du, pod patronac\u00ed M\u0160 a ZD\u0160.\nCvi\u010dilo se ve st\u00edsn\u011bn\u00fdch podm\u00ednk\u00e1ch t\u0159\u00edd a s\u00e1lu OB.<\/p>\n\n\n\n<p>16.z\u00e1\u0159\u00ed \u2013 v\u00edt\u00e1n\u00ed ob\u010d\u00e1nk\u016f.<\/p>\n\n\n\n<figure class=\"wp-block-image size-large\"><img loading=\"lazy\" decoding=\"async\" width=\"1024\" height=\"363\" src=\"http:\/\/symbivita.cz\/blog\/wp-content\/uploads\/2020\/08\/1979-v\u00edt\u00e1n\u00ed-ob\u010d\u00e1nk\u016f-III-1024x363.jpg\" alt=\"\" class=\"wp-image-950\" srcset=\"https:\/\/symbivita.cz\/blog\/wp-content\/uploads\/2020\/08\/1979-v\u00edt\u00e1n\u00ed-ob\u010d\u00e1nk\u016f-III-1024x363.jpg 1024w, https:\/\/symbivita.cz\/blog\/wp-content\/uploads\/2020\/08\/1979-v\u00edt\u00e1n\u00ed-ob\u010d\u00e1nk\u016f-III-300x106.jpg 300w, https:\/\/symbivita.cz\/blog\/wp-content\/uploads\/2020\/08\/1979-v\u00edt\u00e1n\u00ed-ob\u010d\u00e1nk\u016f-III-768x273.jpg 768w, https:\/\/symbivita.cz\/blog\/wp-content\/uploads\/2020\/08\/1979-v\u00edt\u00e1n\u00ed-ob\u010d\u00e1nk\u016f-III.jpg 1178w\" sizes=\"(max-width: 1024px) 100vw, 1024px\" \/><\/figure>\n\n\n\n<p><a href=\"https:\/\/cs.wikipedia.org\/wiki\/20._z%C3%A1%C5%99%C3%AD\">20. z\u00e1\u0159\u00ed<\/a>: V\nPraze zem\u0159el b\u00fdval\u00fd&nbsp;<a href=\"https:\/\/cs.wikipedia.org\/wiki\/Seznam_prezident%C5%AF_%C4%8Ceskoslovenska\">\u010deskoslovensk\u00fd prezident<\/a>&nbsp;<a href=\"https:\/\/cs.wikipedia.org\/wiki\/Ludv%C3%ADk_Svoboda\">Ludv\u00edk Svoboda<\/a>.&nbsp;<a href=\"https:\/\/cs.wikipedia.org\/wiki\/26._z%C3%A1%C5%99%C3%AD\">26. z\u00e1\u0159\u00ed<\/a>&nbsp;se\nkonal st\u00e1tn\u00ed poh\u0159eb za \u00fa\u010dasti nejvy\u0161\u0161\u00edch p\u0159edstavitel\u016f strany i vl\u00e1dy a tis\u00edc\u016f\n\u010deskoslovensk\u00fdch ob\u010dan\u016f. Poh\u0159ebn\u00ed pr\u016fvod pot\u00e9 pro\u0161el cel\u00fdm st\u0159edem m\u011bsta\nod&nbsp;<a href=\"https:\/\/cs.wikipedia.org\/wiki\/Pra%C5%BEsk%C3%BD_hrad\">Pra\u017esk\u00e9ho hradu<\/a>&nbsp;a\u017e\nke&nbsp;<a href=\"https:\/\/cs.wikipedia.org\/wiki\/Krematorium_Stra%C5%A1nice\">krematoriu ve\nStra\u0161nic\u00edch<\/a>, kde se uskute\u010dnil samotn\u00fd pietn\u00ed akt.<\/p>\n\n\n\n<p>Myslivost: Aby z\u016fstal zachov\u00e1n kmenov\u00fd stav 150 zaj\u00edc\u016f,\nbylo rozhodnuto zaj\u00edce v\u016fbec nest\u0159\u00edlet. Pouze 11 ks uloveno p\u0159i odchytu na\nexport. U ba\u017eant\u016f na pl\u00e1n 700 ks bylo zast\u0159eleno jen 220. Tytam jsou doby, kdy\nbylo mo\u017eno do nikol\u010dick\u00e9 kotliny ka\u017edoro\u010dn\u011b zv\u00e1t i zahrani\u010dn\u00ed turisty. Srn\u010d\u00ed:\nodst\u0159eleno 13 ks a kmenov\u00fd stav z\u016fstal na 36 kusech. P\u0159\u00ed\u010diny: sucho, chemizace,\ndopravn\u00ed provoz na silnic\u00edch.<\/p>\n\n\n\n<p><a href=\"https:\/\/cs.wikipedia.org\/wiki\/23._%C5%99%C3%ADjen\">23. \u0159\u00edjna<\/a>&nbsp;prob\u011bhl\nposledn\u00ed velk\u00fd politick\u00fd proces v \u010ceskoslovensku.&nbsp;\u010clenov\u00e9&nbsp;<a href=\"https:\/\/cs.wikipedia.org\/wiki\/V%C3%BDbor_na_obranu_nespravedliv%C4%9B_st%C3%ADhan%C3%BDch\">V\u00fdboru na obranu nespravedliv\u011b st\u00edhan\u00fdch<\/a>&nbsp;<a href=\"https:\/\/cs.wikipedia.org\/wiki\/Petr_Uhl\">Petr Uhl<\/a>,&nbsp;<a href=\"https:\/\/cs.wikipedia.org\/wiki\/V%C3%A1clav_Havel\">V\u00e1clav Havel<\/a>,&nbsp;<a href=\"https:\/\/cs.wikipedia.org\/wiki\/Otta_Bedn%C3%A1%C5%99ov%C3%A1\">Otta Bedn\u00e1\u0159ov\u00e1<\/a>&nbsp;a&nbsp;<a href=\"https:\/\/cs.wikipedia.org\/wiki\/Ji%C5%99%C3%AD_Dienstbier_star%C5%A1%C3%AD\">Ji\u0159\u00ed Dienstbier<\/a>&nbsp;byli\np\u0159ed&nbsp;<a href=\"https:\/\/cs.wikipedia.org\/wiki\/M%C4%9Bstsk%C3%BD_soud_v_Praze\">M\u011bstsk\u00fdm soudem\nv Praze<\/a>&nbsp;odsouzeni k trestu odn\u011bt\u00ed svobody v rozsahu 2\u20135\nlet.&nbsp;<a href=\"https:\/\/cs.wikipedia.org\/wiki\/Dana_N%C4%9Bmcov%C3%A1\">Dana N\u011bmcov\u00e1<\/a>&nbsp;byla\nodsouzena podm\u00edn\u011bn\u011b na 2 roky. Proti procesu protestovali zahrani\u010dn\u00ed osobnosti\njako&nbsp;<a href=\"https:\/\/cs.wikipedia.org\/wiki\/Margaret_Thatcherov%C3%A1\">Margaret\nThatcherov\u00e1<\/a>&nbsp;a&nbsp;<a href=\"https:\/\/cs.wikipedia.org\/wiki\/Edward_Kennedy\">Edward Kennedy<\/a>. <\/p>\n\n\n\n<p>Na\u0161i fotbalisti si zajistili postup do III. t\u0159\u00eddy.<\/p>\n\n\n\n<p>5.\u0159\u00edjna&nbsp; m\u011bli&nbsp; fotbalisti&nbsp;&nbsp;\nbrig\u00e1du, p\u0159i kter\u00e9 pokl\u00e1dali obrubn\u00edky kolem nov\u00e9ho h\u0159i\u0161t\u011b.<\/p>\n\n\n\n<p>&nbsp;PRIOR. N\u00e1zev\nobchodn\u00edch dom\u016f se v&nbsp;na\u0161\u00ed obci ujal pro smeti\u0161t\u011b, ve\u0159ejnou skl\u00e1dku, kde\nnajdete v\u0161e od pomeran\u010d\u016f a elektromotor\u016f po um\u011bl\u00e9 ko\u017ee\u0161iny a p\u011bnov\u00e9 matrace.\nPrior se nach\u00e1z\u00ed v&nbsp;zat\u00e1\u010dce u Rozd\u00edl\u016f a denn\u011b sem auta dov\u00e1\u017eej\u00ed tuny\nodpadk\u016f z&nbsp;okresu, sypou je ze str\u00e1n\u011b dol\u016f do lesa. Nejpravideln\u011bj\u0161\u00edm\nz\u00e1kazn\u00edkem je Gumotex B\u0159eclav. 2 x do m\u011bs\u00edce zahal\u00ed kraj \u010dern\u00fdm d\u00fdmem,\nviditeln\u00fdm a c\u00edtiteln\u00fdm p\u0159es kopec a\u017e do obce Okruh. Mrtv\u00fdch borovic nad\nsilnic\u00ed a mrtv\u00fdch dub\u016f pod n\u00ed p\u0159ib\u00fdv\u00e1. Jedovat\u00e9 plyny (mluv\u00ed se o fosgenu) \u00b4obohacuj\u00ed\u00b4\nvenkovsk\u00fd vzduch. MNV a lesn\u00ed spr\u00e1va se pokou\u0161ely protestovat, zat\u00edm v\u0161ak nelze\nnic d\u011blat, dokud nebude postavena v&nbsp;B\u0159eclavi spalovna.<\/p>\n\n\n\n<p>1.listopadu: Evangelick\u00fd far\u00e1\u0159 Karel Jirk\u016f ode\u0161el na\nzaslou\u017eil\u00fd odpo\u010dinek, s rodinou ode\u0161el do Karda\u0161ovy \u0158e\u010dice. Za jeho p\u016fsoben\u00ed byly\nkoupeny a instalov\u00e1ny nov\u00e9 varhany, na fa\u0159e zavedeno \u00fast\u0159edn\u00ed topen\u00ed,\nv&nbsp;kostele zabudov\u00e1ny el. p\u0159\u00edtopy.<\/p>\n\n\n\n<p>9.listopad 1979 &#8211; Hrozba jadern\u00e9 v\u00e1lky.\nm\u011bl b\u00fdt v Severoamerick\u00e9m velitelstv\u00ed protivzdu\u0161n\u00e9 obrany (NORAD) rutinn\u00edm\ndnem, nakonec ale nebyl. U\u017e velmi brzy r\u00e1no vypukla v NORADu panika. Po\u010d\u00edta\u010d\ntoti\u017e za\u010dal hl\u00e1sit urgentn\u00ed jadern\u00fd \u00fatok p\u0159ich\u00e1zej\u00edc\u00ed ze Sov\u011btsk\u00e9ho svazu. Asi\n250 jadern\u00fdch balistick\u00fdch raket m\u011bly b\u00fdt na cest\u011b zni\u010dit strategick\u00e9 c\u00edle na\n\u00fazem\u00ed USA.<\/p>\n\n\n\n<p>N\u011bkolik okam\u017eik\u016f p\u0159edt\u00edm, ne\u017e se\nBrzezinski chystal v rychl\u00e9m sledu \u010dinit pot\u0159ebn\u00e9 kroky k proti\u00fatoku, se\nuk\u00e1zalo, \u017ee v NORAD prob\u011bhl plan\u00fd poplach. \u017d\u00e1dn\u00fd \u00fatok 9. listopadu 1979 ze\nstrany Sov\u011btsk\u00e9ho svazu toti\u017e neprob\u011bhl. Po\u010d\u00edta\u010d jej nahl\u00e1sil proto, \u017ee jeden z\ntechnik\u016f omylem spustil na po\u010d\u00edta\u010di cvi\u010dn\u00fd program simuluj\u00edc\u00ed sov\u011btsk\u00fd jadern\u00fd\n\u00fatok na USA. To potvrdil i fakt, \u017ee ostatn\u00ed satelity rovn\u011b\u017e nepotvrdily bl\u00ed\u017e\u00edc\u00ed\nse sov\u011btsk\u00e9 rakety.<\/p>\n\n\n\n<p>Sv\u011bt si tedy mohl oddechnout, nicm\u00e9n\u011b je\nt\u0159eba zm\u00ednit, \u017ee zm\u00edn\u011bn\u00fdch plan\u00fdch poplach\u016f prob\u011bhlo v\u00edc s nemen\u0161\u00ed nervozitou,\njak\u00e1 panovala 9. listopadu 1979 v NORADu.<\/p>\n\n\n\n<p>11. listopadu- Zlat\u00e1\nsvatba man\u017eel\u016f Karla a Cecilie Hrabcov\u00fdch.<\/p>\n\n\n\n<figure class=\"wp-block-image size-large\"><img loading=\"lazy\" decoding=\"async\" width=\"729\" height=\"501\" src=\"http:\/\/symbivita.cz\/blog\/wp-content\/uploads\/2020\/08\/1979-zlat\u00e1-svatba-III.jpg\" alt=\"\" class=\"wp-image-951\" srcset=\"https:\/\/symbivita.cz\/blog\/wp-content\/uploads\/2020\/08\/1979-zlat\u00e1-svatba-III.jpg 729w, https:\/\/symbivita.cz\/blog\/wp-content\/uploads\/2020\/08\/1979-zlat\u00e1-svatba-III-300x206.jpg 300w\" sizes=\"(max-width: 729px) 100vw, 729px\" \/><\/figure>\n\n\n\n<p>11.listopadu \u2013 v\u00edt\u00e1n\u00ed ob\u010d\u00e1nk\u016f<\/p>\n\n\n\n<figure class=\"wp-block-image size-large\"><img loading=\"lazy\" decoding=\"async\" width=\"1024\" height=\"334\" src=\"http:\/\/symbivita.cz\/blog\/wp-content\/uploads\/2020\/08\/1979-v\u00edt\u00e1n\u00ed-ob\u010d\u00e1nk\u016f-IV-1024x334.jpg\" alt=\"\" class=\"wp-image-952\" srcset=\"https:\/\/symbivita.cz\/blog\/wp-content\/uploads\/2020\/08\/1979-v\u00edt\u00e1n\u00ed-ob\u010d\u00e1nk\u016f-IV-1024x334.jpg 1024w, https:\/\/symbivita.cz\/blog\/wp-content\/uploads\/2020\/08\/1979-v\u00edt\u00e1n\u00ed-ob\u010d\u00e1nk\u016f-IV-300x98.jpg 300w, https:\/\/symbivita.cz\/blog\/wp-content\/uploads\/2020\/08\/1979-v\u00edt\u00e1n\u00ed-ob\u010d\u00e1nk\u016f-IV-768x251.jpg 768w, https:\/\/symbivita.cz\/blog\/wp-content\/uploads\/2020\/08\/1979-v\u00edt\u00e1n\u00ed-ob\u010d\u00e1nk\u016f-IV.jpg 1280w\" sizes=\"(max-width: 1024px) 100vw, 1024px\" \/><\/figure>\n\n\n\n<p><a href=\"https:\/\/cs.wikipedia.org\/wiki\/20._prosinec\">20. prosince<\/a>:\nP\u0159ed odvolac\u00edm \u0159\u00edzen\u00edm nad rozsudkem nad \u010dleny V\u00fdboru na obranu nespravedliv\u011b\nst\u00edhan\u00fdch u&nbsp;<a href=\"https:\/\/cs.wikipedia.org\/wiki\/Nejvy%C5%A1%C5%A1%C3%AD_soud_%C4%8Ceskoslovenska\">Nejvy\u0161\u0161\u00edho\nsoudu<\/a>&nbsp;bylo n\u011bkolik des\u00edtek lid\u00ed St\u00e1tn\u00ed bezpe\u010dnost\u00ed vyvezeno\nza Prahu, aby se nemohli soudu \u00fa\u010dastnit.<\/p>\n\n\n\n<p>1980<\/p>\n\n\n\n<p>Cel\u00fd rok nesm\u00edrn\u011b studen\u00fd od jara a\u017e do p\u0159ed\u010dasn\u00e9 zimy. V&nbsp;1.\np\u016fli roku hodn\u011b sr\u00e1\u017eek. <\/p>\n\n\n\n<p>28.ledna- Zlat\u00e1 svatba man\u017eel\u016f Josefa a Franti\u0161ky\nBoh\u00e1\u010dkov\u00fdch.<\/p>\n\n\n\n<p>10. \u00fanora \u2013 v\u00edt\u00e1n\u00ed ob\u010d\u00e1nk\u016f.<\/p>\n\n\n\n<figure class=\"wp-block-image size-large\"><img loading=\"lazy\" decoding=\"async\" width=\"1024\" height=\"369\" src=\"http:\/\/symbivita.cz\/blog\/wp-content\/uploads\/2020\/08\/1980-v\u00edt\u00e1n\u00ed-ob\u010d\u00e1nk\u016f-I-1024x369.jpg\" alt=\"\" class=\"wp-image-953\" srcset=\"https:\/\/symbivita.cz\/blog\/wp-content\/uploads\/2020\/08\/1980-v\u00edt\u00e1n\u00ed-ob\u010d\u00e1nk\u016f-I-1024x369.jpg 1024w, https:\/\/symbivita.cz\/blog\/wp-content\/uploads\/2020\/08\/1980-v\u00edt\u00e1n\u00ed-ob\u010d\u00e1nk\u016f-I-300x108.jpg 300w, https:\/\/symbivita.cz\/blog\/wp-content\/uploads\/2020\/08\/1980-v\u00edt\u00e1n\u00ed-ob\u010d\u00e1nk\u016f-I-768x277.jpg 768w, https:\/\/symbivita.cz\/blog\/wp-content\/uploads\/2020\/08\/1980-v\u00edt\u00e1n\u00ed-ob\u010d\u00e1nk\u016f-I.jpg 1076w\" sizes=\"(max-width: 1024px) 100vw, 1024px\" \/><\/figure>\n\n\n\n<p>Mu\u017estvo TJ Dru\u017estevn\u00edk postoupilo suver\u00e9nn\u011b do II. t\u0159\u00eddy\ns&nbsp;13tibodov\u00fdm n\u00e1skokem, bez jedin\u00e9 prohry. <\/p>\n\n\n\n<p>Fotbalov\u00fd&nbsp; v\u00fdbor:\nP\u0159edseda: B\u00edlek Miroslav. Jednatel: Ing. Vojt\u011bch Kone\u010dn\u00fd. Hospod\u00e1\u0159: Zdenek\nKoke\u0161.<\/p>\n\n\n\n<p>Pr\u00e1zdn\u00e9 m\u00edsto po odchodu hr\u00e1\u010de F. Fra\u0148ka vyplnil pro jarn\u00ed\nkolo Jarom\u00edr \u010cuta, u\u010d. ZD\u0160 (p\u0159i\u0161el ze Sokola Boleradice). Jednota uspo\u0159\u00e1dala 2\npoh\u00e1rov\u00e9 turnaje (Memori\u00e1l Jaroslava Byst\u0159ick\u00e9ho a Jaroslava Pavl\u00edka) a 1\nturnaj veter\u00e1n\u016f (Memori\u00e1l Josefa Boh\u00e1\u010dka). \u00da\u010dastnilo se turnaj\u016f\nv&nbsp;\u0160itbo\u0159ic\u00edch, K\u0159epic\u00edch a Dambo\u0159ic\u00edch.<\/p>\n\n\n\n<p>\u010cS\u017d pat\u0159\u00ed st\u00e1le k&nbsp;nejaktivn\u011bj\u0161\u00edm organizac\u00edm N\u00e1rodn\u00ed\nfronty. M\u00e1 77 \u010dlenek, \u010dinnost velmi r\u016fznorodou. Cyklistick\u00fd v\u00fdlet na P\u00e1lavu, v\nb\u0159eznu do kryt\u00e9ho baz\u00e9nu v&nbsp;Blu\u010din\u011b.<\/p>\n\n\n\n<p>Tradi\u010dn\u00ed oslavy MD\u017d s&nbsp;kulturn\u00edm programem po\u0159\u00e1d\u00e1 \u010cS\u017d.<\/p>\n\n\n\n<p>12. dubna- p\u0159ed\u00e1v\u00e1n\u00ed ob\u010dansk\u00fdch&nbsp; pr\u016fkaz\u016f.<\/p>\n\n\n\n<p>13. dubna- v\u00edt\u00e1n\u00ed ob\u010d\u00e1nk\u016f.<\/p>\n\n\n\n<figure class=\"wp-block-image size-large\"><img loading=\"lazy\" decoding=\"async\" width=\"1024\" height=\"369\" src=\"http:\/\/symbivita.cz\/blog\/wp-content\/uploads\/2020\/08\/1980-v\u00edt\u00e1n\u00ed-ob\u010d\u00e1nk\u016f-II-1024x369.jpg\" alt=\"\" class=\"wp-image-954\" srcset=\"https:\/\/symbivita.cz\/blog\/wp-content\/uploads\/2020\/08\/1980-v\u00edt\u00e1n\u00ed-ob\u010d\u00e1nk\u016f-II-1024x369.jpg 1024w, https:\/\/symbivita.cz\/blog\/wp-content\/uploads\/2020\/08\/1980-v\u00edt\u00e1n\u00ed-ob\u010d\u00e1nk\u016f-II-300x108.jpg 300w, https:\/\/symbivita.cz\/blog\/wp-content\/uploads\/2020\/08\/1980-v\u00edt\u00e1n\u00ed-ob\u010d\u00e1nk\u016f-II-768x277.jpg 768w, https:\/\/symbivita.cz\/blog\/wp-content\/uploads\/2020\/08\/1980-v\u00edt\u00e1n\u00ed-ob\u010d\u00e1nk\u016f-II.jpg 1076w\" sizes=\"(max-width: 1024px) 100vw, 1024px\" \/><\/figure>\n\n\n\n<p>16. dubna: oslava osvobozen\u00ed obce. Lampionov\u00fd pr\u016fvod. Vystoupili\num\u011blci Gruml\u00edk a&nbsp; Mand\u00edkov\u00e1 a tak\u00e9 p\u011bveck\u00fd\nkrou\u017eek \u010cS\u017d, ten se pak z\u00fa\u010dastnil i slavnostn\u00edho koncertu v&nbsp;Horn\u00edch\nBojanovic\u00edch na po\u010dest tamn\u00edho v\u00fdro\u010d\u00ed osvobozen\u00ed.<\/p>\n\n\n\n<p>29.dubna fotbalov\u00fd turnaj, kter\u00e9ho se z\u00fa\u010datnili \u017e\u00e1ci\nz&nbsp;n\u011bkolika okoln\u00edch \u0161kol.<\/p>\n\n\n\n<p>\u010cS\u017d po\u0159\u00e1dal p\u0159edn\u00e1\u0161ku o mezin\u00e1rodn\u00ed situaci, lektorem byl\nzdej\u0161\u00ed rod\u00e1k plk. Vlastimil Bezou\u0161ka z&nbsp;Gottwaldova.<\/p>\n\n\n\n<p>Tento rok byl ve znamen\u00ed spartaki\u00e1dy. Nacvi\u010dov\u00e1no 5\nskladeb. Rodi\u010de s&nbsp;d\u011btmi: Lib. Klob\u00e1sov\u00e1. Vystupovali v&nbsp;K\u0159epic\u00edch,\n\u0160itbo\u0159ic\u00edch, Div\u00e1k\u00e1ch, Hustope\u010d\u00edch.<\/p>\n\n\n\n<p>Mlad\u0161\u00ed \u017e\u00e1ci: Josef \u010cern\u00fd. Vystupovali v&nbsp;Boleradic\u00edch,\nHustope\u010d\u00edch,&nbsp;B\u0159eclavi.<\/p>\n\n\n\n<p>Mlad\u0161\u00ed \u017e\u00e1kyn\u011b: Ji\u0159ina Jandov\u00e1. Vystupovaly\nv&nbsp;\u0160itbo\u0159ic\u00edch, Hustope\u010d\u00edch, B\u0159eclavi.<\/p>\n\n\n\n<p>Star\u0161\u00ed \u017e\u00e1ci: Jarom\u00edr \u010cuta. Vystupovali v&nbsp;K\u0159epic\u00edch a\nVelk\u00fdch N\u011bm\u010dic\u00edch.<\/p>\n\n\n\n<p>Star\u0161\u00ed \u017e\u00e1kyn\u011b: Olga Mauzerov\u00e1. Vystupovaly\nv&nbsp;K\u0159epic\u00edch, Velk\u00fdch N\u011bm\u010dic\u00edch, Hustope\u010d\u00edch a B\u0159eclavi.<\/p>\n\n\n\n<p>8. kv\u011btna se&nbsp;\nfotbalisti sna\u017eili&nbsp;\nbrig\u00e1dnicky&nbsp; dokon\u010dit&nbsp; soci\u00e1ln\u00ed za\u0159\u00edzen\u00ed na h\u0159i\u0161ti, betonoval se\nchodn\u00edk atd.. M. B\u00edlek zhotovil&nbsp; tribunu\na zaji\u0161\u0165oval pot\u0159ebn\u00e9 v\u011bci pro spartaki\u00e1du.<\/p>\n\n\n\n<p>11. kv\u011btna prob\u011bhla m\u00edstn\u00ed spartaki\u00e1da. Za\u010dala pr\u016fvodem\nobc\u00ed a slavnostn\u00edm zah\u00e1jen\u00edm na h\u0159i\u0161ti. V&nbsp;programu bylo 5 skladeb za\n\u00fa\u010dasti 230 cvi\u010denc\u016f z&nbsp;Nikol\u010dic, K\u0159epic, Velk\u00fdch N\u011bm\u010dic, Boleradic,\n\u0160itbo\u0159ic a Hustope\u010d\u00ed. S&nbsp;organizac\u00ed pomohla TJ Dru\u017estevn\u00edk, SRP\u0160 a \u010cS\u017d.<\/p>\n\n\n\n<figure class=\"wp-block-image size-large\"><img loading=\"lazy\" decoding=\"async\" width=\"968\" height=\"746\" src=\"http:\/\/symbivita.cz\/blog\/wp-content\/uploads\/2020\/08\/Obr.30-Spartaki\u00e1da-1980.png\" alt=\"\" class=\"wp-image-955\" srcset=\"https:\/\/symbivita.cz\/blog\/wp-content\/uploads\/2020\/08\/Obr.30-Spartaki\u00e1da-1980.png 968w, https:\/\/symbivita.cz\/blog\/wp-content\/uploads\/2020\/08\/Obr.30-Spartaki\u00e1da-1980-300x231.png 300w, https:\/\/symbivita.cz\/blog\/wp-content\/uploads\/2020\/08\/Obr.30-Spartaki\u00e1da-1980-768x592.png 768w\" sizes=\"(max-width: 968px) 100vw, 968px\" \/><\/figure>\n\n\n\n<p>P\u0159edsedou spartaki\u00e1dn\u00edho \u0161t\u00e1bu byl Mir. B\u00edlek, p\u0159edseda TJ. Akce prob\u011bhla na po\u010dest 35. v\u00fdro\u010d\u00ed osvobozen\u00ed. Po\u010das\u00ed p\u0159\u00e1lo, \u00fa\u010dast ne\u010dekan\u00e1, prod\u00e1no 225 vstupenek po 5 K\u010d. OV \u010cSTV ud\u011blil jednot\u011b Dru\u017estevn\u00edk diplom za z\u00e1sluhy o \u010ds. spartaki\u00e1du.<\/p>\n\n\n\n<figure class=\"wp-block-image size-large\"><img loading=\"lazy\" decoding=\"async\" width=\"1024\" height=\"647\" src=\"http:\/\/symbivita.cz\/blog\/wp-content\/uploads\/2020\/08\/Spartaki\u00e1da-I-1024x647.jpg\" alt=\"\" class=\"wp-image-956\" srcset=\"https:\/\/symbivita.cz\/blog\/wp-content\/uploads\/2020\/08\/Spartaki\u00e1da-I-1024x647.jpg 1024w, https:\/\/symbivita.cz\/blog\/wp-content\/uploads\/2020\/08\/Spartaki\u00e1da-I-300x189.jpg 300w, https:\/\/symbivita.cz\/blog\/wp-content\/uploads\/2020\/08\/Spartaki\u00e1da-I-768x485.jpg 768w, https:\/\/symbivita.cz\/blog\/wp-content\/uploads\/2020\/08\/Spartaki\u00e1da-I.jpg 1121w\" sizes=\"(max-width: 1024px) 100vw, 1024px\" \/><\/figure>\n\n\n\n<figure class=\"wp-block-image size-large\"><img loading=\"lazy\" decoding=\"async\" width=\"1024\" height=\"624\" src=\"http:\/\/symbivita.cz\/blog\/wp-content\/uploads\/2020\/08\/Obr.32Spartaki\u00e1da-1980-b-1024x624.png\" alt=\"\" class=\"wp-image-957\" srcset=\"https:\/\/symbivita.cz\/blog\/wp-content\/uploads\/2020\/08\/Obr.32Spartaki\u00e1da-1980-b-1024x624.png 1024w, https:\/\/symbivita.cz\/blog\/wp-content\/uploads\/2020\/08\/Obr.32Spartaki\u00e1da-1980-b-300x183.png 300w, https:\/\/symbivita.cz\/blog\/wp-content\/uploads\/2020\/08\/Obr.32Spartaki\u00e1da-1980-b-768x468.png 768w, https:\/\/symbivita.cz\/blog\/wp-content\/uploads\/2020\/08\/Obr.32Spartaki\u00e1da-1980-b.png 1115w\" sizes=\"(max-width: 1024px) 100vw, 1024px\" \/><\/figure>\n\n\n\n<figure class=\"wp-block-image size-large\"><img loading=\"lazy\" decoding=\"async\" width=\"1024\" height=\"721\" src=\"http:\/\/symbivita.cz\/blog\/wp-content\/uploads\/2020\/08\/Obr.33Spartaki\u00e1da-1980-c-1024x721.png\" alt=\"\" class=\"wp-image-958\" srcset=\"https:\/\/symbivita.cz\/blog\/wp-content\/uploads\/2020\/08\/Obr.33Spartaki\u00e1da-1980-c-1024x721.png 1024w, https:\/\/symbivita.cz\/blog\/wp-content\/uploads\/2020\/08\/Obr.33Spartaki\u00e1da-1980-c-300x211.png 300w, https:\/\/symbivita.cz\/blog\/wp-content\/uploads\/2020\/08\/Obr.33Spartaki\u00e1da-1980-c-768x541.png 768w, https:\/\/symbivita.cz\/blog\/wp-content\/uploads\/2020\/08\/Obr.33Spartaki\u00e1da-1980-c.png 1121w\" sizes=\"(max-width: 1024px) 100vw, 1024px\" \/><\/figure>\n\n\n\n<figure class=\"wp-block-image size-large\"><img loading=\"lazy\" decoding=\"async\" width=\"1024\" height=\"702\" src=\"http:\/\/symbivita.cz\/blog\/wp-content\/uploads\/2020\/08\/Spartaki\u00e1da-IV-1024x702.jpg\" alt=\"\" class=\"wp-image-959\" srcset=\"https:\/\/symbivita.cz\/blog\/wp-content\/uploads\/2020\/08\/Spartaki\u00e1da-IV-1024x702.jpg 1024w, https:\/\/symbivita.cz\/blog\/wp-content\/uploads\/2020\/08\/Spartaki\u00e1da-IV-300x206.jpg 300w, https:\/\/symbivita.cz\/blog\/wp-content\/uploads\/2020\/08\/Spartaki\u00e1da-IV-768x526.jpg 768w, https:\/\/symbivita.cz\/blog\/wp-content\/uploads\/2020\/08\/Spartaki\u00e1da-IV.jpg 1119w\" sizes=\"(max-width: 1024px) 100vw, 1024px\" \/><\/figure>\n\n\n\n<p>Ve stejn\u00fd den\u00a0 sehr\u00e1la TJ z\u00e1pas s\u00a0Cvr\u010dovicemi ( 10:0)<\/p>\n\n\n\n<figure class=\"wp-block-image size-large\"><img loading=\"lazy\" decoding=\"async\" width=\"1024\" height=\"534\" src=\"http:\/\/symbivita.cz\/blog\/wp-content\/uploads\/2020\/08\/1980-Fotbal-Cvr\u010dovice-1024x534.jpg\" alt=\"\" class=\"wp-image-960\" srcset=\"https:\/\/symbivita.cz\/blog\/wp-content\/uploads\/2020\/08\/1980-Fotbal-Cvr\u010dovice-1024x534.jpg 1024w, https:\/\/symbivita.cz\/blog\/wp-content\/uploads\/2020\/08\/1980-Fotbal-Cvr\u010dovice-300x157.jpg 300w, https:\/\/symbivita.cz\/blog\/wp-content\/uploads\/2020\/08\/1980-Fotbal-Cvr\u010dovice-768x401.jpg 768w, https:\/\/symbivita.cz\/blog\/wp-content\/uploads\/2020\/08\/1980-Fotbal-Cvr\u010dovice.jpg 1213w\" sizes=\"(max-width: 1024px) 100vw, 1024px\" \/><\/figure>\n\n\n\n<p>(&nbsp; Po z\u00e1pase.)<\/p>\n\n\n\n<p><a href=\"https:\/\/cs.wikipedia.org\/wiki\/22._kv%C4%9Bten\">22. kv\u011btna<\/a>: Po\n5 letech se konala volba&nbsp;<a href=\"https:\/\/cs.wikipedia.org\/wiki\/Prezident_%C4%8Ceskoslovenska\">prezidenta\n\u010cSSR<\/a>.\nJednalo se v\u0161ak pouze o formalitu, prezidentem byl jednomysln\u011b zvolen&nbsp;<a href=\"https:\/\/cs.wikipedia.org\/wiki\/Gust%C3%A1v_Hus%C3%A1k\">Gust\u00e1v Hus\u00e1k<\/a>.<\/p>\n\n\n\n<p>22.\n\u010dervna- v\u00edt\u00e1n\u00ed ob\u010d\u00e1nk\u016f.<\/p>\n\n\n\n<p><a href=\"https:\/\/cs.wikipedia.org\/wiki\/26._%C4%8Derven\">26.<\/a>\u2013<a href=\"https:\/\/cs.wikipedia.org\/wiki\/29._%C4%8Derven\">29. \u010dervna<\/a>:\nStrahov,&nbsp;<a href=\"https:\/\/cs.wikipedia.org\/wiki\/%C4%8Ceskoslovensk%C3%A1_spartaki%C3%A1da\">5.\n\u010deskoslovensk\u00e1 spartaki\u00e1da<\/a>. V 15 skladb\u00e1ch&nbsp;cvi\u010d\u00ed 180&nbsp;000\ncvi\u010denc\u016f, zhl\u00e9dlo je na milion div\u00e1k\u016f.<\/p>\n\n\n\n<p>28. \u010dervna-&nbsp; SPOZ- rozlou\u010den\u00ed s&nbsp;vych\u00e1zej\u00edc\u00edmi \u017e\u00e1ky<\/p>\n\n\n\n<p>29.\u010dervna- Memori\u00e1l Josefa\nBoh\u00e1\u010dka ( hr\u00e1\u010d\u016f nad 40 let). Prvn\u00ed v\u00fdro\u010d\u00ed jeho tragick\u00e9 smrti. <\/p>\n\n\n\n<figure class=\"wp-block-image size-large is-resized\"><img loading=\"lazy\" decoding=\"async\" src=\"http:\/\/symbivita.cz\/blog\/wp-content\/uploads\/2020\/08\/Boh\u00e1\u010der-Draho\u0161-st..jpg\" alt=\"\" class=\"wp-image-961\" width=\"173\" height=\"196\" srcset=\"https:\/\/symbivita.cz\/blog\/wp-content\/uploads\/2020\/08\/Boh\u00e1\u010der-Draho\u0161-st..jpg 621w, https:\/\/symbivita.cz\/blog\/wp-content\/uploads\/2020\/08\/Boh\u00e1\u010der-Draho\u0161-st.-264x300.jpg 264w\" sizes=\"(max-width: 173px) 100vw, 173px\" \/><\/figure>\n\n\n\n<p>Hlavn\u00ed po\u0159adatel Alois Ne\u010das \u010d. 199. Startuj\u00ed Sokol K\u0159epice, Sokol \u0160itbo\u0159ice, Velk\u00e9 N\u011bm\u010dice, Nikol\u010dice. Na tribun\u011b sed\u011bla jeho man\u017eelka. Na\u0161i skon\u010dili druz\u00ed, za \u0160itbo\u0159icemi.<\/p>\n\n\n\n<figure class=\"wp-block-image size-large\"><img loading=\"lazy\" decoding=\"async\" width=\"997\" height=\"578\" src=\"http:\/\/symbivita.cz\/blog\/wp-content\/uploads\/2020\/08\/1980-fotbal-II-memori\u00e1l-J.-Boh\u00e1\u010dka.jpg\" alt=\"\" class=\"wp-image-962\" srcset=\"https:\/\/symbivita.cz\/blog\/wp-content\/uploads\/2020\/08\/1980-fotbal-II-memori\u00e1l-J.-Boh\u00e1\u010dka.jpg 997w, https:\/\/symbivita.cz\/blog\/wp-content\/uploads\/2020\/08\/1980-fotbal-II-memori\u00e1l-J.-Boh\u00e1\u010dka-300x174.jpg 300w, https:\/\/symbivita.cz\/blog\/wp-content\/uploads\/2020\/08\/1980-fotbal-II-memori\u00e1l-J.-Boh\u00e1\u010dka-768x445.jpg 768w\" sizes=\"(max-width: 997px) 100vw, 997px\" \/><\/figure>\n\n\n\n<p>\u010cervenec: t\u00e9m\u011b\u0159 denn\u00ed de\u0161t\u011b p\u016fsob\u00ed starosti o \u017en\u011b. Boj\ns&nbsp;plevelem.<\/p>\n\n\n\n<p><a href=\"https:\/\/cs.wikipedia.org\/wiki\/19._%C4%8Dervenec\">19. \u010dervence<\/a> \u2013 <a href=\"https:\/\/cs.wikipedia.org\/wiki\/3._srpen\">3. srpna<\/a>:&nbsp;<a href=\"https:\/\/cs.wikipedia.org\/wiki\/Letn%C3%AD_olympijsk%C3%A9_hry_1980\">22.&nbsp;letn\u00ed\nolympijsk\u00e9 hry<\/a>&nbsp;v&nbsp;Moskv\u011b.<\/p>\n\n\n\n<p>Zpo\u017ed\u011bn\u00ed: V&nbsp;\u010dervenci kvetla r\u00e9va, \u017en\u011b zpo\u017ed\u011bny skoro o\nm\u011bs\u00edc, meru\u0148ky dozr\u00e1ly v&nbsp;srpnu, brambory byly napadeny pl\u00edsn\u00ed.<\/p>\n\n\n\n<p>\u017d\u00e1ci m\u011bli p\u0159es pr\u00e1zdniny putovn\u00ed&nbsp; t\u00e1bor na \u010ceskomoravsk\u00e9 vyso\u010din\u011b.<\/p>\n\n\n\n<p>Ve \u0161kole je dlouhodob\u011b nedostatek pitn\u00e9 vody.<\/p>\n\n\n\n<p>1.z\u00e1\u0159\u00ed za\u010d\u00edn\u00e1 \u0161koln\u00ed rok 1980\/ 81.<\/p>\n\n\n\n<p>\u0158editelka- Dost\u00e1lov\u00e1 Zde\u0148ka, z\u00e1stupkyn\u011b- Drahom\u00edra \u010cern\u00e1.<\/p>\n\n\n\n<p>U\u010ditel\u00e9 na prvn\u00edm stupni:<\/p>\n\n\n\n<p>Jandov\u00e1 Ji\u0159ina, Josef Svato\u0148, Pavlack\u00e1 Helena.<\/p>\n\n\n\n<p>U\u010ditel\u00e9 na druh\u00e9m stupni:<\/p>\n\n\n\n<p>\u010cern\u00fd Josef, Kul\u00ed\u0161kov\u00e1 Ji\u0159ina, \u010cuta Jarom\u00edr, Strouhal\nMiroslav, Bulant Jaroslav, Ba\u017eantov\u00e1 Marta, Dr\u00e1balkov\u00e1 Vlastimila, Stossov\u00e1\nZde\u0148ka, d\u00e1le \u010cern\u00e1 Marie, Zim\u00e1k Radom\u00edr.<\/p>\n\n\n\n<p>&nbsp;Na v\u00fdpomoc byla&nbsp; povol\u00e1na d\u016fchodkyn\u011b And\u011bla L\u00edzalov\u00e1.<\/p>\n\n\n\n<p>\u010cS\u017d po\u0159\u00e1d\u00e1 z\u00e1jezd na cirkusov\u00e9 p\u0159edstaven\u00ed do Brna.<\/p>\n\n\n\n<p>Nikol\u010dick\u00e1 lyra 1980<\/p>\n\n\n\n<figure class=\"wp-block-image size-large\"><img loading=\"lazy\" decoding=\"async\" width=\"305\" height=\"458\" src=\"http:\/\/symbivita.cz\/blog\/wp-content\/uploads\/2020\/08\/1980-Nikol\u010dick\u00e1-lyra.jpg\" alt=\"\" class=\"wp-image-963\" srcset=\"https:\/\/symbivita.cz\/blog\/wp-content\/uploads\/2020\/08\/1980-Nikol\u010dick\u00e1-lyra.jpg 305w, https:\/\/symbivita.cz\/blog\/wp-content\/uploads\/2020\/08\/1980-Nikol\u010dick\u00e1-lyra-200x300.jpg 200w\" sizes=\"(max-width: 305px) 100vw, 305px\" \/><\/figure>\n\n\n\n<p>Podzimn\u00ed kolo TJ Dru\u017estevn\u00edk p\u0159ineslo op\u011bt \u00fasp\u011bch, mu\u017estvo\nvede s&nbsp;n\u00e1skokem dvou bod\u016f p\u0159ed Sokolem Vranovice.<\/p>\n\n\n\n<p>1.\u0159\u00edjna se je\u0161t\u011b nach\u00e1zej\u00ed pab\u011brky. Neda\u0159ilo se cukrovce,\nkuku\u0159ici, nedozr\u00e1ly pozdn\u00ed odr\u016fdy hrozn\u016f, obsah cukru 10 %. Celkov\u00e9 v\u00fdnosy JZD\nbyly n\u011bkde nadpr\u016fm\u011brn\u00e9, jinde podpr\u016fm\u011brn\u00e9. Jablka byla napadena strupovitost\u00ed.\nProdukce byla spln\u011bna jen na 20 %. Stejn\u011b dopadla raj\u010data. Rok nep\u0159\u00e1l tak\u00e9\nvojt\u011b\u0161ce na semeno.<\/p>\n\n\n\n<p>5. \u0159\u00edjna- v\u00edt\u00e1n\u00ed ob\u010d\u00e1nk\u016f.<\/p>\n\n\n\n<p>V\u010dela\u0159i utrp\u011bli. Dru\u017estvo provedlo post\u0159ik rozkvetl\u00e9 vojt\u011b\u0161ky.\nOkresn\u00ed veterin\u00e1\u0159 odhadl po\u0161kozen\u00ed v\u010delstev na 70 %. V\u010dela\u0159i obdr\u017eeli n\u00e1hradou\nod poji\u0161\u0165ovny 96 K\u010d za v\u010delstvo, pon\u011bkud slab\u00e1 n\u00e1plast.<\/p>\n\n\n\n<p><a>Zahr\u00e1dk\u00e1\u0159i uspo\u0159\u00e1dali velmi\np\u011bknou v\u00fdstavu ovoce. V de\u0161ti p\u0159i\u0161lo jen 50 n\u00e1v\u0161t\u011bvn\u00edk\u016f. Ovoce pot\u00e9 v\u011bnov\u00e1no\nd\u011btem do M\u0160.<\/a><\/p>\n\n\n\n<p><a href=\"https:\/\/cs.wikipedia.org\/wiki\/1._listopad\">1. listopadu<\/a>&nbsp;prob\u011bhlo\nv \u010ceskoslovensku&nbsp;<a href=\"https:\/\/cs.wikipedia.org\/wiki\/S%C4%8D%C3%ADt%C3%A1n%C3%AD_lidu\">s\u010d\u00edt\u00e1n\u00ed lidu<\/a>. Na\n\u00fazem\u00ed republiky \u017eilo k tomuto datu 15&nbsp;276&nbsp;799 obyvatel, z toho v \u010cSR\n10&nbsp;288&nbsp;946 a v SSR 4&nbsp;987&nbsp;853.<\/p>\n\n\n\n<p>S\u010d\u00edt\u00e1n\u00ed lidu prob\u011bhlo i v&nbsp;na\u0161\u00ed vsi. S\u010d\u00edtac\u00ed komisa\u0159i\nbyli: L. Brychtov\u00e1, ing. Koke\u0161ov\u00e1, revizor ing. Kone\u010dn\u00fd. Trvale bydl\u00edc\u00edch (v\u010detn\u011b\nNov\u00e9ho Dvora) 790.<\/p>\n\n\n\n<p><a href=\"https:\/\/cs.wikipedia.org\/wiki\/4._listopad\">4. listopadu<\/a>:\nV&nbsp;<a href=\"https:\/\/cs.wikipedia.org\/wiki\/Volby_prezidenta_USA_1980\">prezidentsk\u00fdch\nvolb\u00e1ch USA<\/a>&nbsp;zv\u00edt\u011bzil republik\u00e1nsk\u00fd kandid\u00e1t&nbsp;<a href=\"https:\/\/cs.wikipedia.org\/wiki\/Ronald_Reagan\">Ronald Reagan<\/a>&nbsp;nad\ndosavadn\u00edm prezidentem&nbsp;<a href=\"https:\/\/cs.wikipedia.org\/wiki\/Jimmy_Carter\">Jimmy Carterem<\/a>.<\/p>\n\n\n\n<p>MNV: Po dopl\u0148ovac\u00edch volb\u00e1ch je nov\u00fdm tajemn\u00edkem MNV s.\nPavel Urb\u00e1nek a nov\u00fdm p\u0159edsedou s. Miroslav Mnacakanov. Byly zaji\u0161\u0165ov\u00e1ny tyto\npr\u00e1ce: \u00faprava h\u0159bitova, chodn\u00edky kolem hlavn\u00ed silnice, oprava budovy MNV,\nv\u00fdstavba sklepa v&nbsp;M\u0160, roz\u0161\u00ed\u0159en\u00ed j\u00eddelny v&nbsp;M\u0160, kanalizace, komunikace\nu kon\u00edrny, komunikace Majera, kanalizace Strhy a za \u010d. 50. Ob\u010dan\u00e9 odpracovali\n2957 brig\u00e1dnick\u00fdch hodin. Nepoda\u0159ila se stavba v\u00edce\u00fa\u010delov\u00e9 asfaltov\u00e9 plochy na\nh\u0159i\u0161ti.<\/p>\n\n\n\n<p>Myslivc\u016fm se letos karta obr\u00e1tila; ulovili 22 zaj\u00edc\u016f, 316\nba\u017eant\u016f, 10 kus\u016f srn\u010d\u00ed zv\u011b\u0159e, 58 divok\u00fdch kr\u00e1l\u00edk\u016f a 14 holub\u016f h\u0159ivn\u00e1\u010d\u016f. P\u0159i\nodchytu \u017eiv\u00e9 zv\u011b\u0159e uv\u00edzlo v&nbsp;s\u00edt\u00edch 36 zaj\u00edc\u016f.<\/p>\n\n\n\n<figure class=\"wp-block-image size-large\"><img loading=\"lazy\" decoding=\"async\" width=\"779\" height=\"591\" src=\"http:\/\/symbivita.cz\/blog\/wp-content\/uploads\/2020\/08\/1980-hon.png\" alt=\"\" class=\"wp-image-964\" srcset=\"https:\/\/symbivita.cz\/blog\/wp-content\/uploads\/2020\/08\/1980-hon.png 779w, https:\/\/symbivita.cz\/blog\/wp-content\/uploads\/2020\/08\/1980-hon-300x228.png 300w, https:\/\/symbivita.cz\/blog\/wp-content\/uploads\/2020\/08\/1980-hon-768x583.png 768w\" sizes=\"(max-width: 779px) 100vw, 779px\" \/><\/figure>\n\n\n\n<p>Divadeln\u00ed krou\u017eek Osv\u011btov\u00e9 besedy sehr\u00e1l hru M. Stovi\u0161e\n\u201eCesta do Egypta\u201c. Byla vybr\u00e1na k&nbsp;\u00fa\u010dasti v okresn\u00ed divadeln\u00ed p\u0159ehl\u00eddce\nv&nbsp;Klobouk\u00e1ch. Tak\u00e9 sehr\u00e1li hru Sem padaj\u00ed hv\u011bzdy. Hr\u00e1li: Josef \u010cern\u00fd,\nDrahom\u00edra \u010cern\u00e1, Miroslav Strouhal, Jarom\u00edr \u010cuta, Libu\u0161e Klob\u00e1sov\u00e1, Alena\nVozdeck\u00e1, Jaroslav Kul\u00ed\u0161ek, Radek Barton\u011bk. Re\u017eie J. \u010cern\u00fd.<\/p>\n\n\n\n<p>30. listopadu- v\u00edt\u00e1n\u00ed ob\u010d\u00e1nk\u016f.<\/p>\n\n\n\n<p><a href=\"https:\/\/cs.wikipedia.org\/wiki\/8._prosinec\">8. prosince<\/a>&nbsp;zem\u0159el&nbsp;<a href=\"https:\/\/cs.wikipedia.org\/wiki\/John_Lennon\">John Lennon<\/a>,\nanglick\u00fd hudebn\u00edk a m\u00edrov\u00fd aktivista, \u010dlen skupiny&nbsp;<a href=\"https:\/\/cs.wikipedia.org\/wiki\/The_Beatles\">Beatles<\/a>,\nman\u017eel&nbsp;<a href=\"https:\/\/cs.wikipedia.org\/wiki\/Yoko_Ono\">Yoko Ono<\/a>&nbsp;(*&nbsp;<a href=\"https:\/\/cs.wikipedia.org\/wiki\/9._%C5%99%C3%ADjen\">9. \u0159\u00edjna<\/a>&nbsp;<a href=\"https:\/\/cs.wikipedia.org\/wiki\/1940\">1940<\/a>).<\/p>\n\n\n\n<p>Po\u010det obyvatel 790, po\u010det dom\u016f 216.<\/p>\n\n\n\n<figure class=\"wp-block-image size-large\"><img loading=\"lazy\" decoding=\"async\" width=\"1024\" height=\"811\" src=\"http:\/\/symbivita.cz\/blog\/wp-content\/uploads\/2020\/08\/1980-Cesta-do-Egypta-III-1024x811.jpg\" alt=\"\" class=\"wp-image-969\" srcset=\"https:\/\/symbivita.cz\/blog\/wp-content\/uploads\/2020\/08\/1980-Cesta-do-Egypta-III-1024x811.jpg 1024w, https:\/\/symbivita.cz\/blog\/wp-content\/uploads\/2020\/08\/1980-Cesta-do-Egypta-III-300x238.jpg 300w, https:\/\/symbivita.cz\/blog\/wp-content\/uploads\/2020\/08\/1980-Cesta-do-Egypta-III-768x608.jpg 768w, https:\/\/symbivita.cz\/blog\/wp-content\/uploads\/2020\/08\/1980-Cesta-do-Egypta-III.jpg 1203w\" sizes=\"(max-width: 1024px) 100vw, 1024px\" \/><\/figure>\n\n\n\n<figure class=\"wp-block-image size-large\"><img loading=\"lazy\" decoding=\"async\" width=\"1024\" height=\"667\" src=\"http:\/\/symbivita.cz\/blog\/wp-content\/uploads\/2020\/08\/1980-Cesta-do-Egypta-I-1024x667.jpg\" alt=\"\" class=\"wp-image-967\" srcset=\"https:\/\/symbivita.cz\/blog\/wp-content\/uploads\/2020\/08\/1980-Cesta-do-Egypta-I-1024x667.jpg 1024w, https:\/\/symbivita.cz\/blog\/wp-content\/uploads\/2020\/08\/1980-Cesta-do-Egypta-I-300x196.jpg 300w, https:\/\/symbivita.cz\/blog\/wp-content\/uploads\/2020\/08\/1980-Cesta-do-Egypta-I-768x501.jpg 768w, https:\/\/symbivita.cz\/blog\/wp-content\/uploads\/2020\/08\/1980-Cesta-do-Egypta-I.jpg 1180w\" sizes=\"(max-width: 1024px) 100vw, 1024px\" \/><\/figure>\n\n\n\n<figure class=\"wp-block-image size-large\"><img loading=\"lazy\" decoding=\"async\" width=\"1024\" height=\"522\" src=\"http:\/\/symbivita.cz\/blog\/wp-content\/uploads\/2020\/08\/1980-Cesta-do-Egypta-II-1024x522.jpg\" alt=\"\" class=\"wp-image-968\" srcset=\"https:\/\/symbivita.cz\/blog\/wp-content\/uploads\/2020\/08\/1980-Cesta-do-Egypta-II-1024x522.jpg 1024w, https:\/\/symbivita.cz\/blog\/wp-content\/uploads\/2020\/08\/1980-Cesta-do-Egypta-II-300x153.jpg 300w, https:\/\/symbivita.cz\/blog\/wp-content\/uploads\/2020\/08\/1980-Cesta-do-Egypta-II-768x391.jpg 768w, https:\/\/symbivita.cz\/blog\/wp-content\/uploads\/2020\/08\/1980-Cesta-do-Egypta-II.jpg 1393w\" sizes=\"(max-width: 1024px) 100vw, 1024px\" \/><\/figure>\n","protected":false},"excerpt":{"rendered":"<p>1976 M\u00edrn\u00e1 zima, velmi such\u00e9 l\u00e9to. Sv\u011bt za\u017eil nejsu\u0161\u0161\u00ed rok za posledn\u00edch 150 let. Tiskem prob\u011bhly zpr\u00e1vy, \u017ee ve \u0160pan\u011blsku je voda na p\u0159\u00edd\u011bl, ve Francii museli pob\u00edt n\u011bkolik des\u00edtek tis\u00edc kus\u016f dobytka pro nedostatek krmiv. 5.ledna zem\u0159el n\u00e1hle p\u0159i<\/p>\n","protected":false},"author":1,"featured_media":0,"comment_status":"closed","ping_status":"open","sticky":false,"template":"","format":"standard","meta":{"footnotes":""},"categories":[1],"tags":[],"_links":{"self":[{"href":"https:\/\/symbivita.cz\/blog\/wp-json\/wp\/v2\/posts\/894"}],"collection":[{"href":"https:\/\/symbivita.cz\/blog\/wp-json\/wp\/v2\/posts"}],"about":[{"href":"https:\/\/symbivita.cz\/blog\/wp-json\/wp\/v2\/types\/post"}],"author":[{"embeddable":true,"href":"https:\/\/symbivita.cz\/blog\/wp-json\/wp\/v2\/users\/1"}],"replies":[{"embeddable":true,"href":"https:\/\/symbivita.cz\/blog\/wp-json\/wp\/v2\/comments?post=894"}],"version-history":[{"count":1,"href":"https:\/\/symbivita.cz\/blog\/wp-json\/wp\/v2\/posts\/894\/revisions"}],"predecessor-version":[{"id":970,"href":"https:\/\/symbivita.cz\/blog\/wp-json\/wp\/v2\/posts\/894\/revisions\/970"}],"wp:attachment":[{"href":"https:\/\/symbivita.cz\/blog\/wp-json\/wp\/v2\/media?parent=894"}],"wp:term":[{"taxonomy":"category","embeddable":true,"href":"https:\/\/symbivita.cz\/blog\/wp-json\/wp\/v2\/categories?post=894"},{"taxonomy":"post_tag","embeddable":true,"href":"https:\/\/symbivita.cz\/blog\/wp-json\/wp\/v2\/tags?post=894"}],"curies":[{"name":"wp","href":"https:\/\/api.w.org\/{rel}","templated":true}]}}