{"id":604,"date":"2020-06-18T14:03:31","date_gmt":"2020-06-18T12:03:31","guid":{"rendered":"http:\/\/symbivita.cz\/blog\/?p=604"},"modified":"2024-12-06T16:18:28","modified_gmt":"2024-12-06T15:18:28","slug":"desetileti-1961-1970","status":"publish","type":"post","link":"https:\/\/symbivita.cz\/blog\/2020\/06\/18\/desetileti-1961-1970\/","title":{"rendered":"Desetilet\u00ed 1961 &#8211; 1970"},"content":{"rendered":"\n<p><strong>1961<\/strong><\/p>\n\n\n\n<p>20. ledna byla ve \u0161kole dokon\u010dena oprava \u00fast\u0159edn\u00edho topen\u00ed.\nAle&nbsp;rekonstrukce st\u00e1le nedokon\u010deny.<\/p>\n\n\n\n<p>Napadl sn\u00edh a dostavily se holomrazy -20 st. C.<\/p>\n\n\n\n<p>V&nbsp;\u00fanoru nastala prudk\u00e1 obleva s&nbsp;n\u011bkolika de\u0161ti a\nmlhami.<\/p>\n\n\n\n<p>10. \u00fanora provedlo JZD zm\u011bny ve veden\u00ed: P\u0159edsedou z\u016fstal\nJosef Klob\u00e1sa z \u010d. 10, nov\u00ed rostlin\u00e1\u0159i: Jakub B\u00edlek a Bohuslav Svoboda, funkc\u00ed\nagronoma pov\u011b\u0159en Ant. Vintrl\u00edk a pr\u00e1ci mechaniz\u00e1tora konal Vojt\u011bch Ot\u0159\u00edsal. \u010cleny\np\u0159edstavenstva zvoleni: Josef Klob\u00e1sa, Ant. Vintrl\u00edk, Pavel Urb\u00e1nek, Josef\nHlav\u00e1\u010dek, Vojt\u011bch Z\u00e1black\u00fd, Vladim\u00edr Svoboda, Vojt\u011bch Kone\u010dn\u00fd, \u017dofie \u010cern\u00e1 a\nAnt. Ne\u010das.<\/p>\n\n\n\n<p>V&nbsp;obecn\u00ed kronice je naps\u00e1no: Ani tato zm\u011bna nep\u0159inesla\nzlep\u0161en\u00ed cel\u00e9 situace a v\u0161echny nedostatky se s&nbsp;tvrdo\u0161\u00edjnou pravidelnost\u00ed\nopakovaly: organiza\u010dn\u00ed zmatky, rodinka\u0159en\u00ed, rozkr\u00e1d\u00e1n\u00ed, nedodr\u017eov\u00e1n\u00ed dom\u00e1c\u00edho\n\u0159\u00e1du a roz\u0161i\u0159uj\u00edc\u00ed se nez\u00e1jem dopln\u011bn\u00fd snahou, hlavn\u011b u mlad\u00fdch lid\u00ed, o \u00fanik\nz&nbsp;dru\u017estva. Mezi ob\u010dany se razilo heslo: Porou\u010d\u00ed n\u00e1m strana a MNV, my jsme\ntoto veden\u00ed nevolili, proto neposlouch\u00e1me, nechod\u00edme do sch\u016fz\u00ed atd.<\/p>\n\n\n\n<p>Proto se chystala nov\u00e1 kandid\u00e1tka, tentokr\u00e1t dru\u017estevn\u00edci\npsali na l\u00edstky jm\u00e9na navrhovan\u00fdch kandid\u00e1t\u016f. N\u00e1sledovala agitace, hlavn\u011b\nv&nbsp;noci, p\u0159etahov\u00e1n\u00ed a kupov\u00e1n\u00ed hlas\u016f.<\/p>\n\n\n\n<figure class=\"wp-block-image size-large\"><img loading=\"lazy\" decoding=\"async\" width=\"969\" height=\"501\" src=\"http:\/\/symbivita.cz\/blog\/wp-content\/uploads\/2020\/06\/Orba.jpg\" alt=\"\" class=\"wp-image-607\" srcset=\"https:\/\/symbivita.cz\/blog\/wp-content\/uploads\/2020\/06\/Orba.jpg 969w, https:\/\/symbivita.cz\/blog\/wp-content\/uploads\/2020\/06\/Orba-300x155.jpg 300w, https:\/\/symbivita.cz\/blog\/wp-content\/uploads\/2020\/06\/Orba-768x397.jpg 768w\" sizes=\"(max-width: 969px) 100vw, 969px\" \/><\/figure>\n\n\n\n<p>26. \u00fanora v&nbsp;noci se v&nbsp;Hustope\u010d\u00edch z\u0159\u00edtil kostel sv. V\u00e1clava.<\/p>\n\n\n\n<figure class=\"wp-block-image size-large\"><img loading=\"lazy\" decoding=\"async\" width=\"1024\" height=\"314\" src=\"http:\/\/symbivita.cz\/blog\/wp-content\/uploads\/2020\/06\/Kostel-1961-II-1024x314.jpg\" alt=\"\" class=\"wp-image-608\" srcset=\"https:\/\/symbivita.cz\/blog\/wp-content\/uploads\/2020\/06\/Kostel-1961-II-1024x314.jpg 1024w, https:\/\/symbivita.cz\/blog\/wp-content\/uploads\/2020\/06\/Kostel-1961-II-300x92.jpg 300w, https:\/\/symbivita.cz\/blog\/wp-content\/uploads\/2020\/06\/Kostel-1961-II-768x235.jpg 768w, https:\/\/symbivita.cz\/blog\/wp-content\/uploads\/2020\/06\/Kostel-1961-II.jpg 1452w\" sizes=\"(max-width: 1024px) 100vw, 1024px\" \/><\/figure>\n\n\n\n<p><a href=\"https:\/\/cs.wikipedia.org\/wiki\/1._b%C5%99ezen\">1. b\u0159ezna<\/a>&nbsp;\u2013 s\u010d\u00edt\u00e1n\u00ed lidu. V&nbsp;<a href=\"https:\/\/cs.wikipedia.org\/wiki\/%C4%8Ceskoslovensko\">\u010ceskoslovensku<\/a>&nbsp;\u017eilo 13&nbsp;745&nbsp;377 obyvatel, akci provedli u\u010ditel\u00e9 na\u0161\u00ed\n\u0161koly.<\/p>\n\n\n\n<p>31. b\u0159ezna nastupuje na II. stupe\u0148 \u0161koly u\u010d. Marie\nProke\u0161ov\u00e1 z&nbsp;Podiv\u00edna, je\u017e dosud u\u010dila v&nbsp;Borkovanech.<\/p>\n\n\n\n<p>Set\u00ed ja\u0159in bylo pro pokra\u010duj\u00edc\u00ed d\u00e9\u0161\u0165 odlo\u017eeno, pot\u00e9\nochlazen\u00ed a nasn\u011b\u017een\u00ed do v\u00fd\u0161e 15 cm. V&nbsp;dubnu op\u011bt mrazy a ve dne d\u00e9\u0161\u0165, ten\ntrval do 10 dubna.<\/p>\n\n\n\n<p><a href=\"https:\/\/cs.wikipedia.org\/wiki\/12._duben\">12. dubna<\/a>&nbsp;\u2013 prvn\u00ed \u010dlov\u011bk ve vesm\u00edru: nadporu\u010d\u00edk&nbsp;<a href=\"https:\/\/cs.wikipedia.org\/wiki\/Jurij_Gagarin\">Jurij Alexejevi\u010d Gagarin<\/a>. Jako prvn\u00ed \u010dlov\u011bk na sv\u011bt\u011b uskute\u010dnil na palub\u011b lodi&nbsp;<a href=\"https:\/\/cs.wikipedia.org\/wiki\/Vostok_1\">Vostok 1<\/a>&nbsp;kosmick\u00fd let.<\/p>\n\n\n\n<p>19. dubna se \u017e\u00e1ci II. stupn\u011b \u00fa\u010dastnili v&nbsp;s\u00e1le MNV protestn\u00edho\nshrom\u00e1\u017ed\u011bn\u00ed proti americk\u00e9 agresi v\u016f\u010di Kub\u011b.<\/p>\n\n\n\n<p>Lid\u00e9 tak\u00e9 v\u011bnovali pozornost krizi v N\u011bmecku a n\u011bkte\u0159\u00ed z obavy,\n\u017ee by mohla vypuknout dal\u0161\u00ed v\u00e1lka, hojn\u011b nakupovali potraviny.<\/p>\n\n\n\n<p>26. dubna se konala slavnostn\u00ed sch\u016fze SRP\u0160 za \u00fa\u010dasti rodi\u010d\u016f\n\u017e\u00e1k\u016f z&nbsp;Nikol\u010dic. Po programu prom\u00edtnuty dva v\u00fdchovn\u00e9 filmy. Hospod\u00e1\u0159sk\u00e9\n\u00fakoly pl\u00e1nu \u0161koly nebyly a ani nemohly b\u00fdt spln\u011bny. Prvn\u00ed jedn\u00e1n\u00ed na KNV\nv&nbsp;Brn\u011b o dostavb\u011b objektu t\u011blocvi\u010dny vyzn\u011bla negativn\u011b, byla navr\u017eena nov\u00e1\nstavba.<\/p>\n\n\n\n<p>1. kv\u011btna se oslavy 1. m\u00e1je v&nbsp;Hustope\u010d\u00edch \u00fa\u010dastn\u00ed 35\n\u017e\u00e1k\u016f na\u0161\u00ed \u0161koly, ale (jak je pops\u00e1no ve \u0161koln\u00ed kronice) v\u00fdchovn\u00fd v\u00fdznam toho\ndne vyzn\u011bl napr\u00e1zdno.<\/p>\n\n\n\n<p>14. kv\u011btna byla ve\u0159ejn\u00e1 oslava 40. v\u00fdro\u010d\u00ed zalo\u017een\u00ed KS\u010c a\nDne v\u00edt\u011bzstv\u00ed za \u00fa\u010dasti 42 ob\u010dan\u016f,&nbsp;z\u00e1v\u011brem prom\u00edtnut film Mstitel.<\/p>\n\n\n\n<p>L\u00e9ka\u0159sk\u00e9 prohl\u00eddky \u017eactva prov\u00e1d\u011bla \u0161koln\u00ed l\u00e9ka\u0159ka \u00daNZ\nv&nbsp;Hustope\u010d\u00edch, v\u0161ichni \u017e\u00e1ci byli o\u010dkov\u00e1ni proti obrn\u011b a pracovnice \u00daNZ\nprovedly tuberkulinov\u00e9 zkou\u0161ky.<\/p>\n\n\n\n<p>Na zdravotn\u00edm st\u0159edisku v&nbsp;\u0160itbo\u0159ic\u00edch byl \u017e\u00e1k\u016fm\nprohl\u00e9dnut a o\u0161et\u0159en chrup.<\/p>\n\n\n\n<p>V&nbsp;\u010dervnu byla mezi star\u0161\u00edmi \u017e\u00e1ky organizov\u00e1na pomoc\ndru\u017estvu p\u0159i opo\u017ed\u011bn\u00e9 proor\u00e1vce cukrovky.<\/p>\n\n\n\n<p>Uskute\u010dn\u011bn \u0161koln\u00ed z\u00e1jezd do brn\u011bnsk\u00e9ho divadla a dva \u0161koln\u00ed\nz\u00e1jezdy: Znojmo &#8211; Vranov a kraj Aloise Jir\u00e1ska a Bo\u017eeny N\u011bmcov\u00e9. Koncem \u010dervna\nukon\u010den \u0161koln\u00ed rok.<\/p>\n\n\n\n<p>31. \u010dervence dokon\u010deny opravy \u0161koln\u00ed budovy za vydatn\u00e9\npomoci MNV a m\u00edstn\u00ed provozovny: truhl\u00e1\u0159, klemp\u00ed\u0159, zedn\u00edk.<\/p>\n\n\n\n<figure class=\"wp-block-image size-large\"><img loading=\"lazy\" decoding=\"async\" width=\"1024\" height=\"742\" src=\"http:\/\/symbivita.cz\/blog\/wp-content\/uploads\/2020\/06\/Obr.1.-1024x742.png\" alt=\"\" class=\"wp-image-609\" srcset=\"https:\/\/symbivita.cz\/blog\/wp-content\/uploads\/2020\/06\/Obr.1.-1024x742.png 1024w, https:\/\/symbivita.cz\/blog\/wp-content\/uploads\/2020\/06\/Obr.1.-300x217.png 300w, https:\/\/symbivita.cz\/blog\/wp-content\/uploads\/2020\/06\/Obr.1.-768x556.png 768w, https:\/\/symbivita.cz\/blog\/wp-content\/uploads\/2020\/06\/Obr.1..png 1135w\" sizes=\"(max-width: 1024px) 100vw, 1024px\" \/><\/figure>\n\n\n\n<figure class=\"wp-block-image size-large\"><img loading=\"lazy\" decoding=\"async\" width=\"1024\" height=\"524\" src=\"http:\/\/symbivita.cz\/blog\/wp-content\/uploads\/2020\/06\/Obr.2-1024x524.jpg\" alt=\"\" class=\"wp-image-611\" srcset=\"https:\/\/symbivita.cz\/blog\/wp-content\/uploads\/2020\/06\/Obr.2-1024x524.jpg 1024w, https:\/\/symbivita.cz\/blog\/wp-content\/uploads\/2020\/06\/Obr.2-300x154.jpg 300w, https:\/\/symbivita.cz\/blog\/wp-content\/uploads\/2020\/06\/Obr.2-768x393.jpg 768w, https:\/\/symbivita.cz\/blog\/wp-content\/uploads\/2020\/06\/Obr.2-1536x786.jpg 1536w, https:\/\/symbivita.cz\/blog\/wp-content\/uploads\/2020\/06\/Obr.2.jpg 1588w\" sizes=\"(max-width: 1024px) 100vw, 1024px\" \/><\/figure>\n\n\n\n<figure class=\"wp-block-image size-large\"><img loading=\"lazy\" decoding=\"async\" width=\"1024\" height=\"470\" src=\"http:\/\/symbivita.cz\/blog\/wp-content\/uploads\/2020\/06\/1961-do\u017e\u00ednky-II-1024x470.jpg\" alt=\"\" class=\"wp-image-613\" srcset=\"https:\/\/symbivita.cz\/blog\/wp-content\/uploads\/2020\/06\/1961-do\u017e\u00ednky-II-1024x470.jpg 1024w, https:\/\/symbivita.cz\/blog\/wp-content\/uploads\/2020\/06\/1961-do\u017e\u00ednky-II-300x138.jpg 300w, https:\/\/symbivita.cz\/blog\/wp-content\/uploads\/2020\/06\/1961-do\u017e\u00ednky-II-768x353.jpg 768w, https:\/\/symbivita.cz\/blog\/wp-content\/uploads\/2020\/06\/1961-do\u017e\u00ednky-II-1536x706.jpg 1536w, https:\/\/symbivita.cz\/blog\/wp-content\/uploads\/2020\/06\/1961-do\u017e\u00ednky-II.jpg 1589w\" sizes=\"(max-width: 1024px) 100vw, 1024px\" \/><\/figure>\n\n\n\n<p><a href=\"https:\/\/cs.wikipedia.org\/wiki\/13._srpen\">13. srpna<\/a>&nbsp;\u2013 zah\u00e1jena stavba&nbsp;<a href=\"https:\/\/cs.wikipedia.org\/wiki\/Berl%C3%ADnsk%C3%A1_ze%C4%8F\">Berl\u00ednsk\u00e9 zdi<\/a>.<\/p>\n\n\n\n<p>20. srpna byla dobudov\u00e1na\na otev\u0159ena mysliveck\u00e1 chata ve \u0160tukyn\u00edch z\u00e1bavou a tancem na parketu.\nPr\u016fvod p\u0159i\u0161el i s&nbsp;hudbou z&nbsp;vesnice. \u00da\u010delem stavby realizovan\u00e9 \u010dleny\nmysliveck\u00e9 spole\u010dnosti bylo z\u00edskati spole\u010densk\u00fd d\u016fm pro sch\u016fze, z\u00e1v\u011bry hon\u016f a\nz\u00e1bavy v&nbsp;p\u0159\u00edrod\u011b. Proslov m\u011bli p\u0159edseda Martin Vahala, \u0159\u00edd\u00edc\u00ed \u0161koly Han\u00e1k,\na s. B\u00edlek.<\/p>\n\n\n\n<figure class=\"wp-block-image size-large\"><img loading=\"lazy\" decoding=\"async\" width=\"1024\" height=\"631\" src=\"http:\/\/symbivita.cz\/blog\/wp-content\/uploads\/2020\/06\/Obr.13-1024x631.png\" alt=\"\" class=\"wp-image-614\" srcset=\"https:\/\/symbivita.cz\/blog\/wp-content\/uploads\/2020\/06\/Obr.13-1024x631.png 1024w, https:\/\/symbivita.cz\/blog\/wp-content\/uploads\/2020\/06\/Obr.13-300x185.png 300w, https:\/\/symbivita.cz\/blog\/wp-content\/uploads\/2020\/06\/Obr.13-768x473.png 768w, https:\/\/symbivita.cz\/blog\/wp-content\/uploads\/2020\/06\/Obr.13.png 1209w\" sizes=\"(max-width: 1024px) 100vw, 1024px\" \/><\/figure>\n\n\n\n<p>P\u0159i chat\u011b se nach\u00e1z\u00ed studna, kter\u00e1 slou\u017eila ciheln\u011b asi&nbsp;r. 1876. P\u0159ed chatou je zbudov\u00e1n betonov\u00fd \u00b4parket\u00b4.<\/p>\n\n\n\n<figure class=\"wp-block-image size-large\"><img loading=\"lazy\" decoding=\"async\" width=\"1024\" height=\"681\" src=\"http:\/\/symbivita.cz\/blog\/wp-content\/uploads\/2020\/06\/1961-betonov\u00e1n\u00ed-parketu-1024x681.jpg\" alt=\"\" class=\"wp-image-616\" srcset=\"https:\/\/symbivita.cz\/blog\/wp-content\/uploads\/2020\/06\/1961-betonov\u00e1n\u00ed-parketu-1024x681.jpg 1024w, https:\/\/symbivita.cz\/blog\/wp-content\/uploads\/2020\/06\/1961-betonov\u00e1n\u00ed-parketu-300x200.jpg 300w, https:\/\/symbivita.cz\/blog\/wp-content\/uploads\/2020\/06\/1961-betonov\u00e1n\u00ed-parketu-768x511.jpg 768w, https:\/\/symbivita.cz\/blog\/wp-content\/uploads\/2020\/06\/1961-betonov\u00e1n\u00ed-parketu-1536x1022.jpg 1536w, https:\/\/symbivita.cz\/blog\/wp-content\/uploads\/2020\/06\/1961-betonov\u00e1n\u00ed-parketu.jpg 1849w\" sizes=\"(max-width: 1024px) 100vw, 1024px\" \/><\/figure>\n\n\n\n<figure class=\"wp-block-image size-large\"><img loading=\"lazy\" decoding=\"async\" width=\"968\" height=\"688\" src=\"http:\/\/symbivita.cz\/blog\/wp-content\/uploads\/2020\/06\/1961-M\u0160.png\" alt=\"\" class=\"wp-image-617\" srcset=\"https:\/\/symbivita.cz\/blog\/wp-content\/uploads\/2020\/06\/1961-M\u0160.png 968w, https:\/\/symbivita.cz\/blog\/wp-content\/uploads\/2020\/06\/1961-M\u0160-300x213.png 300w, https:\/\/symbivita.cz\/blog\/wp-content\/uploads\/2020\/06\/1961-M\u0160-768x546.png 768w\" sizes=\"(max-width: 968px) 100vw, 968px\" \/><\/figure>\n\n\n\n<p>Na na\u0161i \u0161kolu byl p\u0159id\u011blen u\u010d. Josef Han\u00e1k s&nbsp;funkc\u00ed\nz\u00e1stupce \u0159editele. Do t\u00e9 doby vedl spr\u00e1vu z\u00e1kladn\u00ed \u0161koly ve Vranovic\u00edch. D\u00e1le\np\u0159id\u011bleni u\u010ditel\u00e9 Josef \u010cern\u00fd a Drahom\u00edra \u010cern\u00e1 ze z\u00e1kladn\u00ed \u0161koly v&nbsp;Kobyl\u00ed\na kandid\u00e1tky pedagogick\u00e9 \u0161koly V\u011bra Synkov\u00e1, Ludmila Salcburgerov\u00e1 a V\u011bra\nHrdli\u010dkov\u00e1.<\/p>\n\n\n\n<p>1. z\u00e1\u0159\u00ed zah\u00e1jen \u0161koln\u00ed rok 1961\/62. \u017d\u00e1ky 1.-5. ro\u010dn\u00edku\nu\u010dily And\u011bla L\u00edzalov\u00e1, Drahom\u00edra Vrbasov\u00e1 a V\u011bra Synkov\u00e1. \u017d\u00e1ci 6.-9. ro\u010dn\u00edku\nbyli za\u0159azeni do 7 t\u0159\u00edd a vyu\u010dovali zde: Rudolf Kol\u00ednsk\u00fd, Josef Han\u00e1k,\nDrahom\u00edra \u010cern\u00e1, Josef \u010cern\u00fd, V\u011bra Hrdli\u010dkov\u00e1, Vlasta Kol\u00ednsk\u00e1, Marie\nProke\u0161ov\u00e1, Ludmila Salcburgerov\u00e1, Milo\u0161 Strouhal a Miloslav \u017d\u00e1k. N\u00e1v\u0161t\u011bvnost\nhodin n\u00e1bo\u017eensk\u00e9 v\u00fdchovy klesla na 50 % p\u0159ihl\u00e1\u0161en\u00fdch \u017e\u00e1k\u016f.<\/p>\n\n\n\n<p>Bude\u010d\u00e1k<\/p>\n\n\n\n<p>U \u0161koly v&nbsp;ohrad\u011b u potoka st\u00e1l \u00fal Bude\u010d\u00e1k se v\u010delstvem v&nbsp;nep\u0159\u00edli\u0161 dobr\u00e9m stavu. U\u010ditel Milo\u0161 Strouhal zapo\u010dal a nov\u011b nastoupen\u00fd u\u010ditel J. \u010cern\u00fd uskute\u010dnil se sv\u00fdmi \u017e\u00e1ky obnovu&nbsp; v\u010delstva. P\u0159edseda MNV Jaroslav Byst\u0159ick\u00fd nechal navozit&nbsp; cihly, okna a dve\u0159e&nbsp; z&nbsp;boura\u010dky, p\u0159idal n\u011bjak\u00fd p\u00edsek, v\u00e1pno a cement a spole\u010dn\u00e9 d\u00edlo za\u010dalo. B\u011bhem jara 1962 byly hotovy i om\u00edtky a vazba z&nbsp;kulatiny, o pr\u00e1zdnin\u00e1ch stavebn\u00ed podnik pokryl st\u0159echu vlnit\u00fdm eternitem. Bude\u010d\u00e1k se stal z\u00e1kladem pro vznik&nbsp; v\u010dela\u0159sk\u00e9ho krou\u017eku \u017e\u00e1k\u016f. (J. \u010cern\u00fd 2001- Nikol\u010dick\u00fd&nbsp; v\u010dela\u0159sk\u00fd krou\u017eek.)<\/p>\n\n\n\n<p>5. \u0159\u00edjna byl oslaven den \u010cSP formou besedy\ns&nbsp;d\u016fstojn\u00edkem \u010dsl. vojensk\u00e9 jednotky v&nbsp;B\u0159eclavi.<\/p>\n\n\n\n<p>17. \u0159\u00edjna byla instalov\u00e1na v\u00fdstava sov\u011btsk\u00e9 knihy.<\/p>\n\n\n\n<p>V \u0159\u00edjnu se ochladilo a v listopadu p\u0159i\u0161ly de\u0161\u0165ov\u00e9 p\u0159eh\u00e1\u0148ky.\nProsinec se obe\u0161el bez de\u0161t\u011b, ale teploty klesly a\u017e na -20 st. C.<\/p>\n\n\n\n<p>7. listopadu oslava V\u0158SR.<\/p>\n\n\n\n<p>Ve\u0159ejn\u011b prosp\u011b\u0161n\u00e1 pr\u00e1ce \u017e\u00e1k\u016f: sb\u011br brambor, osek\u00e1v\u00e1n\u00ed krmn\u00e9\n\u0159epy, sklize\u0148 kuku\u0159ice, okop\u00e1vky a o\u0161et\u0159en\u00ed \u0161koln\u00edho hektaru, pomoc p\u0159i \u00faprav\u011b\nparku u MNV. \u017d\u00e1ci odpracovali 3348 hodin.<\/p>\n\n\n\n<p>Po r. 1961 se zastavil provoz \u00fazkokolejky v ND a byl nahrazen n\u00e1kladn\u00edmi auty a traktory, kolejnice rozebr\u00e1ny pro materi\u00e1ln\u00ed zpracov\u00e1n\u00ed v&nbsp;d\u00edln\u00e1ch St\u00e1tn\u00edho statku a pra\u017ece p\u0159id\u011bleny ve stometrov\u00fdch \u00fasec\u00edch pro pracovn\u00edky cukrovaru, lesn\u00edho z\u00e1vodu a rozprod\u00e1ny. A tak p\u0159i teple kamen z&nbsp;roz\u017ehaven\u00fdch, olejem nas\u00e1kl\u00fdch pra\u017ec\u016f se vzpom\u00ednalo. \u00dazkokolejn\u00e1 dr\u00e1ha ze \u017didlochovic do M\u011bn\u00edna pat\u0159\u00ed od r. 1961 jen minulosti.<\/p>\n\n\n\n<figure class=\"wp-block-image size-large\"><img loading=\"lazy\" decoding=\"async\" width=\"901\" height=\"573\" src=\"http:\/\/symbivita.cz\/blog\/wp-content\/uploads\/2020\/06\/1961-\u00fazkokolejka.jpg\" alt=\"\" class=\"wp-image-620\" srcset=\"https:\/\/symbivita.cz\/blog\/wp-content\/uploads\/2020\/06\/1961-\u00fazkokolejka.jpg 901w, https:\/\/symbivita.cz\/blog\/wp-content\/uploads\/2020\/06\/1961-\u00fazkokolejka-300x191.jpg 300w, https:\/\/symbivita.cz\/blog\/wp-content\/uploads\/2020\/06\/1961-\u00fazkokolejka-768x488.jpg 768w\" sizes=\"(max-width: 901px) 100vw, 901px\" \/><\/figure>\n\n\n\n<p>Po\u010det obyvatel: 882, po\u010det dom\u016f 235.<\/p>\n\n\n\n<p><strong>1962<\/strong><\/p>\n\n\n\n<p>Koncem ledna siln\u00fd mr\u00e1z. \u00danor a b\u0159ezen teplej\u0161\u00ed, ale i\nde\u0161tiv\u011bj\u0161\u00ed. V b\u0159eznu p\u0159i\u0161el nav\u00edc i siln\u011bj\u0161\u00ed v\u00edtr. Pozd\u011bji prom\u011bnlivo, teploty\ni nad 30 st. C st\u0159\u00eddan\u00e9 sn\u011bhov\u00fdmi p\u0159eh\u00e1\u0148kami. V \u010dervenci u\u017e p\u0159evl\u00e1dalo teplej\u0161\u00ed\npo\u010das\u00ed a \u017en\u011b za\u010daly na jeho konci. V srpnu p\u0159eva\u017eovalo sucho, ob\u010das p\u0159eru\u0161en\u00e9\nletn\u00ed bou\u0159kou. Z\u00e1\u0159\u00ed a \u0159\u00edjen such\u00e9 a tepl\u00e9, a\u017e koncem \u0159\u00edjna ochlazen\u00ed. V&nbsp;listopadu\np\u0159i\u0161el prvn\u00ed sn\u00edh a mr\u00e1z, kter\u00fd b\u011bhem prosince zesiloval.<\/p>\n\n\n\n<p>V\u00fdro\u010dn\u00ed \u010dlensk\u00e1 sch\u016fze JZD dala&nbsp; do \u010dela dru\u017estva Franti\u0161ka Stejskala z \u010d. 40\njako p\u0159edsedu, funkc\u00ed m\u00edstop\u0159edsedy&nbsp; byl\npov\u011b\u0159en Bohuslav Klob\u00e1sa z \u010d. 32 (z\u00fa\u010dastnil se jedn\u00e9 sch\u016fze p\u0159edstavenstva, a\nt\u00edm jeho pr\u00e1ce skon\u010dila), agronomem se stal ing. Jaroslav Skalick\u00fd ze\n\u017didlochovic, pr\u00e1ci rostlin\u00e1\u0159\u016f konali Pavel Urb\u00e1nek a V\u00e1clav L\u00edzal,\nmechaniz\u00e1torem z\u016fstal Vojt\u011bch Ot\u0159\u00edsal, funkc\u00ed zootechnika pov\u011b\u0159en Vincenc\nZ\u00e1black\u00fd a vedouc\u00edm chovu se stal V\u00e1clav Ne\u010das, b\u00fdval\u00fd zootechnik &#8211; za\u010dal\nnav\u0161t\u011bvovat zem\u011bd\u011blskou \u0161kolu v&nbsp;Klobouk\u00e1ch. P\u0159edsedou revizn\u00ed komise\nzvolen Josef Han\u00e1k, nov\u00fdm \u00fa\u010detn\u00edm Ladislav Kili\u00e1n. O\u010dek\u00e1van\u00e1 radik\u00e1ln\u00ed zm\u011bna se\nnestala, hospoda\u0159ilo se st\u00e1le ztr\u00e1tov\u011b.<\/p>\n\n\n\n<p>17. \u00fanora uspo\u0159\u00e1dalo SRP\u0160 ples.<\/p>\n\n\n\n<p>28. b\u0159ezna: Den u\u010ditel\u016f byl norm\u00e1ln\u00edm pracovn\u00edm dnem.<\/p>\n\n\n\n<figure class=\"wp-block-image size-large\"><img loading=\"lazy\" decoding=\"async\" width=\"757\" height=\"546\" src=\"http:\/\/symbivita.cz\/blog\/wp-content\/uploads\/2020\/06\/1962-m\u00e1jov\u00e1-z\u00e1bava.jpg\" alt=\"\" class=\"wp-image-621\" srcset=\"https:\/\/symbivita.cz\/blog\/wp-content\/uploads\/2020\/06\/1962-m\u00e1jov\u00e1-z\u00e1bava.jpg 757w, https:\/\/symbivita.cz\/blog\/wp-content\/uploads\/2020\/06\/1962-m\u00e1jov\u00e1-z\u00e1bava-300x216.jpg 300w\" sizes=\"(max-width: 757px) 100vw, 757px\" \/><\/figure>\n\n\n\n<p>Koncem \u0161kol. r. \u0161kola organizovala v\u00fdlety: t\u0159\u00eddenn\u00ed z\u00e1jezd\nna Slovensko, jeho\u017e trasa \u0161la po stop\u00e1ch SNP. Mlad\u0161\u00ed \u017e\u00e1ci nav\u0161t\u00edvili Brno a\njedna skupina stanovala v&nbsp;div\u00e1ck\u00e9m lese.<\/p>\n\n\n\n<p>30. 6. byl ukon\u010den \u0161koln\u00ed rok.<\/p>\n\n\n\n<p>7. \u010dervence bylo d\u00e1no do provozu koupali\u0161t\u011b a n\u00e1sleduj\u00edc\u00edho roku byly postaveny kabiny, soci\u00e1ln\u00ed za\u0159\u00edzen\u00ed, administrativn\u00ed m\u00edstnost, vodovod, upraven ter\u00e9n, oplocen pozemek.<\/p>\n\n\n\n<figure class=\"wp-block-image size-large\"><img loading=\"lazy\" decoding=\"async\" width=\"1024\" height=\"560\" src=\"http:\/\/symbivita.cz\/blog\/wp-content\/uploads\/2020\/06\/Obr.5-a-koupali\u0161t\u011b-1024x560.png\" alt=\"\" class=\"wp-image-622\" srcset=\"https:\/\/symbivita.cz\/blog\/wp-content\/uploads\/2020\/06\/Obr.5-a-koupali\u0161t\u011b-1024x560.png 1024w, https:\/\/symbivita.cz\/blog\/wp-content\/uploads\/2020\/06\/Obr.5-a-koupali\u0161t\u011b-300x164.png 300w, https:\/\/symbivita.cz\/blog\/wp-content\/uploads\/2020\/06\/Obr.5-a-koupali\u0161t\u011b-768x420.png 768w, https:\/\/symbivita.cz\/blog\/wp-content\/uploads\/2020\/06\/Obr.5-a-koupali\u0161t\u011b.png 1443w\" sizes=\"(max-width: 1024px) 100vw, 1024px\" \/><\/figure>\n\n\n\n<figure class=\"wp-block-image size-large\"><img loading=\"lazy\" decoding=\"async\" width=\"897\" height=\"602\" src=\"http:\/\/symbivita.cz\/blog\/wp-content\/uploads\/2020\/06\/Koupali\u0161t\u011b-v-roce-2019.jpg\" alt=\"\" class=\"wp-image-624\" srcset=\"https:\/\/symbivita.cz\/blog\/wp-content\/uploads\/2020\/06\/Koupali\u0161t\u011b-v-roce-2019.jpg 897w, https:\/\/symbivita.cz\/blog\/wp-content\/uploads\/2020\/06\/Koupali\u0161t\u011b-v-roce-2019-300x201.jpg 300w, https:\/\/symbivita.cz\/blog\/wp-content\/uploads\/2020\/06\/Koupali\u0161t\u011b-v-roce-2019-768x515.jpg 768w\" sizes=\"(max-width: 897px) 100vw, 897px\" \/><\/figure>\n\n\n\n<p>Prvn\u00ed sn\u00edmek je z&nbsp;t\u00e9 doby, kdy koupali\u0161t\u011b slou\u017eilo sv\u00e9mu \u00fa\u010delu, druh\u00fd sn\u00edmek je z&nbsp;r. 2019. V\u00edce v&nbsp;Nikol\u010dick\u00e9 \u010d\u00edtance II, str. 73.<\/p>\n\n\n\n<figure class=\"wp-block-image size-large\"><img loading=\"lazy\" decoding=\"async\" width=\"1024\" height=\"558\" src=\"http:\/\/symbivita.cz\/blog\/wp-content\/uploads\/2020\/06\/Koupali\u0161t\u011b-oprava-1024x558.jpg\" alt=\"\" class=\"wp-image-625\" srcset=\"https:\/\/symbivita.cz\/blog\/wp-content\/uploads\/2020\/06\/Koupali\u0161t\u011b-oprava-1024x558.jpg 1024w, https:\/\/symbivita.cz\/blog\/wp-content\/uploads\/2020\/06\/Koupali\u0161t\u011b-oprava-300x163.jpg 300w, https:\/\/symbivita.cz\/blog\/wp-content\/uploads\/2020\/06\/Koupali\u0161t\u011b-oprava-768x418.jpg 768w, https:\/\/symbivita.cz\/blog\/wp-content\/uploads\/2020\/06\/Koupali\u0161t\u011b-oprava-1536x836.jpg 1536w, https:\/\/symbivita.cz\/blog\/wp-content\/uploads\/2020\/06\/Koupali\u0161t\u011b-oprava.jpg 1539w\" sizes=\"(max-width: 1024px) 100vw, 1024px\" \/><\/figure>\n\n\n\n<figure class=\"wp-block-image size-large\"><img loading=\"lazy\" decoding=\"async\" width=\"1024\" height=\"739\" src=\"http:\/\/symbivita.cz\/blog\/wp-content\/uploads\/2020\/06\/Koupali\u0161t\u011b-VI-1024x739.jpg\" alt=\"\" class=\"wp-image-626\" srcset=\"https:\/\/symbivita.cz\/blog\/wp-content\/uploads\/2020\/06\/Koupali\u0161t\u011b-VI-1024x739.jpg 1024w, https:\/\/symbivita.cz\/blog\/wp-content\/uploads\/2020\/06\/Koupali\u0161t\u011b-VI-300x217.jpg 300w, https:\/\/symbivita.cz\/blog\/wp-content\/uploads\/2020\/06\/Koupali\u0161t\u011b-VI-768x554.jpg 768w, https:\/\/symbivita.cz\/blog\/wp-content\/uploads\/2020\/06\/Koupali\u0161t\u011b-VI.jpg 1254w\" sizes=\"(max-width: 1024px) 100vw, 1024px\" \/><\/figure>\n\n\n\n<figure class=\"wp-block-image size-large\"><img loading=\"lazy\" decoding=\"async\" width=\"1024\" height=\"747\" src=\"http:\/\/symbivita.cz\/blog\/wp-content\/uploads\/2020\/06\/Koupali\u0161t\u011b-VII-1024x747.jpg\" alt=\"\" class=\"wp-image-627\" srcset=\"https:\/\/symbivita.cz\/blog\/wp-content\/uploads\/2020\/06\/Koupali\u0161t\u011b-VII-1024x747.jpg 1024w, https:\/\/symbivita.cz\/blog\/wp-content\/uploads\/2020\/06\/Koupali\u0161t\u011b-VII-300x219.jpg 300w, https:\/\/symbivita.cz\/blog\/wp-content\/uploads\/2020\/06\/Koupali\u0161t\u011b-VII-768x561.jpg 768w, https:\/\/symbivita.cz\/blog\/wp-content\/uploads\/2020\/06\/Koupali\u0161t\u011b-VII.jpg 1255w\" sizes=\"(max-width: 1024px) 100vw, 1024px\" \/><\/figure>\n\n\n\n<figure class=\"wp-block-image size-large\"><img loading=\"lazy\" decoding=\"async\" width=\"1024\" height=\"735\" src=\"http:\/\/symbivita.cz\/blog\/wp-content\/uploads\/2020\/06\/Koupali\u0161t\u011b-VIII-1024x735.jpg\" alt=\"\" class=\"wp-image-628\" srcset=\"https:\/\/symbivita.cz\/blog\/wp-content\/uploads\/2020\/06\/Koupali\u0161t\u011b-VIII-1024x735.jpg 1024w, https:\/\/symbivita.cz\/blog\/wp-content\/uploads\/2020\/06\/Koupali\u0161t\u011b-VIII-300x215.jpg 300w, https:\/\/symbivita.cz\/blog\/wp-content\/uploads\/2020\/06\/Koupali\u0161t\u011b-VIII-768x551.jpg 768w, https:\/\/symbivita.cz\/blog\/wp-content\/uploads\/2020\/06\/Koupali\u0161t\u011b-VIII.jpg 1254w\" sizes=\"(max-width: 1024px) 100vw, 1024px\" \/><\/figure>\n\n\n\n<p>O pr\u00e1zdnin\u00e1ch odpracovali \u017e\u00e1ci s&nbsp;u\u010diteli ve 13 brig\u00e1d\u00e1ch\n773 hodin na pozemc\u00edch \u0161koly a JZD.<\/p>\n\n\n\n<p><a>U\u010ditelka Proke\u0161ov\u00e1 vedla\ndivadeln\u00ed krou\u017eek a p\u0159ipravovala d\u011bti na sout\u011b\u017e divadeln\u00edch soubor\u016f. <\/a>SRP\u0160\nzvolilo nov\u00fd v\u00fdbor: Jaroslav L\u00edzal p\u0159edseda, kvalit\u00e1\u0159 Jihomoravsk\u00fdch ml\u00fdn\u016f,\nMarie Proke\u0161ov\u00e1, skupinov\u00e1 vedouc\u00ed PO, Kv\u011bta Petrlov\u00e1, \u010dlenka KS\u010c MNV\nNikol\u010dice, Rudolf Ne\u010das, stola\u0159, pokladn\u00edk, Jan Vala, \u010dlen v\u00fdboru, K\u0159epice 131,\nVladim\u00edr Ka\u0148a, \u010dlen v\u00fdboru, Div\u00e1ky 119, Rudolf Kol\u00ednsk\u00fd, \u010dlen v\u00fdboru, \u0159editel\nZD\u0160, Adolf Brychta, revizor \u00fa\u010dt\u016f, K\u0159epice 132, Josef Kut\u00e1lek, revizor \u00fa\u010dt\u016f,\nDiv\u00e1ky 54.<\/p>\n\n\n\n<p>B\u011bhem \u017en\u00ed pracovala na\u0161e skupina obsluhuj\u00edc\u00ed kombajn SK3 (Jaroslav Helma z \u010d. 26, Jaroslav Ot\u0159\u00edsal z \u010d. 200 a dal\u0161\u00ed) na Slovensku a po skon\u010den\u00ed p\u0159ej\u00ed\u017ed\u011bli na \u017en\u011b do JZD Poli\u010dka, proto\u017ee jsme s&nbsp;t\u00edmto JZD spolupracovali a vypom\u00e1hali si. Poli\u010dsk\u00fd ma\u010farsk\u00fd kombajn pom\u00e1hal pravideln\u011b skl\u00edzet na\u0161i \u00farodu.<\/p>\n\n\n\n<figure class=\"wp-block-image size-large\"><img loading=\"lazy\" decoding=\"async\" width=\"1024\" height=\"783\" src=\"http:\/\/symbivita.cz\/blog\/wp-content\/uploads\/2020\/06\/1962-JZD-pr\u00e1ce-na-kombajnu-1024x783.jpg\" alt=\"\" class=\"wp-image-629\" srcset=\"https:\/\/symbivita.cz\/blog\/wp-content\/uploads\/2020\/06\/1962-JZD-pr\u00e1ce-na-kombajnu-1024x783.jpg 1024w, https:\/\/symbivita.cz\/blog\/wp-content\/uploads\/2020\/06\/1962-JZD-pr\u00e1ce-na-kombajnu-300x229.jpg 300w, https:\/\/symbivita.cz\/blog\/wp-content\/uploads\/2020\/06\/1962-JZD-pr\u00e1ce-na-kombajnu-768x587.jpg 768w, https:\/\/symbivita.cz\/blog\/wp-content\/uploads\/2020\/06\/1962-JZD-pr\u00e1ce-na-kombajnu.jpg 1119w\" sizes=\"(max-width: 1024px) 100vw, 1024px\" \/><\/figure>\n\n\n\n<p>3. z\u00e1\u0159\u00ed byl zah\u00e1jen \u0161koln\u00ed rok 1962\/63.<\/p>\n\n\n\n<p><\/p>\n\n\n\n<p>U\u010ditelsk\u00fd sbor: Rudolf Kol\u00ednsk\u00fd, Josef Hor\u00e1k, Vlasta Kol\u00ednsk\u00e1, And\u011bla L\u00edzalov\u00e1, Miloslav \u017d\u00e1k, Milo\u0161 Strouhal, Drahom\u00edra Vrbasov\u00e1, Josef \u010cern\u00fd, Drahom\u00edra \u010cern\u00e1, Ludmila Salcbergerov\u00e1, V\u011bra Vozdeck\u00e1, V\u011bra Synkov\u00e1, Anton\u00edna Nov\u00e1kov\u00e1 &#8211; Kapounkov\u00e1, Miroslav Kl\u00edma. U\u010d. Marie Proke\u0161ov\u00e1 byla p\u0159elo\u017eena na ZD\u0160 Boleradice. N\u00e1bo\u017eenstv\u00ed u\u010dili P. Alois Ku\u010dera a Vlastimil Ja\u0161a.<\/p>\n\n\n\n<p>11. prosince, lidov\u00e1 akademie; p\u0159edn\u00e1\u0161ky Nad mapou sv\u011bta (prom\u00edt\u00e1n i\nfilm) zpracovali u\u010d. J. \u010cern\u00fd, D. \u010cern\u00e1, Vlasta Kol\u00ednsk\u00e1 a Rudolf Kol\u00ednsk\u00fd.<\/p>\n\n\n\n<p>Brig\u00e1dy \u0161kol\u00e1k\u016f: sklize\u0148\nkuku\u0159ice na \u0161kol. hektaru, dvoj\u00ed sb\u011br brambor po vyor\u00e1vce, v\u00fdsadba jahodov\u00fdch\nsazenic.<\/p>\n\n\n\n<p>T.r. bylo dle na\u0159\u00edzen\u00ed ONV\nB\u0159eclav zru\u0161eno tzv. m\u00edstn\u00ed hospod\u00e1\u0159stv\u00ed (vzniklo p\u0159ed 10 lety r. 1952 s c\u00edlem\nzajistit slu\u017eby obyvatelstvu prost\u0159ednictv\u00edm m\u00edstn\u00edch \u0159emesln\u00edk\u016f) a bylo\np\u0159evedeno pod komun\u00e1ln\u00ed slu\u017eby obce Velk\u00e9 N\u011bm\u010dice. Jak se pozd\u011bji uk\u00e1zalo, tyto\nslu\u017eby vydr\u017eely dva roky a provozovna p\u0159elo\u017eena pod komun\u00e1ln\u00ed slu\u017eby Hustope\u010de.<\/p>\n\n\n\n<p>Do mysliveck\u00e9 spole\u010dnosti\np\u0159i\u0161li: Jaroslav \u0160t\u011bp\u00e1nek z&nbsp;Hustope\u010d\u00ed a Alois Vagner z&nbsp;Brna. Na\nvelk\u00e9m honu byl hostem p. Hab\u00e1n z V\u00eddn\u011b, u n\u00e1s se mu l\u00edbilo a v\u011bnoval na\u0161im\n\u010dlen\u016fm mal\u00e9 d\u00e1rky za up\u0159\u00edmnost.<\/p>\n\n\n\n<p><strong>1963<\/strong><\/p>\n\n\n\n<p>Okolo 8. ledna p\u0159i\u0161el mr\u00e1z s vich\u0159ic\u00ed a sn\u011bhem a mraziv\u00e9\npo\u010das\u00ed trvalo i v \u00fanoru.&nbsp; Utrp\u011bla t\u00edm\nploch\u00e1 st\u0159echa p\u0159\u00edstavby \u0161koly. I kdy\u017e byla \u0161koda klasifikov\u00e1na jako havarijn\u00ed,\nnepoda\u0159ilo se zajistit opravu. V b\u0159eznu se zima zm\u00edrnila a v dubnu p\u0159i\u0161lo\noteplen\u00ed a prvn\u00ed jarn\u00ed bou\u0159ky. Ty prov\u00e1zely i kv\u011bten a \u010derven. \u010cervenec byl bez\nde\u0161t\u011b, ten p\u0159i\u0161el v p\u016fli srpna a trval i v z\u00e1\u0159\u00ed. Ob\u010dasn\u00e9 de\u0161\u0165ov\u00e9 p\u0159eh\u00e1\u0148ky byly\ni v \u0159\u00edjnu. V listopadu p\u0159i\u0161lo ochlazen\u00ed a b\u011bhem prosince mr\u00e1z. <\/p>\n\n\n\n<p>Na ja\u0159e se ONV a zem\u011bd\u011blsk\u00e1 v\u00fdrobn\u00ed spr\u00e1va rozhodly d\u00e1ti do\nveden\u00ed dru\u017estva ciz\u00edho odborn\u00edka. Za p\u0159edsedu dru\u017estva byl navr\u017een V\u00e1clav\nZechmaister (Sedlec).<\/p>\n\n\n\n<p>V b\u0159eznu byly provedeny dopl\u0148uj\u00edc\u00ed volby: V\u00e1clav\nZechmeister, p\u0159edseda, Franti\u0161ek Vozdeck\u00fd z \u010d. 75, m\u00edstop\u0159edseda, funkci\nzootechnika p\u0159ijal V\u00e1clav Vintrl\u00edk a nov\u00fdm mechaniz\u00e1torem se stal Josef Klob\u00e1sa\nz \u010d. 10. \u010clenov\u00e9 p\u0159edstavenstva: V. Zechmeister, Vladim\u00edr Svoboda, Josef Ne\u010das,\nOld\u0159ich L\u00edzal, Karla Stejskalov\u00e1, Apolonie Vahalov\u00e1, V\u00e1clav Vintrl\u00edk a\nFranti\u0161ek Vozdeck\u00fd.<\/p>\n\n\n\n<p>Etapovit\u00e1 v\u00fdstavba objekt\u016f: vytvo\u0159en\u00ed dru\u017estevn\u00ed z\u00e1kladny,\npot\u00e9 1. etapa: skupinov\u00e9 ust\u00e1jen\u00ed dobytka. K&nbsp;tomu \u00fa\u010delu byly vybr\u00e1ny st\u00e1je\nhospod\u00e1\u0159sk\u00fdch objekt\u016f: Ant. Stejskal z \u010d. 201, Ant. Ne\u010das z \u010d. 71, Jan Mat\u00fd\u0161ek z\n\u010d. 8 a \u010d. 60, MNV (p\u016fvodn\u011b st\u00e1j obecn\u00edch plemen\u00edk\u016f) \u010d. 25, Karel Hrabec z \u010d.\n55, Jakub Novotn\u00fd z \u010d. 48, Fr. Klob\u00e1sa z \u010d. 59, V\u00e1clav L\u00edzal z \u010d. 28, Fr. Ne\u010das\nz \u010d. 22 a Ant. Vintrl\u00edk z \u010d. 17.<\/p>\n\n\n\n<p>Ve 2. etap\u011b byly provedeny adaptace stodol: Pro ust\u00e1jen\u00ed\nprasat a hov\u011bz\u00edho dobytka byly \u010dleny stavebn\u00ed skupiny upraveny stodoly Martina\nRabovsk\u00e9ho z \u010d. 5, Josefa Klob\u00e1sy z \u010d. 10, Fr. Brychty z \u010d. 11, Josefa Brychty z\n\u010d. 14, Aloise Broskvy z \u010d. 15 a Vladim\u00edra Svobody z \u010d. 16. Spojen\u00edm stodol\nJaroslava Byst\u0159ick\u00e9ho z \u010d. 20, Fr. Strouhala z \u010d. 21 a Fr. Ne\u010dase z \u010d. 22 byla\npostavena dru\u017estevn\u00ed stodola. Ze stodoly Josefa Kone\u010dn\u00e9ho z \u010d. 59 byla\npostavena s\u00fdpka. Ze stodoly brat\u0159\u00ed Bed\u0159ich\u016f p\u0159i silnici k&nbsp;Div\u00e1k\u016fm byla\nz\u0159\u00edzena provizorn\u00ed gar\u00e1\u017e pro traktory, pro vina\u0159sk\u00e9 \u00fa\u010dely byl zaji\u0161t\u011bn sklep\nJany Ne\u010dase z \u010d. 13 a pro uskladn\u011bn\u00ed brambor byly p\u0159evzaty sklepy Jaroslava\nByst\u0159ick\u00e9ho a V\u00e1clava Bed\u0159icha z \u010d. 44. Dru\u017estevn\u00ed kancel\u00e1\u0159e byly z\u0159\u00edzeny ve\ndvou m\u00edstnostech budovy Jana Maty\u0161ka z \u010d. 60. Druhou p\u016fli ob\u00fdval traktorista\nJosef Strouhal z&nbsp;\u010d. 30. Dru\u017estevn\u00ed objekt \u010d. 8 ob\u00fdval traktorista Josef\nMat\u00fd\u0161ek z&nbsp;\u010d. 23. Pro dobytek ust\u00e1jen\u00fd v&nbsp;adaptovan\u00fdch objektech byl\nz\u0159\u00edzen samosp\u00e1dov\u00fd vodovod napojen\u00fd na po\u017e\u00e1rn\u00ed n\u00e1dr\u017e v&nbsp;ji\u017en\u00ed \u010d\u00e1sti obce.<\/p>\n\n\n\n<p>3,etapa &#8211; v\u00fdstavba hospod\u00e1\u0159sk\u00fdch objekt\u016f: dr\u016fbe\u017e\u00e1rna na v\u00fdm\u011b\u0159e 5 ha (Svatoj\u00e1nek), tj. 3 objekty: 2 panelov\u00e9 a 1 zd\u011bn\u00fd, postavili je zam\u011bstnanci OSP Hustope\u010de. Dodate\u010dn\u011b koupeno 5 voz\u016f pro p\u0159epravu nosnic. Z\u00e1sadn\u00ed nedostatek: m\u00edsto obr\u00e1cen\u00e9 k&nbsp;severu, \u0161patn\u00e1 p\u0159\u00edstupov\u00e1 cesta, v&nbsp;l\u00e9t\u011b \u017e\u00e1r a nutnost pravideln\u00e9ho dovozu vody. <\/p>\n\n\n\n<figure class=\"wp-block-image size-large\"><img loading=\"lazy\" decoding=\"async\" width=\"1024\" height=\"570\" src=\"http:\/\/symbivita.cz\/blog\/wp-content\/uploads\/2020\/06\/1962-dr\u016fbe\u017e\u00e1rna-1024x570.jpg\" alt=\"\" class=\"wp-image-630\" srcset=\"https:\/\/symbivita.cz\/blog\/wp-content\/uploads\/2020\/06\/1962-dr\u016fbe\u017e\u00e1rna-1024x570.jpg 1024w, https:\/\/symbivita.cz\/blog\/wp-content\/uploads\/2020\/06\/1962-dr\u016fbe\u017e\u00e1rna-300x167.jpg 300w, https:\/\/symbivita.cz\/blog\/wp-content\/uploads\/2020\/06\/1962-dr\u016fbe\u017e\u00e1rna-768x428.jpg 768w, https:\/\/symbivita.cz\/blog\/wp-content\/uploads\/2020\/06\/1962-dr\u016fbe\u017e\u00e1rna.jpg 1278w\" sizes=\"(max-width: 1024px) 100vw, 1024px\" \/><\/figure>\n\n\n\n<p>V&nbsp;humn\u011b usedlosti \u017dofie \u010cern\u00e9 \u010d. 12 byl postaven d\u0159ev\u011bn\u00fd vep\u0159\u00edn. V&nbsp;dru\u017estevn\u00edm st\u0159edisku JZD p\u0159i silnici do K\u0159epic postupn\u011b postaveno: krav\u00edn \u010d. 1 pro 100 kus\u016f, zd\u011bn\u00fd s&nbsp;p\u016fdn\u00edm prostorem, krav\u00edn \u010d. 2 pro 100 kus\u016f &#8211; nevyhovuj\u00edc\u00ed panelov\u00fd, bez p\u016fdn\u00edho prostoru, porodna \u010d. 1 pro 60 kus\u016f, panelov\u00e1, porodna \u010d. 2 pro 100 kus\u016f, zd\u011bn\u00e1, samokrmu\u0161ka pro 300 kus\u016f, zd\u011bn\u00e1. D\u00e1le dv\u011b d\u0159ev\u011bn\u00e9 k\u016flny pro uskladn\u011bn\u00ed stroj\u016f, z&nbsp;nich\u017e \u00bc byla vyu\u017eita pro z\u0159\u00edzen\u00ed oprav\u00e1\u0159sk\u00e9 d\u00edlny, mostn\u00ed v\u00e1ha a rozs\u00e1hl\u00e1 panelov\u00e1 sil\u00e1\u017en\u00ed j\u00e1ma. Z\u00e1sobov\u00e1n\u00ed vodou bylo zaji\u0161t\u011bno v\u00fdstavbou vodovodu a vod\u00e1rny v&nbsp;oblasti Lou\u010dky.<\/p>\n\n\n\n<figure class=\"wp-block-image size-large\"><img loading=\"lazy\" decoding=\"async\" width=\"984\" height=\"656\" src=\"http:\/\/symbivita.cz\/blog\/wp-content\/uploads\/2020\/06\/1962-krav\u00edn.jpg\" alt=\"\" class=\"wp-image-631\" srcset=\"https:\/\/symbivita.cz\/blog\/wp-content\/uploads\/2020\/06\/1962-krav\u00edn.jpg 984w, https:\/\/symbivita.cz\/blog\/wp-content\/uploads\/2020\/06\/1962-krav\u00edn-300x200.jpg 300w, https:\/\/symbivita.cz\/blog\/wp-content\/uploads\/2020\/06\/1962-krav\u00edn-768x512.jpg 768w\" sizes=\"(max-width: 984px) 100vw, 984px\" \/><\/figure>\n\n\n\n<p>V&nbsp;obecn\u00ed kronice je naps\u00e1no: Je smutn\u00e9, \u017ee po 5-6\nletech existence dru\u017estva vyhl\u00ed\u017e\u00ed st\u0159edisko jako m\u00edsto, p\u0159es kter\u00e9 se p\u0159ehnala\nfronta, a sv\u00fdm vzhledem nutn\u011b p\u0159ipom\u00edn\u00e1 velkostatky z&nbsp;doby 1. republiky,\nz&nbsp;nich\u017e se sna\u017eili n\u00e1jemci vytlouci co nejv\u00edce za cenu minim\u00e1ln\u00edch oprav.<\/p>\n\n\n\n<p>\u017d\u00e1ci dev\u00e1t\u00fdch ro\u010dn\u00edk\u016f m\u011bli exkurzi do d\u0159evov\u00fdroby\nv&nbsp;Borkovanech, kde z\u00edskali odpadov\u00fd materi\u00e1l pro pr\u00e1ci v&nbsp;d\u00edln\u00e1ch, a do\nlihovaru v&nbsp;Div\u00e1k\u00e1ch. U\u010d. Drahom\u00edra \u010cern\u00e1 pracovala s&nbsp;d\u011btmi v&nbsp;PO,\nhlavn\u011b v t\u011blov\u00fdchov\u011b a kultu\u0159e. <a>\u017d\u00e1ci VIII. t\u0159\u00eddy p\u0159ipravili\nv dramatick\u00e9m krou\u017eku ma\u0148\u00e1skov\u00e9 sc\u00e9nky pro mlad\u0161\u00ed d\u011bti a divadeln\u00ed hru \u201eJak\nkv\u011btiny p\u0159ezimovaly\u201c. <\/a><\/p>\n\n\n\n<p>P\u0159edvedli\nji i v&nbsp;K\u0159epic\u00edch. <\/p>\n\n\n\n<p>T.r. se vyskytly jen 2 p\u0159\u00edpady inf. \u017dloutenky. \u017d\u00e1kyn\u011b VIII.\nT\u0159. Helena Klob\u00e1sov\u00e1 si p\u0159i hodin\u011b TV zlomila nohu v&nbsp;holeni. Byla\nzakoupena nov\u00e1 rozhlasov\u00e1 \u00fast\u0159edna a provedena oprava veden\u00ed za 23&nbsp;000\nkorun.<\/p>\n\n\n\n<p>V\u00fdlety: \u017e\u00e1ci I. st.- okol\u00ed obce a okresu B\u0159eclav, \u017e\u00e1ci VI. a VII. t\u0159. &#8211; z\u00e1jezd na Macochu, Pern\u0161t\u00fdn a Kun\u0161t\u00e1t, \u017e\u00e1ci VIII. t\u0159. -planet\u00e1rium v&nbsp;Brn\u011b a 9. t\u0159. &#8211; z\u00e1padn\u00ed \u010cechy. 28. 6. a\u017e 1. 7. organizoval u\u010d. Josef \u010cern\u00fd putov\u00e1n\u00ed a stanov\u00e1n\u00ed v&nbsp;okol\u00ed Mikulova.<\/p>\n\n\n\n<figure class=\"wp-block-image size-large\"><img loading=\"lazy\" decoding=\"async\" width=\"728\" height=\"469\" src=\"http:\/\/symbivita.cz\/blog\/wp-content\/uploads\/2020\/06\/Jak-kv\u011btinky-p\u0159ezimovaly-mix.jpg\" alt=\"\" class=\"wp-image-632\" srcset=\"https:\/\/symbivita.cz\/blog\/wp-content\/uploads\/2020\/06\/Jak-kv\u011btinky-p\u0159ezimovaly-mix.jpg 728w, https:\/\/symbivita.cz\/blog\/wp-content\/uploads\/2020\/06\/Jak-kv\u011btinky-p\u0159ezimovaly-mix-300x193.jpg 300w\" sizes=\"(max-width: 728px) 100vw, 728px\" \/><\/figure>\n\n\n\n<p>Osv\u011btov\u00e1 beseda organizovala z\u00e1jezdy dru\u017estevn\u00edk\u016f do brn\u011bnsk\u00fdch divadel. Organiz\u00e1to\u0159i nar\u00e1\u017eeli na n\u00e1mitky n\u011bkter\u00fdch \u00fa\u010dastn\u00edk\u016f proti oper\u00e1m \u010di hr\u00e1m, pokud se t\u00fdkaly n\u00e1bo\u017eenstv\u00ed.<\/p>\n\n\n\n<figure class=\"wp-block-image size-large\"><img loading=\"lazy\" decoding=\"async\" width=\"959\" height=\"600\" src=\"http:\/\/symbivita.cz\/blog\/wp-content\/uploads\/2020\/06\/1962-z\u00e1jezd.jpg\" alt=\"\" class=\"wp-image-633\" srcset=\"https:\/\/symbivita.cz\/blog\/wp-content\/uploads\/2020\/06\/1962-z\u00e1jezd.jpg 959w, https:\/\/symbivita.cz\/blog\/wp-content\/uploads\/2020\/06\/1962-z\u00e1jezd-300x188.jpg 300w, https:\/\/symbivita.cz\/blog\/wp-content\/uploads\/2020\/06\/1962-z\u00e1jezd-768x481.jpg 768w\" sizes=\"(max-width: 959px) 100vw, 959px\" \/><\/figure>\n\n\n\n<p>SPOZ &#8211; p\u0159edseda Miloslav \u017d\u00e1k.<\/p>\n\n\n\n<p>&nbsp;V\u00edt\u00e1n\u00ed ob\u010d\u00e1nk\u016f<\/p>\n\n\n\n<p>29. \u010dervna byl ukon\u010den \u0161koln\u00ed rok. O pr\u00e1zdnin\u00e1ch \u017e\u00e1ci\nskl\u00edzeli plodiny \u0161koln\u00ed zahrady, star\u0161\u00ed \u017e\u00e1ci sb\u00edrali za odm\u011bnu okurky na\npozemc\u00edch JZD. Ostatn\u00ed brig\u00e1dy n\u011bkte\u0159\u00ed rodi\u010de bojkotovali s&nbsp;t\u00edm, \u017ee jejich\nd\u011bti maj\u00ed o pr\u00e1zdnin\u00e1ch pr\u00e1vo na odpo\u010dinek.<\/p>\n\n\n\n<p>1. \u010dervence byla provedena celost\u00e1tn\u00ed spr\u00e1vn\u00ed reorganizace: M\u00edsto okresu Hustope\u010de byl i z&nbsp;dal\u0161\u00edch celk\u016f vytvo\u0159en okres B\u0159eclav. Zm\u011bna obci neprosp\u011bla, od n\u00e1s byl sp\u00e1d sm\u011brem na Brno. Cesta do Brna trvala 1 hodinu, cesta do B\u0159eclavi vedla autobusem do Hru\u0161ovan, a pak vlakem do B\u0159eclavi a trvala 2 hodiny. V&nbsp;po\u010d\u00e1tc\u00edch JZD konaly mechaniza\u010dn\u00ed pr\u00e1ce STS Hustope\u010de, po zm\u011bn\u011b st\u0159edisko STS v&nbsp;\u0160itbo\u0159ic\u00edch. 1. traktor s&nbsp;vle\u010dkou: Zetor 25 A, 1. traktoristou byl Fr. Sedl\u00e1\u010dek z \u010d. 6. <\/p>\n\n\n\n<p>\u0158idi\u010dem n\u00e1klad. auta Praga V3S byl Josef Mat\u00fd\u0161ek z \u010d.23, pot\u00e9 Josef Major z \u010d. 15, p\u0159i\u0161el z Doprav. podniku m. Brna. Po p\u0159id\u011blen\u00ed sov\u011btsk\u00e9ho kombajnu SK3 zaji\u0161\u0165ovala obsluhu skupina Jaroslav Helma z \u010d. 26 a Jaroslav Ot\u0159\u00edsal z \u010d. 200. S&nbsp;\u0159\u00e1dkova\u010dem pracoval Miroslav Ne\u010das z \u010d. 37. Ze st\u00e1j\u00ed byla adaptov\u00e1na budova po\u017e\u00e1rn\u00ed zbrojnice.<\/p>\n\n\n\n<figure class=\"wp-block-image size-large\"><img loading=\"lazy\" decoding=\"async\" width=\"959\" height=\"600\" src=\"http:\/\/symbivita.cz\/blog\/wp-content\/uploads\/2020\/06\/1962-set\u00ed.jpg\" alt=\"\" class=\"wp-image-634\" srcset=\"https:\/\/symbivita.cz\/blog\/wp-content\/uploads\/2020\/06\/1962-set\u00ed.jpg 959w, https:\/\/symbivita.cz\/blog\/wp-content\/uploads\/2020\/06\/1962-set\u00ed-300x188.jpg 300w, https:\/\/symbivita.cz\/blog\/wp-content\/uploads\/2020\/06\/1962-set\u00ed-768x481.jpg 768w\" sizes=\"(max-width: 959px) 100vw, 959px\" \/><\/figure>\n\n\n\n<p>14. \u010dervna prob\u011bhly v&nbsp;s\u00e1le MNV volby do KNV, ONV, MNV.\nVolebn\u00ed komise: Jan M\u00e1j, And\u011bla L\u00edzalov\u00e1, Fr. Stejskal, Vil\u00e9m Pivec, Alois\nNe\u010das, Jarol\u00edm Ne\u010das a Fr. Ne\u010das. Z\u00e1stupcem volebn\u00ed komise volby do KNV byl \u0159editel\nZ\u0160 Rudolf Kol\u00ednsk\u00fd. Kulturn\u00ed vlo\u017eky vys\u00edlal m\u00edstn\u00ed rozhlas, nacvi\u010dili je \u010dlenov\u00e9\nPO s&nbsp;u\u010d. Josefem \u010cern\u00fdm.<\/p>\n\n\n\n<p>Na 1. plen\u00e1rn\u00edm zased\u00e1n\u00ed MNV byli ur\u010deni \u010dleny rady: Jaroslav\nByst\u0159ick\u00fd, p\u0159edseda MNV, uvoln\u011bn, Josef Han\u00e1k, p\u0159edseda finan\u010dn\u00ed a pl\u00e1novac\u00ed\nkomise, Miloslav \u017d\u00e1k, p\u0159edseda soci\u00e1ln\u00ed komise, Josef \u010cern\u00fd, p\u0159edseda kulturn\u00ed\na \u0161koln\u00ed komise, Pavel Urb\u00e1nek, p\u0159edseda zem\u011bd\u011blsk\u00e9 komise, Jan Hrabec,\np\u0159edseda komise v\u00fdstavby, Alois B\u00edlek, p\u0159edseda komise pro ve\u0159ejn\u00fd po\u0159\u00e1dek, Jaroslav\nOt\u0159\u00edsal, \u010dlen rady, Kv\u011bta Petrlov\u00e1, tajemnice MNV. \u00da\u010detn\u00ed MNV Libu\u0161e Brychtov\u00e1 &#8211;\nSvobodov\u00e1, po ukon\u010den\u00e9 MD sem znovu nastoupila. Soudcem z&nbsp;povol\u00e1n\u00ed zvolena\nJUDr. I. Tenkov\u00e1 a soudcem z&nbsp;lidu Anton\u00edn Vintrl\u00edk z \u010d. 17.<\/p>\n\n\n\n<p>Do\u017e\u00ednky <\/p>\n\n\n\n<figure class=\"wp-block-image size-large\"><img loading=\"lazy\" decoding=\"async\" width=\"1024\" height=\"649\" src=\"http:\/\/symbivita.cz\/blog\/wp-content\/uploads\/2020\/06\/1963-Do\u017e\u00ednky-1024x649.jpg\" alt=\"\" class=\"wp-image-635\" srcset=\"https:\/\/symbivita.cz\/blog\/wp-content\/uploads\/2020\/06\/1963-Do\u017e\u00ednky-1024x649.jpg 1024w, https:\/\/symbivita.cz\/blog\/wp-content\/uploads\/2020\/06\/1963-Do\u017e\u00ednky-300x190.jpg 300w, https:\/\/symbivita.cz\/blog\/wp-content\/uploads\/2020\/06\/1963-Do\u017e\u00ednky-768x487.jpg 768w, https:\/\/symbivita.cz\/blog\/wp-content\/uploads\/2020\/06\/1963-Do\u017e\u00ednky.jpg 1122w\" sizes=\"(max-width: 1024px) 100vw, 1024px\" \/><\/figure>\n\n\n\n<p>1. srpna do Z\u0160 p\u0159ijata \u0161kolnice Anna Hrabcov\u00e1.<\/p>\n\n\n\n<p>V&nbsp;obci byla zalo\u017eena odbo\u010dka Svazu chovatel\u016f dom\u00e1c\u00edho\nhospod\u00e1\u0159sk\u00e9ho zv\u00ed\u0159ectva, vede Fr. Strouhal z \u010d. 21.<\/p>\n\n\n\n<ol>\n<li>z\u00e1\u0159\u00ed\nbyl zah\u00e1jen \u0161koln\u00ed rok 1963\/64. \u017d\u00e1ci uv\u00edt\u00e1ni hudbou z&nbsp;rozhlasu MNV, akci\norganizoval u\u010ditel Miloslav \u017d\u00e1k. \u010cleny u\u010ditelsk\u00e9ho sboru byli: Rudolf Kol\u00ednsk\u00fd,\n\u0159editel, Josef Han\u00e1k, z\u00e1stupce \u0159editele, Vlasta Kol\u00ednsk\u00e1, u\u010ditelka, Miloslav\n\u017d\u00e1k, u\u010ditel, Milo\u0161 Strouhal, u\u010ditel, Josef \u010cern\u00fd, u\u010ditel (ukon\u010dil&nbsp; zd\u00e1rn\u011b d\u00e1lkov\u00e9 studium), Drahom\u00edra \u010cern\u00e1,\nu\u010ditelka, V\u011bra Vozdeck\u00e1, u\u010ditelka, Ludmila Salcburgerov\u00e1, u\u010ditelka, And\u011bla\nL\u00edzalov\u00e1, u\u010ditelka, Anton\u00edna Nov\u00e1kov\u00e1, u\u010ditelka, Libu\u0161e Vrbov\u00e1, u\u010ditelka a\nAlois Horn\u00ed\u010dek, u\u010ditel. Z\u00e1kladn\u00ed dev\u00edtilet\u00e1 \u0161kola m\u011bla dev\u011bt t\u0159\u00edd a osm u\u010deben.<\/li>\n<\/ol>\n\n\n\n<p>18. z\u00e1\u0159\u00ed se \u017e\u00e1ci 9. t\u0159. z\u00fa\u010dastnili exkurze do Brna na veletrh.<\/p>\n\n\n\n<p>24. z\u00e1\u0159\u00ed skupinov\u00e9 shrom\u00e1\u017ed\u011bn\u00ed PO.<\/p>\n\n\n\n<figure class=\"wp-block-image size-large\"><img loading=\"lazy\" decoding=\"async\" width=\"959\" height=\"600\" src=\"http:\/\/symbivita.cz\/blog\/wp-content\/uploads\/2020\/06\/1963-vinobran\u00ed.jpg\" alt=\"\" class=\"wp-image-636\" srcset=\"https:\/\/symbivita.cz\/blog\/wp-content\/uploads\/2020\/06\/1963-vinobran\u00ed.jpg 959w, https:\/\/symbivita.cz\/blog\/wp-content\/uploads\/2020\/06\/1963-vinobran\u00ed-300x188.jpg 300w, https:\/\/symbivita.cz\/blog\/wp-content\/uploads\/2020\/06\/1963-vinobran\u00ed-768x481.jpg 768w\" sizes=\"(max-width: 959px) 100vw, 959px\" \/><\/figure>\n\n\n\n<figure class=\"wp-block-image size-large\"><img loading=\"lazy\" decoding=\"async\" width=\"959\" height=\"600\" src=\"http:\/\/symbivita.cz\/blog\/wp-content\/uploads\/2020\/06\/1963-hon.jpg\" alt=\"\" class=\"wp-image-637\" srcset=\"https:\/\/symbivita.cz\/blog\/wp-content\/uploads\/2020\/06\/1963-hon.jpg 959w, https:\/\/symbivita.cz\/blog\/wp-content\/uploads\/2020\/06\/1963-hon-300x188.jpg 300w, https:\/\/symbivita.cz\/blog\/wp-content\/uploads\/2020\/06\/1963-hon-768x481.jpg 768w\" sizes=\"(max-width: 959px) 100vw, 959px\" \/><\/figure>\n\n\n\n<p>9. listopadu oslava V\u0158SR.<\/p>\n\n\n\n<p>11. listopadu se 63 \u017e\u00e1k\u016f \u00fa\u010dastnilo \u0161t\u00edtkov\u00e9 akce v&nbsp;Hustope\u010d\u00edch.<\/p>\n\n\n\n<p>30. listopadu shl\u00e9dli \u017e\u00e1ci barevn\u00fd film Rusalka.<\/p>\n\n\n\n<p><strong>1964<\/strong><\/p>\n\n\n\n<p>Leden mraziv\u00fd, \u00fanor\nnav\u00edc doprov\u00e1zen sn\u011bhov\u00fdmi a de\u0161\u0165ov\u00fdmi p\u0159eh\u00e1\u0148kami. V\u011bt\u0161\u00ed oteplen\u00ed p\u0159i\u0161lo na\nkonci b\u0159ezna. V dubnu a kv\u011btnu bylo po\u010das\u00ed tepl\u00e9, ob\u010das de\u0161tiv\u00e9. V \u010dervnu\np\u0159i\u0161la velk\u00e1 bou\u0159ka s&nbsp;krupobit\u00edm a zp\u016fsobila \u0161kody na pol\u00edch. Ob\u010dasn\u00e9\nbou\u0159ky prov\u00e1zely i \u010dervenec a srpen. V z\u00e1\u0159\u00ed bylo st\u00e1le teplo a bez bou\u0159ek. V\n\u0159\u00edjnu byly ob\u010dasn\u00e9 p\u0159eh\u00e1\u0148ky. V listopadu se objevil prvn\u00ed mr\u00e1z a 17. listopadu\nsiln\u00e1 sn\u011bhov\u00e1 bou\u0159e s vich\u0159ic\u00ed, je\u017e zp\u016fsobila v\u00fdpadek proudu. Prosinec byl\nm\u00edrn\u011b mraziv\u00fd s ob\u010dasn\u00fdm sn\u011b\u017een\u00edm.<\/p>\n\n\n\n<p>Na\ntrh byl uveden automobil&nbsp;<a href=\"https:\/\/cs.wikipedia.org\/wiki\/%C5%A0koda_1000_MB\">\u0160koda 1000 MB<\/a>.<\/p>\n\n\n\n<p>7. \u00fanora se konala\nv\u00fdro\u010dn\u00ed sch\u016fze JZD. Funkc\u00ed p\u0159edsedy pov\u011b\u0159en V\u00e1clav Zechmeister, agronomem\nz\u016fstal ing. Jaroslav Skalick\u00fd, skupin\u00e1\u0159i z\u016fstali Pavel Urb\u00e1nek a V\u00e1clav L\u00edzal a\nveden\u00ed pr\u00e1ce v&nbsp;\u017eivo\u010di\u0161n\u00e9 v\u00fdrob\u011b bylo sv\u011b\u0159eno V. Vintrl\u00edkovi a V. Z\u00e1black\u00e9mu.\n\u010cleny p\u0159edstavenstva se stali: V\u00e1clav Zechmeister, Old\u0159ich Gazda, Jaroslav\nHelma, Old\u0159ich L\u00edzal -m\u00edstop\u0159edseda, Vincenc Z\u00e1black\u00fd, Kv\u011bta Stejskalov\u00e1 a\nVladim\u00edr Svoboda. Vedouc\u00edm mechaniza\u010dn\u00ed skupiny z\u016fstal Josef Klob\u00e1sa a stavebn\u00ed\nskupinu \u0159\u00eddil zedn\u00edk F. Jel\u00ednek. Revizn\u00ed komisi tvo\u0159ili Franti\u0161ek Vozdeck\u00fd, kov\u00e1\u0159,\nJakub B\u00edlek, Josef Ne\u010das a V. Mat\u00fd\u0161ek.<\/p>\n\n\n\n<p>9. ledna byly poprv\u00e9 pod\u00e1v\u00e1ny p\u0159ihl\u00e1\u0161en\u00fdm \u017e\u00e1k\u016fm\nv&nbsp;m\u00edstn\u00edm pohostinstv\u00ed p\u0159esn\u00edd\u00e1vky.<\/p>\n\n\n\n<p>9. b\u0159ezna v\u00fdchovn\u00fd koncert brn\u011bnsk\u00fdch um\u011blc\u016f (Filkov\u00e1,\nJure\u010dka).<\/p>\n\n\n\n<p>Jaro such\u00e9, s&nbsp;velmi slabou vl\u00e1hou.<\/p>\n\n\n\n<p>Divadlo: Jak kv\u011btinky p\u0159ezimovaly. Re\u017eie: Drahom\u00edra \u010cern\u00e1.<\/p>\n\n\n\n<p><a>Zapo\u010data&nbsp;v\u00fdstavba\nbetonov\u00e9ho parketu p\u0159ed budovou MNV.<\/a><\/p>\n\n\n\n<p>C\u00edl: z\u00edskat pevn\u00fd tane\u010dn\u00ed parket, zlep\u0161it vzhled st\u0159edu\nobce a zamezit usklad\u0148ov\u00e1n\u00ed voz\u016f a vle\u010dek JZD p\u0159ed budovou MNV.<\/p>\n\n\n\n<p>Dohled nad pracemi, konan\u00fdmi v\u011bt\u0161inou brig\u00e1dnicky, m\u011bli\ntechnici Jan Hrabec, Miroslav Barton\u011bk a B\u0159etislav \u0160\u0165av\u00edk. Ozdobn\u00e9 oplocen\u00ed\nvykoval Fr. Vozdeck\u00fd a na ji\u017en\u00ed stran\u011b postavena hudebn\u00edk\u016fm tribuna kryt\u00e1\nlamin\u00e1tov\u00fdmi deskami. <\/p>\n\n\n\n<p>Posledn\u00ed pr\u00e1ce na \u00faprav\u011b parketu.<\/p>\n\n\n\n<figure class=\"wp-block-image size-large\"><img loading=\"lazy\" decoding=\"async\" width=\"418\" height=\"602\" src=\"http:\/\/symbivita.cz\/blog\/wp-content\/uploads\/2020\/06\/1964-pr\u00e1ce-na-parketu.jpg\" alt=\"\" class=\"wp-image-638\" srcset=\"https:\/\/symbivita.cz\/blog\/wp-content\/uploads\/2020\/06\/1964-pr\u00e1ce-na-parketu.jpg 418w, https:\/\/symbivita.cz\/blog\/wp-content\/uploads\/2020\/06\/1964-pr\u00e1ce-na-parketu-208x300.jpg 208w\" sizes=\"(max-width: 418px) 100vw, 418px\" \/><\/figure>\n\n\n\n<p>&nbsp;Na sn\u00edmku je J. Major, \u0159idi\u010d&nbsp; JZD, kter\u00fd p\u0159ivezl obrubn\u00edky.<\/p>\n\n\n\n<figure class=\"wp-block-image size-large\"><img loading=\"lazy\" decoding=\"async\" width=\"639\" height=\"453\" src=\"http:\/\/symbivita.cz\/blog\/wp-content\/uploads\/2020\/06\/1964-d\u011bti-brig\u00e1da-na-parketu.jpg\" alt=\"\" class=\"wp-image-639\" srcset=\"https:\/\/symbivita.cz\/blog\/wp-content\/uploads\/2020\/06\/1964-d\u011bti-brig\u00e1da-na-parketu.jpg 639w, https:\/\/symbivita.cz\/blog\/wp-content\/uploads\/2020\/06\/1964-d\u011bti-brig\u00e1da-na-parketu-300x213.jpg 300w\" sizes=\"(max-width: 639px) 100vw, 639px\" \/><\/figure>\n\n\n\n<p>\u0160kol\u00e1ci se pod\u00edleli na \u00faprav\u011b st\u0159edu obce. <\/p>\n\n\n\n<p>Na nov\u00e9m parketu byly kon\u00e1ny tradi\u010dn\u00ed hody.<\/p>\n\n\n\n<figure class=\"wp-block-image size-large\"><img loading=\"lazy\" decoding=\"async\" width=\"954\" height=\"658\" src=\"http:\/\/symbivita.cz\/blog\/wp-content\/uploads\/2020\/06\/1964-hody.jpg\" alt=\"\" class=\"wp-image-640\" srcset=\"https:\/\/symbivita.cz\/blog\/wp-content\/uploads\/2020\/06\/1964-hody.jpg 954w, https:\/\/symbivita.cz\/blog\/wp-content\/uploads\/2020\/06\/1964-hody-300x207.jpg 300w, https:\/\/symbivita.cz\/blog\/wp-content\/uploads\/2020\/06\/1964-hody-768x530.jpg 768w\" sizes=\"(max-width: 954px) 100vw, 954px\" \/><\/figure>\n\n\n\n<p>15. dubna byly vyd\u00e1v\u00e1ny ob\u010dansk\u00e9 pr\u016fkazy \u017e\u00e1k\u016fm, kte\u0159\u00ed\ndos\u00e1hli patn\u00e1cti let, a konala se i oslava osvobozen\u00ed obce RA. Z\u00fa\u010dastnil se kpt.\nRudolf \u0160im\u00e1\u010dek, interbrigadista a voj\u00e1k \u010ds. arm\u00e1dn\u00edho sboru<\/p>\n\n\n\n<p>Uvoln\u011bn\u00fd p\u0159edseda MNV Jaroslav Byst\u0159ick\u00fd pokra\u010doval nov\u011b v&nbsp;dal\u0161\u00ed v\u00fdstavb\u011b obce. Adaptov\u00e1na b\u00fdval\u00e1 radnice na osv\u011btov\u00fd d\u016fm, odstran\u011bny ob\u011b kancel\u00e1\u0159e, t\u00edm zv\u011bt\u0161en prostor s\u00e1lu, vzadu postaveno soci\u00e1ln\u00ed za\u0159\u00edzen\u00ed, \u0161atna a v\u00fd\u010dep.<\/p>\n\n\n\n<figure class=\"wp-block-image size-large\"><img loading=\"lazy\" decoding=\"async\" width=\"954\" height=\"658\" src=\"http:\/\/symbivita.cz\/blog\/wp-content\/uploads\/2020\/06\/1964-p\u0159estavba.jpg\" alt=\"\" class=\"wp-image-641\" srcset=\"https:\/\/symbivita.cz\/blog\/wp-content\/uploads\/2020\/06\/1964-p\u0159estavba.jpg 954w, https:\/\/symbivita.cz\/blog\/wp-content\/uploads\/2020\/06\/1964-p\u0159estavba-300x207.jpg 300w, https:\/\/symbivita.cz\/blog\/wp-content\/uploads\/2020\/06\/1964-p\u0159estavba-768x530.jpg 768w\" sizes=\"(max-width: 954px) 100vw, 954px\" \/><\/figure>\n\n\n\n<p>Byla zlikvidov\u00e1na st\u00e1j obecn\u00edch plemen\u00edk\u016f a postavena nov\u00e1\npo\u017e\u00e1rn\u00ed zbrojnice s klubovnou.<\/p>\n\n\n\n<p>Nov\u00e1 budova MNV byla adaptov\u00e1na z&nbsp;domu \u010d. 85, kter\u00fd\nbyl konfisk\u00e1tem. M\u00e1 dv\u011b kancel\u00e1\u0159e, zasedac\u00ed s\u00ed\u0148, mal\u00fd sklad CO, po\u0161tovnu, soci\u00e1l.\nza\u0159\u00edzen\u00ed, kotelnu a za pr\u016fchodem dv\u011b m\u00edstnosti zdr. st\u0159ediska. Obvod. l\u00e9ka\u0159\nMUDr. M. R\u016f\u017ei\u010dka tu ordinoval 2 x t\u00fddn\u011b. Pozd\u011bji v&nbsp;provozu jen d\u011btsk\u00e1\nporadna.<\/p>\n\n\n\n<p>Adaptace domu J. Mat\u00fd\u0161ka z \u010d. 60 na mate\u0159skou \u0161kolu.<\/p>\n\n\n\n<p>25.z\u00e1\u0159\u00ed Sbor pro ob\u010dansk\u00e9 z\u00e1le\u017eitosti ( p\u0159edseda Miloslav \u017d\u00e1k)p\u0159ipravil akci V\u00edt\u00e1n\u00ed nov\u00fdch ob\u010dan\u016f. Slavnost se konala v&nbsp;s\u00e1le&nbsp; MNV za \u00fa\u010dasti&nbsp; rodi\u010d\u016f, p\u0159edstavitel\u016f MNV a&nbsp; v\u00fdboru \u017een. Kulturn\u00ed vlo\u017eku se \u017e\u00e1ky p\u0159ipravil u\u010ditel Josef \u010cern\u00fd.<\/p>\n\n\n\n<figure class=\"wp-block-image size-large\"><img loading=\"lazy\" decoding=\"async\" width=\"494\" height=\"348\" src=\"http:\/\/symbivita.cz\/blog\/wp-content\/uploads\/2020\/06\/1964-v\u00edt\u00e1n\u00ed.jpg\" alt=\"\" class=\"wp-image-642\" srcset=\"https:\/\/symbivita.cz\/blog\/wp-content\/uploads\/2020\/06\/1964-v\u00edt\u00e1n\u00ed.jpg 494w, https:\/\/symbivita.cz\/blog\/wp-content\/uploads\/2020\/06\/1964-v\u00edt\u00e1n\u00ed-300x211.jpg 300w\" sizes=\"(max-width: 494px) 100vw, 494px\" \/><\/figure>\n\n\n\n<p>V \u010dervnu se \u017e\u00e1ci 9. t\u0159. z\u00fa\u010dastnili \u010dty\u0159denn\u00edho v\u00fdletu do\nBeskyd.<\/p>\n\n\n\n<p>Po dvou letech jedn\u00e1n\u00ed byla opravena ploch\u00e1 st\u0159echa hlavn\u00ed \u010d\u00e1sti\n\u0161koly.<\/p>\n\n\n\n<p>22. \u010dervna zah\u00e1jeny p\u0159\u00edpravn\u00e9 pr\u00e1ce k&nbsp;oprav\u011b \u0161koln\u00ed\nbudovy. Op\u011bt s&nbsp;velk\u00fdmi probl\u00e9my.<\/p>\n\n\n\n<p>Ve studn\u00e1ch klesala hladiny vody, sucho.<\/p>\n\n\n\n<p>P\u0159es pr\u00e1zdniny \u0161kol\u00e1ci brig\u00e1dni\u010dili na \u0161koln\u00ed zahrad\u011b a o\u0161et\u0159ov\u00e1n\u00ed kuku\u0159ice, \u010dlenov\u00e9 ovocn\u00e1\u0159sk\u00e9ho krou\u017eku o\u010dkovali 260 broskv\u00ed. V\u010dela\u0159sk\u00fd krou\u017eek z\u00edskal od v\u010delstva 23,5 kg medu.<\/p>\n\n\n\n<figure class=\"wp-block-image size-large\"><img loading=\"lazy\" decoding=\"async\" width=\"667\" height=\"432\" src=\"http:\/\/symbivita.cz\/blog\/wp-content\/uploads\/2020\/06\/1964-v\u010dela\u0159i.jpg\" alt=\"\" class=\"wp-image-643\" srcset=\"https:\/\/symbivita.cz\/blog\/wp-content\/uploads\/2020\/06\/1964-v\u010dela\u0159i.jpg 667w, https:\/\/symbivita.cz\/blog\/wp-content\/uploads\/2020\/06\/1964-v\u010dela\u0159i-300x194.jpg 300w\" sizes=\"(max-width: 667px) 100vw, 667px\" \/><\/figure>\n\n\n\n<p>\u017d\u00e1ci pomohli sklidit okurky, \u010distit obil\u00ed, svozit zrno a\nsl\u00e1mu (jmenov\u00e1ni: Tenek, Hir\u0161, R\u016f\u017ea, Vala Jan a Karel, Byst\u0159ick\u00fd, Kone\u010dn\u00fd).<\/p>\n\n\n\n<p><a href=\"https:\/\/cs.wikipedia.org\/wiki\/6._%C4%8Dervenec\">6.\n\u010dervence<\/a>&nbsp;m\u011bl\nv Lond\u00fdn\u011b premi\u00e9ru film o&nbsp;<a href=\"https:\/\/cs.wikipedia.org\/wiki\/The_Beatles\">Beatles<\/a>&nbsp;<a href=\"https:\/\/cs.wikipedia.org\/wiki\/Pern%C3%BD_den\">Pern\u00fd den<\/a><\/p>\n\n\n\n<p>P\u0159\u00edprava na \u017en\u011b, oprava samovazu: <br> kov\u00e1\u0159 Franti\u0161ek Vozdeck\u00fd, mechaniz\u00e1tor J. Klob\u00e1sa a traktorista Ne\u010das.<\/p>\n\n\n\n<figure class=\"wp-block-image size-large\"><img loading=\"lazy\" decoding=\"async\" width=\"897\" height=\"600\" src=\"http:\/\/symbivita.cz\/blog\/wp-content\/uploads\/2020\/06\/1964-p\u0159\u00edprava-na-\u017en\u011b.jpg\" alt=\"\" class=\"wp-image-644\" srcset=\"https:\/\/symbivita.cz\/blog\/wp-content\/uploads\/2020\/06\/1964-p\u0159\u00edprava-na-\u017en\u011b.jpg 897w, https:\/\/symbivita.cz\/blog\/wp-content\/uploads\/2020\/06\/1964-p\u0159\u00edprava-na-\u017en\u011b-300x201.jpg 300w, https:\/\/symbivita.cz\/blog\/wp-content\/uploads\/2020\/06\/1964-p\u0159\u00edprava-na-\u017en\u011b-768x514.jpg 768w\" sizes=\"(max-width: 897px) 100vw, 897px\" \/><\/figure>\n\n\n\n<p>P\u0159\u00edprava je\u010dmene pro sklize\u0148 samovazy. Obsek\u00e1v\u00e1n\u00ed provedla skupina nejstar\u0161\u00edch \u010dlen\u016f, kter\u00e1 je\u0161t\u011b zn\u00e1 um\u011bn\u00ed&nbsp; ru\u010dn\u00edho kosen\u00ed. Na sn\u00edmku Josef Hlav\u00e1\u010dek a odb\u011bra\u010dky.<\/p>\n\n\n\n<figure class=\"wp-block-image size-large\"><img loading=\"lazy\" decoding=\"async\" width=\"614\" height=\"521\" src=\"http:\/\/symbivita.cz\/blog\/wp-content\/uploads\/2020\/06\/1964-\u017en\u011b.jpg\" alt=\"\" class=\"wp-image-645\" srcset=\"https:\/\/symbivita.cz\/blog\/wp-content\/uploads\/2020\/06\/1964-\u017en\u011b.jpg 614w, https:\/\/symbivita.cz\/blog\/wp-content\/uploads\/2020\/06\/1964-\u017en\u011b-300x255.jpg 300w\" sizes=\"(max-width: 614px) 100vw, 614px\" \/><\/figure>\n\n\n\n<p>O \u017en\u00edch bylo&nbsp; dob\u0159e&nbsp; vyu\u017eito vlastn\u00edho kombajnu SK3. Na sn\u00edmku&nbsp; je kombajn\u00e9r Jaroslav Helma, pomocn\u00edk Jaroslav Ne\u010das.<\/p>\n\n\n\n<figure class=\"wp-block-image size-large\"><img loading=\"lazy\" decoding=\"async\" width=\"512\" height=\"371\" src=\"http:\/\/symbivita.cz\/blog\/wp-content\/uploads\/2020\/06\/1964-\u017en\u011b-II.png\" alt=\"\" class=\"wp-image-646\" srcset=\"https:\/\/symbivita.cz\/blog\/wp-content\/uploads\/2020\/06\/1964-\u017en\u011b-II.png 512w, https:\/\/symbivita.cz\/blog\/wp-content\/uploads\/2020\/06\/1964-\u017en\u011b-II-300x217.png 300w\" sizes=\"(max-width: 512px) 100vw, 512px\" \/><\/figure>\n\n\n\n<p>Kombajn sype obsah z\u00e1sobn\u00edku do vle\u010dky. Kombajn\u00e9r&nbsp; Jaroslav Helma.<\/p>\n\n\n\n<figure class=\"wp-block-image size-large\"><img loading=\"lazy\" decoding=\"async\" width=\"407\" height=\"343\" src=\"http:\/\/symbivita.cz\/blog\/wp-content\/uploads\/2020\/06\/1964-\u017en\u011b-III.jpg\" alt=\"\" class=\"wp-image-647\" srcset=\"https:\/\/symbivita.cz\/blog\/wp-content\/uploads\/2020\/06\/1964-\u017en\u011b-III.jpg 407w, https:\/\/symbivita.cz\/blog\/wp-content\/uploads\/2020\/06\/1964-\u017en\u011b-III-300x253.jpg 300w\" sizes=\"(max-width: 407px) 100vw, 407px\" \/><\/figure>\n\n\n\n<figure class=\"wp-block-image size-large\"><img loading=\"lazy\" decoding=\"async\" width=\"508\" height=\"342\" src=\"http:\/\/symbivita.cz\/blog\/wp-content\/uploads\/2020\/06\/1964-\u017en\u011b-IV.png\" alt=\"\" class=\"wp-image-648\" srcset=\"https:\/\/symbivita.cz\/blog\/wp-content\/uploads\/2020\/06\/1964-\u017en\u011b-IV.png 508w, https:\/\/symbivita.cz\/blog\/wp-content\/uploads\/2020\/06\/1964-\u017en\u011b-IV-300x202.png 300w\" sizes=\"(max-width: 508px) 100vw, 508px\" \/><\/figure>\n\n\n\n<p>Prvn\u00ed obil\u00ed od kombajnu na v\u00e1ze. Traktorista Josef Maty\u0161ek \u010d.23<\/p>\n\n\n\n<figure class=\"wp-block-image size-large\"><img loading=\"lazy\" decoding=\"async\" width=\"500\" height=\"353\" src=\"http:\/\/symbivita.cz\/blog\/wp-content\/uploads\/2020\/06\/1964-do\u017e\u00ednky.png\" alt=\"\" class=\"wp-image-649\" srcset=\"https:\/\/symbivita.cz\/blog\/wp-content\/uploads\/2020\/06\/1964-do\u017e\u00ednky.png 500w, https:\/\/symbivita.cz\/blog\/wp-content\/uploads\/2020\/06\/1964-do\u017e\u00ednky-300x212.png 300w\" sizes=\"(max-width: 500px) 100vw, 500px\" \/><\/figure>\n\n\n\n<p>Do\u017e\u00ednky 1964.<br> Chlapci na kon\u00edch p\u0159edstavenstvo, hudba \u017eeny a d\u011bti, projev p\u0159edsedy JZD. Slavnost ve\u010der pokra\u010dovala v s\u00e1le MNV.<\/p>\n\n\n\n<figure class=\"wp-block-image size-large\"><img loading=\"lazy\" decoding=\"async\" width=\"504\" height=\"347\" src=\"http:\/\/symbivita.cz\/blog\/wp-content\/uploads\/2020\/06\/1964-p\u0159\u00edprava-d\u0159eva.jpg\" alt=\"\" class=\"wp-image-650\" srcset=\"https:\/\/symbivita.cz\/blog\/wp-content\/uploads\/2020\/06\/1964-p\u0159\u00edprava-d\u0159eva.jpg 504w, https:\/\/symbivita.cz\/blog\/wp-content\/uploads\/2020\/06\/1964-p\u0159\u00edprava-d\u0159eva-300x207.jpg 300w\" sizes=\"(max-width: 504px) 100vw, 504px\" \/><\/figure>\n\n\n\n<p>Obvykl\u00e1 pr\u00e1ce \u017een v&nbsp;dob\u011b, kdy je na pol\u00edch&nbsp; kr\u00e1tk\u00e1 p\u0159est\u00e1vka: p\u0159\u00edprava d\u0159eva na zimu.<\/p>\n\n\n\n<figure class=\"wp-block-image size-large\"><img loading=\"lazy\" decoding=\"async\" width=\"512\" height=\"352\" src=\"http:\/\/symbivita.cz\/blog\/wp-content\/uploads\/2020\/06\/1964-su\u0161en\u00ed-obil\u00ed.png\" alt=\"\" class=\"wp-image-651\" srcset=\"https:\/\/symbivita.cz\/blog\/wp-content\/uploads\/2020\/06\/1964-su\u0161en\u00ed-obil\u00ed.png 512w, https:\/\/symbivita.cz\/blog\/wp-content\/uploads\/2020\/06\/1964-su\u0161en\u00ed-obil\u00ed-300x206.png 300w\" sizes=\"(max-width: 512px) 100vw, 512px\" \/><\/figure>\n\n\n\n<p>Ned\u011bln\u00ed brig\u00e1da. Dosou\u0161en\u00ed\na \u010dist\u011bn\u00ed obil\u00ed o \u017en\u00edch 1964.<\/p>\n\n\n\n<p>Po \u017en\u00edch toti\u017e koncem\nsrpna p\u0159i\u0161ly de\u0161t\u011b. Obil\u00ed ulo\u017een\u00e9 k&nbsp;su\u0161en\u00ed na h\u0159i\u0161ti a ve \u0160tukyn\u00edch za\u010dalo\nrychle pror\u016fstat.<\/p>\n\n\n\n<p>Skupina&nbsp; dru\u017estevnic Klob\u00e1sov\u00e1, Koz\u00e1kov\u00e1, L\u00edzalov\u00e1, Hor\u00e1kov\u00e1 a Jel\u00ednkov\u00e1 se strojn\u00edkem F. Matulou \u010distila na h\u0159i\u0161ti obil\u00ed od kombajnov\u00e9 sklizn\u011b. <\/p>\n\n\n\n<figure class=\"wp-block-image size-large\"><img loading=\"lazy\" decoding=\"async\" width=\"504\" height=\"350\" src=\"http:\/\/symbivita.cz\/blog\/wp-content\/uploads\/2020\/06\/1964-su\u0161en\u00ed-II.jpg\" alt=\"\" class=\"wp-image-652\" srcset=\"https:\/\/symbivita.cz\/blog\/wp-content\/uploads\/2020\/06\/1964-su\u0161en\u00ed-II.jpg 504w, https:\/\/symbivita.cz\/blog\/wp-content\/uploads\/2020\/06\/1964-su\u0161en\u00ed-II-300x208.jpg 300w\" sizes=\"(max-width: 504px) 100vw, 504px\" \/><\/figure>\n\n\n\n<p>Obil\u00ed bylo nejprve slunci dosou\u0161eno, p\u0159ehazov\u00e1no a kone\u010dn\u011b&nbsp; \u010di\u0161t\u011bno.<\/p>\n\n\n\n<figure class=\"wp-block-image size-large\"><img loading=\"lazy\" decoding=\"async\" width=\"506\" height=\"358\" src=\"http:\/\/symbivita.cz\/blog\/wp-content\/uploads\/2020\/06\/1964-su\u0161en\u00ed-III.png\" alt=\"\" class=\"wp-image-653\" srcset=\"https:\/\/symbivita.cz\/blog\/wp-content\/uploads\/2020\/06\/1964-su\u0161en\u00ed-III.png 506w, https:\/\/symbivita.cz\/blog\/wp-content\/uploads\/2020\/06\/1964-su\u0161en\u00ed-III-300x212.png 300w\" sizes=\"(max-width: 506px) 100vw, 506px\" \/><\/figure>\n\n\n\n<p>Brig\u00e1dy se tak\u00e9&nbsp; z\u00fa\u010dastnili: J. Byst\u0159ick\u00fd, A. Ne\u010das, Josef B\u00edlek, P. Kapka, M. B\u00edlek, Jakub B\u00edlek, J. Jel\u00ednek, R. Kol\u00ednsk\u00fd. Jedni ve dne&nbsp; \u010distili, druz\u00ed v&nbsp;noci kradli.<\/p>\n\n\n\n<figure class=\"wp-block-image size-large\"><img loading=\"lazy\" decoding=\"async\" width=\"485\" height=\"342\" src=\"http:\/\/symbivita.cz\/blog\/wp-content\/uploads\/2020\/06\/1964-su\u0161en\u00ed-IV.png\" alt=\"\" class=\"wp-image-654\" srcset=\"https:\/\/symbivita.cz\/blog\/wp-content\/uploads\/2020\/06\/1964-su\u0161en\u00ed-IV.png 485w, https:\/\/symbivita.cz\/blog\/wp-content\/uploads\/2020\/06\/1964-su\u0161en\u00ed-IV-300x212.png 300w\" sizes=\"(max-width: 485px) 100vw, 485px\" \/><\/figure>\n\n\n\n<p>Oprava \u0161koly dokon\u010dena posledn\u00ed t\u00fdden v&nbsp;srpnu.<\/p>\n\n\n\n<p>1. z\u00e1\u0159\u00ed zah\u00e1jen \u0161koln\u00ed rok 1964\/65. Slavnostn\u011b op\u011bt\nprov\u00e1zeno hudbou z&nbsp;obecn\u00edho rozhlasu. <\/p>\n\n\n\n<p>2. z\u00e1\u0159\u00ed zah\u00e1jeno vyu\u010dov\u00e1n\u00ed. Na 1. stupni u\u010dili: And\u011bla L\u00edzalov\u00e1,\nAlois Horn\u00ed\u010dek, Anton\u00edna Nov\u00e1kov\u00e1. Na 2. stupni: Josef \u010cern\u00fd, V\u011bra Vozdeck\u00e1,\nLudmila Havr\u00e1nkov\u00e1, Drahom\u00edra \u010cern\u00e1, Milo\u0161 Strouhal, Miloslav \u017d\u00e1k. \u0158editel R.\nKol\u00ednsk\u00fd, z\u00e1stupce \u0159editele Josef Han\u00e1k. N\u00e1bo\u017eenstv\u00ed u\u010dili \u0159\u00edmskokatolick\u00fd far\u00e1\u0159\nP. Alois Ku\u010dera a \u010dsbr. evangelick\u00fd far\u00e1\u0159 Vlastimil Ja\u0161a.<\/p>\n\n\n\n<p>Sklize\u0148 okurek zaji\u0161\u0165uje dru\u017estvu pravideln\u011b&nbsp; dobr\u00e9 zisky. V&nbsp;roce 1964&nbsp; bylo dod\u00e1no 1286 kg okurek, tr\u017eba 278&nbsp;664 korun.<\/p>\n\n\n\n<figure class=\"wp-block-image size-large\"><img loading=\"lazy\" decoding=\"async\" width=\"512\" height=\"344\" src=\"http:\/\/symbivita.cz\/blog\/wp-content\/uploads\/2020\/06\/1964-sb\u011br-okurek.png\" alt=\"\" class=\"wp-image-655\" srcset=\"https:\/\/symbivita.cz\/blog\/wp-content\/uploads\/2020\/06\/1964-sb\u011br-okurek.png 512w, https:\/\/symbivita.cz\/blog\/wp-content\/uploads\/2020\/06\/1964-sb\u011br-okurek-300x202.png 300w\" sizes=\"(max-width: 512px) 100vw, 512px\" \/><\/figure>\n\n\n\n<p>4. z\u00e1\u0159\u00ed shrom\u00e1\u017ed\u011bn\u00ed \u017e\u00e1k\u016f v&nbsp;s\u00e1le MNV k&nbsp;oslav\u011b SNP. Projev m\u011bl u\u010ditel J. \u010cern\u00fd, pot\u00e9 recitace b\u00e1sn\u00ed, prom\u00edt\u00e1n\u00ed filmu \u201eTenkr\u00e1t o v\u00e1noc\u00edch.\u201c<\/p>\n\n\n\n<p>14. z\u00e1\u0159\u00ed m\u011bli \u017e\u00e1ci 9. t\u0159. exkurzi do Brna na veletrh\ns&nbsp;t\u0159\u00eddn\u00edm u\u010ditelem Miloslavem \u017d\u00e1kem.<\/p>\n\n\n\n<p>Po\u010das\u00ed p\u011bkn\u00e9. Pan Mat\u00fd\u0161ek vysadil p\u0159ed h\u0159bitovem n\u011bkolik\njehli\u010dnat\u00fdch strom\u016f. P\u016fvodn\u011b tam byly l\u00edpy.<\/p>\n\n\n\n<p>15. z\u00e1\u0159\u00ed se \u017e\u00e1ci 9. ro\u010dn\u00edku \u00fa\u010dastnili \u0161t\u00edtov\u00e1n\u00ed v&nbsp;O\u00daNZ&nbsp;B\u0159eclav.\nOrganizov\u00e1no spole\u010dn\u011b se&nbsp;ZD\u0160 Velk\u00e9 N\u011bm\u010dice v&nbsp;Hustope\u010d\u00edch.<\/p>\n\n\n\n<p>8. \u0159\u00edjna n\u00e1borov\u00e1 akce do hornictv\u00ed, z\u00e1jem projevilo 6 \u017e\u00e1k\u016f.<\/p>\n\n\n\n<p>10. \u0159\u00edjna st\u0159\u00eddav\u00e9 de\u0161t\u011b.<\/p>\n\n\n\n<p>12. \u0159\u00edjna koncert v&nbsp;s\u00e1le MNV, klav\u00edr a zp\u011bv.<\/p>\n\n\n\n<p>16. \u0159\u00edjna zhotovil A. Vintrl\u00edk, \u010dlen stavebn\u00ed skupiny JZD, bedn\u011bn\u00ed a \u017e\u00e1ci 9. t\u0159. vybetonovali za 3 dny z\u00eddku zahr\u00e1dky. Nov\u00fd plot vykoval a zasadil Fr. Vozdeck\u00fd (na obr.).<\/p>\n\n\n\n<figure class=\"wp-block-image size-large\"><img loading=\"lazy\" decoding=\"async\" width=\"375\" height=\"240\" src=\"http:\/\/symbivita.cz\/blog\/wp-content\/uploads\/2020\/06\/1964-Vozdeck\u00fd.png\" alt=\"\" class=\"wp-image-657\" srcset=\"https:\/\/symbivita.cz\/blog\/wp-content\/uploads\/2020\/06\/1964-Vozdeck\u00fd.png 375w, https:\/\/symbivita.cz\/blog\/wp-content\/uploads\/2020\/06\/1964-Vozdeck\u00fd-300x192.png 300w\" sizes=\"(max-width: 375px) 100vw, 375px\" \/><\/figure>\n\n\n\n<p>6. listopadu \u0161tafeta k&nbsp;zah\u00e1jen\u00ed m\u011bs\u00edce S\u010cSP.<\/p>\n\n\n\n<p>Pastevn\u00ed odchov mlad\u00e9ho skotu na trati Pod&nbsp; Rozd\u00edly, kde bylo z\u0159\u00edzeno jednoduch\u00e9 oplocen\u00ed, sala\u0161 a studna. Krmen\u00ed bylo dov\u00e1\u017eeno. <\/p>\n\n\n\n<figure class=\"wp-block-image size-large\"><img loading=\"lazy\" decoding=\"async\" width=\"511\" height=\"348\" src=\"http:\/\/symbivita.cz\/blog\/wp-content\/uploads\/2020\/06\/1964-skot-I.png\" alt=\"\" class=\"wp-image-658\" srcset=\"https:\/\/symbivita.cz\/blog\/wp-content\/uploads\/2020\/06\/1964-skot-I.png 511w, https:\/\/symbivita.cz\/blog\/wp-content\/uploads\/2020\/06\/1964-skot-I-300x204.png 300w\" sizes=\"(max-width: 511px) 100vw, 511px\" \/><\/figure>\n\n\n\n<p>Skot byl nakoupen jako z\u00e1klad&nbsp; zdrav\u00e9ho st\u00e1da po likvidaci dojnic nemocn\u00fdch bongem.<\/p>\n\n\n\n<figure class=\"wp-block-image size-large\"><img loading=\"lazy\" decoding=\"async\" width=\"511\" height=\"352\" src=\"http:\/\/symbivita.cz\/blog\/wp-content\/uploads\/2020\/06\/1964-skot-II.png\" alt=\"\" class=\"wp-image-659\" srcset=\"https:\/\/symbivita.cz\/blog\/wp-content\/uploads\/2020\/06\/1964-skot-II.png 511w, https:\/\/symbivita.cz\/blog\/wp-content\/uploads\/2020\/06\/1964-skot-II-300x207.png 300w\" sizes=\"(max-width: 511px) 100vw, 511px\" \/><\/figure>\n\n\n\n<p>Po\u010das\u00ed se zhor\u0161ilo no\u010dn\u00edmi mraz\u00edky, dob\u00fdv\u00e1n\u00ed a odvoz\ncukrovky byl zna\u010dn\u011b zt\u00ed\u017een.<a> Na podzim vys\u00e1zeno 80 sl\u00edv, ty\nbyly na ja\u0159e p\u0159eroubov\u00e1ny na meru\u0148ky, vyseto 1500 broskvov\u00fdch pecek.<\/a><\/p>\n\n\n\n<p>Prosp\u011bchu s&nbsp;vyznamen\u00e1n\u00edm dos\u00e1hlo v&nbsp;pololet\u00ed t.r.\n32 \u017e\u00e1k\u016f.<\/p>\n\n\n\n<p>JZD &#8211; p\u0159\u00edklad vzorn\u00e9ho hospoda\u0159en\u00ed s&nbsp;vozy, branami, hraba\u010dkami a sec\u00edmi stroji. Byl zaveden nov\u00fd syst\u00e9m: M\u00e1\u0161-li \u0161patn\u00e9 kolo, vezmi jin\u00e9 a neopravuj! Opravami se zvy\u0161uj\u00ed n\u00e1klady! <\/p>\n\n\n\n<figure class=\"wp-block-image size-large\"><img loading=\"lazy\" decoding=\"async\" width=\"411\" height=\"281\" src=\"http:\/\/symbivita.cz\/blog\/wp-content\/uploads\/2020\/06\/1964-star\u00e9-vozy.png\" alt=\"\" class=\"wp-image-660\" srcset=\"https:\/\/symbivita.cz\/blog\/wp-content\/uploads\/2020\/06\/1964-star\u00e9-vozy.png 411w, https:\/\/symbivita.cz\/blog\/wp-content\/uploads\/2020\/06\/1964-star\u00e9-vozy-300x205.png 300w\" sizes=\"(max-width: 411px) 100vw, 411px\" \/><\/figure>\n\n\n\n<p>Na ja\u0159e se zkrmovaly brambory ze sklep\u016f &#8211; zat\u00edm u krekchtu ( u zat\u00e1\u010dky) v&nbsp;P\u016ftn\u00edch shnil vag\u00f3n brambor !<\/p>\n\n\n\n<figure class=\"wp-block-image size-large\"><img loading=\"lazy\" decoding=\"async\" width=\"512\" height=\"352\" src=\"http:\/\/symbivita.cz\/blog\/wp-content\/uploads\/2020\/06\/1964-shbil\u00e9-brambory.png\" alt=\"\" class=\"wp-image-661\" srcset=\"https:\/\/symbivita.cz\/blog\/wp-content\/uploads\/2020\/06\/1964-shbil\u00e9-brambory.png 512w, https:\/\/symbivita.cz\/blog\/wp-content\/uploads\/2020\/06\/1964-shbil\u00e9-brambory-300x206.png 300w\" sizes=\"(max-width: 512px) 100vw, 512px\" \/><\/figure>\n\n\n\n<p>Sklad \u201e nadnormativn\u00edch\u201c z\u00e1sob JZD p\u0159ed \u0161kolou a za humny. Po\u017eadavky, aby sklady byly likvidov\u00e1ny, byla marn\u00e1. <\/p>\n\n\n\n<figure class=\"wp-block-image size-large\"><img loading=\"lazy\" decoding=\"async\" width=\"510\" height=\"350\" src=\"http:\/\/symbivita.cz\/blog\/wp-content\/uploads\/2020\/06\/1964-sklad.png\" alt=\"\" class=\"wp-image-662\" srcset=\"https:\/\/symbivita.cz\/blog\/wp-content\/uploads\/2020\/06\/1964-sklad.png 510w, https:\/\/symbivita.cz\/blog\/wp-content\/uploads\/2020\/06\/1964-sklad-300x206.png 300w\" sizes=\"(max-width: 510px) 100vw, 510px\" \/><\/figure>\n\n\n\n<p>Pomohla teprve n\u00e1st\u011bnka a&nbsp; fotografie a byl zah\u00e1jen \u201e v\u00fdprodej\u201c kol, obru\u010d\u00ed, \u017eeb\u0159in apod.<\/p>\n\n\n\n<figure class=\"wp-block-image size-large\"><img loading=\"lazy\" decoding=\"async\" width=\"511\" height=\"356\" src=\"http:\/\/symbivita.cz\/blog\/wp-content\/uploads\/2020\/06\/1964-sklad-II.png\" alt=\"\" class=\"wp-image-663\" srcset=\"https:\/\/symbivita.cz\/blog\/wp-content\/uploads\/2020\/06\/1964-sklad-II.png 511w, https:\/\/symbivita.cz\/blog\/wp-content\/uploads\/2020\/06\/1964-sklad-II-300x209.png 300w\" sizes=\"(max-width: 511px) 100vw, 511px\" \/><\/figure>\n\n\n\n<p>Na mysliveck\u00e9 chat\u011b ve \u0160tukyn\u00edch zast\u0159e\u0161ena veranda, roz\u0161\u00ed\u0159ena a vybavena kuchyn\u011b, p\u0159ibyl magnetofon a dal\u0161\u00ed v\u011bci.<\/p>\n\n\n\n<figure class=\"wp-block-image size-large\"><img loading=\"lazy\" decoding=\"async\" width=\"1024\" height=\"655\" src=\"http:\/\/symbivita.cz\/blog\/wp-content\/uploads\/2020\/06\/Obr.3-1024x655.jpg\" alt=\"\" class=\"wp-image-664\" srcset=\"https:\/\/symbivita.cz\/blog\/wp-content\/uploads\/2020\/06\/Obr.3-1024x655.jpg 1024w, https:\/\/symbivita.cz\/blog\/wp-content\/uploads\/2020\/06\/Obr.3-300x192.jpg 300w, https:\/\/symbivita.cz\/blog\/wp-content\/uploads\/2020\/06\/Obr.3-768x492.jpg 768w, https:\/\/symbivita.cz\/blog\/wp-content\/uploads\/2020\/06\/Obr.3-1536x983.jpg 1536w, https:\/\/symbivita.cz\/blog\/wp-content\/uploads\/2020\/06\/Obr.3-rotated.jpg 1900w\" sizes=\"(max-width: 1024px) 100vw, 1024px\" \/><\/figure>\n\n\n\n<p>Do mysliveck\u00e9 spole\u010dnosti p\u0159i\u0161el mal\u00fd \u010dlen Sl\u00e1vek Stan\u011bk,\nzam\u011bstnanec \u010cSAD.<\/p>\n\n\n\n<p>MS pozvala na hon st\u0159elce z&nbsp;Francie a&nbsp;Rakouska.\nSt\u0159elili 340 kus\u016f zv\u011b\u0159e. Kr\u00e1lem reprezenta\u010dn\u00edho honu byl Dr. Pylard\nz&nbsp;Francie, kter\u00fd s\u00e1m st\u0159elil 50 ks zv\u011b\u0159e.<\/p>\n\n\n\n<p>V&nbsp;rodin\u00e1ch se roz\u0161i\u0159oval po\u010det radiop\u0159ij\u00edma\u010d\u016f a\ntelevizor\u016f, s&nbsp;t\u00edm klesala n\u00e1v\u0161t\u011bvnost prom\u00edt\u00e1n\u00ed film\u016f. K&nbsp;informac\u00edm\nslou\u017eily n\u00e1st\u011bnky a foto-noviny, materi\u00e1l k&nbsp;nim dod\u00e1val \u0159editel R.\nKol\u00ednsk\u00fd. V\u00fdm\u011bnu zaji\u0161\u0165oval u\u010d. Miloslav \u017d\u00e1k. V&nbsp;obci m\u00e1 37 ob\u010dan\u016f\nmotocykly \u010di mopedy, 8 ob\u010dan\u016f vlastn\u00ed osobn\u00ed automobil. Na domech se prov\u00e1d\u011bly\nvn\u011bj\u0161\u00ed i vnit\u0159n\u00ed \u00fapravy, s&nbsp;koupelnami a soci\u00e1ln\u00edm za\u0159\u00edzen\u00edm.<\/p>\n\n\n\n<p>V&nbsp;obci jsou provozovny: samoobsluha, prodejna obuvi\n(\u017dofie Hrabcov\u00e1), opravna obuvi (Vil\u00e9m Pivec), pohostinstv\u00ed. P\u016fvodn\u00ed majitelka\nM. Valov\u00e1 ode\u0161la do Hustope\u010d\u00ed, m\u00edsto n\u00ed p\u0159i\u0161el nov\u00fd vedouc\u00ed Eduard S\u00fdkora,\nhostinsk\u00fd a \u0159ezn\u00edk. Roz\u0161\u00ed\u0159il nab\u00eddku zbo\u017e\u00ed v\u010detn\u011b pe\u010diva, uzenin, konzerv a\ncukrovinek, v&nbsp;letn\u00edch m\u011bs\u00edc\u00edch prod\u00e1v\u00e1 i zmrzlinu. Jeho man\u017eelka Marie\nS\u00fdkorov\u00e1 vede kuchy\u0148, va\u0159\u00ed ob\u011bdy pro m\u00edstn\u00ed a k\u0159epick\u00e9 d\u016fchodce, \u0159idi\u010de\nautobus\u016f, brig\u00e1dn\u00edky, p\u0159ipravuje p\u0159esn\u00edd\u00e1vky p\u0159espoln\u00edm \u017e\u00e1k\u016fm.\nV&nbsp;pohostinstv\u00ed je d\u00e1le zam\u011bstn\u00e1na ve v\u00fd\u010depu Kv\u011bta St\u00e1rkov\u00e1.<\/p>\n\n\n\n<p>M\u00edstn\u00ed samoobsluhu Jednoty vede Bo\u017eena Gazdov\u00e1 a je zde\nzam\u011bstn\u00e1na jako prodava\u010dka man\u017eelka p\u0159edsedy JZD J. Zechmeistera.<\/p>\n\n\n\n<p>T.r. do\u0161lo i k sjednocen\u00ed t\u011blov\u00fdchovy. M\u00edstn\u00ed TJ Sokol\nkoupil od spr\u00e1vy \u010dsbr. Evangelick\u00e9 c\u00edrkve polovinu c\u00edrkevn\u00edho domu \u010d. 86, kter\u00fd\nbyl p\u016fvodn\u011b hospod\u00e1\u0159skou usedlost\u00ed &#8211; byl pronaj\u00edm\u00e1n. V&nbsp;dob\u011b nesvobody v&nbsp;n\u011bm\nbyla um\u00edst\u011bna \u010detnick\u00e1 stanice. Vypracov\u00e1ny pl\u00e1ny a zapo\u010dala stavba sokolovny. Brig\u00e1dnicky,\nve\u010der i v&nbsp;noci. Postupn\u011b se zpomalovala, sl\u00e1bl p\u0159\u00edliv pen\u011bz i materi\u00e1lu a\nd\u016fle\u017eit\u00fdm \u010dinitelem bylo stanovisko p\u0159\u00edslu\u0161n\u00edk\u016f b\u00fdval\u00e9 organizace Orel: Za\u010dalo\nse projevovat znechucen\u00ed, vznikaly osobn\u00ed spory mezi funkcion\u00e1\u0159i, zapo\u010dat\u00e1\nstavba postupn\u011b ch\u00e1trala, zar\u016fstala plevelem a stala se ostudou obce. <\/p>\n\n\n\n<p>Pokus, aby bylo ve stavb\u011b pokra\u010dov\u00e1no, a t\u00edm z\u00edsk\u00e1na pro\n\u017eactvo \u0161koly t\u011blocvi\u010dna, byl v&nbsp;roce 1961&nbsp;\nz\u00e1stupci KNV odm\u00edtnut pro nevhodn\u00e9 um\u00edst\u011bn\u00ed, mal\u00fd prostor a celkov\u00fd\ncharakter, kter\u00fd odporuje po\u017eadavk\u016fm&nbsp; na\nt\u011blov\u00fdchovn\u00e9 za\u0159\u00edzen\u00ed. T\u00edm se dostala t\u011blov\u00fdchova obce na slepou kolej.<\/p>\n\n\n\n<p>Pracoval jedin\u011b odd\u00edl kopan\u00e9, vyu\u017e\u00edval \u0161koln\u00ed h\u0159i\u0161t\u011b za\n\u0161kolou. Helena Ne\u010dasov\u00e1 vedla dva odd\u00edly d\u00edvek, cvi\u010dily dvakr\u00e1t t\u00fddn\u011b\nv&nbsp;s\u00e1le MNV, kde ov\u0161em nebyly pro ten \u00fa\u010del nejvhodn\u011bj\u0161\u00ed podm\u00ednky (kinos\u00e1l,\nsch\u016fze\u2026).<\/p>\n\n\n\n<p>Staveni\u0161t\u011b sokolovny pak vykoupil soukromn\u00edk, rozebral a postavil&nbsp; rodinn\u00fd domek. Mezit\u00edm se zformoval fotbalov\u00fd odd\u00edl. Za\u010dal pravidelnou&nbsp; \u010dinnost v&nbsp;roce&nbsp; 1952.<\/p>\n\n\n\n<figure class=\"wp-block-image size-large\"><img loading=\"lazy\" decoding=\"async\" width=\"1024\" height=\"604\" src=\"http:\/\/symbivita.cz\/blog\/wp-content\/uploads\/2020\/06\/1964-veletrh-1024x604.png\" alt=\"\" class=\"wp-image-666\" srcset=\"https:\/\/symbivita.cz\/blog\/wp-content\/uploads\/2020\/06\/1964-veletrh-1024x604.png 1024w, https:\/\/symbivita.cz\/blog\/wp-content\/uploads\/2020\/06\/1964-veletrh-300x177.png 300w, https:\/\/symbivita.cz\/blog\/wp-content\/uploads\/2020\/06\/1964-veletrh-768x453.png 768w, https:\/\/symbivita.cz\/blog\/wp-content\/uploads\/2020\/06\/1964-veletrh.png 1073w\" sizes=\"(max-width: 1024px) 100vw, 1024px\" \/><\/figure>\n\n\n\n<p>Svaz \u010cSP tehdy ochaboval, ustupoval z&nbsp;ve\u0159ejn\u00e9ho\n\u017eivota.<\/p>\n\n\n\n<p>Svazarm podobn\u011b, tak\u00e9 pasivum ve\u0159ejn\u00e9ho \u017eivota obce.<\/p>\n\n\n\n<p>\u010cSM podnikla n\u011bkolik akc\u00ed s charakterem ve\u0159ejn\u011b prosp\u011b\u0161n\u00e9\npr\u00e1ce: sb\u011bry, brig\u00e1dy, ale hlavn\u00ed n\u00e1pl\u0148 \u010dinnosti (ideov\u00e1 v\u00fdchova) z\u016fst\u00e1v\u00e1 na\nokraji.<\/p>\n\n\n\n<p>\u010cs\u010cK se omezila na 1-2 zdravotn\u00ed p\u0159edn\u00e1\u0161ky \u010di rozhlasovou\nrelaci o ur\u010dit\u00e9m zdravotnick\u00e9m opat\u0159en\u00ed.<\/p>\n\n\n\n<p>Svaz po\u017e\u00e1rn\u00ed ochrany se zam\u011b\u0159il na \u00fakoly civiln\u00ed obrany bez\nsnahy vychov\u00e1vat dorost.<\/p>\n\n\n\n<p>12.\nlistopadu zvolili poslanci NS jednomysln\u011b Anton\u00edna Novotn\u00e9ho prezidentem.<\/p>\n\n\n\n<p>15. listopadu m\u011bla pobo\u010dka Svazu chovatel\u016f dom\u00e1c\u00edho\nhospod\u00e1\u0159sk\u00e9ho zv\u00ed\u0159ectva pod veden\u00edm Fr. Strouhala z \u010d. 21. prvn\u00ed v\u00fdstavu,\nvystaveno 73 \u010distokrevn\u00fdch kr\u00e1l\u00edk\u016f.<\/p>\n\n\n\n<p>Lidov\u00e1 mysliveck\u00e1 spole\u010dnost v&nbsp;listopadu odprodala jeden odst\u0159el ba\u017eant\u016f a zaj\u00edc\u016f skupin\u011b francouzsk\u00fdch host\u016f.<\/p>\n\n\n\n<p><strong>1965<\/strong><\/p>\n\n\n\n<p>Zima p\u0159ev\u00e1\u017en\u011b m\u00edrn\u00e1, ob\u010das sn\u011bhov\u00e9 v\u00e1nice. Oteplen\u00ed nastalo\nv polovin\u011b b\u0159ezna. Jarn\u00ed bou\u0159ky a \u010dast\u00fd d\u00e9\u0161\u0165 prov\u00e1zely duben, kv\u011bten i \u010derven.\nV \u010dervenci p\u0159i\u0161la bou\u0159ka s&nbsp;krupobit\u00edm a zp\u016fsobila velk\u00e9 \u0161kody. D\u00e9\u0161\u0165 ustal v\nsrpnu, bylo sp\u00ed\u0161 chladno. Sucho trvalo i v&nbsp;z\u00e1\u0159\u00ed, a\u017e na koci d\u00e9\u0161\u0165. V \u0159\u00edjnu byly\nrann\u00ed mrazy, v listopadu krom\u011b mraz\u016f za\u010dal padat sn\u00edh. Prosincov\u00e9 po\u010das\u00ed bylo\nm\u00edrn\u011bj\u0161\u00ed ne\u017e p\u0159ede\u0161l\u00fd m\u011bs\u00edc.<\/p>\n\n\n\n<p>Od 4. ledna vyu\u010duje na \u0161kole n\u00e1hradn\u00ed u\u010ditelka Brigita\nStejskalov\u00e1, d\u016fchodkyn\u011b ze \u0160itbo\u0159ic. P\u0159edm\u011btem jedn\u00e1n\u00ed se stalo odstran\u011bn\u00ed\ndesky v&nbsp;pr\u016f\u010del\u00ed \u0161koly s&nbsp;n\u00e1pisem Cvi\u010den\u00e1 ml\u00e1de\u017e &#8211; obliba Bohu &#8211; ozdoba\nvlasti &#8211; blahobyt obce. Jedn\u00e1n\u00ed byla bezv\u00fdsledn\u00e1 i p\u0159es \u017e\u00e1dost o z\u00e1sah OVKS\u010c\n(s. Jel\u00ednka) na \u0159editelstv\u00ed OSP a pokus z\u00edskat zedn\u00edka v&nbsp;m\u00edst\u011b, co\u017e m\u011bl b\u00fdt\nK. Hrabec, ale ten odm\u00edtl se z\u00e1v\u011brem, \u017ee m\u00e1 obavy ze msty. P\u0159edseda MNV J.\nByst\u0159ick\u00fd zaujal k&nbsp;rozhodnut\u00ed rady MNV stanovisko, \u017ee nem\u016f\u017ee roze\u0161tvat\nob\u010dany. Situaci roz\u0159e\u0161il O\u0160K v&nbsp;B\u0159eclavi p\u0159\u00edkazem \u0159editeli \u0161koly, aby desku\nodstranil a p\u0159edlo\u017eil o tom zpr\u00e1vu. 5. ledna byla provedena pr\u00e1ce zedn\u00edky\nJe\u017ekem a Hromkem z&nbsp;K\u0159epic tak, \u017ee deska byla p\u0159ekryta ozna\u010den\u00edm typu \u0161koly\na st\u00e1tn\u00edm znakem.<\/p>\n\n\n\n<figure class=\"wp-block-image size-large\"><img loading=\"lazy\" decoding=\"async\" width=\"367\" height=\"259\" src=\"http:\/\/symbivita.cz\/blog\/wp-content\/uploads\/2020\/06\/1965-cvi\u010den\u00e1-ml\u00e1de\u017e.jpg\" alt=\"\" class=\"wp-image-669\" srcset=\"https:\/\/symbivita.cz\/blog\/wp-content\/uploads\/2020\/06\/1965-cvi\u010den\u00e1-ml\u00e1de\u017e.jpg 367w, https:\/\/symbivita.cz\/blog\/wp-content\/uploads\/2020\/06\/1965-cvi\u010den\u00e1-ml\u00e1de\u017e-300x212.jpg 300w\" sizes=\"(max-width: 367px) 100vw, 367px\" \/><\/figure>\n\n\n\n<p>3.ledna jedn\u00e1n\u00ed o polo\u017een\u00ed parketov\u00fdch podlah do \u0161koly.<\/p>\n\n\n\n<p><a href=\"https:\/\/cs.wikipedia.org\/wiki\/10._b%C5%99ezen\">10. b\u0159ezna<\/a>&nbsp;p\u0159ilet\u011bl do Prahy na desetidenn\u00ed n\u00e1v\u0161t\u011bvu v\u00fdznamn\u00fd americk\u00fd jazzov\u00fd\nzp\u011bv\u00e1k a trumpetista&nbsp;<a href=\"https:\/\/cs.wikipedia.org\/wiki\/Louis_Armstrong\">Louis Armstrong<\/a>&nbsp;se sv\u00fdm souborem. <\/p>\n\n\n\n<p>30. b\u0159ezna byla provedena revize obecn\u00ed kroniky inspektorem\npro kulturu.<\/p>\n\n\n\n<p>15. dubna byla v&nbsp;s\u00e1le Osv\u011btov\u00e9 besedy oslava 20.\nv\u00fdro\u010d\u00ed osvobozen\u00ed obce.<\/p>\n\n\n\n<p>16. dubna byl koncert pro \u017e\u00e1ky \u0161koly s&nbsp;n\u00e1m\u011btem \u201e\u010cesk\u00e9\nlidov\u00e9 b\u00e1chorky a \u0159\u00edkadla\u201c a \u201e\u010ce\u0161t\u00ed b\u00e1sn\u00edci a zhudebn\u011bn\u00e9 ver\u0161e\u201c.<\/p>\n\n\n\n<p>17. dubna prom\u00edt\u00e1n film \u201eSedm state\u010dn\u00fdch\u201c. <\/p>\n\n\n\n<p>1. kv\u011btna myslivci ulovili v&nbsp;lese Rozd\u00edly 4 li\u0161ky. Lovu se z\u00fa\u010dastnili Josef Charv\u00e1t, Jan Hrabec, Jaroslav Jel\u00ednek, Jan Ne\u010das, Josef Boh\u00e1\u010dek, Jan Vahala, Jan Dan\u011bk, Franti\u0161ek Vintrl\u00edk a dva norn\u00edci Josefa Boh\u00e1\u010dka.<\/p>\n\n\n\n<figure class=\"wp-block-image size-large\"><img loading=\"lazy\" decoding=\"async\" width=\"850\" height=\"633\" src=\"http:\/\/symbivita.cz\/blog\/wp-content\/uploads\/2020\/06\/1965-norov\u00e1n\u00ed.jpg\" alt=\"\" class=\"wp-image-671\" srcset=\"https:\/\/symbivita.cz\/blog\/wp-content\/uploads\/2020\/06\/1965-norov\u00e1n\u00ed.jpg 850w, https:\/\/symbivita.cz\/blog\/wp-content\/uploads\/2020\/06\/1965-norov\u00e1n\u00ed-300x223.jpg 300w, https:\/\/symbivita.cz\/blog\/wp-content\/uploads\/2020\/06\/1965-norov\u00e1n\u00ed-768x572.jpg 768w\" sizes=\"(max-width: 850px) 100vw, 850px\" \/><\/figure>\n\n\n\n<p>3. kv\u011btna p\u0159ednesl \u017e\u00e1k\u016fm \u0161koly J. K. Gruml\u00edk s&nbsp;M.\nZdenkovou \u201eD\u011btsk\u00e9 etudy\u201c.<\/p>\n\n\n\n<p>Byla\nuspo\u0159\u00e1d\u00e1na beseda nad obecn\u00ed kronikou a turistick\u00e9 putov\u00e1n\u00ed po stop\u00e1ch\nosvobozovac\u00edch akc\u00ed obce.<\/p>\n\n\n\n<p>Prosp\u011bch s&nbsp;vyznamen\u00e1n\u00edm dos\u00e1hlo tento rok 46 \u017e\u00e1k\u016f.<\/p>\n\n\n\n<p>P\u0159ed z\u00e1v\u011brem \u0161koln\u00edho roku byly vytvo\u0159eny pracovn\u00ed skupiny\na pod veden\u00edm u\u010ditel\u016f o pr\u00e1zdnin\u00e1ch pracovaly na \u0161koln\u00ed zahrad\u011b a pozemku,\nn\u011bkte\u0159\u00ed pravideln\u011b pracovali v&nbsp;JZD.<\/p>\n\n\n\n<p>30. kv\u011btna byla zalo\u017eena organizace \u010cesk\u00e9ho zahr\u00e1dk\u00e1\u0159sk\u00e9ho\nsvazu Nikol\u010dice. V&nbsp;t\u00e9 dob\u011b&nbsp;\nvznik\u00e1&nbsp; vina\u0159sk\u00e1 osada Nov\u00e1 hora,\npozd\u011bji v&nbsp;roce 1972 je zalo\u017eena nov\u00e1 osada P\u016ftn\u011b a osada Nov\u00e1 hora je&nbsp; roz\u0161\u00ed\u0159ena o dal\u0161\u00ed parcely. P\u0159i zalo\u017een\u00ed m\u00e1\norganizace 52 \u010dlen\u016f.<\/p>\n\n\n\n<p>&nbsp;Zakl\u00e1daj\u00edc\u00ed&nbsp; v\u00fdbor:<\/p>\n\n\n\n<p>Mat\u00fd\u0161ek Cyril- p\u0159edseda<\/p>\n\n\n\n<p>Rabovsk\u00fd Martin \u2013 jednatel<\/p>\n\n\n\n<p>Brychta Jaroslav \u2013 hospod\u00e1\u0159<\/p>\n\n\n\n<p>Koz\u00e1k Franti\u0161ek \u2013 pokladn\u00edk<\/p>\n\n\n\n<p>Fasora Josef \u2013 \u010dlen v\u00fdboru<\/p>\n\n\n\n<figure class=\"wp-block-image size-large\"><img loading=\"lazy\" decoding=\"async\" width=\"519\" height=\"346\" src=\"http:\/\/symbivita.cz\/blog\/wp-content\/uploads\/2020\/06\/1965-nov\u00e1-hora.jpg\" alt=\"\" class=\"wp-image-672\" srcset=\"https:\/\/symbivita.cz\/blog\/wp-content\/uploads\/2020\/06\/1965-nov\u00e1-hora.jpg 519w, https:\/\/symbivita.cz\/blog\/wp-content\/uploads\/2020\/06\/1965-nov\u00e1-hora-300x200.jpg 300w\" sizes=\"(max-width: 519px) 100vw, 519px\" \/><\/figure>\n\n\n\n<p><a href=\"https:\/\/cs.wikipedia.org\/wiki\/15._%C4%8Derven\">15.<\/a>\u2013<a href=\"https:\/\/cs.wikipedia.org\/wiki\/17._%C4%8Derven\">17. \u010dervna<\/a>&nbsp;se \u00fazem\u00edm&nbsp;<a href=\"https:\/\/cs.wikipedia.org\/wiki\/%C5%BDitn%C3%BD_ostrov\">\u017ditn\u00e9ho ostrova<\/a>&nbsp;v povod\u00ed&nbsp;<a href=\"https:\/\/cs.wikipedia.org\/wiki\/Dunaj\">Dunaje<\/a>&nbsp;v&nbsp;<a href=\"https:\/\/cs.wikipedia.org\/wiki\/Z%C3%A1padoslovensk%C3%BD_kraj\">Z\u00e1padoslovensk\u00e9m kraji<\/a> prohnalo n\u011bkolik povod\u0148ov\u00fdch vln.\n15. \u010dervna se protrhla hr\u00e1z mezi obcemi Patince a Radva\u0148, 17. \u010dervna do\u0161lo k\nprotr\u017een\u00ed dal\u0161\u00ed hr\u00e1ze u&nbsp;<a href=\"https:\/\/cs.wikipedia.org\/wiki\/%C4%8C%C3%AD%C4%8Dov_(okres_Kom%C3%A1rno)\">\u010c\u00ed\u010dova<\/a>&nbsp;v&nbsp;<a href=\"https:\/\/cs.wikipedia.org\/wiki\/Okres_Kom%C3%A1rno\">okr. Kom\u00e1rno<\/a>. Zaplavena byla zna\u010dn\u00e1 \u010d\u00e1st plochy\n\u017ditn\u00e9ho ostrova, zejm. na \u00fazem\u00ed okr. Kom\u00e1rno. V\u00edce ne\u017e 53 000 osob muselo b\u00fdt\nevakuov\u00e1no. Voda z Dunaje zaplavovala \u00fazem\u00ed&nbsp;<a href=\"https:\/\/cs.wikipedia.org\/wiki\/Podunajsk%C3%A1_n%C3%AD%C5%BEina\">Podunajsk\u00e9 n\u00ed\u017einy<\/a>&nbsp;t\u00e9m\u011b\u0159 2 t\u00fddny, a\u017e koncem\n\u010dervna byly protr\u017een\u00e9 hr\u00e1ze provizorn\u011b op\u011bt ut\u011bsn\u011bny. Za povodn\u00ed z\u016fstaly\nohromn\u00e9 materi\u00e1ln\u00ed \u0161kody; zni\u010deno t\u00e9m\u011b\u0159 4000 dom\u016f, zaplaveno na 700 km\u00b2 orn\u00e9\np\u016fdy, kontaminov\u00e1ny zdroje pitn\u00e9 vody.<\/p>\n\n\n\n<p>30. \u010dervna byl ukon\u010den \u0161koln\u00ed rok.<\/p>\n\n\n\n<p><a href=\"https:\/\/cs.wikipedia.org\/wiki\/1._%C4%8Dervenec\">1.<\/a>\u2013<a href=\"https:\/\/cs.wikipedia.org\/wiki\/4._%C4%8Dervenec\">4.\n\u010dervence<\/a>&nbsp;se v&nbsp;<a href=\"https:\/\/cs.wikipedia.org\/wiki\/Praha\">Praze<\/a>&nbsp;na&nbsp;<a href=\"https:\/\/cs.wikipedia.org\/wiki\/Velk%C3%BD_strahovsk%C3%BD_stadion\">strahovsk\u00e9m stadionu<\/a>\nuskute\u010dnila III. \u010deskoslovensk\u00e1&nbsp;<a href=\"https:\/\/cs.wikipedia.org\/wiki\/Spartaki%C3%A1da\">spartaki\u00e1da<\/a>.\nZ\u00fa\u010dastnilo se j\u00ed na 380 000 cvi\u010denc\u016f.<\/p>\n\n\n\n<p>O pr\u00e1zdnin\u00e1ch nebyly v Z\u0160 provedeny obvykl\u00e9 mal\u00ed\u0159sk\u00e9 a jin\u00e9\npr\u00e1ce pro nedostatek pracovn\u00edk\u016f a pozdn\u00ed term\u00edn.<\/p>\n\n\n\n<ol>\n<li>z\u00e1\u0159\u00ed\nbyl zah\u00e1jen \u0161koln\u00ed rok 1965\/66.<\/li>\n<\/ol>\n\n\n\n<p>Pedagogick\u00e1 rada: \u0159editel R. Kol\u00ednsk\u00fd, z\u00e1st. Josef Han\u00e1k.<\/p>\n\n\n\n<p>U\u010ditel\u00e9 I. st.: And\u011bla L\u00edzalov\u00e1, Alois Horn\u00ed\u010dek, Anton\u00edna\nNov\u00e1kov\u00e1. U\u010d. II. st.: Josef \u010cern\u00fd, V\u011bra Vozdeck\u00e1, Ludmila Havr\u00e1nkov\u00e1, Milo\u0161\nStrouhal, Miloslav \u017d\u00e1k, Ladislav Robotka. Drahom\u00edra \u010cern\u00e1 na MD. Josef \u010cern\u00fd\nnastoupil 11. 11. na vojensk\u00e9 cvi\u010den\u00ed. Alois Horn\u00ed\u010dek rozv\u00e1zal prac. pom\u011br pro\nn\u00edzk\u00fd plat a nastoupil v&nbsp;Brn\u011b jako \u0159idi\u010d. N\u00e1bo\u017eenstv\u00ed u\u010dili \u0159\u00edm.-katol. far\u00e1\u0159\nP. Alois Ku\u010dera a \u010dsbr. evang. far\u00e1\u0159 Vlastimil Ja\u0161a.<\/p>\n\n\n\n<p>27. z\u00e1\u0159\u00ed se konal v&nbsp;krematoriu m\u011bsta Brna poh\u0159eb b\u00fdval\u00e9ho \u0159editele Z\u0160 Fr. Kloupara, kter\u00fd v&nbsp;d\u016fchodu \u017eil ve sv\u00e9m rodi\u0161ti v&nbsp;Kom\u00edn\u011b u Brna. Pat\u0159il ke generaci u\u010ditel\u016f, kte\u0159\u00ed dokonale ovl\u00e1dli pedagogick\u00e9 um\u011bn\u00ed. Za na\u0161i \u0161kolu a n\u011bkolik generac\u00ed \u017e\u00e1k\u016f se se zem\u0159el\u00fdm rozlou\u010dil \u0159editel \u0161koly.<\/p>\n\n\n\n<figure class=\"wp-block-image size-large\"><img loading=\"lazy\" decoding=\"async\" width=\"923\" height=\"759\" src=\"http:\/\/symbivita.cz\/blog\/wp-content\/uploads\/2020\/06\/Obr.14bFranti\u0161ek-Kloupar.png\" alt=\"\" class=\"wp-image-673\" srcset=\"https:\/\/symbivita.cz\/blog\/wp-content\/uploads\/2020\/06\/Obr.14bFranti\u0161ek-Kloupar.png 923w, https:\/\/symbivita.cz\/blog\/wp-content\/uploads\/2020\/06\/Obr.14bFranti\u0161ek-Kloupar-300x247.png 300w, https:\/\/symbivita.cz\/blog\/wp-content\/uploads\/2020\/06\/Obr.14bFranti\u0161ek-Kloupar-768x632.png 768w\" sizes=\"(max-width: 923px) 100vw, 923px\" \/><\/figure>\n\n\n\n<p>1.\u0159\u00edjna nastoupil do funkce p\u0159edsedy JZD Jaroslav Pavl\u00edk, kdy\u017e se V\u00e1clav Zechmeister odst\u011bhoval do Valtic. Podrobn\u011b v&nbsp;N\u010c II., str. 60.<\/p>\n\n\n\n<figure class=\"wp-block-image size-large\"><img loading=\"lazy\" decoding=\"async\" width=\"186\" height=\"293\" src=\"http:\/\/symbivita.cz\/blog\/wp-content\/uploads\/2020\/06\/1965-Pavl\u00edk.png\" alt=\"\" class=\"wp-image-674\"\/><\/figure>\n\n\n\n<p>20. \u0159\u00edjna pro \u017e\u00e1ky upo\u0159\u00e1d\u00e1n koncert z&nbsp;d\u00edla Ant.\nDvo\u0159\u00e1ka: Ant. Moravec, housle, Milan M\u00e1\u0161a, klav\u00edr a Vlasta Linhartov\u00e1, zp\u011bv.<\/p>\n\n\n\n<p>5. listopadu pokra\u010dov\u00e1n\u00ed \u0161tafety \u010cSP.<\/p>\n\n\n\n<p>10. listopadu m\u00e1 mysliveck\u00e1 spole\u010dnost na honu hosty z&nbsp;Francie.<\/p>\n\n\n\n<p>12. listopadu se uskute\u010dnil kurz pohybov\u00e9 v\u00fdchovy pro\nchlapce 9. t\u0159\u00edd, tak\u00e9 se prob\u00edrala dv\u011b t\u00e9mata: spr\u00e1vn\u00e1 v\u00fd\u017eiva a vztah chlapc\u016f\nk&nbsp;d\u00edvk\u00e1m.<\/p>\n\n\n\n<p>Seri\u00e1l&nbsp;<a href=\"https:\/\/cs.wikipedia.org\/wiki\/Star_Trek\">Star Trek<\/a>&nbsp;m\u00e1 v&nbsp;<a href=\"https:\/\/cs.wikipedia.org\/wiki\/Spojen%C3%A9_st%C3%A1ty_americk%C3%A9\">USA<\/a>&nbsp;televizn\u00ed premi\u00e9ru.<\/p>\n\n\n\n<p>21. listopadu nav\u0161t\u00edvili \u017e\u00e1ci v&nbsp;Brn\u011b operu Prodan\u00e1\nnev\u011bsta.<\/p>\n\n\n\n<p>24. listopadu ateistick\u00e1 p\u0159edn\u00e1\u0161ka s. Dole\u017eala z&nbsp;B\u0159eclavi,\nvyjad\u0159ov\u00e1n\u00ed lze kritizovat pro netaktnost zvl\u00e1\u0161t\u011b v&nbsp;ot\u00e1zk\u00e1ch n\u00e1bo\u017eensk\u00fdch.<\/p>\n\n\n\n<p>V\u00fdstavba a p\u0159estavba dom\u016f. Nov\u00e9 domy si postavili mimo\nbytovky JZD: Josef Vahala na trati Pad\u011blky, Miroslav Mnacakanov v&nbsp;\u010d\u00e1sti\nZahr\u00e1dky, Jarom\u00edr Ne\u010das \u010d. 174, v&nbsp;humn\u011b Jan Ne\u010das \u010d. 13, Josef Major\np\u0159\u00edstavbu k&nbsp;\u010d. 15, Stanislav Stan\u011bk postavil d\u016fm na m\u00edst\u011b star\u00e9 stodoly a\npodobn\u011b Vlastimil \u017denat\u00fd v&nbsp;\u010d\u00e1sti Majeru, d\u00e1le v&nbsp;ji\u017en\u00ed \u010d\u00e1sti obce\nstav\u011bl Ladislav Charv\u00e1t, Jan Jel\u00ednek a Anton\u00edn Petrla, ve st\u0159edu obce Miroslav\nSvoboda \u010d. 16, Jan Hrabec, M. Ne\u010das na Ba\u0159in\u011b. Gener\u00e1ln\u00ed opravu provedli\nB\u0159etislav \u0160\u0165av\u00edk, Old\u0159ich Gazda, Jaroslav Brychta, Josef \u010cern\u00fd, Jan Dost\u00e1l,\nMiroslav Barton\u011bk, Josef Fic, Jan Hir\u0161 a dal\u0161\u00ed ob\u010dan\u00e9, kde rekonstrukce m\u011bly\nv\u00edce charakter vnit\u0159n\u00edch \u00faprav.<\/p>\n\n\n\n<p>Zmizela chaloupka Petl\u00e1k\u016f, Bab\u00e1\u010dk\u016f, d\u016fm Aloise Jel\u00ednka a\nAloise Strouhala pomalu ch\u00e1traj\u00ed, na Majer\u00e1ch byl rozebr\u00e1n domek J. Ne\u010dase a\npostupn\u011b miz\u00ed na Ba\u0159in\u011b d\u016fm b\u00fdval\u00e9ho majitele stejn\u00e9ho jm\u00e9na, kter\u00fd koupil\nVlastimil \u017denat\u00fd jako parcelu pro stavbu nov\u00e9ho domu. D\u00e1vno nen\u00ed pam\u00e1tky po\ndomku Jana Rabovsk\u00e9ho a tento rok zmizely posledn\u00ed stopy po selsk\u00e9m gruntu\nJosefa Brychty \u010d. 11.<\/p>\n\n\n\n<p>16. prosince koupilo mysliveck\u00e9 sdru\u017een\u00ed traktor zn. Zetor\n25, se kter\u00fdm p\u0159ijeli 3 \u010dlenov\u00e9: Josef Boh\u00e1\u010dek, Jaroslav Jel\u00ednek a Jan Vahala.<\/p>\n\n\n\n<p>T.r. onemocn\u011blo v\u011bt\u0161\u00ed mno\u017estv\u00ed \u017e\u00e1k\u016f sp\u00e1lou a \u0161\u00ed\u0159ila se\nch\u0159ipka.<\/p>\n\n\n\n<p>Po\u010das\u00ed prosince tepl\u00e9, ve dne +10 st. C, v&nbsp;noci\nk&nbsp;nule. Napadl\u00fd sn\u00edh se udr\u017eel v&nbsp;pol\u00edch, na vozovk\u00e1ch se zm\u011bnil\nv&nbsp;bl\u00e1to.<\/p>\n\n\n\n<p><strong>1966<\/strong><\/p>\n\n\n\n<p>V&nbsp;lednu byl siln\u00fd v\u00edtr, teplota kolem -4 st. C,\nk&nbsp;r\u00e1nu a\u017e -14 st. C, such\u00fd, pra\u0161n\u00fd sn\u00edh.<\/p>\n\n\n\n<ol>\n<li>ledna\nnastoupila do funkce agronoma man\u017eelka Jaroslava Pavl\u00edka, Ing. Marie Pavl\u00edkov\u00e1.<\/li>\n<\/ol>\n\n\n\n<figure class=\"wp-block-image size-large\"><img loading=\"lazy\" decoding=\"async\" width=\"336\" height=\"378\" src=\"http:\/\/symbivita.cz\/blog\/wp-content\/uploads\/2020\/06\/1965-Pavl\u00edkov\u00e1.png\" alt=\"\" class=\"wp-image-675\" srcset=\"https:\/\/symbivita.cz\/blog\/wp-content\/uploads\/2020\/06\/1965-Pavl\u00edkov\u00e1.png 336w, https:\/\/symbivita.cz\/blog\/wp-content\/uploads\/2020\/06\/1965-Pavl\u00edkov\u00e1-267x300.png 267w\" sizes=\"(max-width: 336px) 100vw, 336px\" \/><\/figure>\n\n\n\n<p>Koncem ledna bylo hodn\u011b sn\u011bhu, teploty kolem -16 st. \u00danor\ntepl\u00fd, kolem nuly a za\u010dalo m\u00edrn\u011b pr\u0161et.<\/p>\n\n\n\n<p>1. b\u0159ezna se odst\u011bhoval \u017e\u00e1k I. ro\u010dn\u00edku Jaroslav Helma do\nVelk\u00fdch N\u011bm\u010dic.<\/p>\n\n\n\n<p>2. b\u0159ezna ve\u0159ejn\u00e1 sch\u016fze k&nbsp;projedn\u00e1v\u00e1n\u00ed thez\u00ed XIII. sjezdu\nKS\u010c, sch\u016fze se z\u00fa\u010dastnilo 87 ob\u010dan\u016f.<\/p>\n\n\n\n<p>13. b\u0159ezna napadlo hodn\u011b sn\u011bhu, pak vytrvale pr\u0161elo a od\ndubna se de\u0161\u0165ov\u00e9 p\u0159eh\u00e1\u0148ky m\u011bnily na bou\u0159ky. De\u0161tiv\u00e9 po\u010das\u00ed trvalo cel\u00e9 jaro.<\/p>\n\n\n\n<p>22. b\u0159ezna se konala ve \u0161kole sch\u016fze k&nbsp;rozmis\u0165ov\u00e1n\u00ed\n\u017e\u00e1k\u016f do zam\u011bstn\u00e1n\u00ed. \u017d\u00e1k Vlastimil Ry\u0161av\u00fd n\u00e1le\u017e\u00ed mezi talenty. V&nbsp;chemick\u00e9\nolympi\u00e1d\u011b z\u00edskal 1. m\u00edsto a postoupil do krajsk\u00e9ho kola.<\/p>\n\n\n\n<p>18. kv\u011btna nav\u0161t\u00edvili \u017e\u00e1ci 9. t\u0159\u00eddy hv\u011bzd\u00e1rnu a planet\u00e1rium\nv&nbsp;Brn\u011b.<\/p>\n\n\n\n<p>6. \u010dervna: um\u011bleck\u00e1 recitace \u017e\u00e1k\u016fm: Gruml\u00edk a Zde\u0148kov\u00e1. Tent\u00fd\u017e\nve\u010der odjeli \u017e\u00e1ci 8. a 9. t\u0159\u00eddy na \u010dty\u0159denn\u00ed v\u00fdlet do Krkono\u0161 &#8211; v\u00fdchod.\nVedouc\u00edm byl Josef \u010cern\u00fd a pr\u016fvodkyn\u00ed u\u010ditelka Vozdeck\u00e1.<\/p>\n\n\n\n<p>21. \u010dervna se \u017e\u00e1ci 6. t\u0159\u00eddy z\u00fa\u010dastnili z\u00e1jezdu do Buchlova,\nGottwaldova a Krom\u011b\u0159\u00ed\u017ee.<\/p>\n\n\n\n<p>26. \u010dervna m\u011bli \u017e\u00e1ci 2. a 3. t\u0159\u00eddy z\u00e1jezd do Gottwaldova,\nzoo v&nbsp;Le\u0161n\u00e9 a do Luha\u010dovic.<\/p>\n\n\n\n<p>30. \u010dervna byl ukon\u010den \u0161koln\u00ed rok. \u017d\u00e1ci ode\u0161li do s\u00e1lu MNV,\ntam jim byl prom\u00edtnut film \u201eOlympi\u00e1da\u201c, pot\u00e9 rozd\u00e1v\u00e1no vysv\u011bd\u010den\u00ed.<\/p>\n\n\n\n<p>L\u00e9to bylo p\u011bkn\u00e9, zem\u011bd\u011blsk\u00e9 pr\u00e1ce byly vykon\u00e1ny v\u010das.<\/p>\n\n\n\n<p>4. \u010dervence zah\u00e1jeny pr\u00e1zdninov\u00e9 mal\u00ed\u0159sk\u00e9 pr\u00e1ce.<\/p>\n\n\n\n<p>15. \u010dervence byl \u0159editelstv\u00ed \u0161koly doru\u010den p\u0159\u00edpis SE\u0160\nv&nbsp;B\u0159eclavi n\u00e1sleduj\u00edc\u00edho obsahu:<\/p>\n\n\n\n<p>S&nbsp;radost\u00ed V\u00e1m oznamujeme, \u017ee Va\u0161e b\u00fdval\u00e1 \u017e\u00e1kyn\u011b Libu\u0161e\nNe\u010dasov\u00e1, nar. 30. 9. 1947, byla z&nbsp;rozhodnut\u00ed pedagogick\u00e9 rady SE\u0160\nv&nbsp;B\u0159eclavi zaps\u00e1na do Knihy cti \u00fastavu jako nejlep\u0161\u00ed ve IV. t\u0159\u00edd\u011b ve\n\u0161koln\u00edm roce 1965-66 sv\u00fdm prosp\u011bchem, chov\u00e1n\u00edm i aktivitou v&nbsp;\u010cSM.<\/p>\n\n\n\n<p>31. \u010dervence byl rozv\u00e1z\u00e1n pracovn\u00ed pom\u011br s&nbsp;Josefem\nHan\u00e1kem, z\u00e1stupcem \u0159editele.<\/p>\n\n\n\n<p><a href=\"https:\/\/cs.wikipedia.org\/wiki\/19._srpen\">19. srpna<\/a>&nbsp;siln\u00e1 bou\u0159e s krupobit\u00edm postihla ve\nve\u010dern\u00edch hodin\u00e1ch&nbsp;<a href=\"https:\/\/cs.wikipedia.org\/wiki\/Okres_Prost%C4%9Bjov\">Prost\u011bjovsko<\/a>. Nejv\u011bt\u0161\u00ed \u0161kody nap\u00e1chala v\nobc\u00edch&nbsp;<a href=\"https:\/\/cs.wikipedia.org\/wiki\/Konice\">Konice<\/a>&nbsp;a&nbsp;<a href=\"https:\/\/cs.wikipedia.org\/wiki\/Vojt%C4%9Bchov_(Hvozd)\">Vojt\u011bchov<\/a>.<\/p>\n\n\n\n<p>1. z\u00e1\u0159\u00ed za\u010dal \u0161koln\u00ed rok 1966\/67, 2. z\u00e1\u0159\u00ed zah\u00e1jena v\u00fduka.<\/p>\n\n\n\n<p>\u010clenov\u00e9 pedagogick\u00e9 rady: Rudolf Kol\u00ednsk\u00fd, Josef \u010cern\u00fd,\nDrahom\u00edra \u010cern\u00e1, Ludmila Havr\u00e1nkov\u00e1, V\u011bra Vozdeck\u00e1, Miloslav \u017d\u00e1k, Milo\u0161\nStrouhal, Vlasta Kol\u00ednsk\u00e1, Dana Hofmannov\u00e1, Hana Vacul\u00edkov\u00e1, And\u011bla L\u00edzalov\u00e1,\nAnton\u00edna Nov\u00e1kov\u00e1, Josef Han\u00e1k, d\u016fchodce. N\u00e1bo\u017eenstv\u00ed u\u010dili \u0159\u00edm.-katol. far\u00e1\u0159\nP. Alois Ku\u010dera a \u010dsbr. evangelick\u00fd far\u00e1\u0159 Vlastimil Ja\u0161a.<\/p>\n\n\n\n<p>Myslivci m\u011bli \u00farodn\u00fd rok na ba\u017eanty a koroptve.<\/p>\n\n\n\n<p>Na \u0161koln\u00ed budov\u011b nastal probl\u00e9m s&nbsp;kotlem pro \u00fast\u0159edn\u00ed\ntopen\u00ed, nekone\u010dn\u00e9 vyjedn\u00e1v\u00e1n\u00ed s&nbsp;r\u016fzn\u00fdmi podniky, vyu\u010dov\u00e1n\u00ed bylo p\u0159eru\u0161eno,\nvyu\u010dovalo se v&nbsp;kab\u00e1tech.<\/p>\n\n\n\n<p><a href=\"https:\/\/cs.wikipedia.org\/wiki\/20._z%C3%A1%C5%99%C3%AD\">20.<\/a>\u2013<a href=\"https:\/\/cs.wikipedia.org\/wiki\/25._z%C3%A1%C5%99%C3%AD\">25. z\u00e1\u0159\u00ed<\/a>&nbsp;se na \u00fazem\u00ed \u010ceskoslovenska konalo cvi\u010den\u00ed arm\u00e1d st\u00e1t\u016f&nbsp;<a href=\"https:\/\/cs.wikipedia.org\/wiki\/Var%C5%A1avsk%C3%A1_smlouva\">Var\u0161avsk\u00e9 smlouvy<\/a>&nbsp;\u2013 Vltava, kter\u00e9ho se \u00fa\u010dastnily vojensk\u00e9 \u00fatvary z&nbsp;<a href=\"https:\/\/cs.wikipedia.org\/wiki\/%C4%8Ceskoslovensk%C3%A1_socialistick%C3%A1_republika\">\u010cSSR<\/a>,&nbsp;<a href=\"https:\/\/cs.wikipedia.org\/wiki\/Sov%C4%9Btsk%C3%BD_svaz\">SSSR<\/a>,&nbsp;<a href=\"https:\/\/cs.wikipedia.org\/wiki\/N%C4%9Bmeck%C3%A1_demokratick%C3%A1_republika\">NDR<\/a>&nbsp;a&nbsp;<a href=\"https:\/\/cs.wikipedia.org\/wiki\/Ma%C4%8Farsko\">Ma\u010farska<\/a>.<\/p>\n\n\n\n<p>V \u0159\u00edjnu do\u0161lo k oteplen\u00ed. B\u011bhem listopadu mrazy, siln\u00fd v\u00edtr\na prvn\u00ed sn\u00edh. V prosinci p\u0159evl\u00e1dal m\u00edrn\u00fd mr\u00e1z a sychrav\u00e9 po\u010das\u00ed.<\/p>\n\n\n\n<p>19.\u2013<a href=\"https:\/\/cs.wikipedia.org\/wiki\/21._prosinec\">21. prosince<\/a>&nbsp;vystoupila na sch\u016fzi&nbsp;<a href=\"https:\/\/cs.wikipedia.org\/wiki\/%C3%9Ast%C5%99edn%C3%AD_v%C3%BDbor_Komunistick%C3%A9_strany_%C4%8Ceskoslovenska\">\u00daV KS\u010c<\/a> velk\u00e1 \u010d\u00e1st jeho \u010dlen\u016f s kritikou pr\u00e1ce&nbsp;<a href=\"https:\/\/cs.wikipedia.org\/wiki\/Anton%C3%ADn_Novotn%C3%BD\">Anton\u00edna Novotn\u00e9ho<\/a>. Ten pod jej\u00edm tlakem\ndal svou funkci 1. tajemn\u00edka \u00daV KS\u010c k dispozici.<\/p>\n\n\n\n<p>22. prosince byla kone\u010dn\u011b provedena demont\u00e1\u017e kotle, oprava\nse zda\u0159ila a\u017e 27. 12. po mimo\u0159\u00e1dn\u00e9m nasazen\u00ed d\u011bln\u00edk\u016f. Stravov\u00e1n\u00ed jim\nzaji\u0161\u0165ovala s. Kol\u00ednsk\u00e1.<\/p>\n\n\n\n<p>Budova MNV s&nbsp;po\u0161tovn\u00edm st\u0159ediskem byla adaptov\u00e1na z&nbsp;rodinn\u00e9ho\ndomku, m\u00e1 2 kancel\u00e1\u0159e, zasedac\u00ed m\u00edstnost, hygienick\u00e9 za\u0159\u00edzen\u00ed, m\u00edstnost pro\npo\u0161tovn\u00ed st\u0159edisko a ordinaci s&nbsp;\u010dek\u00e1rnou, poradnu pro d\u011bti.<\/p>\n\n\n\n<p><strong>1967 <\/strong><\/p>\n\n\n\n<p>St\u0159\u00eddaly\nse studen\u00e9 dny prov\u00e1zen\u00e9 vich\u0159ic\u00ed s tepl\u00fdmi dny. Od dubna postupn\u00e9 oteplov\u00e1n\u00ed,\n\u010dast\u00e9 bou\u0159ky. V \u010dervnu \u0161ly teploty do t\u00e9m\u011b\u0159 tropick\u00fdch a hork\u00e9 dny prov\u00e1zely\nbou\u0159ky. Ty v srpnu ustaly, na pol\u00edch sucho. A\u017e v z\u00e1\u0159\u00ed p\u0159i\u0161ly p\u0159eh\u00e1\u0148ky. V \u0159\u00edjnu\n\u010dast\u00e9 rann\u00ed mlhy, p\u0159es den neoby\u010dejn\u00e9 teplo. Podzimn\u00ed chladn\u011bj\u0161\u00ed\npo\u010das\u00ed p\u0159i\u0161lo a\u017e v listopadu. V prosinci m\u00edrn\u011b mrzlo, ob\u010das sn\u011bhov\u00e9 a de\u0161\u0165ov\u00e9\np\u0159eh\u00e1\u0148ky.<\/p>\n\n\n\n<p>22. \u00fanora st\u0159elili prvn\u00ed li\u0161ku na \u0160imperk\u00e1ch Draho\u0161 Boh\u00e1\u010dek\na Josef Charv\u00e1t.<\/p>\n\n\n\n<p>16. dubna byla slavnost v\u00edt\u00e1n\u00ed ob\u010d\u00e1nk\u016f- SPOZ- p\u0159edseda\nMiloslav \u017d\u00e1k.<\/p>\n\n\n\n<p>23. dubna se objevily li\u0161ky v&nbsp;Rozd\u00edlech, kdy za pomoci\np. Pt\u00e1\u010dka z&nbsp;Div\u00e1k, jeho dvou norn\u00edk\u016f a na\u0161eho hospod\u00e1\u0159e Hrabce, Cyrila Mat\u00fd\u0161ka,\nJar. Jel\u00ednka, Jana Vahaly a Ne\u010dase byla ulovena jedna star\u00e1 li\u0161ka a dv\u011b mlad\u00e9.\nV&nbsp;srpnu st\u0159elil t\u0159et\u00ed li\u0161ku Ne\u010das.<\/p>\n\n\n\n<p>1. kv\u011btna byla rozv\u00e1z\u00e1na pracovn\u00ed smlouva s&nbsp;ukl\u00edze\u010dkou\nAnnou Hrabcovou, na jej\u00ed m\u00edsto nastoupila Veronika Charv\u00e1tov\u00e1.<\/p>\n\n\n\n<p>9. \u010dervna provedena klasifikace \u017e\u00e1k\u016f 9. t\u0159., vysv\u011bd\u010den\u00ed jim\nbylo vyd\u00e1no 15. \u010dervna.<\/p>\n\n\n\n<p>V&nbsp;\u010dervnu se na st\u0159elnici konaly okresn\u00ed p\u0159ebory ve st\u0159elb\u011b na asfaltov\u00e9 holuby na skeetu, z\u00fa\u010dastnilo se 43 dru\u017estev. Z&nbsp;na\u0161ich Jaroslav \u0160afr\u00e1nek, Jan Hrabec a Jan Vahala. Z\u00edskali I. cenu v&nbsp;p\u0159eboru dru\u017estev.<\/p>\n\n\n\n<figure class=\"wp-block-image size-large\"><img loading=\"lazy\" decoding=\"async\" width=\"1024\" height=\"753\" src=\"http:\/\/symbivita.cz\/blog\/wp-content\/uploads\/2020\/06\/St\u0159elnice-7-1024x753.jpg\" alt=\"\" class=\"wp-image-676\" srcset=\"https:\/\/symbivita.cz\/blog\/wp-content\/uploads\/2020\/06\/St\u0159elnice-7-1024x753.jpg 1024w, https:\/\/symbivita.cz\/blog\/wp-content\/uploads\/2020\/06\/St\u0159elnice-7-300x221.jpg 300w, https:\/\/symbivita.cz\/blog\/wp-content\/uploads\/2020\/06\/St\u0159elnice-7-768x565.jpg 768w, https:\/\/symbivita.cz\/blog\/wp-content\/uploads\/2020\/06\/St\u0159elnice-7.jpg 1235w\" sizes=\"(max-width: 1024px) 100vw, 1024px\" \/><\/figure>\n\n\n\n<figure class=\"wp-block-image size-large\"><img loading=\"lazy\" decoding=\"async\" width=\"1024\" height=\"748\" src=\"http:\/\/symbivita.cz\/blog\/wp-content\/uploads\/2020\/06\/St\u0159elnice-4-1024x748.jpg\" alt=\"\" class=\"wp-image-677\" srcset=\"https:\/\/symbivita.cz\/blog\/wp-content\/uploads\/2020\/06\/St\u0159elnice-4-1024x748.jpg 1024w, https:\/\/symbivita.cz\/blog\/wp-content\/uploads\/2020\/06\/St\u0159elnice-4-300x219.jpg 300w, https:\/\/symbivita.cz\/blog\/wp-content\/uploads\/2020\/06\/St\u0159elnice-4-768x561.jpg 768w, https:\/\/symbivita.cz\/blog\/wp-content\/uploads\/2020\/06\/St\u0159elnice-4.jpg 1252w\" sizes=\"(max-width: 1024px) 100vw, 1024px\" \/><\/figure>\n\n\n\n<figure class=\"wp-block-image size-large\"><img loading=\"lazy\" decoding=\"async\" width=\"1024\" height=\"743\" src=\"http:\/\/symbivita.cz\/blog\/wp-content\/uploads\/2020\/06\/St\u0159elnice-8-1024x743.jpg\" alt=\"\" class=\"wp-image-678\" srcset=\"https:\/\/symbivita.cz\/blog\/wp-content\/uploads\/2020\/06\/St\u0159elnice-8-1024x743.jpg 1024w, https:\/\/symbivita.cz\/blog\/wp-content\/uploads\/2020\/06\/St\u0159elnice-8-300x218.jpg 300w, https:\/\/symbivita.cz\/blog\/wp-content\/uploads\/2020\/06\/St\u0159elnice-8-768x557.jpg 768w, https:\/\/symbivita.cz\/blog\/wp-content\/uploads\/2020\/06\/St\u0159elnice-8.jpg 1257w\" sizes=\"(max-width: 1024px) 100vw, 1024px\" \/><\/figure>\n\n\n\n<figure class=\"wp-block-image size-large\"><img loading=\"lazy\" decoding=\"async\" width=\"1024\" height=\"743\" src=\"http:\/\/symbivita.cz\/blog\/wp-content\/uploads\/2020\/06\/St\u0159elnice-9-1024x743.jpg\" alt=\"\" class=\"wp-image-679\" srcset=\"https:\/\/symbivita.cz\/blog\/wp-content\/uploads\/2020\/06\/St\u0159elnice-9-1024x743.jpg 1024w, https:\/\/symbivita.cz\/blog\/wp-content\/uploads\/2020\/06\/St\u0159elnice-9-300x218.jpg 300w, https:\/\/symbivita.cz\/blog\/wp-content\/uploads\/2020\/06\/St\u0159elnice-9-768x557.jpg 768w, https:\/\/symbivita.cz\/blog\/wp-content\/uploads\/2020\/06\/St\u0159elnice-9.jpg 1252w\" sizes=\"(max-width: 1024px) 100vw, 1024px\" \/><\/figure>\n\n\n\n<figure class=\"wp-block-image size-large\"><img loading=\"lazy\" decoding=\"async\" width=\"1024\" height=\"746\" src=\"http:\/\/symbivita.cz\/blog\/wp-content\/uploads\/2020\/06\/St\u0159elnice-5.-1024x746.jpg\" alt=\"\" class=\"wp-image-680\" srcset=\"https:\/\/symbivita.cz\/blog\/wp-content\/uploads\/2020\/06\/St\u0159elnice-5.-1024x746.jpg 1024w, https:\/\/symbivita.cz\/blog\/wp-content\/uploads\/2020\/06\/St\u0159elnice-5.-300x219.jpg 300w, https:\/\/symbivita.cz\/blog\/wp-content\/uploads\/2020\/06\/St\u0159elnice-5.-768x559.jpg 768w, https:\/\/symbivita.cz\/blog\/wp-content\/uploads\/2020\/06\/St\u0159elnice-5..jpg 1256w\" sizes=\"(max-width: 1024px) 100vw, 1024px\" \/><\/figure>\n\n\n\n<p>17. \u010dervna tragicky zem\u0159el Jaroslav Ot\u0159\u00edsal z \u010d. 200.<\/p>\n\n\n\n<p>23. \u010dervna zem\u0159el b\u00fdval\u00fd z\u00e1stupce \u0159editele Josef Han\u00e1k ve\nv\u011bku 62 let na infarkt. P\u0159i poh\u0159bu \u017eehem promluvil \u0159editel Z\u0160.<\/p>\n\n\n\n<p>30. \u010dervna ukon\u010den \u0161koln\u00ed rok a vyd\u00e1na vysv\u011bd\u010den\u00ed.<\/p>\n\n\n\n<p>Po\u010das\u00ed p\u011bkn\u00e9, zem\u011bd\u011blsk\u00e9 pr\u00e1ce byly vykon\u00e1ny v\u010das.<\/p>\n\n\n\n<p>\u017d\u00e1ci 9. t\u0159\u00eddy se po ukon\u010den\u00ed doch\u00e1zky zapojili do pr\u00e1ce\nv&nbsp;JZD.<\/p>\n\n\n\n<p>Mal\u00ed\u0159sk\u00e9 pr\u00e1ce nebyly provedeny pro nedostatek financ\u00ed. <\/p>\n\n\n\n<figure class=\"wp-block-image size-large\"><img loading=\"lazy\" decoding=\"async\" width=\"1024\" height=\"620\" src=\"http:\/\/symbivita.cz\/blog\/wp-content\/uploads\/2020\/06\/1967-skupina-d\u011bt\u00ed-1024x620.jpg\" alt=\"\" class=\"wp-image-681\" srcset=\"https:\/\/symbivita.cz\/blog\/wp-content\/uploads\/2020\/06\/1967-skupina-d\u011bt\u00ed-1024x620.jpg 1024w, https:\/\/symbivita.cz\/blog\/wp-content\/uploads\/2020\/06\/1967-skupina-d\u011bt\u00ed-300x182.jpg 300w, https:\/\/symbivita.cz\/blog\/wp-content\/uploads\/2020\/06\/1967-skupina-d\u011bt\u00ed-768x465.jpg 768w, https:\/\/symbivita.cz\/blog\/wp-content\/uploads\/2020\/06\/1967-skupina-d\u011bt\u00ed.jpg 1103w\" sizes=\"(max-width: 1024px) 100vw, 1024px\" \/><\/figure>\n\n\n\n<figure class=\"wp-block-image size-large\"><img loading=\"lazy\" decoding=\"async\" width=\"798\" height=\"483\" src=\"http:\/\/symbivita.cz\/blog\/wp-content\/uploads\/2020\/06\/1967-skupina-d\u011bt\u00ed-II-Div\u00e1ky.jpg\" alt=\"\" class=\"wp-image-682\" srcset=\"https:\/\/symbivita.cz\/blog\/wp-content\/uploads\/2020\/06\/1967-skupina-d\u011bt\u00ed-II-Div\u00e1ky.jpg 798w, https:\/\/symbivita.cz\/blog\/wp-content\/uploads\/2020\/06\/1967-skupina-d\u011bt\u00ed-II-Div\u00e1ky-300x182.jpg 300w, https:\/\/symbivita.cz\/blog\/wp-content\/uploads\/2020\/06\/1967-skupina-d\u011bt\u00ed-II-Div\u00e1ky-768x465.jpg 768w\" sizes=\"(max-width: 798px) 100vw, 798px\" \/><\/figure>\n\n\n\n<figure class=\"wp-block-image size-large\"><img loading=\"lazy\" decoding=\"async\" width=\"717\" height=\"548\" src=\"http:\/\/symbivita.cz\/blog\/wp-content\/uploads\/2020\/06\/1967-skupina-d\u011bt\u00ed-III-Div\u00e1ky.jpg\" alt=\"\" class=\"wp-image-683\" srcset=\"https:\/\/symbivita.cz\/blog\/wp-content\/uploads\/2020\/06\/1967-skupina-d\u011bt\u00ed-III-Div\u00e1ky.jpg 717w, https:\/\/symbivita.cz\/blog\/wp-content\/uploads\/2020\/06\/1967-skupina-d\u011bt\u00ed-III-Div\u00e1ky-300x229.jpg 300w\" sizes=\"(max-width: 717px) 100vw, 717px\" \/><\/figure>\n\n\n\n<figure class=\"wp-block-image size-large\"><img loading=\"lazy\" decoding=\"async\" width=\"827\" height=\"566\" src=\"http:\/\/symbivita.cz\/blog\/wp-content\/uploads\/2020\/06\/1967-skupina-d\u011bt\u00ed-IV-Div\u00e1ky.jpg\" alt=\"\" class=\"wp-image-684\" srcset=\"https:\/\/symbivita.cz\/blog\/wp-content\/uploads\/2020\/06\/1967-skupina-d\u011bt\u00ed-IV-Div\u00e1ky.jpg 827w, https:\/\/symbivita.cz\/blog\/wp-content\/uploads\/2020\/06\/1967-skupina-d\u011bt\u00ed-IV-Div\u00e1ky-300x205.jpg 300w, https:\/\/symbivita.cz\/blog\/wp-content\/uploads\/2020\/06\/1967-skupina-d\u011bt\u00ed-IV-Div\u00e1ky-768x526.jpg 768w\" sizes=\"(max-width: 827px) 100vw, 827px\" \/><\/figure>\n\n\n\n<p>Osv\u011btov\u00e1 beseda<\/p>\n\n\n\n<p>Po odchodu u\u010ditele Miloslava \u017d\u00e1ka (byl vedouc\u00edm Osv\u011btov\u00e9\nbesedy) p\u0159evzal veden\u00ed kina Franti\u0161ek Strouhal z \u010d. 21.<\/p>\n\n\n\n<p>V&nbsp;srpnu opustil Nikol\u010dice evangelick\u00fd far\u00e1\u0159 Vlastimil\nJa\u0161a, p\u0159est\u011bhoval se do R\u00fdma\u0159ova. <\/p>\n\n\n\n<p>28. srpna zah\u00e1jeny p\u0159\u00edpravn\u00e9 pr\u00e1ce pro \u0161koln\u00ed rok.<\/p>\n\n\n\n<ol>\n<li>z\u00e1\u0159\u00ed\nzah\u00e1jen \u0161koln\u00ed rok 1967\/68.<\/li>\n<\/ol>\n\n\n\n<p>\u010clenov\u00e9 pedagogick\u00e9 rady: Eva Bal\u00e1\u0161ov\u00e1, Anna Kup\u010d\u00edkov\u00e1, And\u011bla\nL\u00edzalov\u00e1, Drahom\u00edra \u010cern\u00e1 (po MD), Josef \u010cern\u00fd, Ludmila Havr\u00e1nkov\u00e1, Vlasta\nKol\u00ednsk\u00e1, Rudolf Kol\u00ednsk\u00fd, Danu\u0161e Nov\u00e1kov\u00e1, Danu\u0161e Proch\u00e1zkov\u00e1, Alena\nSchwarzov\u00e1, Anna Tr\u00fdskov\u00e1, Hana Vacul\u00edkov\u00e1, Jitka Zedn\u00ed\u010dkov\u00e1.<\/p>\n\n\n\n<p>5. z\u00e1\u0159\u00ed bylo zah\u00e1jeno vyu\u010dov\u00e1n\u00ed. <\/p>\n\n\n\n<p>Podzim byl tepl\u00fd, s&nbsp;ob\u010dasn\u00fdmi de\u0161ti.<\/p>\n\n\n\n<p>7.listopadu byla zah\u00e1jen pr\u00e1ce na \u00faprav\u011b h\u0159i\u0161t\u011b. Pr\u00e1ce\nprovedl m\u00edstn\u00ed STS s&nbsp;buldozerem (Josef Z\u00e1black\u00fd, Jan Helma, pom\u00e1hal Josef\nFic. Mil. Mat\u00fd\u0161ek) Pr\u00e1ce se protahovala<\/p>\n\n\n\n<p>Mysliveck\u00e1 sez\u00f3na byla hojn\u00e1 ve v\u0161ech sm\u011brech. P\u0159i\u0161li nov\u00ed \u010dlenov\u00e9: Franti\u0161ek L\u00edzal, Ing. Lubom\u00edr Drachovsk\u00fd, Ing. Jind\u0159ich B\u00edl\u00fd, Milan Maty\u0161ek, n\u00e1\u0161 mlad\u00fd lesn\u00ed praktikant a Jaroslav Pelan.<\/p>\n\n\n\n<p>25. \u0159\u00edjna onemocn\u011bla u\u010d. Jitka Zedn\u00ed\u010dkov\u00e1, m\u00edsto n\u00ed p\u0159ijata\nd\u016fchodkyn\u011b Karol\u00edna Kafkov\u00e1. Nepovinn\u00e1 n\u00e1bo\u017eensk\u00e1 v\u00fdchova prov\u00e1d\u011bna ve stejn\u00e9m\nrozsahu. \u0158\u00edm.- kat. n\u00e1bo\u017eenstv\u00ed vyu\u010doval P. Alois Ku\u010dera. \u010csbr. evangelick\u00e9mu\nv&nbsp;prvn\u00ed polovin\u011b \u0161koln\u00edho r. administr\u00e1tor z&nbsp;Hustope\u010d\u00ed, nepravideln\u011b,\na\u017e do n\u00e1stupu far\u00e1\u0159e Karla Jirk\u016f. Nastoupil po Vlastimilu Ja\u0161ovi.<\/p>\n\n\n\n<p>\u0160kolnic\u00ed Libu\u0161e Kone\u010dn\u00e1, ukl\u00edze\u010dkou Veronika Charv\u00e1tov\u00e1.<\/p>\n\n\n\n<p>Celkov\u011b vy\u0161\u0161\u00ed procento neprosp\u00edvaj\u00edc\u00edch \u017e\u00e1k\u016f, tak\u00e9 zhor\u0161en\u00ed\nk\u00e1zn\u011b, nezkrotnost. Odm\u00edtaj\u00ed se jakkoliv zapojit do pracovn\u00edho procesu, jsou\npasivn\u00ed. St\u00e1le v\u00edc je poru\u0161ov\u00e1n \u0161koln\u00ed \u0159\u00e1d, hrubost, vyvol\u00e1v\u00e1n\u00ed rva\u010dek,\nneomluven\u00e9 hodiny, kou\u0159en\u00ed. Styk s&nbsp;rodi\u010di omezen pro form\u00e1lnost a\nbez\u00fa\u010delnost.<\/p>\n\n\n\n<p>V&nbsp;listopadu p\u0159i\u0161ly prvn\u00ed mraz\u00edky k -7 st. C.<\/p>\n\n\n\n<p>7. listopadu v\u00fdstava sov\u011btsk\u00e9 d\u011btsk\u00e9 knihy.<\/p>\n\n\n\n<p>14. listopadu byla v&nbsp;s\u00e1le MNV oslava V\u0158SR.<\/p>\n\n\n\n<p>28. listopadu prvn\u00ed sn\u00edh, ale rychle rozt\u00e1l.<\/p>\n\n\n\n<p>1. prosince nastupuje v&nbsp;po\u0159ad\u00ed t\u0159in\u00e1ct\u00fd kazatel v&nbsp;Nikol\u010dic\u00edch, evangelick\u00fd far\u00e1\u0159 Karel Jirk\u016f (do 1979).<\/p>\n\n\n\n<figure class=\"wp-block-image size-large\"><img loading=\"lazy\" decoding=\"async\" width=\"605\" height=\"358\" src=\"http:\/\/symbivita.cz\/blog\/wp-content\/uploads\/2020\/06\/1967-jirk\u016f.png\" alt=\"\" class=\"wp-image-685\" srcset=\"https:\/\/symbivita.cz\/blog\/wp-content\/uploads\/2020\/06\/1967-jirk\u016f.png 605w, https:\/\/symbivita.cz\/blog\/wp-content\/uploads\/2020\/06\/1967-jirk\u016f-300x178.png 300w\" sizes=\"(max-width: 605px) 100vw, 605px\" \/><\/figure>\n\n\n\n<p>13. prosince vznikl po\u017e\u00e1r v&nbsp;p\u0159\u00edpravn\u011b kon\u00edrny.<\/p>\n\n\n\n<p>V\u00e1no\u010dn\u00ed \u010das byl jako tradi\u010dn\u011b na bl\u00e1t\u011b.<\/p>\n\n\n\n<p><strong>1968<\/strong><\/p>\n\n\n\n<p>&nbsp;Hned po v\u00e1no\u010dn\u00edch\nsv\u00e1tc\u00edch uhodily mrazy a napadl sn\u00edh. Tuh\u00e1 zima, a\u017e -25 st., denn\u011b v\u00e1l siln\u00fd\nv\u00edtr.<\/p>\n\n\n\n<p><a href=\"https:\/\/cs.wikipedia.org\/wiki\/3._leden\">3.<\/a>\u2013<a href=\"https:\/\/cs.wikipedia.org\/wiki\/5._leden\">5. ledna<\/a>&nbsp;odvolalo tzv. lednov\u00e9 pl\u00e9num (zased\u00e1n\u00ed \u00fast\u0159edn\u00edho v\u00fdboru&nbsp;<a href=\"https:\/\/cs.wikipedia.org\/wiki\/Komunistick%C3%A1_strana_%C4%8Ceskoslovenska\">KS\u010c<\/a>) prvn\u00edho tajemn\u00edka&nbsp;<a href=\"https:\/\/cs.wikipedia.org\/wiki\/Anton%C3%ADn_Novotn%C3%BD\">Ant. Novotn\u00e9ho<\/a>&nbsp;a zvolilo&nbsp;<a href=\"https:\/\/cs.wikipedia.org\/wiki\/Alexander_Dub%C4%8Dek\">Alexandra Dub\u010deka<\/a>. <\/p>\n\n\n\n<p>\u00danor prom\u011bnliv\u00fd, mr\u00e1z,\nsn\u00edh, obleva, d\u00e9\u0161\u0165, nep\u011bkn\u00e9 po\u010das\u00ed.<\/p>\n\n\n\n<p>22. \u00fanora byla vystavena obecn\u00ed\nkronika na okresn\u00ed v\u00fdstav\u011b kronik v&nbsp;Mikulov\u011b a z\u00edskala \u010destn\u00e9 uzn\u00e1n\u00ed.<\/p>\n\n\n\n<figure class=\"wp-block-image size-large\"><img loading=\"lazy\" decoding=\"async\" width=\"363\" height=\"242\" src=\"http:\/\/symbivita.cz\/blog\/wp-content\/uploads\/2020\/06\/1968-kroniky.png\" alt=\"\" class=\"wp-image-686\" srcset=\"https:\/\/symbivita.cz\/blog\/wp-content\/uploads\/2020\/06\/1968-kroniky.png 363w, https:\/\/symbivita.cz\/blog\/wp-content\/uploads\/2020\/06\/1968-kroniky-300x200.png 300w\" sizes=\"(max-width: 363px) 100vw, 363px\" \/><\/figure>\n\n\n\n<p>B\u0159ezen \u2013 tepl\u00e9 po\u010das\u00ed, p\u0159eh\u00e1\u0148ky, siln\u00e9 v\u011btry, p\u016fda vysu\u0161en\u00e1.<\/p>\n\n\n\n<p><a href=\"https:\/\/cs.wikipedia.org\/wiki\/22._b%C5%99ezen\">22. b\u0159ezna<\/a>&nbsp;\u2013 pod velk\u00fdm tlakem ze strany okresn\u00edch konferenc\u00ed KS\u010c&nbsp;i dal\u0161\u00edch skupin ob\u010dan\u016f&nbsp;odstoupil&nbsp;<a href=\"https:\/\/cs.wikipedia.org\/wiki\/Anton%C3%ADn_Novotn%C3%BD\">Ant. Novotn\u00fd<\/a>&nbsp;z funkce prezidenta republiky.&nbsp;\u201eVzhledem k jeho zdravotn\u00edmu stavu\u201c doporu\u010dilo p\u0159edsednictvo \u00daV KS\u010c jeho odchod na odpo\u010dinek. 28. b\u0159ezna zahynul p\u0159i leteck\u00e9 katastrof\u011b Jurij Gagarin.<\/p>\n\n\n\n<p><a href=\"https:\/\/cs.wikipedia.org\/wiki\/29._b%C5%99ezen\">29. b\u0159ezna<\/a> obnovena \u010desk\u00e1&nbsp;<a href=\"https:\/\/cs.wikipedia.org\/wiki\/Skauting\">skautsk\u00e1<\/a>&nbsp;organizace&nbsp;<a href=\"https:\/\/cs.wikipedia.org\/wiki\/Jun%C3%A1k_%E2%80%93_%C4%8Desk%C3%BD_skaut\">Jun\u00e1k<\/a>, zak\u00e1zan\u00e1&nbsp;<a href=\"https:\/\/cs.wikipedia.org\/wiki\/Komunistick%C3%A1_strana_%C4%8Ceskoslovenska\">komunisty<\/a>&nbsp;po r.&nbsp;<a href=\"https:\/\/cs.wikipedia.org\/wiki\/1948\">1948<\/a>.<\/p>\n\n\n\n<figure class=\"wp-block-image size-large\"><img loading=\"lazy\" decoding=\"async\" width=\"604\" height=\"298\" src=\"http:\/\/symbivita.cz\/blog\/wp-content\/uploads\/2020\/06\/1968-jun\u00e1k.png\" alt=\"\" class=\"wp-image-688\" srcset=\"https:\/\/symbivita.cz\/blog\/wp-content\/uploads\/2020\/06\/1968-jun\u00e1k.png 604w, https:\/\/symbivita.cz\/blog\/wp-content\/uploads\/2020\/06\/1968-jun\u00e1k-300x148.png 300w\" sizes=\"(max-width: 604px) 100vw, 604px\" \/><\/figure>\n\n\n\n<p><a href=\"https:\/\/cs.wikipedia.org\/wiki\/30._b%C5%99ezen\">30. b\u0159ezna<\/a>&nbsp;byl prezidentem \u010cSSR zvolen&nbsp;<a href=\"https:\/\/cs.wikipedia.org\/wiki\/Ludv%C3%ADk_Svoboda\">Ludv\u00edk Svoboda<\/a>.<\/p>\n\n\n\n<p><a href=\"https:\/\/cs.wikipedia.org\/wiki\/31._b%C5%99ezen\">31. b\u0159ezna<\/a>&nbsp;zalo\u017eila Skupina politick\u00fdch\nv\u011bz\u0148\u016f odsouzen\u00fdch podle z\u00e1kona 231\/1948 Sb.&nbsp;<a href=\"https:\/\/cs.wikipedia.org\/wiki\/Klub_231\">Klub 231<\/a>.<\/p>\n\n\n\n<p><a href=\"https:\/\/cs.wikipedia.org\/wiki\/4._duben\">4. dubna<\/a>&nbsp;byl v&nbsp;<a href=\"https:\/\/cs.wikipedia.org\/wiki\/Memphis\">Memphisu<\/a> sp\u00e1ch\u00e1n&nbsp;<a href=\"https:\/\/cs.wikipedia.org\/wiki\/Atent%C3%A1t_na_Martina_Luthera_Kinga\">atent\u00e1t na Martina Luthera Kinga<\/a>.<\/p>\n\n\n\n<p><a href=\"https:\/\/cs.wikipedia.org\/wiki\/6._duben\">6. dubna<\/a>&nbsp;podala&nbsp;v<a href=\"https:\/\/cs.wikipedia.org\/wiki\/Vl%C3%A1da_Jozefa_Len%C3%A1rta\">l\u00e1da Jozefa Len\u00e1rta<\/a> demisi, sestaven\u00edm nov\u00e9\npov\u011b\u0159en&nbsp;<a href=\"https:\/\/cs.wikipedia.org\/wiki\/Old%C5%99ich_%C4%8Cern%C3%ADk\">Old\u0159ich \u010cern\u00edk<\/a>&nbsp;(<a href=\"https:\/\/cs.wikipedia.org\/wiki\/Prvn%C3%AD_vl%C3%A1da_Old%C5%99icha_%C4%8Cern%C3%ADka\">jeho\nvl\u00e1da<\/a> jmenov\u00e1na 8. dubna).<\/p>\n\n\n\n<p><a href=\"https:\/\/cs.wikipedia.org\/wiki\/18._duben\">18. dubna<\/a>&nbsp;zvolen p\u0159edsedou&nbsp;<a href=\"https:\/\/cs.wikipedia.org\/wiki\/N%C3%A1rodn%C3%AD_shrom%C3%A1%C5%BEd%C4%9Bn%C3%AD_%C4%8Ceskoslovensk%C3%A9_socialistick%C3%A9_republiky\">N\u00e1rodn\u00edho shrom\u00e1\u017ed\u011bn\u00ed<\/a>&nbsp;<a href=\"https:\/\/cs.wikipedia.org\/wiki\/Josef_Smrkovsk%C3%BD\">Josef Smrkovsk\u00fd<\/a>.<\/p>\n\n\n\n<p>Po\u010das\u00ed v&nbsp;dubnu bylo\ntepl\u00e9, a\u017e +25 st., pak p\u0159eh\u00e1\u0148ky.<\/p>\n\n\n\n<p>28. dubna byl do Nikol\u010dic potvrzen\nevangelick\u00fd far\u00e1\u0159 Karel Jirk\u016f. Instalace se z\u00fa\u010dastnilo asi 600 \u010dlen\u016f ze sousedn\u00edch\nsbor\u016f: Hustope\u010de, Nosislav, Dambo\u0159ice, Kyjov. V&nbsp;chr\u00e1mu za\u0159\u00eddil elektrick\u00e9\nvyt\u00e1p\u011bn\u00ed.<\/p>\n\n\n\n<p>29. dubna prudk\u00e1 bou\u0159e,\nkter\u00e1 se zm\u011bnila v&nbsp;pr\u016ftr\u017e mra\u010den.<\/p>\n\n\n\n<p><a href=\"https:\/\/cs.wikipedia.org\/wiki\/4._kv%C4%9Bten\">4. kv\u011btna<\/a>&nbsp;prob\u011bhlo v <a href=\"https:\/\/cs.wikipedia.org\/wiki\/Moskva\">Moskv\u011b<\/a> jedn\u00e1n\u00ed mezi nejvy\u0161\u0161\u00edmi stranick\u00fdmi\np\u0159edstaviteli&nbsp;<a href=\"https:\/\/cs.wikipedia.org\/wiki\/Komunistick%C3%A1_strana_%C4%8Ceskoslovenska\">KS\u010c<\/a>&nbsp;a&nbsp;<a href=\"https:\/\/cs.wikipedia.org\/wiki\/Komunistick%C3%A1_strana_Sov%C4%9Btsk%C3%A9ho_svazu\">KSSS<\/a>. \u010ceskosloven\u0161t\u00ed\np\u0159edstavitel\u00e9 byli ost\u0159e kritizov\u00e1ni za prov\u00e1d\u011bn\u00e1 demokratiza\u010dn\u00ed opat\u0159en\u00ed. Ze\nstrany sov\u011btsk\u00fdch komunist\u016f vysloven po\u017eadavek na r\u00e1zn\u00e1 opat\u0159en\u00ed proti\nantisocialistick\u00fdm a pravicov\u00fdm sil\u00e1m.<\/p>\n\n\n\n<p>26. kv\u011btna\nSlavnost&nbsp; v\u00edt\u00e1n\u00ed ob\u010d\u00e1nk\u016f- za MNC\nByst\u0159ick\u00fd, za SPOZ Josef \u010cern\u00fd.<\/p>\n\n\n\n<p>V&nbsp;\u010dervnu p\u0159edn\u00e1\u0161ka o n\u00e1sledc\u00edch pohlavn\u00edch chorob.<\/p>\n\n\n\n<p>Honitba: Tento m\u011bs\u00edc hodn\u011b pr\u0161elo, zrovna v m\u011bs\u00edci, kdy se\nl\u00edhne pernat\u00e1. To se projevilo p\u0159i honu; v\u00fdsledky v\u00fd\u0159ad\u016f pernat\u00e9 byly\nt\u0159etinov\u00e9. Mezi zaj\u00edci \u0159\u00e1dila tularemie.<\/p>\n\n\n\n<p>2. \u010dervna n\u011bkdo odkryl kamennou desku v&nbsp;pr\u016f\u010del\u00ed \u0161koly.<\/p>\n\n\n\n<p>8. \u010dervna vznikl po\u017e\u00e1r domu Fr. Jel\u00ednka pod kostelem.<\/p>\n\n\n\n<p>16. \u010dervna se konala slavnost Bo\u017e\u00edho t\u011bla podle star\u00e9ho zvyku. Pr\u016fvod v\u011b\u0159\u00edc\u00edch proch\u00e1zel obc\u00ed (a\u017e dosud byly podobn\u00e9 slavnosti omezeny na are\u00e1l kostela).<\/p>\n\n\n\n<figure class=\"wp-block-image size-large\"><img loading=\"lazy\" decoding=\"async\" width=\"1024\" height=\"715\" src=\"http:\/\/symbivita.cz\/blog\/wp-content\/uploads\/2020\/06\/1968-posledn\u00ed-oslava-Bo\u017e\u00edho-T\u011bla-1024x715.jpg\" alt=\"\" class=\"wp-image-689\" srcset=\"https:\/\/symbivita.cz\/blog\/wp-content\/uploads\/2020\/06\/1968-posledn\u00ed-oslava-Bo\u017e\u00edho-T\u011bla-1024x715.jpg 1024w, https:\/\/symbivita.cz\/blog\/wp-content\/uploads\/2020\/06\/1968-posledn\u00ed-oslava-Bo\u017e\u00edho-T\u011bla-300x209.jpg 300w, https:\/\/symbivita.cz\/blog\/wp-content\/uploads\/2020\/06\/1968-posledn\u00ed-oslava-Bo\u017e\u00edho-T\u011bla-768x536.jpg 768w, https:\/\/symbivita.cz\/blog\/wp-content\/uploads\/2020\/06\/1968-posledn\u00ed-oslava-Bo\u017e\u00edho-T\u011bla.jpg 1099w\" sizes=\"(max-width: 1024px) 100vw, 1024px\" \/><\/figure>\n\n\n\n<p>29. \u010dervna vyd\u00e1na vysv\u011bd\u010den\u00ed a ukon\u010den \u0161koln\u00ed rok.<\/p>\n\n\n\n<p>Sestaven pl\u00e1n \u00fadr\u017eby \u0161kol. zahrady o pr\u00e1zdnin\u00e1ch a \u0159editel dojednal formu dou\u010dov\u00e1n\u00ed \u017e\u00e1k\u016f, kter\u00fdm byla povolena opravn\u00e1 zkou\u0161ka. V&nbsp;\u010dervenci provedlo OSP B\u0159eclav mal\u00ed\u0159sk\u00e9 a nat\u011bra\u010dsk\u00e9 pr\u00e1ce. Brig\u00e1dnicky opraveny parketov\u00e9 podlahy, \u017eidli\u010dky a stahov\u00e1n\u00ed tabul\u00ed. <\/p>\n\n\n\n<figure class=\"wp-block-image size-large\"><img loading=\"lazy\" decoding=\"async\" width=\"872\" height=\"507\" src=\"http:\/\/symbivita.cz\/blog\/wp-content\/uploads\/2020\/06\/Oslavy-pr\u016fvod-po-vesnici-\u0161edes\u00e1t\u00e1-l\u00e9ta.jpg\" alt=\"\" class=\"wp-image-690\" srcset=\"https:\/\/symbivita.cz\/blog\/wp-content\/uploads\/2020\/06\/Oslavy-pr\u016fvod-po-vesnici-\u0161edes\u00e1t\u00e1-l\u00e9ta.jpg 872w, https:\/\/symbivita.cz\/blog\/wp-content\/uploads\/2020\/06\/Oslavy-pr\u016fvod-po-vesnici-\u0161edes\u00e1t\u00e1-l\u00e9ta-300x174.jpg 300w, https:\/\/symbivita.cz\/blog\/wp-content\/uploads\/2020\/06\/Oslavy-pr\u016fvod-po-vesnici-\u0161edes\u00e1t\u00e1-l\u00e9ta-768x447.jpg 768w\" sizes=\"(max-width: 872px) 100vw, 872px\" \/><\/figure>\n\n\n\n<figure class=\"wp-block-image size-large\"><img loading=\"lazy\" decoding=\"async\" width=\"669\" height=\"784\" src=\"http:\/\/symbivita.cz\/blog\/wp-content\/uploads\/2020\/06\/Dru\u017estevn\u00ed-slavnosti-za-Pavl\u00edka.jpg\" alt=\"\" class=\"wp-image-691\" srcset=\"https:\/\/symbivita.cz\/blog\/wp-content\/uploads\/2020\/06\/Dru\u017estevn\u00ed-slavnosti-za-Pavl\u00edka.jpg 669w, https:\/\/symbivita.cz\/blog\/wp-content\/uploads\/2020\/06\/Dru\u017estevn\u00ed-slavnosti-za-Pavl\u00edka-256x300.jpg 256w\" sizes=\"(max-width: 669px) 100vw, 669px\" \/><\/figure>\n\n\n\n<p>Dru\u017estevn\u00ed slavnosti za p\u0159edsedy Pavl\u00edka.<\/p>\n\n\n\n<p>L\u00e9to bylo hork\u00e9, a\u017e +35 st. C.<\/p>\n\n\n\n<p>V&nbsp;den nikol\u010dick\u00fdch hod\u016f se konala slavnost sv\u011bcen\u00ed zvon\u016f, kter\u00e9 nahradily zvony odevzdan\u00e9 pro v\u00e1le\u010dn\u00e9 \u00fa\u010dely v&nbsp;dob\u011b protektor\u00e1tu. Zvony, v\u011bt\u0161\u00ed Jakub a men\u0161\u00ed Marie, ulila firma Dittrich v&nbsp;Brodku u P\u0159erova. Z\u00e1v\u011bsn\u00e1 ramena zhotovil kov\u00e1\u0159 Franti\u0161ek Vozdeck\u00fd. Ozdoben\u00e9 zvony byly vezeny z&nbsp;domu Vojt\u011bcha Kone\u010dn\u00e9ho \u010d. 49, p\u0159ed kostelem vykonal ob\u0159ad sv\u011bcen\u00ed arcikn\u011bz z&nbsp;Brna a pot\u00e9 byly zvony vyta\u017eeny na v\u011b\u017e a zav\u011b\u0161eny (podrobnosti N\u010c II, str. 64).<\/p>\n\n\n\n<figure class=\"wp-block-image size-large\"><img loading=\"lazy\" decoding=\"async\" width=\"1024\" height=\"781\" src=\"http:\/\/symbivita.cz\/blog\/wp-content\/uploads\/2020\/06\/Slavnost-sv\u011bcen\u00ed-zvon\u016f-I-1024x781.jpg\" alt=\"\" class=\"wp-image-692\" srcset=\"https:\/\/symbivita.cz\/blog\/wp-content\/uploads\/2020\/06\/Slavnost-sv\u011bcen\u00ed-zvon\u016f-I-1024x781.jpg 1024w, https:\/\/symbivita.cz\/blog\/wp-content\/uploads\/2020\/06\/Slavnost-sv\u011bcen\u00ed-zvon\u016f-I-300x229.jpg 300w, https:\/\/symbivita.cz\/blog\/wp-content\/uploads\/2020\/06\/Slavnost-sv\u011bcen\u00ed-zvon\u016f-I-768x586.jpg 768w, https:\/\/symbivita.cz\/blog\/wp-content\/uploads\/2020\/06\/Slavnost-sv\u011bcen\u00ed-zvon\u016f-I.jpg 1159w\" sizes=\"(max-width: 1024px) 100vw, 1024px\" \/><\/figure>\n\n\n\n<figure class=\"wp-block-image size-large\"><img loading=\"lazy\" decoding=\"async\" width=\"1024\" height=\"799\" src=\"http:\/\/symbivita.cz\/blog\/wp-content\/uploads\/2020\/06\/Slavnost-sv\u011bcen\u00ed-zvon\u016f-II-1024x799.jpg\" alt=\"\" class=\"wp-image-693\" srcset=\"https:\/\/symbivita.cz\/blog\/wp-content\/uploads\/2020\/06\/Slavnost-sv\u011bcen\u00ed-zvon\u016f-II-1024x799.jpg 1024w, https:\/\/symbivita.cz\/blog\/wp-content\/uploads\/2020\/06\/Slavnost-sv\u011bcen\u00ed-zvon\u016f-II-300x234.jpg 300w, https:\/\/symbivita.cz\/blog\/wp-content\/uploads\/2020\/06\/Slavnost-sv\u011bcen\u00ed-zvon\u016f-II-768x600.jpg 768w, https:\/\/symbivita.cz\/blog\/wp-content\/uploads\/2020\/06\/Slavnost-sv\u011bcen\u00ed-zvon\u016f-II.jpg 1117w\" sizes=\"(max-width: 1024px) 100vw, 1024px\" \/><\/figure>\n\n\n\n<figure class=\"wp-block-image size-large\"><img loading=\"lazy\" decoding=\"async\" width=\"1024\" height=\"810\" src=\"http:\/\/symbivita.cz\/blog\/wp-content\/uploads\/2020\/06\/Slavnost-sv\u011bcen\u00ed-zvon\u016f-III-1024x810.jpg\" alt=\"\" class=\"wp-image-694\" srcset=\"https:\/\/symbivita.cz\/blog\/wp-content\/uploads\/2020\/06\/Slavnost-sv\u011bcen\u00ed-zvon\u016f-III-1024x810.jpg 1024w, https:\/\/symbivita.cz\/blog\/wp-content\/uploads\/2020\/06\/Slavnost-sv\u011bcen\u00ed-zvon\u016f-III-300x237.jpg 300w, https:\/\/symbivita.cz\/blog\/wp-content\/uploads\/2020\/06\/Slavnost-sv\u011bcen\u00ed-zvon\u016f-III-768x608.jpg 768w, https:\/\/symbivita.cz\/blog\/wp-content\/uploads\/2020\/06\/Slavnost-sv\u011bcen\u00ed-zvon\u016f-III.jpg 1122w\" sizes=\"(max-width: 1024px) 100vw, 1024px\" \/><\/figure>\n\n\n\n<figure class=\"wp-block-image size-large\"><img loading=\"lazy\" decoding=\"async\" width=\"1024\" height=\"815\" src=\"http:\/\/symbivita.cz\/blog\/wp-content\/uploads\/2020\/06\/Slavnost-sv\u011bcen\u00ed-zvon\u016f-IV-1024x815.jpg\" alt=\"\" class=\"wp-image-695\" srcset=\"https:\/\/symbivita.cz\/blog\/wp-content\/uploads\/2020\/06\/Slavnost-sv\u011bcen\u00ed-zvon\u016f-IV-1024x815.jpg 1024w, https:\/\/symbivita.cz\/blog\/wp-content\/uploads\/2020\/06\/Slavnost-sv\u011bcen\u00ed-zvon\u016f-IV-300x239.jpg 300w, https:\/\/symbivita.cz\/blog\/wp-content\/uploads\/2020\/06\/Slavnost-sv\u011bcen\u00ed-zvon\u016f-IV-768x611.jpg 768w, https:\/\/symbivita.cz\/blog\/wp-content\/uploads\/2020\/06\/Slavnost-sv\u011bcen\u00ed-zvon\u016f-IV.jpg 1128w\" sizes=\"(max-width: 1024px) 100vw, 1024px\" \/><\/figure>\n\n\n\n<figure class=\"wp-block-image size-large\"><img loading=\"lazy\" decoding=\"async\" width=\"1024\" height=\"800\" src=\"http:\/\/symbivita.cz\/blog\/wp-content\/uploads\/2020\/06\/Slavnost-sv\u011bcen\u00ed-zvon\u016f-V-1024x800.jpg\" alt=\"\" class=\"wp-image-696\" srcset=\"https:\/\/symbivita.cz\/blog\/wp-content\/uploads\/2020\/06\/Slavnost-sv\u011bcen\u00ed-zvon\u016f-V-1024x800.jpg 1024w, https:\/\/symbivita.cz\/blog\/wp-content\/uploads\/2020\/06\/Slavnost-sv\u011bcen\u00ed-zvon\u016f-V-300x234.jpg 300w, https:\/\/symbivita.cz\/blog\/wp-content\/uploads\/2020\/06\/Slavnost-sv\u011bcen\u00ed-zvon\u016f-V-768x600.jpg 768w, https:\/\/symbivita.cz\/blog\/wp-content\/uploads\/2020\/06\/Slavnost-sv\u011bcen\u00ed-zvon\u016f-V.jpg 1133w\" sizes=\"(max-width: 1024px) 100vw, 1024px\" \/><\/figure>\n\n\n\n<figure class=\"wp-block-image size-large\"><img loading=\"lazy\" decoding=\"async\" width=\"1024\" height=\"821\" src=\"http:\/\/symbivita.cz\/blog\/wp-content\/uploads\/2020\/06\/Slavnost-sv\u011bcen\u00ed-zvon\u016f-VI-1024x821.jpg\" alt=\"\" class=\"wp-image-697\" srcset=\"https:\/\/symbivita.cz\/blog\/wp-content\/uploads\/2020\/06\/Slavnost-sv\u011bcen\u00ed-zvon\u016f-VI-1024x821.jpg 1024w, https:\/\/symbivita.cz\/blog\/wp-content\/uploads\/2020\/06\/Slavnost-sv\u011bcen\u00ed-zvon\u016f-VI-300x240.jpg 300w, https:\/\/symbivita.cz\/blog\/wp-content\/uploads\/2020\/06\/Slavnost-sv\u011bcen\u00ed-zvon\u016f-VI-768x615.jpg 768w, https:\/\/symbivita.cz\/blog\/wp-content\/uploads\/2020\/06\/Slavnost-sv\u011bcen\u00ed-zvon\u016f-VI.jpg 1128w\" sizes=\"(max-width: 1024px) 100vw, 1024px\" \/><\/figure>\n\n\n\n<figure class=\"wp-block-image size-large\"><img loading=\"lazy\" decoding=\"async\" width=\"1024\" height=\"809\" src=\"http:\/\/symbivita.cz\/blog\/wp-content\/uploads\/2020\/06\/Slavnost-sv\u011bcen\u00ed-zvon\u016f-VII-1024x809.jpg\" alt=\"\" class=\"wp-image-698\" srcset=\"https:\/\/symbivita.cz\/blog\/wp-content\/uploads\/2020\/06\/Slavnost-sv\u011bcen\u00ed-zvon\u016f-VII-1024x809.jpg 1024w, https:\/\/symbivita.cz\/blog\/wp-content\/uploads\/2020\/06\/Slavnost-sv\u011bcen\u00ed-zvon\u016f-VII-300x237.jpg 300w, https:\/\/symbivita.cz\/blog\/wp-content\/uploads\/2020\/06\/Slavnost-sv\u011bcen\u00ed-zvon\u016f-VII-768x607.jpg 768w, https:\/\/symbivita.cz\/blog\/wp-content\/uploads\/2020\/06\/Slavnost-sv\u011bcen\u00ed-zvon\u016f-VII.jpg 1125w\" sizes=\"(max-width: 1024px) 100vw, 1024px\" \/><\/figure>\n\n\n\n<figure class=\"wp-block-image size-large\"><img loading=\"lazy\" decoding=\"async\" width=\"1024\" height=\"804\" src=\"http:\/\/symbivita.cz\/blog\/wp-content\/uploads\/2020\/06\/Slavnost-sv\u011bcen\u00ed-zvon\u016f-VIII-1024x804.jpg\" alt=\"\" class=\"wp-image-699\" srcset=\"https:\/\/symbivita.cz\/blog\/wp-content\/uploads\/2020\/06\/Slavnost-sv\u011bcen\u00ed-zvon\u016f-VIII-1024x804.jpg 1024w, https:\/\/symbivita.cz\/blog\/wp-content\/uploads\/2020\/06\/Slavnost-sv\u011bcen\u00ed-zvon\u016f-VIII-300x236.jpg 300w, https:\/\/symbivita.cz\/blog\/wp-content\/uploads\/2020\/06\/Slavnost-sv\u011bcen\u00ed-zvon\u016f-VIII-768x603.jpg 768w, https:\/\/symbivita.cz\/blog\/wp-content\/uploads\/2020\/06\/Slavnost-sv\u011bcen\u00ed-zvon\u016f-VIII.jpg 1136w\" sizes=\"(max-width: 1024px) 100vw, 1024px\" \/><\/figure>\n\n\n\n<figure class=\"wp-block-image size-large\"><img loading=\"lazy\" decoding=\"async\" width=\"1024\" height=\"828\" src=\"http:\/\/symbivita.cz\/blog\/wp-content\/uploads\/2020\/06\/Slavnost-sv\u011bcen\u00ed-zvon\u016f-X-1024x828.jpg\" alt=\"\" class=\"wp-image-700\" srcset=\"https:\/\/symbivita.cz\/blog\/wp-content\/uploads\/2020\/06\/Slavnost-sv\u011bcen\u00ed-zvon\u016f-X-1024x828.jpg 1024w, https:\/\/symbivita.cz\/blog\/wp-content\/uploads\/2020\/06\/Slavnost-sv\u011bcen\u00ed-zvon\u016f-X-300x243.jpg 300w, https:\/\/symbivita.cz\/blog\/wp-content\/uploads\/2020\/06\/Slavnost-sv\u011bcen\u00ed-zvon\u016f-X-768x621.jpg 768w, https:\/\/symbivita.cz\/blog\/wp-content\/uploads\/2020\/06\/Slavnost-sv\u011bcen\u00ed-zvon\u016f-X.jpg 1127w\" sizes=\"(max-width: 1024px) 100vw, 1024px\" \/><\/figure>\n\n\n\n<figure class=\"wp-block-image size-large\"><img loading=\"lazy\" decoding=\"async\" width=\"1024\" height=\"784\" src=\"http:\/\/symbivita.cz\/blog\/wp-content\/uploads\/2020\/06\/Slavnost-sv\u011bcen\u00ed-zvon\u016f-IX-1024x784.jpg\" alt=\"\" class=\"wp-image-701\" srcset=\"https:\/\/symbivita.cz\/blog\/wp-content\/uploads\/2020\/06\/Slavnost-sv\u011bcen\u00ed-zvon\u016f-IX-1024x784.jpg 1024w, https:\/\/symbivita.cz\/blog\/wp-content\/uploads\/2020\/06\/Slavnost-sv\u011bcen\u00ed-zvon\u016f-IX-300x230.jpg 300w, https:\/\/symbivita.cz\/blog\/wp-content\/uploads\/2020\/06\/Slavnost-sv\u011bcen\u00ed-zvon\u016f-IX-768x588.jpg 768w, https:\/\/symbivita.cz\/blog\/wp-content\/uploads\/2020\/06\/Slavnost-sv\u011bcen\u00ed-zvon\u016f-IX.jpg 1179w\" sizes=\"(max-width: 1024px) 100vw, 1024px\" \/><\/figure>\n\n\n\n<figure class=\"wp-block-image size-large\"><img loading=\"lazy\" decoding=\"async\" width=\"1024\" height=\"810\" src=\"http:\/\/symbivita.cz\/blog\/wp-content\/uploads\/2020\/06\/Slavnost-sv\u011bcen\u00ed-zvon\u016f-XI-1024x810.jpg\" alt=\"\" class=\"wp-image-703\" srcset=\"https:\/\/symbivita.cz\/blog\/wp-content\/uploads\/2020\/06\/Slavnost-sv\u011bcen\u00ed-zvon\u016f-XI-1024x810.jpg 1024w, https:\/\/symbivita.cz\/blog\/wp-content\/uploads\/2020\/06\/Slavnost-sv\u011bcen\u00ed-zvon\u016f-XI-300x237.jpg 300w, https:\/\/symbivita.cz\/blog\/wp-content\/uploads\/2020\/06\/Slavnost-sv\u011bcen\u00ed-zvon\u016f-XI-768x607.jpg 768w, https:\/\/symbivita.cz\/blog\/wp-content\/uploads\/2020\/06\/Slavnost-sv\u011bcen\u00ed-zvon\u016f-XI.jpg 1132w\" sizes=\"(max-width: 1024px) 100vw, 1024px\" \/><\/figure>\n\n\n\n<figure class=\"wp-block-image size-large\"><img loading=\"lazy\" decoding=\"async\" width=\"1024\" height=\"803\" src=\"http:\/\/symbivita.cz\/blog\/wp-content\/uploads\/2020\/06\/Slavnost-sv\u011bcen\u00ed-zvon\u016f-XII-1024x803.jpg\" alt=\"\" class=\"wp-image-704\" srcset=\"https:\/\/symbivita.cz\/blog\/wp-content\/uploads\/2020\/06\/Slavnost-sv\u011bcen\u00ed-zvon\u016f-XII-1024x803.jpg 1024w, https:\/\/symbivita.cz\/blog\/wp-content\/uploads\/2020\/06\/Slavnost-sv\u011bcen\u00ed-zvon\u016f-XII-300x235.jpg 300w, https:\/\/symbivita.cz\/blog\/wp-content\/uploads\/2020\/06\/Slavnost-sv\u011bcen\u00ed-zvon\u016f-XII-768x602.jpg 768w, https:\/\/symbivita.cz\/blog\/wp-content\/uploads\/2020\/06\/Slavnost-sv\u011bcen\u00ed-zvon\u016f-XII.jpg 1136w\" sizes=\"(max-width: 1024px) 100vw, 1024px\" \/><\/figure>\n\n\n\n<figure class=\"wp-block-image size-large\"><img loading=\"lazy\" decoding=\"async\" width=\"1024\" height=\"698\" src=\"http:\/\/symbivita.cz\/blog\/wp-content\/uploads\/2020\/06\/img113-1024x698.jpg\" alt=\"\" class=\"wp-image-705\" srcset=\"https:\/\/symbivita.cz\/blog\/wp-content\/uploads\/2020\/06\/img113-1024x698.jpg 1024w, https:\/\/symbivita.cz\/blog\/wp-content\/uploads\/2020\/06\/img113-300x204.jpg 300w, https:\/\/symbivita.cz\/blog\/wp-content\/uploads\/2020\/06\/img113-768x523.jpg 768w, https:\/\/symbivita.cz\/blog\/wp-content\/uploads\/2020\/06\/img113-1536x1046.jpg 1536w, https:\/\/symbivita.cz\/blog\/wp-content\/uploads\/2020\/06\/img113-rotated.jpg 1807w\" sizes=\"(max-width: 1024px) 100vw, 1024px\" \/><\/figure>\n\n\n\n<p>Hody 1968<\/p>\n\n\n\n<p>Obr\u00e1zky&nbsp; jsou zkop\u00edrov\u00e1ny z&nbsp;\u017eiv\u00e9ho filmu v&nbsp;roce 2020.<\/p>\n\n\n\n<figure class=\"wp-block-image size-large\"><img loading=\"lazy\" decoding=\"async\" width=\"1024\" height=\"750\" src=\"http:\/\/symbivita.cz\/blog\/wp-content\/uploads\/2020\/06\/1-1024x750.jpg\" alt=\"\" class=\"wp-image-706\" srcset=\"https:\/\/symbivita.cz\/blog\/wp-content\/uploads\/2020\/06\/1-1024x750.jpg 1024w, https:\/\/symbivita.cz\/blog\/wp-content\/uploads\/2020\/06\/1-300x220.jpg 300w, https:\/\/symbivita.cz\/blog\/wp-content\/uploads\/2020\/06\/1-768x563.jpg 768w, https:\/\/symbivita.cz\/blog\/wp-content\/uploads\/2020\/06\/1.jpg 1245w\" sizes=\"(max-width: 1024px) 100vw, 1024px\" \/><\/figure>\n\n\n\n<figure class=\"wp-block-image size-large\"><img loading=\"lazy\" decoding=\"async\" width=\"1024\" height=\"738\" src=\"http:\/\/symbivita.cz\/blog\/wp-content\/uploads\/2020\/06\/2-1024x738.jpg\" alt=\"\" class=\"wp-image-707\" srcset=\"https:\/\/symbivita.cz\/blog\/wp-content\/uploads\/2020\/06\/2-1024x738.jpg 1024w, https:\/\/symbivita.cz\/blog\/wp-content\/uploads\/2020\/06\/2-300x216.jpg 300w, https:\/\/symbivita.cz\/blog\/wp-content\/uploads\/2020\/06\/2-768x554.jpg 768w, https:\/\/symbivita.cz\/blog\/wp-content\/uploads\/2020\/06\/2.jpg 1255w\" sizes=\"(max-width: 1024px) 100vw, 1024px\" \/><\/figure>\n\n\n\n<figure class=\"wp-block-image size-large\"><img loading=\"lazy\" decoding=\"async\" width=\"1024\" height=\"749\" src=\"http:\/\/symbivita.cz\/blog\/wp-content\/uploads\/2020\/06\/3.-Josef-Boh\u00e1\u010dek-1024x749.jpg\" alt=\"\" class=\"wp-image-708\" srcset=\"https:\/\/symbivita.cz\/blog\/wp-content\/uploads\/2020\/06\/3.-Josef-Boh\u00e1\u010dek-1024x749.jpg 1024w, https:\/\/symbivita.cz\/blog\/wp-content\/uploads\/2020\/06\/3.-Josef-Boh\u00e1\u010dek-300x219.jpg 300w, https:\/\/symbivita.cz\/blog\/wp-content\/uploads\/2020\/06\/3.-Josef-Boh\u00e1\u010dek-768x562.jpg 768w, https:\/\/symbivita.cz\/blog\/wp-content\/uploads\/2020\/06\/3.-Josef-Boh\u00e1\u010dek.jpg 1255w\" sizes=\"(max-width: 1024px) 100vw, 1024px\" \/><\/figure>\n\n\n\n<figure class=\"wp-block-image size-large\"><img loading=\"lazy\" decoding=\"async\" width=\"1024\" height=\"742\" src=\"http:\/\/symbivita.cz\/blog\/wp-content\/uploads\/2020\/06\/4.Jan-Hir\u0161-1024x742.jpg\" alt=\"\" class=\"wp-image-709\" srcset=\"https:\/\/symbivita.cz\/blog\/wp-content\/uploads\/2020\/06\/4.Jan-Hir\u0161-1024x742.jpg 1024w, https:\/\/symbivita.cz\/blog\/wp-content\/uploads\/2020\/06\/4.Jan-Hir\u0161-300x217.jpg 300w, https:\/\/symbivita.cz\/blog\/wp-content\/uploads\/2020\/06\/4.Jan-Hir\u0161-768x556.jpg 768w, https:\/\/symbivita.cz\/blog\/wp-content\/uploads\/2020\/06\/4.Jan-Hir\u0161.jpg 1255w\" sizes=\"(max-width: 1024px) 100vw, 1024px\" \/><\/figure>\n\n\n\n<figure class=\"wp-block-image size-large\"><img loading=\"lazy\" decoding=\"async\" width=\"1024\" height=\"596\" src=\"http:\/\/symbivita.cz\/blog\/wp-content\/uploads\/2020\/06\/5-1024x596.jpg\" alt=\"\" class=\"wp-image-710\" srcset=\"https:\/\/symbivita.cz\/blog\/wp-content\/uploads\/2020\/06\/5-1024x596.jpg 1024w, https:\/\/symbivita.cz\/blog\/wp-content\/uploads\/2020\/06\/5-300x175.jpg 300w, https:\/\/symbivita.cz\/blog\/wp-content\/uploads\/2020\/06\/5-768x447.jpg 768w, https:\/\/symbivita.cz\/blog\/wp-content\/uploads\/2020\/06\/5-1536x894.jpg 1536w, https:\/\/symbivita.cz\/blog\/wp-content\/uploads\/2020\/06\/5.jpg 1577w\" sizes=\"(max-width: 1024px) 100vw, 1024px\" \/><\/figure>\n\n\n\n<figure class=\"wp-block-image size-large\"><img loading=\"lazy\" decoding=\"async\" width=\"1024\" height=\"750\" src=\"http:\/\/symbivita.cz\/blog\/wp-content\/uploads\/2020\/06\/6-1024x750.jpg\" alt=\"\" class=\"wp-image-711\" srcset=\"https:\/\/symbivita.cz\/blog\/wp-content\/uploads\/2020\/06\/6-1024x750.jpg 1024w, https:\/\/symbivita.cz\/blog\/wp-content\/uploads\/2020\/06\/6-300x220.jpg 300w, https:\/\/symbivita.cz\/blog\/wp-content\/uploads\/2020\/06\/6-768x562.jpg 768w, https:\/\/symbivita.cz\/blog\/wp-content\/uploads\/2020\/06\/6.jpg 1244w\" sizes=\"(max-width: 1024px) 100vw, 1024px\" \/><\/figure>\n\n\n\n<figure class=\"wp-block-image size-large\"><img loading=\"lazy\" decoding=\"async\" width=\"1024\" height=\"754\" src=\"http:\/\/symbivita.cz\/blog\/wp-content\/uploads\/2020\/06\/9-1024x754.jpg\" alt=\"\" class=\"wp-image-712\" srcset=\"https:\/\/symbivita.cz\/blog\/wp-content\/uploads\/2020\/06\/9-1024x754.jpg 1024w, https:\/\/symbivita.cz\/blog\/wp-content\/uploads\/2020\/06\/9-300x221.jpg 300w, https:\/\/symbivita.cz\/blog\/wp-content\/uploads\/2020\/06\/9-768x566.jpg 768w, https:\/\/symbivita.cz\/blog\/wp-content\/uploads\/2020\/06\/9.jpg 1241w\" sizes=\"(max-width: 1024px) 100vw, 1024px\" \/><\/figure>\n\n\n\n<figure class=\"wp-block-image size-large\"><img loading=\"lazy\" decoding=\"async\" width=\"1024\" height=\"729\" src=\"http:\/\/symbivita.cz\/blog\/wp-content\/uploads\/2020\/06\/17-1024x729.jpg\" alt=\"\" class=\"wp-image-713\" srcset=\"https:\/\/symbivita.cz\/blog\/wp-content\/uploads\/2020\/06\/17-1024x729.jpg 1024w, https:\/\/symbivita.cz\/blog\/wp-content\/uploads\/2020\/06\/17-300x214.jpg 300w, https:\/\/symbivita.cz\/blog\/wp-content\/uploads\/2020\/06\/17-768x547.jpg 768w, https:\/\/symbivita.cz\/blog\/wp-content\/uploads\/2020\/06\/17.bmp 1260w\" sizes=\"(max-width: 1024px) 100vw, 1024px\" \/><\/figure>\n\n\n\n<figure class=\"wp-block-image size-large\"><img loading=\"lazy\" decoding=\"async\" width=\"1024\" height=\"743\" src=\"http:\/\/symbivita.cz\/blog\/wp-content\/uploads\/2020\/06\/18-1024x743.jpg\" alt=\"\" class=\"wp-image-714\" srcset=\"https:\/\/symbivita.cz\/blog\/wp-content\/uploads\/2020\/06\/18-1024x743.jpg 1024w, https:\/\/symbivita.cz\/blog\/wp-content\/uploads\/2020\/06\/18-300x218.jpg 300w, https:\/\/symbivita.cz\/blog\/wp-content\/uploads\/2020\/06\/18-768x557.jpg 768w, https:\/\/symbivita.cz\/blog\/wp-content\/uploads\/2020\/06\/18.jpg 1246w\" sizes=\"(max-width: 1024px) 100vw, 1024px\" \/><\/figure>\n\n\n\n<figure class=\"wp-block-image size-large\"><img loading=\"lazy\" decoding=\"async\" width=\"1024\" height=\"744\" src=\"http:\/\/symbivita.cz\/blog\/wp-content\/uploads\/2020\/06\/19-1024x744.jpg\" alt=\"\" class=\"wp-image-715\" srcset=\"https:\/\/symbivita.cz\/blog\/wp-content\/uploads\/2020\/06\/19-1024x744.jpg 1024w, https:\/\/symbivita.cz\/blog\/wp-content\/uploads\/2020\/06\/19-300x218.jpg 300w, https:\/\/symbivita.cz\/blog\/wp-content\/uploads\/2020\/06\/19-768x558.jpg 768w, https:\/\/symbivita.cz\/blog\/wp-content\/uploads\/2020\/06\/19.jpg 1252w\" sizes=\"(max-width: 1024px) 100vw, 1024px\" \/><\/figure>\n\n\n\n<figure class=\"wp-block-image size-large\"><img loading=\"lazy\" decoding=\"async\" width=\"1024\" height=\"740\" src=\"http:\/\/symbivita.cz\/blog\/wp-content\/uploads\/2020\/06\/20-1024x740.jpg\" alt=\"\" class=\"wp-image-716\" srcset=\"https:\/\/symbivita.cz\/blog\/wp-content\/uploads\/2020\/06\/20-1024x740.jpg 1024w, https:\/\/symbivita.cz\/blog\/wp-content\/uploads\/2020\/06\/20-300x217.jpg 300w, https:\/\/symbivita.cz\/blog\/wp-content\/uploads\/2020\/06\/20-768x555.jpg 768w, https:\/\/symbivita.cz\/blog\/wp-content\/uploads\/2020\/06\/20.jpg 1250w\" sizes=\"(max-width: 1024px) 100vw, 1024px\" \/><\/figure>\n\n\n\n<figure class=\"wp-block-image size-large\"><img loading=\"lazy\" decoding=\"async\" width=\"1024\" height=\"742\" src=\"http:\/\/symbivita.cz\/blog\/wp-content\/uploads\/2020\/06\/21-1024x742.jpg\" alt=\"\" class=\"wp-image-717\" srcset=\"https:\/\/symbivita.cz\/blog\/wp-content\/uploads\/2020\/06\/21-1024x742.jpg 1024w, https:\/\/symbivita.cz\/blog\/wp-content\/uploads\/2020\/06\/21-300x217.jpg 300w, https:\/\/symbivita.cz\/blog\/wp-content\/uploads\/2020\/06\/21-768x556.jpg 768w, https:\/\/symbivita.cz\/blog\/wp-content\/uploads\/2020\/06\/21.jpg 1258w\" sizes=\"(max-width: 1024px) 100vw, 1024px\" \/><\/figure>\n\n\n\n<figure class=\"wp-block-image size-large\"><img loading=\"lazy\" decoding=\"async\" width=\"1024\" height=\"748\" src=\"http:\/\/symbivita.cz\/blog\/wp-content\/uploads\/2020\/06\/22-1024x748.jpg\" alt=\"\" class=\"wp-image-718\" srcset=\"https:\/\/symbivita.cz\/blog\/wp-content\/uploads\/2020\/06\/22-1024x748.jpg 1024w, https:\/\/symbivita.cz\/blog\/wp-content\/uploads\/2020\/06\/22-300x219.jpg 300w, https:\/\/symbivita.cz\/blog\/wp-content\/uploads\/2020\/06\/22-768x561.jpg 768w, https:\/\/symbivita.cz\/blog\/wp-content\/uploads\/2020\/06\/22.jpg 1253w\" sizes=\"(max-width: 1024px) 100vw, 1024px\" \/><\/figure>\n\n\n\n<figure class=\"wp-block-image size-large\"><img loading=\"lazy\" decoding=\"async\" width=\"1024\" height=\"741\" src=\"http:\/\/symbivita.cz\/blog\/wp-content\/uploads\/2020\/06\/23-1024x741.jpg\" alt=\"\" class=\"wp-image-719\" srcset=\"https:\/\/symbivita.cz\/blog\/wp-content\/uploads\/2020\/06\/23-1024x741.jpg 1024w, https:\/\/symbivita.cz\/blog\/wp-content\/uploads\/2020\/06\/23-300x217.jpg 300w, https:\/\/symbivita.cz\/blog\/wp-content\/uploads\/2020\/06\/23-768x556.jpg 768w, https:\/\/symbivita.cz\/blog\/wp-content\/uploads\/2020\/06\/23.jpg 1247w\" sizes=\"(max-width: 1024px) 100vw, 1024px\" \/><\/figure>\n\n\n\n<figure class=\"wp-block-image size-large\"><img loading=\"lazy\" decoding=\"async\" width=\"1024\" height=\"591\" src=\"http:\/\/symbivita.cz\/blog\/wp-content\/uploads\/2020\/06\/1968-do\u017e\u00ednky-I-1024x591.png\" alt=\"\" class=\"wp-image-720\" srcset=\"https:\/\/symbivita.cz\/blog\/wp-content\/uploads\/2020\/06\/1968-do\u017e\u00ednky-I-1024x591.png 1024w, https:\/\/symbivita.cz\/blog\/wp-content\/uploads\/2020\/06\/1968-do\u017e\u00ednky-I-300x173.png 300w, https:\/\/symbivita.cz\/blog\/wp-content\/uploads\/2020\/06\/1968-do\u017e\u00ednky-I-768x443.png 768w, https:\/\/symbivita.cz\/blog\/wp-content\/uploads\/2020\/06\/1968-do\u017e\u00ednky-I.png 1506w\" sizes=\"(max-width: 1024px) 100vw, 1024px\" \/><\/figure>\n\n\n\n<figure class=\"wp-block-image size-large\"><img loading=\"lazy\" decoding=\"async\" width=\"767\" height=\"576\" src=\"http:\/\/symbivita.cz\/blog\/wp-content\/uploads\/2020\/06\/1968-do\u017e\u00ednky-II.jpg\" alt=\"\" class=\"wp-image-721\" srcset=\"https:\/\/symbivita.cz\/blog\/wp-content\/uploads\/2020\/06\/1968-do\u017e\u00ednky-II.jpg 767w, https:\/\/symbivita.cz\/blog\/wp-content\/uploads\/2020\/06\/1968-do\u017e\u00ednky-II-300x225.jpg 300w\" sizes=\"(max-width: 767px) 100vw, 767px\" \/><\/figure>\n\n\n\n<p><a href=\"https:\/\/cs.wikipedia.org\/wiki\/21._srpen\">21. srpna<\/a>:&nbsp;<a href=\"https:\/\/cs.wikipedia.org\/wiki\/Invaze_vojsk_Var%C5%A1avsk%C3%A9_smlouvy_do_%C4%8Ceskoslovenska\">Vojensk\u00fd z\u00e1sah<\/a>&nbsp;arm\u00e1d p\u011bti st\u00e1t\u016f&nbsp;<a href=\"https:\/\/cs.wikipedia.org\/wiki\/Var%C5%A1avsk%C3%A1_smlouva\">Var\u0161avsk\u00e9 smlouvy<\/a>&nbsp;(<a href=\"https:\/\/cs.wikipedia.org\/wiki\/Sov%C4%9Btsk%C3%BD_svaz\">SSSR<\/a>,&nbsp;<a href=\"https:\/\/cs.wikipedia.org\/wiki\/Bulharsko\">Bulharska<\/a>,&nbsp;<a href=\"https:\/\/cs.wikipedia.org\/wiki\/Ma%C4%8Farsko\">Ma\u010farska<\/a>,&nbsp;<a href=\"https:\/\/cs.wikipedia.org\/wiki\/N%C4%9Bmeck%C3%A1_demokratick%C3%A1_republika\">NDR<\/a>&nbsp;a&nbsp;<a href=\"https:\/\/cs.wikipedia.org\/wiki\/Polsko\">Polska<\/a>) v&nbsp;<a href=\"https:\/\/cs.wikipedia.org\/wiki\/%C4%8Ceskoslovensko\">\u010ceskoslovensku<\/a>&nbsp;v noci z 20. na 21. 8. 1968,\nkter\u00fd zastavil reformn\u00ed proces&nbsp;<a href=\"https:\/\/cs.wikipedia.org\/wiki\/Pra%C5%BEsk%C3%A9_jaro_1968\">pra\u017esk\u00e9ho jara<\/a>&nbsp;(viz&nbsp;<a href=\"https:\/\/cs.wikisource.org\/wiki\/Provol%C3%A1n%C3%AD_%C3%9AV_KS%C4%8C_z_21._srpna_1968\">Provol\u00e1n\u00ed \u00daV KS\u010c z 21. srpna 1968<\/a>). Ministr obrany, arm\u00e1dn\u00ed gener\u00e1l&nbsp;<a href=\"https:\/\/cs.wikipedia.org\/wiki\/Martin_Dz%C3%BAr\">Martin Dz\u00far<\/a>, vydal rozkaz, aby arm\u00e1da ani\nbezpe\u010dnostn\u00ed slo\u017eky nekladly okupa\u010dn\u00edm sil\u00e1m odpor. Interven\u010dn\u00ed jednotky\nzahrnovaly 750 tis\u00edc voj\u00e1k\u016f, 800 letadel a 6.300 tank\u016f. Do po\u010d\u00e1tku z\u00e1\u0159\u00ed si\ninvaze vojsk vy\u017e\u00e1dala 72 ob\u011bt\u00ed na \u017eivotech \u010deskoslovensk\u00fdch ob\u010dan\u016f.<\/p>\n\n\n\n<p>I v&nbsp;na\u0161\u00ed obci byla\norganizov\u00e1na podpisov\u00e1 akce proti vstupu vojsk Var\u0161avsk\u00e9 smlouvy na m\u00edstn\u00edm\nMNV. Byly odstra\u0148ov\u00e1ny m\u00edstn\u00ed tabule a orienta\u010dn\u00ed zna\u010dky.<\/p>\n\n\n\n<p>V&nbsp;n\u00e1sleduj\u00edc\u00edch dnech\nprojelo obc\u00ed n\u011bkolik vojensk\u00fdch transport\u016f. Nedo\u0161lo k&nbsp;\u017e\u00e1dn\u00e9mu incidentu.<\/p>\n\n\n\n<p>Men\u0161\u00ed sov\u011btsk\u00e1 jednotka technick\u00e9ho\ncharakteru se usadila v&nbsp;ji\u017en\u00ed \u010d\u00e1sti katastru nad Skalou. Voj\u00e1ci odeb\u00edrali\nv&nbsp;obci vodu a pozd\u011bji p\u0159ich\u00e1zeli ve skupin\u00e1ch do m\u00edstn\u00edho pohostinstv\u00ed.<\/p>\n\n\n\n<p>Na zdech se objevily\nn\u00e1pisy proti OV KS\u010c.<\/p>\n\n\n\n<p>25. srpna dokon\u010den \u00faklid \u0161koly, 26. srpna zah\u00e1jena p\u0159\u00edprava\npro nov\u00fd \u0161koln\u00ed rok pod dojmem srpnov\u00fdch ud\u00e1lost\u00ed. Dostavili se jen m\u00edstn\u00ed\nu\u010ditel\u00e9. Byl sestavov\u00e1n pl\u00e1n pro z\u0159\u00edzen\u00ed n\u00e1hradn\u00ed \u0161koln\u00ed d\u00edlny mimo objekt\nbudovy.<\/p>\n\n\n\n<p>1. z\u00e1\u0159\u00ed byl zah\u00e1jen \u0161koln\u00ed rok 1968\/69, 2. z\u00e1\u0159\u00ed za\u010dala\nv\u00fduka.<\/p>\n\n\n\n<p>\u0160koln\u00ed rada: Na I. stupni vyu\u010dovaly And\u011bla L\u00edzalov\u00e1, Eva\nBal\u00e1\u0161ov\u00e1, Anna Kup\u010d\u00edkov\u00e1. Na II. stupni: \u0159editel R. Kol\u00ednsk\u00fd, Josef \u010cern\u00fd,\nz\u00e1stupce \u0159editele, u\u010ditelky Drahom\u00edra \u010cern\u00e1, Ludmila Havr\u00e1nkov\u00e1, Vlasta\nKol\u00ednsk\u00e1, Danu\u0161e Nov\u00e1kov\u00e1, Danu\u0161e Proch\u00e1zkov\u00e1. Anna Such\u00e1nkov\u00e1, Alena\nSchwarzov\u00e1 a Hana Vacul\u00edkov\u00e1.<\/p>\n\n\n\n<p>Po\u017eadavky n\u011bkter\u00fdch rodi\u010d\u016f &#8211; neu\u010dit rusk\u00e9mu jazyku &#8211; byly\nodm\u00edtnuty, stejn\u011b i pokusy \u017e\u00e1k\u016f prov\u00e1d\u011bt \u00fapravy v&nbsp;u\u010debnic\u00edch byly\nlikvidov\u00e1ny. PO nebyla zru\u0161ena a d\u00e1l vyv\u00edjela \u010dinnost.<\/p>\n\n\n\n<p>29. z\u00e1\u0159\u00ed byla oslava stolet\u00e9ho v\u00fdro\u010d\u00ed zalo\u017een\u00ed evangelick\u00e9ho sboru. <\/p>\n\n\n\n<figure class=\"wp-block-image size-large\"><img loading=\"lazy\" decoding=\"async\" width=\"770\" height=\"503\" src=\"http:\/\/symbivita.cz\/blog\/wp-content\/uploads\/2020\/06\/1968-pr\u00e1ce-na-poli.jpg\" alt=\"\" class=\"wp-image-722\" srcset=\"https:\/\/symbivita.cz\/blog\/wp-content\/uploads\/2020\/06\/1968-pr\u00e1ce-na-poli.jpg 770w, https:\/\/symbivita.cz\/blog\/wp-content\/uploads\/2020\/06\/1968-pr\u00e1ce-na-poli-300x196.jpg 300w, https:\/\/symbivita.cz\/blog\/wp-content\/uploads\/2020\/06\/1968-pr\u00e1ce-na-poli-768x502.jpg 768w\" sizes=\"(max-width: 770px) 100vw, 770px\" \/><\/figure>\n\n\n\n<p><a href=\"https:\/\/cs.wikipedia.org\/wiki\/18._%C5%99%C3%ADjen\">18. \u0159\u00edjna<\/a> V N\u00e1rodn\u00edm shrom\u00e1\u017ed\u011bn\u00ed byla p\u0159ijata\nSmlouva o podm\u00ednk\u00e1ch do\u010dasn\u00e9ho pobytu sov\u011btsk\u00fdch vojsk na \u00fazem\u00ed \u010ceskoslovenska;\nvy\u010dle\u0148ovala prostory a z\u00e1zem\u00ed, kter\u00e9 bylo t\u0159eba uvolnit 75 tis. sov\u011btsk\u00fdch\nvoj\u00e1k\u016f. Vojska ostatn\u00edch st\u00e1t\u016f m\u011bla b\u00fdt odsunuta, d\u00e9lka pobytu sov\u011btsk\u00fdch vojsk\nnebyla specifikov\u00e1na.<\/p>\n\n\n\n<p><strong>Vinobran\u00ed<\/strong><\/p>\n\n\n\n<figure class=\"wp-block-image size-large\"><img loading=\"lazy\" decoding=\"async\" width=\"1024\" height=\"548\" src=\"http:\/\/symbivita.cz\/blog\/wp-content\/uploads\/2020\/06\/2.-1024x548.png\" alt=\"\" class=\"wp-image-723\" srcset=\"https:\/\/symbivita.cz\/blog\/wp-content\/uploads\/2020\/06\/2.-1024x548.png 1024w, https:\/\/symbivita.cz\/blog\/wp-content\/uploads\/2020\/06\/2.-300x161.png 300w, https:\/\/symbivita.cz\/blog\/wp-content\/uploads\/2020\/06\/2.-768x411.png 768w, https:\/\/symbivita.cz\/blog\/wp-content\/uploads\/2020\/06\/2..png 1310w\" sizes=\"(max-width: 1024px) 100vw, 1024px\" \/><\/figure>\n\n\n\n<figure class=\"wp-block-image size-large\"><img loading=\"lazy\" decoding=\"async\" width=\"1024\" height=\"535\" src=\"http:\/\/symbivita.cz\/blog\/wp-content\/uploads\/2020\/06\/3.-1024x535.png\" alt=\"\" class=\"wp-image-724\" srcset=\"https:\/\/symbivita.cz\/blog\/wp-content\/uploads\/2020\/06\/3.-1024x535.png 1024w, https:\/\/symbivita.cz\/blog\/wp-content\/uploads\/2020\/06\/3.-300x157.png 300w, https:\/\/symbivita.cz\/blog\/wp-content\/uploads\/2020\/06\/3.-768x401.png 768w, https:\/\/symbivita.cz\/blog\/wp-content\/uploads\/2020\/06\/3..png 1383w\" sizes=\"(max-width: 1024px) 100vw, 1024px\" \/><\/figure>\n\n\n\n<figure class=\"wp-block-image size-large\"><img loading=\"lazy\" decoding=\"async\" width=\"1024\" height=\"513\" src=\"http:\/\/symbivita.cz\/blog\/wp-content\/uploads\/2020\/06\/4.-1024x513.png\" alt=\"\" class=\"wp-image-725\" srcset=\"https:\/\/symbivita.cz\/blog\/wp-content\/uploads\/2020\/06\/4.-1024x513.png 1024w, https:\/\/symbivita.cz\/blog\/wp-content\/uploads\/2020\/06\/4.-300x150.png 300w, https:\/\/symbivita.cz\/blog\/wp-content\/uploads\/2020\/06\/4.-768x385.png 768w, https:\/\/symbivita.cz\/blog\/wp-content\/uploads\/2020\/06\/4..png 1352w\" sizes=\"(max-width: 1024px) 100vw, 1024px\" \/><\/figure>\n\n\n\n<figure class=\"wp-block-image size-large\"><img loading=\"lazy\" decoding=\"async\" width=\"1024\" height=\"534\" src=\"http:\/\/symbivita.cz\/blog\/wp-content\/uploads\/2020\/06\/5.-1024x534.png\" alt=\"\" class=\"wp-image-726\" srcset=\"https:\/\/symbivita.cz\/blog\/wp-content\/uploads\/2020\/06\/5.-1024x534.png 1024w, https:\/\/symbivita.cz\/blog\/wp-content\/uploads\/2020\/06\/5.-300x156.png 300w, https:\/\/symbivita.cz\/blog\/wp-content\/uploads\/2020\/06\/5.-768x400.png 768w, https:\/\/symbivita.cz\/blog\/wp-content\/uploads\/2020\/06\/5..png 1352w\" sizes=\"(max-width: 1024px) 100vw, 1024px\" \/><\/figure>\n\n\n\n<figure class=\"wp-block-image size-large\"><img loading=\"lazy\" decoding=\"async\" width=\"1024\" height=\"674\" src=\"http:\/\/symbivita.cz\/blog\/wp-content\/uploads\/2020\/06\/1968-vinobran\u00ed-I-1024x674.png\" alt=\"\" class=\"wp-image-727\" srcset=\"https:\/\/symbivita.cz\/blog\/wp-content\/uploads\/2020\/06\/1968-vinobran\u00ed-I-1024x674.png 1024w, https:\/\/symbivita.cz\/blog\/wp-content\/uploads\/2020\/06\/1968-vinobran\u00ed-I-300x198.png 300w, https:\/\/symbivita.cz\/blog\/wp-content\/uploads\/2020\/06\/1968-vinobran\u00ed-I-768x506.png 768w, https:\/\/symbivita.cz\/blog\/wp-content\/uploads\/2020\/06\/1968-vinobran\u00ed-I.png 1414w\" sizes=\"(max-width: 1024px) 100vw, 1024px\" \/><\/figure>\n\n\n\n<figure class=\"wp-block-image size-large\"><img loading=\"lazy\" decoding=\"async\" width=\"752\" height=\"375\" src=\"http:\/\/symbivita.cz\/blog\/wp-content\/uploads\/2020\/06\/1968-vinobran\u00ed-II.jpg\" alt=\"\" class=\"wp-image-728\" srcset=\"https:\/\/symbivita.cz\/blog\/wp-content\/uploads\/2020\/06\/1968-vinobran\u00ed-II.jpg 752w, https:\/\/symbivita.cz\/blog\/wp-content\/uploads\/2020\/06\/1968-vinobran\u00ed-II-300x150.jpg 300w\" sizes=\"(max-width: 752px) 100vw, 752px\" \/><\/figure>\n\n\n\n<p>29. \u0159\u00edjna se v&nbsp;s\u00e1le kulturn\u00edho domu konala oslava 50.\nv\u00fdro\u010d\u00ed vzniku \u010cSR.<\/p>\n\n\n\n<p><a href=\"https:\/\/cs.wikipedia.org\/wiki\/6._listopad\">6.<\/a>\u2013<a href=\"https:\/\/cs.wikipedia.org\/wiki\/7._listopad\">7. listopadu<\/a>&nbsp;se u p\u0159\u00edle\u017eitosti v\u00fdro\u010d\u00ed&nbsp;<a href=\"https:\/\/cs.wikipedia.org\/wiki\/%C5%98%C3%ADjnov%C3%A1_revoluce\">V\u0158SR<\/a> koaly v&nbsp;<a href=\"https:\/\/cs.wikipedia.org\/wiki\/Praha\">Praze<\/a>,&nbsp;<a href=\"https:\/\/cs.wikipedia.org\/wiki\/Brno\">Brn\u011b<\/a>&nbsp;a&nbsp;<a href=\"https:\/\/cs.wikipedia.org\/wiki\/%C4%8Cesk%C3%A9_Bud%C4%9Bjovice\">\u010cesk\u00fdch Bud\u011bjovic\u00edch<\/a>&nbsp;velk\u00e9 demonstrace proti\nsov\u011btsk\u00e9 okupaci, do nich\u017e se zapojili zejm\u00e9na studenti. Demonstrace v\u0161ak byly\npotla\u010deny bezpe\u010dnostn\u00edmi jednotkami v\u010d.&nbsp;<a href=\"https:\/\/cs.wikipedia.org\/wiki\/Lidov%C3%A9_milice\">lidov\u00fdch milic\u00ed<\/a>.<\/p>\n\n\n\n<p>Hon\u016f se \u00fa\u010dastnilo 158\nst\u0159elc\u016f, 113 honc\u016f a 28 loveck\u00fdch ps\u016f. Na dva hony byli pozv\u00e1ni host\u00e9\nz&nbsp;It\u00e1lie. Jan Dan\u011bk st\u0159elil 3 li\u0161ky, Jara Jel\u00ednek 1 li\u0161ku, Lubo\u0161\nDrachovsk\u00fd 1 li\u0161ku, Milan Vintrl\u00edk st\u0159elil v&nbsp;lese \u201eRozd\u00edly\u201c jezevce.<\/p>\n\n\n\n<p>17. listopadu se \u017e\u00e1ci z\u00fa\u010dastnili vystoupen\u00ed J. Gruml\u00edka. P\u0159ednesl\np\u00e1sma Mal\u00fd Bobe\u0161, Vy\u0161\u0161\u00ed princip a V\u010dela\u0159, akci organizovala u\u010ditelka H.\nVacul\u00edkov\u00e1.<\/p>\n\n\n\n<p><a href=\"https:\/\/cs.wikipedia.org\/wiki\/22._listopad\">22. listopadu<\/a>&nbsp;vydala britsk\u00e1 kapela&nbsp;<a href=\"https:\/\/cs.wikipedia.org\/wiki\/The_Beatles\">Beatles<\/a> tzv.&nbsp;<a href=\"https:\/\/cs.wikipedia.org\/wiki\/The_Beatles_(album)\"><em>B\u00edl\u00e9 album<\/em><\/a>.<\/p>\n\n\n\n<p>7. prosince ukon\u010dil sv\u016fj\n\u017eivot sebevra\u017edou v&nbsp;19 letech Jan So\u0161ka.<\/p>\n\n\n\n<p>V posledn\u00edm m\u011bs\u00edci\nroku se objevoval m\u00edrn\u00fd mr\u00e1z a ob\u010dasn\u00e9 sn\u011bhov\u00e9 p\u0159eh\u00e1\u0148ky.<\/p>\n\n\n\n<p><strong>1969<\/strong><\/p>\n\n\n\n<p>Dlouh\u00e1 zima, mraziv\u00e9 dny se sn\u011bhem a ledovkou, st\u0159\u00eddan\u00e9\noblevou. V dubnu ji\u017e p\u0159evl\u00e1daly tepl\u00e9 dny, jen n\u011bkolik dn\u00ed m\u011blo sn\u011bhov\u00e9 p\u0159eh\u00e1\u0148ky.\nV kv\u011btnu a \u010dervnu st\u00e1le tepleji, ob\u010das bou\u0159ky\u2026 a\u017e do \u017en\u00ed 21. \u010dervence, kdy p\u0159evl\u00e1dlo\nteplo a sucho. D\u00e9\u0161\u0165 p\u0159i\u0161el nakr\u00e1tko za\u010d\u00e1tkem z\u00e1\u0159\u00ed, pot\u00e9 op\u011bt sucho. Na konci\n\u0159\u00edjna ochlazen\u00ed, za\u010d\u00e1tkem listopadu u\u017e mrzlo. M\u00edrn\u00fd mr\u00e1z a sn\u00edh trvaly a\u017e do\nkonce roku.<\/p>\n\n\n\n<p><\/p>\n\n\n\n<p>25. \u00fanora si v&nbsp;hodin\u011b TV zlomil levou pa\u017ei \u017e\u00e1k 8.\nt\u0159\u00eddy Pavel Putna.<\/p>\n\n\n\n<p><a href=\"https:\/\/cs.wikipedia.org\/wiki\/28._b%C5%99ezen\">28. b\u0159ezna<\/a>&nbsp;\u2013 nepokoje v mnoha m\u011bstech\npo v\u00edt\u011bzstv\u00ed&nbsp;<a href=\"https:\/\/cs.wikipedia.org\/wiki\/%C4%8Ceskoslovensko\">\u010ceskoslovenska<\/a>&nbsp;nad&nbsp;<a href=\"https:\/\/cs.wikipedia.org\/wiki\/Sov%C4%9Btsk%C3%BD_svaz\">SSSR<\/a>&nbsp;4:3 v hokejov\u00e9m utk\u00e1n\u00ed na&nbsp;<a href=\"https:\/\/cs.wikipedia.org\/wiki\/Mistrovstv%C3%AD_sv%C4%9Bta_v_ledn%C3%ADm_hokeji_1969\">mistrovstv\u00ed sv\u011bta<\/a>.\nDo\u0161lo k \u00fatoku na kancel\u00e1\u0159&nbsp;<a href=\"https:\/\/cs.wikipedia.org\/wiki\/Aeroflot\">Aeroflotu<\/a>&nbsp;<\/p>\n\n\n\n<p>v&nbsp;<a href=\"https:\/\/cs.wikipedia.org\/wiki\/Praha\">Praze<\/a>&nbsp;i\nk \u00fatok\u016fm proti sov\u011btsk\u00fdm voj\u00e1k\u016fm rozm\u00edst\u011bn\u00fdm na \u010desk\u00e9m \u00fazem\u00ed.<\/p>\n\n\n\n<p>Jaro\nvykazovalo teplotn\u00ed v\u00fdkyvy.<\/p>\n\n\n\n<p><a href=\"https:\/\/cs.wikipedia.org\/wiki\/17._duben\">7.\ndubna<\/a>&nbsp;\u2013&nbsp;<a href=\"https:\/\/cs.wikipedia.org\/wiki\/Gust%C3%A1v_Hus%C3%A1k\">Gust\u00e1v\nHus\u00e1k<\/a>&nbsp;nahradil&nbsp;<a href=\"https:\/\/cs.wikipedia.org\/wiki\/Alexander_Dub%C4%8Dek\">Alexandra Dub\u010deka<\/a>&nbsp;ve funkci gener\u00e1ln\u00edho\ntajemn\u00edka&nbsp;<a href=\"https:\/\/cs.wikipedia.org\/wiki\/Komunistick%C3%A1_strana_%C4%8Ceskoslovenska\">KS\u010c<\/a>.<\/p>\n\n\n\n<p>V&nbsp;dubnu se vzdal funkce\np\u0159edsedy vesnick\u00e9 organizace KS\u010c Josef \u010cern\u00fd, na jeho m\u00edsto nastoupila And\u011bla\nL\u00edzalov\u00e1, u\u010ditelka ZD\u0160. \u010cleny v\u00fdboru d\u00e1le byli: V\u00e1clav Maty\u0161ek, d\u016fchodce, Josef\nFasora, d\u016fchodce, Fr. Ot\u0159\u00edsal, d\u011bln\u00edk, Alois B\u00edlek. PO onemocn\u011bn\u00ed Fr. Ot\u0159\u00edsala\nse stal \u010dlenem v\u00fdboru Old\u0159ich L\u00edzal, \u010dlen JZD a po n\u011bm R\u016f\u017eena \u0160\u0165av\u00edkov\u00e1,\nd\u011blnice.<\/p>\n\n\n\n<p>Z&nbsp;evidence \u010dlen\u016f KS\u010c\nbyli na z\u00e1klad\u011b posudku v\u00fdboru vy\u0159azeni Josef \u010cern\u00fd, z\u00e1stupce \u0159editele ZD\u0160,\nJaroslav Byst\u0159ick\u00fd, p\u0159edseda MNV, Rudolf Kol\u00ednsk\u00fd, \u0159editel ZD\u0160, Vlasta\nkol\u00ednsk\u00e1, u\u010d.<\/p>\n\n\n\n<p>5. kv\u011btna zem\u0159el po del\u0161\u00ed\nnemoci Franti\u0161ek Ku\u010dera z&nbsp;\u010d. 81.<\/p>\n\n\n\n<p>7. kv\u011btna prudk\u00e1 bou\u0159e a\npr\u016ftr\u017e mra\u010den.<\/p>\n\n\n\n<p><a href=\"https:\/\/cs.wikipedia.org\/wiki\/29._kv%C4%9Bten\">29.<\/a>\u2013<a href=\"https:\/\/cs.wikipedia.org\/wiki\/30._kv%C4%9Bten\">30. kv\u011btna<\/a>&nbsp;\u2013 p\u0159edlo\u017eilo nov\u00e9 veden\u00ed&nbsp;<a href=\"https:\/\/cs.wikipedia.org\/wiki\/Komunistick%C3%A1_strana_%C4%8Ceskoslovenska\">KS\u010c<\/a> n\u00e1vrh realiza\u010dn\u00ed\nsm\u011brnice, kter\u00e1 ur\u010dovala nov\u00e9 sm\u011b\u0159ov\u00e1n\u00ed strany k byrokratick\u00e9mu a\ncentralistick\u00e9mu \u0159\u00edzen\u00ed.<\/p>\n\n\n\n<p>9. \u010dervna zem\u0159el v&nbsp;hustope\u010dsk\u00e9 nemocnici\nPetr Kapka (spr\u00e1vn\u011b P. Kapko), rod\u00e1k z&nbsp;Podkarpatsk\u00e9 Rusi.<\/p>\n\n\n\n<ol>\n<li>\u010dervna zahynul\np\u0159i hav\u00e1rii na Znojemsku Vojt\u011bch Hor\u00e1k.<\/li>\n<\/ol>\n\n\n\n<p>Mikulov 1969<\/p>\n\n\n\n<figure class=\"wp-block-image size-large\"><img loading=\"lazy\" decoding=\"async\" width=\"787\" height=\"626\" src=\"http:\/\/symbivita.cz\/blog\/wp-content\/uploads\/2020\/06\/1969-Mikulov.jpg\" alt=\"\" class=\"wp-image-731\" srcset=\"https:\/\/symbivita.cz\/blog\/wp-content\/uploads\/2020\/06\/1969-Mikulov.jpg 787w, https:\/\/symbivita.cz\/blog\/wp-content\/uploads\/2020\/06\/1969-Mikulov-300x239.jpg 300w, https:\/\/symbivita.cz\/blog\/wp-content\/uploads\/2020\/06\/1969-Mikulov-768x611.jpg 768w\" sizes=\"(max-width: 787px) 100vw, 787px\" \/><\/figure>\n\n\n\n<p>Byl p\u0159ipravov\u00e1n pl\u00e1n\nstavby silnice od domu \u010d. 30 do ji\u017en\u00ed \u010d\u00e1sti obce. Silnice m\u011bla b\u00fdt asfaltov\u00e1,\nale pl\u00e1n zm\u011bn\u011bn, byly zakoupeny vy\u0159azen\u00e9 panely a obrubn\u00edky.<\/p>\n\n\n\n<p>V&nbsp;\u010dervnu m\u011bli \u017e\u00e1ci jednodenn\u00ed v\u00fdlety, \u017e\u00e1ci II. st.\nturistick\u00e1 putov\u00e1n\u00ed. \u0160koln\u00ed rok ukon\u010den 27. \u010dervna.<\/p>\n\n\n\n<ol>\n<li>\u010dervence\nzem\u0159el ve vysok\u00e9m v\u011bku p. Josef Ne\u010das z \u010d. 130, vykon\u00e1val zde funkci\nkosteln\u00edka.<\/li>\n<\/ol>\n\n\n\n<p>15. \u010dervna byla uspo\u0159\u00e1d\u00e1na slavnost&nbsp; v\u00edt\u00e1n\u00ed ob\u010d\u00e1nk\u016f. Za MNV&nbsp; Byst\u0159ick\u00fd, za SPOZ And\u011bla L\u00edzalov\u00e1.<\/p>\n\n\n\n<p>Varhan\u00edkem v&nbsp;katolick\u00e9m kostele byl Alois Ne\u010das, \u0159e\u010den\u00fd Brecht\u00edk, po n\u011bm jeho dcera R\u016f\u017eena.<\/p>\n\n\n\n<figure class=\"wp-block-image size-large\"><img loading=\"lazy\" decoding=\"async\" width=\"1024\" height=\"529\" src=\"http:\/\/symbivita.cz\/blog\/wp-content\/uploads\/2020\/06\/F4.-1024x529.png\" alt=\"\" class=\"wp-image-732\" srcset=\"https:\/\/symbivita.cz\/blog\/wp-content\/uploads\/2020\/06\/F4.-1024x529.png 1024w, https:\/\/symbivita.cz\/blog\/wp-content\/uploads\/2020\/06\/F4.-300x155.png 300w, https:\/\/symbivita.cz\/blog\/wp-content\/uploads\/2020\/06\/F4.-768x396.png 768w, https:\/\/symbivita.cz\/blog\/wp-content\/uploads\/2020\/06\/F4..png 1261w\" sizes=\"(max-width: 1024px) 100vw, 1024px\" \/><\/figure>\n\n\n\n<figure class=\"wp-block-image size-large\"><img loading=\"lazy\" decoding=\"async\" width=\"913\" height=\"694\" src=\"http:\/\/symbivita.cz\/blog\/wp-content\/uploads\/2020\/06\/1969-T\u00e1bor.jpg\" alt=\"\" class=\"wp-image-733\" srcset=\"https:\/\/symbivita.cz\/blog\/wp-content\/uploads\/2020\/06\/1969-T\u00e1bor.jpg 913w, https:\/\/symbivita.cz\/blog\/wp-content\/uploads\/2020\/06\/1969-T\u00e1bor-300x228.jpg 300w, https:\/\/symbivita.cz\/blog\/wp-content\/uploads\/2020\/06\/1969-T\u00e1bor-768x584.jpg 768w\" sizes=\"(max-width: 913px) 100vw, 913px\" \/><\/figure>\n\n\n\n<p>V z\u00e1\u0159\u00ed zah\u00e1jen \u0161koln\u00ed rok 1969\/70.<\/p>\n\n\n\n<p>P\u0159ehled o u\u010ditel\u00edch: R.\nKol\u00ednsk\u00fd, \u0159editel, Josef \u010cern\u00fd, z\u00e1stupce \u0159editele, Anna Hrube\u0161ov\u00e1, Anna\nKup\u010d\u00edkov\u00e1, Eva Bal\u00e1\u0161ov\u00e1, Alena Schwarzov\u00e1, Danu\u0161e Nov\u00e1kov\u00e1, Anna Such\u00e1nkov\u00e1,\nLudmila Havr\u00e1nkov\u00e1, Drahom\u00edra \u010cern\u00e1, Danu\u0161e Proch\u00e1zkov\u00e1, Hana Vacul\u00edkov\u00e1,\nVlasta Kol\u00ednsk\u00e1.<\/p>\n\n\n\n<p>&nbsp;&nbsp;&nbsp; U\u010ditelka And\u011bla L\u00edzalov\u00e1 ode\u0161la do d\u016fchodu.<\/p>\n\n\n\n<figure class=\"wp-block-image size-large\"><img loading=\"lazy\" decoding=\"async\" width=\"980\" height=\"691\" src=\"http:\/\/symbivita.cz\/blog\/wp-content\/uploads\/2020\/06\/Obr.19-u\u010ditelsk\u00fd-sbor-1970.png\" alt=\"\" class=\"wp-image-734\" srcset=\"https:\/\/symbivita.cz\/blog\/wp-content\/uploads\/2020\/06\/Obr.19-u\u010ditelsk\u00fd-sbor-1970.png 980w, https:\/\/symbivita.cz\/blog\/wp-content\/uploads\/2020\/06\/Obr.19-u\u010ditelsk\u00fd-sbor-1970-300x212.png 300w, https:\/\/symbivita.cz\/blog\/wp-content\/uploads\/2020\/06\/Obr.19-u\u010ditelsk\u00fd-sbor-1970-768x542.png 768w\" sizes=\"(max-width: 980px) 100vw, 980px\" \/><\/figure>\n\n\n\n<p>30. z\u00e1\u0159\u00ed nav\u0161t\u00edvila \u0161kolu mongolsk\u00e1 delegace.<\/p>\n\n\n\n<p>30. \u0159\u00edjna poran\u011bn\u00ed oka spolu\u017e\u00e1kem, zran\u011bn\u00fd P. K\u00e1\u0148a se musel\ndlouhou dobu l\u00e9\u010dit.<\/p>\n\n\n\n<p>6. listopadu n\u00e1hle zem\u0159el Franti\u0161ek \u010capka. Vlastnil usedlost, kterou tu koupil, tzv. toufarsk\u00fd d\u016fm. P\u0159ed zahradou na ulici b\u00fdvala studna s&nbsp;v\u00fdbornou vodou, zvan\u00e1 Toufarka. P\u0159ipom\u00edn\u00e1 dobu 16. stolet\u00ed, kdy d\u016fm pat\u0159il novok\u0159t\u011bnc\u016fm (toufa\u0159i, hab\u00e1ni). Franti\u0161ek \u010capka pracoval jako vedouc\u00ed pobo\u010dky St\u00e1tn\u00ed spo\u0159itelny.<\/p>\n\n\n\n<figure class=\"wp-block-image size-large\"><img loading=\"lazy\" decoding=\"async\" width=\"900\" height=\"653\" src=\"http:\/\/symbivita.cz\/blog\/wp-content\/uploads\/2020\/06\/\u010capkovi.jpg\" alt=\"\" class=\"wp-image-735\" srcset=\"https:\/\/symbivita.cz\/blog\/wp-content\/uploads\/2020\/06\/\u010capkovi.jpg 900w, https:\/\/symbivita.cz\/blog\/wp-content\/uploads\/2020\/06\/\u010capkovi-300x218.jpg 300w, https:\/\/symbivita.cz\/blog\/wp-content\/uploads\/2020\/06\/\u010capkovi-768x557.jpg 768w\" sizes=\"(max-width: 900px) 100vw, 900px\" \/><\/figure>\n\n\n\n<p>7. listopad: \u0161tafeta p\u0159\u00e1telstv\u00ed a m\u00edru. Zdravici vypracoval\nJosef \u010cern\u00fd.<\/p>\n\n\n\n<p>Sv\u00e9pomoc\u00ed vyhloubena 5 m hlubok\u00e1 studna, vystoupala tu voda\ndo v\u00fd\u0161ky 4&nbsp; m.<\/p>\n\n\n\n<ol>\n<li>prosince\npromluvil k&nbsp;\u017e\u00e1k\u016fm major R. \u0160im\u00e1\u010dek z&nbsp;B\u0159eclavi o boj\u00edch \u010ds. arm\u00e1dn\u00edho\nsboru v&nbsp;SSSR.<\/li>\n<\/ol>\n\n\n\n<p>Na podzim postihla \u0159editele Z\u0160\nRudolfa Kol\u00ednsk\u00e9ho o\u010dn\u00ed choroba. Stav se zhor\u0161oval.<\/p>\n\n\n\n<p>Dlouh\u00e1 such\u00e1 zima, hodn\u011b sn\u011bhu, siln\u00e9 v\u011btry, tvo\u0159ily se\nz\u00e1v\u011bje.<\/p>\n\n\n\n<p><strong>1970<\/strong><\/p>\n\n\n\n<p>Mrazy, sn\u011b\u017eilo do konce b\u0159ezna. V dubnu p\u0159i\u0161lo m\u00edrn\u00e9\noteplen\u00ed, ob\u010das d\u00e9\u0161\u0165. V kv\u011btnu sucho a v\u011btrno. Bou\u0159ky p\u0159i\u0161ly v \u010dervnu a trvaly\na\u017e do z\u00e1\u0159\u00ed. De\u0161tiv\u00e9 po\u010das\u00ed komplikovalo \u017en\u011b. M\u00edrn\u00e9 zlep\u0161en\u00ed po\u010das\u00ed pro poln\u00ed\npr\u00e1ce p\u0159i\u0161lo na chv\u00edli v polovin\u011b z\u00e1\u0159\u00ed. V \u0159\u00edjnu prom\u011bnlivo a prvn\u00ed mr\u00e1z. Po\u010d\u00e1tkem\nlistopadu oteplen\u00ed. Mr\u00e1z zase na konci t. m\u011bs\u00edce a pot\u00e9 p\u0159ich\u00e1zel a\u017e do konce\nroku. Sn\u00edh napadl a\u017e 24. prosince.<\/p>\n\n\n\n<p>Byla\nrozpu\u0161t\u011bna skautsk\u00e1 organizace&nbsp;<a href=\"https:\/\/cs.wikipedia.org\/wiki\/Jun%C3%A1k_%E2%80%93_%C4%8Desk%C3%BD_skaut\">Jun\u00e1k<\/a>. Jej\u00ed aktivity ofici\u00e1ln\u011b p\u0159evzala&nbsp;<a href=\"https:\/\/cs.wikipedia.org\/wiki\/Pion%C3%BDrsk%C3%A1_organizace_Socialistick%C3%A9ho_svazu_ml%C3%A1de%C5%BEe\">Pion\u00fdrsk\u00e1 organizace SSM<\/a>.<\/p>\n\n\n\n<p>Mysliveck\u00fd spolek m\u011bl zm\u011bny ve veden\u00ed. Cyril Mat\u00fd\u0161ek z\u016fstal\np\u0159edsedou. Mysliveck\u00fdm hospod\u00e1\u0159em Jan Hrabec, nov\u011b zvolen jednatel Josef\nCharv\u00e1t a finan\u010dn\u00ed hospod\u00e1\u0159 Milan Vintrl\u00edk, po n\u011bm funkci p\u0159evzal Jaroslav\nPavl\u00edk, p\u0159edseda JZD. 3 \u010dlenov\u00e9 -Alois Ne\u010das, Jaroslav Jel\u00ednek a Martin Vahala\nz\u016fst\u00e1vaj\u00ed ve v\u00fdboru.<\/p>\n\n\n\n<p>Leden- volba nov\u00e9ho&nbsp;\nv\u00fdboru Tj Dru\u017estevn\u00edk.<\/p>\n\n\n\n<p>Jel\u00ednek Jan- p\u0159edseda, Ne\u010das Miroslav-m\u00edstop\u0159edseda, L\u00edzal\nV\u00e1clav (ml.)- tajemn\u00edk, B\u00edlek Mirek(st.)- pokladn\u00edk,<\/p>\n\n\n\n<ul>\n<li>b\u0159ezna\noslava MD\u017d.<\/li>\n<\/ul>\n\n\n\n<p>15. b\u0159ezna-&nbsp;&nbsp; v\u00edt\u00e1n\u00ed\nob\u010d\u00e1nk\u016f.<\/p>\n\n\n\n<p>28. b\u0159ezna \u2013 MS: kmenov\u00e9 stavy zv\u011b\u0159e z\u016fstaly nezm\u011bn\u011bny.<\/p>\n\n\n\n<p>19. dubna oslava 25. v\u00fdro\u010d\u00ed osvobozen\u00ed obce.<\/p>\n\n\n\n<p>Pion\u00fdrsk\u00fd odd\u00edl Mr\u0161t\u00edkovci pod ved. J. \u010cern\u00e9ho je zam\u011b\u0159en\nna p\u0159\u00edrodov\u011bdu (v\u010dela\u0159stv\u00ed, ochrana p\u0159\u00edrody) a fotografov\u00e1n\u00ed.<\/p>\n\n\n\n<p>1. cenu ve krajsk\u00e9 fotosout\u011b\u017ei: Jan Hrabec.<\/p>\n\n\n\n<p>2. a 7. m\u00edsto v&nbsp;celost\u00e1tn\u00ed sout\u011b\u017ei \u010cesk\u00e9ho fonoklubu.\nSn\u00edmek Z. St\u00e1rkov\u00e9 a A. Vozdeck\u00e9 \u201eVzpom\u00ednky \u0159editele \u0161koly na rok osvobozen\u00ed\u201c\nbyl vys\u00edl\u00e1n \u010ds. rozhlasem.<\/p>\n\n\n\n<p>Odd\u00edl soustavn\u011b pe\u010duje o obecn\u00ed park a po\u0159\u00e1d\u00e1 sb\u011br\nodpadov\u00fdch surovin.<\/p>\n\n\n\n<figure class=\"wp-block-image size-large\"><img loading=\"lazy\" decoding=\"async\" width=\"694\" height=\"432\" src=\"http:\/\/symbivita.cz\/blog\/wp-content\/uploads\/2020\/06\/Brig\u00e1da-d\u011bt\u00ed.png\" alt=\"\" class=\"wp-image-736\" srcset=\"https:\/\/symbivita.cz\/blog\/wp-content\/uploads\/2020\/06\/Brig\u00e1da-d\u011bt\u00ed.png 694w, https:\/\/symbivita.cz\/blog\/wp-content\/uploads\/2020\/06\/Brig\u00e1da-d\u011bt\u00ed-300x187.png 300w\" sizes=\"(max-width: 694px) 100vw, 694px\" \/><\/figure>\n\n\n\n<p>4. kv\u011btna odch\u00e1z\u00ed \u0159editel Kol\u00ednsk\u00fd do stavu nemocn\u00fdch.\nPovinnosti \u0159editele p\u0159evzal z\u00e1stupce Josef \u010cern\u00fd. Od t\u00e9 doby tak\u00e9 vede z\u00e1pisy\nve \u0161koln\u00ed kronice.<\/p>\n\n\n\n<p><a href=\"https:\/\/cs.wikipedia.org\/wiki\/10._kv%C4%9Bten\">10.\nkv\u011btna<\/a>&nbsp;\u2013 Vys\u00edl\u00e1n\u00ed zah\u00e1jil druh\u00fd program&nbsp;<a href=\"https:\/\/cs.wikipedia.org\/wiki\/%C4%8Ceskoslovensk%C3%A1_televize\">\u010ceskoslovensk\u00e9 televize<\/a>.<\/p>\n\n\n\n<p>Pro \u017e\u00e1ky byly uspo\u0159\u00e1d\u00e1ny exkurse Brno &#8211; Star\u00e1 radnice a\nplanet\u00e1rium. Moravsk\u00e9 muzeum. Moravsk\u00e1 galerie, \u0160pilberk, m\u011bstsk\u00e1 obraz\u00e1rna,\npavilon Andropos, provoz Lacrum. \u017d\u00e1ci nav\u0161t\u00edvili i p\u011bt brn\u011bnsk\u00fdch divadel. \u017d\u00e1ci\n8. t\u0159. nav\u0161t\u00edvili Boskovice<\/p>\n\n\n\n<p>O d\u011bti se star\u00e1 MUDr. Tomkov\u00e1, ale zubn\u00ed preventivn\u00ed\no\u0161et\u0159en\u00ed nebylo uskute\u010dn\u011bno, koncem roku zjistila krajsk\u00e1 kontrola\nkatastrof\u00e1ln\u00ed stav chrupu \u017e\u00e1k\u016f.<\/p>\n\n\n\n<ol>\n<li><a href=\"https:\/\/cs.wikipedia.org\/wiki\/9._%C4%8Derven\">\u010dervna<\/a>: Severn\u00ed\n\u010d\u00e1st&nbsp;<a href=\"https:\/\/cs.wikipedia.org\/wiki\/Okres_Hodon%C3%ADn\">okresu Hodon\u00edn<\/a>&nbsp;na&nbsp;<a href=\"https:\/\/cs.wikipedia.org\/wiki\/Jihomoravsk%C3%BD_kraj_(od_roku_1960)\">ji\u017en\u00ed Morav\u011b<\/a>&nbsp;postihla&nbsp;<a href=\"https:\/\/cs.wikipedia.org\/wiki\/Povode%C5%88_na_Morav%C4%9B_(1970)\">lok\u00e1ln\u00ed povode\u0148<\/a>&nbsp;s\nneb\u00fdvale tragick\u00fdmi dopady. Zasa\u017eeno bylo zejm\u00e9na povod\u00ed \u0159\u00ed\u010dek&nbsp;<a href=\"https:\/\/cs.wikipedia.org\/wiki\/Kyjovka\">Kyjovka<\/a>&nbsp;a&nbsp;<\/li>\n<\/ol>\n\n\n\n<p><a href=\"https:\/\/cs.wikipedia.org\/wiki\/Trkmanka\">Trkmanka<\/a>,\nnejv\u00edce posti\u017eeny byly obce&nbsp;<a href=\"https:\/\/cs.wikipedia.org\/wiki\/Lov%C4%8Dice_(okres_Hodon%C3%ADn)\">Lov\u010dice<\/a>,&nbsp;<\/p>\n\n\n\n<p><a href=\"https:\/\/cs.wikipedia.org\/wiki\/%C5%A0ardice\">\u0160ardice<\/a>,&nbsp;<a href=\"https:\/\/cs.wikipedia.org\/wiki\/Dra%C5%BE%C5%AFvky\">Dra\u017e\u016fvky<\/a>&nbsp;a&nbsp;<a href=\"https:\/\/cs.wikipedia.org\/wiki\/%C5%BDele%C5%A1ice\">\u017dele\u0161ice<\/a>,\npo\u0161kozeny byly <\/p>\n\n\n\n<p>\u017eelezni\u010dn\u00ed\ntrat\u011b&nbsp;<a href=\"https:\/\/cs.wikipedia.org\/wiki\/%C5%BDelezni%C4%8Dn%C3%AD_tra%C5%A5_%C4%8Cej%C4%8D%E2%80%93%C5%BDd%C3%A1nice\">\u010cej\u010d \u2013 \u017dd\u00e1nice<\/a>&nbsp;a&nbsp;<a href=\"https:\/\/cs.wikipedia.org\/wiki\/Vl%C3%A1rsk%C3%A1_dr%C3%A1ha\">Brno \u2013 Tren\u010diansk\u00e1 Tepl\u00e1<\/a>. V\n\u0160ardic\u00edch vyplavil rozvodn\u011bn\u00fd&nbsp;<a href=\"https:\/\/cs.wikipedia.org\/w\/index.php?title=%C5%A0ardick%C3%BD_potok&amp;action=edit&amp;redlink=1\">\u0160ardick\u00fd potok<\/a>&nbsp;hlubinn\u00fd\nlignitov\u00fd d\u016fl Dukla, v n\u011bm\u017e v dob\u011b katastrofy pracovalo 110 horn\u00edk\u016f. 34 z nich\nse v podzem\u00ed dolu utopilo.<\/p>\n\n\n\n<p>Tak\u00e9 u\nn\u00e1s byly prudk\u00e9 bou\u0159ky a krupobit\u00ed.<\/p>\n\n\n\n<p>13. \u010dervna odd\u00edl kopan\u00e9 hostil hokejisty&nbsp; ZKL Brno v&nbsp;p\u0159\u00e1telsk\u00e9m fotbalov\u00e9m utk\u00e1n\u00ed. Na\u0161i prohr\u00e1li 4:6. Z\u00e1pas je tak\u00e9 zfilmov\u00e1n.<\/p>\n\n\n\n<figure class=\"wp-block-image size-large\"><img loading=\"lazy\" decoding=\"async\" width=\"717\" height=\"466\" src=\"http:\/\/symbivita.cz\/blog\/wp-content\/uploads\/2020\/06\/1970-ZKL-I.jpg\" alt=\"\" class=\"wp-image-737\" srcset=\"https:\/\/symbivita.cz\/blog\/wp-content\/uploads\/2020\/06\/1970-ZKL-I.jpg 717w, https:\/\/symbivita.cz\/blog\/wp-content\/uploads\/2020\/06\/1970-ZKL-I-300x195.jpg 300w\" sizes=\"(max-width: 717px) 100vw, 717px\" \/><\/figure>\n\n\n\n<figure class=\"wp-block-image size-large\"><img loading=\"lazy\" decoding=\"async\" width=\"1024\" height=\"500\" src=\"http:\/\/symbivita.cz\/blog\/wp-content\/uploads\/2020\/06\/1970-ZKL-II-1024x500.jpg\" alt=\"\" class=\"wp-image-738\" srcset=\"https:\/\/symbivita.cz\/blog\/wp-content\/uploads\/2020\/06\/1970-ZKL-II-1024x500.jpg 1024w, https:\/\/symbivita.cz\/blog\/wp-content\/uploads\/2020\/06\/1970-ZKL-II-300x146.jpg 300w, https:\/\/symbivita.cz\/blog\/wp-content\/uploads\/2020\/06\/1970-ZKL-II-768x375.jpg 768w, https:\/\/symbivita.cz\/blog\/wp-content\/uploads\/2020\/06\/1970-ZKL-II.jpg 1227w\" sizes=\"(max-width: 1024px) 100vw, 1024px\" \/><\/figure>\n\n\n\n<figure class=\"wp-block-image size-large\"><img loading=\"lazy\" decoding=\"async\" width=\"1024\" height=\"590\" src=\"http:\/\/symbivita.cz\/blog\/wp-content\/uploads\/2020\/06\/1970-ZKL-III-1024x590.jpg\" alt=\"\" class=\"wp-image-739\" srcset=\"https:\/\/symbivita.cz\/blog\/wp-content\/uploads\/2020\/06\/1970-ZKL-III-1024x590.jpg 1024w, https:\/\/symbivita.cz\/blog\/wp-content\/uploads\/2020\/06\/1970-ZKL-III-300x173.jpg 300w, https:\/\/symbivita.cz\/blog\/wp-content\/uploads\/2020\/06\/1970-ZKL-III-768x442.jpg 768w, https:\/\/symbivita.cz\/blog\/wp-content\/uploads\/2020\/06\/1970-ZKL-III.jpg 1280w\" sizes=\"(max-width: 1024px) 100vw, 1024px\" \/><\/figure>\n\n\n\n<p>Sn\u00edmky&nbsp; jsou kopie z&nbsp;filmu.<\/p>\n\n\n\n<p>24. \u010dervna zem\u0159el konsistorn\u00ed rada \u0159\u00edmsko-katolick\u00e9 c\u00edrkve P. Alois Ku\u010dera.<\/p>\n\n\n\n<figure class=\"wp-block-image size-large\"><img loading=\"lazy\" decoding=\"async\" width=\"1024\" height=\"325\" src=\"http:\/\/symbivita.cz\/blog\/wp-content\/uploads\/2020\/06\/1970-poh\u0159eb-dp.Ku\u010dery-1024x325.jpg\" alt=\"\" class=\"wp-image-740\" srcset=\"https:\/\/symbivita.cz\/blog\/wp-content\/uploads\/2020\/06\/1970-poh\u0159eb-dp.Ku\u010dery-1024x325.jpg 1024w, https:\/\/symbivita.cz\/blog\/wp-content\/uploads\/2020\/06\/1970-poh\u0159eb-dp.Ku\u010dery-300x95.jpg 300w, https:\/\/symbivita.cz\/blog\/wp-content\/uploads\/2020\/06\/1970-poh\u0159eb-dp.Ku\u010dery-768x244.jpg 768w, https:\/\/symbivita.cz\/blog\/wp-content\/uploads\/2020\/06\/1970-poh\u0159eb-dp.Ku\u010dery.jpg 1058w\" sizes=\"(max-width: 1024px) 100vw, 1024px\" \/><\/figure>\n\n\n\n<p>O pr\u00e1zdnin\u00e1ch nebylo provedeno malov\u00e1n\u00ed a n\u00e1t\u011bry, nebylo\nprovedeno roz\u0161\u00ed\u0159en\u00ed sv\u00edtidel do t\u0159\u00edd. Byla dokon\u010dena stavba panelov\u00e9 silnice od\ndomu \u010d. 30 do ji\u017en\u00ed \u010d\u00e1sti obce. L\u00e9to hork\u00e9, 30 st, na slunci +40 st. C.<\/p>\n\n\n\n<p>Na h\u0159i\u0161ti TJ Dru\u017estevn\u00edk byly postaveny d\u0159ev\u011bn\u00e9 kabiny.<\/p>\n\n\n\n<figure class=\"wp-block-image size-large\"><img loading=\"lazy\" decoding=\"async\" width=\"1024\" height=\"599\" src=\"http:\/\/symbivita.cz\/blog\/wp-content\/uploads\/2020\/06\/Obr.20-1024x599.png\" alt=\"\" class=\"wp-image-741\" srcset=\"https:\/\/symbivita.cz\/blog\/wp-content\/uploads\/2020\/06\/Obr.20-1024x599.png 1024w, https:\/\/symbivita.cz\/blog\/wp-content\/uploads\/2020\/06\/Obr.20-300x175.png 300w, https:\/\/symbivita.cz\/blog\/wp-content\/uploads\/2020\/06\/Obr.20-768x449.png 768w, https:\/\/symbivita.cz\/blog\/wp-content\/uploads\/2020\/06\/Obr.20.png 1086w\" sizes=\"(max-width: 1024px) 100vw, 1024px\" \/><\/figure>\n\n\n\n<p>Fotbalov\u00fd t\u00fdm asi z&nbsp;r. 70 v&nbsp;Pouzd\u0159anech.<\/p>\n\n\n\n<p>Stoj\u00edc\u00ed zleva: Kone\u010dn\u00fd Vojta, Byst\u0159ick\u00fd, Ot\u0159\u00edsal Milan,\nPavel Urb\u00e1nek, B\u00edlek Josef, Fran\u011bk, Hrouzek Josef, \u017denat\u00fd.<\/p>\n\n\n\n<p>Dole zleva: Jel\u00ednek Josef, Fic Josef, Machala Ant., Kul\u00ed\u0161ek\nz Vranovic.<\/p>\n\n\n\n<p>Setk\u00e1n\u00ed&nbsp;&nbsp; ro\u010dn\u00edku 1920- po pades\u00e1ti&nbsp; letech<\/p>\n\n\n\n<figure class=\"wp-block-image size-large\"><img loading=\"lazy\" decoding=\"async\" width=\"1024\" height=\"814\" src=\"http:\/\/symbivita.cz\/blog\/wp-content\/uploads\/2020\/06\/0.Setk\u00e1n\u00ed-ro\u010dn\u00edku-1920-po-50ti-letech-1024x814.jpg\" alt=\"\" class=\"wp-image-742\" srcset=\"https:\/\/symbivita.cz\/blog\/wp-content\/uploads\/2020\/06\/0.Setk\u00e1n\u00ed-ro\u010dn\u00edku-1920-po-50ti-letech-1024x814.jpg 1024w, https:\/\/symbivita.cz\/blog\/wp-content\/uploads\/2020\/06\/0.Setk\u00e1n\u00ed-ro\u010dn\u00edku-1920-po-50ti-letech-300x238.jpg 300w, https:\/\/symbivita.cz\/blog\/wp-content\/uploads\/2020\/06\/0.Setk\u00e1n\u00ed-ro\u010dn\u00edku-1920-po-50ti-letech-768x610.jpg 768w, https:\/\/symbivita.cz\/blog\/wp-content\/uploads\/2020\/06\/0.Setk\u00e1n\u00ed-ro\u010dn\u00edku-1920-po-50ti-letech.jpg 1209w\" sizes=\"(max-width: 1024px) 100vw, 1024px\" \/><\/figure>\n\n\n\n<figure class=\"wp-block-image size-large\"><img loading=\"lazy\" decoding=\"async\" width=\"1024\" height=\"750\" src=\"http:\/\/symbivita.cz\/blog\/wp-content\/uploads\/2020\/06\/2.-1024x750.jpg\" alt=\"\" class=\"wp-image-743\" srcset=\"https:\/\/symbivita.cz\/blog\/wp-content\/uploads\/2020\/06\/2.-1024x750.jpg 1024w, https:\/\/symbivita.cz\/blog\/wp-content\/uploads\/2020\/06\/2.-300x220.jpg 300w, https:\/\/symbivita.cz\/blog\/wp-content\/uploads\/2020\/06\/2.-768x562.jpg 768w, https:\/\/symbivita.cz\/blog\/wp-content\/uploads\/2020\/06\/2..jpg 1270w\" sizes=\"(max-width: 1024px) 100vw, 1024px\" \/><\/figure>\n\n\n\n<figure class=\"wp-block-image size-large\"><img loading=\"lazy\" decoding=\"async\" width=\"1024\" height=\"746\" src=\"http:\/\/symbivita.cz\/blog\/wp-content\/uploads\/2020\/06\/3-1024x746.jpg\" alt=\"\" class=\"wp-image-744\" srcset=\"https:\/\/symbivita.cz\/blog\/wp-content\/uploads\/2020\/06\/3-1024x746.jpg 1024w, https:\/\/symbivita.cz\/blog\/wp-content\/uploads\/2020\/06\/3-300x219.jpg 300w, https:\/\/symbivita.cz\/blog\/wp-content\/uploads\/2020\/06\/3-768x560.jpg 768w, https:\/\/symbivita.cz\/blog\/wp-content\/uploads\/2020\/06\/3.jpg 1271w\" sizes=\"(max-width: 1024px) 100vw, 1024px\" \/><\/figure>\n\n\n\n<figure class=\"wp-block-image size-large\"><img loading=\"lazy\" decoding=\"async\" width=\"1024\" height=\"746\" src=\"http:\/\/symbivita.cz\/blog\/wp-content\/uploads\/2020\/06\/4-1024x746.jpg\" alt=\"\" class=\"wp-image-745\" srcset=\"https:\/\/symbivita.cz\/blog\/wp-content\/uploads\/2020\/06\/4-1024x746.jpg 1024w, https:\/\/symbivita.cz\/blog\/wp-content\/uploads\/2020\/06\/4-300x219.jpg 300w, https:\/\/symbivita.cz\/blog\/wp-content\/uploads\/2020\/06\/4-768x560.jpg 768w, https:\/\/symbivita.cz\/blog\/wp-content\/uploads\/2020\/06\/4.jpg 1279w\" sizes=\"(max-width: 1024px) 100vw, 1024px\" \/><\/figure>\n\n\n\n<figure class=\"wp-block-image size-large\"><img loading=\"lazy\" decoding=\"async\" width=\"1024\" height=\"742\" src=\"http:\/\/symbivita.cz\/blog\/wp-content\/uploads\/2020\/06\/9.-1024x742.jpg\" alt=\"\" class=\"wp-image-746\" srcset=\"https:\/\/symbivita.cz\/blog\/wp-content\/uploads\/2020\/06\/9.-1024x742.jpg 1024w, https:\/\/symbivita.cz\/blog\/wp-content\/uploads\/2020\/06\/9.-300x218.jpg 300w, https:\/\/symbivita.cz\/blog\/wp-content\/uploads\/2020\/06\/9.-768x557.jpg 768w, https:\/\/symbivita.cz\/blog\/wp-content\/uploads\/2020\/06\/9..jpg 1280w\" sizes=\"(max-width: 1024px) 100vw, 1024px\" \/><\/figure>\n\n\n\n<figure class=\"wp-block-image size-large\"><img loading=\"lazy\" decoding=\"async\" width=\"1024\" height=\"748\" src=\"http:\/\/symbivita.cz\/blog\/wp-content\/uploads\/2020\/06\/7.Vojt\u011bch-Kone\u010dn\u00fd-st-1024x748.jpg\" alt=\"\" class=\"wp-image-747\" srcset=\"https:\/\/symbivita.cz\/blog\/wp-content\/uploads\/2020\/06\/7.Vojt\u011bch-Kone\u010dn\u00fd-st-1024x748.jpg 1024w, https:\/\/symbivita.cz\/blog\/wp-content\/uploads\/2020\/06\/7.Vojt\u011bch-Kone\u010dn\u00fd-st-300x219.jpg 300w, https:\/\/symbivita.cz\/blog\/wp-content\/uploads\/2020\/06\/7.Vojt\u011bch-Kone\u010dn\u00fd-st-768x561.jpg 768w, https:\/\/symbivita.cz\/blog\/wp-content\/uploads\/2020\/06\/7.Vojt\u011bch-Kone\u010dn\u00fd-st.jpg 1271w\" sizes=\"(max-width: 1024px) 100vw, 1024px\" \/><\/figure>\n\n\n\n<figure class=\"wp-block-image size-large\"><img loading=\"lazy\" decoding=\"async\" width=\"1024\" height=\"751\" src=\"http:\/\/symbivita.cz\/blog\/wp-content\/uploads\/2020\/06\/11-1024x751.jpg\" alt=\"\" class=\"wp-image-748\" srcset=\"https:\/\/symbivita.cz\/blog\/wp-content\/uploads\/2020\/06\/11-1024x751.jpg 1024w, https:\/\/symbivita.cz\/blog\/wp-content\/uploads\/2020\/06\/11-300x220.jpg 300w, https:\/\/symbivita.cz\/blog\/wp-content\/uploads\/2020\/06\/11-768x563.jpg 768w, https:\/\/symbivita.cz\/blog\/wp-content\/uploads\/2020\/06\/11.jpg 1270w\" sizes=\"(max-width: 1024px) 100vw, 1024px\" \/><\/figure>\n\n\n\n<figure class=\"wp-block-image size-large\"><img loading=\"lazy\" decoding=\"async\" width=\"1024\" height=\"759\" src=\"http:\/\/symbivita.cz\/blog\/wp-content\/uploads\/2020\/06\/12-1024x759.jpg\" alt=\"\" class=\"wp-image-749\" srcset=\"https:\/\/symbivita.cz\/blog\/wp-content\/uploads\/2020\/06\/12-1024x759.jpg 1024w, https:\/\/symbivita.cz\/blog\/wp-content\/uploads\/2020\/06\/12-300x222.jpg 300w, https:\/\/symbivita.cz\/blog\/wp-content\/uploads\/2020\/06\/12-768x569.jpg 768w, https:\/\/symbivita.cz\/blog\/wp-content\/uploads\/2020\/06\/12.jpg 1260w\" sizes=\"(max-width: 1024px) 100vw, 1024px\" \/><\/figure>\n\n\n\n<p>6. \u010dervence slavil 60. narozeniny mezi myslivci p\u0159edseda MS\nCyril Maty\u0161ek.<\/p>\n\n\n\n<p>15. srpna nastoupil do funkce administr\u00e1tora zdej\u0161\u00ed\nfarnosti k. rada P. Emanuel Valou\u0161ek, k&nbsp;n\u00e1m p\u0159ich\u00e1z\u00ed z&nbsp;Ku\u0159imi.<\/p>\n\n\n\n<p>1. z\u00e1\u0159\u00ed za\u010dal \u0161koln\u00ed rok1970\/71.<\/p>\n\n\n\n<p>R. Kol\u00ednsk\u00fd, \u0159editel (nemocen), Josef \u010cern\u00fd, z\u00e1stupce \u0159editele,\nAnna Hrube\u0161ov\u00e1, Anna Kup\u010d\u00edkov\u00e1, Eva Bal\u00e1\u0161ov\u00e1, Danu\u0161e Nov\u00e1kov\u00e1, Anna Such\u00e1nkov\u00e1,\nDrahom\u00edra \u010cern\u00e1, Alena Tikalov\u00e1, Ludmila Havr\u00e1nkov\u00e1.<\/p>\n\n\n\n<p>Podzim byl tepl\u00fd a kr\u00e1sn\u00fd.<\/p>\n\n\n\n<p>4. z\u00e1\u0159\u00ed m\u011bli myslivci hon na koroptve.<\/p>\n\n\n\n<p>3. listopadu honitba, kmenov\u00e9 stavy dobr\u00e9, uloveno 14 li\u0161ek.<\/p>\n\n\n\n<figure class=\"wp-block-image size-large\"><img loading=\"lazy\" decoding=\"async\" width=\"1024\" height=\"740\" src=\"http:\/\/symbivita.cz\/blog\/wp-content\/uploads\/2020\/06\/Norov\u00e1n\u00ed-li\u0161ek-I-1970-1024x740.png\" alt=\"\" class=\"wp-image-750\" srcset=\"https:\/\/symbivita.cz\/blog\/wp-content\/uploads\/2020\/06\/Norov\u00e1n\u00ed-li\u0161ek-I-1970-1024x740.png 1024w, https:\/\/symbivita.cz\/blog\/wp-content\/uploads\/2020\/06\/Norov\u00e1n\u00ed-li\u0161ek-I-1970-300x217.png 300w, https:\/\/symbivita.cz\/blog\/wp-content\/uploads\/2020\/06\/Norov\u00e1n\u00ed-li\u0161ek-I-1970-768x555.png 768w, https:\/\/symbivita.cz\/blog\/wp-content\/uploads\/2020\/06\/Norov\u00e1n\u00ed-li\u0161ek-I-1970.png 1398w\" sizes=\"(max-width: 1024px) 100vw, 1024px\" \/><\/figure>\n\n\n\n<figure class=\"wp-block-image size-large\"><img loading=\"lazy\" decoding=\"async\" width=\"1024\" height=\"657\" src=\"http:\/\/symbivita.cz\/blog\/wp-content\/uploads\/2020\/06\/Norov\u00e1n\u00ed-li\u0161ek-II-1970-1024x657.png\" alt=\"\" class=\"wp-image-751\" srcset=\"https:\/\/symbivita.cz\/blog\/wp-content\/uploads\/2020\/06\/Norov\u00e1n\u00ed-li\u0161ek-II-1970-1024x657.png 1024w, https:\/\/symbivita.cz\/blog\/wp-content\/uploads\/2020\/06\/Norov\u00e1n\u00ed-li\u0161ek-II-1970-300x193.png 300w, https:\/\/symbivita.cz\/blog\/wp-content\/uploads\/2020\/06\/Norov\u00e1n\u00ed-li\u0161ek-II-1970-768x493.png 768w, https:\/\/symbivita.cz\/blog\/wp-content\/uploads\/2020\/06\/Norov\u00e1n\u00ed-li\u0161ek-II-1970.png 1175w\" sizes=\"(max-width: 1024px) 100vw, 1024px\" \/><\/figure>\n\n\n\n<p>4. listopadu zadala mysliveck\u00e1 spole\u010dnost jeden hon\nprost\u0159ednictv\u00edm \u201e\u010cedoku\u201c z&nbsp;Brna francouzsk\u00e9 skupin\u011b \u201eKi\u0161\u0161\u201c o 11 st\u0159elc\u00edch.\nOdst\u0159eleno 291 kus\u016f. Akce p\u0159inesla MS dobr\u00fd&nbsp;\nzisk.<\/p>\n\n\n\n<p>11.listopadu byli p\u0159ijati na pasov\u00e1ni na myslivce nov\u00ed adepti:\nJaroslav Pavl\u00edk a V\u00e1clav Vahala. Pasov\u00e1n\u00ed provedeno podle star\u00e9 tradice, kterou\nzalo\u017eil koncem 17. stolet\u00ed hrab\u011b \u0160pork v&nbsp;\u010cech\u00e1ch. K&nbsp;tomu napsal do\nkroniky Ond\u0159ej Koutn\u00fd z&nbsp;Moutnice tato slova:<\/p>\n\n\n\n<p>Po objasn\u011bn\u00ed v\u00fdznamu pasov\u00e1n\u00ed\na v\u00fdznamu myslivosti byli shora jmenovan\u00ed vyzv\u00e1ni, aby poklekli a potom jsem\nprovedl pasov\u00e1n\u00ed t\u011bmito ver\u0161i:<\/p>\n\n\n\n<p>\u201ePasuji v\u00e1s na ryt\u00ed\u0159e \u0159\u00e1du sv.\nHuberta, jemu\u017e \u010diny sv\u00fdmi k&nbsp;ozdob\u011b slu\u017ete!\u201c <\/p>\n\n\n\n<p>Prvn\u00ed \u00fader &#8211; k&nbsp;poct\u011b\nHubertov\u011b plat\u00ed, p\u0159\u00edze\u0148 svou ti patron n\u00e1\u0161 ra\u010d zachovati.<\/p>\n\n\n\n<p>Druh\u00fd \u00fader &#8211; vede k&nbsp;poct\u011b\n\u010desk\u00e9 myslivosti, kterou chra\u0148 v\u017edy s&nbsp;bedlivost\u00ed.<\/p>\n\n\n\n<p>T\u0159et\u00ed \u00fader &#8211; p\u0159ij\u00edm\u00e1m t\u011b do\n\u0159ad mysliveck\u00fdch druh\u016f &#8211; s&nbsp;p\u0159\u00e1n\u00edm myslivosti zdar, bu\u010f v\u00edt\u00e1n v&nbsp;na\u0161em\nkruhu.<\/p>\n\n\n\n<p>Ka\u017ed\u00fd ver\u0161 byl prov\u00e1zen \u00faderem\ntes\u00e1kem na lev\u00e9 rameno. Potom byl pasovan\u00fdm dekora\u010dn\u011b p\u0159ipevn\u011bn z\u00e1lomek a na\npam\u00e1tku p\u0159ed\u00e1ny loveck\u00e9 no\u017ee.<\/p>\n\n\n\n<p>P\u0159ed\u00e1n\u00ed bylo doprov\u00e1zeno t\u011bmito\nslovy:<\/p>\n\n\n\n<p>\u201eJako odznak tv\u00e9ho pasov\u00e1n\u00ed\ntes\u00e1k p\u0159ijmi bez v\u00e1h\u00e1n\u00ed &#8211; bez p\u0159\u00ed\u010din ho nevytahuj, beze cti jej nezasunuj.\u201c<\/p>\n\n\n\n<p>Potom v\u0161ichni p\u0159\u00edtomn\u00ed\npovstali a na po\u010dest pasovan\u00fdm zazp\u00edvali \u201e L o v&nbsp;u&nbsp; z&nbsp;d a r \u201c a p\u0159ipojili se osobn\u00ed\ngratulac\u00ed.<\/p>\n\n\n\n<p>V&nbsp;chat\u011b do roz\u0161\u00ed\u0159ila kuchy\u0148 s&nbsp;podsklepen\u00edm. Zakoupil se nov\u00fd spor\u00e1k a nov\u00fd kotel a do s\u00e1lu se zabudoval krb p\u0159i\u010din\u011bn\u00edm nov\u00e9ho \u010dlena Jaroslava Pavl\u00edka, p\u0159edsedy JZD. Krb zkonstruoval a zhotovil n\u00e1\u0161 kov\u00e1\u0159, nyn\u00ed d\u016fchodce Franti\u0161ek Vozdeck\u00fd. Krb potom postavili Pavel Kone\u010dn\u00fd a Sl\u00e1vek Ot\u0159\u00edsal jako zedn\u00edci JZD a jejich pomocn\u00edci Emil Ot\u0159\u00edsal a Josef Hlav\u00e1\u010dek. MS zakoupila tak\u00e9 kameru a dalekohled na kulovnici. \u0160t\u011bp\u00e1n Ne\u010das chytil v&nbsp;lese pod H\u00e1jky mal\u00e9 li\u0161\u010d\u00ed ml\u00e1d\u011b a doma jej odchoval. \u0160t\u011bp\u00e1n Ne\u010das a V\u00e1clav Ne\u010das chytil ka\u017ed\u00fd jednu lesn\u00ed kunu.<\/p>\n\n\n\n<p>21. listopadu-&nbsp; v\u00edt\u00e1n\u00ed ob\u010d\u00e1nk\u016f<\/p>\n\n\n\n<p>V&nbsp;listopadu prvn\u00ed sn\u00edh a z\u00e1v\u011bje, a\u017e byla p\u0159eru\u0161ena doprava.<\/p>\n\n\n\n<p>1. prosince ze \u0161koly odch\u00e1z\u00ed D. Nov\u00e1kov\u00e1 na MD a jej\u00ed t\u0159\u00eddu\n6.B p\u0159evzal Karel David, kter\u00fd nastoupil m\u00edsto D. Proch\u00e1zkov\u00e9, kter\u00e1 byla\np\u0159elo\u017eena do Brna. Na v\u00fdpomoc byl zaji\u0161t\u011bn d\u016fchodce z&nbsp;Brna dr. Franti\u0161ek\nPohanka (67 let, na sv\u016fj v\u011bk velmi schopn\u00fd a ob\u011btav\u00fd r\u00e1dce mlad\u00fdm u\u010ditel\u016fm).<\/p>\n\n\n\n<p><a href=\"https:\/\/cs.wikipedia.org\/wiki\/1._prosinec\">1. prosince<\/a>&nbsp;\u2013 V \u010ceskoslovensku prob\u011bhlo&nbsp;<a href=\"https:\/\/cs.wikipedia.org\/wiki\/S%C4%8D%C3%ADt%C3%A1n%C3%AD_lidu,_dom%C5%AF_a_byt%C5%AF\">s\u010d\u00edt\u00e1n\u00ed\nlidu, dom\u016f a byt\u016f<\/a>. V\n\u010cSSR ke dni s\u010d\u00edt\u00e1n\u00ed \u017eilo 14&nbsp;344&nbsp;987 obyvatel, z toho\n9&nbsp;807&nbsp;697 v&nbsp;<a href=\"https:\/\/cs.wikipedia.org\/wiki\/%C4%8Cesk%C3%A1_socialistick%C3%A1_republika\">\u010cSR<\/a>&nbsp;a 4&nbsp;537&nbsp;290 v&nbsp;<a href=\"https:\/\/cs.wikipedia.org\/wiki\/Slovensk%C3%A1_socialistick%C3%A1_republika\">SSR<\/a>.<\/p>\n\n\n\n<p>Na\u0161e obec postupn\u011b st\u00e1rne,\nv&nbsp;posledn\u00edch 10 letech zem\u0159eli ob\u010dan\u00e9: Martin Ku\u010dera, Jakub Novotn\u00fd,\nEduard Vozdeck\u00fd, Franti\u0161ek Vala, Petr Kapka, Anton\u00edn Vintrl\u00edk, Josef Han\u00e1k,\nR\u016f\u017eena Gazdov\u00e1, V\u00e1clav L\u00edzal.<\/p>\n\n\n\n<p>Tragicky zahynul Vlastimil\nT\u016fma, havaroval na motocyklu.<\/p>\n\n\n\n<p><a href=\"https:\/\/cs.wikipedia.org\/wiki\/10._prosinec\">10. prosince<\/a>&nbsp;vyd\u00e1n dokument \u201e<a href=\"https:\/\/cs.wikipedia.org\/wiki\/Pou%C4%8Den%C3%AD_z_krizov%C3%A9ho_v%C3%BDvoje\">Pou\u010den\u00ed\nz krizov\u00e9ho v\u00fdvoje ve stran\u011b a spole\u010dnosti po XIII. sjezdu KS\u010c<\/a>\u201c, kter\u00fd znamenal ofici\u00e1ln\u00ed p\u0159echod\nk \u201e<a href=\"https:\/\/cs.wikipedia.org\/wiki\/Normalizace\">normalizaci<\/a>\u201c.<\/p>\n\n\n\n<p>Zima byla prom\u011bnliv\u00e1: +7 -7 st. C, velmi \u010detn\u00e9 mlhy, p\u0159es\nnoc n\u00e1mrazy, V\u00e1noce op\u011bt na bl\u00e1t\u011b, navzdory tomu, \u017ee 24. prosince trochu\nnasn\u011b\u017eilo.<\/p>\n\n\n\n<p>Nikol\u010dice maj\u00ed 831 obyvatel. Po\u010det dom\u016f 220. Za\u010dala v\u00fdstavba bytovek pro JZD.<\/p>\n\n\n\n<figure class=\"wp-block-image size-large\"><img loading=\"lazy\" decoding=\"async\" width=\"1024\" height=\"592\" src=\"http:\/\/symbivita.cz\/blog\/wp-content\/uploads\/2020\/06\/D\u016fm-\u010d.-11-1024x592.jpg\" alt=\"\" class=\"wp-image-752\" srcset=\"https:\/\/symbivita.cz\/blog\/wp-content\/uploads\/2020\/06\/D\u016fm-\u010d.-11-1024x592.jpg 1024w, https:\/\/symbivita.cz\/blog\/wp-content\/uploads\/2020\/06\/D\u016fm-\u010d.-11-300x173.jpg 300w, https:\/\/symbivita.cz\/blog\/wp-content\/uploads\/2020\/06\/D\u016fm-\u010d.-11-768x444.jpg 768w, https:\/\/symbivita.cz\/blog\/wp-content\/uploads\/2020\/06\/D\u016fm-\u010d.-11.jpg 1511w\" sizes=\"(max-width: 1024px) 100vw, 1024px\" \/><\/figure>\n\n\n\n<p>16.6.2020 byly v klubovn\u011b  vystaveny  fotografie  z tohoto obdob\u00ed.<\/p>\n\n\n\n<figure class=\"wp-block-image size-large\"><img loading=\"lazy\" decoding=\"async\" width=\"1024\" height=\"683\" src=\"http:\/\/symbivita.cz\/blog\/wp-content\/uploads\/2020\/07\/1.-1-1024x683.png\" alt=\"\" class=\"wp-image-758\" srcset=\"https:\/\/symbivita.cz\/blog\/wp-content\/uploads\/2020\/07\/1.-1-1024x683.png 1024w, https:\/\/symbivita.cz\/blog\/wp-content\/uploads\/2020\/07\/1.-1-300x200.png 300w, https:\/\/symbivita.cz\/blog\/wp-content\/uploads\/2020\/07\/1.-1-768x512.png 768w, https:\/\/symbivita.cz\/blog\/wp-content\/uploads\/2020\/07\/1.-1.png 1200w\" sizes=\"(max-width: 1024px) 100vw, 1024px\" \/><\/figure>\n\n\n\n<figure class=\"wp-block-image size-large\"><img loading=\"lazy\" decoding=\"async\" width=\"1024\" height=\"682\" src=\"http:\/\/symbivita.cz\/blog\/wp-content\/uploads\/2020\/07\/2.-1-1024x682.png\" alt=\"\" class=\"wp-image-760\" srcset=\"https:\/\/symbivita.cz\/blog\/wp-content\/uploads\/2020\/07\/2.-1-1024x682.png 1024w, https:\/\/symbivita.cz\/blog\/wp-content\/uploads\/2020\/07\/2.-1-300x200.png 300w, https:\/\/symbivita.cz\/blog\/wp-content\/uploads\/2020\/07\/2.-1-768x511.png 768w, https:\/\/symbivita.cz\/blog\/wp-content\/uploads\/2020\/07\/2.-1.png 1200w\" sizes=\"(max-width: 1024px) 100vw, 1024px\" \/><\/figure>\n\n\n\n<figure class=\"wp-block-image size-large\"><img loading=\"lazy\" decoding=\"async\" width=\"1024\" height=\"683\" src=\"http:\/\/symbivita.cz\/blog\/wp-content\/uploads\/2020\/07\/3.-1024x683.png\" alt=\"\" class=\"wp-image-761\" srcset=\"https:\/\/symbivita.cz\/blog\/wp-content\/uploads\/2020\/07\/3.-1024x683.png 1024w, https:\/\/symbivita.cz\/blog\/wp-content\/uploads\/2020\/07\/3.-300x200.png 300w, https:\/\/symbivita.cz\/blog\/wp-content\/uploads\/2020\/07\/3.-768x512.png 768w, https:\/\/symbivita.cz\/blog\/wp-content\/uploads\/2020\/07\/3..png 1200w\" sizes=\"(max-width: 1024px) 100vw, 1024px\" \/><\/figure>\n\n\n\n<figure class=\"wp-block-image size-large\"><img loading=\"lazy\" decoding=\"async\" width=\"1024\" height=\"683\" src=\"http:\/\/symbivita.cz\/blog\/wp-content\/uploads\/2020\/07\/4.-5-1024x683.png\" alt=\"\" class=\"wp-image-767\" srcset=\"https:\/\/symbivita.cz\/blog\/wp-content\/uploads\/2020\/07\/4.-5-1024x683.png 1024w, https:\/\/symbivita.cz\/blog\/wp-content\/uploads\/2020\/07\/4.-5-300x200.png 300w, https:\/\/symbivita.cz\/blog\/wp-content\/uploads\/2020\/07\/4.-5-768x512.png 768w, https:\/\/symbivita.cz\/blog\/wp-content\/uploads\/2020\/07\/4.-5.png 1200w\" sizes=\"(max-width: 1024px) 100vw, 1024px\" \/><\/figure>\n\n\n\n<figure class=\"wp-block-image size-large\"><img loading=\"lazy\" decoding=\"async\" width=\"1024\" height=\"683\" src=\"http:\/\/symbivita.cz\/blog\/wp-content\/uploads\/2020\/07\/5.-1024x683.jpg\" alt=\"\" class=\"wp-image-770\" srcset=\"https:\/\/symbivita.cz\/blog\/wp-content\/uploads\/2020\/07\/5.-1024x683.jpg 1024w, https:\/\/symbivita.cz\/blog\/wp-content\/uploads\/2020\/07\/5.-300x200.jpg 300w, https:\/\/symbivita.cz\/blog\/wp-content\/uploads\/2020\/07\/5.-768x512.jpg 768w, https:\/\/symbivita.cz\/blog\/wp-content\/uploads\/2020\/07\/5..jpg 1200w\" sizes=\"(max-width: 1024px) 100vw, 1024px\" \/><\/figure>\n\n\n\n<figure class=\"wp-block-image size-large\"><img loading=\"lazy\" decoding=\"async\" width=\"1024\" height=\"683\" src=\"http:\/\/symbivita.cz\/blog\/wp-content\/uploads\/2020\/07\/6.-1024x683.jpg\" alt=\"\" class=\"wp-image-772\" srcset=\"https:\/\/symbivita.cz\/blog\/wp-content\/uploads\/2020\/07\/6.-1024x683.jpg 1024w, https:\/\/symbivita.cz\/blog\/wp-content\/uploads\/2020\/07\/6.-300x200.jpg 300w, https:\/\/symbivita.cz\/blog\/wp-content\/uploads\/2020\/07\/6.-768x512.jpg 768w, https:\/\/symbivita.cz\/blog\/wp-content\/uploads\/2020\/07\/6..jpg 1200w\" sizes=\"(max-width: 1024px) 100vw, 1024px\" \/><\/figure>\n\n\n\n<figure class=\"wp-block-image size-large\"><img loading=\"lazy\" decoding=\"async\" width=\"1024\" height=\"683\" src=\"http:\/\/symbivita.cz\/blog\/wp-content\/uploads\/2020\/07\/7.-1024x683.jpg\" alt=\"\" class=\"wp-image-773\" srcset=\"https:\/\/symbivita.cz\/blog\/wp-content\/uploads\/2020\/07\/7.-1024x683.jpg 1024w, https:\/\/symbivita.cz\/blog\/wp-content\/uploads\/2020\/07\/7.-300x200.jpg 300w, https:\/\/symbivita.cz\/blog\/wp-content\/uploads\/2020\/07\/7.-768x512.jpg 768w, https:\/\/symbivita.cz\/blog\/wp-content\/uploads\/2020\/07\/7..jpg 1200w\" sizes=\"(max-width: 1024px) 100vw, 1024px\" \/><\/figure>\n\n\n\n<figure class=\"wp-block-image size-large\"><img loading=\"lazy\" decoding=\"async\" width=\"1024\" height=\"683\" src=\"http:\/\/symbivita.cz\/blog\/wp-content\/uploads\/2020\/07\/8.-1024x683.jpg\" alt=\"\" class=\"wp-image-774\" srcset=\"https:\/\/symbivita.cz\/blog\/wp-content\/uploads\/2020\/07\/8.-1024x683.jpg 1024w, https:\/\/symbivita.cz\/blog\/wp-content\/uploads\/2020\/07\/8.-300x200.jpg 300w, https:\/\/symbivita.cz\/blog\/wp-content\/uploads\/2020\/07\/8.-768x512.jpg 768w, https:\/\/symbivita.cz\/blog\/wp-content\/uploads\/2020\/07\/8..jpg 1200w\" sizes=\"(max-width: 1024px) 100vw, 1024px\" \/><\/figure>\n\n\n\n<figure class=\"wp-block-image size-large\"><img loading=\"lazy\" decoding=\"async\" width=\"1024\" height=\"683\" src=\"http:\/\/symbivita.cz\/blog\/wp-content\/uploads\/2020\/07\/9.-1024x683.jpg\" alt=\"\" class=\"wp-image-775\" srcset=\"https:\/\/symbivita.cz\/blog\/wp-content\/uploads\/2020\/07\/9.-1024x683.jpg 1024w, https:\/\/symbivita.cz\/blog\/wp-content\/uploads\/2020\/07\/9.-300x200.jpg 300w, https:\/\/symbivita.cz\/blog\/wp-content\/uploads\/2020\/07\/9.-768x512.jpg 768w, https:\/\/symbivita.cz\/blog\/wp-content\/uploads\/2020\/07\/9..jpg 1200w\" sizes=\"(max-width: 1024px) 100vw, 1024px\" \/><\/figure>\n\n\n\n<figure class=\"wp-block-image size-large\"><img loading=\"lazy\" decoding=\"async\" width=\"877\" height=\"582\" src=\"http:\/\/symbivita.cz\/blog\/wp-content\/uploads\/2020\/07\/10.jpg\" alt=\"\" class=\"wp-image-776\" srcset=\"https:\/\/symbivita.cz\/blog\/wp-content\/uploads\/2020\/07\/10.jpg 877w, https:\/\/symbivita.cz\/blog\/wp-content\/uploads\/2020\/07\/10-300x199.jpg 300w, https:\/\/symbivita.cz\/blog\/wp-content\/uploads\/2020\/07\/10-768x510.jpg 768w\" sizes=\"(max-width: 877px) 100vw, 877px\" \/><\/figure>\n","protected":false},"excerpt":{"rendered":"<p>1961 20. ledna byla ve \u0161kole dokon\u010dena oprava \u00fast\u0159edn\u00edho topen\u00ed. Ale&nbsp;rekonstrukce st\u00e1le nedokon\u010deny. Napadl sn\u00edh a dostavily se holomrazy -20 st. C. V&nbsp;\u00fanoru nastala prudk\u00e1 obleva s&nbsp;n\u011bkolika de\u0161ti a mlhami. 10. \u00fanora provedlo JZD zm\u011bny ve veden\u00ed: P\u0159edsedou z\u016fstal Josef<\/p>\n","protected":false},"author":1,"featured_media":0,"comment_status":"closed","ping_status":"open","sticky":false,"template":"","format":"standard","meta":{"footnotes":""},"categories":[1],"tags":[],"_links":{"self":[{"href":"https:\/\/symbivita.cz\/blog\/wp-json\/wp\/v2\/posts\/604"}],"collection":[{"href":"https:\/\/symbivita.cz\/blog\/wp-json\/wp\/v2\/posts"}],"about":[{"href":"https:\/\/symbivita.cz\/blog\/wp-json\/wp\/v2\/types\/post"}],"author":[{"embeddable":true,"href":"https:\/\/symbivita.cz\/blog\/wp-json\/wp\/v2\/users\/1"}],"replies":[{"embeddable":true,"href":"https:\/\/symbivita.cz\/blog\/wp-json\/wp\/v2\/comments?post=604"}],"version-history":[{"count":8,"href":"https:\/\/symbivita.cz\/blog\/wp-json\/wp\/v2\/posts\/604\/revisions"}],"predecessor-version":[{"id":1994,"href":"https:\/\/symbivita.cz\/blog\/wp-json\/wp\/v2\/posts\/604\/revisions\/1994"}],"wp:attachment":[{"href":"https:\/\/symbivita.cz\/blog\/wp-json\/wp\/v2\/media?parent=604"}],"wp:term":[{"taxonomy":"category","embeddable":true,"href":"https:\/\/symbivita.cz\/blog\/wp-json\/wp\/v2\/categories?post=604"},{"taxonomy":"post_tag","embeddable":true,"href":"https:\/\/symbivita.cz\/blog\/wp-json\/wp\/v2\/tags?post=604"}],"curies":[{"name":"wp","href":"https:\/\/api.w.org\/{rel}","templated":true}]}}