{"id":432,"date":"2020-04-13T15:11:40","date_gmt":"2020-04-13T13:11:40","guid":{"rendered":"http:\/\/symbivita.cz\/blog\/?p=432"},"modified":"2020-04-13T15:11:41","modified_gmt":"2020-04-13T13:11:41","slug":"1945-osvobozeni-obce","status":"publish","type":"post","link":"https:\/\/symbivita.cz\/blog\/2020\/04\/13\/1945-osvobozeni-obce\/","title":{"rendered":"1945 &#8211; Osvobozen\u00ed  obce"},"content":{"rendered":"\n<p>Nejv\u011bt\u0161\u00ed mrazy byly v prvn\u00ed p\u016flce\nledna, teplota klesla na -20 \u00b0C. Sn\u011bhov\u00e9 z\u00e1v\u011bje na \u010das p\u0159eru\u0161ily dopravu. V\nb\u0159eznu bylo po\u010das\u00ed velmi prom\u011bnliv\u00e9, s \u010dast\u00fdmi p\u0159eh\u00e1\u0148kami sn\u011bhu i de\u0161t\u011b. Koncem\ndubna se n\u00e1hle oteplilo na skoro letn\u00ed po\u010das\u00ed a trvalo a\u017e do l\u00e9ta. L\u00e9to bylo p\u011bkn\u00e9,\ntepl\u00e9, podzim dlouh\u00fd a tepl\u00fd. Prvn\u00ed sn\u00edh napadl 14. prosince. Do t\u00e9 doby bylo\njen p\u00e1r slab\u00fdch mraz\u00edk\u016f. V polovin\u011b prosince se oteplilo, bez mrazu a sn\u011bhu,\nV\u00e1noce na bl\u00e1t\u011b. Na ja\u0159e i v l\u00e9t\u011b pak bylo sucho.<\/p>\n\n\n\n<p><a>1. ledna\nHitler zoufale vyhla\u0161uje, \u017ee hodina v\u00edt\u011bzstv\u00ed p\u0159ijde.<\/a><\/p>\n\n\n\n<p>V&nbsp;na\u0161\u00ed\nobci za\u010dal&nbsp;organizovat \u201erevolu\u010dn\u00ed n\u00e1rodn\u00ed v\u00fdbor\u201c d\u016fv\u011brn\u00edk odbojov\u00e9\norganizace \u00b4Hnut\u00ed za svobodu\u00b4 Oskar Adam ze \u017didlochovic; funkc\u00ed d\u016fv\u011brn\u00edka pro\nna\u0161i obec pov\u011b\u0159il Karla Krafku a jeho n\u00e1stupcem u\u010ditele Rudolfa Kol\u00ednsk\u00e9ho.<\/p>\n\n\n\n<p>1. \u00fanora vyhla\u0161uje Hitler dal\u0161\u00ed vizi o d\u011bjinn\u00e9m\nobratu, zat\u00edmco bylo N\u011bmecko sv\u00edr\u00e1no do kle\u0161t\u00ed spojeneck\u00fdmi arm\u00e1dami ze v\u0161ech\nstran.<\/p>\n\n\n\n<p>16. \u00fanora ozn\u00e1mil v&nbsp;rozhlase prezident Bene\u0161:\n\u201eMluv\u00edm k&nbsp;v\u00e1m dnes v&nbsp;t\u00e9to v\u00e1lce z&nbsp;Velk\u00e9 Brit\u00e1nie naposled.\u201c<\/p>\n\n\n\n<p>25. \u00fanora se dr. Edvard Bene\u0161 rozlou\u010dil\nv&nbsp;lond\u00fdnsk\u00e9m rozhlase.<\/p>\n\n\n\n<p>14. b\u0159ezna byla na N\u011bmecko svr\u017eena prvn\u00ed\ndesetitunov\u00e1 bomba. <\/p>\n\n\n\n<p>18. b\u0159ezna n\u00e1sledoval nejv\u011bt\u0161\u00ed leteck\u00fd \u00fatok na\nBerl\u00edn.<\/p>\n\n\n\n<p>27. b\u0159ezna dorazily prvn\u00ed jednotky RA k&nbsp;Opav\u011b.<\/p>\n\n\n\n<p>2. dubna byly velikono\u010dn\u00ed\nsv\u00e1tky. <\/p>\n\n\n\n<p>4. dubna byla osvobozena Bratislava a sv\u00e1d\u011bny tuh\u00e9\nboje o Ro\u017enov pod&nbsp; Radho\u0161t\u011bm.<\/p>\n\n\n\n<figure class=\"wp-block-image size-large\"><img loading=\"lazy\" decoding=\"async\" width=\"928\" height=\"1024\" src=\"http:\/\/symbivita.cz\/blog\/wp-content\/uploads\/2020\/04\/Mapa-928x1024.jpg\" alt=\"\" class=\"wp-image-433\" srcset=\"https:\/\/symbivita.cz\/blog\/wp-content\/uploads\/2020\/04\/Mapa-928x1024.jpg 928w, https:\/\/symbivita.cz\/blog\/wp-content\/uploads\/2020\/04\/Mapa-272x300.jpg 272w, https:\/\/symbivita.cz\/blog\/wp-content\/uploads\/2020\/04\/Mapa-768x847.jpg 768w, https:\/\/symbivita.cz\/blog\/wp-content\/uploads\/2020\/04\/Mapa.jpg 1005w\" sizes=\"(max-width: 928px) 100vw, 928px\" \/><\/figure>\n\n\n\n<p>Rozhlas ze zahrani\u010d\u00ed ohl\u00e1sil osvobozen\u00ed\nBratislavy a tak\u00e9 informace, \u017ee se osvobozeneck\u00e1 vojska p\u0159esouvaj\u00ed na Moravu.\nZa\u010dalo dal\u0161\u00ed bombardov\u00e1n\u00ed B\u0159eclavi, Hodon\u00edna a Brna.<\/p>\n\n\n\n<p>V \u0160itbo\u0159ic\u00edch za\u010dali N\u011bmci budovat na tamn\u00edch kopc\u00edch obrannou linii\nz\u00e1kop\u016f kolem obce.<\/p>\n\n\n\n<p>6. dubna dorazily prvn\u00ed tanky\ndo Boleradic ke \u0161kole( z\u0159ejm\u011b putovaly n\u011bkam\nk&nbsp;oprav\u011b): 8. divize n\u011bmeck\u00e9ho vojska ustupuje p\u0159es Nikol\u010dice sm\u011brem\nna K\u0159epice a sna\u017e\u00ed se tam s&nbsp;gener\u00e1ln\u00edm \u0161t\u00e1bem je\u0161t\u011b udr\u017eet.<\/p>\n\n\n\n<p>7. dubna dorazila Rud\u00e1 arm\u00e1da k&nbsp;\u0159ece Morav\u011b u Lan\u017ehotu, boje tam trvaly do 11. dubna. <\/p>\n\n\n\n<p>N\u011bmci se v&nbsp;Lan\u017ehot\u011b opevnili.<\/p>\n\n\n\n<p><a>Byla ukon\u010dena \u0161koln\u00ed doch\u00e1zka, na\u0161\u00ed obc\u00ed proch\u00e1zely\njednotky n\u011bmeck\u00fdch z\u00e1kopn\u00edk\u016f, z nich\u017e jedna skupina byla ubytov\u00e1na ve \u0161kole. Voj\u00e1ci\nsk\u00fdtali \u017ealostn\u00fd pohled, m\u011bli nedostate\u010dnou v\u00fdzbroj a jejich stravov\u00e1n\u00ed nebylo\nna \u00farovni. Nav\u0161t\u011bvovali domy a vym\u011b\u0148ovali boty, pr\u00e1dlo, svetry a jin\u00e9 v\u011bci za\nj\u00eddlo a nab\u00edzeli pomoc p\u0159i poln\u00edch prac\u00edch ko\u0148sk\u00fdmi potahy. Jejich \u00fakolem bylo\nvybudovat ji\u017en\u011b od obce z\u00e1chytn\u00e1 p\u00e1sma. Ten den p\u0159i\u0161el do obce je\u0161t\u011b transport\n\u0159adov\u00e9ho vojska, kter\u00fd se zde ubytoval na noc a r\u00e1no pokra\u010doval d\u00e1le; druh\u00fd\ntransport \u2013 prapor motorizovan\u00e9 p\u011bchoty zde z\u016fstal a\u017e do 16. dubna. Bylo sly\u0161et\nsiln\u00e9 dun\u011bn\u00ed, kter\u00e9 ohla\u0161ovalo bl\u00ed\u017e\u00edc\u00ed se frontu. Letadla Rud\u00e9 arm\u00e1dy\nbombardovala ustupuj\u00edc\u00ed N\u011bmce.<\/a><\/p>\n\n\n\n<p>8. dubna brzy r\u00e1no ( ze soboty na ned\u011bli)\nodj\u00ed\u017ed\u00ed n\u011bme\u010dt\u00ed voj\u00e1ci z&nbsp;K\u0159epic, kde byli na&nbsp; \u0161kole. <\/p>\n\n\n\n<p>9. dubna v&nbsp;ned\u011bli do K\u0159epic dojela&nbsp; kolona&nbsp;\nn\u011bmeck\u00fdch aut- autodoprava, kter\u00e1&nbsp;\nz\u016fstala ve&nbsp; vsi. Voj\u00e1ci za \u00fastupu&nbsp; hnali p\u0159ed sebou st\u00e1da&nbsp; dobytku.<\/p>\n\n\n\n<p>10. dubna se&nbsp;\nznovu usadili v&nbsp;K\u0159epic\u00edch&nbsp; do\n\u0161koly. Pokou\u0161eli se p\u0159ed \u0160tukyn\u011bmi a na Barchance vybudovat obrann\u00e9 pozice,\npr\u00e1ci v\u0161ak nedokon\u010dili. Od ned\u011ble ustupovaly zdecimovan\u00e9 n\u011bmeck\u00e9 jednotky od\nNikol\u010dic sm\u011brem k&nbsp;N\u011bm\u010dic\u00edm.<\/p>\n\n\n\n<p>11. dubna se d\u00e1valy do\npohybu n\u011bmeck\u00e9 vozatajsk\u00e9 kolony.<\/p>\n\n\n\n<p>Ob\u010dan\u00e9\nbudovali \u201ebunkry\u201c v humnech, na Svatoj\u00e1nku, v P\u016ftn\u00edch, ve str\u017ei u \u0160tuky\u0148 i jinde.\nUkr\u00fdvali z\u00e1soby, pr\u00e1dlo, \u0161atstvo, p\u0159ezd\u00edvali sklepy, kopali j\u00e1my apod. Budov\u00e1n\u00ed\nkryt\u016f mimo obec se uk\u00e1zalo jako marn\u00e9, proto\u017ee n\u011bmeck\u00fd velitel to zak\u00e1zal: Kdo\nbude p\u0159isti\u017een mimo obec, bude zast\u0159elen jako vyzv\u011bda\u010d. <\/p>\n\n\n\n<p>12.\ndubna bylo sly\u0161et mohutn\u00e9 detonace od&nbsp;\nBrna. Letadla RA bombardovala ustupuj\u00edc\u00ed N\u011bmce.<\/p>\n\n\n\n<p><a>13. dubna zem\u0159ela Kate\u0159ina Skoumalov\u00e1, porodn\u00ed asistentka, kter\u00e1 za 32 rok\u016f, co tuto slu\u017ebu vykon\u00e1vala, p\u0159ivedla na sv\u011bt 700 d\u011bt\u00ed.<\/a> <\/p>\n\n\n\n<p>Tent\u00fd\u017e den<a> byl osvobozen Hodon\u00edn.<\/a><\/p>\n\n\n\n<figure class=\"wp-block-image size-large\"><img loading=\"lazy\" decoding=\"async\" width=\"211\" height=\"381\" src=\"http:\/\/symbivita.cz\/blog\/wp-content\/uploads\/2020\/04\/Kate\u0159ina-Strouhalov\u00e1-1.jpg\" alt=\"\" class=\"wp-image-460\" srcset=\"https:\/\/symbivita.cz\/blog\/wp-content\/uploads\/2020\/04\/Kate\u0159ina-Strouhalov\u00e1-1.jpg 211w, https:\/\/symbivita.cz\/blog\/wp-content\/uploads\/2020\/04\/Kate\u0159ina-Strouhalov\u00e1-1-166x300.jpg 166w\" sizes=\"(max-width: 211px) 100vw, 211px\" \/><\/figure>\n\n\n\n<p>14. dubna byla osvobozena obec Kobyl\u00ed \u0161estou st\u0159eleckou&nbsp; diviz\u00ed&nbsp;\n53. arm\u00e1dy, kter\u00e9 velel gen.por.I.M.Managarov a jezdeckou diviz\u00ed 4.\ngardov\u00e9ho jezdeck\u00e9ho sboru. Koz\u00e1ci mar\u0161\u00e1la Malinovsk\u00e9ho pronikli do obce od\nVrbice a celou ji obsadili a\u017e&nbsp; dol\u016f ke\nSvodnici. <\/p>\n\n\n\n<p>N\u011bmeck\u00e1 vojska se st\u00e1hla na N\u011bm\u010di\u010dky,\nMork\u016fvky a Boleradice.<\/p>\n\n\n\n<p>Zde N\u011bmci za\u010dali zauj\u00edmat bojov\u00e9 pozice v \u00fakrytech na\np\u0159ehledn\u00fdch vyv\u00fd\u0161enin\u00e1ch. Nejv\u011bt\u0161\u00ed opevn\u011bn\u00ed postavili v prostoru n\u011bkdej\u0161\u00edho\nhradu, kter\u00fd pro n\u011b byl v\u00fdznamn\u00fdm strategick\u00fdm bodem. Um\u00edstili &nbsp;sem \u010detn\u00e9 vojensk\u00e9 odd\u00edly s d\u011bly, tanky a\nt\u011b\u017ek\u00fdmi kulomety.<\/p>\n\n\n\n<p>14.\ndubna se na \u00fazem\u00ed \u0160itbo\u0159ic soust\u0159e\u010fuj\u00ed n\u011bmeck\u00e1 ozbrojen\u00e1 vojska.<\/p>\n\n\n\n<p>14\ndubna v&nbsp;K\u0159epic\u00edch je zaznamen\u00e1n velik\u00fd \u00faprk&nbsp; n\u011bmeck\u00fdch&nbsp;\naut. Z\u016fstalo tam jen frontov\u00e9 vojsko.<\/p>\n\n\n\n<p>15.\ndubna byly osvobozeny Brumovice. 41. tankov\u00e1 brig\u00e1da se za\u010dala p\u0159esouvat p\u0159es\nKobyl\u00ed, Bo\u0159etice a N\u011bm\u010di\u010dky k&nbsp;Hustope\u010d\u00edm. U Brumovic&nbsp; bylo tak\u00e9 z\u0159\u00edzeno poln\u00ed leti\u0161t\u011b odkud byli\nt\u011b\u017ece ran\u011bn\u00ed voj\u00e1ci p\u0159epravov\u00e1n\u00ed do nemocnic v&nbsp;t\u00fdlu.<\/p>\n\n\n\n<p>Poln\u00ed leti\u0161t\u011b.<\/p>\n\n\n\n<p>Pracovn\u00ed\npovinnosti se vyhla\u0161ovaly &#8211; chodilo se na&nbsp;<strong>statek Ostr\u016fvek<\/strong>&nbsp;urovn\u00e1vat\nter\u00e9n na p\u0159\u00edpravu poln\u00edho leti\u0161t\u011b. Kravsk\u00e9 potahy vozily z lesa kl\u00e1dy dub\u016f,\nlid\u00e9 vykop\u00e1vali a vytrh\u00e1vali p\u0159ek\u00e1\u017eej\u00edc\u00ed ovocn\u00e9 stromy, zasyp\u00e1vali strouhy a\nbr\u00e1zdy, a tak bylo v kr\u00e1tk\u00e9 dob\u011b poln\u00ed leti\u0161t\u011b hotov\u00e9. Velitelstv\u00ed bylo ve\nstatku.&nbsp; Z\u00e1rove\u0148 se budovaly kryty a&nbsp;palebn\u00e1 postaven\u00ed na obranu\nleti\u0161t\u011b.&nbsp;<\/p>\n\n\n\n<p>Je\u0161t\u011b\nnebylo leti\u0161t\u011b ani dohotoven\u00e9 a ji\u017e z n\u011bho odl\u00e9taly bojov\u00e9 stroje, pozd\u011bji\nodtud startovala letadla v\u0161eho druhu, i ty kukuruzniky &#8211; dvouplo\u0161n\u00edky Po-2\nod&nbsp;85 \u0441\u0430\u043d\u0430\u043f&nbsp;&nbsp;\u010di&nbsp;<a href=\"http:\/\/allaces.ru\/sssr\/struct\/p\/sanap1001.php\" target=\"_blank\" rel=\"noreferrer noopener\">1001\n\u0441\u0430\u043d\u0430\u043f<\/a>,&nbsp;<a href=\"http:\/\/allaces.ru\/sssr\/struct\/h\/va5.php\" target=\"_blank\" rel=\"noreferrer noopener\">5 \u0412\u0410<\/a>. Ty pilotovaly \u017eeny &#8211; voja\u010dky, kter\u00e9 m\u011bly\nm\u00edsto kukly na hlav\u00e1ch uv\u00e1zan\u00e9 norm\u00e1ln\u00ed \u0161\u00e1tky. Pokud jsem je vid\u011bl, ani jedin\u00e1\nnebyla st\u0159\u00edzliv\u00e1. A kdy\u017e pak \u0161la na start, ka\u017ed\u00e1 hulila jak pol\u00e1man\u00e1 kamna. V\njedn\u00e9 ruce nesla kabelu na mapy, v druh\u00e9 dr\u017eela po\u0159\u00e1dnou a zap\u00e1lenou papirosu.\n\u0160\u0165astn\u011b odstartovaly a stejn\u011b \u0161\u0165astn\u011b se vr\u00e1tily. Dosud p\u0159ed nimi smek\u00e1m. Ony i\nostatn\u00ed piloti plnili bojov\u00e9 \u00fakoly zejm\u00e9na p\u0159i osvobozov\u00e1n\u00ed Brna. Ale\nobstar\u00e1vali i z\u00e1sobov\u00e1n\u00ed a t\u011b\u017ece ran\u011bn\u00e9 p\u0159ev\u00e1\u017eeli do&nbsp;bratislavsk\u00e9&nbsp;a\ntak\u00e9 a\u017e do budape\u0161\u0165sk\u00e9 nemocnice.<\/p>\n\n\n\n<p>V ned\u011bli 15. dubna se frontov\u00e9 boje tak\u00e9 &nbsp;ji\u017e p\u0159ibl\u00ed\u017eily k Boleradic\u00edm, ve vzdu\u0161n\u00e9m\nprostoru se objevily pr\u016fzkumn\u00e9 leteck\u00e9 hl\u00eddky a doch\u00e1zelo k \u010detn\u00fdm leteck\u00fdm\nsouboj\u016fm. V odpoledn\u00edch hodin\u00e1ch dopadly na obec prvn\u00ed d\u011blov\u00e9 st\u0159ely. Voj\u00e1ci\n\u00fato\u010d\u00edc\u00ed Rud\u00e9 arm\u00e1dy se objevili na okraji lesa Kunt\u00ednova, le\u017e\u00edc\u00edm jihov\u00fdchodn\u011b\nod obce, kam pronikli ze sm\u011bru od Kobyl\u00ed.<\/p>\n\n\n\n<p>15.\ndubna definitivn\u011b odj\u00ed\u017ed\u00ed n\u011bmeck\u00fd gener\u00e1ln\u00ed \u0161t\u00e1b z K\u0159epic, odpoledne ke 3.\nhodin\u011b napadli Rusov\u00e9 n\u011bmeck\u00e9 protiletadlov\u00e9 pozice st\u0159elbou z palubn\u00edch\nzbran\u00ed. Nad obcemi l\u00e9taj\u00ed letadla. <\/p>\n\n\n\n<p>Bylo\nzasa\u017eeno n\u011bkolik staven\u00ed, kter\u00e1&nbsp; ho\u0159ela. Zazn\u011bly\ntak\u00e9 v\u00fdst\u0159ely z \u201eka\u0165u\u0161e\u201c. Ve vzdu\u0161n\u00e9m prostoru se objevovaly pr\u016fzkumn\u00e9 leteck\u00e9\nhl\u00eddky. Od Kobyl\u00ed sm\u011brem k&nbsp;okraj\u016fm Boleradic&nbsp; dorazily&nbsp;\nodd\u00edly&nbsp; RA. Leteck\u00e9 bombardov\u00e1n\u00ed\nsm\u011b\u0159ovalo na obrann\u00e9 pozice N\u011bmc\u016f kolem silnice a \u0159eky Svratky ve Velk\u00fdch\nN\u011bm\u010dic\u00edch.<\/p>\n\n\n\n<p>Z na\u0161\u00ed\nobce odjela \u010d\u00e1st n\u011bmeck\u00e9 motorizovan\u00e9 kolony a asi o dev\u00e1t\u00e9 hodin\u011b bylo\nozn\u00e1meno, \u017ee civiln\u00ed obyvatelstvo nesm\u00ed na ulici. V&nbsp;noci bylo p\u0159ik\u00e1z\u00e1no\np\u0159\u00edsn\u00e9 zatem\u0148ov\u00e1n\u00ed.<\/p>\n\n\n\n<p>Tuto ned\u011bli p\u0159ed p\u016flnoc\u00ed\nzem\u0159el katolick\u00fd far\u00e1\u0159 Jan Ture\u010dek. <\/p>\n\n\n\n<p>R\u00e1no je\u0161t\u011b slou\u017eil m\u0161i. Parte\nuv\u00e1d\u00ed, \u017ee \u201epo kr\u00e1tk\u00e9m utrpen\u00ed, zaopat\u0159en svat\u00fdmi sv\u00e1tostmi, v hluku kanon\u016f a\nodch\u00e1zej\u00edc\u00edch okupant\u016f ti\u0161e v P\u00e1nu zesnul\u201c. V pr\u016fb\u011bhu osvobozovac\u00edch boj\u016f byl\npoh\u0159ben u kostela p\u0159ed pomn\u00edkem padl\u00fdch z prvn\u00ed sv\u011btov\u00e9 v\u00e1lky.<\/p>\n\n\n\n<p>Mlad\u00fd k\u0159epick\u00fd administr\u00e1tor p.\nTeodor Sp\u00e1\u010dil byl nucen b\u011bhem prob\u00edhaj\u00edc\u00edch boj\u016f zastoupit za um\u00edraj\u00edc\u00edho\nkonzistorn\u00edho radu p. Jana Ture\u010dka, far\u00e1\u0159e v&nbsp;Nikol\u010dic\u00edch. <\/p>\n\n\n\n<figure class=\"wp-block-image size-large\"><img loading=\"lazy\" decoding=\"async\" width=\"964\" height=\"719\" src=\"http:\/\/symbivita.cz\/blog\/wp-content\/uploads\/2020\/04\/Obr.3-Far\u00e1\u0159-Ture\u010dek.png\" alt=\"\" class=\"wp-image-434\" srcset=\"https:\/\/symbivita.cz\/blog\/wp-content\/uploads\/2020\/04\/Obr.3-Far\u00e1\u0159-Ture\u010dek.png 964w, https:\/\/symbivita.cz\/blog\/wp-content\/uploads\/2020\/04\/Obr.3-Far\u00e1\u0159-Ture\u010dek-300x224.png 300w, https:\/\/symbivita.cz\/blog\/wp-content\/uploads\/2020\/04\/Obr.3-Far\u00e1\u0159-Ture\u010dek-768x573.png 768w\" sizes=\"(max-width: 964px) 100vw, 964px\" \/><\/figure>\n\n\n\n<p>K\u0159epick\u00e1 farn\u00ed kronika uv\u00e1d\u00ed:\nNed\u011ble 15. dubna 1945 byla posledn\u00edm dnem p\u0159ed frontou. Byly kon\u00e1ny dv\u011b\nbohoslu\u017eby. Po k\u00e1z\u00e1n\u00ed p\u0159i\u0161el posel z&nbsp;Nikol\u010dic, \u017ee soused p. rada Ture\u010dek\nonemocn\u011bl a \u017ee m\u00e1m m\u00edsto n\u011bho m\u00edt poh\u0159eb Kate\u0159iny Skoumalov\u00e9. Po\u017eehn\u00e1n\u00ed bylo\nproto usp\u00ed\u0161eno. V&nbsp;tom za\u010dala \u00fa\u010dinkovat fronta. Ze \u0161koly bylo st\u0159\u00edleno po\nletadlech i z&nbsp;Rouzkova dvora. Puma spadla do zahrady farsk\u00e9 na sklep, ale\nnevybuchla. Jin\u00e1 explodovala v&nbsp;Klob\u00e1sov\u011b stodole za farskou zahradou.\nIhned se vzn\u00edtila. Av\u0161ak ostatn\u00ed stodoly byly uh\u00e1jeny. Zde nikdo nep\u0159i\u0161el o\n\u017eivot. Sou\u010dasn\u011b bylo bombardov\u00e1no v&nbsp;N\u011bm\u010dic\u00edch, Nikol\u010dic\u00edch, Div\u00e1k\u00e1ch, Moutnic\u00edch,\nM\u011bn\u00edn\u011b i Sokolnic\u00edch, jak vystupuj\u00edc\u00ed sloupy d\u00fdmu prozrazovaly. Fara m\u011bla 6\nz\u00e1sah\u016f leteck\u00fdm d\u011blem.<\/p>\n\n\n\n<p>Cesta do Nikol\u010dic byla\nnebezpe\u010dn\u00e1. Bylo nutno n\u011bkolikr\u00e1t hledat \u00fakryt mezi dve\u0159mi, za vesnic\u00ed\nv&nbsp;p\u0159\u00edkopu. Smutn\u00e9 bylo panorama na vesnice v\u016fkol, jak se z&nbsp;nich\nkou\u0159ilo. Far\u00e1\u0159 p. Ture\u010dek chv\u00edlemi v&nbsp;agonii byl ve sv\u00e9 kancel\u00e1\u0159i. Na fa\u0159e\nbyla ute\u010den\u00e1 cel\u00e1 jeho p\u0159\u00edze\u0148 z&nbsp;Tvrdonic, kter\u00e1 za\u017eila krut\u00e9 \u00fatoky. Poh\u0159eb\nse v\u0161ak pro st\u00e1l\u00e9 n\u00e1lety konat nemohl, a\u017e k&nbsp;ve\u010deru, a to pouze za\nasistence 5 lid\u00ed. Odpoledne zaopat\u0159en nemocn\u00fd kn\u011bz. Potom ji\u017e za klidu zbran\u00ed\njsem se vr\u00e1til do K\u0159epic. R\u00e1no do\u0161lo hl\u00e1\u0161en\u00ed ze sousedn\u00ed vesnice, \u017ee pan far\u00e1\u0159\nTure\u010dek v&nbsp;11 hodin v&nbsp;noci zem\u0159el.<\/p>\n\n\n\n<p>Od rann\u00edch hodin trval boj o\nN\u011bm\u010dice a tak\u00e9 nad \u0160itbo\u0159icemi l\u00e9tala letadla rusk\u00e9 arm\u00e1dy. N\u00e1lety se opakovaly\nasi po p\u016fl hodin\u011b.<\/p>\n\n\n\n<p>Dob\u00fdv\u00e1n\u00ed pozic v obci Velk\u00e9 N\u011bm\u010dice po stran\u00e1ch hlavn\u00ed\nsilnice zapo\u010dalo leteck\u00fdm bombardov\u00e1n\u00edm 15. dubna. Kdy\u017e po d\u011blost\u0159eleck\u00e9\np\u0159\u00edprav\u011b v noci na pond\u011blek a v pond\u011bl\u00ed r\u00e1no ustoupili N\u011bmci na novou linii\n\u017didlochovic, ale k ve\u010deru se vr\u00e1tili &nbsp;s\nrozkazem zap\u00e1lit vesnice a pokra\u010dovat v boji do posledn\u00edho mu\u017ee. Od t\u00e9 chv\u00edle obyvatel\u00e9\nvid\u011bli z kryt\u016f, jak ho\u0159\u00ed staven\u00ed za staven\u00edm. Sho\u0159ely obytn\u00e9 i hospod\u00e1\u0159sk\u00e9\nbudovy se za\u0159\u00edzen\u00edm, dobytkem, krmivem, z\u00e1sobami, hospod\u00e1\u0159sk\u00fdmi stroji a\nn\u00e1\u0159ad\u00edm. Na ha\u0161en\u00ed ohn\u011b nebylo pro neust\u00e1lou silnou palbou ani pomy\u0161len\u00ed.<br>\n<br>\n16. dubna, pond\u011bl\u00ed: Je sly\u0161et prudkou a silnou st\u0159elbu, od Klobouk, Hustope\u010d\u00ed a\nN\u011bm\u010dic jsou vid\u011bt vysok\u00e9 sloupy tmav\u00e9ho d\u00fdmu, kde ho\u0159elo 180 dom\u016f. Po\ncelodenn\u00edm boji ustoupili N\u011bmci &nbsp;na\nbojovou obrannou linii Nov\u00fd Dv\u016fr \u2013 N\u011bm\u010dice. Ve\u010der se objevili v&nbsp;K\u0159epic\u00edch\nprvn\u00ed koz\u00e1ci na kon\u00edch se samopaly, za nimi pak od Hustope\u010d\u00ed p\u0159ij\u00ed\u017ed\u011blo vojsko\nRA s&nbsp;lehk\u00fdmi d\u011bly. <\/p>\n\n\n\n<p>Bomby a d\u011blost\u0159eleck\u00e9 gran\u00e1ty padaly\nna&nbsp; \u0160itbo\u0159ice. K&nbsp;ve\u010deru se staly\nc\u00edlem soust\u0159ed\u011bn\u00e9 palby z&nbsp;ka\u0165u\u0161\u00ed. Na mnoha m\u00edstech ho\u0159elo. Zahynuli prvn\u00ed\nob\u010dan\u00e9. Kart\u00e1\u010dov\u00fd n\u00e1let byl tak\u00e9 soust\u0159ed\u011bn na Moutnice.<\/p>\n\n\n\n<p>V&nbsp;Hustope\u010d\u00edch prob\u00edhaly\nosvobozovac\u00ed boje, RA v&nbsp;bitv\u011b o Hustope\u010de pou\u017e\u00edvala taktiku zn\u00e1mou jako\ntaktika kle\u0161t\u00ed. Jeden sm\u011br \u0161el na Kurd\u011bjov a K\u0159epice, druh\u00fd sm\u011br na Starovice a\nUher\u010dice. N\u011bmci v\u011bd\u011bli, \u017ee pokud v\u010das nevyklid\u00ed prostor, dostanou se do kle\u0161t\u00ed.<\/p>\n\n\n\n<p>16. dubna byly osvobozeny\nStarovi\u010dky.<\/p>\n\n\n\n<p>16. dubna byly osvobozeny tak\u00e9 Hustope\u010de &nbsp;<\/p>\n\n\n\n<p>Rud\u00e1 arm\u00e1da z\u0159\u00eddila v Hustope\u010d\u00edch n\u011bkolik vojensk\u00fdch nemocnic, do nich\u017e od fronty p\u0159ivezla mnoho set ran\u011bn\u00fdch. Postupn\u011b ve m\u011bst\u011b poh\u0159bila 378 rudoarm\u011bjc\u016f. <\/p>\n\n\n\n<p>&nbsp;A byl dobyt Kurd\u011bjov. Obec byla tehdy\nos\u00eddlena N\u011bmci, kte\u0159\u00ed z&nbsp;valn\u00e9&nbsp; \u010d\u00e1sti\nutekli a ostatn\u00ed&nbsp; byli vyhn\u00e1ni. T\u00e9ho\u017e dne\nbyla u n\u00e1s v&nbsp;Nikol\u010dic\u00edch na\u0159\u00edzena v rann\u00edch hodin\u00e1ch povinn\u00e1 \u00fa\u010dast ob\u010dan\u016f na\nz\u00e1kopov\u00fdch prac\u00edch ji\u017en\u011b od obce (60 ob\u010dan\u016f). Ud\u00e1losti jsou podrobn\u011b pops\u00e1ny\nv&nbsp;Nikol\u010dick\u00e9 \u010d\u00edtance I na str. 50. <\/p>\n\n\n\n<p>Od r\u00e1na 16.4.1945\nl\u00e9taly sov\u011btsk\u00e9 bombard\u00e9ry za doprovodu st\u00edha\u010d\u016f&nbsp;ze\nslovensk\u00e9ho Hol\u00ed\u010de &#8211; Kop\u010dan (okres Skalica) sm\u011brem na Brno.<\/p>\n\n\n\n<p>16. dubna\nbyl&nbsp; vid\u011bn souboj&nbsp; mezi st\u00edha\u010di Luftwaffe a VVS v okol\u00ed\nBorkovan, sest\u0159elen byl&nbsp; podporu\u010d\u00edk\nMajenko, kter\u00fd zahynul.<\/p>\n\n\n\n<p>16. dubna ve 12,30 byla\nst\u0159epinou usmrcena Anast\u00e1zie Barto\u0148kov\u00e1 z&nbsp;\u010d. 74 u sklepa Ant. Hany\u00e1\u0161e (\u010d.\n100). Anastazie (1886-1945) byla sestrou Aloise Valy, \u0159ezn\u00edka a hostinsk\u00e9ho v\nNikol\u010dic\u00edch a byla matkou MUDr. Anton\u00edna Barto\u0148ka (nar. 1924).<\/p>\n\n\n\n<p>Po dobyt\u00ed Kud\u011bjova byl\nv&nbsp;obci um\u00edst\u011bn&nbsp; \u0161t\u00e1b 1. gardov\u00e9\njezdecko- mechanizovan\u00e9 skupiny(koz\u00e1ci) a jejich \u00fatok pokra\u010doval sm\u011brem na\nNikol\u010dice, kam pr\u016fzkum dorazil v&nbsp;16. hodin. Za n\u00edm vtrhla do obce j\u00edzda a\nn\u00e1sledovala p\u011bchota 243. a st\u0159eleck\u00e9 divize( 50. st\u0159eleck\u00fd sbor) s&nbsp;n\u011bkolika\ntanky. Ty pomohly zlikvidovat odpor na okoln\u00edch v\u00fd\u0161in\u00e1ch.<\/p>\n\n\n\n<p>Vzpom\u00ednka p. Boh. Ot\u0159\u00edsalov\u00e9,\nkter\u00e1 m\u011bla v&nbsp;ten \u010das 19 let. <\/p>\n\n\n\n<p>Vypr\u00e1v\u00ed:&nbsp; byli jsme schovan\u00ed&nbsp; ve sklep\u011b, ale&nbsp; zv\u011bdavost mi nedala a vy\u0161la jsem se\npod\u00edvat&nbsp; do humna. Tu jsem uvid\u011bla&nbsp; koz\u00e1ka na koni jak cv\u00e1lal po poli. Najednou\nse ozvala st\u0159elba, kter\u00e1 mi svi\u0161t\u011bla nad hlavou. N\u011bmci&nbsp; za\u010dali na koz\u00e1ka&nbsp; st\u0159\u00edlet n\u011bkde od kostela, ten se obr\u00e1til a\nzmizel mezi stromy.<\/p>\n\n\n\n<p>Tato ud\u00e1lost je\npopisov\u00e1na&nbsp; v&nbsp;kronice&nbsp; takto:<\/p>\n\n\n\n<p>Odpoledne vnikla do vsi prvn\u00ed\npr\u016fzkumn\u00e1 hl\u00eddka koz\u00e1k\u016f. Tvo\u0159ili ji \u010dty\u0159i mu\u017ei ozbrojen\u00ed kulometem. U domu\nCyrila Hir\u0161e sesedli a postupovali p\u011b\u0161ky a\u017e k&nbsp;domu \u010d. 220 V\u00e1clava Ku\u010dery.\nObhl\u00e9dli situaci, p\u0159ijali ob\u010derstven\u00ed a jeden z&nbsp;nich vyp\u00e1lil raketu.\nV&nbsp;tom okam\u017eiku vyrazily dal\u0161\u00ed jezdeck\u00e9 jednotky z&nbsp;prostoru za sk\u00e1lou\na vnikaly do humen v ji\u017en\u00ed \u010d\u00e1sti vesnice. Skupina 40 mu\u017e\u016f, kter\u00e1 se pohybovala\nkolem domu \u010d. 220, byla p\u0159epadena n\u011bmeckou kulometnou palbou. Voj\u00e1ci se\nschovali do domu, um\u00edstili kulomet na stole a odpov\u00eddali. Ne\u017e se jim poda\u0159ilo\nodpor zlikvidovat, byl n\u011bmeck\u00fdmi fosforov\u00fdmi st\u0159elami zap\u00e1len d\u016fm \u010d. 140 Emila\nOt\u0159\u00edsala a v&nbsp;m\u017eiku ho\u0159el i d\u016fm \u010d. 220. Toho dne vyho\u0159ely tyto domy:\nAnton\u00edna Stejskala, Aloise Ne\u010dase, Cyrila Ne\u010dase a Josefa Barto\u0148ka u h\u0159bitova a\nv dal\u0161\u00edch dnech stodola p. Amrose a d\u016fm Jakuba Strouhala pod\nSvatoj\u00e1nkem.&nbsp;P\u0159i po\u017e\u00e1rech pracovali \u010dlenov\u00e9 m\u00edstn\u00edho hasi\u010dsk\u00e9ho sboru,\nbyli nuceni svou \u010dinnost v\u011bt\u0161inou omezit na ochranu sousedn\u00edch dom\u016f. Dle\nsv\u011bdectv\u00ed V\u00e1clava Ku\u010dery si zvl\u00e1\u0161\u0165 state\u010dn\u011b po\u010d\u00ednal Vojt\u011bch Kone\u010dn\u00fd, kter\u00fd\nobsluhoval st\u0159\u00edka\u010dku i v&nbsp;palb\u011b.<\/p>\n\n\n\n<p>Odpoledne &nbsp;bylo vid\u011bt&nbsp;\nz&nbsp;kopc\u016f mezi Nikol\u010dicemi a K\u0159epicemi sestupovat&nbsp; sov\u011btsk\u00e9 voj\u00e1ky a brzy se &nbsp;objevily hlou\u010dky sov\u011btsk\u00e9 p\u011bchoty i\nv&nbsp;severn\u00ed \u010d\u00e1sti vsi a nato projely prvn\u00ed t\u011b\u017ek\u00e9 sov\u011btsk\u00e9 tanky. Za kov\u00e1rnou\np. Vozdeck\u00e9ho byl zasa\u017een st\u0159elou sov\u011btsk\u00fd major, koz\u00e1k. Sov\u011btsk\u00e9 jednotky, je\u017e\nn\u00e1s osvobodily, byly \u0161pi\u010dkou prudce vra\u017een\u00e9ho kl\u00ednu do n\u011bmeck\u00e9 obrann\u00e9\nsoustavy, soust\u0159ed\u011bn\u00e9 na Svatoj\u00e1nku, pod P\u016ftn\u011bmi. Ve \u0160tukyn\u00edch apod. Div\u00e1ky,\nK\u0159epice, \u0160itbo\u0159ice a vesnice sm\u011brem k&nbsp;Brnu byly st\u00e1le v&nbsp;rukou N\u011bmc\u016f. Sm\u011brem\nod Klobouk se nesl d\u00fdm.<\/p>\n\n\n\n<p>17. dubna byly osvobozeny\nBoleradice. N\u011bme\u010dt\u00ed voj\u00e1ci se tou dobou ukr\u00fdvali i v lese u Div\u00e1k a Boleradic.\nTam na kopc\u00edch v les\u00edch kolem vrchu Ned\u00e1nov m\u011bli N\u011bmci\nsv\u016fj siln\u00fd obrann\u00fd sled. Na toto postaven\u00ed v \u00fater\u00fd k ve\u010deru za\u00fato\u010dili sov\u011bti\ntanky podporovan\u00fdmi p\u011bchotou a N\u011bmci museli &nbsp;vyklidit z obavy p\u0159ed mo\u017en\u00fdm obchvatem lesy\nsm\u011brem ke Klobouk\u016fm.<\/p>\n\n\n\n<p>Dopoledne byla provedena\nd\u011blost\u0159eleck\u00e1 p\u0159\u00edpravn\u00e1 palba k&nbsp;\u00fatoku RA na nep\u0159\u00e1telsk\u00e9 pozice linie Nov\u00fd\nDv\u016fr \u2013 N\u011bm\u010dice. Nov\u00fd Dv\u016fr a Karlov byly strategicky&nbsp; v\u00fdhodn\u00e9. Rusov\u00e9 se museli&nbsp; vr\u00e1tit zp\u011bt.<\/p>\n\n\n\n<p>V odpoledn\u00edch hodin\u00e1ch byla\nobec prvn\u011b napadena rusk\u00fdm bombardovac\u00edm letectvem, kter\u00e9 leteck\u00fdmi pumami a\npalubn\u00edmi zbran\u011bmi napadlo n\u011bmeck\u00e9 jednotky. P\u0159i t\u00e9to bojov\u00e9 \u010dinnosti vyho\u0159ela\n\u010d\u00e1st domu Jakuba Novotn\u00e9ho a mlat Jana Rabovsk\u00e9ho na \u010d. 39 byl zasa\u017een leteckou\npumou, p\u0159i\u010dem\u017e to zas\u00e1hlo i jeho syna Jana. Ten byl p\u0159evezen do nemocnice v\nBrn\u011b.<\/p>\n\n\n\n<p>N\u011bmeck\u00e1 obrann\u00e1 linie Nov\u00fd Dv\u016fr, Karlov, Rumunsk\u00e1 ba\u017eantnice,\n\u0160itbo\u0159ice se st\u00e1le dr\u017eela. Obrann\u00e1 linie d\u00e1le pokra\u010dovala p\u0159es T\u011b\u0161any,\nMoutnice, Blu\u010dinu, Hajany, O\u0159echov a\u017e k&nbsp;Ivan\u010dic\u00edm. Br\u00e1n\u00edc\u00ed se n\u011bmeck\u00e9 jednotky byly pos\u00edleny\nvojsky sta\u017een\u00fdmi od V\u00eddn\u011b, je\u017e byla v t\u00e9 dob\u011b ji\u017e tak\u00e9 obsazena&nbsp;<a href=\"https:\/\/cs.wikipedia.org\/wiki\/Rud%C3%A1_arm%C3%A1da\">Rudou arm\u00e1dou<\/a>.<\/p>\n\n\n\n<p>Zna\u010dn\u00e9 s\u00edly RA obsazuj\u00ed\n\u0160itbo\u0159ice a postupuj\u00ed k&nbsp;T\u011b\u0161an\u016fm. Ale N\u011bmci podnikli je\u0161t\u011b proti\u00fatok t\u011b\u017ek\u00fdmi\npanc\u00e9\u0159i za podpory minomet\u016f a samopal\u016f, \u00fato\u010dili d\u016fm od domu a\u017e do ve\u010dern\u00edch\nhodin a vytla\u010dili rusk\u00e9 voj\u00e1ky z&nbsp;vesnice. Koz\u00e1ci ustupovali\nk&nbsp;Nikol\u010dic\u00edm. &nbsp;Palba z&nbsp;obou\nstran trvala celou noc.<\/p>\n\n\n\n<p>V&nbsp;nikol\u010dick\u00e9 \u0161kole si sanitn\u00ed\nodd\u00edly RA z\u0159\u00eddily provizorn\u00ed nemocnici pro prvn\u00ed pomoc a nejnutn\u011bj\u0161\u00ed operace.\nVe t\u0159\u00edd\u011b obecn\u00e9 \u0161koly byl opera\u010dn\u00ed s\u00e1l, v&nbsp;ostatn\u00edch t\u0159\u00edd\u00e1ch\ns&nbsp;\u00fast\u0159edn\u00edm topen\u00edm odpo\u010d\u00edvali ran\u011bn\u00ed. Um\u00edraj\u00edc\u00ed byli ukl\u00e1d\u00e1ni\nv&nbsp;kabinet\u011b vedle&nbsp; \u0159editelny. P\u0159i\np\u0159\u00edchodu fronty byli padl\u00ed poh\u0159b\u00edv\u00e1ni na m\u00edst\u011b, po ust\u00e1len\u00ed fronty kolem\nkostela sv. Jakuba a na evangelick\u00e9m h\u0159bitov\u011b. Hroby a \u0161achty byly kop\u00e1ny za\n\u00fa\u010dasti civiln\u00edho obyvatelstva hlavn\u011b v&nbsp;noci.<\/p>\n\n\n\n<p>V&nbsp;knize Osvobozen\u00ed Ji\u017en\u00ed\nMoravy od&nbsp; Vlastimila Schildbergera st.\nna stran\u011b 70 je ps\u00e1no:<\/p>\n\n\n\n<p>Jejich voj\u00e1ci&nbsp; za\u010dali odeb\u00edrat&nbsp; roln\u00edk\u016fm kon\u011b a vozy a kradli, co vid\u011bli, a\ntak\u00e9 za\u010dali pron\u00e1sledovat&nbsp; \u017eeny. Pak\nn\u011bkolik eskadron koz\u00e1k\u016f obsadilo&nbsp; v\u00fd\u0161inu\n375 Li\u0161\u010d\u00ed vrch a ve 20 hodin bez boje K\u0159epice. Z&nbsp;boj\u016f v&nbsp;okol\u00ed zem\u0159elo\nv&nbsp;Nikol\u010dic\u00edch 82 sov\u011btsk\u00fdch voj\u00e1k\u016f a K\u0159epic\u00edch byli pochov\u00e1n\u00ed 2&nbsp; d\u016fstojn\u00edci.<\/p>\n\n\n\n<p>17. dubna&nbsp; brzy r\u00e1no&nbsp;\nza\u00fato\u010dili koz\u00e1ci 10 ( 4.?) gardov\u00e9&nbsp;\njezdeck\u00e9 divize od Nikol\u010dic na \u0160itbo\u0159ice. N\u011bmeck\u00fd odd\u00edl obec rychle&nbsp; vyklidil a tanky se st\u00e1hly k&nbsp;T\u011b\u0161an\u016fm na\nk\u00f3tu 191 Str\u00e1\u017eky. \u00dakolem koz\u00e1k\u016f bylo p\u0159etnout silnici Hodon\u00edn- Brno a\nvpadnout&nbsp; do boku n\u011bmeck\u00e9 obran\u011b u\nKlobouk.<\/p>\n\n\n\n<p>17.dubna postoupily st\u0159eleck\u00e9\njednotky sov\u011btsk\u00e9 arm\u00e1dy n\u00e1le\u017eej\u00edc\u00ed k 243. st\u0159eleck\u00e9 divizi plukovn\u00edka M.A. Bu\u0161ina\nk ji\u017en\u00edm okraj\u016fm Nosislavi Nepostupovaly od Velk\u00fdch N\u011bm\u010dic, jak bylo v\u0161eobecn\u011b\no\u010dek\u00e1v\u00e1no, n\u00fdbr\u017e od v\u00fdchodu, p\u0159ibli\u017en\u011b po ose \u0160itbo\u0159ice &#8211; Nov\u00fd Dv\u016fr &#8211; dv\u016fr\nZele\u0148\u00e1k ke dvoru Boudky, ji\u017en\u011b od m\u011bste\u010dka. P\u011bchota bezprost\u0159edn\u011b postupovala\nsevern\u00edm sm\u011brem a b\u011bhem noci na 18. duben obsadila celou v\u00fd\u0161inu V\u00fdhon nad\n\u017didlochovicemi a Blu\u010dinu, k\u00f3ta 355. Silnici Nosislav &#8211; \u017didlochovice nemohla\nRud\u00e1 arm\u00e1da prozat\u00edm dostate\u010dn\u011b vyu\u017e\u00edt. Br\u00e1nila tomu byteln\u00e1 palis\u00e1da z kmen\u016f a\nkamen\u00ed v ostr\u00e9 zat\u00e1\u010dce naz\u00fdvan\u00e9 V H\u00e1ku, kterou se dalo t\u011bsn\u011b proj\u00edt, nikoliv\nale projet jak\u00fdmkoliv vozidlem. Na odstran\u011bn\u00ed ne\u017e\u00e1douc\u00ed p\u0159ek\u00e1\u017eky zmobilizovali\nd\u016fstojn\u00edci RA na 100 nosislavsk\u00fdch mu\u017e\u016f. Po\u017eadovali likvidaci bari\u00e9ry do\np\u016flnoci. kdy podle vy\u0161\u0161\u00edho rozkazu m\u011bly tudy projet prvn\u00ed motomechanizovan\u00e9\n\u010d\u00e1sti. P\u0159es ru\u0161ivou palbu N\u011bmc\u016f z \u00fa\u017elabiny Pod Solarama byl \u00fakol spln\u011bn v\u010das a\nnaj\u00ed\u017ed\u011bj\u00edc\u00ed vozidla snadno p\u0159ekon\u00e1vala zbytky uz\u00e1v\u011bry.<\/p>\n\n\n\n<p>V noci ze 17. na 18. dubna\n1945 provedly n\u011bmeck\u00e9 jednotky protizte\u010d z Rumunsk\u00e9 ba\u017eantnice ve sm\u011bru na\nVelk\u00e9 N\u011bm\u010dice, kter\u00e9 byly st\u00e1le je\u0161t\u011b v protivn\u00edkov\u00fdch rukou. N\u011bmci cht\u011bli\nt\u00edmto zp\u016fsobem izolovat sov\u011btsk\u00e9 s\u00edly na V\u00fdhon\u011b a t\u00edm zt\u00ed\u017eit jejich postaven\u00ed a\nmo\u017enosti. P\u0159echodn\u00fd n\u00e1por wehrmachtu byl odra\u017een a r\u00e1no 18. dubna se do\u010dkaly\nosvobozen\u00ed i Velk\u00e9 N\u011bm\u010dice<\/p>\n\n\n\n<p>18. dubna byl odpor severn\u011b od\nNikol\u010dic zlikvidov\u00e1n a fronta se posunula k Brnu. Letadla za\u00fato\u010dila na Nov\u00fd\nDv\u016fr a N\u011bmci se sna\u017eili dr\u017eet pozici je\u0161t\u011b na Nov\u00e9m Dvo\u0159e a pozd\u011bji na Rumunsk\u00e9\nba\u017eantnici.<\/p>\n\n\n\n<p>P\u0159ijelo n\u011bkolik tis\u00edc voj\u00e1k\u016f\nRA, m\u011bli velk\u00fd po\u010det d\u011bl, minomet\u016f a kulomet\u016f. &nbsp;Ihned po skon\u010den\u00ed boje u Velk\u00fdch N\u011bm\u010dic\nobr\u00e1tila Rud\u00e1 arm\u00e1da svou pozornost v\u016f\u010di Rumunsk\u00e9 ba\u017eantnici, v\u00fdchodisku\np\u0159edchoz\u00edho no\u010dn\u00edho v\u00fdpadu, a pokryla ji hustou d\u011blost\u0159eleckou a raketovou\npalbou. Marn\u011b se N\u011bmci je\u0161t\u011b sna\u017eili udr\u017eet na Rumunsk\u00e9 ba\u017eantnici.<\/p>\n\n\n\n<p>Rusov\u00e9 od Nikol\u010dic \u00fato\u010dili po\ncel\u00fd den, t\u0159ikr\u00e1t pronikli a\u017e k&nbsp;obci, ale&nbsp;\nv\u0161echny jejich \u00fatoky byly odra\u017eeny.<\/p>\n\n\n\n<p>Sou\u010dasn\u011b Rusov\u00e9 nastoupili od\nDiv\u00e1k a Hustope\u010d\u00ed za pomoci letectva, a hlavn\u011b ka\u0165u\u0161\u00ed, k&nbsp;\u00fatoku. T\u0159ikr\u00e1t\nm\u011bnily \u0160itbo\u0159ice dr\u017eitele. Nep\u0159etr\u017eit\u00e1 palba nejt\u011b\u017e\u0161\u00edch zbran\u00ed minutu za\nminutou ni\u010dila obec ohn\u011bm a v\u00fdbuchy st\u0159el.<\/p>\n\n\n\n<p>Dne 18. dubna 1945 byl letoun s\u00e9riov\u00e9ho \u010d\u00edsla\n9770, kter\u00fd pilotoval zasa\u017een palbou protivzdu\u0161n\u00e9 obrany nad Telnic\u00ed. O nouzov\u00e9\np\u0159ist\u00e1n\u00ed se pokusil u Div\u00e1ck\u00e9ho ml\u00fdna kde podle pam\u011btn\u00edka Old\u0159icha Gracla\nz&nbsp;Div\u00e1k, ro\u010dn\u00edk 1930, p\u0159ehl\u00e9dl mez a letoun rozbil. \u0160t\u011bst\u00ed v&nbsp;ne\u0161t\u011bst\u00ed\nm\u011bl v&nbsp;tom, \u017ee Div\u00e1ck\u00fd ml\u00fdn ji\u017e byl na rozd\u00edl od samotn\u00e9 obce v&nbsp;dr\u017een\u00ed\nvoj\u00e1k\u016f Rud\u00e9 arm\u00e1dy a po o\u0161et\u0159en\u00ed zran\u011bn\u00ed zp\u016fsoben\u00e9 hav\u00e1ri\u00ed se dne 9. kv\u011btna\n1945 vr\u00e1til ke sv\u00e9 jednotce.<\/p>\n\n\n\n<p>18. dubna&nbsp; se poda\u0159ilo sov\u011btsk\u00fdm jednotk\u00e1m dob\u00fdt tak\u00e9\nO\u0159echov, ale o ji\u017e den pozd\u011bji se jej poda\u0159ilo N\u011bmc\u016fm dob\u00fdt a donutit Sov\u011bty k\n\u00fastupu k Syrovic\u00edm. N\u00e1sledovaly dlouh\u00e9 boje v tomto prostoru, kter\u00e9 vyvrcholily\n24. dubna, kdy se poda\u0159ilo O\u0159echov definitivn\u011b osvobodit. Syrovice slou\u017eily\nb\u011bhem t\u011bchto boj\u016f jako v\u00fdchodisko rusk\u00fdch \u00fatok\u016f. Padlo zde na 1000 sov\u011btsk\u00fdch a&nbsp;300 n\u011bmeck\u00fdch voj\u00e1k\u016f.&nbsp;<\/p>\n\n\n\n<p>19. dubna (ve \u010dtvrtek) hned&nbsp; r\u00e1no Rusov\u00e9 \u00fato\u010d\u00ed od Div\u00e1k a Nikol\u010dic.&nbsp; N\u011bmeck\u00e9 tanky ze \u0160itbo\u0159ic &nbsp;odjely a n\u011bmeck\u00fd odpor spo\u010d\u00edval na jednotk\u00e1ch\nSS a volkssturmu. Rozpoutal se tam boj na \u017eivot a na smrt, mu\u017e proti mu\u017ei.<\/p>\n\n\n\n<p>Do ve\u010dera m\u011bli Rusov\u00e9 v\u011bt\u0161\u00ed\n\u010d\u00e1st \u0160itbo\u0159ic pod kontrolou. Jen doln\u00ed konec a V\u00fdhon je\u0161t\u011b dr\u017eeli N\u011bmci.<\/p>\n\n\n\n<figure class=\"wp-block-image size-large\"><img loading=\"lazy\" decoding=\"async\" width=\"1024\" height=\"341\" src=\"http:\/\/symbivita.cz\/blog\/wp-content\/uploads\/2020\/04\/Dan\u011bk-I-1024x341.png\" alt=\"\" class=\"wp-image-435\" srcset=\"https:\/\/symbivita.cz\/blog\/wp-content\/uploads\/2020\/04\/Dan\u011bk-I-1024x341.png 1024w, https:\/\/symbivita.cz\/blog\/wp-content\/uploads\/2020\/04\/Dan\u011bk-I-300x100.png 300w, https:\/\/symbivita.cz\/blog\/wp-content\/uploads\/2020\/04\/Dan\u011bk-I-768x256.png 768w, https:\/\/symbivita.cz\/blog\/wp-content\/uploads\/2020\/04\/Dan\u011bk-I.png 1208w\" sizes=\"(max-width: 1024px) 100vw, 1024px\" \/><\/figure>\n\n\n\n<p>Pam\u011btn\u00edk pan Anton\u00edn Dan\u011bk ukazuje, kde se obyvatel\u00e9 Nov\u00e9ho Dvora do\u010dasn\u011b, b\u011bhem fronty, schov\u00e1vali.<\/p>\n\n\n\n<figure class=\"wp-block-image size-large\"><img loading=\"lazy\" decoding=\"async\" width=\"1024\" height=\"341\" src=\"http:\/\/symbivita.cz\/blog\/wp-content\/uploads\/2020\/04\/Danek-II-1024x341.jpg\" alt=\"\" class=\"wp-image-436\" srcset=\"https:\/\/symbivita.cz\/blog\/wp-content\/uploads\/2020\/04\/Danek-II-1024x341.jpg 1024w, https:\/\/symbivita.cz\/blog\/wp-content\/uploads\/2020\/04\/Danek-II-300x100.jpg 300w, https:\/\/symbivita.cz\/blog\/wp-content\/uploads\/2020\/04\/Danek-II-768x256.jpg 768w, https:\/\/symbivita.cz\/blog\/wp-content\/uploads\/2020\/04\/Danek-II.jpg 1207w\" sizes=\"(max-width: 1024px) 100vw, 1024px\" \/><\/figure>\n\n\n\n<p>Nov\u00fd Dv\u016fr. V&nbsp;tomto sklep\u011b\nse schov\u00e1valo a\u017e 60 lid\u00ed.<\/p>\n\n\n\n<p>19. dubna byl v Nikol\u010dic\u00edch\nusmrcen st\u0159epinou n\u011bmeck\u00e9 bomby Jan \u017denat\u00fd a t\u011b\u017ece zran\u011bn jeho bratr Josef,\nkter\u00fd pozd\u011bji zran\u011bn\u00ed podlehl. B\u011bhem boj\u016f o Nov\u00fd Dv\u016fr byl usmrcen p\u0159i \u00fat\u011bku\nBed\u0159ich Stra\u0161\u00e1k, zam\u011bstnanec statku Nov\u00fd Dv\u016fr, tesa\u0159 Jan L\u00edzal, t\u00e9\u017e\nz&nbsp;Nov\u00e9ho Dvora. A rusk\u00fdmi dezert\u00e9ry ubit m\u00edstn\u00ed rod\u00e1k Josef Brychta,\n\u017eenat\u00fd v N\u00e1sedlovic\u00edch, proto\u017ee jim necht\u011bl vydat kon\u011b. Je pochov\u00e1n na m\u00edstn\u00edm\nh\u0159bitov\u011b. Pachatel\u00e9 byli zanedlouho dopadeni a na m\u00edst\u011b zast\u0159eleni. O kon\u011b\np\u0159i\u0161la ov\u0161em cel\u00e1 \u0159ada ob\u010dan\u016f. Dostali za n\u011b \u201ezaplaceno\u201c stvrzenkami.<\/p>\n\n\n\n<p>20. dubna se intenzivn\u011b\nbojovalo o Karlov a Rumunskou ba\u017eantnici. N\u011bmci post\u0159\u00edleli ve dvorech dobytek,\nkter\u00fd ji\u017e nesta\u010dili odsunout. Definitivn\u011b padly jejich pozice u&nbsp;Nov\u00e9ho\nDvora. \u201eKa\u0165u\u0161e\u201c( Stalinovy varhany), jak se \u0159\u00edkalo raketov\u00e9 zbrani, ost\u0159elovaly\nmasiv V\u00fdhon u \u017didlochovic.<\/p>\n\n\n\n<p>Dozn\u00edvaly boje o \u0160itbo\u0159ice, cel\u00e1\nves byla osvobozena. N\u011bmci zalo\u017eili n\u011bkolik po\u017e\u00e1r\u016f, ne\u017e ji opustili.<\/p>\n\n\n\n<figure class=\"wp-block-image size-large\"><img loading=\"lazy\" decoding=\"async\" width=\"433\" height=\"474\" src=\"http:\/\/symbivita.cz\/blog\/wp-content\/uploads\/2020\/04\/Tank-\u0160itbo\u0159ice-1945.jpg\" alt=\"\" class=\"wp-image-437\" srcset=\"https:\/\/symbivita.cz\/blog\/wp-content\/uploads\/2020\/04\/Tank-\u0160itbo\u0159ice-1945.jpg 433w, https:\/\/symbivita.cz\/blog\/wp-content\/uploads\/2020\/04\/Tank-\u0160itbo\u0159ice-1945-274x300.jpg 274w\" sizes=\"(max-width: 433px) 100vw, 433px\" \/><\/figure>\n\n\n\n<p>21. dubna byly \u0160itbo\u0159ice\ndefinitivn\u011b svobodn\u00e9. Byl dobyt Karlov a Rumunsk\u00e1 ba\u017eantnice. N\u011bmci se je\u0161t\u011b\npokusili o proti\u00fatok zp\u011bt na \u0160itbo\u0159ice, ale byl odra\u017een soust\u0159ed\u011bnou palbou ze\nsov\u011btsk\u00fdch d\u011bl a ka\u0165u\u0161\u00ed.<\/p>\n\n\n\n<p>\u0160itbo\u0159ick\u00e9&nbsp; boji\u0161t\u011b rozhodlo o p\u00e1du Brna. V&nbsp;pl\u00e1nech\nN\u011bmc\u016f, kter\u00e9 byly uko\u0159ist\u011bny, byly v\u00fd\u0161iny nad vs\u00ed ozna\u010deny \u010dervenou \u010darou s\np\u0159\u00edkazem: \u201eKampf bis zum letzten Mann! Naturfestung von Brunna\u201c. (Boj do\nposledn\u00edho mu\u017ee! P\u0159\u00edrodn\u00ed pevnost p\u0159ed Brnem).<\/p>\n\n\n\n<p>Do K\u0159epic p\u0159ijela nov\u00e1 vojska\nse&nbsp; \u0161t\u00e1bem. Bylo zakop\u00e1no&nbsp; t\u011b\u017ek\u00e9&nbsp;\nrusk\u00e9 d\u011blost\u0159electvo.<\/p>\n\n\n\n<p>22. dubna byly osvobozeny\nT\u011b\u0161any. Do Moutnic dorazily posily z jihov\u00fdchodu a vytla\u010dily voj\u00e1ky wehrmachtu\nz obce sm\u011brem k \u017dat\u010dan\u016fm.<\/p>\n\n\n\n<p>\u0160itbo\u0159ick\u00fd ob\u010dan Pavel S\u00e1\u010dek,\nse nepohodl s rusk\u00fdmi voj\u00e1ky. Ti b\u011bhem jedn\u00e9 noci p\u0159epadli jeho d\u016fm. Jemu se\npoda\u0159ilo ut\u00e9ct, ale jeho syna odvedli a jeho t\u011blo bylo pot\u00e9 nalezeno v potoce u\nNikol\u010dic. (\u0160K)<\/p>\n\n\n\n<p>&nbsp;V noci z 22. na 23. duben za\u010dal leteck\u00fd \u00fatok na&nbsp;<a href=\"https:\/\/cs.wikipedia.org\/wiki\/Brno\">Brno<\/a>.<\/p>\n\n\n\n<p>23.\ndubna p\u0159ij\u00ed\u017ed\u00ed mar\u0161\u00e1l Malinovskij, mj. zav\u00edtal\nna pozorovatelnu 18. gardov\u00e9ho st\u0159eleck\u00e9ho sboru gener\u00e1lporu\u010d\u00edka&nbsp;<a href=\"https:\/\/cs.wikipedia.org\/w\/index.php?title=Ivan_Michajlovi%C4%8D_Afonin&amp;action=edit&amp;redlink=1\">Afonina<\/a>&nbsp;v trati Novosady\nu&nbsp;K\u0159epic. N\u00e1v\u0161t\u011bva prob\u011bhla za p\u0159\u00edsn\u00e9ho utajen\u00ed a vyst\u011bhov\u00e1n\u00ed ob\u010dan\u016f z&nbsp;vesnice\ndo Nikol\u010dic a N\u011bm\u010dic. Odtud dal Malinovskij rozkaz k rozhoduj\u00edc\u00edmu \u00fatoku na&nbsp;<a href=\"https:\/\/cs.wikipedia.org\/wiki\/Brno\">Brno<\/a>.&nbsp;B\u011bhem\nt\u00e9to ud\u00e1losti byl po\u0159\u00edzen filmov\u00fd z\u00e1znam, poprv\u00e9 zve\u0159ejn\u011bn\u00fd v&nbsp;r. 1965.\nP\u0159itom se poda\u0159ilo identifikovat m\u00edsto mar\u0161\u00e1lovy n\u00e1v\u0161t\u011bvy jako vrch \u010certoraj\nv\u00fdchodn\u011b od K\u0159epic.<\/p>\n\n\n\n<p>R\u00e1no 23. dubna dorazil od&nbsp; V\u00eddn\u011b &nbsp;6. gardov\u00fd mechanizovan\u00fd sbor gener\u00e1lporu\u010d\u00edka\ntankov\u00fdch vojsk M. V. Volkova &nbsp;do prostoru\nkolem &nbsp;\u0160itbo\u0159ic a Nikol\u010dic.<\/p>\n\n\n\n<p>Do prostoru K\u0159epic, Nikol\u010dic a\nDiv\u00e1k\u016f byl v&nbsp;linii 6 km soust\u0159ed\u011bno v&nbsp;pr\u016fm\u011bru 150 d\u011bl, raketomet\u016f a\nminomet\u016f na 1 km fronty, co\u017e bylo celkem asi 900 palebn\u00fdch prost\u0159edk\u016f. P\u0159i 15ti\nminutov\u00e9 d\u011blost\u0159eleck\u00e9&nbsp; p\u0159\u00edprav\u011b m\u011bl b\u00fdt\nka\u017ed\u00fd \u010dtvere\u010dn\u00ed metr nep\u0159\u00e1telsk\u00e9 obrany&nbsp;\nzasa\u017een 3 st\u0159elami.<\/p>\n\n\n\n<figure class=\"wp-block-image size-large\"><img loading=\"lazy\" decoding=\"async\" width=\"599\" height=\"344\" src=\"http:\/\/symbivita.cz\/blog\/wp-content\/uploads\/2020\/04\/Malinovskij-I.jpg\" alt=\"\" class=\"wp-image-438\" srcset=\"https:\/\/symbivita.cz\/blog\/wp-content\/uploads\/2020\/04\/Malinovskij-I.jpg 599w, https:\/\/symbivita.cz\/blog\/wp-content\/uploads\/2020\/04\/Malinovskij-I-300x172.jpg 300w\" sizes=\"(max-width: 599px) 100vw, 599px\" \/><\/figure>\n\n\n\n<p>Letoun\u016fm Jak-9 maj\u00edc\u00edm&nbsp;\nza \u00fakol ochranu pozorovatelny v&nbsp;K\u0159epic\u00edch velel gardov\u00fd kapit\u00e1n A.\nF. Plechanov. Se svoj\u00ed letkou krou\u017eil na kostelem K\u0159epic, kdy\u017e z&nbsp;pozemn\u00edch\npozorovac\u00edch stanovi\u0161\u0165 dostal zpr\u00e1vu, \u017ee se k&nbsp;nim od severov\u00fdchodu bl\u00ed\u017e\u00ed\nskupina \u0161estn\u00e1cti letadel FW 190, aby napadla soust\u0159ed\u011bn\u00ed sov\u011btsk\u00fdch vojsk\nv&nbsp;prostoru \u0160itbo\u0159ic a T\u011b\u0161an. Plechanova letka jim&nbsp; okam\u017eit\u011b vylet\u011bla okam\u017eit\u011b naproti.\nK&nbsp;souboji&nbsp; do\u0161lo v&nbsp;prostoru\nNesva\u010dilky a\u017e Moutnic. \u00datok sov\u011btsk\u00fdch letadel donutil n\u011bmeck\u00e1 letadla\nk&nbsp;nouzov\u00e9mu odhozen\u00ed bomb a jejich sestavu rozbil. Jeden stroj FW 190 F\nv\u0161ak st\u00e1le pokra\u010doval v&nbsp;letu k&nbsp;jihu a Plechanov ho za\u010dal\npron\u00e1sledovat. V&nbsp;prostoru pozorovatelny ho napadl a p\u0159ed zraky mar\u0161\u00e1la\nMalinovsk\u00e9ho a jeho doprovodu ho ze vzd\u00e1lenosti 50-70 m sest\u0159elil. N\u011bmeck\u00fd\nletoun se z\u0159\u00edtil u Velk\u00fdch Host\u011br\u00e1dek a jeho pilot zahynul. Druh\u00fd den se\nPlechanov op\u011bt st\u0159etl se skupinou stroj\u016f FW 190 a poda\u0159ilo se mu sest\u0159elit\ndal\u0161\u00ed.<\/p>\n\n\n\n<figure class=\"wp-block-image size-large\"><img loading=\"lazy\" decoding=\"async\" width=\"900\" height=\"400\" src=\"http:\/\/symbivita.cz\/blog\/wp-content\/uploads\/2020\/04\/Malinovskij-II.jpg\" alt=\"\" class=\"wp-image-453\" srcset=\"https:\/\/symbivita.cz\/blog\/wp-content\/uploads\/2020\/04\/Malinovskij-II.jpg 900w, https:\/\/symbivita.cz\/blog\/wp-content\/uploads\/2020\/04\/Malinovskij-II-300x133.jpg 300w, https:\/\/symbivita.cz\/blog\/wp-content\/uploads\/2020\/04\/Malinovskij-II-768x341.jpg 768w\" sizes=\"(max-width: 900px) 100vw, 900px\" \/><\/figure>\n\n\n\n<p>Po odchodu rusk\u00e9 vojensk\u00e9 nemocnice bylo ve \u0161kole\num\u00edst\u011bno propaga\u010dn\u00ed odd\u011blen\u00ed a p\u0159ipravov\u00e1na v\u00fdstava k&nbsp;oslav\u011b 1. kv\u011btna\nv&nbsp;Brn\u011b. Ve \u0161kole byl um\u00edst\u011bn pomocn\u00fd odd\u00edl RA, slo\u017een\u00fd z&nbsp;\u0159emesln\u00edk\u016f.\nTehdy byla \u0161kola ji\u017e p\u0159\u00edstupn\u00e1, a tak za\u010daly \u00faklidov\u00e9 a oprav\u00e1\u0159sk\u00e9\npr\u00e1ce. Okna byla rozbit\u00e1, st\u0159echa po\u0161kozen\u00e1, vnit\u0159n\u00ed vybaven\u00ed \u0161koly na tom bylo\nh\u016f\u0159. \u00daklid trval do konce kv\u011btna, kdy se ji\u017e mohlo&nbsp;zah\u00e1jit vyu\u010dov\u00e1n\u00ed.<\/p>\n\n\n\n<p>Rud\u00e1 arm\u00e1da p\u0159ipravovala\noperaci k&nbsp;osvobozen\u00ed Brna, a tu musela zabezpe\u010dit i materi\u00e1ln\u011b. Proto byla\nna\u0159\u00edzena jednak pracovn\u00ed povinnost p\u0159i pochov\u00e1v\u00e1n\u00ed padl\u00fdch (jak rusk\u00fdch, tak\nn\u011bmeck\u00fdch) voj\u00e1k\u016f, zakop\u00e1v\u00e1n\u00ed uhynul\u00fdch zv\u00ed\u0159at a p\u0159i v\u00fdstavb\u011b poln\u00edho leti\u0161t\u011b u\nNov\u00e9ho Dvora a za druh\u00e9 povinnost p\u0159epravn\u00ed. Kon\u011b byli v\u011bt\u0161inou zrekv\u00edrov\u00e1ni\nob\u011bma stranami, proto museli tento \u00fakol plnit \u201ekrav\u00e1ci\u201c.<\/p>\n\n\n\n<p>20. dubna byla vytvo\u0159ena kolona asi 20 povoz\u016f (p\u0159esn\u00fd po\u010det\nnebylo mo\u017eno zjistit). Povozy byly nalo\u017eeny po t\u0159ech sudech benz\u00ednu a bednami\ns&nbsp;munic\u00ed. Kolona vyrazila po trase: Nov\u00fd Dv\u016fr, Moutnice, Roz\u00e1\u0159\u00edn a d\u00e1l\npoln\u00ed cestou do \u017dat\u010dan. Pod\u00e9l cesty le\u017eeli padl\u00ed voj\u00e1ci a v bl\u00edzkosti bylo\npalebn\u00e9 postaven\u00ed d\u011blost\u0159electva (podle tehdej\u0161\u00edch norem bylo toto postaven\u00ed\nv&nbsp;hloubce do 6 km od \u010d\u00e1ry dotyku vojsk). Kolona tedy proj\u00ed\u017ed\u011bla prvn\u00ed\nlini\u00ed, p\u00e1r kilometr\u016f vojsk. Kdy\u017e dojeli do \u017dat\u010dan, byla kolona soust\u0159ed\u011bna na\nh\u0159i\u0161ti. V\u0161ichni doufali, \u017ee zde kon\u010d\u00ed, ale po p\u016flhodinov\u00e9 p\u0159est\u00e1vce se\npokra\u010dovalo poln\u00ed cestou do Sokolnic, zde jela pod\u00e9l zdi z\u00e1meck\u00e9 zahrady a byl\nna ni proveden n\u00e1let n\u011bmeck\u00e9ho letectva; t\u0159i lid\u00e9 zran\u011bni a dva povozy rozbity (loukot\u011b\nkol). Po n\u00e1letu byl materi\u00e1l p\u0159elo\u017een na druh\u00e9 vozy a jelo se d\u00e1l. P\u0159i n\u00e1letu\nse ka\u017ed\u00fd kryl, jak mohl, \u00fat\u011bkem do pol\u00ed, p\u0159\u00edkop\u016f, pod m\u016fstky. Po n\u00e1letu\nodm\u00edtali jet d\u00e1l, ale pod hrozbou zbran\u00ed byli nuceni pokra\u010dovat do Kobylnic,\nkde je zastihl dal\u0161\u00ed n\u00e1let, ale nedo\u0161lo k&nbsp;\u017e\u00e1dn\u00e9mu zran\u011bn\u00ed. Situace\ns&nbsp;kryt\u00edm se tu opakovala jako v&nbsp;Sokolnic\u00edch. Kone\u010dn\u011b dorazili do\n\u0160lapanic, kde bylo tak velk\u00e9 soust\u0159ed\u011bn\u00ed sil a prost\u0159edk\u016f, \u017ee na\u0161e kolona byla\nvytla\u010dena ke zdem dom\u016f, ale to nepomohlo, proto\u017ee nikdo nemohl tam ani zp\u011bt.\nNakonec v&nbsp;tom ud\u011blal po\u0159\u00e1dek d\u016fstojn\u00edk na koni s&nbsp;nahajkou v&nbsp;ruce\na kolona pokra\u010dovala d\u00e1le k&nbsp;m\u00edstu vylo\u017een\u00ed. Po vylo\u017een\u00ed byla soust\u0159ed\u011bna\nna dvo\u0159e statku. Aby nemohla odjet, byl do br\u00e1ny postaven tank. To znamenalo,\n\u017ee se bude pokra\u010dovat d\u00e1l. (N\u011bkte\u0159\u00ed \u00fa\u010dastn\u00edci potvrdili, \u017ee \u010d\u00e1st pokra\u010dovala a\u017e\ndo \u00dajezdu.)<\/p>\n\n\n\n<p>Poda\u0159ilo se p\u0159emluvit hl\u00eddku, ta tank odstranila a vyrazili\nk&nbsp;domovu. Kr\u00e1tce se zastavili v&nbsp;T\u0159ebomyslic\u00edch (dnes \u010d\u00e1st \u017dat\u010dan)\nk&nbsp;odpo\u010dinku a krmen\u00ed. Pak pokra\u010dovali i p\u0159es pole sm\u011brem na Nov\u00fd Dv\u016fr. Po\np\u0159\u00edjezdu je \u010dekalo nemil\u00e9 p\u0159ekvapen\u00ed; st\u00e1li p\u0159ed vlastn\u00edm domem, a nebyli\nvpu\u0161t\u011bni dom\u016f str\u00e1\u017en\u00edmi, proto\u017ee se jednotky vym\u011bnily a str\u00e1\u017en\u00ed je neznali. Vysv\u011btlov\u00e1n\u00ed\ntrvalo asi hodinu, ne\u017e byli po p\u00e1t\u00e9 rann\u00ed 21. 4. vpu\u0161t\u011bni dom\u016f. Kolonu hl\u00eddali\nt\u0159i str\u00e1\u017en\u00ed, jeden na koni a dva na vozech. P\u0159\u00edm\u00fdch \u00fa\u010dastn\u00edk\u016f t\u00e9to anab\u00e1ze se\npoda\u0159ilo zjistit jen p\u00e1r: Old\u0159ich Ot\u0159\u00edsal z \u010d. 35, Josef Solni\u010dka, Josef Ne\u010das z\n\u010d. 37, Vojt\u011bch Jel\u00ednek z \u010d. 167, Rudolf Ne\u010das, Fr. Jel\u00ednek z \u010d. 218, Josef\nVedra a Josef Mat\u00fd\u0161ek z \u010d. 23.<\/p>\n\n\n\n<p>22. dubna byla sestavena ze zbytk\u016f kon\u00ed a voz\u016f z cel\u00e9\nd\u011bdiny druh\u00e1 kolona \u201eko\u0148\u00e1k\u016f\u201c v&nbsp;po\u010dtu 6 potah\u016f. Vyrazila po osm\u00e9 r\u00e1no do\nHustope\u010d\u00ed, kde ji\u017e bylo 25 potah\u016f z&nbsp;okoln\u00edch obc\u00ed. Nalo\u017eili potraviny, cukr,\ntab\u00e1k, k\u016f\u017ee, v\u00edno v&nbsp;dom\u011b u Synk\u016f a jeli silnic\u00ed do \u017didlochovic a Blu\u010diny,\nkde p\u0159enocovali. P\u0159es M\u011bn\u00edn, Slavkov dojeli o p\u016flnoci 24. 4. do Vy\u0161kova a do\nr\u00e1na n\u00e1klad vylo\u017eili. Zp\u011bt jeli p\u0159es Slavkov (se zast\u00e1vkou na krmen\u00ed a ob\u011bd)\nkolem St\u0159\u00edbrn\u00e9 koule a T\u011b\u0161an. Dom\u016f dojeli&nbsp;pozd\u011b ve\u010der 25. dubna. Jak\nzn\u00e1mo, vezlo se i v\u00edno, a tak bylo cestou veselo a v&nbsp;Nosislavi se zp\u00edvalo\nna cel\u00e9 kolo. P\u0159\u00edm\u00fdmi \u00fa\u010dastn\u00edky byli Stanislav Rouzek, Karel \u0160t\u011brba, Josef\nMat\u00fd\u0161ek z \u010d. 8 a Fr. Strouhal z \u010d. 56.<\/p>\n\n\n\n<p>Povinnost\u00ed bylo pasen\u00ed a hnan\u00ed st\u00e1da za postupuj\u00edc\u00edmi\nvojsky. P\u0159\u00edm\u00ed \u00fa\u010dastn\u00edci nejsou zji\u0161t\u011bni. Z&nbsp;doslechu pr\u00fd ti, kte\u0159\u00ed\nk&nbsp;tomu byli donuceni (v\u011bt\u0161inou mlad\u00edci od Nov\u00e9ho Dvora), se skryli do\nkuku\u0159ice a vr\u00e1tili se dom\u016f. St\u00e1do se p\u00e1slo v&nbsp;Put\u0148\u00e1ch, kde je dnes meru\u0148kov\u00fd\nsad.<\/p>\n\n\n\n<p>24. dubna byly osvobozeny obce v\nt\u011bsn\u00e9 bl\u00edzkosti ji\u017en\u011b od&nbsp;<a href=\"https:\/\/cs.wikipedia.org\/wiki\/Brno\">Brna<\/a>. <\/p>\n\n\n\n<p>25. dubna vnikla&nbsp;<a href=\"https:\/\/cs.wikipedia.org\/wiki\/Rud%C3%A1_arm%C3%A1da\">Rud\u00e1 arm\u00e1da<\/a>&nbsp;do\nbrn\u011bnsk\u00fdch p\u0159edm\u011bst\u00ed. M\u011bsto&nbsp;<a href=\"https:\/\/cs.wikipedia.org\/wiki\/Brno\">Brno<\/a>&nbsp;bylo osvobozeno&nbsp;<a href=\"https:\/\/cs.wikipedia.org\/wiki\/26._duben\">26. dubna<\/a>&nbsp;<a href=\"https:\/\/cs.wikipedia.org\/wiki\/1945\">1945<\/a>.&nbsp;<\/p>\n\n\n\n<figure class=\"wp-block-image size-large\"><img loading=\"lazy\" decoding=\"async\" width=\"283\" height=\"189\" src=\"http:\/\/symbivita.cz\/blog\/wp-content\/uploads\/2020\/04\/P\u0159\u00edjezd-RA-do-Brna.png\" alt=\"\" class=\"wp-image-439\"\/><\/figure>\n\n\n\n<p>Na obr\u00e1zku jsou tanky RA americk\u00e9 v\u00fdroby&nbsp;<a href=\"https:\/\/cs.wikipedia.org\/wiki\/M4_Sherman\">M4 Sherman<\/a>&nbsp;v\nK\u0159enov\u00e9 ulici v Brn\u011b v dubnu 1945.<\/p>\n\n\n\n<p><a>26.\ndubna se st\u011bhovala vojska RA sm\u011brem na Sokolnice.<\/a><\/p>\n\n\n\n<p>27. dubna\npokra\u010duje budov\u00e1n\u00ed leti\u0161t\u011b. Lid\u00e9 k\u00e1celi borovice v&nbsp;Rumunsk\u00e9 ba\u017eantnici na\np\u0159ekr\u00fdv\u00e1n\u00ed kan\u00e1lu na leti\u0161ti. Poln\u00ed leti\u0161t\u011b slou\u017eilo do konce v\u00e1lky.<\/p>\n\n\n\n<figure class=\"wp-block-image size-large\"><img loading=\"lazy\" decoding=\"async\" width=\"597\" height=\"398\" src=\"http:\/\/symbivita.cz\/blog\/wp-content\/uploads\/2020\/04\/Poln\u00ed-leti\u0161t\u011b.jpg\" alt=\"\" class=\"wp-image-441\" srcset=\"https:\/\/symbivita.cz\/blog\/wp-content\/uploads\/2020\/04\/Poln\u00ed-leti\u0161t\u011b.jpg 597w, https:\/\/symbivita.cz\/blog\/wp-content\/uploads\/2020\/04\/Poln\u00ed-leti\u0161t\u011b-300x200.jpg 300w\" sizes=\"(max-width: 597px) 100vw, 597px\" \/><\/figure>\n\n\n\n<p>2019: Sn\u00edmek ukazuje, kde bylo\npoln\u00ed leti\u0161t\u011b.<\/p>\n\n\n\n<p>Sov\u011bt\u0161t\u00ed letci, kte\u0159\u00ed slou\u017eili\nna leti\u0161ti u Nov\u00fdch Dvor\u016f &nbsp;bydleli je\u0161t\u011b\nasi \u010dty\u0159i m\u011bs\u00edce po osvobozen\u00ed po rodin\u00e1ch v Nosislavi. V srpnu 1945 byli\nodveleni do vlasti.<\/p>\n\n\n\n<p><a>29.\ndubna je\u0161t\u011b N\u011bmci bombardovali N\u011bm\u010dice. <\/a><\/p>\n\n\n\n<p>30. dubna <a href=\"https:\/\/cs.wikipedia.org\/wiki\/Adolf_Hitler\">A. Hitler<\/a>&nbsp;p\u00e1ch\u00e1\nv&nbsp;Berl\u00edn\u011b&nbsp;sebevra\u017edu. <\/p>\n\n\n\n<p>U n\u00e1s na\nvsi za\u010dal pracovat revolu\u010dn\u00ed n\u00e1rodn\u00ed v\u00fdbor. Sch\u016fze m\u011bl v&nbsp;byt\u011b Fr.\nHrube\u0161e, nebo\u0165 na radnici byla um\u00edst\u011bna telefonn\u00ed \u00fast\u0159edna.<\/p>\n\n\n\n<p>Koncem\ndubna se p\u0159es ves p\u0159esouvala mechanizovan\u00e1 divize RA do Pavlovsk\u00fdch vrch\u016f;\np\u0159esun trval 24 hodin. Jejich \u00fakolem bylo zlikvidovat n\u011bkolik zbyl\u00fdch a\nzfanatizovan\u00fdch SS skupin. &nbsp;V&nbsp;obci zbyli\ntelefonist\u00e9, posledn\u00ed dva byli ubytov\u00e1ni u Josefa Hlav\u00e1\u010dka. Vzpom\u00ednky na p\u016flnoc\n24. dubna popisuje tehdy 10- let\u00fd Jan Koutn\u00fd v&nbsp;Nikol\u010dick\u00e9 \u010d\u00edtance, str. 41\nv&nbsp;\u010dl\u00e1nku Na horn\u00edm konci. A R\u016f\u017eena Ne\u010dasov\u00e1 vzpom\u00edn\u00e1 v&nbsp;\u010dl\u00e1nku Na\ndoln\u00edm konci na str. 43.<\/p>\n\n\n\n<p>30.\ndubna nav\u00e1zali \u010dlenov\u00e9 revolu\u010dn\u00edho v\u00fdboru Ant. Stejskal a Rudolf Kol\u00ednsk\u00fd styk\ns&nbsp;ONV v&nbsp;\u017didlochovic\u00edch.<\/p>\n\n\n\n<p>3. kv\u011btna\nbyla obnovena funkce kancel\u00e1\u0159e obecn\u00edho v\u00fdboru (RNV). \u010clenov\u00e9 v\u00fdboru: Karel\nKrafka, Ant. Stejskal, \u0158eho\u0159 Ne\u010das, Jarom\u00edr Ne\u010das, Fr. Stejskal, Josef Kone\u010dn\u00fd,\nAnt. Hany\u00e1\u0161, Rudolf Kol\u00ednsk\u00fd a Jaroslav Ne\u010das. Rozd\u011blen\u00ed funkc\u00ed: Hospod\u00e1\u0159sk\u00e9\npr\u00e1ce: Josef Slov\u00e1\u010dek, byty: Rudolf Kol\u00ednsk\u00fd, po\u0161kozen\u00e9 domy: Ant. Stejskal, bezpe\u010dnost:\nJind\u0159ich Mik\u00e1\u010d, \u00fa\u0159edn\u00ed s\u00edly: Fr. Hrube\u0161, Jaroslav Ne\u010das.<\/p>\n\n\n\n<p><a>Za\u010d\u00e1tky\nbyly velmi t\u011b\u017ek\u00e9, v\u0161echny doklady b\u011bhem fronty zmizely. Nejprve byl po\u0159\u00edzen\nsoupis pracovn\u00edch sil, vyhl\u00e1\u0161ena pracovn\u00ed povinnost, zji\u0161t\u011bn stav dobytka, voz\u016f,\npostroj\u016f, zrevidov\u00e1ny z\u00e1soby obchodn\u00edk\u016f, v\u00fdp\u016fj\u010dkami byl z\u00edsk\u00e1n materi\u00e1l na opravu\npo\u0161kozen\u00fdch dom\u016f.<\/a><\/p>\n\n\n\n<p>2. kv\u011btna\nza\u010daly opravy domu Anton\u00edna Stejskala.<\/p>\n\n\n\n<p>3.\nkv\u011btna se op\u011bt za\u010dala \u0161\u00ed\u0159it slintavka a kulhavka.<\/p>\n\n\n\n<p>4. kv\u011btna\nza\u010dalo pochov\u00e1v\u00e1n\u00ed padl\u00fdch sov\u011btsk\u00fdch voj\u00e1k\u016f a zahrab\u00e1v\u00e1n\u00ed mrtv\u00e9ho dobytka z\nNov\u00e9ho Dvora a Karlova. <\/p>\n\n\n\n<figure class=\"wp-block-image size-large\"><img loading=\"lazy\" decoding=\"async\" width=\"603\" height=\"398\" src=\"http:\/\/symbivita.cz\/blog\/wp-content\/uploads\/2020\/04\/Poh\u0159ebi\u0161t\u011b.jpg\" alt=\"\" class=\"wp-image-442\" srcset=\"https:\/\/symbivita.cz\/blog\/wp-content\/uploads\/2020\/04\/Poh\u0159ebi\u0161t\u011b.jpg 603w, https:\/\/symbivita.cz\/blog\/wp-content\/uploads\/2020\/04\/Poh\u0159ebi\u0161t\u011b-300x198.jpg 300w\" sizes=\"(max-width: 603px) 100vw, 603px\" \/><\/figure>\n\n\n\n<p>Nov\u00fd Dv\u016fr: Toto je m\u00edsto\nspole\u010dn\u00e9ho hrobu (foceno 2019).<\/p>\n\n\n\n<p><a>Tento\nden pro\u0161el obc\u00ed transport n\u011bmeck\u00fdch zajatc\u016f sm\u011brem na Hustope\u010de: vyhladov\u011bl\u00fdch\na otrhan\u00fdch kluk\u016f sotva \u0161kole odrostl\u00fdch, ale i sta\u0159\u00edk\u016f, na n\u011b\u017e byl \u017ealostn\u00fd\npohled. Byli prov\u00e1zeni t\u0159emi koz\u00e1ky na kon\u00edch. Nechali zde jednoho star\u0161\u00edho\nzajatce z V\u00eddn\u011b, trp\u00edc\u00edho nervovou chorobou. Byl dopraven do vojensk\u00e9 nemocnice\nv&nbsp;Hustope\u010d\u00edch.<\/a><\/p>\n\n\n\n<figure class=\"wp-block-image size-large\"><img loading=\"lazy\" decoding=\"async\" width=\"458\" height=\"320\" src=\"http:\/\/symbivita.cz\/blog\/wp-content\/uploads\/2020\/04\/Pochod-zajatc\u016f-Nosislav.jpg\" alt=\"\" class=\"wp-image-443\" srcset=\"https:\/\/symbivita.cz\/blog\/wp-content\/uploads\/2020\/04\/Pochod-zajatc\u016f-Nosislav.jpg 458w, https:\/\/symbivita.cz\/blog\/wp-content\/uploads\/2020\/04\/Pochod-zajatc\u016f-Nosislav-300x210.jpg 300w\" sizes=\"(max-width: 458px) 100vw, 458px\" \/><\/figure>\n\n\n\n<p>5. kv\u011btna\nza\u010d\u00edn\u00e1 v Praze&nbsp;<a href=\"https:\/\/cs.wikipedia.org\/wiki\/Pra%C5%BEsk%C3%A9_povst%C3%A1n%C3%AD\">povst\u00e1n\u00ed<\/a>&nbsp;proti n\u011bmeck\u00e9 okupaci. P\u0159\u00edslu\u0161n\u00edci&nbsp;<a href=\"https:\/\/cs.wikipedia.org\/wiki\/Schutzstaffel\">SS<\/a>&nbsp;vyhladili\nobec&nbsp;<a href=\"https:\/\/cs.wikipedia.org\/wiki\/Javo%C5%99%C3%AD%C4%8Dko_(Luk%C3%A1)\">Javo\u0159\u00ed\u010dko<\/a>, Ameri\u010dan\u00e9 osvobodili Doma\u017elice.<\/p>\n\n\n\n<p>6.\nkv\u011btna osvobodily jednotky americk\u00e9 arm\u00e1dy Plze\u0148.<\/p>\n\n\n\n<p><a href=\"https:\/\/cs.wikipedia.org\/wiki\/8._kv%C4%9Bten\"><strong>8. kv\u011btna<\/strong><\/a><strong>&nbsp;\u2013 konec&nbsp;<\/strong><a href=\"https:\/\/cs.wikipedia.org\/wiki\/Druh%C3%A1_sv%C4%9Btov%C3%A1_v%C3%A1lka\"><strong>druh\u00e9 sv\u011btov\u00e9 v\u00e1lky<\/strong><\/a><strong>&nbsp;v Evrop\u011b.<\/strong><\/p>\n\n\n\n<p>Na vojensk\u00e9m h\u0159bitov\u011b v Hustope\u010d\u00edch je pochov\u00e1no 1 882\nrudoarm\u011bjc\u016f, v Hodon\u00edn\u011b 1 489 a v Brn\u011b 3 648 na\u0161ich osvoboditel\u016f.<\/p>\n\n\n\n<figure class=\"wp-block-image size-large\"><img loading=\"lazy\" decoding=\"async\" width=\"726\" height=\"479\" src=\"http:\/\/symbivita.cz\/blog\/wp-content\/uploads\/2020\/04\/Hustope\u010de-hroby-II.jpg\" alt=\"\" class=\"wp-image-444\" srcset=\"https:\/\/symbivita.cz\/blog\/wp-content\/uploads\/2020\/04\/Hustope\u010de-hroby-II.jpg 726w, https:\/\/symbivita.cz\/blog\/wp-content\/uploads\/2020\/04\/Hustope\u010de-hroby-II-300x198.jpg 300w\" sizes=\"(max-width: 726px) 100vw, 726px\" \/><\/figure>\n\n\n\n<p>U n\u00e1s byl na\u0159\u00edzen sb\u011br n\u011bmeck\u00fdch pen\u011bz, celkem bylo odevzd\u00e1no 56&nbsp;843 marek, tj. 568 640 korun; to pr\u00fd nebylo moc, proto\u017ee okoln\u00ed vesnice odevzdaly \u00fadajn\u011b t\u0159ikr\u00e1t v\u00edce. <\/p>\n\n\n\n<p> <a href=\"https:\/\/cs.wikipedia.org\/wiki\/9._kv%C4%9Bten\">9. kv\u011btna<\/a>&nbsp;pronikly tankov\u00e9 jednotky&nbsp;<a href=\"https:\/\/cs.wikipedia.org\/wiki\/Rud%C3%A1_arm%C3%A1da\">Rud\u00e9 arm\u00e1dy<\/a> do&nbsp;<a href=\"https:\/\/cs.wikipedia.org\/wiki\/Praha\">Prahy<\/a> (do 1990 st\u00e1tn\u00ed sv\u00e1tek). Na \u017e\u00e1dost Stalina byla podeps\u00e1na kapitulace N\u011bmecka znovu v&nbsp;Berl\u00edn\u011b. (R. 1990 vystoupil tehdej\u0161\u00ed poslanec Milo\u0161 Zeman s n\u00e1vrhem p\u0159esunout datum sv\u00e1tku &#8211; Den osvobozen\u00ed od fa\u0161ismu &#8211; na 8. kv\u011bten, aby v n\u011bm byli obsa\u017eeni v\u0161ichni osvoboditel\u00e9.)<\/p>\n\n\n\n<figure class=\"wp-block-image size-large\"><img loading=\"lazy\" decoding=\"async\" width=\"1024\" height=\"768\" src=\"http:\/\/symbivita.cz\/blog\/wp-content\/uploads\/2020\/04\/Kobyl\u00ed-9.-5.1945-1024x768.jpg\" alt=\"\" class=\"wp-image-452\" srcset=\"https:\/\/symbivita.cz\/blog\/wp-content\/uploads\/2020\/04\/Kobyl\u00ed-9.-5.1945-1024x768.jpg 1024w, https:\/\/symbivita.cz\/blog\/wp-content\/uploads\/2020\/04\/Kobyl\u00ed-9.-5.1945-300x225.jpg 300w, https:\/\/symbivita.cz\/blog\/wp-content\/uploads\/2020\/04\/Kobyl\u00ed-9.-5.1945-768x576.jpg 768w, https:\/\/symbivita.cz\/blog\/wp-content\/uploads\/2020\/04\/Kobyl\u00ed-9.-5.1945-1536x1152.jpg 1536w, https:\/\/symbivita.cz\/blog\/wp-content\/uploads\/2020\/04\/Kobyl\u00ed-9.-5.1945.jpg 1678w\" sizes=\"(max-width: 1024px) 100vw, 1024px\" \/><\/figure>\n\n\n\n<p>Obr\u00e1zek zachytil oslavu 9.kv\u011btna v Kobyl\u00ed<\/p>\n\n\n\n<p><a>10. kv\u011btna se konaly bohoslu\u017eby v&nbsp;obou kostel\u00edch a potom pro\u0161el\npr\u016fvod k&nbsp;radnici, kde m\u011bl p\u0159edseda RNV projev. Pak zazn\u011bla st\u00e1tn\u00ed hymna a\nodpoledne se konala lidov\u00e1 veselice.<\/a><\/p>\n\n\n\n<p>12. kv\u011btna se vzdal sv\u00e9 funkce p\u0159edsedy RNV\nKarel Krafka a nastoupil m\u00edsto okresn\u00edho \u0161koln\u00edho inspektora\nv&nbsp;Hustope\u010d\u00edch. Proto byla uspo\u0159\u00e1d\u00e1na\nve\u0159ejn\u00e1 sch\u016fze v&nbsp;s\u00e1le radnice a funkc\u00ed p\u0159edsedy byl pov\u011b\u0159en Anton\u00edn\nStejskal, student.<\/p>\n\n\n\n<p>13. kv\u011btna byl proveden pron\u00e1jem 430 m\u011b\u0159ic\np\u016fdy u Nov\u00e9ho Dvora.<\/p>\n\n\n\n<p>Rozhodovalo se, kde bude s\u00eddlo okresu, a to\nmezi star\u00fdm okresem Brno venkov, \u017didlochovicemi a Hustope\u010demi.<\/p>\n\n\n\n<p>22. kv\u011btna\nbyl v\u00fdbor roz\u0161\u00ed\u0159en na 18 \u010dlen\u016f:<\/p>\n\n\n\n<p>Strana\nkomunistick\u00e1: Ant. Stejskal, Ant. Vintrl\u00edk, V\u00e1clav Hany\u00e1\u0161, Josef Bab\u00e1\u010dek, Josef\nTesa\u0159.<\/p>\n\n\n\n<p>Strana\nsoci\u00e1ln\u011b demokratick\u00e1: Rudolf Kol\u00ednsk\u00fd, Rudolf Ne\u010das, Franti\u0161ek Hlav\u00e1\u010dek,\nFranti\u0161ek Dosoudil.<\/p>\n\n\n\n<p>Strana\nn\u00e1rodn\u011b socialistick\u00e1: \u0158eho\u0159 Ne\u010das, Fr. \u010capka, Josef Klob\u00e1sa, Vil\u00e9m Pivec.<\/p>\n\n\n\n<p>Strana\nlidov\u00e1: Ant. Hany\u00e1\u0161, Josef Kone\u010dn\u00fd, Fr. Byst\u0159ick\u00fd, Martin B\u00edlek, Pavel Kone\u010dn\u00fd.<\/p>\n\n\n\n<p>M\u00edstop\u0159edsedou\nbyl zvolen Vil\u00e9m Pivec.<\/p>\n\n\n\n<p>Do\nv\u00fdboru MNV byli zvoleni Ant. Hany\u00e1\u0161, Rudolf Kol\u00ednsk\u00fd, Ant. Vintrl\u00edk a \u0158eho\u0159\nNe\u010das. Pokladn\u00edk: Fr. \u010capka. N\u00e1sledovalo rozd\u011blen\u00ed na 5 sektor\u016f: z\u00e1sobovac\u00ed, hospod\u00e1\u0159sk\u00fd,\npolicejn\u00ed, stavebn\u00ed a trestn\u00ed.<\/p>\n\n\n\n<p>Tent\u00fd\u017e\nden p\u0159i\u0161li \u017e\u00e1ci a u\u010ditelsk\u00fd sbor k&nbsp;radnici, kde prob\u011bhly oslavy. Po\nprojevu ode\u0161el pr\u016fvod ke kostelu. Tam byly na hroby padl\u00fdch hrdin\u016f RA polo\u017eeny\nv\u011bnce. Pietn\u00ed akt byl zakon\u010den st\u00e1tn\u00edmi hymnami.<\/p>\n\n\n\n<p><a>23.\nkv\u011btna byly vyv\u011b\u0161eny mobiliza\u010dn\u00ed vyhl\u00e1\u0161ky.<\/a><\/p>\n\n\n\n<p>26. kv\u011btna\nodstoupil dosavadn\u00ed p\u0159edseda a jeho funkci p\u0159evzal Vil\u00e9m Pivec. Na m\u00edsto\nm\u00edstop\u0159edsedy&nbsp; nastoupil Anton\u00edn Hany\u00e1\u0161.<\/p>\n\n\n\n<p>28.\nkv\u011btna bylo \u0161koln\u00ed vyu\u010dov\u00e1n\u00ed zah\u00e1jeno oslavou 61. narozenin prezidenta Bene\u0161e.\n\u017d\u00e1ci se rozlou\u010dili s&nbsp;b\u00fdval\u00fdm \u0159editelem Krafkou, odch\u00e1zej\u00edc\u00edm do Hustope\u010d\u00ed.<\/p>\n\n\n\n<p>Byli\nustanoveni u\u010ditel\u00e9: Jan Janou\u0161ek, Jan Denemarek, Stanislav Vrbka, Jaroslav\nSladk\u00fd. Zat\u00edmn\u00edm spr\u00e1vcem \u0161koly byl ustanoven Rudolf Kol\u00ednsk\u00fd.<\/p>\n\n\n\n<p>31.\nkv\u011btna byl odmontov\u00e1n po\u0161kozen\u00fd transform\u00e1tor a odvezen do Brna.<\/p>\n\n\n\n<p>Kronik\u00e1\u0159\nk&nbsp;t\u011bmto dn\u016fm p\u00ed\u0161e: Bylo ud\u011bl\u00e1no ve vz\u00e1jemn\u00e9 shod\u011b mnoho d\u016fkladn\u00e9 pr\u00e1ce;\nnejv\u00edce obt\u00ed\u017e\u00ed p\u016fsobilo odstra\u0148ov\u00e1n\u00ed \u201estar\u00fdch h\u0159\u00edch\u016f\u201c! Z&nbsp;doby nesvobody,\nhlavn\u011b finan\u010dn\u00edho r\u00e1zu. Nebylo doklad\u016f a bylo nutno r\u016fzn\u00e9 ot\u00e1zky \u0159e\u0161iti na\nz\u00e1klad\u011b sv\u011bdeck\u00fdch v\u00fdpov\u011bd\u00ed.<\/p>\n\n\n\n<p>6. \u010dervence bylo t\u0159\u00eddn\u00edmi u\u010diteli\nvzpomenuto pam\u00e1tky Mistra Jana Husa.<\/p>\n\n\n\n<p>12. \u010dervence byl \u0161koln\u00ed rok\nukon\u010den.<\/p>\n\n\n\n<p><a>V&nbsp;\u010dervenci se do vsi vr\u00e1til rotn\u00fd Jaroslav\nJel\u00ednek z&nbsp;\u010d. 7, rod\u00e1k z&nbsp;Nikol\u010dic. Jeho cesta v&nbsp;zahrani\u010dn\u00edm\nodboji je pops\u00e1na v&nbsp;Nikol\u010dick\u00e9 \u010d\u00edtance II, str. 47.<\/a><\/p>\n\n\n\n<p><a href=\"https:\/\/cs.wikipedia.org\/wiki\/9._srpen\">9. srpna<\/a>&nbsp;\u2013\nSpojen\u00e9 st\u00e1ty shazuj\u00ed&nbsp;<a href=\"https:\/\/cs.wikipedia.org\/wiki\/Plutonium\">plutoniovou<\/a>&nbsp;<a href=\"https:\/\/cs.wikipedia.org\/wiki\/Jadern%C3%A1_zbra%C5%88\">atomovou bombu<\/a>&nbsp;\u201eFat Man\u201c na m\u011bsto Nagasaki v\n23:02 m\u00edstn\u00edho \u010dasu, odpov\u00eddaj\u00edc\u00ed s\u00edle 22 kilotun TNT. Pravd\u011bpodobn\u011b bylo\nzabito 60 a\u017e 80 tis\u00edc lid\u00ed, dal\u0161\u00edch 60 tis\u00edc zran\u011bno.<\/p>\n\n\n\n<p>10. srpna vypukly oslavy, kdy\u017e se lid\u00e9 dov\u011bd\u011bli, \u017ee je v\u00e1lka ukon\u010dena\nzcela.<\/p>\n\n\n\n<figure class=\"wp-block-image size-large\"><img loading=\"lazy\" decoding=\"async\" width=\"491\" height=\"329\" src=\"http:\/\/symbivita.cz\/blog\/wp-content\/uploads\/2020\/04\/Pomn\u00edk-na-h\u0159bitov\u011b.jpg\" alt=\"\" class=\"wp-image-451\" srcset=\"https:\/\/symbivita.cz\/blog\/wp-content\/uploads\/2020\/04\/Pomn\u00edk-na-h\u0159bitov\u011b.jpg 491w, https:\/\/symbivita.cz\/blog\/wp-content\/uploads\/2020\/04\/Pomn\u00edk-na-h\u0159bitov\u011b-300x201.jpg 300w\" sizes=\"(max-width: 491px) 100vw, 491px\" \/><\/figure>\n\n\n\n<p> &nbsp;Na m\u00edstn\u00edm h\u0159bitov\u011b je dnes tento skromn\u00fd&nbsp; pam\u00e1tn\u00edk v\u011bnovan\u00fd civiln\u00edm ob\u011btem II. sv. v\u00e1lky. <\/p>\n\n\n\n<p>18. \u0159\u00edjna byl zah\u00e1jen mezin\u00e1rodn\u00ed\nvojensk\u00fd tribun\u00e1l zvan\u00fd&nbsp;<a href=\"https:\/\/cs.wikipedia.org\/wiki\/Norimbersk%C3%BD_proces\">Norimbersk\u00fd proces<\/a>.<\/p>\n\n\n\n<p>B\u011bhem\nbojov\u00fdch akc\u00ed byl zni\u010den velkostatek Karlov, kter\u00fd pak u\u017e nebyl obnoven. <\/p>\n\n\n\n<figure class=\"wp-block-image size-large\"><img loading=\"lazy\" decoding=\"async\" width=\"1024\" height=\"448\" src=\"http:\/\/symbivita.cz\/blog\/wp-content\/uploads\/2020\/04\/kARLOV-NA-STAR\u00c9-MAP\u011a-1024x448.png\" alt=\"\" class=\"wp-image-445\" srcset=\"https:\/\/symbivita.cz\/blog\/wp-content\/uploads\/2020\/04\/kARLOV-NA-STAR\u00c9-MAP\u011a-1024x448.png 1024w, https:\/\/symbivita.cz\/blog\/wp-content\/uploads\/2020\/04\/kARLOV-NA-STAR\u00c9-MAP\u011a-300x131.png 300w, https:\/\/symbivita.cz\/blog\/wp-content\/uploads\/2020\/04\/kARLOV-NA-STAR\u00c9-MAP\u011a-768x336.png 768w, https:\/\/symbivita.cz\/blog\/wp-content\/uploads\/2020\/04\/kARLOV-NA-STAR\u00c9-MAP\u011a-1536x672.png 1536w, https:\/\/symbivita.cz\/blog\/wp-content\/uploads\/2020\/04\/kARLOV-NA-STAR\u00c9-MAP\u011a.png 1573w\" sizes=\"(max-width: 1024px) 100vw, 1024px\" \/><\/figure>\n\n\n\n<p>Na star\u00e9 plastick\u00e9 map\u011b je zn\u00e1zorn\u011bno rozm\u00edst\u011bn\u00ed dom\u016f.<\/p>\n\n\n\n<figure class=\"wp-block-image size-large\"><img loading=\"lazy\" decoding=\"async\" width=\"981\" height=\"365\" src=\"http:\/\/symbivita.cz\/blog\/wp-content\/uploads\/2020\/04\/Zni\u010den\u00fd-Karlov.jpg\" alt=\"\" class=\"wp-image-446\" srcset=\"https:\/\/symbivita.cz\/blog\/wp-content\/uploads\/2020\/04\/Zni\u010den\u00fd-Karlov.jpg 981w, https:\/\/symbivita.cz\/blog\/wp-content\/uploads\/2020\/04\/Zni\u010den\u00fd-Karlov-300x112.jpg 300w, https:\/\/symbivita.cz\/blog\/wp-content\/uploads\/2020\/04\/Zni\u010den\u00fd-Karlov-768x286.jpg 768w\" sizes=\"(max-width: 981px) 100vw, 981px\" \/><\/figure>\n\n\n\n<figure class=\"wp-block-image size-large\"><img loading=\"lazy\" decoding=\"async\" width=\"906\" height=\"304\" src=\"http:\/\/symbivita.cz\/blog\/wp-content\/uploads\/2020\/04\/Zbytky-Karlova.jpg\" alt=\"\" class=\"wp-image-447\" srcset=\"https:\/\/symbivita.cz\/blog\/wp-content\/uploads\/2020\/04\/Zbytky-Karlova.jpg 906w, https:\/\/symbivita.cz\/blog\/wp-content\/uploads\/2020\/04\/Zbytky-Karlova-300x101.jpg 300w, https:\/\/symbivita.cz\/blog\/wp-content\/uploads\/2020\/04\/Zbytky-Karlova-768x258.jpg 768w\" sizes=\"(max-width: 906px) 100vw, 906px\" \/><\/figure>\n\n\n\n<p>Foto z&nbsp;r. 2019 ukazuje, kde Karlov st\u00e1l, z\u016fstal jen jeden betonov\u00fd z\u00e1klad.<\/p>\n\n\n\n<p>\n\n\n\n\n\n\n\n\n\n\n&nbsp;B\u011bhem \u00fat\u011bku u Karlova do Moutnice zahynula&nbsp; 24.dubna \u0161rapnelem pan\u00ed \u017di\u017ekov\u00e1 Gisela \n\n&nbsp;( 29 let), \u017eena hajn\u00e9ho. \u0160la s&nbsp;d\u00edt\u011btem\nv&nbsp;n\u00e1ru\u010d\u00ed, to ale p\u0159e\u017eilo. \n\n&nbsp;Na obr\u00e1zku je pomn\u00edk v Moutnic\u00edch s jej\u00edm jm\u00e9nem.\n\n\n\n\n\n<\/p>\n\n\n\n<figure class=\"wp-block-image size-large\"><img loading=\"lazy\" decoding=\"async\" width=\"299\" height=\"394\" src=\"http:\/\/symbivita.cz\/blog\/wp-content\/uploads\/2020\/04\/Gisela-\u017di\u0161kov\u00e1-II.jpg\" alt=\"\" class=\"wp-image-449\" srcset=\"https:\/\/symbivita.cz\/blog\/wp-content\/uploads\/2020\/04\/Gisela-\u017di\u0161kov\u00e1-II.jpg 299w, https:\/\/symbivita.cz\/blog\/wp-content\/uploads\/2020\/04\/Gisela-\u017di\u0161kov\u00e1-II-228x300.jpg 228w\" sizes=\"(max-width: 299px) 100vw, 299px\" \/><\/figure>\n\n\n\n<p><a>3. z\u00e1\u0159\u00ed\nbyl zah\u00e1jen \u0161koln\u00ed rok. Na obecn\u00e9 \u0161kole u\u010dili: And\u011bla L\u00edzalov\u00e1, Jan Denemarek,\nStanislav Vrbka. Na m\u011b\u0161\u0165ansk\u00e9 \u0161kole u\u010dili: Rudolf Kol\u00ednsk\u00fd, Ji\u0159ina \u0160ikulov\u00e1,\nJan Janou\u0161ek, Jaroslav Sladk\u00fd.<\/a><\/p>\n\n\n\n<p>15.\nz\u00e1\u0159\u00ed byl na \u0161kolu ustanoven Franti\u0161ek Nev\u011bd\u011bl,<\/p>\n\n\n\n<p>24. z\u00e1\u0159\u00ed\ntak\u00e9 Alena \u0160rolov\u00e1 z \u017didlochovic.<\/p>\n\n\n\n<p>29. z\u00e1\u0159\u00ed bylo u\u010diteli ve \u0161kole\nvzpomenuto 7. v\u00fdro\u010d\u00ed mnichovsk\u00e9ho dikt\u00e1tu.<\/p>\n\n\n\n<p>1. \u0159\u00edjna ode\u0161el Stanislav\nVrbka, nastoupil vojenskou slu\u017ebu.<\/p>\n\n\n\n<figure class=\"wp-block-image size-large\"><img loading=\"lazy\" decoding=\"async\" width=\"1024\" height=\"473\" src=\"http:\/\/symbivita.cz\/blog\/wp-content\/uploads\/2020\/04\/Obr.12-1024x473.png\" alt=\"\" class=\"wp-image-450\" srcset=\"https:\/\/symbivita.cz\/blog\/wp-content\/uploads\/2020\/04\/Obr.12-1024x473.png 1024w, https:\/\/symbivita.cz\/blog\/wp-content\/uploads\/2020\/04\/Obr.12-300x139.png 300w, https:\/\/symbivita.cz\/blog\/wp-content\/uploads\/2020\/04\/Obr.12-768x355.png 768w, https:\/\/symbivita.cz\/blog\/wp-content\/uploads\/2020\/04\/Obr.12-1536x710.png 1536w, https:\/\/symbivita.cz\/blog\/wp-content\/uploads\/2020\/04\/Obr.12.png 1625w\" sizes=\"(max-width: 1024px) 100vw, 1024px\" \/><\/figure>\n\n\n\n<p><a>27. \u0159\u00edjna\nbyla spole\u010dn\u00e1 oslava st\u00e1tn\u00edho sv\u00e1tku. Mluvil \u017e\u00e1k IV. t\u0159\u00eddy m\u011b\u0161\u0165ansk\u00e9 \u0161koly Voj.\nJel\u00ednek a po n\u011bm odborn\u00fd u\u010ditel Franti\u0161ek Nev\u011bd\u011bl.<\/a><\/p>\n\n\n\n<p>&nbsp;1. listopadu nastoupila na mate\u0159skou dovolenou\nAnd\u011bla L\u00edzalov\u00e1, m\u00edsto n\u00ed u\u010dila Alena \u0160rolov\u00e1.<\/p>\n\n\n\n<p>7. listopadu byla spole\u010dn\u00e1\noslava V\u0158SR, promluvil \u0159editel Rudolf Kol\u00ednsk\u00fd.<\/p>\n\n\n\n<p><a>Posledn\u00ed\nakc\u00ed, kter\u00e1 souvisela s osvobozov\u00e1n\u00edm na\u0161\u00ed obce, byla exhumace t\u011bl padl\u00fdch\nrusk\u00fdch voj\u00e1k\u016f a jejich p\u0159evezen\u00ed na \u00fast\u0159edn\u00ed vojensk\u00fd h\u0159bitov do O\u0159echova. Pod\nveden\u00edm \u010dlena MNV Ant. Vintrl\u00edka byly z&nbsp;p\u016fj\u010den\u00fdch desek zhotoveny bedny a\ndo nich t\u011bla ukl\u00e1d\u00e1na.<\/a><\/p>\n\n\n\n<p>V&nbsp;listopadu\nbyla provedena m\u011bnov\u00e1 reforma.<\/p>\n\n\n\n<p>31.\nprosince byla provedena exhumace v&nbsp;Nov\u00e9m Dvo\u0159e. V&nbsp;katastru na\u0161\u00ed obce\nbylo exhumov\u00e1no 82 voj\u00edn\u016f, podd\u016fstojn\u00edk\u016f a d\u016fstojn\u00edk\u016f RA. Byly vyzvednuty i\npoz\u016fstatky Jana L\u00edzala z&nbsp;N. Dvora a&nbsp;Bed\u0159icha Stra\u0161\u00e1ka ze spole\u010dn\u00e9ho\nhrobu u cesty.<\/p>\n\n\n\n<p>\u010ceskoslovensko bylo p\u0159inuceno\npostoupit Sov\u011btsk\u00e9mu svazu&nbsp;<a href=\"https:\/\/cs.wikipedia.org\/wiki\/Podkarpatsk%C3%A1_Rus\">Podkarpatskou Rus<\/a>.<\/p>\n\n\n\n<p>Honitba v&nbsp;na\u0161\u00ed obci zase p\u0159e\u0161la na podn\u00e1jemce Cyrila Ne\u010dase v&nbsp;t\u00e9 v\u00fdm\u011b\u0159e, jak\u00e1 byla d\u0159\u00edve. Ke spole\u010dnosti se p\u0159idali: Alois Ne\u010das, V\u00e1clav Ne\u010das, Cyril Mat\u00fd\u0161ek, Martin Vahala, Fr. L\u00edzal, Fr. Strouhal.<\/p>\n\n\n\n<p>Pozorovatelna K\u0159epice.<\/p>\n\n\n\n<figure class=\"wp-block-image size-large\"><img loading=\"lazy\" decoding=\"async\" width=\"991\" height=\"326\" src=\"http:\/\/symbivita.cz\/blog\/wp-content\/uploads\/2020\/04\/Pozorovatelna-v-K\u0159epic\u00edch.jpg\" alt=\"\" class=\"wp-image-454\" srcset=\"https:\/\/symbivita.cz\/blog\/wp-content\/uploads\/2020\/04\/Pozorovatelna-v-K\u0159epic\u00edch.jpg 991w, https:\/\/symbivita.cz\/blog\/wp-content\/uploads\/2020\/04\/Pozorovatelna-v-K\u0159epic\u00edch-300x99.jpg 300w, https:\/\/symbivita.cz\/blog\/wp-content\/uploads\/2020\/04\/Pozorovatelna-v-K\u0159epic\u00edch-768x253.jpg 768w\" sizes=\"(max-width: 991px) 100vw, 991px\" \/><\/figure>\n\n\n\n<p> Pam\u00e1tn\u00edk osvobozen\u00ed v K\u0159epic\u00edch.<\/p>\n\n\n\n<figure class=\"wp-block-image size-large\"><img loading=\"lazy\" decoding=\"async\" width=\"991\" height=\"332\" src=\"http:\/\/symbivita.cz\/blog\/wp-content\/uploads\/2020\/04\/Pam\u00e1tn\u00edk-v-K\u0159epic\u00edch.jpg\" alt=\"\" class=\"wp-image-455\" srcset=\"https:\/\/symbivita.cz\/blog\/wp-content\/uploads\/2020\/04\/Pam\u00e1tn\u00edk-v-K\u0159epic\u00edch.jpg 991w, https:\/\/symbivita.cz\/blog\/wp-content\/uploads\/2020\/04\/Pam\u00e1tn\u00edk-v-K\u0159epic\u00edch-300x101.jpg 300w, https:\/\/symbivita.cz\/blog\/wp-content\/uploads\/2020\/04\/Pam\u00e1tn\u00edk-v-K\u0159epic\u00edch-768x257.jpg 768w\" sizes=\"(max-width: 991px) 100vw, 991px\" \/><\/figure>\n\n\n\n<p> Model pam\u00e1tn\u00edku Bratislavsko-brn\u011bnsk\u00e9 operace. <\/p>\n\n\n\n<figure class=\"wp-block-image size-large\"><img loading=\"lazy\" decoding=\"async\" width=\"585\" height=\"395\" src=\"http:\/\/symbivita.cz\/blog\/wp-content\/uploads\/2020\/04\/Model-pam\u00e1tn\u00edku.jpg\" alt=\"\" class=\"wp-image-456\" srcset=\"https:\/\/symbivita.cz\/blog\/wp-content\/uploads\/2020\/04\/Model-pam\u00e1tn\u00edku.jpg 585w, https:\/\/symbivita.cz\/blog\/wp-content\/uploads\/2020\/04\/Model-pam\u00e1tn\u00edku-300x203.jpg 300w\" sizes=\"(max-width: 585px) 100vw, 585px\" \/><\/figure>\n\n\n\n<p>Kresba rusk\u00e9ho voj\u00e1ka zachycuj\u00edc\u00ed \u00fatok na Brno.<\/p>\n\n\n\n<figure class=\"wp-block-image size-large\"><img loading=\"lazy\" decoding=\"async\" width=\"1024\" height=\"657\" src=\"http:\/\/symbivita.cz\/blog\/wp-content\/uploads\/2020\/04\/Kresba-boji\u0161t\u011b-1024x657.jpg\" alt=\"\" class=\"wp-image-457\" srcset=\"https:\/\/symbivita.cz\/blog\/wp-content\/uploads\/2020\/04\/Kresba-boji\u0161t\u011b-1024x657.jpg 1024w, https:\/\/symbivita.cz\/blog\/wp-content\/uploads\/2020\/04\/Kresba-boji\u0161t\u011b-300x192.jpg 300w, https:\/\/symbivita.cz\/blog\/wp-content\/uploads\/2020\/04\/Kresba-boji\u0161t\u011b-768x493.jpg 768w, https:\/\/symbivita.cz\/blog\/wp-content\/uploads\/2020\/04\/Kresba-boji\u0161t\u011b.jpg 1130w\" sizes=\"(max-width: 1024px) 100vw, 1024px\" \/><\/figure>\n","protected":false},"excerpt":{"rendered":"<p>Nejv\u011bt\u0161\u00ed mrazy byly v prvn\u00ed p\u016flce ledna, teplota klesla na -20 \u00b0C. Sn\u011bhov\u00e9 z\u00e1v\u011bje na \u010das p\u0159eru\u0161ily dopravu. V b\u0159eznu bylo po\u010das\u00ed velmi prom\u011bnliv\u00e9, s \u010dast\u00fdmi p\u0159eh\u00e1\u0148kami sn\u011bhu i de\u0161t\u011b. Koncem dubna se n\u00e1hle oteplilo na skoro letn\u00ed po\u010das\u00ed a<\/p>\n","protected":false},"author":1,"featured_media":0,"comment_status":"closed","ping_status":"open","sticky":false,"template":"","format":"standard","meta":{"footnotes":""},"categories":[1],"tags":[],"_links":{"self":[{"href":"https:\/\/symbivita.cz\/blog\/wp-json\/wp\/v2\/posts\/432"}],"collection":[{"href":"https:\/\/symbivita.cz\/blog\/wp-json\/wp\/v2\/posts"}],"about":[{"href":"https:\/\/symbivita.cz\/blog\/wp-json\/wp\/v2\/types\/post"}],"author":[{"embeddable":true,"href":"https:\/\/symbivita.cz\/blog\/wp-json\/wp\/v2\/users\/1"}],"replies":[{"embeddable":true,"href":"https:\/\/symbivita.cz\/blog\/wp-json\/wp\/v2\/comments?post=432"}],"version-history":[{"count":2,"href":"https:\/\/symbivita.cz\/blog\/wp-json\/wp\/v2\/posts\/432\/revisions"}],"predecessor-version":[{"id":461,"href":"https:\/\/symbivita.cz\/blog\/wp-json\/wp\/v2\/posts\/432\/revisions\/461"}],"wp:attachment":[{"href":"https:\/\/symbivita.cz\/blog\/wp-json\/wp\/v2\/media?parent=432"}],"wp:term":[{"taxonomy":"category","embeddable":true,"href":"https:\/\/symbivita.cz\/blog\/wp-json\/wp\/v2\/categories?post=432"},{"taxonomy":"post_tag","embeddable":true,"href":"https:\/\/symbivita.cz\/blog\/wp-json\/wp\/v2\/tags?post=432"}],"curies":[{"name":"wp","href":"https:\/\/api.w.org\/{rel}","templated":true}]}}