{"id":410,"date":"2020-03-31T16:00:15","date_gmt":"2020-03-31T14:00:15","guid":{"rendered":"http:\/\/symbivita.cz\/blog\/?p=410"},"modified":"2020-03-31T16:00:16","modified_gmt":"2020-03-31T14:00:16","slug":"1941-1944-obdobi-protektoratu-v-nikolcicich","status":"publish","type":"post","link":"https:\/\/symbivita.cz\/blog\/2020\/03\/31\/1941-1944-obdobi-protektoratu-v-nikolcicich\/","title":{"rendered":"1941-1944 &#8211; Obdob\u00ed protektor\u00e1tu v Nikol\u010dic\u00edch"},"content":{"rendered":"\n<p>1941<\/p>\n\n\n\n<p>Tuh\u00e1 zima, m\u00edsty a\u017e -25 st. C, obrovsk\u00e9 z\u00e1v\u011bje dosahovaly\na\u017e 2 m, nutnost prohazovat silnice, studen\u00e9 jaro, v\u00fdnosy \u017en\u00ed byly pr\u016fm\u011brn\u00e9,\nstuden\u00fd podzim. <\/p>\n\n\n\n<p>D\u011bti nechodily do \u0161koly do 17. ledna pro nedostatek paliva.<\/p>\n\n\n\n<p>P\u0159es krutou zimu zahynula t\u00e9m\u011b\u0159 v\u0161echna lesn\u00ed zv\u011b\u0159.<\/p>\n\n\n\n<p>24. \u00fanora se za\u010dalo st\u011bhovat odd\u011blen\u00ed\nokresn\u00edho \u00fa\u0159adu Brno-venkov ze \u017didlochovic do Klobouk. <\/p>\n\n\n\n<figure class=\"wp-block-image size-large\"><img loading=\"lazy\" decoding=\"async\" width=\"579\" height=\"367\" src=\"http:\/\/symbivita.cz\/blog\/wp-content\/uploads\/2020\/03\/Pohled-na-NIkol\u010dice-I.jpg\" alt=\"\" class=\"wp-image-423\" srcset=\"https:\/\/symbivita.cz\/blog\/wp-content\/uploads\/2020\/03\/Pohled-na-NIkol\u010dice-I.jpg 579w, https:\/\/symbivita.cz\/blog\/wp-content\/uploads\/2020\/03\/Pohled-na-NIkol\u010dice-I-300x190.jpg 300w\" sizes=\"(max-width: 579px) 100vw, 579px\" \/><\/figure>\n\n\n\n<p>V b\u0159eznu p\u0159i\u0161la obleva. Po rozt\u00e1n\u00ed\ntak velk\u00e9ho mno\u017estv\u00ed sn\u011bhu nastaly povodn\u011b. Pole p\u0159ipom\u00ednala sp\u00ed\u0161e ba\u017einy. Set\u00ed\nza\u010dalo v dubnu a bylo vzhledem k situaci velmi obt\u00ed\u017en\u00e9. Je\u0161t\u011b 3. kv\u011btna napadl\nposledn\u00ed sn\u00edh. Ten pak vyst\u0159\u00eddaly bou\u0159ky.<\/p>\n\n\n\n<p>19. \u010dervna se&nbsp;\nv&nbsp;Praze narodil V\u00e1clav Klaus &#8211;&nbsp;<a href=\"https:\/\/cs.wikipedia.org\/wiki\/%C4%8Cesko\">\u010desk\u00fd<\/a>&nbsp;<a href=\"https:\/\/cs.wikipedia.org\/wiki\/Ekonomie\">ekonom<\/a>&nbsp;a&nbsp;<a href=\"https:\/\/cs.wikipedia.org\/wiki\/Politik\">politik<\/a>, v\nletech&nbsp;<a href=\"https:\/\/cs.wikipedia.org\/wiki\/2003\">2003<\/a>\u2013<a href=\"https:\/\/cs.wikipedia.org\/wiki\/2013\">2013<\/a>&nbsp;zast\u00e1val \u00fa\u0159ad&nbsp;<a href=\"https:\/\/cs.wikipedia.org\/wiki\/Prezident_%C4%8Cesk%C3%A9_republiky\">prezidenta \u010cesk\u00e9 republiky<\/a>.<\/p>\n\n\n\n<figure class=\"wp-block-image size-large\"><img loading=\"lazy\" decoding=\"async\" width=\"626\" height=\"344\" src=\"http:\/\/symbivita.cz\/blog\/wp-content\/uploads\/2020\/03\/V\u00e1clav-Klaus.jpg\" alt=\"\" class=\"wp-image-424\" srcset=\"https:\/\/symbivita.cz\/blog\/wp-content\/uploads\/2020\/03\/V\u00e1clav-Klaus.jpg 626w, https:\/\/symbivita.cz\/blog\/wp-content\/uploads\/2020\/03\/V\u00e1clav-Klaus-300x165.jpg 300w\" sizes=\"(max-width: 626px) 100vw, 626px\" \/><\/figure>\n\n\n\n<p>V&nbsp;ned\u011bli 22. \u010dervna r\u00e1no lid\u00e9 z vys\u00edl\u00e1n\u00ed zjistili, \u017ee\nza\u010dala v\u00e1lka s&nbsp;Ruskem.<\/p>\n\n\n\n<p>Od 1. \u010dervence byla m\u011b\u0161\u0165ansk\u00e1\n\u0161kola p\u0159em\u011bn\u011bna na \u0161kolu \u00fajezdn\u00ed a chodily sem d\u011bti z K\u0159epic, Div\u00e1k, \u0160itbo\u0159ic a\nBoleradic. V ned\u011bli 18. \u010dervence 1941 r\u00e1no za\u010dala n\u011bmeck\u00e1 letadla rozptylovat\nzna\u010dky s p\u00edsmenem V, po\u010d\u00e1te\u010dn\u00edm p\u00edsmenem slova victoria, tj. v\u00edt\u011bzstv\u00ed. Letadla\nv ned\u011bli p\u0159elet\u011bla p\u0159es tento kraj je\u0161t\u011b n\u011bkolikr\u00e1t a rozhazovala mno\u017estv\u00ed let\u00e1k\u016f.\n(\u0160K)<\/p>\n\n\n\n<p>Zem\u011bd\u011blc\u016fm bylo na\u0159\u00edzeno, aby\nna 52 % orn\u00e9 p\u016fdy zaseli obil\u00ed a na 2 % olejniny. Ka\u017ed\u00fd zem\u011bd\u011blec m\u011bl statkovou\nkn\u00ed\u017eku, kam se zapisoval osev obil\u00ed a dal\u0161\u00edch plodin a stav dobytka. A\nzem\u011bd\u011blec, jen\u017e vlastnil v\u00edc ne\u017e p\u011bt hektar\u016f p\u016fdy, m\u011bl statkov\u00fd arch. Krom\u011b\nt\u00e9to evidence chodily po domech hospod\u00e1\u0159sk\u00e9 kontroly a sledovaly, zda zem\u011bd\u011blci\nnezatajili \u010d\u00e1st \u00farody \u010di dobytek. T\u00e9m\u011b\u0159 ka\u017ed\u00fd se pokou\u0161el \u010d\u00e1st \u00farody zatajit. Za\u010dali\nsi stav\u011bt skr\u00fd\u0161e pro potraviny, aby je kontrola nena\u0161la. Povinn\u011b se toti\u017e dle\nevidence odevzd\u00e1vala \u010d\u00e1st \u00farody, vajec a dal\u0161\u00edch produkt\u016f, kter\u00e9 pak rodin\u00e1m\nvelmi chyb\u011bly.<\/p>\n\n\n\n<p>T.r. byl vyd\u00e1n v\u00fdnos t\u00fdkaj\u00edc\u00ed\nse inspekce ve \u0161kol\u00e1ch. Inspekto\u0159i m\u011bli dohl\u00e9dnout na vyu\u010dov\u00e1n\u00ed n\u011bm\u010diny,\nkontrolovat knihovny a \u0161koln\u00ed archivy, prov\u00e1d\u011bt revize u\u010debnic a dohl\u00e9dnout na\nideologicky vhodnou v\u00fdzdobu \u0161koly. Nejv\u00edce byly kontrolov\u00e1ny u\u010debnice d\u011bjepisu\na ob\u010dansk\u00e9 v\u00fdchovy. Na v\u0161ech \u0161kol\u00e1ch se \u017e\u00e1ci museli nau\u010dit hymnu N\u011bmeck\u00e9 \u0159\u00ed\u0161e.\nV\u0161ichni u\u010ditel\u00e9 m\u00edstn\u00ed \u0161koly povinn\u011b nav\u0161t\u011bvovali kurz n\u011bm\u010diny ve&nbsp;\u0161kole v\nNikol\u010dic\u00edch. Podle na\u0159\u00edzen\u00ed vydan\u00e9ho t.r. m\u011bli u\u010ditel\u00e9 \u017e\u00e1k\u016fm p\u0159ipomenout druh\u00e9\nv\u00fdro\u010d\u00ed Protektor\u00e1tu \u010cechy a Morava a na \u0161kol\u00e1ch m\u011bla b\u00fdt 19. dubna kon\u00e1na\noslava pades\u00e1t\u00fdch 52. narozenin kancl\u00e9\u0159e Adolfa Hitlera.<\/p>\n\n\n\n<figure class=\"wp-block-image size-large\"><img loading=\"lazy\" decoding=\"async\" width=\"763\" height=\"1024\" src=\"http:\/\/symbivita.cz\/blog\/wp-content\/uploads\/2020\/03\/P\u0159ed-radnic\u00ed-1-763x1024.jpg\" alt=\"\" class=\"wp-image-413\" srcset=\"https:\/\/symbivita.cz\/blog\/wp-content\/uploads\/2020\/03\/P\u0159ed-radnic\u00ed-1-763x1024.jpg 763w, https:\/\/symbivita.cz\/blog\/wp-content\/uploads\/2020\/03\/P\u0159ed-radnic\u00ed-1-223x300.jpg 223w, https:\/\/symbivita.cz\/blog\/wp-content\/uploads\/2020\/03\/P\u0159ed-radnic\u00ed-1-768x1031.jpg 768w, https:\/\/symbivita.cz\/blog\/wp-content\/uploads\/2020\/03\/P\u0159ed-radnic\u00ed-1.jpg 773w\" sizes=\"(max-width: 763px) 100vw, 763px\" \/><\/figure>\n\n\n\n<p>1. z\u00e1\u0159\u00ed za\u010dal \u0161koln\u00ed rok 1941\/42. Na obecn\u00e9 \u0161kole chyb\u00ed dva\nu\u010ditel\u00e9, t\u0159\u00eddy byly spojeny. U\u010ditelky: Herm\u00edna Kord\u00edkov\u00e1, And\u011bla Hor\u00e1kov\u00e1,\nVlasta Kol\u00ednsk\u00e1. N\u00e1bo\u017eenstv\u00ed: Jan Ture\u010dek, V\u00e1clav Barton\u011bk, F. \u0160ed\u00fd. Do \u0161koly\nchodily t.r. d\u011bti z&nbsp;Nikol\u010dic, K\u0159epic, Div\u00e1k, Boleradic, \u0160itbo\u0159ic a\nNesva\u010dilky. N\u00e1zev m\u011b\u0161\u0165ansk\u00e1 \u0161kola nahrazen n\u00e1zvem hlavn\u00ed \u0161kola.<\/p>\n\n\n\n<p>Hlavn\u00ed \u0161kola: Anton\u00edn Tom\u00e1\u0161ek, Old\u0159ich Jedli\u010dka, Josefa Brychtov\u00e1,\nRudolf Kol\u00ednsk\u00fd, Bohum\u00edr J\u00e1no\u0161, Ji\u0159\u00ed Kudela, \u010cestm\u00edr \u010cerno\u0161ek.<\/p>\n\n\n\n<p>27.\nz\u00e1\u0159\u00ed p\u0159ij\u00ed\u017ed\u00ed do Prahy SS-Obergruppenf\u00fchrer a&nbsp;gener\u00e1l policie Reinhard\nHeydrich a hned nechal vyhl\u00e1sit prvn\u00ed obecn\u00e9 stann\u00e9 pr\u00e1vo. Trvalo 4 m\u011bs\u00edce.<\/p>\n\n\n\n<figure class=\"wp-block-image size-large\"><img loading=\"lazy\" decoding=\"async\" width=\"373\" height=\"532\" src=\"http:\/\/symbivita.cz\/blog\/wp-content\/uploads\/2020\/03\/Reinhard-Heydrich.jpg\" alt=\"\" class=\"wp-image-414\" srcset=\"https:\/\/symbivita.cz\/blog\/wp-content\/uploads\/2020\/03\/Reinhard-Heydrich.jpg 373w, https:\/\/symbivita.cz\/blog\/wp-content\/uploads\/2020\/03\/Reinhard-Heydrich-210x300.jpg 210w\" sizes=\"(max-width: 373px) 100vw, 373px\" \/><\/figure>\n\n\n\n<p>Heydrich\nzav\u00e1d\u00ed politiku CUKRU a BI\u010cE<\/p>\n\n\n\n<p>Politika\nCUKRU: <\/p>\n\n\n\n<p>zav\u00e1d\u011bn\u00ed\nv\u00fdhod pro d\u011bln\u00edky pracuj\u00edc\u00ed zejm\u00e9na ve zbrojn\u00edm pr\u016fmyslu ( zvy\u0161ov\u00e1n\u00ed mezd,\nzv\u00fd\u0161en\u00ed p\u0159\u00edd\u011bl\u016f potravin, cigaret a alkoholu, zaveden\u00ed z\u00e1vodn\u00edch j\u00eddelen,\nd\u011bln\u00edci byli pos\u00edl\u00e1ni na zotavenou do l\u00e1zn\u00ed, pouk\u00e1zky na boty !! )<\/p>\n\n\n\n<p>Politika\nBI\u010cE: &#8211; pron\u00e1sledov\u00e1n\u00ed nep\u0159\u00e1tel \u0158\u00ed\u0161e = popravy, deportace do koncentra\u010dn\u00edch\nt\u00e1bor\u016f &#8211; symbolem nacistick\u00fdch repres\u00e1li\u00ed v Praze se stala \u00fa\u0159adovna gestapa:\ntzv. Pe\u010dk\u00e1rna <\/p>\n\n\n\n<p>V z\u00e1\u0159\u00ed byly zavedeny l\u00edstky na brambory, bylo sucho, v\n\u0159\u00edjnu op\u011bt de\u0161tivo, na konci mr\u00e1z. 1. \u0159\u00edjna napadl prvn\u00ed sn\u00edh. Cel\u00fd listopad\np\u0159etrv\u00e1val d\u00e9\u0161\u0165 a na konci byly mrazy a trvaly do konce roku. <\/p>\n\n\n\n<p>13. \u0159\u00edjna zem\u0159el starosta Metod\u011bj Kone\u010dn\u00fd z \u010d. 54. Trp\u011bl\nt\u011b\u017ekou \u017ealude\u010dn\u00ed chorobou, p\u0159ed smrt\u00ed se podrobil operaci, kter\u00e1 nebyla \u00fasp\u011b\u0161n\u00e1\u2026\n<\/p>\n\n\n\n<figure class=\"wp-block-image size-large\"><img loading=\"lazy\" decoding=\"async\" width=\"483\" height=\"897\" src=\"http:\/\/symbivita.cz\/blog\/wp-content\/uploads\/2020\/03\/Obr.-1-Metod\u011bj-Kone\u010dn\u00fd.png\" alt=\"\" class=\"wp-image-415\" srcset=\"https:\/\/symbivita.cz\/blog\/wp-content\/uploads\/2020\/03\/Obr.-1-Metod\u011bj-Kone\u010dn\u00fd.png 483w, https:\/\/symbivita.cz\/blog\/wp-content\/uploads\/2020\/03\/Obr.-1-Metod\u011bj-Kone\u010dn\u00fd-162x300.png 162w\" sizes=\"(max-width: 483px) 100vw, 483px\" \/><\/figure>\n\n\n\n<p>Poh\u0159eb se konal za \u00fa\u010dasti nej\u0161ir\u0161\u00ed ve\u0159ejnosti obou \u0161kol,\nu\u010ditelstva a z\u00e1stupc\u016f \u00fa\u0159ad\u016f. B\u011bhem jeho nemoci jej zastupoval Franti\u0161ek Ne\u010das z\n\u010d. 22, \u00fa\u0159aduj\u00edc\u00ed n\u00e1m\u011bstek. <\/p>\n\n\n\n<p>P\u0159\u00edchod okupant\u016f m\u011bl pronikav\u00fd vliv na pom\u011bry a vztahy mezi\nobyvateli obce. Zmizely politick\u00e9 strany, n\u00e1bo\u017eensk\u00e1 nesn\u00e1\u0161enlivost ustoupila\ndo pozad\u00ed, byly rozpu\u0161t\u011bny t\u011blocvi\u010dn\u00e9 spolky. Byl st\u00e1le poslouch\u00e1n zahrani\u010dn\u00ed\nrozhlas a d\u00edky n\u011bmu lid\u00e9 sledovali d\u011bn\u00ed na front\u011b. N\u011bkte\u0159\u00ed lid\u00e9 ode\u0161li dobrovoln\u011b\ndo N\u011bmecka za prac\u00ed a v\u00fdd\u011blkem. Ke konci v\u00e1lky v\u0161ak nastalo nucen\u00e9 nasazen\u00ed\nmlad\u0161\u00edch ro\u010dn\u00edk\u016f na opev\u0148ovac\u00ed pr\u00e1ce v&nbsp;oblasti kolem V\u00eddn\u011b.<\/p>\n\n\n\n<p>Honitba: N\u011bmci obsadili lesn\u00ed spr\u00e1vu \u017didlochovice a na\u0161i\nhonitbu p\u0159evzal tov\u00e1rn\u00edk Panez z&nbsp;Lince v&nbsp;Doln\u00edch Rakous\u00edch. Um\u011bl\ndob\u0159e \u010desky, jeho man\u017eelka byla \u010ce\u0161ka. Byl pr\u00fd sympatick\u00fd a k&nbsp;na\u0161inc\u016fm se\nchoval slu\u0161n\u011b. Honitba za jeho veden\u00ed sahala od \u0161itbo\u0159ick\u00e9 a k\u0159epick\u00e9 silnice\nv\u010detn\u011b \u00fazem\u00ed pod Horou. Spodky si nechalo st\u00e1tn\u00ed poles\u00ed \u017didlochovice. N\u00e1jem za\nhonitbu platil s\u00e1m. Podr\u017eel si ji a\u017e do r. 1944.<\/p>\n\n\n\n<p>Byla z\u0159\u00edzena autobusov\u00e1 doprava na trati Boleradice &#8211; \u017didlochovice,\nautobus byl v\u0161ak p\u0159est\u00e1rl\u00fd, a tak \u010dasto pro poruchu nejezdil.<\/p>\n\n\n\n<figure class=\"wp-block-image size-large\"><img loading=\"lazy\" decoding=\"async\" width=\"535\" height=\"465\" src=\"http:\/\/symbivita.cz\/blog\/wp-content\/uploads\/2020\/03\/Autobus.jpg\" alt=\"\" class=\"wp-image-425\" srcset=\"https:\/\/symbivita.cz\/blog\/wp-content\/uploads\/2020\/03\/Autobus.jpg 535w, https:\/\/symbivita.cz\/blog\/wp-content\/uploads\/2020\/03\/Autobus-300x261.jpg 300w\" sizes=\"(max-width: 535px) 100vw, 535px\" \/><\/figure>\n\n\n\n<p>17. \u0159\u00edjna bylo vyhl\u00e1\u0161eno opat\u0159en\u00ed ke dni oslav 28. \u0159\u00edjna. Pokud\nbude oslavov\u00e1n, bude to pova\u017eov\u00e1no za provokaci.<\/p>\n\n\n\n<p>Byl tak\u00e9 p\u0159ijat v\u00fdnos zastavuj\u00edc\u00ed ve \u0161kole v\u00fduku d\u011bjepisu. M\u00edsto\nt\u011bchto hodin bude vyu\u010dov\u00e1na n\u011bm\u010dina. A zastavuje se vyu\u010dov\u00e1n\u00ed d\u011bjin \u010desk\u00e9\nliteratury.<\/p>\n\n\n\n<p>28. \u0159\u00edjna byla ze \u0161koly vyv\u00e1z\u00e1na u\u010d. Vlasta Kol\u00ednsk\u00e1.<\/p>\n\n\n\n<p>1. prosince byl na \u0161kolu ustanoven Inocenc \u0160eve\u010dek.<\/p>\n\n\n\n<p>Po V\u00e1noc\u00edch t.r. nastoupil do funkce obecn\u00edho tajemn\u00edka Fr.\nHrube\u0161, vykon\u00e1val ji do konce v\u00e1lky,kdy prosadil, \u017ee do obce nep\u0159i\u0161la jednotka\nvolkssturmu, ale byla ubytov\u00e1na v \u0160itbo\u0159ic\u00edch a m\u011bla hlavn\u00ed vinu na zpusto\u0161en\u00ed t\u00e9to\nobce p\u0159i p\u0159echodu fronty. Jako d\u016fvod ud\u00e1val nevhodn\u00e9 ubytov\u00e1n\u00ed.<\/p>\n\n\n\n<p>Na v\u00e1no\u010dn\u00ed sv\u00e1tky bylo hodn\u011b sn\u011bhu, z\u016fstal a\u017e do roku\np\u0159\u00ed\u0161t\u00edho.<\/p>\n\n\n\n<p><strong>1942\n<\/strong><\/p>\n\n\n\n<p>V&nbsp;lednu tuh\u00e1 zima, krom\u011b\nko\u0148sk\u00e9 dopravy \u017e\u00e1dn\u00e1 nebyla mo\u017en\u00e1, vymrzl\u00e9 ozimy.<\/p>\n\n\n\n<p>22. \u00fanora pomalu za\u010dal t\u00e1t\nnapadl\u00fd sn\u00edh. <\/p>\n\n\n\n<p>Set\u00ed bylo opo\u017ed\u011bn\u00e9, p\u0159\u00edzniv\u00e9\njaro, ale na konci dubna p\u0159i\u0161ly velk\u00e9 bou\u0159ky, v noci mrzlo a p\u0159es den foukal\nsiln\u00fd v\u00edtr. Chladn\u00e9 po\u010das\u00ed zdr\u017eovalo pr\u00e1ci na pol\u00edch a stromy vlivem zimy\nneza\u010daly kv\u00e9st ani na za\u010d\u00e1tku kv\u011btna. <\/p>\n\n\n\n<p>10. b\u0159ezna p\u0159ijelo do Klobouk gestapo;\nzatklo a do vazby v Kounicov\u00fdch kolej\u00edch odvezlo odborn\u00e9 u\u010ditele Jaroslava\nKuxe, Franti\u0161ka Pac\u00e1ka a Ludv\u00edka Wolfa s&nbsp;od\u016fvodn\u011bn\u00edm, \u017ee pr\u00fd provozovali\n\u010dinnost proti n\u011bmeck\u00e9mu st\u00e1tu. Byli popraven\u00ed 9.-11. \u010dervna.<\/p>\n\n\n\n<p>1. dubna vyho\u0159ela stodola Janu\nMat\u00fd\u0161kovi z \u010d. 60. <\/p>\n\n\n\n<p>27. kv\u011btna byl proveden atent\u00e1t na R. Heydricha a\nbylo vyhl\u00e1\u0161eno druh\u00e9 stann\u00e9 pr\u00e1vo.<\/p>\n\n\n\n<figure class=\"wp-block-image size-large\"><img loading=\"lazy\" decoding=\"async\" width=\"581\" height=\"306\" src=\"http:\/\/symbivita.cz\/blog\/wp-content\/uploads\/2020\/03\/Atent\u00e1t.jpg\" alt=\"\" class=\"wp-image-426\" srcset=\"https:\/\/symbivita.cz\/blog\/wp-content\/uploads\/2020\/03\/Atent\u00e1t.jpg 581w, https:\/\/symbivita.cz\/blog\/wp-content\/uploads\/2020\/03\/Atent\u00e1t-300x158.jpg 300w\" sizes=\"(max-width: 581px) 100vw, 581px\" \/><\/figure>\n\n\n\n<p>Zat\u00fdk\u00e1n\u00ed i popravy byly prov\u00e1d\u011bny ve velk\u00e9m. Toto\nobdob\u00ed se naz\u00fdvalo heydrichi\u00e1da, byla to odvetn\u00e1 represivn\u00ed akce, d\u011blo se vyhlazov\u00e1n\u00ed\nobc\u00ed a popravy mnoha osob.<\/p>\n\n\n\n<p>30. kv\u011btna p\u0159ijelo do\nsousedn\u00edch \u0160itbo\u0159ic gestapo, \u0161est aut s voj\u00e1ky. U v\u00fdjezd\u016f z obce postavili\nkulomety a za\u010dali prohled\u00e1vat domy. Hledali cokoliv nazna\u010duj\u00edc\u00edho nep\u0159\u00e1telsk\u00e9\nsm\u00fd\u0161len\u00ed proti N\u011bmeck\u00e9 \u0159\u00ed\u0161i. Nic takov\u00e9ho nena\u0161li a po dvou a p\u016fl hodin\u00e1ch\nodjeli prohled\u00e1vat do Nikol\u010dic. (\u0160K)<\/p>\n\n\n\n<p>1. \u010dervna byla v&nbsp;d\u016fsledku atent\u00e1tu ve vsi\nprovedena prohl\u00eddka, N\u011bmci hledali atent\u00e1tn\u00edky, zbran\u011b a nejv\u011bt\u0161\u00ed pozornost\nv\u011bnovali uzen\u00e9mu masu, slanin\u011b a nape\u010den\u00fdm bucht\u00e1m. <\/p>\n\n\n\n<p><strong>10. \u010dervna byly vyhlazeny Lidice.<\/strong><\/p>\n\n\n\n<p><strong>24. \u010dervna vyhlazeny Le\u017e\u00e1ky.<\/strong><\/p>\n\n\n\n<p>1. \u010dervence byl b\u00fdval\u00fd\nhustope\u010dsk\u00fd okres rozd\u011blen: \u017didlochovicko p\u0159id\u011bleno k&nbsp;okresu Brno &#8211; venkov,\nKloboucko a Velkopavlovicko k&nbsp;okresn\u00edmu \u00fa\u0159adu Hodon\u00edn.<\/p>\n\n\n\n<p>Ze&nbsp;\u0161koly obecn\u00e9 a hlavn\u00ed\nbyla odvezeny \u010desk\u00e9 u\u010debnice, knihy, mapy, pom\u016fcky, celkem 2447 kus\u016f.<\/p>\n\n\n\n<p>\u017dn\u011b byly tak\u00e9 opo\u017ed\u011bny\nn\u00e1sledkem de\u0161\u0165\u016f.<\/p>\n\n\n\n<p>P\u0159ede \u017en\u011bmi se za\u010dala zav\u00e1d\u011bt\nv&nbsp;obci elekt\u0159ina.<\/p>\n\n\n\n<p>27. \u010dervence byl krimin\u00e1ln\u00ed polici\u00ed zat\u010den n\u00e1m\u011bstek\nstarosty Franti\u0161ek Ne\u010das. Byl uv\u011bzn\u011bn na policejn\u00edm \u0159editelstv\u00ed v&nbsp;Brn\u011b a\np\u0159es t\u00fdden vysl\u00fdch\u00e1n. Jeho p\u0159\u00edpad byl postoupen krajsk\u00e9mu trestn\u00edmu soudu, tam\nbylo vy\u0161et\u0159ov\u00e1n\u00ed zastaveno a koncem listopadu byl propu\u0161t\u011bn. Okresn\u00ed \u00fa\u0159ad Brno venkov\npov\u011b\u0159il funkc\u00ed starosty Anton\u00edna Novotn\u00e9ho. Funkci n\u00e1m\u011bstka vykon\u00e1val Josef\nHlav\u00e1\u010dek a obecn\u00ed pokladnu spravoval Jan Ne\u010das.<\/p>\n\n\n\n<p>24. \u010dervence byl zat\u010den u\u010ditel Ladislav Ku\u010dera z&nbsp;T\u011b\u0161an.\n<\/p>\n\n\n\n<figure class=\"wp-block-image size-large\"><img loading=\"lazy\" decoding=\"async\" width=\"714\" height=\"1024\" src=\"http:\/\/symbivita.cz\/blog\/wp-content\/uploads\/2020\/03\/Ob\u010dansk\u00fd-pr\u016fkaz-714x1024.png\" alt=\"\" class=\"wp-image-427\" srcset=\"https:\/\/symbivita.cz\/blog\/wp-content\/uploads\/2020\/03\/Ob\u010dansk\u00fd-pr\u016fkaz-714x1024.png 714w, https:\/\/symbivita.cz\/blog\/wp-content\/uploads\/2020\/03\/Ob\u010dansk\u00fd-pr\u016fkaz-209x300.png 209w, https:\/\/symbivita.cz\/blog\/wp-content\/uploads\/2020\/03\/Ob\u010dansk\u00fd-pr\u016fkaz.png 732w\" sizes=\"(max-width: 714px) 100vw, 714px\" \/><\/figure>\n\n\n\n<p>2. z\u00e1\u0159\u00ed byl zah\u00e1jen \u0161koln\u00ed rok 1942\/43. Na obecn\u00e9 \u0161kole\nu\u010d\u00ed: Inocenc \u0160eve\u010dek, Herm\u00edna Kord\u00edkov\u00e1, And\u011bla Hor\u00e1kov\u00e1. Na hlavn\u00ed \u0161kole:\nOld\u0159ich Jedli\u010dka, Anton\u00edn Tom\u00e1\u0161ek, \u010cestm\u00edr \u010cerno\u0161ek, Marie Tlap\u00e1kov\u00e1, Bohum\u00edr\nJ\u00e1no\u0161, Ji\u0159\u00ed Kudela, V\u00e1clav Barton\u011bk a Rudolf Kol\u00ednsk\u00fd. N\u00e1bo\u017eenstv\u00ed pro d\u011bti katol\u00edk\u016f\nu\u010d\u00ed far\u00e1\u0159 Jan Ture\u010dek a administr\u00e1tor Fr. Hamersk\u00fd z&nbsp;Div\u00e1k. Evangelick\u00e9\nd\u011bti vyu\u010duje far\u00e1\u0159 \u0160ed\u00fd.<\/p>\n\n\n\n<p><a>12. z\u00e1\u0159\u00ed byli Rudolf Ne\u010das z \u010d.\n27, Fr. Hlav\u00e1\u010dek z \u010d. 69 a Josef Han\u00e1k z \u010d. 34 gestapem zat\u010deni, odvezeni do\nKounicov\u00fdch kolej\u00ed a po v\u00fdsle\u0161\u00edch odvezeni do Vratislav\u011b k&nbsp;soudu, 2. \u00fanora\nodsouzeni pro p\u0159\u00edpravu velezrady ke 4 rok\u016fm k\u00e1znice. <\/a>Podrobn\u011bji\no jejich osudu v&nbsp;Nikol\u010dick\u00e9 \u010d\u00edtance I, na str. 48.<\/p>\n\n\n\n<p>1. \u0159\u00edjna nastoupila do \u0161koly Mark\u00e9ta Such\u00e1 z&nbsp;T\u011b\u0161an,\n\u0161koln\u00edm inspektorem se stal Vladim\u00edr Mal\u00fd.<\/p>\n\n\n\n<p>17. \u0159\u00edjna byl ve\u0161ker\u00fd majetek\np. Ne\u010dase zabaven a majetek sestry \u017dofie P\u00e1len\u00edkov\u00e9 zaps\u00e1n. Pobyt v&nbsp;Brn\u011b,\nv\u00fdslechy a neust\u00e1l\u00e1 hrozba smrti m\u011bly vliv na jeho zdrav\u00ed, zp\u016fsobily siln\u00e9\noslaben\u00ed zraku.<\/p>\n\n\n\n<p><a>Tak\u00e9 Vil\u00e9m\nPivec byl t\u0159ikr\u00e1t vy\u0161et\u0159ov\u00e1n gestapem, dal\u0161\u00ed \u010dlen m\u00edstn\u00ed skupiny, ale jeho\n\u00fa\u010dast v&nbsp;organizaci nebyla prozrazena.<\/a><\/p>\n\n\n\n<p>22.\n\u0159\u00edjna byl v&nbsp;Brn\u011b gestapem zat\u010den nikol\u010dick\u00fd student Anton\u00edn Stejskal z \u010d.\n201, za zapojen\u00ed do V\u0161eslovansk\u00e9 odbojov\u00e9 organizace. <\/p>\n\n\n\n<p>V listopadu na sv\u00e1tek sv.\nMartina napadl sn\u00edh. Pot\u00e9 p\u0159evl\u00e1dalo de\u0161tiv\u00e9 po\u010das\u00ed a\u017e do poloviny prosince,\nkdy se oteplilo a\u017e na 7 st. C. Na konci m\u011bs\u00edce se objevily m\u00edrn\u00e9 mrazy.<\/p>\n\n\n\n<p>Koncem roku se krajem \u0161\u00ed\u0159ila epidemie z\u00e1\u0161krtu.<\/p>\n\n\n\n<figure class=\"wp-block-image size-large\"><img loading=\"lazy\" decoding=\"async\" width=\"606\" height=\"293\" src=\"http:\/\/symbivita.cz\/blog\/wp-content\/uploads\/2020\/03\/5000.png\" alt=\"\" class=\"wp-image-416\" srcset=\"https:\/\/symbivita.cz\/blog\/wp-content\/uploads\/2020\/03\/5000.png 606w, https:\/\/symbivita.cz\/blog\/wp-content\/uploads\/2020\/03\/5000-300x145.png 300w\" sizes=\"(max-width: 606px) 100vw, 606px\" \/><\/figure>\n\n\n\n<p><strong>1943<\/strong><\/p>\n\n\n\n<p>M\u00edrn\u00fd a tepl\u00fd rok, such\u00e9 jaro,\nde\u0161tiv\u00fd \u010derven a \u010dervenec, v&nbsp;srpnu tropick\u00e1 vedra (36 st. C ve st\u00ednu),\n\u0161patn\u00e1 \u00faroda brambor.<\/p>\n\n\n\n<p><a>14. ledna\nAnt. Stejskal v\u011bzn\u011bn na policejn\u00edm \u0159editelstv\u00ed, t\u00e9m\u011b\u0159 denn\u011b vysl\u00fdch\u00e1n na\npr\u00e1vnick\u00e9 fakult\u011b v&nbsp;Brn\u011b. V\u00fdslechy byly brut\u00e1ln\u00ed. Transportov\u00e1n do\nBratislavy, kde onemocn\u011bl z\u00e1n\u011btem st\u0159edn\u00edho ucha. Na univerzitn\u00ed klinice, kde\nbyli v\u011bzni pokusn\u00fdmi kr\u00e1l\u00edky, byl operov\u00e1n.<\/a><\/p>\n\n\n\n<p><a>30.\nledna museli u\u010ditel\u00e9 podle na\u0159\u00edzen\u00ed \u00fam\u011brn\u00fdm zp\u016fsobem vysv\u011btlit \u017e\u00e1k\u016fm v\u00fdznam\ndne, kdy se p\u0159ed deseti lety stal n\u011bmeck\u00fdm v\u016fdcem Adolf Hitler.<\/a><\/p>\n\n\n\n<p>Po zhor\u0161en\u00ed situace\nn\u011bmeck\u00e9 arm\u00e1dy byla vyv\u00edjena snaha omezit rozhlasov\u00e9 vys\u00edl\u00e1n\u00ed, radiokomunikaci\nna velk\u00e9 vzd\u00e1lenosti. Proto vy\u0161lo na\u0159\u00edzen\u00ed o odn\u011bt\u00ed kr\u00e1tk\u00fdch vln z&nbsp;r\u00e1di\u00ed.\nOd t\u00e9 doby poslouchali lid\u00e9 rozhlas jen v noci na st\u0159edn\u00edch vln\u00e1ch. I tak se\nlid\u00e9 dozv\u00eddali nov\u00e9 zpr\u00e1vy rychle a \u0161\u00ed\u0159ili je mezi sebou. A p\u0159ich\u00e1zela st\u00e1le\nnemilosrdn\u011bj\u0161\u00ed na\u0159\u00edzen\u00ed. <\/p>\n\n\n\n<p>Dne\n26. ledna byl v \u0159\u00ed\u0161i vyd\u00e1n z\u00e1kon, kter\u00fd se t\u00fdkal jej\u00ed obrany. Podle tohoto\nz\u00e1kona mohl N\u011bmec na m\u00edst\u011b zab\u00edt \u010dlov\u011bka, kter\u00fd vyj\u00e1d\u0159il n\u00e1zor proti \u0159\u00ed\u0161i.\nN\u011bkte\u0159\u00ed N\u011bmci tento z\u00e1kon uplat\u0148ovali a lid\u00e9 se st\u00e1le v\u00edce ob\u00e1vali o \u017eivot.<\/p>\n\n\n\n<p><a href=\"https:\/\/cs.wikipedia.org\/wiki\/30._leden\">30. ledn<\/a>a&nbsp;odjel&nbsp;<a href=\"https:\/\/cs.wikipedia.org\/wiki\/1._%C4%8Deskoslovensk%C3%BD_arm%C3%A1dn%C3%AD_sbor\">1. \u010deskoslovensk\u00fd samostatn\u00fd\nprapor<\/a>&nbsp;v&nbsp;<a href=\"https:\/\/cs.wikipedia.org\/wiki\/Sov%C4%9Btsk%C3%BD_svaz\">SSSR<\/a>&nbsp;z Buzuluku na frontu.<\/p>\n\n\n\n<p><a href=\"https:\/\/cs.wikipedia.org\/wiki\/2._%C3%BAnor\">2. \u00fanora<\/a>&nbsp;\u2013 kapitulace N\u011bmc\u016f v SSSR u&nbsp;<a href=\"https:\/\/cs.wikipedia.org\/wiki\/Volgograd\">Stalingradu<\/a>.<\/p>\n\n\n\n<p><a>23.\nb\u0159ezna byl Ant. Stejskal vezen do Berl\u00edna k&nbsp;lidov\u00e9mu soudu v&nbsp;okovech\na z&nbsp;ampli\u00f3nu \u0159valo: Pozor, pozor, nebezpe\u010dn\u00ed lid\u00e9! <\/a><\/p>\n\n\n\n<p>6.\ndubna tam prob\u011bhl soud s&nbsp;Ant. Stejskalem, nebyl usv\u011bd\u010den. Koncem dubna byl\nvezen do Dr\u00e1\u017e\u010fan pak do Prahy na Pankr\u00e1c. Zde se setkal se spisovatelem Ferd.\nPeroutkou.<\/p>\n\n\n\n<p>4. \u010dervna si \u017e\u00e1ci s u\u010diteli\nmuseli ve smute\u010dn\u011b vyzdoben\u00e9 t\u0159\u00edd\u011b poslechnout smute\u010dn\u00ed projev k \u00famrt\u00ed zastupuj\u00edc\u00edho\n\u0159\u00ed\u0161sk\u00e9ho protektora Heydricha. O p\u00e1r t\u00fddn\u016f pozd\u011bji si vyslechli projev k\np\u0159\u00edle\u017eitosti jednasedmdes\u00e1t\u00fdch narozenin st\u00e1tn\u00edho prezidenta Emila H\u00e1chy.<\/p>\n\n\n\n<p><a>8.\n\u010dervna byl Ant. Stejskal p\u0159evezen do Terez\u00edna na Malou pevnost. Facky, kopance\na betonov\u00e1 cela. V&nbsp;\u010dervenci vezen p\u0159es Dr\u00e1\u017e\u010fany a Vratislav do Brna. 16.\n\u010dervence se Ant. Stejskal vr\u00e1til dom\u016f.<\/a><\/p>\n\n\n\n<p>13. \u010dervence ukon\u010den \u0161koln\u00ed\nrok. U\u010ditelsk\u00e9mu sboru byl od\u0148at p\u0159\u00edsp\u011bvek na d\u00edlo soci\u00e1ln\u00ed pomoci pro \u010cechy a\nMoravu.<\/p>\n\n\n\n<p>3. z\u00e1\u0159\u00ed byl zah\u00e1jen \u0161koln\u00ed rok\n1943\/44. <a>Na obecn\u00e9 \u0161kole vyu\u010duj\u00ed: And\u011bla Hor\u00e1kov\u00e1, Old\u0159ich\njedli\u010dka, Inocenc \u0160eve\u010dek, n\u011bm\u010din\u011b u\u010d\u00ed Herm\u00edna Kord\u00edkov\u00e1. Na hlavn\u00ed \u0161kole\nvyu\u010duj\u00ed: Rudolf Kol\u00ednsk\u00fd, Marie Vr\u00e1nov\u00e1, Anton\u00edn Tom\u00e1\u0161ek, \u010cestm\u00edr \u010cerno\u0161ek,\nBohum\u00edr J\u00e1no\u0161, Ji\u0159\u00ed Kudela, Ludmila \u0160\u0165\u00e1vov\u00e1 a Herm\u00edna Kord\u00edkov\u00e1. U\u010ditel Inocenc\n\u0160eve\u010dek byl pracovn\u00edm \u00fa\u0159adem v&nbsp;Brn\u011b od 11. \u0159\u00edjna p\u0159id\u011blen jako d\u011bln\u00edk do leteck\u00e9\ntov\u00e1rny v&nbsp;Ku\u0159imi u Brna, m\u00edsto n\u011bj p\u0159i\u0161la u\u010ditelka Ji\u0159ina \u0160ikulov\u00e1.<\/a><\/p>\n\n\n\n<p><a href=\"https:\/\/cs.wikipedia.org\/wiki\/12._prosinec\">12. prosince<\/a>&nbsp;\u2013&nbsp;<a href=\"https:\/\/cs.wikipedia.org\/wiki\/%C4%8Ceskoslovensko\">\u010ceskoslovensko<\/a>&nbsp;uzav\u0159elo v Moskv\u011b novou spojeneckou smlouvu\nse&nbsp;<a href=\"https:\/\/cs.wikipedia.org\/wiki\/Sov%C4%9Btsk%C3%BD_svaz\">Sov\u011btsk\u00fdm svazem<\/a>.<\/p>\n\n\n\n<p>Po\u010d\u00e1tkem prosince\np\u0159evl\u00e1dalo m\u00edrn\u00e9 po\u010das\u00ed, v druh\u00e9 polovin\u011b ho vyst\u0159\u00eddal sn\u00edh a n\u00e1led\u00ed na\nsilnic\u00edch.<\/p>\n\n\n\n<p><strong>1944\n<\/strong><\/p>\n\n\n\n<p>M\u00edrn\u00e1 zima, nep\u0159\u00edzniv\u00e9 a\nchladn\u00e9 jaro, v&nbsp;srpnu vlna horka, stra\u0161n\u00e9 sucho, podpr\u016fm\u011brn\u00e1 sklize\u0148\nobil\u00ed, seno shnilo, otav nebylo, nedostatek p\u00edce.<\/p>\n\n\n\n<p><a>Na\nja\u0159e byly tyto p\u0159\u00edd\u011bly: mouka a pe\u010divo <\/a>9,7\n kg na\nosobu a m\u011bs\u00edc, cukr 1,2 kg,\nml\u00e9ko 1,75 l, m\u00e1slo 70 g,\ns\u00e1dlo 160 g,\num\u011bl\u00fd tuk 480 g,\nmaso 0,5 kg. Samoz\u00e1sobitel\u016fm byl podle po\u010dtu\nosob proveden p\u0159\u00edslu\u0161n\u00fd odpo\u010det.<\/p>\n\n\n\n<p>6.-8. ledna se museli u\u010ditel\u00e9\n\u00fa\u010dastnit kurzu protileteck\u00e9 ochrany.<\/p>\n\n\n\n<p>24. ledna museli j\u00edt v\u0161ichni\nu\u010ditel\u00e9 na RTG plic, byli uzn\u00e1n\u00ed zdrav\u00fdmi.<\/p>\n\n\n\n<p><a href=\"https:\/\/cs.wikipedia.org\/wiki\/12._b%C5%99ezen\">12. b\u0159ezna<\/a>: Exilov\u00e1\nvl\u00e1da v&nbsp;<a href=\"https:\/\/cs.wikipedia.org\/wiki\/Lond%C3%BDn\">Lond\u00fdn\u011b<\/a>&nbsp;vydala provol\u00e1n\u00ed k \u010deskoslovensk\u00e9mu lidu\nvyz\u00fdvaj\u00edc\u00ed k boji proti okupant\u016fm.<\/p>\n\n\n\n<p>Posledn\u00ed dubnov\u00fd den\nnapadl sn\u00edh, ale hned se rozpustil.<\/p>\n\n\n\n<p>23. kv\u011btna byl \u017e\u00e1k\u016fm ve \u0161kole\nprom\u00edtnut \u00fazk\u00fd film: Kouzeln\u00fd sv\u011bt, Rybolov v&nbsp;Norsku a Mezi Araby.<\/p>\n\n\n\n<p>5. \u010dervna byl p\u0159edstaven\u00fdm\n\u0161koln\u00ed obce ustanoven dle dekretu O\u00da v&nbsp;Brn\u011b Jakub B\u00edlek z \u010d. 139 a Josef\nHlav\u00e1\u010dek z \u010d. 87 jeho n\u00e1m\u011bstkem.<\/p>\n\n\n\n<p><a>25. srpna bylo bombardov\u00e1no Brno. Na\u0161i ob\u010dan\u00e9\npozorovali <\/a>v\u011bt\u0161\u00ed\nmno\u017estv\u00ed letadel m\u00ed\u0159\u00edc\u00edch na sever k Brnu. <\/p>\n\n\n\n<p>312 bombard\u00e9r\u016f B-24\nLiberator shodilo na Brno v\u00fdbu\u0161niny.\nPodle&nbsp;<a href=\"https:\/\/encyklopedie.brna.cz\/home-mmb\/?acc=profil_udalosti&amp;load=118\">internetov\u00e9 Encyklopedie Brna<\/a>&nbsp;m\u011bl\nn\u00e1let zni\u010dit n\u011bmeckou tov\u00e1rnu na v\u00fdrobu leteck\u00fdch motor\u016f v L\u00ed\u0161ni, Zbrojovku a\ntov\u00e1rnu v Ku\u0159imi. M\u00edsto toho letadla zas\u00e1hla obytn\u00e9 budovy v p\u0159ilehl\u00fdch\n\u010dtvrt\u00edch, zejm\u00e9na v Juli\u00e1nov\u011b, \u017didenic\u00edch, Slatin\u011b a na Cejlu. Zahynuly p\u0159es\ndv\u011b stovky lid\u00ed a mnoho jich p\u0159i\u0161lo o st\u0159echu nad hlavou.<\/p>\n\n\n\n<figure class=\"wp-block-image size-large\"><img loading=\"lazy\" decoding=\"async\" width=\"606\" height=\"341\" src=\"http:\/\/symbivita.cz\/blog\/wp-content\/uploads\/2020\/03\/Bombardovan\u00e9-Brno.jpg\" alt=\"\" class=\"wp-image-417\" srcset=\"https:\/\/symbivita.cz\/blog\/wp-content\/uploads\/2020\/03\/Bombardovan\u00e9-Brno.jpg 606w, https:\/\/symbivita.cz\/blog\/wp-content\/uploads\/2020\/03\/Bombardovan\u00e9-Brno-300x169.jpg 300w\" sizes=\"(max-width: 606px) 100vw, 606px\" \/><\/figure>\n\n\n\n<p><a href=\"https:\/\/cs.wikipedia.org\/wiki\/29._srpen\">29. srpna<\/a>&nbsp;\u2013 za\u010d\u00e1tek&nbsp;<a href=\"https:\/\/cs.wikipedia.org\/wiki\/Slovensk%C3%A9_n%C3%A1rodn%C3%AD_povst%C3%A1n%C3%AD\">Slovensk\u00e9ho\nn\u00e1rodn\u00edho povst\u00e1n\u00ed<\/a>.<\/p>\n\n\n\n<figure class=\"wp-block-image size-large\"><img loading=\"lazy\" decoding=\"async\" width=\"581\" height=\"325\" src=\"http:\/\/symbivita.cz\/blog\/wp-content\/uploads\/2020\/03\/exilov\u00e1-vl\u00e1da.jpg\" alt=\"\" class=\"wp-image-428\" srcset=\"https:\/\/symbivita.cz\/blog\/wp-content\/uploads\/2020\/03\/exilov\u00e1-vl\u00e1da.jpg 581w, https:\/\/symbivita.cz\/blog\/wp-content\/uploads\/2020\/03\/exilov\u00e1-vl\u00e1da-300x168.jpg 300w\" sizes=\"(max-width: 581px) 100vw, 581px\" \/><\/figure>\n\n\n\n<p>5. z\u00e1\u0159\u00ed byl zah\u00e1jen \u0161koln\u00ed rok\n1944\/45. Na obecn\u00e9 \u0161kole u\u010dili: And\u011bla Hor\u00e1kov\u00e1, Ji\u0159ina \u0160ikulov\u00e1. Jaroslav\nVr\u00e1na a Herm\u00edna Kordikov\u00e1. Na hlavn\u00ed \u0161kole u\u010d\u00ed: Ji\u0159\u00ed Kudela, Rudolf Kol\u00ednsk\u00fd,\nVlasta Vr\u00e1nov\u00e1, Anton\u00edn Tom\u00e1\u0161ek, \u010cestm\u00edr \u010cerno\u0161ek a Ludmila \u0160\u0165\u00e1vov\u00e1. Mezi d\u011btmi\nse objevoval z\u00e1\u0161krt a sp\u00e1la.<\/p>\n\n\n\n<p><a href=\"https:\/\/cs.wikipedia.org\/wiki\/8._z%C3%A1%C5%99%C3%AD\">8. z\u00e1\u0159\u00ed<\/a>&nbsp;\u2013 za\u010dala&nbsp;<a href=\"https:\/\/cs.wikipedia.org\/wiki\/Karpatsko-dukelsk%C3%A1_operace\">karpatsko-dukelsk\u00e1 operace<\/a>.<\/p>\n\n\n\n<p><a>25.\nz\u00e1\u0159\u00ed byli tot\u00e1ln\u011b nasazeni do Roudnice nad Labem u\u010ditel\u00e9 \u010cestm\u00edr \u010cerno\u0161ek a\nJaroslav Vr\u00e1na. Tent\u00fd\u017e den lid\u00e9 op\u011bt vid\u011bli letadlov\u00fd <\/a>p\u0159elet sm\u011brem na Brno,\ntentokr\u00e1t bez bombardov\u00e1n\u00ed.<\/p>\n\n\n\n<p>28. z\u00e1\u0159\u00ed se v&nbsp;Kol\u00edn\u011b\nnarodil Milo\u0161\nZeman,&nbsp;<a href=\"https:\/\/cs.wikipedia.org\/wiki\/%C4%8Cesko\">\u010desk\u00fd<\/a>&nbsp;<a href=\"https:\/\/cs.wikipedia.org\/wiki\/Politik\">politik<\/a>,&nbsp;<\/p>\n\n\n\n<figure class=\"wp-block-image size-large\"><img loading=\"lazy\" decoding=\"async\" width=\"581\" height=\"487\" src=\"http:\/\/symbivita.cz\/blog\/wp-content\/uploads\/2020\/03\/zeman.jpg\" alt=\"\" class=\"wp-image-429\" srcset=\"https:\/\/symbivita.cz\/blog\/wp-content\/uploads\/2020\/03\/zeman.jpg 581w, https:\/\/symbivita.cz\/blog\/wp-content\/uploads\/2020\/03\/zeman-300x251.jpg 300w\" sizes=\"(max-width: 581px) 100vw, 581px\" \/><\/figure>\n\n\n\n<p><a href=\"https:\/\/cs.wikipedia.org\/wiki\/Ekonomie\">ekonom<\/a>,&nbsp;<a href=\"https:\/\/cs.wikipedia.org\/wiki\/Prognostika\">prognostik<\/a>&nbsp;a&nbsp;t\u0159et\u00ed&nbsp;<a href=\"https:\/\/cs.wikipedia.org\/wiki\/Prezident_%C4%8Cesk%C3%A9_republiky\">prezident \u010cesk\u00e9\nrepubliky<\/a>.<\/p>\n\n\n\n<p><a href=\"https:\/\/cs.wikipedia.org\/wiki\/6._%C5%99%C3%ADjen\">6. \u0159\u00edjna<\/a>&nbsp;\u2013&nbsp;<a href=\"https:\/\/cs.wikipedia.org\/wiki\/1._%C4%8Deskoslovensk%C3%BD_arm%C3%A1dn%C3%AD_sbor\">1.\n\u010deskoslovensk\u00fd arm\u00e1dn\u00ed sbor<\/a>&nbsp;vstoupil na Dukle na \u010deskoslovensk\u00e9 \u00fazem\u00ed.<\/p>\n\n\n\n<figure class=\"wp-block-image size-large\"><img loading=\"lazy\" decoding=\"async\" width=\"759\" height=\"1006\" src=\"http:\/\/symbivita.cz\/blog\/wp-content\/uploads\/2020\/03\/G-9.png\" alt=\"\" class=\"wp-image-418\" srcset=\"https:\/\/symbivita.cz\/blog\/wp-content\/uploads\/2020\/03\/G-9.png 759w, https:\/\/symbivita.cz\/blog\/wp-content\/uploads\/2020\/03\/G-9-226x300.png 226w\" sizes=\"(max-width: 759px) 100vw, 759px\" \/><\/figure>\n\n\n\n<p>20. listopadu se uskute\u010dnil nejni\u010div\u011bj\u0161\u00ed n\u00e1let na Brno a\ndal\u0161\u00ed moravsk\u00e1 m\u011bsta. Americk\u00e9 bombard\u00e9ry B-24 Liberator a Boeing B-17\nshodily na Brno 2,5 tis\u00edce pum, \u010d\u00e1ste\u010dn\u011b \u010dasovan\u00fdch. P\u0159i n\u00e1letu zahynulo kolem\n500 lid\u00ed v\u010detn\u011b asi 40 d\u011bt\u00ed, kter\u00e9 ve \u0161kole na Mendlov\u011b n\u00e1m\u011bst\u00ed zabila hork\u00e1\nvoda&#8230;<br>\nPodobn\u00e1 situace byla v&nbsp;Hodon\u00edn\u011b, zahynulo\ntam 180 lid\u00ed, d\u00e1le v B\u0159eclavi, Zl\u00edn\u011b&#8230;<\/p>\n\n\n\n<figure class=\"wp-block-image size-large\"><img loading=\"lazy\" decoding=\"async\" width=\"431\" height=\"228\" src=\"http:\/\/symbivita.cz\/blog\/wp-content\/uploads\/2020\/03\/Bombardovan\u00e9-Brno-II.jpg\" alt=\"\" class=\"wp-image-419\" srcset=\"https:\/\/symbivita.cz\/blog\/wp-content\/uploads\/2020\/03\/Bombardovan\u00e9-Brno-II.jpg 431w, https:\/\/symbivita.cz\/blog\/wp-content\/uploads\/2020\/03\/Bombardovan\u00e9-Brno-II-300x159.jpg 300w\" sizes=\"(max-width: 431px) 100vw, 431px\" \/><\/figure>\n\n\n\n<figure class=\"wp-block-image size-large\"><img loading=\"lazy\" decoding=\"async\" width=\"1024\" height=\"874\" src=\"http:\/\/symbivita.cz\/blog\/wp-content\/uploads\/2020\/03\/Divadeln\u00ed-soubor-1-1024x874.png\" alt=\"\" class=\"wp-image-421\" srcset=\"https:\/\/symbivita.cz\/blog\/wp-content\/uploads\/2020\/03\/Divadeln\u00ed-soubor-1-1024x874.png 1024w, https:\/\/symbivita.cz\/blog\/wp-content\/uploads\/2020\/03\/Divadeln\u00ed-soubor-1-300x256.png 300w, https:\/\/symbivita.cz\/blog\/wp-content\/uploads\/2020\/03\/Divadeln\u00ed-soubor-1-768x656.png 768w, https:\/\/symbivita.cz\/blog\/wp-content\/uploads\/2020\/03\/Divadeln\u00ed-soubor-1.png 1089w\" sizes=\"(max-width: 1024px) 100vw, 1024px\" \/><\/figure>\n\n\n\n<p>1. prosince byla na \u0161kolu\nustanovena Marie Hrube\u0161ov\u00e1. <\/p>\n\n\n\n<p>14. prosince napadl prvn\u00ed sn\u00edh\na brzy i rozt\u00e1l. 20. prosince mrzlo, mr\u00e1z vydr\u017eel do konce roku. Zimn\u00ed pr\u00e1zdniny\nm\u011bly d\u011bti do 11. ledna, ale kv\u016fli v\u00e1le\u010dn\u00e9mu d\u011bn\u00ed byla \u0161kola zah\u00e1jena a\u017e 4. 4. \u00b445.\n<\/p>\n\n\n\n<p><a>19.\nprosince: dal\u0161\u00ed bombardov\u00e1n\u00ed Brna. Na st\u0159ed m\u011bsta padlo dev\u011bt pum.<\/a><\/p>\n\n\n\n<p>V\u00e1noce byly velmi skromn\u00e9,\njeliko\u017e se nedalo t\u00e9m\u011b\u0159 nic sehnat.<\/p>\n\n\n\n<figure class=\"wp-block-image size-large\"><img loading=\"lazy\" decoding=\"async\" width=\"608\" height=\"386\" src=\"http:\/\/symbivita.cz\/blog\/wp-content\/uploads\/2020\/03\/Ro\u010dn\u00edk-1944.jpg\" alt=\"\" class=\"wp-image-422\" srcset=\"https:\/\/symbivita.cz\/blog\/wp-content\/uploads\/2020\/03\/Ro\u010dn\u00edk-1944.jpg 608w, https:\/\/symbivita.cz\/blog\/wp-content\/uploads\/2020\/03\/Ro\u010dn\u00edk-1944-300x190.jpg 300w\" sizes=\"(max-width: 608px) 100vw, 608px\" \/><\/figure>\n\n\n\n<p>Bl\u00ed\u017e\u00ed se rok osvobozen\u00ed !<\/p>\n","protected":false},"excerpt":{"rendered":"<p>1941 Tuh\u00e1 zima, m\u00edsty a\u017e -25 st. C, obrovsk\u00e9 z\u00e1v\u011bje dosahovaly a\u017e 2 m, nutnost prohazovat silnice, studen\u00e9 jaro, v\u00fdnosy \u017en\u00ed byly pr\u016fm\u011brn\u00e9, studen\u00fd podzim. D\u011bti nechodily do \u0161koly do 17. ledna pro nedostatek paliva. P\u0159es krutou zimu zahynula t\u00e9m\u011b\u0159<\/p>\n","protected":false},"author":1,"featured_media":0,"comment_status":"closed","ping_status":"open","sticky":false,"template":"","format":"standard","meta":{"footnotes":""},"categories":[1],"tags":[],"_links":{"self":[{"href":"https:\/\/symbivita.cz\/blog\/wp-json\/wp\/v2\/posts\/410"}],"collection":[{"href":"https:\/\/symbivita.cz\/blog\/wp-json\/wp\/v2\/posts"}],"about":[{"href":"https:\/\/symbivita.cz\/blog\/wp-json\/wp\/v2\/types\/post"}],"author":[{"embeddable":true,"href":"https:\/\/symbivita.cz\/blog\/wp-json\/wp\/v2\/users\/1"}],"replies":[{"embeddable":true,"href":"https:\/\/symbivita.cz\/blog\/wp-json\/wp\/v2\/comments?post=410"}],"version-history":[{"count":1,"href":"https:\/\/symbivita.cz\/blog\/wp-json\/wp\/v2\/posts\/410\/revisions"}],"predecessor-version":[{"id":430,"href":"https:\/\/symbivita.cz\/blog\/wp-json\/wp\/v2\/posts\/410\/revisions\/430"}],"wp:attachment":[{"href":"https:\/\/symbivita.cz\/blog\/wp-json\/wp\/v2\/media?parent=410"}],"wp:term":[{"taxonomy":"category","embeddable":true,"href":"https:\/\/symbivita.cz\/blog\/wp-json\/wp\/v2\/categories?post=410"},{"taxonomy":"post_tag","embeddable":true,"href":"https:\/\/symbivita.cz\/blog\/wp-json\/wp\/v2\/tags?post=410"}],"curies":[{"name":"wp","href":"https:\/\/api.w.org\/{rel}","templated":true}]}}