{"id":214,"date":"2020-03-26T14:42:10","date_gmt":"2020-03-26T13:42:10","guid":{"rendered":"http:\/\/symbivita.cz\/blog\/?p=214"},"modified":"2020-09-01T10:49:41","modified_gmt":"2020-09-01T08:49:41","slug":"desetileti-1931-1940","status":"publish","type":"post","link":"https:\/\/symbivita.cz\/blog\/2020\/03\/26\/desetileti-1931-1940\/","title":{"rendered":"Desetilet\u00ed 1931-1940"},"content":{"rendered":"\n<p>Roky\nsouhrnn\u011b zvan\u00e9&nbsp;30. l\u00e9ta&nbsp;<a href=\"https:\/\/cs.wikipedia.org\/wiki\/20._stolet%C3%AD\">20. stolet\u00ed<\/a>, jsou charakterizov\u00e1ny p\u0159edev\u0161\u00edm&nbsp;<a href=\"https:\/\/cs.wikipedia.org\/wiki\/Velk%C3%A1_hospod%C3%A1%C5%99sk%C3%A1_krize\">v\u0161eobecnou hospod\u00e1\u0159skou kriz\u00ed<\/a>, n\u00e1stupem&nbsp;<a href=\"https:\/\/cs.wikipedia.org\/wiki\/Autoritativn%C3%AD_re%C5%BEim\">autoritativn\u00edch re\u017eim\u016f<\/a>&nbsp;v \u0159ad\u011b zem\u00ed sv\u011bta a\nnakonec vypuknut\u00edm&nbsp;<a href=\"https:\/\/cs.wikipedia.org\/wiki\/Druh%C3%A1_sv%C4%9Btov%C3%A1_v%C3%A1lka\">2. sv\u011btov\u00e9 v\u00e1lky<\/a>.<\/p>\n\n\n\n<p><strong>1931<\/strong><\/p>\n\n\n\n<p>Zima byla m\u00edrn\u00e1, nejv\u011bt\u0161\u00ed\nmrazy byly v&nbsp;\u00fanoru (15\u00b0C pod&nbsp;nulou).<\/p>\n\n\n\n<p>7. \u00fanora napadlo t\u00e9m\u011b\u0159 p\u016fl metru sn\u011bhu. Velk\u00e9 mno\u017estv\u00ed\nsn\u011bhu p\u0159eru\u0161ilo dopravu do doby, ne\u017e byly silnice prohrnuty. Sn\u00edh napadl je\u0161t\u011b\n22. \u00fanora. Pot\u00e9 u\u017e nastalo t\u00e1n\u00ed, kter\u00e9 se stalo p\u0159\u00ed\u010dinou vody vstupuj\u00edc\u00ed do\nsklep\u016f. M\u011bs\u00edc b\u0159ezen byl je\u0161t\u011b chladn\u00fd. Set\u00ed za\u010dalo 21. b\u0159ezna, ale o n\u011bkolik\ndn\u00ed pozd\u011bji je p\u0159eru\u0161il mr\u00e1z. S pr\u00e1cemi se znovu za\u010dalo 5. dubna. Po\u010das\u00ed o\nVelikonoc\u00edch u\u017e bylo tepl\u00e9. Ov\u0161em 8. dubna p\u0159i\u0161el znovu mr\u00e1z, kter\u00fd p\u0159etrv\u00e1val\na\u017e do konce dubna, kdy se oteplilo. Tepl\u00e9 po\u010das\u00ed pak p\u0159evl\u00e1dalo i v m\u011bs\u00edci\nkv\u011btnu a \u010dervnu.<\/p>\n\n\n\n<p>6. ledna se odst\u011bhoval do\nHustope\u010d\u00ed&nbsp; zdej\u0161\u00ed roln\u00edk Jan Ot\u0159\u00edsal<\/p>\n\n\n\n<p>26. ledna 1931&nbsp; se\ndostavila stavebn\u00ed komise a \u017e\u00e1dan\u00e9 povolen\u00ed&nbsp;\no p\u0159\u00edstavbu&nbsp; \u0161koly ud\u011blila.&nbsp; I nad\u00e1le pokra\u010dovaly&nbsp; &nbsp;o\np\u0159\u00edstavb\u011b neshody v&nbsp;obecn\u00edm zastupitelstvu. <\/p>\n\n\n\n<p>7. b\u0159ezna oslavovali d\u011bti 81. narozeniny TGM. Oslavu si\n\u0159\u00eddili&nbsp; \u017e\u00e1ci sami. \u017da\u010dka Marie Dr\u00e1bkov\u00e1\nz&nbsp;Nov\u00fdch Dvor\u016f zah\u00e1jila slavnost p\u0159iv\u00edt\u00e1n\u00edm rodi\u010d\u016f a p\u0159\u00edtomn\u00fdch ob\u010dan\u016f.\nPotom p\u0159ednesly&nbsp; d\u011bti&nbsp; b\u00e1sn\u011b a p\u00edsn\u011b.<\/p>\n\n\n\n<p>25. b\u0159ezna&nbsp; se\nuskute\u010dnila ve\u0159ejn\u00e1 dra\u017eba, p\u0159i kter\u00e9 byla prod\u00e1na hospod\u00e1\u0159sk\u00e1 \u0161koln\u00ed staven\u00ed.<\/p>\n\n\n\n<p>17. dubna prob\u011bhla sch\u016fze za \u00fa\u010delem vybr\u00e1n\u00ed stavitele\nz&nbsp;ve\u0159ejn\u00e9&nbsp; sout\u011b\u017ee. P\u0159i hlasov\u00e1n\u00ed\nnadpolovi\u010dn\u00ed v\u011bt\u0161inou byla p\u0159ijata&nbsp; ze\nt\u0159\u00ed uchaze\u010d\u016f nab\u00eddka stavitele Franti\u0161ka V\u00e1clavky&nbsp; z&nbsp;Brna v&nbsp;celkov\u00e9&nbsp; \u010d\u00e1stce 463&nbsp;325 K\u010d.<\/p>\n\n\n\n<p><a href=\"https:\/\/cs.wikipedia.org\/wiki\/1._kv%C4%9Bten\">1. kv\u011btna<\/a>&nbsp;byl\nslavnostn\u011b otev\u0159en mrakodrap&nbsp;<a href=\"https:\/\/cs.wikipedia.org\/wiki\/Empire_State_Building\">Empire State\nBuilding<\/a>&nbsp;v&nbsp;<a href=\"https:\/\/cs.wikipedia.org\/wiki\/New_York\">New Yorku<\/a>.<\/p>\n\n\n\n<p>26.kv\u011btna&nbsp; &nbsp;se za\u010dala \u0161kola stav\u011bti. P\u0159ijel&nbsp; dozorce \u010cen\u011bk \u0160vancara s&nbsp;n\u011bkolika\nd\u011bln\u00edky, nejprve&nbsp; bylo nutno odstranit\nstar\u00fd&nbsp; materi\u00e1l a teprve potom po\u010dali\nkopat z\u00e1klady. Byli p\u0159ibr\u00e1ni m\u00edstn\u00ed zedn\u00edci a d\u011bln\u00edci v&nbsp;celkov\u00e9m po\u010dtu 30,\naby pr\u00e1ce mohla rychleji postupovat.<\/p>\n\n\n\n<p>25. \u010dervence byla&nbsp;&nbsp;\ndokon\u010dena novostavba. Potom&nbsp; byla\nst\u0159echa pokryta&nbsp; ta\u0161kami od firmy Kohn\nz&nbsp;Brna stavba byla p\u0159ipravena k&nbsp;p\u0159ezimov\u00e1n\u00ed.<\/p>\n\n\n\n<figure class=\"wp-block-image size-large\"><img loading=\"lazy\" decoding=\"async\" width=\"904\" height=\"472\" src=\"http:\/\/symbivita.cz\/blog\/wp-content\/uploads\/2020\/03\/Stavba-\u0161koly-blog.png\" alt=\"\" class=\"wp-image-216\" srcset=\"https:\/\/symbivita.cz\/blog\/wp-content\/uploads\/2020\/03\/Stavba-\u0161koly-blog.png 904w, https:\/\/symbivita.cz\/blog\/wp-content\/uploads\/2020\/03\/Stavba-\u0161koly-blog-300x157.png 300w, https:\/\/symbivita.cz\/blog\/wp-content\/uploads\/2020\/03\/Stavba-\u0161koly-blog-768x401.png 768w\" sizes=\"(max-width: 904px) 100vw, 904px\" \/><\/figure>\n\n\n\n<p>Byla tak\u00e9 zvolena m\u00edstn\u00ed\nknihovnick\u00e1 komise: F. Sedl\u00e1\u010dek, F. Barton\u011bk, J. Rabovsk\u00fd, J. Kone\u010dn\u00fd a\nosv\u011btov\u00e1 komise F. Stejskal, Ant. Ne\u010das, Ferd. Stejskal, F. Kloupar. <\/p>\n\n\n\n<p>Za poln\u00edho hl\u00edda\u010de zvolen\nJosef Barton\u011bk z&nbsp;\u010d. 178. <\/p>\n\n\n\n<p>Proveden soupis dobytka. <\/p>\n\n\n\n<figure class=\"wp-block-image size-large\"><img loading=\"lazy\" decoding=\"async\" width=\"1024\" height=\"628\" src=\"http:\/\/symbivita.cz\/blog\/wp-content\/uploads\/2020\/03\/Tovary\u0161sk\u00fd-list-1931-1024x628.png\" alt=\"\" class=\"wp-image-270\" srcset=\"https:\/\/symbivita.cz\/blog\/wp-content\/uploads\/2020\/03\/Tovary\u0161sk\u00fd-list-1931-1024x628.png 1024w, https:\/\/symbivita.cz\/blog\/wp-content\/uploads\/2020\/03\/Tovary\u0161sk\u00fd-list-1931-300x184.png 300w, https:\/\/symbivita.cz\/blog\/wp-content\/uploads\/2020\/03\/Tovary\u0161sk\u00fd-list-1931-768x471.png 768w, https:\/\/symbivita.cz\/blog\/wp-content\/uploads\/2020\/03\/Tovary\u0161sk\u00fd-list-1931-1536x942.png 1536w, https:\/\/symbivita.cz\/blog\/wp-content\/uploads\/2020\/03\/Tovary\u0161sk\u00fd-list-1931.png 1745w\" sizes=\"(max-width: 1024px) 100vw, 1024px\" \/><\/figure>\n\n\n\n<p>Vybudov\u00e1na l\u00e1vka k evangelick\u00e9mu\nkostelu. <\/p>\n\n\n\n<p>Zam\u00edtnuta \u00fa\u010dast obce na\nbudov\u00e1n\u00ed skupinov\u00e9ho vodovodu pro Hustope\u010de a okol\u00ed.<\/p>\n\n\n\n<p>V pr\u00e1zdninov\u00fdch m\u011bs\u00edc\u00edch\np\u0159evl\u00e1dalo sucho. A\u017e kolem 21. srpna za\u010dalo pr\u0161et. Z\u00e1\u0159\u00ed bylo chladn\u00e9 a u\u017e v\npolovin\u011b tohoto m\u011bs\u00edce p\u0159i\u0161el mr\u00e1z. Kuku\u0159ice a dal\u0161\u00ed plodiny zmrzly a n\u00e1sledn\u011b\nuschly.<\/p>\n\n\n\n<p>Za\u010d\u00e1tek listopadu p\u0159ipom\u00ednal\nletn\u00ed po\u010das\u00ed. To vyst\u0159\u00eddal v druh\u00e9 polovin\u011b listopadu mr\u00e1z. V prosinci o\nV\u00e1noc\u00edch za\u010dalo pr\u0161et. D\u00e9\u0161\u0165 na silnic\u00edch namrzal a vytvo\u0159il n\u00e1led\u00ed, kter\u00e9 lidem\nkomplikovalo cestov\u00e1n\u00ed<\/p>\n\n\n\n<p>Je t\u0159eba tak\u00e9 zm\u00ednit, \u017ee\nv&nbsp;tomto roce se zapo\u010dalo s&nbsp;rigolov\u00e1n\u00edm-hlubokou orbou.&nbsp; Zvl\u00e1\u0161tn\u00ed pozornost byla v\u011bnov\u00e1na r\u00e9v\u011b,\nproto\u017ee ta byla zni\u010dena v&nbsp;letech 1908-1910 m\u0161ic\u00ed r\u00e9vovou- r\u00e9vokazem.\nZem\u011bd\u011blci za\u010dali vysazovat druhy \u0161t\u011bpovan\u00e9 na americk\u00e9 podlo\u017ece, jej\u00ed\u017e ko\u0159eny\nr\u00e9vokazu l\u00e9pe vzdoruj\u00ed.<\/p>\n\n\n\n<p>18.&nbsp; prosince se v&nbsp;K\u0159epic\u00edch &nbsp;narodila sestra Marie Theodora Relichov\u00e1. Sv\u00e9\nd\u011btstv\u00ed pro\u017eila v podstat\u011b doma se sv\u00fdmi rodi\u010di. Jako \u0161kolu nav\u0161t\u011bvovala\nm\u011b\u0161\u0165anku v Nikol\u010dic\u00edch, kterou nav\u0161t\u011bvovala \u010dty\u0159i roky a p\u0159edt\u00edm ro\u010dn\u00ed u\u010debn\u00ed\nkurz tak\u00e9 v Nikol\u010dic\u00edch. Po ukon\u010den\u00ed m\u011b\u0161\u0165anky roku 1946 ode\u0161la do \u0158ep\u010d\u00ednsk\u00e9ho\nkl\u00e1\u0161tera sester dominik\u00e1nek. Jej\u00edm \u017eivotn\u00edm mottem je: Pane chce\u0161-li m\u011b tady,\ndr\u017e m\u011b.<\/p>\n\n\n\n<figure class=\"wp-block-image size-large\"><img loading=\"lazy\" decoding=\"async\" width=\"372\" height=\"373\" src=\"http:\/\/symbivita.cz\/blog\/wp-content\/uploads\/2020\/03\/sestra-Relichov\u00e1.png\" alt=\"\" class=\"wp-image-217\" srcset=\"https:\/\/symbivita.cz\/blog\/wp-content\/uploads\/2020\/03\/sestra-Relichov\u00e1.png 372w, https:\/\/symbivita.cz\/blog\/wp-content\/uploads\/2020\/03\/sestra-Relichov\u00e1-300x300.png 300w, https:\/\/symbivita.cz\/blog\/wp-content\/uploads\/2020\/03\/sestra-Relichov\u00e1-150x150.png 150w, https:\/\/symbivita.cz\/blog\/wp-content\/uploads\/2020\/03\/sestra-Relichov\u00e1-270x270.png 270w, https:\/\/symbivita.cz\/blog\/wp-content\/uploads\/2020\/03\/sestra-Relichov\u00e1-230x230.png 230w\" sizes=\"(max-width: 372px) 100vw, 372px\" \/><\/figure>\n\n\n\n<p>Sokol 1931<\/p>\n\n\n\n<p>V\u00fdbor\njednoty:<\/p>\n\n\n\n<p>Starosta-\nV\u00e1clav Bed\u0159ich, m\u00edstostarosta- Ji\u0159\u00ed Ne\u010das, jednatel- Josef Husovsk\u00fd,\nvzd\u011blavatel- Josef Husovsk\u00fd, pokladn\u00edk- Jind\u0159ich Ot\u0159\u00edsal, n\u00e1\u010deln\u00edk- Vojt\u011bch\nOt\u0159\u00edsal, n\u00e1\u010delnice Ot. Husovsk\u00e1.<\/p>\n\n\n\n<p>Pokud to\npo\u010das\u00ed dovolovalo cvi\u010denci vystupovali na&nbsp;\nve\u0159ejn\u00fdch akc\u00edch v&nbsp;Krumv\u00ed\u0159i, N\u00e1sledovic\u00edch, \u0160itbo\u0159ic\u00edch a\nuskute\u010dnila se i t\u011blocvi\u010dn\u00e1 bes\u00eddka u n\u00e1s.<\/p>\n\n\n\n<figure class=\"wp-block-image size-large\"><img loading=\"lazy\" decoding=\"async\" width=\"630\" height=\"478\" src=\"http:\/\/symbivita.cz\/blog\/wp-content\/uploads\/2020\/05\/1931-sokol.jpg\" alt=\"\" class=\"wp-image-582\" srcset=\"https:\/\/symbivita.cz\/blog\/wp-content\/uploads\/2020\/05\/1931-sokol.jpg 630w, https:\/\/symbivita.cz\/blog\/wp-content\/uploads\/2020\/05\/1931-sokol-300x228.jpg 300w\" sizes=\"(max-width: 630px) 100vw, 630px\" \/><\/figure>\n\n\n\n<p><strong>1932<\/strong> <\/p>\n\n\n\n<p>Rok tento mo\u017eno ozna\u010diti jako rok\nvelmi such\u00fd. Zima byla m\u00edrn\u00e1. P\u016fl roku nep\u0159i\u0161lo v\u016fbec vydatn\u011bj\u0161\u00edho de\u0161t\u011b, co\u017e\nm\u011blo zhoubn\u00fd n\u00e1sledek pro&nbsp;sklize\u0148 obil\u00ed, Objevily se&nbsp;tak\u00e9 spousty\nhousenek (b\u011bl\u00e1ska ovocn\u00e9ho a&nbsp;bekyn\u011b), tak\u017ee i&nbsp;ovoce bylo m\u00e1lo. Such\u00e9\na&nbsp;hork\u00e9 po\u010das\u00ed tohoto roku bylo dobr\u00e9 pro&nbsp;vinnou r\u00e9vu.<\/p>\n\n\n\n<p><a href=\"https:\/\/cs.wikipedia.org\/wiki\/25._%C3%BAnor\">25. \u00fanora<\/a>&nbsp;\u2013&nbsp;<a href=\"https:\/\/cs.wikipedia.org\/wiki\/Adolf_Hitler\">Adolf Hitler<\/a>&nbsp;z\u00edskal\nn\u011bmeck\u00e9 ob\u010danstv\u00ed a v nadch\u00e1zej\u00edc\u00edch prezidentsk\u00fdch volb\u00e1ch mohl kandidovat\nproti&nbsp;<a href=\"https:\/\/cs.wikipedia.org\/wiki\/Paul_von_Hindenburg\">Paulu von Hindenburgovi<\/a>&nbsp;se ziskem 36,8&nbsp;%.<\/p>\n\n\n\n<p>Zvolen starosta Fr. Stejskal,\nn\u00e1m\u011bstek Jan Ot\u0159\u00edsal z&nbsp;\u010d. 102\n a 16 \u010dlen\u016f obecn\u00edho zastupitelstva; d\u00e1le prohl\u00ed\u017eitel\nmasa Josef Rabovsk\u00fd, po\u017e\u00e1rn\u00ed policie Ant. Novotn\u00fd, J. Solni\u010dka a J. Krupi\u010dka\n(kov\u00e1\u0159). Poln\u00ed hl\u00edda\u010di V. L\u00edzal z&nbsp;\u010d. 195 a Jan Koz\u00e1k z&nbsp;\u010d. 110, no\u010dn\u00ed hl\u00edda\u010d\nJosef Mat\u00fd\u0161ek z&nbsp;\u010d. 190, obecn\u00ed tajemn\u00edk F. Kloupar. <\/p>\n\n\n\n<p>Odhlasov\u00e1ny diety pro\nzastupitele: 12 K\u010d v obci a sousedn\u00edch obc\u00edch, 20 K\u010d p\u0159i jedn\u00e1n\u00ed v\n\u017didlochovic\u00edch a 40 K\u010d v Brn\u011b. <\/p>\n\n\n\n<p>Ud\u011bleno domovsk\u00e9 pr\u00e1vo V\u00e1clavu\nHrabcovi (ud\u011blovalo se po desetilet\u00e9m pobytu v obci). <\/p>\n\n\n\n<p>11. \u010dervence obrovsk\u00e1 pr\u016ftr\u017e\nmra\u010den a t\u00e9m\u011b\u0159 hotov\u00e1 budova \u0161koly byla siln\u011b po\u0161kozena a zatopena. Voda\ndosahovala v\u00fd\u0161e&nbsp; 2-3 m, pom\u00e1haly&nbsp; hasi\u010dsk\u00e9 sbory z&nbsp;Brna, Nosislav\u011b,\nNikol\u010dic.<\/p>\n\n\n\n<p>4. z\u00e1\u0159\u00ed byla p\u0159esto nov\u00e1\np\u0159\u00edstavba \u0161koly otev\u0159ena (v\u00fdchodn\u00ed k\u0159\u00eddlo) a slavnostn\u011b p\u0159ed\u00e1na do u\u017e\u00edv\u00e1n\u00ed V\u0161e\nse do za\u010d\u00e1tku \u0161koln\u00edho roku stihlo opravit. \u00dast\u0159edn\u00ed&nbsp; topen\u00ed zavedla firma J. \u0160t\u011btka z&nbsp;Prahy,\n\u0161koln\u00ed n\u00e1bytek dodala firma Ing. Albrechta, pr\u00e1ce nat\u011bra\u010dsk\u00e9 firma Franti\u0161ek\n\u010c\u00e1slavsk\u00fd z&nbsp;Brna a pr\u00e1ce z\u00e1me\u010dnick\u00e9&nbsp;\nfirma \u201e Ergon\u201c z&nbsp;Brna ( Richard Sastinger a Luk\u00e1\u0161 Lejska).<\/p>\n\n\n\n<p>Akt otev\u0159en\u00ed nov\u00e9 \u0161koln\u00ed\nbudovy provedl starosta&nbsp; Franti\u0161ek\nStejskal a odevzdal kl\u00ed\u010de nov\u00e9 budovy spr\u00e1vci \u0161koly. Promluvili tak\u00e9 za okresn\u00ed\n\u00fa\u0159ad R. Kabela, inspektor Bar\u00e1\u010dek, za u\u010ditelstvo Franti\u0161ek C\u00edsa\u0159 a kone\u010dn\u011b\nFranti\u0161ek Kloupar a&nbsp; \u017e\u00e1ci pod\u011bkovali v\u0161em\nob\u010dan\u016fm. N\u00e1sledovala prohl\u00eddka nov\u00e9 budovy, kter\u00e1 v&nbsp;danou dobu&nbsp; pat\u0159ila k&nbsp;nejkr\u00e1sn\u011bj\u0161\u00edm \u0161kol\u00e1m\nz&nbsp;cel\u00e9ho okol\u00ed.<\/p>\n\n\n\n<figure class=\"wp-block-image size-large\"><img loading=\"lazy\" decoding=\"async\" width=\"1024\" height=\"814\" src=\"http:\/\/symbivita.cz\/blog\/wp-content\/uploads\/2020\/03\/G-21-Mn-6-1024x814.png\" alt=\"\" class=\"wp-image-218\" srcset=\"https:\/\/symbivita.cz\/blog\/wp-content\/uploads\/2020\/03\/G-21-Mn-6-1024x814.png 1024w, https:\/\/symbivita.cz\/blog\/wp-content\/uploads\/2020\/03\/G-21-Mn-6-300x239.png 300w, https:\/\/symbivita.cz\/blog\/wp-content\/uploads\/2020\/03\/G-21-Mn-6-768x611.png 768w, https:\/\/symbivita.cz\/blog\/wp-content\/uploads\/2020\/03\/G-21-Mn-6.png 1387w\" sizes=\"(max-width: 1024px) 100vw, 1024px\" \/><\/figure>\n\n\n\n<p>Vyu\u010dov\u00e1n\u00ed bylo zapo\u010dato ve\n4&nbsp; t\u0159\u00edd\u00e1ch.<\/p>\n\n\n\n<p>Do sboru u\u010ditelsk\u00e9ho p\u0159ibyl\nu\u010d. Old\u0159ich Fojt z&nbsp;Klobouk, ten v\u0161ak v&nbsp;\u0159\u00edjnu ode\u0161el na vojnu a m\u00edsto\nn\u011bj p\u0159i\u0161el V\u00e1clav P\u011bn\u010d\u00edk. <\/p>\n\n\n\n<p>V \u0159\u00edjnu byl slavnostn\u011b p\u0159ed\u00e1n\nk&nbsp;u\u017e\u00edv\u00e1n\u00ed nov\u00fd most u \u0161koly. <\/p>\n\n\n\n<figure class=\"wp-block-image size-large\"><img loading=\"lazy\" decoding=\"async\" width=\"908\" height=\"446\" src=\"http:\/\/symbivita.cz\/blog\/wp-content\/uploads\/2020\/03\/Obr.3.\u0160kola-1932.png\" alt=\"\" class=\"wp-image-219\" srcset=\"https:\/\/symbivita.cz\/blog\/wp-content\/uploads\/2020\/03\/Obr.3.\u0160kola-1932.png 908w, https:\/\/symbivita.cz\/blog\/wp-content\/uploads\/2020\/03\/Obr.3.\u0160kola-1932-300x147.png 300w, https:\/\/symbivita.cz\/blog\/wp-content\/uploads\/2020\/03\/Obr.3.\u0160kola-1932-768x377.png 768w\" sizes=\"(max-width: 908px) 100vw, 908px\" \/><\/figure>\n\n\n\n<p>28. \u0159\u00edjna a narozen\u00ed pana\nprezidenta byly oslaveny jako jin\u00e1 l\u00e9ta vhodn\u00fdmi oslavn\u00fdmi b\u00e1sn\u011bmi, p\u00edsn\u011bmi a\nprodukcemi. Krom\u011b spr\u00e1vce \u0161koly promluvili oba man\u017eel\u00e9 Husov\u0161t\u00ed.<\/p>\n\n\n\n<p>Za obecn\u00edho past\u00fd\u0159e p\u0159ijat Fr.\nKugler.\n\nEvangelick\u00fd far\u00e1\u0159 Jaroslav\nSochor byl ustanoven&nbsp; far\u00e1\u0159em\nv&nbsp;Miroslav\u011b. \n\n\n\n<\/p>\n\n\n\n<figure class=\"wp-block-image size-large\"><img loading=\"lazy\" decoding=\"async\" width=\"463\" height=\"563\" src=\"http:\/\/symbivita.cz\/blog\/wp-content\/uploads\/2020\/03\/Obr.-1.-Ev.far\u00e1\u0159-Jaroslav-Sochor.png\" alt=\"\" class=\"wp-image-220\" srcset=\"https:\/\/symbivita.cz\/blog\/wp-content\/uploads\/2020\/03\/Obr.-1.-Ev.far\u00e1\u0159-Jaroslav-Sochor.png 463w, https:\/\/symbivita.cz\/blog\/wp-content\/uploads\/2020\/03\/Obr.-1.-Ev.far\u00e1\u0159-Jaroslav-Sochor-247x300.png 247w\" sizes=\"(max-width: 463px) 100vw, 463px\" \/><\/figure>\n\n\n\n<p>Na jeho m\u00edsto byl dosazen\nV\u00e1clav Hora.<\/p>\n\n\n\n<p><strong>Sokol 1932<\/strong><\/p>\n\n\n\n<p>Starosta-\nV\u00e1clav Bed\u0159ich, m\u00edstostarosta- Ji\u0159\u00ed Ne\u010das, jednatel- Vojt\u011bch Ot\u0159\u00edsal,\nvzd\u011blavatel- Josef Husovsk\u00fd, pokladn\u00edk- Jind\u0159ich Ot\u0159\u00edsal, n\u00e1\u010deln\u00edk- Bohu\u0161\nSvoboda, n\u00e1\u010delnice Josefa L\u00edzalov\u00e1.<\/p>\n\n\n\n<p>Nacvi\u010dovali\nprostn\u00e1 k&nbsp;IX.sletu, \u00fa\u010dast byla dobr\u00e1. Cvi\u010dili v&nbsp;Dambo\u0159ic\u00edch, v&nbsp;Podiv\u00edn\u011b.\nByli na sletu v&nbsp;Praze. T\u011blocvi\u010dn\u00e1 bes\u00eddka se uskute\u010dnila na dvo\u0159e\nc\u00edrkevn\u00edho domu \u010d. 86. &nbsp;28. \u0159\u00edjna vystoupilo\n\u017eactvo. Tane\u010dn\u00edch z\u00e1bav a&nbsp; divadel bylo\nm\u00e1lo.<\/p>\n\n\n\n<figure class=\"wp-block-image size-large\"><img loading=\"lazy\" decoding=\"async\" width=\"533\" height=\"482\" src=\"http:\/\/symbivita.cz\/blog\/wp-content\/uploads\/2020\/05\/1932-sokol.jpg\" alt=\"\" class=\"wp-image-584\" srcset=\"https:\/\/symbivita.cz\/blog\/wp-content\/uploads\/2020\/05\/1932-sokol.jpg 533w, https:\/\/symbivita.cz\/blog\/wp-content\/uploads\/2020\/05\/1932-sokol-300x271.jpg 300w\" sizes=\"(max-width: 533px) 100vw, 533px\" \/><\/figure>\n\n\n\n<p>Hospod\u00e1\u0159sk\u00e1\nb\u00edda na&nbsp;na\u0161em venkov\u011b vzr\u016fst\u00e1. Rok ne\u00farodn\u00fd, hospod\u00e1\u0159sk\u00e9 plodiny bezcenn\u00e9.\nNezam\u011bstnanost roste, v\u0161ude je nedostatek hotov\u00fdch pen\u011bz. Z\u00e1lo\u017eny nemohou ani\nposkytovat \u00fav\u011br, ani vypl\u00e1cet vklady.<\/p>\n\n\n\n<p>Na Ukrajin\u011b prob\u00edhal hladomor.<\/p>\n\n\n\n<p><strong>1933<\/strong> <\/p>\n\n\n\n<p>Cel\u00fd tento rok byl op\u011bt nev\u00eddan\u011b such\u00fd. A\u017e&nbsp;po\u010d\u00e1tkem z\u00e1\u0159\u00ed p\u0159i\u0161ly de\u0161t\u011b,\nov\u0161em ji\u017e pozd\u011b. Vinobran\u00ed bylo slab\u0161\u00ed ne\u017e minul\u00e9ho roku pro&nbsp;rozm\u00e1haj\u00edc\u00ed\nse&nbsp;r\u00e9vokaz. Ve&nbsp;vinohradech se&nbsp;roz\u0161i\u0159uje r\u00e9va s\u00e1zen\u00e1\nna&nbsp;americk\u00e9 podlo\u017ece, kter\u00e1 je odoln\u011bj\u0161\u00ed. Mnoz\u00ed z&nbsp;nedostatku jin\u00e9\nza\u010d\u00ednaj\u00ed s\u00e1zet divokou r\u00e9vu zvanou \u201cderek\u201d, kter\u00e1 hodn\u011b rod\u00ed, ale\npro&nbsp;\u0161patnou jakost v\u00edna nen\u00ed doporu\u010den\u00ed hodn\u00e1.<\/p>\n\n\n\n<p><a href=\"https:\/\/cs.wikipedia.org\/wiki\/N%C4%9Bmecko\">N\u011bmeck\u00fd<\/a> st\u00e1t se za\u010dal naz\u00fdvat nacistick\u00e9 N\u011bmecko,\nbylo to v dob\u011b vl\u00e1dy&nbsp;<a href=\"https:\/\/cs.wikipedia.org\/wiki\/N%C3%A1rodn%C4%9B_socialistick%C3%A1_n%C4%9Bmeck%C3%A1_d%C4%9Blnick%C3%A1_strana\">nacistick\u00e9\nstrany<\/a>,\ntedy od roku&nbsp;<a href=\"https:\/\/cs.wikipedia.org\/wiki\/1933\">1933<\/a>&nbsp;(jmenov\u00e1n\u00ed&nbsp;<a href=\"https:\/\/cs.wikipedia.org\/wiki\/Adolf_Hitler\">Adolfa Hitlera<\/a>&nbsp;<a href=\"https:\/\/cs.wikipedia.org\/wiki\/N%C4%9Bmeck%C3%BD_kancl%C3%A9%C5%99\">n\u011bmeck\u00fdm kancl\u00e9\u0159em<\/a>&nbsp;prob\u011bhlo\n30.&nbsp;ledna 1933 a dikt\u00e1torsk\u00e9 pravomoci Hitler p\u0159evzal v b\u0159eznu 1933)\nOfici\u00e1ln\u00ed n\u00e1zev st\u00e1tu byl&nbsp;N\u011bmeck\u00e1 \u0159\u00ed\u0161e&nbsp;(<a href=\"https:\/\/cs.wikipedia.org\/wiki\/N%C4%9Bm%C4%8Dina\">n\u011bmecky<\/a>&nbsp;<em>Deutsches Reich<\/em>) do roku 1943 a&nbsp;Velkon\u011bmeck\u00e1 \u0159\u00ed\u0161e&nbsp;(n\u011bmecky&nbsp;<em>Gro\u00dfdeutsches\nReich<\/em>) od roku 1943 do jeho z\u00e1niku roku 1945.<\/p>\n\n\n\n<p>22. ledna Tyto ud\u00e1losti\nm\u011bly&nbsp; vliv i na&nbsp; na\u0161i republiku. V&nbsp; \u00fanoru se pokusili&nbsp;fa\u0161ist\u00e9\nv&nbsp;\u010dele s&nbsp;Kobzinkem a&nbsp;Gajdlem o&nbsp;p\u0159evrat v&nbsp;Brn\u011b.\nPokusili se&nbsp;o&nbsp;\u00fatok na&nbsp;\u201cSvatoplukovy kas\u00e1rny\u201d, ale byli odra\u017eeni\na&nbsp;v\u016fdcov\u00e9 utekli do&nbsp;ciziny, vyd\u00e1ni a&nbsp;potrest\u00e1ni dlouholet\u00fdm\n\u017eal\u00e1\u0159em.<\/p>\n\n\n\n<p><a href=\"https:\/\/cs.wikipedia.org\/wiki\/28._%C3%BAnor\">28. \u00fanora<\/a>&nbsp;\u2013 vrchol&nbsp;<a href=\"https:\/\/cs.wikipedia.org\/wiki\/Nezam%C4%9Bstnanost\">nezam\u011bstnanosti<\/a>&nbsp;v&nbsp;<a href=\"https:\/\/cs.wikipedia.org\/wiki\/%C4%8Ceskoslovensko\">\u010ceskoslovensku<\/a>.\nZprost\u0159edkovatelny pr\u00e1ce eviduj\u00ed 920 182 nezam\u011bstnan\u00fdch. Odhaduje se, \u017ee\nskute\u010dn\u00fd stav byl a\u017e o 1\/3 vy\u0161\u0161\u00ed.<\/p>\n\n\n\n<p>Na na\u0161\u00ed \u0161kole prob\u011bhla epidemie&nbsp; spalni\u010dek, dva \u017e\u00e1ci m\u011bli z\u00e1\u0161krt.<\/p>\n\n\n\n<p>Funkci\ntajemn\u00edka p\u0159eb\u00edr\u00e1 Fr. Stejskal. Za n\u00e1jemce obecn\u00edho hostince vybr\u00e1n Ant.\nHochman, koncem roku nahrazen Ant. Jur\u010d\u00edkem. Do svazku obce p\u0159ijati Fr.\nStrouhal a Josef Hrouzek.<\/p>\n\n\n\n<p><a href=\"https:\/\/cs.wikipedia.org\/wiki\/26._duben\">26. dubna<\/a>&nbsp;\u2013 vzniklo v&nbsp;N\u011bmecku &nbsp;<a href=\"https:\/\/cs.wikipedia.org\/wiki\/Gestapo\">gestapo<\/a><\/p>\n\n\n\n<p>21. kv\u011btna&nbsp; byly kon\u00e1ny&nbsp;\nm\u00e1jov\u00e9 oslavy, \u017e\u00e1ci ze&nbsp; \u0161koly\np\u0159edvedli&nbsp; t\u011blocvi\u010dn\u00e9 produkce ve\nstylu&nbsp; rytmick\u00e9ho&nbsp; t\u011blocviku. Krom\u011b t\u011bchto oslav byly&nbsp; kon\u00e1ny&nbsp;\nr\u016fzn\u00e9 dal\u0161\u00ed akce, na kter\u00e9 byli zv\u00e1ni rodi\u010de a ostatn\u00ed ob\u010dan\u00e9. Byly to:\nDen svobody, \u010cerven\u00fd k\u0159\u00ed\u017e, oslavy Bed\u0159icha Smetany, Anton\u00edna Dvo\u0159\u00e1ka, M.R.\n\u0160tef\u00e1nika. Posmrtn\u00e9 vzpom\u00ednky&nbsp; byly\nv\u011bnov\u00e1ny Dr. \u0160vehlovi a Fr. \u00dalehlovi. V\u0161e s&nbsp;bohat\u00fdm programem. Ze sb\u00edrky\nbylo koupeno pl\u00e1tno na&nbsp; \u0161koln\u00ed&nbsp; jevi\u0161t\u011b.<\/p>\n\n\n\n<p><a href=\"https:\/\/cs.wikipedia.org\/wiki\/28._%C5%99%C3%ADjen\">28. \u0159\u00edjna<\/a>&nbsp;\u2013\nst\u00e1tn\u00ed sv\u00e1tek a 15. v\u00fdro\u010d\u00ed vzniku \u010ceskoslovensk\u00e9 republiky oslavil prezident\nrepubliky&nbsp;<a href=\"https:\/\/cs.wikipedia.org\/wiki\/Tom%C3%A1%C5%A1_Garrigue_Masaryk\">Tom\u00e1\u0161 Garrigue\nMasaryk<\/a>&nbsp;j\u00edzdou na p\u0159id\u011blen\u00e9m policejn\u00edm koni (jeho obl\u00edben\u00fd\nHektor ji\u017e nebyl) v \u010dele p\u0159ehl\u00eddkov\u00e9ho pr\u016fvodu od muzea na V\u00e1clavsk\u00e9m n\u00e1m\u011bst\u00ed\na\u017e na dne\u0161n\u00ed n\u00e1m\u011bst\u00ed Jana Palacha, kde byla p\u0159ehl\u00eddkov\u00e1 tribuna.<\/p>\n\n\n\n<p>26 listopadu se&nbsp; konala&nbsp;\nvolba nov\u00e9 \u0161koln\u00ed rady. P\u0159edsedou byl zvolen Jan Ne\u010das, \u010d. 13,\nm\u00edstop\u0159edseda Anton\u00edn Han\u00fd\u0161ek- krej\u010d\u00ed. D\u00e1le jsou ve \u0161koln\u00ed rad\u011b: Franti\u0161ek Kloupar,\nJosef Husovsk\u00fd- za u\u010ditele, \u0158eho\u0159 Ne\u010das a Franti\u0161ek Z\u00e1black\u00fd \u010d.12 \u2013 za obec.<\/p>\n\n\n\n<p>Slo\u017een\u00ed pedagogick\u00e9ho sboru\nz\u016fstalo stejn\u00e9. Jen u\u010ditelka&nbsp; Husovsk\u00e1\node\u0161la na mate\u0159skou dovolenou a&nbsp;\nnahradila ji u\u010d. Zita Hlou\u0161kov\u00e1 nar. v&nbsp;\u017didlochovic\u00edch.<\/p>\n\n\n\n<p>\u017d\u00e1ci na \u0161kole poslouchali pravideln\u011b&nbsp; rozhlas.<\/p>\n\n\n\n<figure class=\"wp-block-image size-large\"><img loading=\"lazy\" decoding=\"async\" width=\"910\" height=\"513\" src=\"http:\/\/symbivita.cz\/blog\/wp-content\/uploads\/2020\/05\/1933-ro\u010dn\u00edk.jpg\" alt=\"\" class=\"wp-image-588\" srcset=\"https:\/\/symbivita.cz\/blog\/wp-content\/uploads\/2020\/05\/1933-ro\u010dn\u00edk.jpg 910w, https:\/\/symbivita.cz\/blog\/wp-content\/uploads\/2020\/05\/1933-ro\u010dn\u00edk-300x169.jpg 300w, https:\/\/symbivita.cz\/blog\/wp-content\/uploads\/2020\/05\/1933-ro\u010dn\u00edk-768x433.jpg 768w\" sizes=\"(max-width: 910px) 100vw, 910px\" \/><\/figure>\n\n\n\n<p>Sokol 1933<\/p>\n\n\n\n<p>Prozat\u00edmn\u00ed&nbsp; m\u00edstnost,\nkter\u00e1 slou\u017eila jak&nbsp; t\u011blocvi\u010dna &nbsp;v&nbsp;c\u00edrkevn\u00edm dom\u011b \u010d. 86, musela jednota\nvyklidit a&nbsp; vr\u00e1tit k&nbsp;pot\u0159eb\u00e1m &nbsp;c\u00edrkve. Byl ponech\u00e1n k&nbsp;dispozici dv\u016fr a\njedna komora. Tak\u017ee se op\u011bt cvi\u010dilo pod&nbsp;\n\u0161ir\u00fdm nebem. Cvi\u010denci se&nbsp;\n\u00fa\u010dastnili ve\u0159. Dvi\u010den\u00ed v&nbsp;Klobouk\u00e1ch, Roz\u00e1\u0159\u00edn\u011b. Byla t\u011b\u017ek\u00e1 doba\nhospod\u00e1\u0159sk\u00e9 krize, nebylo velk\u00e9 aktivity.<\/p>\n\n\n\n<p>Starosta- V\u00e1clav Bed\u0159ich, &nbsp;jednatel-Jan Ry\u0161av\u00fd, vzd\u011blavatel- Josef\nHusovsk\u00fd, pokladn\u00edk- Jaroslav Ku\u010dera, n\u00e1\u010deln\u00edk- Bohu\u0161 Svoboda, n\u00e1\u010delnice \u2013\nJosefa Bed\u0159ichov\u00e1. Z\u00e1kladna&nbsp; \u010d\u00edtala&nbsp; 30&nbsp;\n\u010dlen\u016f.<\/p>\n\n\n\n<figure class=\"wp-block-image size-large\"><img loading=\"lazy\" decoding=\"async\" width=\"516\" height=\"452\" src=\"http:\/\/symbivita.cz\/blog\/wp-content\/uploads\/2020\/05\/1933-sokol.jpg\" alt=\"\" class=\"wp-image-586\" srcset=\"https:\/\/symbivita.cz\/blog\/wp-content\/uploads\/2020\/05\/1933-sokol.jpg 516w, https:\/\/symbivita.cz\/blog\/wp-content\/uploads\/2020\/05\/1933-sokol-300x263.jpg 300w\" sizes=\"(max-width: 516px) 100vw, 516px\" \/><\/figure>\n\n\n\n<p><strong>1934 <\/strong><\/p>\n\n\n\n<p>Rok 1934&nbsp;byl jako minul\u00e9 posledn\u00ed t\u0159i l\u00e9ta v&nbsp;prvn\u00ed polovici velmi\nsuch\u00fd a&nbsp;hork\u00fd. Zima byla m\u00edrn\u00e1, sn\u011bhu m\u00e1lo. Jaro p\u0159i\u0161lo velmi brzo.\nPo&nbsp;20.&nbsp;dubnu p\u0159i\u0161ly velmi hork\u00e9 dny (a\u017e 40\u00b0 C) O\u010dek\u00e1val se&nbsp;d\u00e9\u0161\u0165,\nale nep\u0159i\u0161el. Jeliko\u017e zem\u011b byla ve&nbsp;spodu vyprahl\u00e1 od&nbsp;minul\u00fdch such\u00fdch\nlet, tedy povrchn\u00ed jarn\u00ed vl\u00e1ha za&nbsp;takov\u00fdch hork\u00fdch dn\u016f brzy vyschla.\nN\u00e1sledkem tak velik\u00e9ho sucha sena bylo m\u00e1lo a&nbsp;druh\u00fdch jetelin skoro nic,\nobil\u00ed po\u010dalo p\u0159ed\u010dasn\u011b dozr\u00e1vati pon\u011bvad\u017e bylo zaschl\u00e9, tak\u017ee koncem \u010dervna ji\u017e\nnastaly \u017en\u011b. \u010cervenec byl zase velmi such\u00fd. Ovoce bylo dost, zvl\u00e1\u0161t\u011b t\u0159e\u0161n\u00ed.\nVinohrady, kter\u00e9 nebyly zni\u010deny od&nbsp;r\u00e9vokazu, slibovaly t\u00e9\u017e dobrou \u00farodu.<\/p>\n\n\n\n<p><a href=\"https:\/\/cs.wikipedia.org\/wiki\/24._kv%C4%9Bten\">24. kv\u011btna<\/a>&nbsp;\u2013 \u010dtvrt\u00e1 volba&nbsp;<a href=\"https:\/\/cs.wikipedia.org\/wiki\/Tom%C3%A1%C5%A1_Garrigue_Masaryk\">Tom\u00e1\u0161e Garrigua Masaryka<\/a>&nbsp;prezidentem\nRepubliky \u010deskoslovensk\u00e9.<\/p>\n\n\n\n<p><a href=\"https:\/\/cs.wikipedia.org\/wiki\/9._%C4%8Derven\">9. \u010dervna<\/a>&nbsp;\u2013&nbsp;<a href=\"https:\/\/cs.wikipedia.org\/wiki\/%C4%8Ceskoslovensko\">\u010ceskoslovensko<\/a>&nbsp;uznalo&nbsp;<a href=\"https:\/\/cs.wikipedia.org\/wiki\/Sov%C4%9Btsk%C3%BD_svaz\">Sov\u011btsk\u00fd\nsvaz<\/a>&nbsp;<a href=\"https:\/\/cs.wikipedia.org\/wiki\/De_iure\"><em>de iure<\/em><\/a>.<\/p>\n\n\n\n<p>V&nbsp;prvn\u00ed polovici srpna bylo je\u0161t\u011b velik\u00e9 sucho, ale v&nbsp;druh\u00e9\npolovici p\u0159i\u0161ly velik\u00e9 p\u0159\u00edvaly. Prvn\u00ed p\u0159i\u0161el v&nbsp;noci\nze&nbsp;27.&nbsp;na&nbsp;28.8. Tento byl nejv\u011bt\u0161\u00ed a&nbsp;zp\u016fsobil nejv\u00edce\n\u0161kody.<\/p>\n\n\n\n<p>Ve \u0161kole&nbsp; nastaly zm\u011bny- u\u010ditel P\u011bn\u010d\u00edk byl p\u0159elo\u017een do\n\u0160akvic, m\u00edsto n\u011bj byl ustanoven Vil\u00e9m Kabela ( narodil se v&nbsp;Boleradic\u00edch) (\nna obr.)<\/p>\n\n\n\n<p>Ud\u011bleno\ndomovsk\u00e9 pr\u00e1vo Josef\u011b Sirov\u00e9. <\/p>\n\n\n\n<p>Projedn\u00e1na\nv\u00fdstavba po\u017e\u00e1rn\u00ed n\u00e1dr\u017ee. &nbsp;<\/p>\n\n\n\n<p>Kafk\u016fv\nautobus byl zni\u010den v\u00fdbuchem. Po m\u011bs\u00ed\u010dn\u00ed p\u0159est\u00e1vce zah\u00e1jena doprava autobusem\npana Grol\u00edka. Jezd\u00ed jednou denn\u011b \u2013 r\u00e1no do \u017didlochovic a ve\u010der zp\u011bt.<\/p>\n\n\n\n<figure class=\"wp-block-image size-large\"><img loading=\"lazy\" decoding=\"async\" width=\"482\" height=\"382\" src=\"http:\/\/symbivita.cz\/blog\/wp-content\/uploads\/2020\/03\/Fic-1935-blog.png\" alt=\"\" class=\"wp-image-223\" srcset=\"https:\/\/symbivita.cz\/blog\/wp-content\/uploads\/2020\/03\/Fic-1935-blog.png 482w, https:\/\/symbivita.cz\/blog\/wp-content\/uploads\/2020\/03\/Fic-1935-blog-300x238.png 300w\" sizes=\"(max-width: 482px) 100vw, 482px\" \/><\/figure>\n\n\n\n<figure class=\"wp-block-image size-large\"><img loading=\"lazy\" decoding=\"async\" width=\"605\" height=\"463\" src=\"http:\/\/symbivita.cz\/blog\/wp-content\/uploads\/2020\/03\/1934-Solni\u010dkov\u00e1-blog.png\" alt=\"\" class=\"wp-image-225\" srcset=\"https:\/\/symbivita.cz\/blog\/wp-content\/uploads\/2020\/03\/1934-Solni\u010dkov\u00e1-blog.png 605w, https:\/\/symbivita.cz\/blog\/wp-content\/uploads\/2020\/03\/1934-Solni\u010dkov\u00e1-blog-300x230.png 300w\" sizes=\"(max-width: 605px) 100vw, 605px\" \/><\/figure>\n\n\n\n<p>Sokol 1934<\/p>\n\n\n\n<p>V&nbsp;\u010dele jednoty st\u00e1li:<\/p>\n\n\n\n<p>Starosta- V\u00e1clav Bed\u0159ich, &nbsp;jednatel-Vil\u00e9m Pivec, vzd\u011blavatel- Josef\nHusovsk\u00fd, pokladn\u00edk- Jaroslav Ku\u010dera, n\u00e1\u010deln\u00edk- Franti\u0161ek Ne\u010das, n\u00e1\u010delnice \u2013\nJosefa L\u00edzalov\u00e1.<\/p>\n\n\n\n<p>Cvi\u010dilo se velmi nepravideln\u011b, byla mal\u00e1 \u010dlensk\u00e1 z\u00e1kladna.<\/p>\n\n\n\n<p>28. \u0159\u00edjna&nbsp; byla&nbsp; bes\u00eddka a akademie, kter\u00e1 byla zah\u00e1jena&nbsp; p\u0159edn\u00e1\u0161kou vzd\u011blavatele Josefa Husovsk\u00e9ho a\npak n\u00e1sledoval&nbsp; pestr\u00fd po\u0159ad&nbsp; t\u011blocvi\u010dn\u00fdch \u010d\u00edsel. Na\u0161i d\u00e1le cvi\u010dili v&nbsp;Hovoranech,\nMork\u016fvk\u00e1ch.<\/p>\n\n\n\n<p>Divadlo bylo sehr\u00e1no pouze jedno.<\/p>\n\n\n\n<figure class=\"wp-block-image size-large\"><img loading=\"lazy\" decoding=\"async\" width=\"534\" height=\"529\" src=\"http:\/\/symbivita.cz\/blog\/wp-content\/uploads\/2020\/05\/1934-sokol.jpg\" alt=\"\" class=\"wp-image-590\" srcset=\"https:\/\/symbivita.cz\/blog\/wp-content\/uploads\/2020\/05\/1934-sokol.jpg 534w, https:\/\/symbivita.cz\/blog\/wp-content\/uploads\/2020\/05\/1934-sokol-300x297.jpg 300w, https:\/\/symbivita.cz\/blog\/wp-content\/uploads\/2020\/05\/1934-sokol-150x150.jpg 150w\" sizes=\"(max-width: 534px) 100vw, 534px\" \/><\/figure>\n\n\n\n<p><strong>1935<\/strong> <\/p>\n\n\n\n<p>Rok tento byl &nbsp;zase velmi such\u00fd byl,\nzvl\u00e1\u0161t\u011b ve&nbsp;druh\u00e9 polovici, &nbsp;takov\u00e1\nsucha jsou zaznamen\u00e1na&nbsp; ji\u017e&nbsp; \u010dtvrt\u00fd rok. Zima byla dosti m\u00edrn\u00e1, ale\np\u0159etrvala a\u017e&nbsp;do&nbsp;polovice m\u011bs\u00edce b\u0159ezna, sn\u011bhu bylo v\u00edce ne\u017e-li\nv&nbsp;roce minul\u00e9m. Jaro p\u0159i\u0161lo pozd\u011b. Lze \u0159\u00edci \u017ee&nbsp; rok nebyl pro zem\u011bd\u011blce p\u0159\u00edzniv\u00fd. <\/p>\n\n\n\n<figure class=\"wp-block-image size-large\"><img loading=\"lazy\" decoding=\"async\" width=\"1019\" height=\"1024\" src=\"http:\/\/symbivita.cz\/blog\/wp-content\/uploads\/2020\/03\/Obr.5.-1019x1024.png\" alt=\"\" class=\"wp-image-226\" srcset=\"https:\/\/symbivita.cz\/blog\/wp-content\/uploads\/2020\/03\/Obr.5.-1019x1024.png 1019w, https:\/\/symbivita.cz\/blog\/wp-content\/uploads\/2020\/03\/Obr.5.-300x300.png 300w, https:\/\/symbivita.cz\/blog\/wp-content\/uploads\/2020\/03\/Obr.5.-150x150.png 150w, https:\/\/symbivita.cz\/blog\/wp-content\/uploads\/2020\/03\/Obr.5.-768x772.png 768w, https:\/\/symbivita.cz\/blog\/wp-content\/uploads\/2020\/03\/Obr.5.-270x270.png 270w, https:\/\/symbivita.cz\/blog\/wp-content\/uploads\/2020\/03\/Obr.5.-230x230.png 230w, https:\/\/symbivita.cz\/blog\/wp-content\/uploads\/2020\/03\/Obr.5..png 1065w\" sizes=\"(max-width: 1019px) 100vw, 1019px\" \/><\/figure>\n\n\n\n<p>6. ledna&nbsp; byla ve&nbsp;\n\u0161kole uspo\u0159\u00e1d\u00e1na sch\u016fze&nbsp; rodi\u010d\u016f\ns&nbsp;u\u010diteli, p\u0159i n\u00ed\u017e sehr\u00e1li&nbsp; \u017e\u00e1ci&nbsp; divadeln\u00ed kus: \u201e\u0160t\u011bdr\u00fd den chud\u00e9 prodava\u010dky\u201c.\nP\u0159i t\u00e9to p\u0159\u00edle\u017eitosti bylo vzpomenuto 100 let\u00e9&nbsp;\nv\u00fdro\u010d\u00ed na\u0161\u00ed hymny.<\/p>\n\n\n\n<p>V&nbsp;Div\u00e1k\u00e1ch do\u0161lo k&nbsp;pokusu o v\u00fdrobu fale\u0161n\u00fdch&nbsp; bankovek (1934); na\u0161li zde&nbsp; tajnou pen\u011bzokazeckou d\u00edlnu v&nbsp;dom\u011b \u010d.\n152.<\/p>\n\n\n\n<p>10.ledna<\/p>\n\n\n\n<p>\u010cinovn\u00edci Sokola: Starosta: V\u00e1clav Bed\u0159ich. M\u00edstostarosta: Jaroslav Ku\u010dera. Jednatel: V. Pivec. Pokladn\u00edk Jind\u0159ich Ot\u0159\u00edsal. Vzd\u011blavatel: Josef Husovsk\u00fd ( u\u010ditel). Hospod\u00e1\u0159: E.Ot\u0159\u00edsal. N\u00e1\u010deln\u00edk : B, Ot\u0159\u00edsal. N\u00e1\u010delnice Jos. L\u00edzalov\u00e1.<\/p>\n\n\n\n<p>Nicm\u00e9n\u011b projevuje se stagnace&nbsp; \u010dinnosti organizace.<\/p>\n\n\n\n<p>U\u010ditel Josef Husovsk\u00fd&nbsp;\nzalo\u017eil&nbsp; 10. ledna 1935 kroniku\nSokola, ve kter\u00e9 vyl\u00ed\u010dil historii prvn\u00edch 15 let \u017eivota jednoty od&nbsp; roku 1920.<\/p>\n\n\n\n<figure class=\"wp-block-image size-large\"><img loading=\"lazy\" decoding=\"async\" width=\"589\" height=\"754\" src=\"http:\/\/symbivita.cz\/blog\/wp-content\/uploads\/2020\/05\/Kronika-sokolsk\u00e1.jpg\" alt=\"\" class=\"wp-image-592\" srcset=\"https:\/\/symbivita.cz\/blog\/wp-content\/uploads\/2020\/05\/Kronika-sokolsk\u00e1.jpg 589w, https:\/\/symbivita.cz\/blog\/wp-content\/uploads\/2020\/05\/Kronika-sokolsk\u00e1-234x300.jpg 234w\" sizes=\"(max-width: 589px) 100vw, 589px\" \/><\/figure>\n\n\n\n<p>V b\u0159eznu oslavil \u0161edes\u00e1tiny\ninspektor Osvald Bar\u00e1\u010dek.<\/p>\n\n\n\n<figure class=\"wp-block-image size-large\"><img loading=\"lazy\" decoding=\"async\" width=\"493\" height=\"617\" src=\"http:\/\/symbivita.cz\/blog\/wp-content\/uploads\/2020\/03\/Osvald-Bar\u00e1\u010dek.png\" alt=\"\" class=\"wp-image-227\" srcset=\"https:\/\/symbivita.cz\/blog\/wp-content\/uploads\/2020\/03\/Osvald-Bar\u00e1\u010dek.png 493w, https:\/\/symbivita.cz\/blog\/wp-content\/uploads\/2020\/03\/Osvald-Bar\u00e1\u010dek-240x300.png 240w\" sizes=\"(max-width: 493px) 100vw, 493px\" \/><\/figure>\n\n\n\n<p>U\u010ditelsk\u00fd sbor se&nbsp;\n\u017e\u00e1ky mu zaslali blahop\u0159ejn\u00fd dopis, za kter\u00fd vz\u00e1cn\u00fd&nbsp; jubilant srde\u010dn\u011b pod\u011bkoval.<\/p>\n\n\n\n<p>18. b\u0159ezna se narodil vynikaj\u00edc\u00ed\nkantor, kronik\u00e1\u0159, mal\u00ed\u0159, n\u00e1rodopisec a biolog&nbsp;\nMgr. Josef \u010cern\u00fd.<\/p>\n\n\n\n<figure class=\"wp-block-image size-large\"><img loading=\"lazy\" decoding=\"async\" width=\"1024\" height=\"809\" src=\"http:\/\/symbivita.cz\/blog\/wp-content\/uploads\/2020\/03\/Obr.6.Odvedenci-1935-1024x809.png\" alt=\"\" class=\"wp-image-228\" srcset=\"https:\/\/symbivita.cz\/blog\/wp-content\/uploads\/2020\/03\/Obr.6.Odvedenci-1935-1024x809.png 1024w, https:\/\/symbivita.cz\/blog\/wp-content\/uploads\/2020\/03\/Obr.6.Odvedenci-1935-300x237.png 300w, https:\/\/symbivita.cz\/blog\/wp-content\/uploads\/2020\/03\/Obr.6.Odvedenci-1935-768x607.png 768w, https:\/\/symbivita.cz\/blog\/wp-content\/uploads\/2020\/03\/Obr.6.Odvedenci-1935.png 1037w\" sizes=\"(max-width: 1024px) 100vw, 1024px\" \/><\/figure>\n\n\n\n<p>Na Ba\u0159in\u011b st\u00e1valy v\u00e1hy naproti \u010d. 10&nbsp; a tento rok byla p\u0159istav\u011bna trafika pana &nbsp;Josefa Barto\u0148ky. \u0158\u00edkalo se mu \u0160najdr, prod\u00e1val cigarety. <\/p>\n\n\n\n<figure class=\"wp-block-image size-large\"><img loading=\"lazy\" decoding=\"async\" width=\"606\" height=\"429\" src=\"http:\/\/symbivita.cz\/blog\/wp-content\/uploads\/2020\/03\/V\u00e1hy-blog.png\" alt=\"\" class=\"wp-image-230\" srcset=\"https:\/\/symbivita.cz\/blog\/wp-content\/uploads\/2020\/03\/V\u00e1hy-blog.png 606w, https:\/\/symbivita.cz\/blog\/wp-content\/uploads\/2020\/03\/V\u00e1hy-blog-300x212.png 300w\" sizes=\"(max-width: 606px) 100vw, 606px\" \/><\/figure>\n\n\n\n<p>M\u00edsto trafikanta&nbsp; dostal pro zmrza\u010denou nohu z&nbsp;I. sv\u011btov\u00e9 v\u00e1lky. Sv\u00e9ho \u010dasu tam byl tak\u00e9 holi\u010d- p. So\u0161ka a tak\u00e9 sb\u011brna ml\u00e9ka- pan Solni\u010dka vzpom\u00edn\u00e1 ( Nikol\u010dick\u00e1 \u010d\u00edtanka II str.33) Denn\u011b tam p\u0159ij\u00ed\u017ed\u011blo ml\u00e9k\u00e1rensk\u00e9 auto. Ne\u017e se nalo\u017eily konve, \u0161of\u00e9r&nbsp; nalo\u017eil n\u00e1ru\u010d pol\u00ednek pod kotel um\u00edst\u011bn\u00fd na korb\u011b. Smradlav\u00fd kou\u0159 se&nbsp; vyvalil na celou d\u011bdinu, d\u0159evo toti\u017e neho\u0159elo plamenem, jen se&nbsp; destilovalo. Auta&nbsp; jezdila na d\u0159evoplyn.<\/p>\n\n\n\n<figure class=\"wp-block-image size-large\"><img loading=\"lazy\" decoding=\"async\" width=\"341\" height=\"152\" src=\"http:\/\/symbivita.cz\/blog\/wp-content\/uploads\/2020\/03\/D\u0159evoplyn-blog.png\" alt=\"\" class=\"wp-image-231\" srcset=\"https:\/\/symbivita.cz\/blog\/wp-content\/uploads\/2020\/03\/D\u0159evoplyn-blog.png 341w, https:\/\/symbivita.cz\/blog\/wp-content\/uploads\/2020\/03\/D\u0159evoplyn-blog-300x134.png 300w\" sizes=\"(max-width: 341px) 100vw, 341px\" \/><\/figure>\n\n\n\n<p>Uk\u00e1zka takov\u00e9ho&nbsp;\nautomobilu, kter\u00e9 jezdilo na d\u0159evoplyn.<\/p>\n\n\n\n<p>Pro mal\u00fd z\u00e1jem jezd\u00ed autobus\njen v pond\u011bl\u00ed a v sobotu. Od \u010dervence pak je nucen p. Grol\u00edk dopravu ukon\u010dit.<\/p>\n\n\n\n<p>\u0158\u00edjen 1936 \u2013 v Div\u00e1k\u00e1ch &nbsp;byl p\u0159i druh\u00e9 dra\u017eb\u011b&nbsp; zakoupen z\u00e1mek &nbsp;agr\u00e1rn\u00edkem Viktorem Stroupalem pro\nSt\u0159edomoravskou akciovou spole\u010dnost cukrovarnickou a zem\u011bd\u011blskou. P\u016fvodn\u00ed\nmajitel baron Levetzow se&nbsp; zna\u010dn\u011b\nzadlu\u017eil a od roku 1930 ji\u017e&nbsp; byl pod\nnucenou&nbsp; \u00fa\u0159edn\u00ed spr\u00e1vou. Tak se&nbsp; z\u00e1mek dostal do \u201e ob\u010dansk\u00fdch&nbsp; rukou\u201c a po stalet\u00ed&nbsp; byla obec zbavena v\u0161ech z\u00e1vazk\u016f a povinnost\u00ed\nv\u016f\u010di panstv\u00ed.&nbsp; <\/p>\n\n\n\n<p>11. srpna resignuje starosta\nF. Stejskal, m\u00edsto n\u011bho zvolen \u0160t\u011bp\u00e1n Vintrl\u00edk. <\/p>\n\n\n\n<p><a href=\"https:\/\/cs.wikipedia.org\/wiki\/5._listopad\">5. listopadu<\/a>&nbsp;\u2013\nprezident T.G. Masaryk jmenoval v L\u00e1nech 15. \u010deskoslovenskou vl\u00e1du, \u0161irok\u00e9\nkoalice, 1. vl\u00e1du Milana Hod\u017ei<\/p>\n\n\n\n<p>14.\nprosince ozn\u00e1mil TGM, \u017ee se pro nemoc vzd\u00e1v\u00e1 \u00fa\u0159adu prezidentsk\u00e9ho. Jak\u00e9 sv\u00e9ho\nn\u00e1stupce doporu\u010dil Dr. Bene\u0161e<\/p>\n\n\n\n<p>18\n. prosince&nbsp; byl zvolen n\u00e1\u0161 druh\u00fd\nprezident Edvard&nbsp; Bene\u0161<\/p>\n\n\n\n<figure class=\"wp-block-image size-large\"><img loading=\"lazy\" decoding=\"async\" width=\"466\" height=\"757\" src=\"http:\/\/symbivita.cz\/blog\/wp-content\/uploads\/2020\/03\/Edv.Bene\u0161.png\" alt=\"\" class=\"wp-image-232\" srcset=\"https:\/\/symbivita.cz\/blog\/wp-content\/uploads\/2020\/03\/Edv.Bene\u0161.png 466w, https:\/\/symbivita.cz\/blog\/wp-content\/uploads\/2020\/03\/Edv.Bene\u0161-185x300.png 185w\" sizes=\"(max-width: 466px) 100vw, 466px\" \/><\/figure>\n\n\n\n<p><strong>1936<\/strong> <\/p>\n\n\n\n<p>Rok\ntento byl v&nbsp;prvn\u00ed polovici mokr\u00fd a&nbsp;v&nbsp;druh\u00e9 zase such\u00fd.&nbsp;\nOp\u011bt&nbsp; ne\u00farodn\u00fd. Nikol\u010dice se&nbsp; \u0159adily&nbsp;\ndo kategorie&nbsp;&nbsp; vesnic, kter\u00e9 byla\nz\u00e1visl\u00e9 na zem\u011bd\u011blstv\u00ed. \u017del tento rok je charakterizov\u00e1n&nbsp; zv\u00fd\u0161enou zadlu\u017eenost\u00ed. <\/p>\n\n\n\n<p>Na za\u010d\u00e1tku roku zvolen\nstarostou Metod\u011bj Kone\u010dn\u00fd, n\u00e1m\u011bstkem Jan Ot\u0159\u00edsal, radn\u00edmi F. Stejskal a Jan\nL\u00edzal. Jan Kobliha a Jan Lang byli p\u0159ijati do svazku obce. <\/p>\n\n\n\n<figure class=\"wp-block-image size-large\"><img loading=\"lazy\" decoding=\"async\" width=\"685\" height=\"992\" src=\"http:\/\/symbivita.cz\/blog\/wp-content\/uploads\/2020\/03\/Domovsk\u00fd-list-1936.png\" alt=\"\" class=\"wp-image-271\" srcset=\"https:\/\/symbivita.cz\/blog\/wp-content\/uploads\/2020\/03\/Domovsk\u00fd-list-1936.png 685w, https:\/\/symbivita.cz\/blog\/wp-content\/uploads\/2020\/03\/Domovsk\u00fd-list-1936-207x300.png 207w\" sizes=\"(max-width: 685px) 100vw, 685px\" \/><\/figure>\n\n\n\n<p>V obci&nbsp; byla zavedena brann\u00e1 v\u00fdchova chlapc\u016f od\nosmn\u00e1cti do dvaceti let. Zavedena byla i civiln\u00ed protileteck\u00e1 ochrana.<\/p>\n\n\n\n<p>7. a\u017e 9. \u00fanora&nbsp;&nbsp; uspo\u0159\u00e1dal v\u010dela\u0159sk\u00fd spolek&nbsp; kurs medov\u00e9ho pe\u010diva. Nikol\u010di\u010dt\u00ed v\u010dela\u0159i byli\na\u017e do tohoto roku \u010dleny v\u010dela\u0159sk\u00e9ho spolku v&nbsp;Boleradic\u00edch. Kurzu se\n\u00fa\u010dastnilo 20 osob. Kurs se konal ve \u0161kole. Hlavn\u00ed z\u00e1sluhu na uspo\u0159\u00e1d\u00e1n\u00ed kursu\nm\u011bl Franti\u0161ek Stejskal \u010d. 40.<\/p>\n\n\n\n<p>Z\u0159\u00edzeno mrchovi\u0161t\u011b na\nHlink\u00e1ch. <\/p>\n\n\n\n<figure class=\"wp-block-image size-large\"><img loading=\"lazy\" decoding=\"async\" width=\"1024\" height=\"644\" src=\"http:\/\/symbivita.cz\/blog\/wp-content\/uploads\/2020\/03\/Hasi\u010di-1935-blog-1024x644.png\" alt=\"\" class=\"wp-image-234\" srcset=\"https:\/\/symbivita.cz\/blog\/wp-content\/uploads\/2020\/03\/Hasi\u010di-1935-blog-1024x644.png 1024w, https:\/\/symbivita.cz\/blog\/wp-content\/uploads\/2020\/03\/Hasi\u010di-1935-blog-300x189.png 300w, https:\/\/symbivita.cz\/blog\/wp-content\/uploads\/2020\/03\/Hasi\u010di-1935-blog-768x483.png 768w, https:\/\/symbivita.cz\/blog\/wp-content\/uploads\/2020\/03\/Hasi\u010di-1935-blog.png 1260w\" sizes=\"(max-width: 1024px) 100vw, 1024px\" \/><\/figure>\n\n\n\n<p>Hasi\u010di v&nbsp;roce 1935 (Foto\nposkytl p. Bartolom\u011bj Strouhal, foto je z&nbsp;N\u010c 2 \u010d.4)<\/p>\n\n\n\n<p>&nbsp;26. kv\u011btna m\u00ed\u0159ily d\u011bti z Rakvic na v\u00fdlet na P\u00e1lavu. P\u0159es Dyji se m\u011bli dostat pomoc\u00ed p\u0159\u00edvozu, jen\u017ee ten se p\u0159i t\u0159et\u00ed cest\u011b doslova rozpadl. Dvaapades\u00e1t d\u011bt\u00ed se b\u011bhem vte\u0159iny ocitlo v \u0159ece, kter\u00e1 byla vlivem ned\u00e1vn\u00fdch de\u0161\u0165\u016f divok\u00e1. Odolat mocn\u00e9mu proudu nem\u011bly d\u011bti \u0161anci &#8211; t\u0159icet jedna z nich ne\u0161t\u011bst\u00ed nep\u0159e\u017eilo.<\/p>\n\n\n\n<p>Na\u0161e&nbsp; d\u011bti ve&nbsp;\n\u0161kole na&nbsp; tuto ud\u00e1lost\nuspo\u0159\u00e1daly&nbsp; vzpom\u00ednkov\u00fd akt.<\/p>\n\n\n\n<p>6.\n\u010dervna 1937 v\u011bnovali div\u00e1\u010dt\u00ed ob\u010dan\u00e9 brat\u0159\u00edm Mr\u0161t\u00edk\u016fm&nbsp;<strong>bronzovou pam\u011btn\u00ed\ndesku<\/strong>. Je um\u00edst\u011bna na budov\u011b obecn\u00edho \u00fa\u0159adu &#8211; d\u0159\u00edve \u0161koly kde, Alois Mr\u0161t\u00edk\nu\u010dil.<\/p>\n\n\n\n<figure class=\"wp-block-image size-large\"><img loading=\"lazy\" decoding=\"async\" width=\"592\" height=\"388\" src=\"http:\/\/symbivita.cz\/blog\/wp-content\/uploads\/2020\/03\/Mr\u0161t\u00edk\u016fv-d\u016fm.png\" alt=\"\" class=\"wp-image-235\" srcset=\"https:\/\/symbivita.cz\/blog\/wp-content\/uploads\/2020\/03\/Mr\u0161t\u00edk\u016fv-d\u016fm.png 592w, https:\/\/symbivita.cz\/blog\/wp-content\/uploads\/2020\/03\/Mr\u0161t\u00edk\u016fv-d\u016fm-300x197.png 300w\" sizes=\"(max-width: 592px) 100vw, 592px\" \/><\/figure>\n\n\n\n<p>6. \u010dervence schv\u00e1lena a\nodesl\u00e1na p\u016fj\u010dka 2000 K\u010d na obranu st\u00e1tu. <\/p>\n\n\n\n<p>Za no\u010dn\u00edho hl\u00edda\u010de zvolen\nJosef \u0160ub\u00edk, poln\u00ed hl\u00edda\u010di Jan Mat\u00fd\u0161ek a Jan Rabovsk\u00fd; obecn\u00edm sluhou z\u016fst\u00e1v\u00e1\nJosef Ne\u010das. <\/p>\n\n\n\n<p>Opravena m\u00e1rnice na h\u0159bitov\u011b a\nschv\u00e1leno telefonn\u00ed spojen\u00ed do obce. <\/p>\n\n\n\n<p><a href=\"https:\/\/cs.wikipedia.org\/wiki\/1._srpen\">1.<\/a>\u2013<a href=\"https:\/\/cs.wikipedia.org\/wiki\/16._srpen\">16. srpna<\/a>&nbsp;\u2013&nbsp;<a href=\"https:\/\/cs.wikipedia.org\/wiki\/Letn%C3%AD_olympijsk%C3%A9_hry_1936\">Letn\u00ed\nolympijsk\u00e9 hry 1936<\/a>&nbsp;v Berl\u00edn\u011b<\/p>\n\n\n\n<figure class=\"wp-block-image size-large\"><img loading=\"lazy\" decoding=\"async\" width=\"511\" height=\"440\" src=\"http:\/\/symbivita.cz\/blog\/wp-content\/uploads\/2020\/03\/Hody-36.png\" alt=\"\" class=\"wp-image-237\" srcset=\"https:\/\/symbivita.cz\/blog\/wp-content\/uploads\/2020\/03\/Hody-36.png 511w, https:\/\/symbivita.cz\/blog\/wp-content\/uploads\/2020\/03\/Hody-36-300x258.png 300w\" sizes=\"(max-width: 511px) 100vw, 511px\" \/><\/figure>\n\n\n\n<ol><li>z\u00e1\u0159\u00ed za\u010dal dal\u0161\u00ed \u0161koln\u00ed rok jako \u010dty\u0159t\u0159\u00eddn\u00ed.<\/li><\/ol>\n\n\n\n<p>V&nbsp;u\u010ditelsk\u00e9m sboru&nbsp; do\u0161lo ke zm\u011bn\u00e1m, proto\u017ee u\u010ditel Husovsk\u00fd ode\u0161el\nu\u010dit&nbsp; do Nosislav\u011b a jeho man\u017eelka do\nVelk\u00fdch N\u011bm\u010dic. Na jejich m\u00edsto byly ustanovena u\u010ditelka Marie Kone\u010dn\u00e1 ( nar. v&nbsp;\u0160itbo\u0159ic\u00edch)\na Vlasta Dost\u00e1lov\u00e1, dcera u\u010d. Jana Dost\u00e1la, narodila se&nbsp; v&nbsp;roce 1914 v Nikol\u010dic\u00edch. Gymnasium\nstudovala ve Znojm\u011b v&nbsp;Kr\u00e1lov\u011b Poli. Na u\u010ditelstv\u00ed se p\u0159ipravovala\nv&nbsp;\u010c\u00e1slavi. Sem nastoupila na sv\u00e9 prvn\u00ed m\u00edsto.<\/p>\n\n\n\n<p>5. \u0159\u00edjna se narodil ve Vl\u010dici \u2013 Hr\u00e1de\u010dku V\u00e1clav Havel &#8211;\n\u010desk\u00fd&nbsp;<a href=\"https:\/\/cs.wikipedia.org\/wiki\/Drama\">dramatik<\/a>,&nbsp;<a href=\"https:\/\/cs.wikipedia.org\/wiki\/Esej\">esejista<\/a>,&nbsp;<a href=\"https:\/\/cs.wikipedia.org\/wiki\/Disident\">disident<\/a>&nbsp;a\nkritik&nbsp;<a href=\"https:\/\/cs.wikipedia.org\/wiki\/Komunistick%C3%BD_re%C5%BEim_v_%C4%8Ceskoslovensku\">komunistick\u00e9ho re\u017eimu<\/a>&nbsp;a pozd\u011bji&nbsp;<a href=\"https:\/\/cs.wikipedia.org\/wiki\/Politik\">politik<\/a>. Byl\ndev\u00e1t\u00fdm a posledn\u00edm&nbsp;<a href=\"https:\/\/cs.wikipedia.org\/wiki\/Seznam_prezident%C5%AF_%C4%8Ceskoslovenska\">prezidentem \u010ceskoslovenska<\/a>&nbsp;(1989\u20131992)\na&nbsp;prvn\u00edm&nbsp;<a href=\"https:\/\/cs.wikipedia.org\/wiki\/Seznam_prezident%C5%AF_%C4%8Cesk%C3%A9_republiky\">prezidentem \u010cesk\u00e9 republiky<\/a>&nbsp;(1993\u20132003).<\/p>\n\n\n\n<p><a>31.\n\u0159\u00edjna se konal ve st\u00e1tn\u00edm lese v&nbsp;ba\u017eantnici&nbsp; reprezenta\u010dn\u00ed hon, kter\u00e9ho se \u00fa\u010dastnili vz\u00e1cn\u00ed\nhost\u00e9. Byl to hlavn\u011b Rumunsk\u00fd kr\u00e1l Karel II a jeho syn Michal, kte\u0159\u00ed byli na n\u00e1v\u0161t\u011bv\u011b\nu Dr. Bene\u0161e. Z&nbsp;Nikol\u010dic bylo na honu 40 mu\u017e\u016f. Vzpom\u00ednku na&nbsp; tuto ud\u00e1lost popisuje v&nbsp;obecn\u00ed kronice\nFranti\u0161ek Ne\u010das.\u010d.3.<\/a><\/p>\n\n\n\n<p>Na\npo\u010dest kr\u00e1le Karla II byla pak&nbsp;\nba\u017eantnice p\u0159ejmenov\u00e1na na \u201eRumunsk\u00e1 ba\u017eantnice\u201c.<\/p>\n\n\n\n<figure class=\"wp-block-image size-large\"><img loading=\"lazy\" decoding=\"async\" width=\"586\" height=\"390\" src=\"http:\/\/symbivita.cz\/blog\/wp-content\/uploads\/2020\/03\/Karel-II.png\" alt=\"\" class=\"wp-image-238\" srcset=\"https:\/\/symbivita.cz\/blog\/wp-content\/uploads\/2020\/03\/Karel-II.png 586w, https:\/\/symbivita.cz\/blog\/wp-content\/uploads\/2020\/03\/Karel-II-300x200.png 300w\" sizes=\"(max-width: 586px) 100vw, 586px\" \/><\/figure>\n\n\n\n<p>N\u00e1v\u0161t\u011bva rumunsk\u00e9ho kr\u00e1le Carola II. s&nbsp;princem Michalem a&nbsp;prezidentem dr. E. Bene\u0161em na Nov\u00e9 radnici v&nbsp;Brn\u011b, 1. 11. 1936<\/p>\n\n\n\n<figure class=\"wp-block-image size-large\"><img loading=\"lazy\" decoding=\"async\" width=\"973\" height=\"1024\" src=\"http:\/\/symbivita.cz\/blog\/wp-content\/uploads\/2020\/03\/Obr.4.-Rumunsk\u00fd-kr\u00e1l-Karel-973x1024.png\" alt=\"\" class=\"wp-image-239\" srcset=\"https:\/\/symbivita.cz\/blog\/wp-content\/uploads\/2020\/03\/Obr.4.-Rumunsk\u00fd-kr\u00e1l-Karel-973x1024.png 973w, https:\/\/symbivita.cz\/blog\/wp-content\/uploads\/2020\/03\/Obr.4.-Rumunsk\u00fd-kr\u00e1l-Karel-285x300.png 285w, https:\/\/symbivita.cz\/blog\/wp-content\/uploads\/2020\/03\/Obr.4.-Rumunsk\u00fd-kr\u00e1l-Karel-768x808.png 768w, https:\/\/symbivita.cz\/blog\/wp-content\/uploads\/2020\/03\/Obr.4.-Rumunsk\u00fd-kr\u00e1l-Karel.png 987w\" sizes=\"(max-width: 973px) 100vw, 973px\" \/><\/figure>\n\n\n\n<p>14. listopadu&nbsp; tragicky&nbsp;\nzahynul pod vlakem v&nbsp;Nov\u00fdch Dvorech&nbsp;\n\u017e\u00e1k Franti\u0161ek Pape\u017e. Pochov\u00e1n je v K\u0159epic\u00edch.<\/p>\n\n\n\n<p><a href=\"https:\/\/cs.wikipedia.org\/wiki\/5._prosinec\">5. prosince<\/a>&nbsp;\u2013\np\u0159ijata nov\u00e1 \u2013 tzv. Stalinsk\u00e1 \u2013 \u00fastava&nbsp;<a href=\"https:\/\/cs.wikipedia.org\/wiki\/Sov%C4%9Btsk%C3%BD_svaz\">SSSR<\/a>,<\/p>\n\n\n\n<p>&nbsp;O v\u00e1noc\u00edch uspo\u0159\u00e1dali&nbsp; \u017e\u00e1ci III. t\u0159\u00eddy nad\u00edlku pro v\u0161echny&nbsp; \u017e\u00e1ky v\u0161ech&nbsp;\nt\u0159\u00edd. Sehr\u00e1li d\u00e1le&nbsp; divadeln\u00ed kus\n\u201e Za \u0161t\u011bst\u00edm\u201c.<\/p>\n\n\n\n<figure class=\"wp-block-image size-large\"><img loading=\"lazy\" decoding=\"async\" width=\"1024\" height=\"502\" src=\"http:\/\/symbivita.cz\/blog\/wp-content\/uploads\/2020\/03\/Po\u010detnice-1936-1024x502.png\" alt=\"\" class=\"wp-image-240\" srcset=\"https:\/\/symbivita.cz\/blog\/wp-content\/uploads\/2020\/03\/Po\u010detnice-1936-1024x502.png 1024w, https:\/\/symbivita.cz\/blog\/wp-content\/uploads\/2020\/03\/Po\u010detnice-1936-300x147.png 300w, https:\/\/symbivita.cz\/blog\/wp-content\/uploads\/2020\/03\/Po\u010detnice-1936-768x376.png 768w, https:\/\/symbivita.cz\/blog\/wp-content\/uploads\/2020\/03\/Po\u010detnice-1936-1536x753.png 1536w, https:\/\/symbivita.cz\/blog\/wp-content\/uploads\/2020\/03\/Po\u010detnice-1936.png 1608w\" sizes=\"(max-width: 1024px) 100vw, 1024px\" \/><\/figure>\n\n\n\n<figure class=\"wp-block-image size-large\"><img loading=\"lazy\" decoding=\"async\" width=\"1024\" height=\"744\" src=\"http:\/\/symbivita.cz\/blog\/wp-content\/uploads\/2020\/03\/Hl\u00e1sky-1936-1024x744.png\" alt=\"\" class=\"wp-image-242\" srcset=\"https:\/\/symbivita.cz\/blog\/wp-content\/uploads\/2020\/03\/Hl\u00e1sky-1936-1024x744.png 1024w, https:\/\/symbivita.cz\/blog\/wp-content\/uploads\/2020\/03\/Hl\u00e1sky-1936-300x218.png 300w, https:\/\/symbivita.cz\/blog\/wp-content\/uploads\/2020\/03\/Hl\u00e1sky-1936-768x558.png 768w, https:\/\/symbivita.cz\/blog\/wp-content\/uploads\/2020\/03\/Hl\u00e1sky-1936.png 1055w\" sizes=\"(max-width: 1024px) 100vw, 1024px\" \/><\/figure>\n\n\n\n<p><strong>1937<\/strong> <\/p>\n\n\n\n<p>Tento\nrok byl jeden z&nbsp;nejne\u00farodn\u011bj\u0161\u00edch rok\u016f.<\/p>\n\n\n\n<p><a href=\"https:\/\/cs.wikipedia.org\/wiki\/29._leden\">29. ledna<\/a>&nbsp;\u2013 Premi\u00e9ra divadeln\u00ed hry&nbsp;<a href=\"https:\/\/cs.wikipedia.org\/wiki\/Karel_%C4%8Capek\">Karla \u010capka<\/a>&nbsp;<a href=\"https:\/\/cs.wikipedia.org\/wiki\/B%C3%ADl%C3%A1_nemoc\">B\u00edl\u00e1 nemoc<\/a>&nbsp;v&nbsp;<a href=\"https:\/\/cs.wikipedia.org\/wiki\/N%C3%A1rodn%C3%AD_divadlo\">N\u00e1rodn\u00edm divadle<\/a>.<\/p>\n\n\n\n<p>Dne 6. \u00fanora byli za\ndefinitivn\u00ed u\u010ditele zvoleni V\u00e1clav Kabela a Marie Pa\u0161ov\u00e1. Zam\u00edtnuta \u017e\u00e1dost\nfotbalist\u016f o z\u0159\u00edzen\u00ed h\u0159i\u0161t\u011b ve Strh\u00e1ch, povoleno sokolsk\u00e9 jednot\u011b z\u0159\u00edzen\u00ed\ncvi\u010di\u0161t\u011b na Rasovce s podm\u00ednkou, \u017ee nebudou zavazet v obdob\u00ed ml\u00e1cen\u00ed. Za\nno\u010dn\u00edho hl\u00edda\u010de zvolen Ludv\u00edk Oujesk\u00fd. <\/p>\n\n\n\n<p>7. b\u0159ezna&nbsp; prob\u011bhly oslavy dne narozen\u00ed prezidenta\nosvoboditele. \u017d\u00e1ci si tak\u00e9 p\u0159ipomn\u011bly pam\u00e1tku J.A. Komensk\u00e9ho- u\u010ditele n\u00e1rod\u016f<\/p>\n\n\n\n<p><a href=\"https:\/\/cs.wikipedia.org\/wiki\/5._duben\">5. dubna<\/a>&nbsp;\u2013\nPo \u010dty\u0159let\u00e9 v\u00fdstavb\u011b bylo d\u00e1no do provozu leti\u0161t\u011b na Ruzyni, dnes&nbsp;<a href=\"https:\/\/cs.wikipedia.org\/wiki\/Leti%C5%A1t%C4%9B_V%C3%A1clava_Havla_Praha\">Leti\u0161t\u011b\nV\u00e1clava Havla Praha<\/a>.<\/p>\n\n\n\n<p>Kv\u011bten byl ve znamen\u00ed m\u00e1jov\u00fdch\noslav a oslav dne narozen\u00ed Edvarda Bene\u0161e. K&nbsp;oslav\u00e1m byl p\u0159ipojen tak\u00e9 den\nmatek- d\u011bti vystoupily v n\u00e1rodn\u00edch kroj\u00edch.<\/p>\n\n\n\n<p>22-24.kv\u011btna se \u00fa\u010dastnili na\u0161i\nob\u010dan\u00e9 Manifesta\u010dn\u00edho sjezdu republik\u00e1nsk\u00e9ho dorostu v&nbsp;Praze.<\/p>\n\n\n\n<p>6. \u010dervna&nbsp;\nbyla v&nbsp;Div\u00e1k\u00e1ch odhalena bronzov\u00e1 pam\u011btn\u00ed deska brat\u0159\u00ed Mr\u0161t\u00edk\u016f.<\/p>\n\n\n\n<p>Ve dnech 5. a 6. z\u00e1\u0159\u00ed se ve \u0161kole konala\nv\u00fdstava zem\u011bd\u011blsk\u00fdch plodin. V\u00fdstavu po\u0159\u00e1dala Dru\u017eina katolick\u00fdch zem\u011bd\u011blc\u016f.<\/p>\n\n\n\n<figure class=\"wp-block-image size-large\"><img loading=\"lazy\" decoding=\"async\" width=\"1024\" height=\"732\" src=\"http:\/\/symbivita.cz\/blog\/wp-content\/uploads\/2020\/03\/V\u00fdstava-ovoce-I-jpg-1024x732.png\" alt=\"\" class=\"wp-image-244\" srcset=\"https:\/\/symbivita.cz\/blog\/wp-content\/uploads\/2020\/03\/V\u00fdstava-ovoce-I-jpg-1024x732.png 1024w, https:\/\/symbivita.cz\/blog\/wp-content\/uploads\/2020\/03\/V\u00fdstava-ovoce-I-jpg-300x214.png 300w, https:\/\/symbivita.cz\/blog\/wp-content\/uploads\/2020\/03\/V\u00fdstava-ovoce-I-jpg-768x549.png 768w, https:\/\/symbivita.cz\/blog\/wp-content\/uploads\/2020\/03\/V\u00fdstava-ovoce-I-jpg.png 1198w\" sizes=\"(max-width: 1024px) 100vw, 1024px\" \/><\/figure>\n\n\n\n<figure class=\"wp-block-image size-large\"><img loading=\"lazy\" decoding=\"async\" width=\"1024\" height=\"741\" src=\"http:\/\/symbivita.cz\/blog\/wp-content\/uploads\/2020\/03\/V\u00fdstava-ovoce-jpg-II-1024x741.jpg\" alt=\"\" class=\"wp-image-246\" srcset=\"https:\/\/symbivita.cz\/blog\/wp-content\/uploads\/2020\/03\/V\u00fdstava-ovoce-jpg-II-1024x741.jpg 1024w, https:\/\/symbivita.cz\/blog\/wp-content\/uploads\/2020\/03\/V\u00fdstava-ovoce-jpg-II-300x217.jpg 300w, https:\/\/symbivita.cz\/blog\/wp-content\/uploads\/2020\/03\/V\u00fdstava-ovoce-jpg-II-768x555.jpg 768w, https:\/\/symbivita.cz\/blog\/wp-content\/uploads\/2020\/03\/V\u00fdstava-ovoce-jpg-II.jpg 1185w\" sizes=\"(max-width: 1024px) 100vw, 1024px\" \/><\/figure>\n\n\n\n<p>Obeslalo ji i 13 obc\u00ed z okol\u00ed. V\u00fdstavy se \u00fa\u010dastnilo 1220 lid\u00ed. Odm\u011bnu za vystaven\u00e9 obil\u00ed obdr\u017eeli: Franti\u0161ek Stejskal, Cyril Ne\u010das \u010d.63, Pavel Kone\u010dn\u00fd, Metod\u011bj Kone\u010dn\u00fd, Franti\u0161ek Strouhal \u010d.221, Josef Ne\u010das \u010d.130, \u0160t\u011bp\u00e1n Maty\u0161ek, Alois Jel\u00ednek \u010d.80, V\u00e1clav Ne\u010das \u010d.3. Cenou za vystaven\u00e9 hrozny byl poct\u011bn Franti\u0161ek Z\u00e1black\u00fd. Cena za nejlep\u0161\u00ed ovoce byla p\u0159izn\u00e1na Martinu Rabovsk\u00e9mu.<\/p>\n\n\n\n<figure class=\"wp-block-image size-large\"><img loading=\"lazy\" decoding=\"async\" width=\"473\" height=\"303\" src=\"http:\/\/symbivita.cz\/blog\/wp-content\/uploads\/2020\/03\/V\u00fdstava-ovoce-jpg-III.jpg\" alt=\"\" class=\"wp-image-247\" srcset=\"https:\/\/symbivita.cz\/blog\/wp-content\/uploads\/2020\/03\/V\u00fdstava-ovoce-jpg-III.jpg 473w, https:\/\/symbivita.cz\/blog\/wp-content\/uploads\/2020\/03\/V\u00fdstava-ovoce-jpg-III-300x192.jpg 300w\" sizes=\"(max-width: 473px) 100vw, 473px\" \/><\/figure>\n\n\n\n<p>V&nbsp;tomto roce&nbsp;\nbyla provedena&nbsp; v\u00fdstavba dru\u017estevn\u00edho\nlihovaru&nbsp; p\u0159i velkostatku v&nbsp;z\u00e1meck\u00e9\nzahrad\u011b&nbsp; za hospod\u00e1\u0159sk\u00fdmi budovami\nv&nbsp;Div\u00e1k\u00e1ch. D\u00e1val mo\u017enost&nbsp;\np\u0159\u00edle\u017eitostn\u00edho&nbsp; v\u00fdd\u011blku i na\u0161im\nob\u010dan\u016fm p\u0159i odv\u00e1\u017een\u00ed lihu, krmn\u00fdch&nbsp;\nv\u00fdpalk\u016f,, dov\u00e1\u017een\u00ed d\u0159eva, uhl\u00ed apod. Lihovar&nbsp; \u0159\u00eddila&nbsp;\nspr\u00e1vn\u00ed a dozor\u010d\u00ed rada, zvolen\u00e1 ze&nbsp;\n140 dru\u017estevn\u00edch pod\u00edln\u00edk\u016f. Mezi nimi byli i n\u011bkte\u0159\u00ed z&nbsp;Nikol\u010dic.<\/p>\n\n\n\n<p>Za\u010daly se objevovat jednotliv\u00e9\np\u0159\u00edpady slintavky.<\/p>\n\n\n\n<figure class=\"wp-block-image size-large\"><img loading=\"lazy\" decoding=\"async\" width=\"1024\" height=\"731\" src=\"http:\/\/symbivita.cz\/blog\/wp-content\/uploads\/2020\/03\/Cvi\u010debnice-jazyka-\u010desk\u00e9ho-1937-I-1024x731.png\" alt=\"\" class=\"wp-image-248\" srcset=\"https:\/\/symbivita.cz\/blog\/wp-content\/uploads\/2020\/03\/Cvi\u010debnice-jazyka-\u010desk\u00e9ho-1937-I-1024x731.png 1024w, https:\/\/symbivita.cz\/blog\/wp-content\/uploads\/2020\/03\/Cvi\u010debnice-jazyka-\u010desk\u00e9ho-1937-I-300x214.png 300w, https:\/\/symbivita.cz\/blog\/wp-content\/uploads\/2020\/03\/Cvi\u010debnice-jazyka-\u010desk\u00e9ho-1937-I-768x548.png 768w, https:\/\/symbivita.cz\/blog\/wp-content\/uploads\/2020\/03\/Cvi\u010debnice-jazyka-\u010desk\u00e9ho-1937-I.png 1443w\" sizes=\"(max-width: 1024px) 100vw, 1024px\" \/><\/figure>\n\n\n\n<figure class=\"wp-block-image size-large\"><img loading=\"lazy\" decoding=\"async\" width=\"605\" height=\"415\" src=\"http:\/\/symbivita.cz\/blog\/wp-content\/uploads\/2020\/03\/Cvi\u010debnice.jpg\" alt=\"\" class=\"wp-image-250\" srcset=\"https:\/\/symbivita.cz\/blog\/wp-content\/uploads\/2020\/03\/Cvi\u010debnice.jpg 605w, https:\/\/symbivita.cz\/blog\/wp-content\/uploads\/2020\/03\/Cvi\u010debnice-300x206.jpg 300w\" sizes=\"(max-width: 605px) 100vw, 605px\" \/><\/figure>\n\n\n\n<figure class=\"wp-block-image size-large\"><img loading=\"lazy\" decoding=\"async\" width=\"1024\" height=\"959\" src=\"http:\/\/symbivita.cz\/blog\/wp-content\/uploads\/2020\/03\/Obr.9-1024x959.png\" alt=\"\" class=\"wp-image-251\" srcset=\"https:\/\/symbivita.cz\/blog\/wp-content\/uploads\/2020\/03\/Obr.9-1024x959.png 1024w, https:\/\/symbivita.cz\/blog\/wp-content\/uploads\/2020\/03\/Obr.9-300x281.png 300w, https:\/\/symbivita.cz\/blog\/wp-content\/uploads\/2020\/03\/Obr.9-768x719.png 768w, https:\/\/symbivita.cz\/blog\/wp-content\/uploads\/2020\/03\/Obr.9.png 1040w\" sizes=\"(max-width: 1024px) 100vw, 1024px\" \/><\/figure>\n\n\n\n<figure class=\"wp-block-image size-large\"><img loading=\"lazy\" decoding=\"async\" width=\"608\" height=\"467\" src=\"http:\/\/symbivita.cz\/blog\/wp-content\/uploads\/2020\/03\/1937-1987.jpg\" alt=\"\" class=\"wp-image-253\" srcset=\"https:\/\/symbivita.cz\/blog\/wp-content\/uploads\/2020\/03\/1937-1987.jpg 608w, https:\/\/symbivita.cz\/blog\/wp-content\/uploads\/2020\/03\/1937-1987-300x230.jpg 300w\" sizes=\"(max-width: 608px) 100vw, 608px\" \/><\/figure>\n\n\n\n<p>14.z\u00e1\u0159\u00ed zem\u0159el v&nbsp;L\u00e1nech prezident TGM. Na\u0161e obec uctila jeho pam\u00e1tku smute\u010dn\u00ed slavnost\u00ed dne 18.z\u00e1\u0159\u00ed ve\u010der p\u0159i n\u00ed\u017e promluvili starosta Kone\u010dn\u00fd a spr\u00e1vce \u0161koly Frani\u0161ek Kloupar. Poh\u0159bu se \u00fa\u010dastnila zdej\u0161\u00ed u\u010ditelka Vlasta Dost\u00e1lov\u00e1.<\/p>\n\n\n\n<p><strong>1938<\/strong><\/p>\n\n\n\n<p>27. ledna 1938 bylo vid\u011bt\nv&nbsp;Nikol\u010dic\u00edch kr\u00e1snou severn\u00ed z\u00e1\u0159. V&nbsp;8 hodin ve\u010der. Lid\u00e9 myslili, \u017ee\nho\u0159\u00ed P\u0159ichystalovy z\u00e1soby benz\u00ednu v&nbsp;\u017didlochovic\u00edch.<\/p>\n\n\n\n<figure class=\"wp-block-image size-large\"><img loading=\"lazy\" decoding=\"async\" width=\"605\" height=\"376\" src=\"http:\/\/symbivita.cz\/blog\/wp-content\/uploads\/2020\/03\/Ples-38.jpg\" alt=\"\" class=\"wp-image-255\" srcset=\"https:\/\/symbivita.cz\/blog\/wp-content\/uploads\/2020\/03\/Ples-38.jpg 605w, https:\/\/symbivita.cz\/blog\/wp-content\/uploads\/2020\/03\/Ples-38-300x186.jpg 300w\" sizes=\"(max-width: 605px) 100vw, 605px\" \/><\/figure>\n\n\n\n<p>Tuto pol\u00e1rn\u00ed z\u00e1\u0159i popsal\nkronik\u00e1\u0159 ze&nbsp; \u0160itbo\u0159ic detailn\u011b v obecn\u00ed\nkronice. \u201eCel\u00e9 severn\u00ed nebe od z\u00e1padu a\u017e po v\u00fdchod a do velk\u00e9 v\u00fd\u0161e bylo\nrozz\u00e1\u0159en\u00e9 ohnivou z\u00e1\u0159\u00ed. Byla to n\u00e1dhern\u00e1 pol\u00e1rn\u00ed z\u00e1\u0159e m\u011bniv\u00fdch barev, hned byla\nohniv\u011b rud\u00e1 a po chv\u00edli sv\u00edtiv\u011b \u017elut\u00e1 a zase naopak. Ve vzduchu bylo sly\u0161et\nzvl\u00e1\u0161tn\u00ed \u0161ustot a praskot. Ten den bylo jasno, tak\u017ee tento p\u0159\u00edrodn\u00ed \u00fakaz sk\u00fdtal\n\u010darokr\u00e1snou pod\u00edvanou. N\u011bco podobn\u00e9ho jsme je\u0161t\u011b nevid\u011bli. Pol\u00e1rn\u00ed z\u00e1\u0159e z\u00e1\u0159ila\nskoro celou noc a byla viditeln\u00e1 v cel\u00e9 Evrop\u011b.<\/p>\n\n\n\n<p><a href=\"https:\/\/cs.wikipedia.org\/wiki\/4._%C3%BAnor\">4. \u00fanora<\/a>&nbsp;\u2013&nbsp;<a href=\"https:\/\/cs.wikipedia.org\/wiki\/Adolf_Hitler\">Hitler<\/a>&nbsp;se\nstal vrchn\u00edm velitelem n\u011bmeck\u00fdch ozbrojen\u00fdch sil.<\/p>\n\n\n\n<p><a href=\"https:\/\/cs.wikipedia.org\/wiki\/12._%C3%BAnor\">12. \u00fanora<\/a>&nbsp;\u2013\nV&nbsp;<a href=\"https:\/\/cs.wikipedia.org\/wiki\/N%C3%A1rodn%C3%AD_divadlo\">N\u00e1rodn\u00edm divadle<\/a>&nbsp;m\u011bla\npremi\u00e9ru hra&nbsp;<a href=\"https:\/\/cs.wikipedia.org\/wiki\/Karel_%C4%8Capek\">Karla \u010capka<\/a>&nbsp;<a href=\"https:\/\/cs.wikipedia.org\/wiki\/Matka_(divadeln%C3%AD_hra)\">Matka<\/a>.<\/p>\n\n\n\n<p><a href=\"https:\/\/cs.wikipedia.org\/wiki\/11._b%C5%99ezen\">11.<\/a>&nbsp;\u2013<a href=\"https:\/\/cs.wikipedia.org\/wiki\/13._b%C5%99ezen\">13. b\u0159ezna<\/a>&nbsp;\u2013&nbsp;<a href=\"https:\/\/cs.wikipedia.org\/wiki\/Rakousko\">Rakousko<\/a>&nbsp;bylo&nbsp;<a href=\"https:\/\/cs.wikipedia.org\/wiki\/An%C5%A1lus\">anektov\u00e1no<\/a>&nbsp;hitlerovsk\u00fdm\nN\u011bmeckem, tato skute\u010dnost v\u00fdrazn\u011b sn\u00ed\u017eila obranyschopnost&nbsp;<a href=\"https:\/\/cs.wikipedia.org\/wiki\/%C4%8Ceskoslovensko\">\u010ceskoslovenska<\/a>.<\/p>\n\n\n\n<figure class=\"wp-block-image size-large\"><img loading=\"lazy\" decoding=\"async\" width=\"1024\" height=\"703\" src=\"http:\/\/symbivita.cz\/blog\/wp-content\/uploads\/2020\/03\/Svatba-1938-1024x703.png\" alt=\"\" class=\"wp-image-256\" srcset=\"https:\/\/symbivita.cz\/blog\/wp-content\/uploads\/2020\/03\/Svatba-1938-1024x703.png 1024w, https:\/\/symbivita.cz\/blog\/wp-content\/uploads\/2020\/03\/Svatba-1938-300x206.png 300w, https:\/\/symbivita.cz\/blog\/wp-content\/uploads\/2020\/03\/Svatba-1938-768x527.png 768w, https:\/\/symbivita.cz\/blog\/wp-content\/uploads\/2020\/03\/Svatba-1938.png 1446w\" sizes=\"(max-width: 1024px) 100vw, 1024px\" \/><\/figure>\n\n\n\n<p>Duben apr\u00edlov\u00fd, v\u0161echno zmrzlo.<\/p>\n\n\n\n<p>1. kv\u011btna byla&nbsp;&nbsp; ve \u0161kole uspo\u0159\u00e1d\u00e1na&nbsp; m\u00edrov\u00e1 slavnost&nbsp; \u010cK. \u017d\u00e1ci IV. t\u0159\u00eddy sehr\u00e1li&nbsp; dv\u011b&nbsp;\ndivadeln\u00ed p\u0159edstaven\u00ed.<\/p>\n\n\n\n<p><a href=\"https:\/\/cs.wikipedia.org\/wiki\/19._kv%C4%9Bten\">19.<\/a>\u2013<a href=\"https:\/\/cs.wikipedia.org\/wiki\/23._kv%C4%9Bten\">23. kv\u011btna<\/a>&nbsp;\u2013&nbsp;<a href=\"https:\/\/cs.wikipedia.org\/wiki\/Kv%C4%9Btnov%C3%A1_krize\">Kv\u011btnov\u00e1 krize<\/a>&nbsp;mezi\n\u010ceskoslovenskem a N\u011bmeckem<\/p>\n\n\n\n<p>21. kv\u011btna byla v noci\nvyhl\u00e1\u0161ena \u010d\u00e1ste\u010dn\u00e1 mobilizace. T\u00fdkala se mu\u017e\u016f ro\u010dn\u00edku 1913 a p\u0159\u00edslu\u0161n\u00edk\u016f\nhrani\u010d\u00e1\u0159sk\u00fdch prapor\u016f ve v\u011bku \u010dty\u0159iceti dvou let. Mobilizace byla velmi\nne\u010dekan\u00e1 a mu\u017ei museli odej\u00edt ke sv\u00fdm \u00fatvar\u016fm je\u0161t\u011b v tu noc, kdy p\u0159i\u0161el\nmobiliza\u010dn\u00ed rozkaz. Nejen v obci vyvolal mobiliza\u010dn\u00ed rozkaz velk\u00fd neklid.\nV\u0161ichni voj\u00e1ci v\u0161ak byli odhodl\u00e1ni br\u00e1nit vlast. V\u0161ichni mobilizovan\u00ed mu\u017ei se\nvr\u00e1tili dom\u016f po \u010dtrn\u00e1cti dnech, nap\u011bt\u00ed m\u00edrn\u011b polevilo(\u0160K).<\/p>\n\n\n\n<p>12. \u010dervna se konaly ve \u0161koln\u00ed\nt\u011blocvi\u010dn\u011b volby&nbsp; do obecn\u00edho\nzastupitelstva.<\/p>\n\n\n\n<p>Josef Barton\u011bk \u010d.230, V. Ku\u010dera\n\u010d.220, V\u00e1clav Ot\u0159\u00edsal, Josef Hlav\u00e1\u010dek \u010d. 87, Jakub Strouhal, \u0160t\u011bp\u00e1n Vintrl\u00edk.\nJosef Barton\u011bk \u010d.74, A. Novotn\u00fd \u010d. 208, Jakub B\u00edlek, Anton\u00edn Hany\u00e1\u0161, Franti\u0161ek\nStejskal ml. \u010d. 40, V\u00e1clav Vahala \u010d.181, Jan Ne\u010das \u010d. 13, V\u00e1clav Bed\u0159ich \u010d. 64,\nJosef Fasora ( Nov\u00fd Dv\u016fr). Jakub Novotn\u00fd \u010d. 48<\/p>\n\n\n\n<p>13. \u010dervna&nbsp; byla ve&nbsp;\n\u0161kole biskupsk\u00e1&nbsp; vizitace.<\/p>\n\n\n\n<p>Koncem&nbsp; \u010dervna&nbsp;\n\u017e\u00e1ci IV.t\u0159\u00eddy podnikli&nbsp; v\u00fdlet\ndo&nbsp; Brna, nav\u0161t\u00edvili p\u0159edstaven\u00ed Rusalky,\nprohl\u00e9dli si muzea&nbsp; a pam\u00e1tky Brna.<\/p>\n\n\n\n<figure class=\"wp-block-image size-large\"><img loading=\"lazy\" decoding=\"async\" width=\"1024\" height=\"734\" src=\"http:\/\/symbivita.cz\/blog\/wp-content\/uploads\/2020\/03\/Obr.10-1024x734.png\" alt=\"\" class=\"wp-image-257\" srcset=\"https:\/\/symbivita.cz\/blog\/wp-content\/uploads\/2020\/03\/Obr.10-1024x734.png 1024w, https:\/\/symbivita.cz\/blog\/wp-content\/uploads\/2020\/03\/Obr.10-300x215.png 300w, https:\/\/symbivita.cz\/blog\/wp-content\/uploads\/2020\/03\/Obr.10-768x550.png 768w, https:\/\/symbivita.cz\/blog\/wp-content\/uploads\/2020\/03\/Obr.10.png 1112w\" sizes=\"(max-width: 1024px) 100vw, 1024px\" \/><\/figure>\n\n\n\n<figure class=\"wp-block-image size-large\"><img loading=\"lazy\" decoding=\"async\" width=\"1024\" height=\"636\" src=\"http:\/\/symbivita.cz\/blog\/wp-content\/uploads\/2020\/03\/Dom\u00e1c\u00ed-hospoda\u0159en\u00ed-1938-1024x636.png\" alt=\"\" class=\"wp-image-258\" srcset=\"https:\/\/symbivita.cz\/blog\/wp-content\/uploads\/2020\/03\/Dom\u00e1c\u00ed-hospoda\u0159en\u00ed-1938-1024x636.png 1024w, https:\/\/symbivita.cz\/blog\/wp-content\/uploads\/2020\/03\/Dom\u00e1c\u00ed-hospoda\u0159en\u00ed-1938-300x186.png 300w, https:\/\/symbivita.cz\/blog\/wp-content\/uploads\/2020\/03\/Dom\u00e1c\u00ed-hospoda\u0159en\u00ed-1938-768x477.png 768w, https:\/\/symbivita.cz\/blog\/wp-content\/uploads\/2020\/03\/Dom\u00e1c\u00ed-hospoda\u0159en\u00ed-1938.png 1266w\" sizes=\"(max-width: 1024px) 100vw, 1024px\" \/><\/figure>\n\n\n\n<figure class=\"wp-block-image size-large\"><img loading=\"lazy\" decoding=\"async\" width=\"1024\" height=\"737\" src=\"http:\/\/symbivita.cz\/blog\/wp-content\/uploads\/2020\/03\/4.-t\u0159\u00edda-1938-1024x737.png\" alt=\"\" class=\"wp-image-259\" srcset=\"https:\/\/symbivita.cz\/blog\/wp-content\/uploads\/2020\/03\/4.-t\u0159\u00edda-1938-1024x737.png 1024w, https:\/\/symbivita.cz\/blog\/wp-content\/uploads\/2020\/03\/4.-t\u0159\u00edda-1938-300x216.png 300w, https:\/\/symbivita.cz\/blog\/wp-content\/uploads\/2020\/03\/4.-t\u0159\u00edda-1938-768x553.png 768w, https:\/\/symbivita.cz\/blog\/wp-content\/uploads\/2020\/03\/4.-t\u0159\u00edda-1938.png 1448w\" sizes=\"(max-width: 1024px) 100vw, 1024px\" \/><\/figure>\n\n\n\n<figure class=\"wp-block-image size-large\"><img loading=\"lazy\" decoding=\"async\" width=\"1024\" height=\"632\" src=\"http:\/\/symbivita.cz\/blog\/wp-content\/uploads\/2020\/03\/1938-Hasi\u010di-1024x632.png\" alt=\"\" class=\"wp-image-260\" srcset=\"https:\/\/symbivita.cz\/blog\/wp-content\/uploads\/2020\/03\/1938-Hasi\u010di-1024x632.png 1024w, https:\/\/symbivita.cz\/blog\/wp-content\/uploads\/2020\/03\/1938-Hasi\u010di-300x185.png 300w, https:\/\/symbivita.cz\/blog\/wp-content\/uploads\/2020\/03\/1938-Hasi\u010di-768x474.png 768w, https:\/\/symbivita.cz\/blog\/wp-content\/uploads\/2020\/03\/1938-Hasi\u010di.png 1508w\" sizes=\"(max-width: 1024px) 100vw, 1024px\" \/><\/figure>\n\n\n\n<p>10.\u010dervence byly provedeny\nvolby do obecn\u00ed rady:<\/p>\n\n\n\n<p>Starostou\nbyl zvolen Metod\u011bj Kone\u010dn\u00fd (dosavadn\u00ed starosta), n\u00e1m\u011bstkem Franti\u0161ek Ne\u010das\nroln\u00edk \u010d.22. Dal\u0161\u00ed \u010dlenov\u00e9 rady:&nbsp; Anton\u00edn\nNovotn\u00fd \u010d. 208, Josef Barton\u011bk \u010d.230, Jakub B\u00edlek \u010d. 135, Jan Ne\u010das \u010d. 13,\nFranti\u0161ek Stejskal \u010d. 40.<\/p>\n\n\n\n<p>Funkci pokladn\u00edka vykon\u00e1val \u0160t\u011bp\u00e1n\nVintrl\u00edk \u010d.139, v&nbsp;\u010dele hospod\u00e1\u0159sk\u00e9 komise st\u00e1le p\u0159edseda Franti\u0161ek\nStejskal \u010d. 40.<\/p>\n\n\n\n<p>7.srpna&nbsp; bylo zaznamen\u00e1no ji\u017e 500 p\u0159\u00edpad\u016f slintavky\ndobytku hov\u011bz\u00edho a 400 p\u0159\u00edpad\u016f u dobytka vep\u0159ov\u00e9ho. Tuto epidemii lze pova\u017eovat\nza katastrof\u00e1ln\u00ed.<\/p>\n\n\n\n<p>Za\u010d\u00edn\u00e1&nbsp; \u0161koln\u00ed rok 1938\/39<\/p>\n\n\n\n<p>1.z\u00e1\u0159\u00ed byl ustanoven nov\u00fd u\u010ditel Karel Pavl\u00edk (Nar.\nv&nbsp;Lov\u010di\u010dk\u00e1ch u Vy\u0161kova), u\u010ditelsk\u00fd sbor tvo\u0159il d\u00e1le Vil\u00e9m Kabela, Vlasta\nDost\u00e1lov\u00e1 a spr\u00e1vce \u0161koly Franti\u0161ek Kloupar. Ru\u010dn\u00edm pracem vyu\u010dovala Lib. Farl\u00edkov\u00e1.\nU\u010ditelem n\u00e1bo\u017eenstv\u00ed byl katolick\u00fd far\u00e1\u0159 Ture\u010dek a evangelick\u00fd far\u00e1\u0159 \u0160ed\u00fd.<\/p>\n\n\n\n<p>Sudeton\u011bmeck\u00e9 povst\u00e1n\u00ed bylo&nbsp;<a href=\"https:\/\/cs.wikipedia.org\/wiki\/Povst%C3%A1n%C3%AD\">povst\u00e1n\u00ed<\/a>&nbsp;<a href=\"https:\/\/cs.wikipedia.org\/wiki\/Sudet%C5%A1t%C3%AD_N%C4%9Bmci\">sudetsk\u00fdch N\u011bmc\u016f<\/a>&nbsp;v\nz\u00e1\u0159\u00ed&nbsp;<a href=\"https:\/\/cs.wikipedia.org\/wiki\/1938\">1938<\/a>,&nbsp;z\u010d\u00e1sti\n\u017eiveln\u00e9, z\u010d\u00e1sti&nbsp;organizovan\u00e9&nbsp;<a href=\"https:\/\/cs.wikipedia.org\/wiki\/Konrad_Henlein\">Henleinovou<\/a>&nbsp;fa\u0161istickou&nbsp;<a href=\"https:\/\/cs.wikipedia.org\/wiki\/Sudeton%C4%9Bmeck%C3%A1_strana\">Sudeton\u011bmeckou\nstranou<\/a>&nbsp;(SdP), a na n\u011b navazuj\u00edc\u00ed n\u00e1sil\u00ed N\u011bmc\u016f proti \u010cech\u016fm v\n\u0159\u00edjnu 1938. Ud\u00e1lost je tak\u00e9 ozna\u010dov\u00e1na jako&nbsp;henleinovsk\u00fd pu\u010d&nbsp;(resp.\npokus o&nbsp;<a href=\"https:\/\/cs.wikipedia.org\/wiki\/St%C3%A1tn%C3%AD_p%C5%99evrat\">pu\u010d<\/a>).<\/p>\n\n\n\n<p>14. z\u00e1\u0159\u00ed v p\u016fl t\u0159et\u00ed r\u00e1no\np\u0159i\u0161la dal\u0161\u00ed&nbsp; \u010d\u00e1ste\u010dn\u00e1 mobilizace. Tato mobilizace\nnebyla tak ne\u010dekan\u00e1, ale p\u0159esto rozru\u0161ila mnoho lid\u00ed. Lid\u00e9 se lou\u010dili s\npovolan\u00fdmi mu\u017ei a domn\u00edvali se, \u017ee v\u00e1lka u\u017e mus\u00ed p\u0159ij\u00edt. Postupn\u011b byli\npovol\u00e1v\u00e1ni dal\u0161\u00ed mu\u017ei a 23. z\u00e1\u0159\u00ed p\u0159ed p\u016flnoc\u00ed byla vyhl\u00e1\u0161ena v\u0161eobecn\u00e1\nmobilizace. Odch\u00e1zeli povolan\u00ed mu\u017ei do v\u011bku \u010dty\u0159iceti let. (\u0160K)<\/p>\n\n\n\n<p>23. z\u00e1\u0159\u00ed vyhl\u00e1sil prezident\nEdvard Bene\u0161 v\u0161eobecnou mobilizaci. Mobiliza\u010dn\u00ed manifest svol\u00e1val mlad\u00e9 mu\u017ee do\n40 let, aby se postavili proti nep\u0159\u00edteli\u2026<\/p>\n\n\n\n<p>24.z\u00e1\u0159\u00ed byly napln\u011bny&nbsp; 3 povozy odvedenci.<\/p>\n\n\n\n<p>27.z\u00e1\u0159\u00ed musela obec odevzdat\nkon\u011b do Brna, ve vesnici nebyla pracovn\u00ed s\u00edla, pr\u00e1ce na poli v\u00e1zla.\nV&nbsp;Nov\u00fdch Dvorech byla pos\u00e1dka&nbsp;\nd\u011blost\u0159electva a m\u011bli tam p\u00e1r kon\u00ed. Obecn\u00ed \u00fa\u0159ad je po\u017e\u00e1dal, aby\nkon\u011b&nbsp; byli p\u0159id\u011bleni do Nikol\u010dic, co\u017e se\nale stalo&nbsp; ter\u010dem pro z\u00e1vist a\nnespokojenost mezi m\u00edstn\u00edmi ob\u010dany.<\/p>\n\n\n\n<p><a href=\"https:\/\/cs.wikipedia.org\/wiki\/29._z%C3%A1%C5%99%C3%AD\">29. z\u00e1\u0159\u00ed<\/a>&nbsp;\u2013\npodeps\u00e1na&nbsp;<a href=\"https:\/\/cs.wikipedia.org\/wiki\/Mnichovsk%C3%A1_dohoda\">Mnichovsk\u00e1\ndohoda<\/a>.<\/p>\n\n\n\n<figure class=\"wp-block-image size-large\"><img loading=\"lazy\" decoding=\"async\" width=\"589\" height=\"392\" src=\"http:\/\/symbivita.cz\/blog\/wp-content\/uploads\/2020\/03\/Mnochovsk\u00e1-dohoda.jpg\" alt=\"\" class=\"wp-image-261\" srcset=\"https:\/\/symbivita.cz\/blog\/wp-content\/uploads\/2020\/03\/Mnochovsk\u00e1-dohoda.jpg 589w, https:\/\/symbivita.cz\/blog\/wp-content\/uploads\/2020\/03\/Mnochovsk\u00e1-dohoda-300x200.jpg 300w\" sizes=\"(max-width: 589px) 100vw, 589px\" \/><\/figure>\n\n\n\n<p><a href=\"https:\/\/cs.wikipedia.org\/wiki\/30._z%C3%A1%C5%99%C3%AD\">30. z\u00e1\u0159\u00ed<\/a> &#8211;<a href=\"https:\/\/cs.wikipedia.org\/wiki\/%C4%8Ceskoslovensko\">\u010ceskoslovensko<\/a>&nbsp;postupuje N\u011bmecku pohrani\u010d\u00ed (tzv.&nbsp;<a href=\"https:\/\/cs.wikipedia.org\/wiki\/Sudety\">Sudety<\/a>), co\u017e zap\u0159\u00ed\u010dinila&nbsp;<a href=\"https:\/\/cs.wikipedia.org\/wiki\/Mnichovsk%C3%A1_dohoda\">Mnichovsk\u00e1 dohoda<\/a>.<\/p>\n\n\n\n<p>V&nbsp;d\u016fsledku mezin\u00e1rodn\u00ed\nsituace do\u0161lo v&nbsp;letech 1938-1945 k&nbsp;okupaci okres\u016f Mikulovska, \u010d\u00e1sti\nHustope\u010dska a B\u0159eclavska. <\/p>\n\n\n\n<p>&nbsp;1. \u0159\u00edjna &nbsp;\u2013 Vznik tzv.&nbsp;<a href=\"https:\/\/cs.wikipedia.org\/wiki\/Druh%C3%A1_republika\">Druh\u00e9 republiky<\/a><\/p>\n\n\n\n<p><a href=\"https:\/\/cs.wikipedia.org\/wiki\/5._%C5%99%C3%ADjen\">5. \u0159\u00edjna<\/a> -po p\u0159ijet\u00ed&nbsp;<a href=\"https:\/\/cs.wikipedia.org\/wiki\/Mnichovsk%C3%A1_dohoda\">mnichovsk\u00e9 dohody<\/a>&nbsp;prezident&nbsp;<a href=\"https:\/\/cs.wikipedia.org\/wiki\/Edvard_Bene%C5%A1\">Edvard Bene\u0161<\/a>&nbsp;abdikoval<\/p>\n\n\n\n<p>8.\u0159\u00edjna &#8211; kr\u00e1tce po Mnichovsk\u00e9\nkonferenci, v&nbsp;r\u00e1mci takzvan\u00e9ho \u201e5. p\u00e1sma obc\u00ed p\u0159i\u010dlen\u011bn\u00fdch\nk&nbsp;Velkon\u011bmeck\u00e9 \u0159\u00ed\u0161i\u201c, zaznamenaly obce mimo jin\u00e9 tvrd\u00fd z\u00e1sah do spr\u00e1vn\u00ed\nstruktury kraje. V&nbsp;okrese Hustope\u010de bylo okupov\u00e1no 8 obc\u00ed: Hustope\u010de,\nKurd\u011bjov, Nov\u00e9 Ml\u00fdny, Popice, P\u0159\u00edtluky, Starovice, Strachot\u00edn a Zaje\u010d\u00ed.<\/p>\n\n\n\n<figure class=\"wp-block-image size-large\"><img loading=\"lazy\" decoding=\"async\" width=\"652\" height=\"530\" src=\"http:\/\/symbivita.cz\/blog\/wp-content\/uploads\/2020\/09\/1938-B\u0159eclav.jpg\" alt=\"\" class=\"wp-image-983\" srcset=\"https:\/\/symbivita.cz\/blog\/wp-content\/uploads\/2020\/09\/1938-B\u0159eclav.jpg 652w, https:\/\/symbivita.cz\/blog\/wp-content\/uploads\/2020\/09\/1938-B\u0159eclav-300x244.jpg 300w\" sizes=\"(max-width: 652px) 100vw, 652px\" \/><\/figure>\n\n\n\n<p>9. \u0159\u00edjna byly n\u011bmeck\u00fdmi vojsky\nobsazeny Hustope\u010de a Kurd\u011bjov. Nikol\u010dice se staly&nbsp; r\u00e1zem vesnic\u00ed hrani\u010d\u00edc\u00ed s&nbsp;N\u011bmeckem. Toho\ndne ustupovalo&nbsp; na\u0161e&nbsp; vojsko p\u0159es&nbsp;\nDiv\u00e1ky, zklaman\u00e9 a skl\u00ed\u010den\u00e9. Na p\u0159echodu z\u016fstala&nbsp; rota hrani\u010dn\u00edho pluku k&nbsp;zaji\u0161t\u011bn\u00ed nov\u00fdch&nbsp; hranic, kter\u00e1 byla koncem \u0159\u00edjna&nbsp; vyst\u0159\u00edd\u00e1na&nbsp;\nstr\u00e1\u017en\u00ed&nbsp; rotou. Jeden kilometr od\nstanoven\u00e9 demarka\u010dn\u00ed&nbsp; \u010d\u00e1ry bylo z\u0159\u00edzeno\ntzv. izola\u010dn\u00ed p\u00e1smo. Okoln\u00ed kopce- Ned\u00e1nov, D\u00edle, Nivky, Star\u00e1 hora a\nNIkol\u010dick\u00e9 vrchy- byly obsazeny vojensk\u00fdmi hl\u00eddkami, kter\u00e9 si vyhloubily\nv&nbsp;okol\u00ed z\u00e1kopy a prozatimn\u00ed&nbsp; kryty.\nNa silnici do&nbsp; Kurd\u011bjova byla z\u0159\u00edzena\nprozatimn\u00ed str\u00e1\u017enice s&nbsp;\u017eelezn\u00fdmi p\u0159ek\u00e1\u017ekami. <\/p>\n\n\n\n<p>15. \u0159\u00edjna byli z\u00e1lo\u017en\u00edci propu\u0161t\u011bni.\nVoj\u00e1ci se postupn\u011b vraceli&nbsp; dom\u016f a\nob\u010dan\u016fm byli vr\u00e1ceni kon\u011b i&nbsp; dopravn\u00ed\nprost\u0159edky.<\/p>\n\n\n\n<p><a href=\"https:\/\/cs.wikipedia.org\/wiki\/20._%C5%99%C3%ADjen\">20. \u0159\u00edjna<\/a>&nbsp;\u2013 \u00fa\u0159edn\u011b zastavena \u010dinnost&nbsp;<a href=\"https:\/\/cs.wikipedia.org\/wiki\/Komunistick%C3%A1_strana_%C4%8Ceskoslovenska\">KS\u010c<\/a>&nbsp;v&nbsp;\u010desk\u00fdch zem\u00edch. Na\nSlovensku se tak stalo ji\u017e&nbsp;<a href=\"https:\/\/cs.wikipedia.org\/wiki\/9._%C5%99%C3%ADjen\">9. \u0159\u00edjna<\/a><\/p>\n\n\n\n<p><a href=\"https:\/\/cs.wikipedia.org\/wiki\/22._%C5%99%C3%ADjen\">22. \u0159\u00edjna<\/a>&nbsp;\u2013 Edvard Bene\u0161 odlet\u011bl do Velk\u00e9 Brit\u00e1nie.<\/p>\n\n\n\n<p>Na na\u0161i \u0161kolu p\u0159ich\u00e1z\u00ed&nbsp; z&nbsp;\u010cech u\u010ditel Rudolf Kol\u00ednsk\u00fd a zde se\no\u017eenil s u\u010ditelkou Vlastou Dost\u00e1lovou, pozd\u011bji ode\u0161la na mate\u0159skou a m\u00edsto\nn\u00ed&nbsp; p\u0159i\u0161la u\u010ditelka Svatava Heinigov\u00e1. Po\nodchodu zdej\u0161\u00edch u\u010ditel\u016f k&nbsp;vojsku v&nbsp;r\u00e1mci mobilizace&nbsp; vyu\u010doval na&nbsp;\n\u0161kole&nbsp; Fr. Kloupar a&nbsp; u\u010ditelka A. Malikov\u00e1<\/p>\n\n\n\n<p><a href=\"https:\/\/cs.wikipedia.org\/wiki\/30._listopad\">30. listopadu<\/a>&nbsp;\u2013&nbsp;<a href=\"https:\/\/cs.wikipedia.org\/wiki\/Emil_H%C3%A1cha\">Emil H\u00e1cha<\/a>&nbsp;byl\nzvolen prezidentem republiky.<\/p>\n\n\n\n<figure class=\"wp-block-image size-large\"><img loading=\"lazy\" decoding=\"async\" width=\"998\" height=\"716\" src=\"http:\/\/symbivita.cz\/blog\/wp-content\/uploads\/2020\/03\/1938-9-Bohuslav-Svoboda.png\" alt=\"\" class=\"wp-image-262\" srcset=\"https:\/\/symbivita.cz\/blog\/wp-content\/uploads\/2020\/03\/1938-9-Bohuslav-Svoboda.png 998w, https:\/\/symbivita.cz\/blog\/wp-content\/uploads\/2020\/03\/1938-9-Bohuslav-Svoboda-300x215.png 300w, https:\/\/symbivita.cz\/blog\/wp-content\/uploads\/2020\/03\/1938-9-Bohuslav-Svoboda-768x551.png 768w\" sizes=\"(max-width: 998px) 100vw, 998px\" \/><\/figure>\n\n\n\n<p>Za\u010d\u00e1tkem\nprosince se za\u010dalo jednat o stanoven\u00ed nov\u00fdch st\u00e1tn\u00edch hranic, kter\u00e9 prob\u00edhaly\nod&nbsp; Nikol\u010dic&nbsp; k&nbsp;Boleradic\u00edm<\/p>\n\n\n\n<p>13.\nprosince pak sm\u00ed\u0161en\u00e1 n\u011bmecko-\u010deskoslovensk\u00e1 komise vykol\u00edkovala podle\nkatastr\u00e1ln\u00ed mapy novou hranici a&nbsp;\np\u0159\u00edslu\u0161n\u00fdch katastrech.<\/p>\n\n\n\n<p><strong>1939<\/strong><\/p>\n\n\n\n<p>M\u00edrn\u00e1\nzima, chladn\u00e9 jarn\u00ed m\u011bs\u00edce. V\u011bt\u0161\u00ed zima se dostavila a\u017e v b\u0159eznu. Ve\ndnech 27. a\u017e 29. b\u0159ezna pr\u0161elo tolik, \u017ee byla zaplaven\u00e1 pole. Na konci dubna\nmrazy polevily a na za\u010d\u00e1tku n\u00e1sleduj\u00edc\u00edho m\u011bs\u00edce za\u010dalo set\u00ed, kter\u00e9 zvl\u00e1dli\nzem\u011bd\u011blci d\u00edky p\u011bkn\u00e9mu po\u010das\u00ed za pouh\u00fd t\u00fdden. Pot\u00e9 znovu p\u0159i\u0161lo chladn\u00e9 po\u010das\u00ed,\nkter\u00e9 p\u0159ineslo i mrazy. Ob\u010dasn\u00e9 mrazy p\u0159i\u0161ly i b\u011bhem kv\u011btna. Cel\u00fd kv\u011bten\npr\u016fb\u011b\u017en\u011b pr\u0161elo a roln\u00edci m\u011bli obavy o \u00farodu. V prvn\u00ed polovin\u011b \u010dervna bylo\nslunn\u00e9 po\u010das\u00ed. Od druh\u00e9 poloviny za\u010dalo zase pr\u0161et a \u010dasto p\u0159ich\u00e1zely siln\u00e9\nbou\u0159ky.<\/p>\n\n\n\n<p><a href=\"https:\/\/cs.wikipedia.org\/wiki\/8._b%C5%99ezen\">8. b\u0159ezen<\/a>&nbsp;\u2013&nbsp;<a href=\"https:\/\/cs.wikipedia.org\/wiki\/Adolf_Hitler\">Hitler<\/a>&nbsp;informuje\n\u0159\u00ed\u0161skou reprezentaci o tom, \u017ee&nbsp;<a href=\"https:\/\/cs.wikipedia.org\/wiki\/Druh%C3%A1_republika\">\u010cSR<\/a>&nbsp;kv\u016fli nesnesiteln\u00e9 situaci v&nbsp;<a href=\"https:\/\/cs.wikipedia.org\/wiki\/Praha\">Praze<\/a>&nbsp;bude obsazena nejd\u00e9le do t\u00fddne.<\/p>\n\n\n\n<p>14.&nbsp; b\u0159ezna vznik\u00e1 samostatn\u00fd Slovensk\u00fd st\u00e1t-\nprezidentem je Jozef Tiso<\/p>\n\n\n\n<p>Za\u010d\u00e1tek&nbsp;<a href=\"https:\/\/cs.wikipedia.org\/wiki\/N%C4%9Bmeck%C3%A1_okupace_%C4%8Cech,_Moravy_a_Slezska\">n\u011bmeck\u00e9 okupace \u010cech, Moravy a\nSlezska<\/a>. Voj\u00e1ci \u010desk\u00e9ho 8.\npluku v&nbsp;<a href=\"https:\/\/cs.wikipedia.org\/wiki\/M%C3%ADstek\">M\u00edstku<\/a>&nbsp;kladou ozbrojen\u00fd\nodpor&nbsp;<a href=\"https:\/\/cs.wikipedia.org\/wiki\/Nacistick%C3%A9_N%C4%9Bmecko\">n\u011bmeck\u00fdm<\/a>&nbsp;jednotk\u00e1m<\/p>\n\n\n\n<p><a href=\"https:\/\/cs.wikipedia.org\/wiki\/15._b%C5%99ezen\">15. b\u0159ezen<\/a> -n\u011bmeck\u00e1 okupace \u010desk\u00fdch zem\u00ed, obsazen\u00ed \u010cech a Moravy (n\u011bmeck\u00fd IV. a XVI.\nsbor) \u2013 operace&nbsp;<em>Marzwirbel<\/em><\/p>\n\n\n\n<p>Zah\u00e1jena\nprvn\u00ed masov\u00e1 zat\u00fdkac\u00ed akce v&nbsp;<a href=\"https:\/\/cs.wikipedia.org\/wiki\/%C4%8Ceskoslovensko\">\u010cSR<\/a>&nbsp;zam\u011b\u0159en\u00e1 proti v\u0161em potenci\u00e1ln\u00edm odp\u016frc\u016fm&nbsp;<a href=\"https:\/\/cs.wikipedia.org\/wiki\/Nacistick%C3%A9_N%C4%9Bmecko\">\u0158\u00ed\u0161e<\/a>&nbsp;\u2013 akce&nbsp;<em>Gitter<\/em>&nbsp;(M\u0159\u00ed\u017ee)<\/p>\n\n\n\n<p><a href=\"https:\/\/cs.wikipedia.org\/wiki\/Podkarpatsk%C3%A1_Rus\">Podkarpatsk\u00e1 Ukrajina<\/a>&nbsp;vyhla\u0161uje nez\u00e1vislost na&nbsp;<a href=\"https:\/\/cs.wikipedia.org\/wiki\/%C4%8Ceskoslovensko\">\u010cSR<\/a><\/p>\n\n\n\n<p>15. b\u0159ezna po z\u00e1boru pohrani\u010d\u00ed\nbyly stanoveny nov\u00e9 hranice st\u00e1tu. Tak\u00e9 na\u0161\u00ed obc\u00ed proj\u00ed\u017ed\u011bla, za sn\u011bhov\u00e9 v\u00e1nice\nvelk\u00e1 vojensk\u00e1 kolona n\u011bmeck\u00fdch vozidel. Z pohledu kluka tuto ud\u00e1lost popisuje\npan Solni\u010dka v&nbsp;Nikol\u010dick\u00e9 \u010d\u00edtance II na stran\u011b 32.<\/p>\n\n\n\n<p><a href=\"https:\/\/cs.wikipedia.org\/wiki\/16._b%C5%99ezen\">16. b\u0159ezen<\/a> <a href=\"https:\/\/cs.wikipedia.org\/wiki\/Ma%C4%8Farsko\">ma\u010farsk\u00e9<\/a>&nbsp;jednotky okupuj\u00ed s&nbsp;<a href=\"https:\/\/cs.wikipedia.org\/wiki\/Nacistick%C3%A9_N%C4%9Bmecko\">n\u011bmeck\u00fdm<\/a>&nbsp;souhlasem&nbsp;<a href=\"https:\/\/cs.wikipedia.org\/wiki\/Podkarpatsk%C3%A1_Rus\">Podkarpatskou Ukrajinu<\/a><\/p>\n\n\n\n<p>Z\u0159\u00edzen\u00ed&nbsp;<a href=\"https:\/\/cs.wikipedia.org\/wiki\/Protektor%C3%A1t_%C4%8Cechy_a_Morava\">Protektor\u00e1tu \u010cechy a Morava<\/a>, jmenov\u00e1n\u00ed protektor\u00e1tn\u00ed vl\u00e1dy (<a href=\"https:\/\/cs.wikipedia.org\/wiki\/%C4%8Ceskoslovensko\">\u010cSR<\/a>)<\/p>\n\n\n\n<p>Okupac\u00ed okresn\u00ed s\u00eddlo\nv&nbsp;Hustope\u010d\u00edch zaniklo a m\u011bsto se stalo sou\u010d\u00e1st\u00ed Landr\u00e1tu mikulovsk\u00e9ho\nv&nbsp;Dolnorakousk\u00e9 \u017eup\u011b ( Gau Niederdonau). V d\u016fsledku toho p\u0159i j\u00edzd\u011b \u010di ch\u016fzi\ndo Kurd\u011bjova a Hustope\u010d\u00ed, ale i na pole H\u00e1dy, Molgary, Pizingry a Pruchy musely\nb\u00fdt propustky. <\/p>\n\n\n\n<p>Po zru\u0161en\u00ed Okresn\u00edho \u00fa\u0159adu\nHustope\u010de p\u0159e\u0161ly obce pod Okresn\u00ed \u00fa\u0159ad Klobouky, pozd\u011bji v\u0161ak i zde byl zru\u0161en\nokresn\u00ed \u00fa\u0159ad a oblast spadala pod Hodon\u00edn.<\/p>\n\n\n\n<p>Pod klobouck\u00fd bern\u00ed \u00fa\u0159ad (\nlidov\u011b d\u016fchodkov\u00fd) n\u00e1le\u017eely obce: Bohumilice, Boleradice, Borkovany, Bo\u0159etice,\nBrumovice, Div\u00e1ky, Horn\u00ed Bojanovice, Ka\u0161nice, Klobouky, Kobyl\u00ed, Krumv\u00ed\u0159, Martinice,\nMork\u016fvky, N\u011bm\u010di\u010dky, Nikol\u010dice, \u0160itbo\u0159ice, Velk\u00e9 Host\u011br\u00e1dky, Velk\u00e9 Pavlovice a\nVrbice.<\/p>\n\n\n\n<p>Kdy\u017e m\u011bla b\u00fdt n\u011bmeck\u00fdmi vojsky\nobsazena Hustope\u010d a Kurd\u011bjov, do Nikol\u010dic bylo p\u0159id\u011bleno 200 \u010dsl. voj\u00e1k\u016f. Byli\nusazeni v&nbsp;soukrom\u00fdch domech. U Klob\u00e1s\u016f \u010d.10 m\u011bli kancel\u00e1\u0159, u Byst\u0159ick\u00fdch\n\u010d.21 byla poln\u00ed kuchyn\u011b ( D\u011bti si tam chodily na pol\u00edvku). N\u011bkolik dn\u00ed bydleli\nve \u0161kole.<\/p>\n\n\n\n<p><a href=\"https:\/\/cs.wikipedia.org\/wiki\/17._b%C5%99ezen\">17. b\u0159ezen<\/a>&nbsp;\u2013\nzaveden\u00ed pravostrann\u00e9ho silni\u010dn\u00edho provozu v&nbsp;<a href=\"https:\/\/cs.wikipedia.org\/wiki\/Protektor%C3%A1t_%C4%8Cechy_a_Morava\">Protektor\u00e1tu\n\u010cechy a Morava<\/a>&nbsp;(<a href=\"https:\/\/cs.wikipedia.org\/wiki\/%C4%8Ceskoslovensko\">\u010cSR<\/a>)<\/p>\n\n\n\n<p>Toho roku byla v&nbsp;na\u0161\u00ed obci\nz\u0159\u00edzena \u010detnick\u00e1 stanice a finan\u010dn\u00ed str\u00e1\u017e. O byty byla nouze. \u010cetn\u00edci byli\nusazeni na \u010d\u00edsle 86 (c\u00edrkevn\u00ed d\u016fm). Po osobn\u00edch zm\u011bn\u00e1ch z\u016fstal na stanici\nvelitelem Fr. Pe\u0161a, jeho pod\u0159\u00edzen\u00ed byli prapor\u010d\u00edk Poffel a str\u00e1\u017emist\u0159i Fuchs,\nKov\u00e1\u0159 a \u010cervinka. Finan\u010dn\u00ed str\u00e1\u017e m\u011bla p\u016fvodn\u011b 18 \u010dlen\u016f a roku 1940 byla\nzru\u0161ena; jej\u00ed \u010dlenov\u00e9 ode\u0161li do civiln\u00edch slu\u017eeb. V obci z\u016fstal jako z\u00e1sobovac\u00ed\nkomisa\u0159 Josef Slov\u00e1\u010dek, b\u00fdval\u00fd&nbsp; rusk\u00fd\nlegion\u00e1\u0159, &nbsp;a Vil\u00e9m Frejka pro K\u0159epice. <\/p>\n\n\n\n<p><a href=\"https:\/\/cs.wikipedia.org\/wiki\/19._b%C5%99ezen\">19. b\u0159ezen<\/a>&nbsp;\u2013&nbsp;<a href=\"https:\/\/cs.wikipedia.org\/wiki\/Nacistick%C3%A9_N%C4%9Bmecko\">n\u011bmeck\u00e1<\/a>&nbsp;vojensk\u00e1\np\u0159ehl\u00eddka na&nbsp;<a href=\"https:\/\/cs.wikipedia.org\/wiki\/V%C3%A1clavsk%C3%A9_n%C3%A1m%C4%9Bst%C3%AD\">V\u00e1clavsk\u00e9m\nn\u00e1m\u011bst\u00ed<\/a>&nbsp;v&nbsp;<a href=\"https:\/\/cs.wikipedia.org\/wiki\/Praha\">Praze<\/a>&nbsp;<\/p>\n\n\n\n<p>Policejn\u011b byla zp\u0159\u00edsn\u011bna evidence ka\u017ed\u00e9ho ob\u010dana, mlad\u00ed ji\u017e od \u010dtrn\u00e1cti let m\u011bli ob\u010dansk\u00fd pr\u016fkaz (Kenkartu). Co\u017e byl jednoduch\u00fd mal\u00fd dvoulist\u00fd pr\u016fkaz z&nbsp;fotografi\u00ed, rodn\u00fdm \u010d\u00edslem, ozna\u010den\u00edm bydli\u0161t\u011b a otiskem palce.<\/p>\n\n\n\n<p><a href=\"https:\/\/cs.wikipedia.org\/wiki\/21._b%C5%99ezen\">21. b\u0159ezen<\/a>&nbsp;\u2013 polo\u017een z\u00e1klad\nvzniku&nbsp;<a href=\"https:\/\/cs.wikipedia.org\/wiki\/N%C3%A1rodn%C3%AD_souru%C4%8Denstv%C3%AD\">N\u00e1rodn\u00edho\nsouru\u010denstv\u00ed<\/a>&nbsp;(jedin\u00e9 politick\u00e9 strany v&nbsp;<a href=\"https:\/\/cs.wikipedia.org\/wiki\/Protektor%C3%A1t_%C4%8Cechy_a_Morava\">Protektor\u00e1tu\n\u010cechy a Morava<\/a>)<\/p>\n\n\n\n<p>Vedouc\u00edm byl prezident H\u00e1cha,\nzde Jakub B\u00edlek. Krom\u011b vyb\u00edr\u00e1n\u00ed p\u0159\u00edsp\u011bvk\u016f nevyv\u00edjelo \u017e\u00e1dnou \u010dinnost. <\/p>\n\n\n\n<p><a href=\"https:\/\/cs.wikipedia.org\/wiki\/5._kv%C4%9Bten\">5. kv\u011bten<\/a> rozkaz&nbsp;<a href=\"https:\/\/cs.wikipedia.org\/wiki\/Reinhard_Heydrich\">Reinharda Heydricha<\/a>&nbsp;ke\nzformov\u00e1n\u00ed&nbsp;<a href=\"https:\/\/cs.wikipedia.org\/wiki\/Gestapo\">gestapa<\/a>&nbsp;v&nbsp;<a href=\"https:\/\/cs.wikipedia.org\/wiki\/Protektor%C3%A1t_%C4%8Cechy_a_Morava\">Protektor\u00e1tu \u010cechy a Morava<\/a>.<\/p>\n\n\n\n<p><a href=\"https:\/\/cs.wikipedia.org\/wiki\/5._%C4%8Derven\">5. \u010derven<\/a>&nbsp;\u2013\npodplukovn\u00edk&nbsp;<a href=\"https:\/\/cs.wikipedia.org\/wiki\/Ludv%C3%ADk_Svoboda\">Ludv\u00edk Svoboda<\/a>&nbsp;ileg\u00e1ln\u011b\nunik\u00e1 pobl\u00ed\u017e&nbsp;<a href=\"https:\/\/cs.wikipedia.org\/wiki\/Ostrava\">Ostravy<\/a>&nbsp;do&nbsp;<a href=\"https:\/\/cs.wikipedia.org\/wiki\/Polsko\">Polska<\/a><\/p>\n\n\n\n<p>8. &nbsp;\u010dervna&nbsp;\nbyl p\u0159elo\u017een zdej\u0161\u00ed&nbsp; \u0159\u00edd\u00edc\u00ed u\u010d.\nKloupar&nbsp; do trval\u00e9 v\u00fdslu\u017eby.&nbsp; Zde za\u010d\u00ednal svou u\u010ditelskou kari\u00e9ru v&nbsp;roce&nbsp; 1905.<\/p>\n\n\n\n<p>22. \u010dervna prob\u00edh\u00e1 jedn\u00e1n\u00ed o\nz\u0159\u00edzen\u00ed \u00fajezdn\u00ed m\u011b\u0161\u0165ansk\u00e9 \u0161koly pro obce Div\u00e1ky, Nikol\u010dice a K\u0159epice se&nbsp; s\u00eddlem v&nbsp;Nikol\u010dic\u00edch.<\/p>\n\n\n\n<p>V&nbsp;\u010dervnu byly ve vsi\npovodn\u011b. <\/p>\n\n\n\n<p>12. \u010dervence krupobit\u00ed, \u0161kody\nna ovoci, pr\u016fm\u011brn\u00e9&nbsp; \u017en\u011b.<\/p>\n\n\n\n<p><a href=\"https:\/\/cs.wikipedia.org\/wiki\/14._%C4%8Dervenec\">14. \u010dervence<\/a>&nbsp;\nse narodil &nbsp;<a href=\"https:\/\/cs.wikipedia.org\/wiki\/Karel_Gott\">Karel Gott<\/a>,\nzp\u011bv\u00e1k.(+ 2020)<\/p>\n\n\n\n<p>9. srpna se&nbsp; v&nbsp;Brn\u011b narodila Eva Pilarov\u00e1.( +\n14.3.2020)<\/p>\n\n\n\n<p>\u0160koln\u00ed prapor.<\/p>\n\n\n\n<p>&nbsp;\u017da\u010dky IV. t\u0159\u00eddy&nbsp; vy\u0161ily pro obecnou \u0161kolu prapor, na kter\u00fd\nspr\u00e1vce \u0161koly vyprosil ve\u0161ker\u00fd materi\u00e1l od&nbsp;\nr\u016fzn\u00fdch firem. St\u0159ed byl vypln\u011bn obecn\u00edm znakem. Kolem znaku je\nMasarykovo heslo. Stuhy sv\u00fdmi letopo\u010dty p\u0159ipom\u00ednaj\u00ed kr\u00e1tkou, ale&nbsp; velikou&nbsp;\ndobu na\u0161eho n\u00e1roda.<\/p>\n\n\n\n<p>Posledn\u00ed z\u00e1pis&nbsp; do \u0161koln\u00ed&nbsp;\nkroniky napsal u\u010d. Kloupar v&nbsp;srpnu 1939.<\/p>\n\n\n\n<p>Nov\u00fd \u0161koln\u00ed rok za\u010dal 1. z\u00e1\u0159\u00ed. Do\u0161lo ke spojen\u00ed obecn\u00e9\n\u0161koly pod spole\u010dnou spr\u00e1vu se \u0161kolou m\u011b\u0161\u0165anskou, kv\u016fli zabr\u00e1n\u00ed&nbsp; m\u011b\u0161\u0165ansk\u00e9&nbsp;\n\u0161koly v&nbsp;Hustope\u010d\u00edch. &nbsp;N\u00e1bytek\nbyl do Nikol\u010dick\u00e9 \u0161koly&nbsp; p\u0159est\u011bhov\u00e1n&nbsp; z m\u011b\u0161\u0165ansk\u00e9 \u0161koly z Olbramovic a &nbsp;dal\u0161\u00ed vnit\u0159n\u00ed za\u0159\u00edzen\u00ed je\u0161t\u011b ze \u0161kol v\nNa\u0161im\u011b\u0159ic\u00edch a Hustope\u010d\u00edch. Na z\u0159\u00edzen\u00ed a p\u0159est\u011bhov\u00e1n\u00ed \u0161koly m\u011bli nejv\u011bt\u0161\u00ed\nz\u00e1sluhy starosta Metod\u011bj Kone\u010dn\u00fd, n\u00e1m\u011bstek Franti\u0161ek Ne\u010das, radn\u00ed Anton\u00edn\nNovotn\u00fd, Josef Barton\u011bk a V\u00e1clav Ku\u010dera a \u010dlenov\u00e9 m\u00edstn\u00ed \u0161koln\u00ed rady Josef Solni\u010dka\na Josef Hany\u00e1\u0161. &nbsp;Franti\u0161ek&nbsp; Ne\u010das&nbsp;\nbyl pozd\u011bji na\u0159\u010den, \u017ee \u201e okradl\u201c \u0158\u00ed\u0161i a m\u011bl pot\u00ed\u017ee s&nbsp;gestapem.<\/p>\n\n\n\n<p>\u0158editelem m\u011b\u0161\u0165ansk\u00e9 \u0161koly byl\nKarel Krafka, kter\u00fd spravuje ob\u011b \u0161koly.<\/p>\n\n\n\n<figure class=\"wp-block-image size-large\"><img loading=\"lazy\" decoding=\"async\" width=\"1024\" height=\"553\" src=\"http:\/\/symbivita.cz\/blog\/wp-content\/uploads\/2020\/03\/2.-t\u0159\u00edda-1940-41-1024x553.png\" alt=\"\" class=\"wp-image-263\" srcset=\"https:\/\/symbivita.cz\/blog\/wp-content\/uploads\/2020\/03\/2.-t\u0159\u00edda-1940-41-1024x553.png 1024w, https:\/\/symbivita.cz\/blog\/wp-content\/uploads\/2020\/03\/2.-t\u0159\u00edda-1940-41-300x162.png 300w, https:\/\/symbivita.cz\/blog\/wp-content\/uploads\/2020\/03\/2.-t\u0159\u00edda-1940-41-768x414.png 768w, https:\/\/symbivita.cz\/blog\/wp-content\/uploads\/2020\/03\/2.-t\u0159\u00edda-1940-41-1536x829.png 1536w, https:\/\/symbivita.cz\/blog\/wp-content\/uploads\/2020\/03\/2.-t\u0159\u00edda-1940-41.png 1542w\" sizes=\"(max-width: 1024px) 100vw, 1024px\" \/><\/figure>\n\n\n\n<figure class=\"wp-block-image size-large\"><img loading=\"lazy\" decoding=\"async\" width=\"1024\" height=\"689\" src=\"http:\/\/symbivita.cz\/blog\/wp-content\/uploads\/2020\/03\/1.t\u0159\u00edda-1940-41-1024x689.png\" alt=\"\" class=\"wp-image-264\" srcset=\"https:\/\/symbivita.cz\/blog\/wp-content\/uploads\/2020\/03\/1.t\u0159\u00edda-1940-41-1024x689.png 1024w, https:\/\/symbivita.cz\/blog\/wp-content\/uploads\/2020\/03\/1.t\u0159\u00edda-1940-41-300x202.png 300w, https:\/\/symbivita.cz\/blog\/wp-content\/uploads\/2020\/03\/1.t\u0159\u00edda-1940-41-768x516.png 768w, https:\/\/symbivita.cz\/blog\/wp-content\/uploads\/2020\/03\/1.t\u0159\u00edda-1940-41.png 1374w\" sizes=\"(max-width: 1024px) 100vw, 1024px\" \/><\/figure>\n\n\n\n<figure class=\"wp-block-image size-large\"><img loading=\"lazy\" decoding=\"async\" width=\"1024\" height=\"631\" src=\"http:\/\/symbivita.cz\/blog\/wp-content\/uploads\/2020\/03\/3.t\u0159\u00edda-1940-41-1024x631.png\" alt=\"\" class=\"wp-image-265\" srcset=\"https:\/\/symbivita.cz\/blog\/wp-content\/uploads\/2020\/03\/3.t\u0159\u00edda-1940-41-1024x631.png 1024w, https:\/\/symbivita.cz\/blog\/wp-content\/uploads\/2020\/03\/3.t\u0159\u00edda-1940-41-300x185.png 300w, https:\/\/symbivita.cz\/blog\/wp-content\/uploads\/2020\/03\/3.t\u0159\u00edda-1940-41-768x473.png 768w, https:\/\/symbivita.cz\/blog\/wp-content\/uploads\/2020\/03\/3.t\u0159\u00edda-1940-41.png 1528w\" sizes=\"(max-width: 1024px) 100vw, 1024px\" \/><\/figure>\n\n\n\n<p>U\u010ditel\u00e9: And\u011bla Hor\u00e1kov\u00e1(\nnarozena v&nbsp;Hustope\u010d\u00edch), Rudolf Kol\u00ednsk\u00fd, \u010cestm\u00edr \u010cerno\u0161ek( Ostravice u\nFr\u00fddku M\u00edstku), Herm\u00edna Kord\u00edkov\u00e1( Opatovice) a Blanka Studen\u00e1( Ivan\u010dice). N\u00e1bo\u017eenstv\u00ed\nu\u010dili far\u00e1\u0159 Jan Ture\u010dek a evangelick\u00fd far\u00e1\u0159 \u0160ed\u00fd. D\u00edv\u010d\u00edm pracem vyu\u010duje Libu\u0161e\nFarl\u00edkov\u00e1, je\u017e doch\u00e1z\u00ed z&nbsp;K\u0159epic. V\u0161ichni \u017e\u00e1ci obecn\u00e9 \u0161koly jsou poji\u0161t\u011bni\nproti \u00farazu u Hasi\u010dsk\u00e9 poji\u0161\u0165ovny v&nbsp;Brn\u011b.<\/p>\n\n\n\n<p><a href=\"https:\/\/cs.wikipedia.org\/wiki\/1._z%C3%A1%C5%99%C3%AD\">1. z\u00e1\u0159\u00ed<\/a> do\u0161lo k napaden\u00ed&nbsp;<a href=\"https:\/\/cs.wikipedia.org\/wiki\/Polsko\">Polska<\/a>&nbsp;<a href=\"https:\/\/cs.wikipedia.org\/wiki\/Nacistick%C3%A9_N%C4%9Bmecko\">N\u011bmeckem<\/a>, zah\u00e1jen\u00ed\noperace&nbsp;<a href=\"https:\/\/cs.wikipedia.org\/wiki\/Invaze_do_Polska_(1939)\">Fall Weiss<\/a>, za\u010d\u00e1tek&nbsp;<a href=\"https:\/\/cs.wikipedia.org\/wiki\/Druh%C3%A1_sv%C4%9Btov%C3%A1_v%C3%A1lka\">druh\u00e9 sv\u011btov\u00e9 v\u00e1lky<\/a><\/p>\n\n\n\n<p>Zat\u00fdk\u00e1n\u00ed v&nbsp;<a href=\"https:\/\/cs.wikipedia.org\/wiki\/Protektor%C3%A1t_%C4%8Cechy_a_Morava\">Protektor\u00e1tu\n\u010cechy a Morava<\/a>&nbsp;\u2013 n\u011bmeck\u00e1 operace&nbsp;<a href=\"https:\/\/cs.wikipedia.org\/w\/index.php?title=Operace_Albrecht_I.&amp;action=edit&amp;redlink=1\">Albrecht I.<\/a>&nbsp;\u2013 v \u010cech\u00e1ch zat\u010deno 1247 osob.<\/p>\n\n\n\n<p>7. z\u00e1\u0159\u00ed protektor\u00e1tn\u00ed vl\u00e1da\nschvaluje stanovisko \u00da\u0159adu \u0159\u00ed\u0161sk\u00e9ho protektora ohledn\u011b vyv\u011b\u0161ov\u00e1n\u00ed vlajek a\nhran\u00ed hymen<\/p>\n\n\n\n<p>Z\u00e1\u0159\u00ed bylo chladn\u00e9 a na jeho\nkonci za\u010dalo podzimn\u00ed set\u00ed. Cel\u00fd podzim byl de\u0161tiv\u00fd. V\u0161echny poln\u00ed pr\u00e1ce se tak\nmusely konat v de\u0161ti.<\/p>\n\n\n\n<p>Tento rok byla postavena\nobecn\u00ed v\u00e1ha, stavbu provedla firma Kal\u00e1b z&nbsp;Brna. N\u00e1klad \u010dinil asi\n25&nbsp;000 K. Nosnost byla vypo\u010dtena na 130 q.<\/p>\n\n\n\n<figure class=\"wp-block-image size-large\"><img loading=\"lazy\" decoding=\"async\" width=\"898\" height=\"677\" src=\"http:\/\/symbivita.cz\/blog\/wp-content\/uploads\/2020\/03\/Obr.-5-Obr\u00e1zky-z-kroniky.png\" alt=\"\" class=\"wp-image-267\" srcset=\"https:\/\/symbivita.cz\/blog\/wp-content\/uploads\/2020\/03\/Obr.-5-Obr\u00e1zky-z-kroniky.png 898w, https:\/\/symbivita.cz\/blog\/wp-content\/uploads\/2020\/03\/Obr.-5-Obr\u00e1zky-z-kroniky-300x226.png 300w, https:\/\/symbivita.cz\/blog\/wp-content\/uploads\/2020\/03\/Obr.-5-Obr\u00e1zky-z-kroniky-768x579.png 768w\" sizes=\"(max-width: 898px) 100vw, 898px\" \/><\/figure>\n\n\n\n<p> Zavedeno telefonn\u00ed spojen\u00ed&nbsp; d\u00edky tomu, \u017ee v&nbsp;obci bylo zavedeno \u010detnictvo a finan\u010dn\u00ed str\u00e1\u017e.  <\/p>\n\n\n\n<p>Americk\u00e1\nspole\u010dnost CBS zkou\u0161ela bezdr\u00e1tov\u00fd p\u0159enos barevn\u00e9 televize.<\/p>\n\n\n\n<p>V \u0159\u00edjnu byly zavedeny\npotravinov\u00e9 l\u00edstky. \u0160lo o tzv. p\u0159\u00edd\u011blov\u00fd syst\u00e9m&nbsp;\na sou\u010dasn\u011b&nbsp; byly na\u0159\u00edzeny povinn\u00e9\ndod\u00e1vky vajec a ml\u00e9ka. N\u011bkte\u0159\u00ed museli p\u011bstovat tab\u00e1k. V\u0161ichni museli b\u00fdt\nzam\u011bstn\u00e1ni a na z\u00e1klad\u011b toho dost\u00e1vali na obecn\u00edm \u00fa\u0159ad\u011b l\u00edstky. Na p\u0159\u00edd\u011bl bylo\nmaso, m\u00e1slo, tuky, ml\u00e9ko, vejce, mouka a pe\u010divo, cukr, m\u00fddlo, pr\u00e1dlo, \u0161atstvo,\nobuv, tab\u00e1k, d\u0159\u00edv\u00ed, uhl\u00ed. Rozbujel se \u010dern\u00fd trh. Hlavn\u00edm platidlem byly husy, kachny,\ns\u00e1dlo, maso, vaj\u00ed\u010dka atd..<\/p>\n\n\n\n<p>8. z\u00e1\u0159\u00ed britsk\u00e1&nbsp;<a href=\"https:\/\/cs.wikipedia.org\/wiki\/BBC\">BBC<\/a>&nbsp;za\u010d\u00edn\u00e1 s pravideln\u00fdmi denn\u00edmi relacemi v \u010desk\u00e9m jazyce<\/p>\n\n\n\n<p>&nbsp;Kdo m\u011bl r\u00e1dio, musel z&nbsp;n\u011bj&nbsp; odstranit kr\u00e1tk\u00e9 vlny.<\/p>\n\n\n\n<p>17.z\u00e1\u0159\u00ed p\u0159echod\n\u010deskoslovensk\u00e9 vojensk\u00e9 jednotky na sov\u011btskou stranu v oblasti mezi&nbsp;<a href=\"https:\/\/cs.wikipedia.org\/wiki\/Polsko\">Polskem<\/a>&nbsp;a&nbsp;<a href=\"https:\/\/cs.wikipedia.org\/wiki\/Ukrajina\">Ukrajinou<\/a><\/p>\n\n\n\n<p>18. z\u00e1\u0159\u00ed protektor\u00e1tn\u00ed vl\u00e1da\nstvrzuje rozhodnut\u00ed&nbsp;<a href=\"https:\/\/cs.wikipedia.org\/wiki\/Jan_Syrov%C3%BD\">Syrov\u00e9ho<\/a>&nbsp;vl\u00e1dy\nz&nbsp;\u0159\u00edjna 1938 \u2013 28. \u0159\u00edjen nebude nad\u00e1le pova\u017eov\u00e1n za st. sv\u00e1tek (<a href=\"https:\/\/cs.wikipedia.org\/wiki\/Protektor%C3%A1t_%C4%8Cechy_a_Morava\">\u010cSR<\/a>)<\/p>\n\n\n\n<p>19.z\u00e1\u0159\u00ed- 189 mu\u017e\u016f ze skupiny\n\u010cesk\u00fdch legion\u00e1\u0159\u016f pod veden\u00edm podplukovn\u00edka&nbsp;<a href=\"https:\/\/cs.wikipedia.org\/wiki\/Ludv%C3%ADk_Svoboda\">Svobody<\/a>&nbsp;p\u0159ech\u00e1z\u00ed\nk sov\u011btsk\u00fdm vojsk\u016fm.<\/p>\n\n\n\n<p>28. \u0159\u00edjen&nbsp;&nbsp; protinacistick\u00e1 demonstrace&nbsp; smrteln\u011b zran\u011bn Jan Opletal&nbsp; (<a href=\"https:\/\/cs.wikipedia.org\/wiki\/1._leden\">1. ledna<\/a>&nbsp;<a href=\"https:\/\/cs.wikipedia.org\/wiki\/1915\">1915<\/a>&nbsp;<a href=\"https:\/\/cs.wikipedia.org\/wiki\/Lhota_nad_Moravou\">Lhota nad Moravou<\/a>&nbsp;\u2013&nbsp;<a href=\"https:\/\/cs.wikipedia.org\/wiki\/11._listopad\">11. listopadu<\/a>&nbsp;<a href=\"https:\/\/cs.wikipedia.org\/wiki\/1939\">1939<\/a>&nbsp;<a href=\"https:\/\/cs.wikipedia.org\/wiki\/Praha\">Praha<\/a>) byl student L\u00e9ka\u0159sk\u00e9\nfakulty&nbsp;<a href=\"https:\/\/cs.wikipedia.org\/wiki\/Univerzita_Karlova\">Karlovy\nuniverzity<\/a>, <\/p>\n\n\n\n<p>&nbsp;<a href=\"https:\/\/cs.wikipedia.org\/wiki\/8._listopad\">8. listopad<\/a>&nbsp; <a href=\"https:\/\/cs.wikipedia.org\/wiki\/Adolf_Hitler\">Adolf Hitler<\/a>&nbsp;t\u011bsn\u011b unikl&nbsp;<a href=\"https:\/\/cs.wikipedia.org\/wiki\/Atent%C3%A1t_na_Hitlera_z_8._listopadu_1939\">atent\u00e1tu<\/a>.<\/p>\n\n\n\n<p><a href=\"https:\/\/cs.wikipedia.org\/wiki\/15._listopad\">15. listopad<\/a>&nbsp; poh\u0159eb&nbsp;<a href=\"https:\/\/cs.wikipedia.org\/wiki\/Jan_Opletal\">Jana Opletala<\/a>&nbsp;v&nbsp;<a href=\"https:\/\/cs.wikipedia.org\/wiki\/Praha\">Praze<\/a>, demonstrace cca 5000 student\u016f v&nbsp;ulic\u00edch.<\/p>\n\n\n\n<p><a href=\"https:\/\/cs.wikipedia.org\/wiki\/17._listopad\">17. listopad<\/a>&nbsp;\u2013\nuzav\u0159eny \u010desk\u00e9 vysok\u00e9 \u0161koly, vedouc\u00ed p\u0159edstavitel\u00e9 vysoko\u0161kol\u00e1k\u016f byli zat\u010deni a\npopraveni, stovky \u010desk\u00fdch student\u016f byly zbity a odvle\u010deny do koncentra\u010dn\u00edch\nt\u00e1bor\u016f.<\/p>\n\n\n\n<p>18. listopadu- zat\u010den\u00ed \u010de\u0161t\u00ed studenti star\u0161\u00ed 20 let (1264\nstudent\u016f) odvezeni do koncentra\u010dn\u00edho t\u00e1bora&nbsp;<a href=\"https:\/\/cs.wikipedia.org\/wiki\/Koncentra%C4%8Dn%C3%AD_t%C3%A1bor_Sachsenhausen\">Sachsenhausen<\/a>.<\/p>\n\n\n\n<p>1.prosince p\u0159e\u0161el na \u0161kolu\nm\u011b\u0161\u0165anskou u\u010ditel Rudolf Kol\u00ednsk\u00fd a na jeho m\u00edsto&nbsp; byla ustanovena jeho&nbsp; man\u017eelka Vlasta Kol\u00ednsk\u00e1- rozen\u00e1 Dost\u00e1lov\u00e1.<\/p>\n\n\n\n<figure class=\"wp-block-image size-large\"><img loading=\"lazy\" decoding=\"async\" width=\"948\" height=\"726\" src=\"http:\/\/symbivita.cz\/blog\/wp-content\/uploads\/2020\/03\/1939-v\u00fdlet-sokol\u016f.png\" alt=\"\" class=\"wp-image-268\" srcset=\"https:\/\/symbivita.cz\/blog\/wp-content\/uploads\/2020\/03\/1939-v\u00fdlet-sokol\u016f.png 948w, https:\/\/symbivita.cz\/blog\/wp-content\/uploads\/2020\/03\/1939-v\u00fdlet-sokol\u016f-300x230.png 300w, https:\/\/symbivita.cz\/blog\/wp-content\/uploads\/2020\/03\/1939-v\u00fdlet-sokol\u016f-768x588.png 768w\" sizes=\"(max-width: 948px) 100vw, 948px\" \/><\/figure>\n\n\n\n<p><strong>1940<\/strong> <\/p>\n\n\n\n<p>Abnorm\u00e1ln\u00ed&nbsp; rok, tuh\u00e1 zima, de\u0161tiv\u00e9 l\u00e9to, lednov\u00e1 minima,\nv&nbsp;\u00fanoru vlna mraz\u016f (m\u00ednus 25 st C.), zav\u00e1t\u00e9 komunikace. Obec musela\nproh\u00e1zet sv\u016fj katastr, odh\u00e1zen\u00fd sn\u00edh se kupil kolem silnic a\u017e do v\u00fd\u0161e 3 m. Byly\n\u0161kody na stromov\u00ed, opo\u017ed\u011bn\u00e9 \u017en\u011b, obil\u00ed \u0161patn\u011b sype, chladn\u00fd podzim, n\u00e1mrazy\nkoncem \u0159\u00edjna.<\/p>\n\n\n\n<p>9. ledna byla provedena ve\n\u0161kole v\u00e1no\u010dn\u00ed&nbsp; nad\u00edlka&nbsp; chud\u00fdm d\u011btem, kterou financovali r\u016fzn\u00e9\norganizace z&nbsp;okresu. V&nbsp;lednu bylo d\u011btem obou \u0161kol&nbsp; rozd\u00e1v\u00e1no ml\u00e9ko.<\/p>\n\n\n\n<p>V&nbsp;\u00fanoru odch\u00e1z\u00ed u\u010ditel\n\u010cerno\u0161ek na \u0161kolu m\u011b\u0161\u0165anskou a na jeho m\u00edsto nastupuje Jaroslav Vr\u00e1na ( P\u0159erov).<\/p>\n\n\n\n<p>V&nbsp;obci se za\u010dala &nbsp;budovat kanalizace a \u0159e\u0161it ot\u00e1zka\nelektrifikace obce. &nbsp;Podn\u011bt tomu byl d\u00e1n\nji\u017e v&nbsp;dob\u011b starostov\u00e1n\u00ed Mat\u00fd\u0161ka z&nbsp;\u010d. 8.<\/p>\n\n\n\n<p>22. b\u0159ezna m\u011bl poh\u0159eb Jan\nOt\u0159\u00edsal z \u010d. 106, kter\u00fd zahynul v N\u011bmecku, kde byl na pr\u00e1ci. Jeho t\u011blo tam bylo\nsp\u00e1leno a urna posl\u00e1na do rodn\u00e9 obce. <\/p>\n\n\n\n<p>30. b\u0159ezna byly zabaveny\nzvony: dva z&nbsp;katolick\u00e9ho a jeden z&nbsp;evangelick\u00e9ho kostela.<\/p>\n\n\n\n<p>21. dubna sehr\u00e1li \u010dlenov\u00e9 u\u010d.\nsboru ze \u0161koly&nbsp; Hor\u00e1kov\u00e1 a Vr\u00e1na pro\njednotu Sokol operetu \u201e Tul\u00e1ck\u00e1 krev\u201c.<\/p>\n\n\n\n<p>14. \u010dervna N\u011bmecko obsadilo Pa\u0159\u00ed\u017e<\/p>\n\n\n\n<p>10. \u010dervence&nbsp;\nza\u010dala bitva o Brit\u00e1nii<\/p>\n\n\n\n<p>2.&nbsp; z\u00e1\u0159\u00ed za\u010d\u00edn\u00e1&nbsp;\n\u0161koln\u00ed&nbsp; rok 1940\/41. Na obecn\u00e9\n\u0161kole&nbsp; vyu\u010dovali Alois Strouhal, And\u011bla\nHor\u00e1kov\u00e1, Vlasta Kol\u00ednsk\u00e1, V\u00e1clav Barton\u011bk a Herm\u00edna Kord\u00edkov\u00e1. Ru\u010dn\u00edm pracem\nvyu\u010dovala Libu\u0161e&nbsp; Farl\u00edkov\u00e1<\/p>\n\n\n\n<p>A d\u00e1le t\u0159\u00eddn\u00ed u\u010ditel\u00e9: Anton\u00edn\nTom\u00e1\u0161ek, Old\u0159ich Jedli\u010dka, Josefa Brychtov\u00e1, Rudolf Kol\u00ednsk\u00fd, Bohum\u00edr J\u00e1no\u0161,\nJi\u0159\u00ed Kudela, \u010cestm\u00edr \u010cerno\u0161ek. <\/p>\n\n\n\n<p>Jeden ze&nbsp;\u010dlen\u016f sboru odborn\u00fd\nu\u010ditel Ed.Hrabovsk\u00fd byl pro ileg\u00e1ln\u00ed&nbsp;\n\u010dinnost popraven.<\/p>\n\n\n\n<p>N\u00e1bo\u017eenstv\u00ed u\u010dili Jan Ture\u010dek\na V\u00e1clav Barton\u011bk. Evangel\u00edky u\u010dil far\u00e1\u0159 \u0160ed\u00fd.<\/p>\n\n\n\n<p>\u0160kolu nav\u0161t\u011bvovaly&nbsp; d\u011bti z Nikol\u010dic, K\u0159epic, Div\u00e1k, Boleradic a\n\u0160itbo\u0159ic.<\/p>\n\n\n\n<p>Bylo zak\u00e1z\u00e1no p\u0159ij\u00edm\u00e1n\u00ed&nbsp; \u017eidovsk\u00fdch d\u011bt\u00ed&nbsp; do&nbsp;\n\u010desk\u00fdch \u0161kol. Byla zavedena&nbsp;\nv\u00fduka&nbsp; n\u011bm\u010diny, jako povinn\u00fd\np\u0159edm\u011bt. V\u0161echny n\u00e1pisy,&nbsp; tiskopisy,\nraz\u00edtka atd, museli b\u00fdt n\u011bmecko- \u010desk\u00e9. Slovo \u201e st\u00e1tn\u00ed\u201c a&nbsp; \u010desk\u00fd\u201c&nbsp;\nbylo nep\u0159\u00edpustn\u00e9.<\/p>\n\n\n\n<p>U\u010ditel\u00e9 n\u011bm\u010diny, d\u011bjepisu a\nzem\u011bpisu povinn\u011b&nbsp; nav\u0161t\u00edvili pra\u017eskou\nv\u00fdstavu Deutsche &nbsp;Gr\u00f6\u00dfe.<\/p>\n\n\n\n<p>\u0158editel\u00e9 a spr\u00e1vci&nbsp; \u0161kol se&nbsp;\nmuseli&nbsp; podrobit zkou\u0161ce\nz&nbsp;n\u011bm\u010diny.<\/p>\n\n\n\n<p>\u0160koln\u00ed za\u0159\u00edzen\u00ed, kter\u00e9 bylo\np\u0159est\u011bhov\u00e1no z&nbsp;Olbramovic, Na\u0161im\u011b\u0159ic a Hustope\u010d, muselo b\u00fdt&nbsp; vr\u00e1ceno nebo zaplaceno.<\/p>\n\n\n\n<p>13. srpna obec&nbsp; \u010d\u00e1stku zaplatila 4.710 \u0159\u00ed\u0161sk\u00fdch marek, co\u017e\nbylo 47.100 korun. &nbsp;T\u00edm se ve\u0161ker\u00fd\nn\u00e1bytek a invent\u00e1\u0159 staly majetkem obce.<\/p>\n\n\n\n<p>P\u00edsmeno \u201eV\u201c&nbsp;m\u011blo b\u00fdt\nsymbolem V\u00edt\u011bzstv\u00ed \u0159\u00ed\u0161e v&nbsp;boji za novou Evropu a jako takov\u00e9 mus\u00ed b\u00fdt\npropagov\u00e1no.<\/p>\n\n\n\n<p>\u017d\u00e1k\u016fm bylo ulo\u017eeno, \u017ee\nmusej\u00ed&nbsp;&nbsp; dokonale zn\u00e1t&nbsp; hymnu \u0158\u00ed\u0161e.<\/p>\n\n\n\n<figure class=\"wp-block-image size-large\"><img loading=\"lazy\" decoding=\"async\" width=\"1024\" height=\"706\" src=\"http:\/\/symbivita.cz\/blog\/wp-content\/uploads\/2020\/03\/Obr.13-1024x706.png\" alt=\"\" class=\"wp-image-269\" srcset=\"https:\/\/symbivita.cz\/blog\/wp-content\/uploads\/2020\/03\/Obr.13-1024x706.png 1024w, https:\/\/symbivita.cz\/blog\/wp-content\/uploads\/2020\/03\/Obr.13-300x207.png 300w, https:\/\/symbivita.cz\/blog\/wp-content\/uploads\/2020\/03\/Obr.13-768x529.png 768w, https:\/\/symbivita.cz\/blog\/wp-content\/uploads\/2020\/03\/Obr.13.png 1074w\" sizes=\"(max-width: 1024px) 100vw, 1024px\" \/><\/figure>\n\n\n\n<p>16. z\u00e1\u0159\u00ed byly s\u0148aty plakety TGM z pomn\u00edk\u016f padl\u00fdch v\nprvn\u00ed sv\u011btov\u00e9 v\u00e1lce. <\/p>\n\n\n\n<p><a>28. \u0159\u00edjna u\u017e se nesm\u011bl\nslavit sv\u00e1tek zalo\u017een\u00ed republiky.<\/a><\/p>\n\n\n\n<p>N\u00e1zev \u201e m\u011b\u0161\u0165ansk\u00e1&nbsp; \u0161kola\u201c byl&nbsp;\nnahrazen n\u00e1zvem\u201c hlavn\u00ed\u201c \u0161kola.<\/p>\n\n\n\n<p>D\u00e1le bylo zalo\u017eeno Kuratorium\n\u2014 vedouc\u00edm byl nucen\u011b ustanoven u\u010ditel Inocenc \u0160eve\u010dek a po jeho tot\u00e1ln\u00edm\nnasazen\u00ed u\u010ditel Jaroslav Vr\u00e1na. I zde byla \u010dinnost pasivn\u00ed.<\/p>\n\n\n\n<p>&nbsp;Finan\u010dn\u00ed&nbsp;\nstr\u00e1\u017e&nbsp; byla zru\u0161ena. M\u011bla p\u016fvodn\u011b\n18 \u010dlen\u016f, kte\u0159\u00ed ode\u0161li do civiln\u00ed slu\u017eby.<\/p>\n\n\n\n<p>Prezidenti<\/p>\n\n\n\n<p>St\u00e1tn\u00ed prezident protektor\u00e1tu \u010cechy a Morava \u2013 Emil\nH\u00e1cha <\/p>\n\n\n\n<p>&nbsp;&nbsp;&nbsp;&nbsp;&nbsp;&nbsp;&nbsp;&nbsp;&nbsp;&nbsp;&nbsp;&nbsp;&nbsp;&nbsp;\nve funkci od 15. b\u0159ezna 1939- 9. kv\u011btna 1945<\/p>\n\n\n\n<p><a href=\"https:\/\/cs.wikipedia.org\/wiki\/Slovensk%C3%A1_republika_(1939%E2%80%931945)\">Slovensko<\/a>&nbsp;\u2013&nbsp;<a href=\"https:\/\/cs.wikipedia.org\/wiki\/Jozef_Tiso\">Jozef Tiso<\/a>&nbsp;(1939\u20131945)<\/p>\n\n\n\n<p><a href=\"https:\/\/cs.wikipedia.org\/wiki\/Sov%C4%9Btsk%C3%BD_svaz\">Sov\u011btsk\u00fd svaz<\/a>&nbsp;\u2013&nbsp;<a href=\"https:\/\/cs.wikipedia.org\/wiki\/Josif_Vissarionovi%C4%8D_Stalin\">Josif Vissarionovi\u010d Stalin<\/a>&nbsp;(1922\u20131953)<\/p>\n\n\n\n<p><a href=\"https:\/\/cs.wikipedia.org\/wiki\/Spojen%C3%A9_st%C3%A1ty_americk%C3%A9\">USA<\/a>&nbsp;\u2013&nbsp;<a href=\"https:\/\/cs.wikipedia.org\/wiki\/Franklin_Delano_Roosevelt\">Franklin Delano Roosevelt<\/a>&nbsp;(1933\u20131945)<\/p>\n\n\n\n<p>27.3.2020 byly v&nbsp;klubovn\u011b vystaveny&nbsp; fotografie k&nbsp;tomuto desetilet\u00ed, \u017eel bylo to v&nbsp;dob\u011b nouze, kdy n\u00e1rod bojoval s&nbsp;koronavirem a nesm\u011blo se&nbsp; vych\u00e1zet.<\/p>\n\n\n\n<figure class=\"wp-block-image size-large\"><img loading=\"lazy\" decoding=\"async\" width=\"1024\" height=\"360\" src=\"http:\/\/symbivita.cz\/blog\/wp-content\/uploads\/2020\/03\/27.3.2020-v\u00fdstava-1024x360.png\" alt=\"\" class=\"wp-image-290\" srcset=\"https:\/\/symbivita.cz\/blog\/wp-content\/uploads\/2020\/03\/27.3.2020-v\u00fdstava-1024x360.png 1024w, https:\/\/symbivita.cz\/blog\/wp-content\/uploads\/2020\/03\/27.3.2020-v\u00fdstava-300x106.png 300w, https:\/\/symbivita.cz\/blog\/wp-content\/uploads\/2020\/03\/27.3.2020-v\u00fdstava-768x270.png 768w, https:\/\/symbivita.cz\/blog\/wp-content\/uploads\/2020\/03\/27.3.2020-v\u00fdstava.png 1507w\" sizes=\"(max-width: 1024px) 100vw, 1024px\" \/><\/figure>\n","protected":false},"excerpt":{"rendered":"<p>Roky souhrnn\u011b zvan\u00e9&nbsp;30. l\u00e9ta&nbsp;20. stolet\u00ed, jsou charakterizov\u00e1ny p\u0159edev\u0161\u00edm&nbsp;v\u0161eobecnou hospod\u00e1\u0159skou kriz\u00ed, n\u00e1stupem&nbsp;autoritativn\u00edch re\u017eim\u016f&nbsp;v \u0159ad\u011b zem\u00ed sv\u011bta a nakonec vypuknut\u00edm&nbsp;2. sv\u011btov\u00e9 v\u00e1lky. 1931 Zima byla m\u00edrn\u00e1, nejv\u011bt\u0161\u00ed mrazy byly v&nbsp;\u00fanoru (15\u00b0C pod&nbsp;nulou). 7. \u00fanora napadlo t\u00e9m\u011b\u0159 p\u016fl metru sn\u011bhu. Velk\u00e9 mno\u017estv\u00ed sn\u011bhu<\/p>\n","protected":false},"author":1,"featured_media":0,"comment_status":"closed","ping_status":"open","sticky":false,"template":"","format":"standard","meta":{"footnotes":""},"categories":[1],"tags":[],"_links":{"self":[{"href":"https:\/\/symbivita.cz\/blog\/wp-json\/wp\/v2\/posts\/214"}],"collection":[{"href":"https:\/\/symbivita.cz\/blog\/wp-json\/wp\/v2\/posts"}],"about":[{"href":"https:\/\/symbivita.cz\/blog\/wp-json\/wp\/v2\/types\/post"}],"author":[{"embeddable":true,"href":"https:\/\/symbivita.cz\/blog\/wp-json\/wp\/v2\/users\/1"}],"replies":[{"embeddable":true,"href":"https:\/\/symbivita.cz\/blog\/wp-json\/wp\/v2\/comments?post=214"}],"version-history":[{"count":9,"href":"https:\/\/symbivita.cz\/blog\/wp-json\/wp\/v2\/posts\/214\/revisions"}],"predecessor-version":[{"id":984,"href":"https:\/\/symbivita.cz\/blog\/wp-json\/wp\/v2\/posts\/214\/revisions\/984"}],"wp:attachment":[{"href":"https:\/\/symbivita.cz\/blog\/wp-json\/wp\/v2\/media?parent=214"}],"wp:term":[{"taxonomy":"category","embeddable":true,"href":"https:\/\/symbivita.cz\/blog\/wp-json\/wp\/v2\/categories?post=214"},{"taxonomy":"post_tag","embeddable":true,"href":"https:\/\/symbivita.cz\/blog\/wp-json\/wp\/v2\/tags?post=214"}],"curies":[{"name":"wp","href":"https:\/\/api.w.org\/{rel}","templated":true}]}}