{"id":159,"date":"2020-03-26T08:36:08","date_gmt":"2020-03-26T07:36:08","guid":{"rendered":"http:\/\/symbivita.cz\/blog\/?p=159"},"modified":"2020-05-11T16:34:03","modified_gmt":"2020-05-11T14:34:03","slug":"desetileti-1921-1930","status":"publish","type":"post","link":"https:\/\/symbivita.cz\/blog\/2020\/03\/26\/desetileti-1921-1930\/","title":{"rendered":"Desetilet\u00ed 1921-1930"},"content":{"rendered":"\n<p><strong>1921<\/strong><\/p>\n\n\n\n<p>Bylo velk\u00e9 sucho, trvaj\u00edc\u00ed&nbsp;\nod jara&nbsp; a\u017e&nbsp; do&nbsp;\n\u017en\u00ed, to zp\u016fsobilo, \u017ee bylo m\u00e1lo p\u00edce pro dobytek, brambor, \u0159epy a\nkuku\u0159ice &nbsp;bylo m\u00e1lo, &nbsp;u hov\u011bz\u00edho&nbsp;\ndobytka se objevila zhoubn\u00e1 lomivost kost\u00ed.<\/p>\n\n\n\n<p>15. \u00fanora\nbylo provedeno&nbsp; prvn\u00ed\n\u010deskoslovensk\u00e9&nbsp;<a href=\"https:\/\/cs.wikipedia.org\/wiki\/S%C4%8D%C3%ADt%C3%A1n%C3%AD_lidu\">s\u010d\u00edt\u00e1n\u00ed lidu<\/a>.<\/p>\n\n\n\n<p>V&nbsp;tomto roce byly naposledy odv\u00e1d\u011bny tzv. kontingenty.\nNastal voln\u00fd obchod s obil\u00edm a v\u0161emi plodinami. Byl proveden tak\u00e9 soupis&nbsp; v\u0161ech movitost\u00ed za&nbsp; \u00fa\u010delem vym\u011b\u0159en\u00ed d\u00e1vky z&nbsp;majetku.<\/p>\n\n\n\n<p>V\u00e1le\u010dn\u00e9 p\u016fj\u010dky, kter\u00e9 byly d\u0159\u00edve poskytov\u00e1ny, byly vl\u00e1dn\u00edm\nna\u0159\u00edzen\u00edm p\u0159evedeny na \u010ctvrtou st\u00e1tn\u00ed p\u016fj\u010dku republiky \u010ceskoslovensk\u00e9, jej\u00ed\u017e\npodm\u00ednky byly pro lidi a obce velmi nev\u00fdhodn\u00e9.<\/p>\n\n\n\n<figure class=\"wp-block-image size-large\"><img loading=\"lazy\" decoding=\"async\" width=\"736\" height=\"664\" src=\"http:\/\/symbivita.cz\/blog\/wp-content\/uploads\/2020\/03\/Obr.5b-Ro\u010dn\u00edk-1921-hody.png\" alt=\"\" class=\"wp-image-160\" srcset=\"https:\/\/symbivita.cz\/blog\/wp-content\/uploads\/2020\/03\/Obr.5b-Ro\u010dn\u00edk-1921-hody.png 736w, https:\/\/symbivita.cz\/blog\/wp-content\/uploads\/2020\/03\/Obr.5b-Ro\u010dn\u00edk-1921-hody-300x271.png 300w\" sizes=\"(max-width: 736px) 100vw, 736px\" \/><\/figure>\n\n\n\n<p>Sokol v&nbsp; roce 1921 \u010d\u00edtal 80&nbsp; \u010dlen\u016f. Konala se&nbsp; valn\u00e1 hromada, kdy bylo p\u0159\u00edtomno 64 \u010dlen\u016f a\nbyl zvolen v\u00fdbor.<\/p>\n\n\n\n<p>Starosta- J. Mich\u00e1lek. M\u00edstostarosta-Jan L\u00edzal. Jednatel-\nJosef Hany\u00e1\u0161. Pokladn\u00edk- Josef Klob\u00e1sa. Hospod\u00e1\u0159 \u2013 Jaroslav Ku\u010dera.\nZapisovatel- Josef Svoboda. N\u00e1\u010deln\u00edk- M. Tesa\u0159. A z\u00e1stupce Cyril Ne\u010das.\nN\u00e1\u010delnice Franti\u0161ka Fialov\u00e1 a m\u00edston\u00e1\u010delnic\u00ed Jind\u0159i\u0161ka Bed\u0159ichov\u00e1.<\/p>\n\n\n\n<p>Z\u00fa\u010dastnili se&nbsp;\nve\u0159ejn\u00fdch cvi\u010den\u00ed v&nbsp;Boleradic\u00edch, N\u011bm\u010di\u010dk\u00e1ch, Host\u011br\u00e1dk\u00e1ch, Velk\u00fdch\nN\u011bm\u010dic\u00edch a Bojanovic\u00edch.<\/p>\n\n\n\n<p>Tento rok tak\u00e9 vznikla sokolsk\u00e1 \u017dupa Slov\u00e1ck\u00e1, p\u0159i\u010dem\u017e byl\na na\u0161e jednota odlou\u010dena od mate\u0159sk\u00e9 jednoty v&nbsp;Klobouk\u00e1ch a byla nov\u011b\np\u0159i\u010dlen\u011bna jako pobo\u010dka jednoty Hustope\u010de.<\/p>\n\n\n\n<p>Jan Ne\u010das \u010d. 66 a Franti\u0161ek Ot\u0159\u00edsal \u010d. 200 darovali &nbsp;jednot\u011b na pam\u00e1tku ukon\u010den\u00ed sv\u00e9 vojensk\u00e9\npovinnosti &nbsp;3 zasklen\u00e9 obrazy.<\/p>\n\n\n\n<p>A to obraz pana prezidenta, PhDr. Miroslava Tyr\u0161e a Jind\u0159icha\n<strong>&nbsp;<\/strong>F\u00fcgnera \u2013 jednoho ze zakladatel\u016f Sokola.<\/p>\n\n\n\n<p>Obr\u00e1zek je z&nbsp;kroniky sokolsk\u00e9, kterou sepsal u\u010d. Josef\nHusovk\u00fd.<\/p>\n\n\n\n<figure class=\"wp-block-image size-large\"><img loading=\"lazy\" decoding=\"async\" width=\"744\" height=\"428\" src=\"http:\/\/symbivita.cz\/blog\/wp-content\/uploads\/2020\/05\/1921-sokol-obr\u00e1zek.jpg\" alt=\"\" class=\"wp-image-561\" srcset=\"https:\/\/symbivita.cz\/blog\/wp-content\/uploads\/2020\/05\/1921-sokol-obr\u00e1zek.jpg 744w, https:\/\/symbivita.cz\/blog\/wp-content\/uploads\/2020\/05\/1921-sokol-obr\u00e1zek-300x173.jpg 300w\" sizes=\"(max-width: 744px) 100vw, 744px\" \/><\/figure>\n\n\n\n<p>V&nbsp;tomto roce&nbsp; zah\u00e1jil&nbsp; \u010dinnost tak\u00e9 spolek Orel.<\/p>\n\n\n\n<figure class=\"wp-block-image size-large\"><img loading=\"lazy\" decoding=\"async\" width=\"1024\" height=\"682\" src=\"http:\/\/symbivita.cz\/blog\/wp-content\/uploads\/2020\/03\/Orli-1024x682.png\" alt=\"\" class=\"wp-image-161\" srcset=\"https:\/\/symbivita.cz\/blog\/wp-content\/uploads\/2020\/03\/Orli-1024x682.png 1024w, https:\/\/symbivita.cz\/blog\/wp-content\/uploads\/2020\/03\/Orli-300x200.png 300w, https:\/\/symbivita.cz\/blog\/wp-content\/uploads\/2020\/03\/Orli-768x511.png 768w, https:\/\/symbivita.cz\/blog\/wp-content\/uploads\/2020\/03\/Orli.png 1262w\" sizes=\"(max-width: 1024px) 100vw, 1024px\" \/><\/figure>\n\n\n\n<p>Divadeln\u00ed ochotnick\u00fd\nspolek&nbsp; m\u00e1 intenzivn\u00ed \u010dinnost 2-4 hry za\nrok.<\/p>\n\n\n\n<p><a href=\"https:\/\/cs.wikipedia.org\/wiki\/28._%C4%8Dervenec\">28. \u010dervence<\/a>&nbsp;\u2013&nbsp;<a href=\"https:\/\/cs.wikipedia.org\/wiki\/Adolf_Hitler\">Adolf Hitler<\/a>&nbsp;se\nst\u00e1v\u00e1 prvn\u00edm p\u0159edsedou&nbsp;<a href=\"https:\/\/cs.wikipedia.org\/wiki\/N%C3%A1rodn%C4%9B_socialistick%C3%A1_n%C4%9Bmeck%C3%A1_d%C4%9Blnick%C3%A1_strana\">NSDAP<\/a>.<\/p>\n\n\n\n<p>1.z\u00e1\u0159\u00ed za\u010dal \u0161koln\u00ed rok&nbsp;\nd\u011bt\u00ed. D\u011bti chodily cel\u00fd rok a celodenn\u011b i topiva byl dostatek.<\/p>\n\n\n\n<p>\u0158\u00edd\u00edc\u00edm u\u010ditelem byl Josef Han\u00e1k, d\u00e1le u\u010dili: \u0160t\u011bp\u00e1nka\nVonkov\u00e1, R\u016f\u017eena Jakobov\u00e1 &#8211; tato ode\u0161la koncem roku a m\u00edsto n\u00ed nastoupila&nbsp; Bo\u017eena R\u016f\u017eov\u00e1. N\u00e1bo\u017eenstv\u00ed katolick\u00e9 &nbsp;u\u010dil Jan Ture\u010dek, evangel\u00edci ve \u0161kole u\u010ditele\nnem\u011bli.<\/p>\n\n\n\n<p><a href=\"https:\/\/cs.wikipedia.org\/wiki\/26._z%C3%A1%C5%99%C3%AD\">26. z\u00e1\u0159\u00ed<\/a>&nbsp;\u2013 Prezident Masaryk jmenoval 5. \u010deskoslovenskou\nvl\u00e1du (<a href=\"https:\/\/cs.wikipedia.org\/wiki\/Vl%C3%A1da_Edvarda_Bene%C5%A1e\">vl\u00e1da Edvarda Bene\u0161e<\/a>).<\/p>\n\n\n\n<p>6. \u0159\u00edjna\nv&nbsp;Lidov\u00fdch novin\u00e1ch vl\u00e1da&nbsp; vyz\u00fdv\u00e1\nk&nbsp;\u0161et\u0159en\u00ed, ve st\u00e1tn\u00edm rozpo\u010dtu na rok 1922&nbsp;\nchyb\u00ed miliarda korun.<\/p>\n\n\n\n<p>V roce 1921 m\u011bla \u010cSR 13,6 milionu obyvatel, z toho bylo 3,2\nmilionu N\u011bmc\u016f a 762 tis\u00edc Ma\u010far\u016f.<\/p>\n\n\n\n<p>V&nbsp;pr\u016fb\u011bhu\nroku se pokou\u0161el d\u0159\u00edv\u011bj\u0161\u00ed c\u00edsa\u0159&nbsp; Karel\nznovu nastoupit na ma\u010farsk\u00fd tr\u016fn. 27. \u0159\u00edjna&nbsp; byla vyhl\u00e1\u0161ena mobilizace; lid\u00e9 se ob\u00e1vali\nvtrhnut\u00ed Ma\u010far\u016f na Slovensko. Obyvatelstva se zmocnily nov\u00e9 starosti.\nNarukovaly mlad\u0161\u00ed ro\u010dn\u00edky. Mobilizace lidi popletla. V\u0161echno p\u0159ipom\u00ednalo zl\u00e9\nobdob\u00ed v\u00e1lky. Ale &nbsp;z diplomatick\u00fdch zpr\u00e1v je jasn\u011b patrn\u00fd odm\u00edtav\u00fd postoj\n\u010ceskoslovenska ke Karlov\u011b akci.<\/p>\n\n\n\n<p>Narodili se&nbsp; na\u0161i\nvzd\u011blanci:&nbsp; Jaroslav Vedra -vystudoval\nl\u00e9ka\u0159skou \u0161kolu, Jaroslav Ku\u010dera PF a MU v&nbsp;Brn\u011b, Vojt\u011bch Ne\u010das- pr\u00e1vnickou\nfakultu, Bohuslav Ot\u0159\u00edsal- teologickou fakultu, Anton\u00edn Gazda- gymnasium\nHustope\u010de..<\/p>\n\n\n\n<p>Po\u010det&nbsp; obyvatel 1117,\npo\u010det&nbsp; dom\u016f 193.<\/p>\n\n\n\n<figure class=\"wp-block-image size-large\"><img loading=\"lazy\" decoding=\"async\" width=\"505\" height=\"508\" src=\"http:\/\/symbivita.cz\/blog\/wp-content\/uploads\/2020\/03\/Obr.5a.-\u0161kola\u010dky-1921.png\" alt=\"\" class=\"wp-image-162\" srcset=\"https:\/\/symbivita.cz\/blog\/wp-content\/uploads\/2020\/03\/Obr.5a.-\u0161kola\u010dky-1921.png 505w, https:\/\/symbivita.cz\/blog\/wp-content\/uploads\/2020\/03\/Obr.5a.-\u0161kola\u010dky-1921-298x300.png 298w, https:\/\/symbivita.cz\/blog\/wp-content\/uploads\/2020\/03\/Obr.5a.-\u0161kola\u010dky-1921-150x150.png 150w, https:\/\/symbivita.cz\/blog\/wp-content\/uploads\/2020\/03\/Obr.5a.-\u0161kola\u010dky-1921-230x230.png 230w\" sizes=\"(max-width: 505px) 100vw, 505px\" \/><\/figure>\n\n\n\n<p><strong>1922<\/strong><\/p>\n\n\n\n<p>Tento rok byl\nna&nbsp;obil\u00ed m\u00e1lo \u00farodn\u00fd, proto\u017ee bylo jaro i&nbsp;l\u00e9to velmi such\u00e9. Ale bylo\ndost ovoce, zvl\u00e1\u0161t\u011b trnek. Tak\u00e9 v\u00edna bylo dosti, ale &nbsp;bylo hodn\u011b kysel\u00e9, proto\u017ee podzimek byl mokr\u00fd\na&nbsp;studen\u00fd.&nbsp;<\/p>\n\n\n\n<p>19. \u00fanora zem\u0159el \u017e\u00e1k III. t\u0159\u00eddy Jaroslav Jel\u00ednek<\/p>\n\n\n\n<p>7. b\u0159ezna oslaveny narozeniny prezidenta a tak\u00e9 narozeniny\nJ. A. Komensk\u00e9ho<\/p>\n\n\n\n<p>V&nbsp;z\u00e1\u0159\u00ed nastupuje pomocn\u00fd u\u010ditel Karel Svoboda\nz&nbsp;Tel\u010de.<\/p>\n\n\n\n<p>V&nbsp;listopadu p\u0159ich\u00e1z\u00ed ze \u0160akvic u\u010ditelka Josefa\n\u0160eve\u010dkov\u00e1<\/p>\n\n\n\n<p>V&nbsp;prosinci pak u\u010ditelka &nbsp;Marie Kalinov\u00e1 nar. v&nbsp;Blansku a&nbsp; do Nikol\u010dic p\u0159ech\u00e1z\u00ed z&nbsp;Bo\u0159etic.<\/p>\n\n\n\n<p>Evangelick\u00fd far\u00e1\u0159 Josef Mat\u011bjka za\u010d\u00edn\u00e1 u\u010dit n\u00e1bo\u017eenstv\u00ed pro\nevangel\u00edky, Jan&nbsp; Ture\u010dek pro katol\u00edky.<\/p>\n\n\n\n<p>Starostou obce&nbsp; je\nst\u00e1le Jakub Broskva \u010d. 15<\/p>\n\n\n\n<p><a href=\"https:\/\/cs.wikipedia.org\/wiki\/7._%C5%99%C3%ADjna\">7. \u0159\u00edjna<\/a>&nbsp;\u2013 Prezident republiky&nbsp;<a href=\"https:\/\/cs.wikipedia.org\/wiki\/Tom%C3%A1%C5%A1_Garrigue_Masaryk\">Tom\u00e1\u0161 Garrigue Masaryk<\/a>&nbsp;jmenoval 6. \u010deskoslovenskou (<a href=\"https:\/\/cs.wikipedia.org\/wiki\/Prvn%C3%AD_vl%C3%A1da_Anton%C3%ADna_%C5%A0vehly\">1. \u0160vehlovu<\/a>) vl\u00e1du<\/p>\n\n\n\n<p>5.listopadu um\u00edr\u00e1 okresn\u00ed \u0161koln\u00ed dozorce \u010cen\u011bk Vorel, \u0159editel m\u011b\u0161\u0165ansk\u00e9 \u0161koly v&nbsp;Kr\u00e1lov\u011b Poli, vedl po dlouh\u00e1 l\u00e9ta cel\u00fd okres Hustope\u010dsk\u00fd.<\/p>\n\n\n\n<p>Sokol v&nbsp;roce 1922 m\u011bl 50 \u010dlen\u016f. \u00da\u010dastnili se ve\u0159ejn\u00e9ho\ncvi\u010den\u00ed v&nbsp;Bo\u0159etic\u00edch, \u0160akvic\u00edch, m\u011bli&nbsp;\nbes\u00eddku u n\u00e1s p\u0159i n\u00ed\u017e vystoupilo celkem 8 mu\u017e\u016f, 8 dorostenc\u016f a 6&nbsp; \u017e\u00e1k\u016f a v\u0161echny slo\u017eky \u017eensk\u00e9ho odboru.<\/p>\n\n\n\n<p>&nbsp;Far\u00e1\u0159 Jind\u0159ich\nNe\u0161por&nbsp; v\u011bnoval na\u0161\u00ed jednot\u011b 25 svazk\u016f\nvzd\u011bl\u00e1vac\u00ed literatury, ale mezi \u010dleny nebyl o vzd\u011bl\u00e1v\u00e1n\u00ed valn\u00fd z\u00e1jem.<\/p>\n\n\n\n<figure class=\"wp-block-image size-large\"><img loading=\"lazy\" decoding=\"async\" width=\"656\" height=\"407\" src=\"http:\/\/symbivita.cz\/blog\/wp-content\/uploads\/2020\/05\/1922-sokol.jpg\" alt=\"\" class=\"wp-image-563\" srcset=\"https:\/\/symbivita.cz\/blog\/wp-content\/uploads\/2020\/05\/1922-sokol.jpg 656w, https:\/\/symbivita.cz\/blog\/wp-content\/uploads\/2020\/05\/1922-sokol-300x186.jpg 300w\" sizes=\"(max-width: 656px) 100vw, 656px\" \/><\/figure>\n\n\n\n<p><strong>1923<\/strong><\/p>\n\n\n\n<p>Byla&nbsp; tuh\u00e1&nbsp; zima a&nbsp;\nje\u0161t\u011b v&nbsp;kv\u011btnu&nbsp; hodn\u011b pr\u0161elo.<\/p>\n\n\n\n<figure class=\"wp-block-image size-large\"><img decoding=\"async\" src=\"http:\/\/symbivita.cz\/blog\/wp-content\/uploads\/2020\/03\/K-nov\u00e9mu-rku-1923.tif\" alt=\"\" class=\"wp-image-163\"\/><\/figure>\n\n\n\n<p>5. ledna se stal &nbsp;atent\u00e1t na prvn\u00edho \u010deskoslovensk\u00e9ho ministra\nfinanc\u00ed Aloise Ra\u0161\u00edna (1867-1923) byl jedn\u00edm z mu\u017e\u016f, kte\u0159\u00ed \u2013 coby autor\ndeklarace nez\u00e1vislosti \u010ceskoslovenska \u2013 maj\u00ed nejv\u011bt\u0161\u00ed z\u00e1sluhu na vzniku\n\u010ceskoslovenska v roce 1918. P\u0159es ve\u0161kerou snahu l\u00e9ka\u0159\u016f 18. \u00fanora 1923 zem\u0159el.\nBylo mu 55 let.<\/p>\n\n\n\n<p>20.\n\u00fanora poh\u0159eb&nbsp; ministra financ\u00ed Aloise&nbsp; Ra\u0161\u00edna.<\/p>\n\n\n\n<figure class=\"wp-block-image size-large\"><img loading=\"lazy\" decoding=\"async\" width=\"771\" height=\"511\" src=\"http:\/\/symbivita.cz\/blog\/wp-content\/uploads\/2020\/03\/Poh\u0159eb-Ra\u0161\u00edna-pro-blog.jpg\" alt=\"\" class=\"wp-image-164\" srcset=\"https:\/\/symbivita.cz\/blog\/wp-content\/uploads\/2020\/03\/Poh\u0159eb-Ra\u0161\u00edna-pro-blog.jpg 771w, https:\/\/symbivita.cz\/blog\/wp-content\/uploads\/2020\/03\/Poh\u0159eb-Ra\u0161\u00edna-pro-blog-300x199.jpg 300w, https:\/\/symbivita.cz\/blog\/wp-content\/uploads\/2020\/03\/Poh\u0159eb-Ra\u0161\u00edna-pro-blog-768x509.jpg 768w\" sizes=\"(max-width: 771px) 100vw, 771px\" \/><\/figure>\n\n\n\n<p>23. kv\u011btna&nbsp; prvn\u00ed pravideln\u00e9 rozhlasov\u00e9 vys\u00edl\u00e1n\u00ed na na\u0161em \u00fazem\u00ed.<\/p>\n\n\n\n<figure class=\"wp-block-image size-large\"><img loading=\"lazy\" decoding=\"async\" width=\"729\" height=\"493\" src=\"http:\/\/symbivita.cz\/blog\/wp-content\/uploads\/2020\/03\/Jezdeck\u00e9-u\u010dili\u0161t\u011b.jpg\" alt=\"\" class=\"wp-image-165\" srcset=\"https:\/\/symbivita.cz\/blog\/wp-content\/uploads\/2020\/03\/Jezdeck\u00e9-u\u010dili\u0161t\u011b.jpg 729w, https:\/\/symbivita.cz\/blog\/wp-content\/uploads\/2020\/03\/Jezdeck\u00e9-u\u010dili\u0161t\u011b-300x203.jpg 300w\" sizes=\"(max-width: 729px) 100vw, 729px\" \/><\/figure>\n\n\n\n<p>\u0160koln\u00ed rok za\u010dal l. z\u00e1\u0159\u00ed,\nbyly v&nbsp;provozu v\u0161echny t\u0159\u00eddy a&nbsp;\ntopiva bylo dost.<\/p>\n\n\n\n<p>\u0158\u00edd\u00edc\u00edm u\u010ditelem byl Josef\nHan\u00e1k a&nbsp; s n\u00edm u\u010dili Marie Kalinov\u00e1 a\nKarel Svoboda. N\u00e1bo\u017eenstv\u00ed Jan Ture\u010dek a Josef Mat\u011bjka.<\/p>\n\n\n\n<figure class=\"wp-block-image size-large\"><img loading=\"lazy\" decoding=\"async\" width=\"964\" height=\"719\" src=\"http:\/\/symbivita.cz\/blog\/wp-content\/uploads\/2020\/03\/Far\u00e1\u0159-Ture\u010dek.png\" alt=\"\" class=\"wp-image-166\" srcset=\"https:\/\/symbivita.cz\/blog\/wp-content\/uploads\/2020\/03\/Far\u00e1\u0159-Ture\u010dek.png 964w, https:\/\/symbivita.cz\/blog\/wp-content\/uploads\/2020\/03\/Far\u00e1\u0159-Ture\u010dek-300x224.png 300w, https:\/\/symbivita.cz\/blog\/wp-content\/uploads\/2020\/03\/Far\u00e1\u0159-Ture\u010dek-768x573.png 768w\" sizes=\"(max-width: 964px) 100vw, 964px\" \/><\/figure>\n\n\n\n<p><strong>Sokol 1923<\/strong><\/p>\n\n\n\n<p>Valn\u00e1 hromada zvolila&nbsp;\ntyto funkcion\u00e1\u0159e:<\/p>\n\n\n\n<p>Starosta- Jan Mich\u00e1lek. Jednatel- V\u00e1clav Bsd\u0159ich. Pokladn\u00edk-\nJosef Klob\u00e1sa. Knihovn\u00edk: V\u00e1clav Ot\u0159\u00edsal, N\u00e1\u010deln\u00edk Jind\u0159ich Ot\u0159\u00edsal. N\u00e1\u010deln\u00edce &#8211;\nMarie Kalinov\u00e1. Vzd\u011blavatel &#8211; Karel Svoboda. Celkov\u00fd po\u010det \u010dlen\u016f byl 47&nbsp; a tento rok ode\u0161el bratr Martin Pulhandl \u010d.23,\nkter\u00fd prop\u016fj\u010doval spolku m\u00edstnosti ke cvi\u010den\u00ed a sch\u016fz\u00edm. Ode\u0161el, aby se v\u00edce\nnevr\u00e1til.( 1832-1923). Je o n\u011bm tak\u00e9 ps\u00edno v&nbsp;Nikol\u010dick\u00e9 \u010d\u00edtance na str.\n124.<\/p>\n\n\n\n<p>Aktivn\u011b si po\u010d\u00ednali na\u0161i ochotn\u00edci a secvi\u010dili n\u011bkolik&nbsp; her. Soused\u00e9 z&nbsp;Div\u00e1k u n\u00e1s sehr\u00e1li\ndivadeln\u00ed hru\u201c Pra\u017esk\u00e9 \u0161vadlenky\u201c, kter\u00e1 se velmi l\u00edbila. Dokon\u010dili stavbu\njevi\u0161t\u011b, kter\u00e9 bylo opat\u0159eno t\u0159emi prom\u011bnami a oponou.<\/p>\n\n\n\n<p>Byl pod\u00e1n n\u00e1vrh, aby vystupovali jako samostatn\u00e1 jednota &#8222;Sokol  Nikol\u010dice\u201c.<\/p>\n\n\n\n<figure class=\"wp-block-image size-large\"><img loading=\"lazy\" decoding=\"async\" width=\"594\" height=\"464\" src=\"http:\/\/symbivita.cz\/blog\/wp-content\/uploads\/2020\/05\/1923-Sokol.jpg\" alt=\"\" class=\"wp-image-565\" srcset=\"https:\/\/symbivita.cz\/blog\/wp-content\/uploads\/2020\/05\/1923-Sokol.jpg 594w, https:\/\/symbivita.cz\/blog\/wp-content\/uploads\/2020\/05\/1923-Sokol-300x234.jpg 300w\" sizes=\"(max-width: 594px) 100vw, 594px\" \/><\/figure>\n\n\n\n<p>20. z\u00e1\u0159\u00ed zem\u0159ela Marie\nSvobodov\u00e1 \u017e\u00e1kyn\u011b III. T\u0159\u00eddy na st\u0159evn\u00ed&nbsp;\ntyfus.<\/p>\n\n\n\n<p><strong>1924<\/strong><\/p>\n\n\n\n<p>14.\u00fanora zem\u0159ela \u017e\u00e1kyn\u011b III. t\u0159\u00eddy Josefa \u010cechalov\u00e1<\/p>\n\n\n\n<p>20.\u00fanora&nbsp; zem\u0159ela\nu\u010ditelka ru\u010dn\u00edch prac\u00ed Emilie Bur\u0161\u00edkov\u00e1. M\u00edsto n\u00ed nastoupila Aloisie Han\u00e1kov\u00e1<\/p>\n\n\n\n<p>2. b\u0159ezna \u2013 oslavena pam\u00e1tka &nbsp;100 let od&nbsp; narozen\u00ed Bed\u0159icha Smetany.<\/p>\n\n\n\n<p><strong>Sokol 1924<\/strong><\/p>\n\n\n\n<p>13. dubna se jednota Sokol osamostatnila. Po smrti Martina\nPulhandla ztratila prostory pro cvi\u010den\u00ed. Nov\u00fd majitel prodal prostory panu Al.\nValovi hostinsk\u00e9m v&nbsp;Nikol\u010dic\u00edch. Kter\u00fd prostory jednot\u011b za\u010dal pronaj\u00edmat.\nSestra u\u010ditelka Kalinov\u00e1 ode\u0161la do Boleradic a bratr&nbsp; u\u010ditel Karel Svoboda ode\u0161el na&nbsp; vojnu, tak\u017ee \u00farove\u0148 vzd\u011bl\u00e1v\u00e1n\u00ed&nbsp; zna\u010dn\u011b poklesla. Za to odbor&nbsp; z\u00e1bavy&nbsp;\nvyvinul v&nbsp;tomto roce velkou \u010dinnost. 6 divadel, 7 tane\u010dn\u00edch z\u00e1bav,\ndo\u017e\u00ednkov\u00e9 slavnost a vinobran\u00ed.<\/p>\n\n\n\n<figure class=\"wp-block-image size-large\"><img loading=\"lazy\" decoding=\"async\" width=\"612\" height=\"429\" src=\"http:\/\/symbivita.cz\/blog\/wp-content\/uploads\/2020\/05\/1924-Sokol.jpg\" alt=\"\" class=\"wp-image-567\" srcset=\"https:\/\/symbivita.cz\/blog\/wp-content\/uploads\/2020\/05\/1924-Sokol.jpg 612w, https:\/\/symbivita.cz\/blog\/wp-content\/uploads\/2020\/05\/1924-Sokol-300x210.jpg 300w\" sizes=\"(max-width: 612px) 100vw, 612px\" \/><\/figure>\n\n\n\n<p>18. \u010dervna p\u0159ijel prezident republiky&nbsp; TGM do Klobouk u Brna.<\/p>\n\n\n\n<p>(&nbsp;K&nbsp;10.&nbsp;v\u00fdro\u010d\u00ed\nvyhl\u00e1\u0161en\u00ed samostatn\u00e9 \u010ceskoslovensk\u00e9 republiky byla na&nbsp;fas\u00e1du z\u00e1mku\num\u00edst\u011bna pam\u011btn\u00ed deska s&nbsp;textem: V&nbsp;tomto dom\u011b \u017eil jako student\na&nbsp;universitn\u00ed docent do&nbsp;roku 1880&nbsp;T.G. Masaryk, tv\u016frce\na&nbsp;prvn\u00ed president \u010ceskoslovensk\u00e9 republiky.)<\/p>\n\n\n\n<p>19. 6. 1924 po 15. hodin\u011b se stavil v Kobyl\u00ed na sv\u00e9 cest\u011b\npo ji\u017en\u00ed Morav\u011b prezident \u2013 osvoboditel \u010cSR T. G. Masaryk s dcerou Alic\u00ed.<\/p>\n\n\n\n<figure class=\"wp-block-image size-large\"><img loading=\"lazy\" decoding=\"async\" width=\"577\" height=\"485\" src=\"http:\/\/symbivita.cz\/blog\/wp-content\/uploads\/2020\/03\/TGM-v-Kobyl\u00ed-1924.png\" alt=\"\" class=\"wp-image-167\" srcset=\"https:\/\/symbivita.cz\/blog\/wp-content\/uploads\/2020\/03\/TGM-v-Kobyl\u00ed-1924.png 577w, https:\/\/symbivita.cz\/blog\/wp-content\/uploads\/2020\/03\/TGM-v-Kobyl\u00ed-1924-300x252.png 300w\" sizes=\"(max-width: 577px) 100vw, 577px\" \/><\/figure>\n\n\n\n<p>Silnice, cesty, kudy dru\u017eina s panem prezidentem\nproj\u00ed\u017ed\u011bla, byly slavnostn\u011b ozdobeny a lemov\u00e1ny obyvatelstvem.<\/p>\n\n\n\n<p>19.\u010dervna nav\u0161t\u00edvil Hustope\u010de pan prezident T.G.\nMasaryk&nbsp;&nbsp; \u00fa\u010dastnilo se&nbsp; ve\u0161ker\u00e9 \u017eactvo a u\u010ditelsk\u00fd sbor.<\/p>\n\n\n\n<figure class=\"wp-block-image size-large\"><img loading=\"lazy\" decoding=\"async\" width=\"909\" height=\"664\" src=\"http:\/\/symbivita.cz\/blog\/wp-content\/uploads\/2020\/03\/1924-TGM-v-Hustope\u010d\u00edch.png\" alt=\"\" class=\"wp-image-168\" srcset=\"https:\/\/symbivita.cz\/blog\/wp-content\/uploads\/2020\/03\/1924-TGM-v-Hustope\u010d\u00edch.png 909w, https:\/\/symbivita.cz\/blog\/wp-content\/uploads\/2020\/03\/1924-TGM-v-Hustope\u010d\u00edch-300x219.png 300w, https:\/\/symbivita.cz\/blog\/wp-content\/uploads\/2020\/03\/1924-TGM-v-Hustope\u010d\u00edch-768x561.png 768w\" sizes=\"(max-width: 909px) 100vw, 909px\" \/><\/figure>\n\n\n\n<figure class=\"wp-block-image size-large\"><img loading=\"lazy\" decoding=\"async\" width=\"724\" height=\"410\" src=\"http:\/\/symbivita.cz\/blog\/wp-content\/uploads\/2020\/03\/TGM-v-Hustope\u010d\u00edch-blog.jpg\" alt=\"\" class=\"wp-image-169\" srcset=\"https:\/\/symbivita.cz\/blog\/wp-content\/uploads\/2020\/03\/TGM-v-Hustope\u010d\u00edch-blog.jpg 724w, https:\/\/symbivita.cz\/blog\/wp-content\/uploads\/2020\/03\/TGM-v-Hustope\u010d\u00edch-blog-300x170.jpg 300w\" sizes=\"(max-width: 724px) 100vw, 724px\" \/><\/figure>\n\n\n\n<p>V&nbsp;\u010dervnu&nbsp; d\u011bti\nze&nbsp; \u0161koly&nbsp;\nm\u011bly&nbsp; v\u00fdlet na Mohylu m\u00edru a na\nMacochu.<\/p>\n\n\n\n<p>V&nbsp;letech 1924-1926 za\u010dal&nbsp; jezdit 2 x denn\u011b autobus Klobouky \u2013 Hustope\u010de.<\/p>\n\n\n\n<p>3.\u010dervna 1924 se narodil MUDr.Josef\nStejskal za potokem v&nbsp;dom\u011b \u010d. 201, mezi&nbsp;\nhospodou&nbsp; (d\u0159\u00edve Vala) a O\u00da (d\u0159\u00edve\nkol\u00e1\u0159stv\u00ed mistra Bed\u0159icha).<\/p>\n\n\n\n<p>20. 9. 1924 se narodil MUDr. Anton\u00edn Barton\u011bk &nbsp;Pod\nSvatoj\u00e1nkem v&nbsp;\u010d. p. 74, jako \u0161est\u00e9 d\u00edt\u011b v&nbsp;rodin\u011b pracovit\u00e9ho roln\u00edka\nJosefa Barto\u0148ka (1886-1975) a Anastazie (1886-1945).<\/p>\n\n\n\n<figure class=\"wp-block-image size-large\"><img loading=\"lazy\" decoding=\"async\" width=\"771\" height=\"351\" src=\"http:\/\/symbivita.cz\/blog\/wp-content\/uploads\/2020\/03\/Barton\u011bk.jpg\" alt=\"\" class=\"wp-image-170\" srcset=\"https:\/\/symbivita.cz\/blog\/wp-content\/uploads\/2020\/03\/Barton\u011bk.jpg 771w, https:\/\/symbivita.cz\/blog\/wp-content\/uploads\/2020\/03\/Barton\u011bk-300x137.jpg 300w, https:\/\/symbivita.cz\/blog\/wp-content\/uploads\/2020\/03\/Barton\u011bk-768x350.jpg 768w\" sizes=\"(max-width: 771px) 100vw, 771px\" \/><\/figure>\n\n\n\n<p>Vzpom\u00ednky na oba&nbsp;\njsou uve\u0159ejn\u011bny v&nbsp;obecn\u00edm \u010dasopise.<\/p>\n\n\n\n<p><strong>Rok 1924 je rokem,\nkter\u00fd stvo\u0159il Hitlera, kdy uv\u011b\u0159il s\u00e1m v&nbsp;sebe a&nbsp;napsal&nbsp;<\/strong><em>Mein Kampf<\/em><strong>.<\/strong><strong><\/strong><\/p>\n\n\n\n<p><strong>Rok, kdy nastoupil na\nsvou neuv\u011b\u0159itelnou cestu vzh\u016fru, tragickou pro lidstvo.<\/strong><strong><\/strong><\/p>\n\n\n\n<figure class=\"wp-block-image size-large\"><img loading=\"lazy\" decoding=\"async\" width=\"488\" height=\"591\" src=\"http:\/\/symbivita.cz\/blog\/wp-content\/uploads\/2020\/03\/Prof.\u0158eh\u00e1k.png\" alt=\"\" class=\"wp-image-171\" srcset=\"https:\/\/symbivita.cz\/blog\/wp-content\/uploads\/2020\/03\/Prof.\u0158eh\u00e1k.png 488w, https:\/\/symbivita.cz\/blog\/wp-content\/uploads\/2020\/03\/Prof.\u0158eh\u00e1k-248x300.png 248w\" sizes=\"(max-width: 488px) 100vw, 488px\" \/><\/figure>\n\n\n\n<p><strong>1925<\/strong><\/p>\n\n\n\n<p>Na ja\u0159e&nbsp;\nbylo sucho. Lid\u00e9 m\u011bli obavu, \u017ee \u00faroda bude velmi mal\u00e1. P\u0159i set\u00ed obil\u00ed\nv\u0161ak p\u0159i\u0161el d\u00e9\u0161\u0165, kter\u00fd komplikoval jarn\u00ed pr\u00e1ce na poli. V pr\u016fb\u011bhu roku se\nplodin\u00e1m da\u0159ilo. Na po\u010d\u00e1tku \u017en\u00ed bylo p\u011bkn\u00e9 po\u010das\u00ed, ale zakr\u00e1tko p\u0159i\u0161el znovu\nd\u00e9\u0161\u0165 a velk\u00e9 mno\u017estv\u00ed obil\u00ed bylo zni\u010deno. Dokon\u010dit \u017en\u011b nebylo snadn\u00e9. Po \u017en\u00edch\np\u0159i\u0161lo velk\u00e9 sucho, co\u017e velmi zt\u00ed\u017eilo orbu na pol\u00edch. Brambor a kuku\u0159ice\nbylo&nbsp; dostatek. Spletit\u00e9 bylo skl\u00edzen\u00ed\n\u0159epy, proto\u017ee op\u011bt pr\u0161elo a \u0159epa se tak musela t\u00e1hnout z bl\u00e1ta. <strong><\/strong><\/p>\n\n\n\n<p>24. \u00fanor 1925 zem\u0159el&nbsp;&nbsp;\nAlois&nbsp; Mr\u0161t\u00edk po tyfov\u00e9 n\u00e1kaze v\nZemsk\u00e9 nemocnici v Brn\u011b.<\/p>\n\n\n\n<figure class=\"wp-block-image size-large\"><img loading=\"lazy\" decoding=\"async\" width=\"410\" height=\"519\" src=\"http:\/\/symbivita.cz\/blog\/wp-content\/uploads\/2020\/03\/Mr\u0161t\u00edk-Alois-blog.png\" alt=\"\" class=\"wp-image-173\" srcset=\"https:\/\/symbivita.cz\/blog\/wp-content\/uploads\/2020\/03\/Mr\u0161t\u00edk-Alois-blog.png 410w, https:\/\/symbivita.cz\/blog\/wp-content\/uploads\/2020\/03\/Mr\u0161t\u00edk-Alois-blog-237x300.png 237w\" sizes=\"(max-width: 410px) 100vw, 410px\" \/><\/figure>\n\n\n\n<p><strong>Stav u\u010ditelstva:<\/strong><strong><\/strong><\/p>\n\n\n\n<p><strong>Josef Han\u00e1k, \u0159\u00edd\u00edc\u00ed u\u010ditel. Terezie Horn\u00ed\u010dkov\u00e1(\nz&nbsp;Boleradic), Karel Svoboda ode\u0161el 1.\u0159\u00edjna na&nbsp; vojnu, m\u00edsto n\u011bj nastoupil u\u010ditel Leopold\n\u0160tefan( nar. v&nbsp;Borkovanech). N\u00e1bo\u017eenstv\u00ed&nbsp;\nvyu\u010duje katolick\u00fd far\u00e1\u0159 Jan Ture\u010dek.<\/strong><strong><\/strong><\/p>\n\n\n\n<p><strong>24. \u00fanora&nbsp; byly volby do\n\u0161koln\u00ed rady. Za u\u010ditele zvoleni: Josef Han\u00e1k a Leopold \u0160tefan. Z&nbsp;ob\u010dan\u016f\nNikol\u010dic pak: Cyril Ne\u010das, V\u00e1clav Ne\u010das, Josef Barton\u011bk, Josef Svoboda.\nP\u0159edsedou zvolen Cyril Ne\u010das a jeho n\u00e1m\u011bstek Josef&nbsp; Barton\u011bk.<\/strong><strong><\/strong><\/p>\n\n\n\n<p><strong>&nbsp;\u0160koln\u00ed&nbsp; dozor&nbsp;\nvykon\u00e1val V\u00e1clav Bar\u00e1\u010dek.<\/strong><strong><\/strong><\/p>\n\n\n\n<figure class=\"wp-block-image size-large\"><img loading=\"lazy\" decoding=\"async\" width=\"1024\" height=\"607\" src=\"http:\/\/symbivita.cz\/blog\/wp-content\/uploads\/2020\/03\/U-Val\u016f-asi-v-roce-1925-1024x607.png\" alt=\"\" class=\"wp-image-174\" srcset=\"https:\/\/symbivita.cz\/blog\/wp-content\/uploads\/2020\/03\/U-Val\u016f-asi-v-roce-1925-1024x607.png 1024w, https:\/\/symbivita.cz\/blog\/wp-content\/uploads\/2020\/03\/U-Val\u016f-asi-v-roce-1925-300x178.png 300w, https:\/\/symbivita.cz\/blog\/wp-content\/uploads\/2020\/03\/U-Val\u016f-asi-v-roce-1925-768x456.png 768w, https:\/\/symbivita.cz\/blog\/wp-content\/uploads\/2020\/03\/U-Val\u016f-asi-v-roce-1925-1536x911.png 1536w, https:\/\/symbivita.cz\/blog\/wp-content\/uploads\/2020\/03\/U-Val\u016f-asi-v-roce-1925.png 1765w\" sizes=\"(max-width: 1024px) 100vw, 1024px\" \/><\/figure>\n\n\n\n<p><strong>U Val\u016f 1925<\/strong><\/p>\n\n\n\n<p><strong>Koncem \u00fanora&nbsp; vypukla epidemie os\u00fdpek(spalni\u010dky), vyu\u010dov\u00e1n\u00ed bylo p\u0159eru\u0161eno na cel\u00fd m\u011bs\u00edc.<\/strong><\/p>\n\n\n\n<p><strong>Zdravotn\u00ed stav&nbsp; \u017eactva\nnebyl valn\u00fd. Tuberkul\u00f3za, ch\u0159ipka, katary a jin\u00e9 nemoci zp\u016fsobily zna\u010dn\u00e9\nprocento zanedb\u00e1n\u00ed \u0161koly. P\u0159\u00ed\u010dinou tuberkul\u00f3zy jest asi \u0161patn\u00e1 hygiena byt\u016f,\n\u0161atstva, nedostatek pitn\u00e9 vody.. Obvodn\u00ed l\u00e9ka\u0159 Dr. Jouze o\u010dkoval na podzim a na\nja\u0159e.<\/strong><strong><\/strong><\/p>\n\n\n\n<figure class=\"wp-block-image size-large\"><img loading=\"lazy\" decoding=\"async\" width=\"1024\" height=\"678\" src=\"http:\/\/symbivita.cz\/blog\/wp-content\/uploads\/2020\/03\/Muzika-asi-kolem-roku-1925-1024x678.png\" alt=\"\" class=\"wp-image-175\" srcset=\"https:\/\/symbivita.cz\/blog\/wp-content\/uploads\/2020\/03\/Muzika-asi-kolem-roku-1925-1024x678.png 1024w, https:\/\/symbivita.cz\/blog\/wp-content\/uploads\/2020\/03\/Muzika-asi-kolem-roku-1925-300x199.png 300w, https:\/\/symbivita.cz\/blog\/wp-content\/uploads\/2020\/03\/Muzika-asi-kolem-roku-1925-768x508.png 768w, https:\/\/symbivita.cz\/blog\/wp-content\/uploads\/2020\/03\/Muzika-asi-kolem-roku-1925.png 1289w\" sizes=\"(max-width: 1024px) 100vw, 1024px\" \/><\/figure>\n\n\n\n<figure class=\"wp-block-image size-large\"><img loading=\"lazy\" decoding=\"async\" width=\"1024\" height=\"600\" src=\"http:\/\/symbivita.cz\/blog\/wp-content\/uploads\/2020\/03\/Hody-u-Val\u016f-1925-1024x600.png\" alt=\"\" class=\"wp-image-176\" srcset=\"https:\/\/symbivita.cz\/blog\/wp-content\/uploads\/2020\/03\/Hody-u-Val\u016f-1925-1024x600.png 1024w, https:\/\/symbivita.cz\/blog\/wp-content\/uploads\/2020\/03\/Hody-u-Val\u016f-1925-300x176.png 300w, https:\/\/symbivita.cz\/blog\/wp-content\/uploads\/2020\/03\/Hody-u-Val\u016f-1925-768x450.png 768w, https:\/\/symbivita.cz\/blog\/wp-content\/uploads\/2020\/03\/Hody-u-Val\u016f-1925-1536x901.png 1536w, https:\/\/symbivita.cz\/blog\/wp-content\/uploads\/2020\/03\/Hody-u-Val\u016f-1925.png 1661w\" sizes=\"(max-width: 1024px) 100vw, 1024px\" \/><\/figure>\n\n\n\n<p><strong>U\u010ditelsk\u00fd sbor&nbsp; za\u0159\u00eddil\npro \u0161kolu skromnou l\u00e9k\u00e1rni\u010dku. Nej\u010dast\u011bji bylo t\u0159eba \u017ealude\u010dn\u00edch kapek a\nmentolov\u00fdch pastilek p\u0159i bolen\u00ed hlavy a ka\u0161li.<\/strong><strong><\/strong><\/p>\n\n\n\n<p><strong>Osvobozeni od&nbsp; doch\u00e1zky\nbyly tyto d\u011bti: Mikul\u00e1\u0161 K\u00e1\u0148a( kosti\u017eer- tuberkul\u00f3za kost\u00ed),Josef Nemrava (\nrakovina), Ladislav Ot\u0159\u00edsal \u2013 na 90 % slep\u00fd.<\/strong><strong><\/strong><\/p>\n\n\n\n<figure class=\"wp-block-image size-large\"><img loading=\"lazy\" decoding=\"async\" width=\"1024\" height=\"747\" src=\"http:\/\/symbivita.cz\/blog\/wp-content\/uploads\/2020\/03\/Ro\u010dn\u00edk-1925-1024x747.png\" alt=\"\" class=\"wp-image-177\" srcset=\"https:\/\/symbivita.cz\/blog\/wp-content\/uploads\/2020\/03\/Ro\u010dn\u00edk-1925-1024x747.png 1024w, https:\/\/symbivita.cz\/blog\/wp-content\/uploads\/2020\/03\/Ro\u010dn\u00edk-1925-300x219.png 300w, https:\/\/symbivita.cz\/blog\/wp-content\/uploads\/2020\/03\/Ro\u010dn\u00edk-1925-768x560.png 768w, https:\/\/symbivita.cz\/blog\/wp-content\/uploads\/2020\/03\/Ro\u010dn\u00edk-1925.png 1300w\" sizes=\"(max-width: 1024px) 100vw, 1024px\" \/><\/figure>\n\n\n\n<p><strong>5. kv\u011btna zem\u0159ela&nbsp; \u017e\u00e1kyn\u011b II. t\u0159\u00eddy R\u016f\u017eena L\u00edzalov\u00e1 na tuberkul\u00f3zn\u00ed z\u00e1n\u011bt mozkov\u00fdch blan.( Dcera V\u00e1clava L\u00edzala a Franti\u0161ky Jur\u016f)<\/strong><\/p>\n\n\n\n<p>1.z\u00e1\u0159\u00ed odch\u00e1z\u00ed t\u0159\u00eddn\u00ed u\u010ditel Josef Hor\u00e1k do Blu\u010diny, kde byl jmenov\u00e1n \u0159\u00edd\u00edc\u00edm u\u010ditelem. M\u00edsto n\u011bj nastupuje u\u010ditel z&nbsp;K\u0159epic Jan Komosn\u00fd. ( nar. 1887 ve Velk\u00fdch Pavlovic\u00edch)<\/p>\n\n\n\n<figure class=\"wp-block-image size-large\"><img loading=\"lazy\" decoding=\"async\" width=\"357\" height=\"399\" src=\"http:\/\/symbivita.cz\/blog\/wp-content\/uploads\/2020\/03\/Obr.3.-Jan-Komosn\u00fd.png\" alt=\"\" class=\"wp-image-178\" srcset=\"https:\/\/symbivita.cz\/blog\/wp-content\/uploads\/2020\/03\/Obr.3.-Jan-Komosn\u00fd.png 357w, https:\/\/symbivita.cz\/blog\/wp-content\/uploads\/2020\/03\/Obr.3.-Jan-Komosn\u00fd-268x300.png 268w\" sizes=\"(max-width: 357px) 100vw, 357px\" \/><\/figure>\n\n\n\n<p>Byl zalo\u017een finan\u010dn\u00ed&nbsp;\nfond pro pl\u00e1novanou rekonstrukci&nbsp;\n\u0161koly.<\/p>\n\n\n\n<p>28.\u0159\u00edjna byla uspo\u0159\u00e1d\u00e1na \u0161koln\u00ed slavnost a po n\u00ed\nbes\u00eddka&nbsp; u\u010ditel\u016f s&nbsp;rodi\u010di, p\u0159i n\u00ed\u017e\nbyly&nbsp; ventilov\u00e1ny o\u017eehav\u00e9 \u010dasov\u00e9 ot\u00e1zky,\nsou\u010dasn\u011b&nbsp; vysv\u011btleny&nbsp; rodi\u010d\u016fm nov\u00e9 sm\u011bry v\u00fdchovy a v\u00fduky ml\u00e1de\u017ee a\nupozorn\u011bno na nesv\u011bdomit\u00e9 \u0161tvan\u00ed&nbsp; rodi\u010d\u016f\nproti \u0161kole a pokroku.<\/p>\n\n\n\n<p>&nbsp;27. prosince sehr\u00e1li\n\u017e\u00e1ci divadlo\u201c \u0160t\u011bdr\u00fd ve\u010der po 5 letech\u201c.<\/p>\n\n\n\n<figure class=\"wp-block-image size-large\"><img loading=\"lazy\" decoding=\"async\" width=\"1024\" height=\"562\" src=\"http:\/\/symbivita.cz\/blog\/wp-content\/uploads\/2020\/03\/Odvedenci-kolem-roku-1925-1024x562.png\" alt=\"\" class=\"wp-image-179\" srcset=\"https:\/\/symbivita.cz\/blog\/wp-content\/uploads\/2020\/03\/Odvedenci-kolem-roku-1925-1024x562.png 1024w, https:\/\/symbivita.cz\/blog\/wp-content\/uploads\/2020\/03\/Odvedenci-kolem-roku-1925-300x165.png 300w, https:\/\/symbivita.cz\/blog\/wp-content\/uploads\/2020\/03\/Odvedenci-kolem-roku-1925-768x422.png 768w, https:\/\/symbivita.cz\/blog\/wp-content\/uploads\/2020\/03\/Odvedenci-kolem-roku-1925-1536x843.png 1536w, https:\/\/symbivita.cz\/blog\/wp-content\/uploads\/2020\/03\/Odvedenci-kolem-roku-1925.png 1720w\" sizes=\"(max-width: 1024px) 100vw, 1024px\" \/><\/figure>\n\n\n\n<p>Sokol 1925<\/p>\n\n\n\n<figure class=\"wp-block-image size-large\"><img loading=\"lazy\" decoding=\"async\" width=\"621\" height=\"463\" src=\"http:\/\/symbivita.cz\/blog\/wp-content\/uploads\/2020\/05\/1925-Sokol.jpg\" alt=\"\" class=\"wp-image-569\" srcset=\"https:\/\/symbivita.cz\/blog\/wp-content\/uploads\/2020\/05\/1925-Sokol.jpg 621w, https:\/\/symbivita.cz\/blog\/wp-content\/uploads\/2020\/05\/1925-Sokol-300x224.jpg 300w\" sizes=\"(max-width: 621px) 100vw, 621px\" \/><\/figure>\n\n\n\n<p>Nov\u00fdm starostou jednoty se stal V\u00e1clav Bed\u0159ich, jednatelem\nV\u00e1clav Ot\u0159\u00edsal (171), pokladn\u00edkem V\u00e1clav Ot\u0159\u00edsal (35), vzd\u011blavatelem Jan\nL\u00edzal(34), n\u00e1\u010deln\u00edkem Jaroslav Ot\u0159\u00edsal a n\u00e1\u010delnic\u00ed Libu\u0161e L\u00edzalov\u00e1.<\/p>\n\n\n\n<p>Jednota se z\u00fa\u010dastnila ve\u0159ejn\u00fdch cvi\u010den\u00ed v&nbsp;N\u011bm\u010di\u010dk\u00e1ch, Velk\u00fdch\nN\u011bm\u010dic\u00edch, Hustope\u010d\u00edch, Pavlovic\u00edch, \u0160akvic\u00edch a Mork\u016fvk\u00e1ch. Na obr\u00e1zku je foto\nz&nbsp;t\u00e9 &nbsp;doby z&nbsp;Mork\u016fvek- n\u00e1stup.<\/p>\n\n\n\n<figure class=\"wp-block-image size-large\"><img loading=\"lazy\" decoding=\"async\" width=\"756\" height=\"465\" src=\"http:\/\/symbivita.cz\/blog\/wp-content\/uploads\/2020\/05\/1925-Sokol-v-Mork\u016fvk\u00e1ch.jpg\" alt=\"\" class=\"wp-image-570\" srcset=\"https:\/\/symbivita.cz\/blog\/wp-content\/uploads\/2020\/05\/1925-Sokol-v-Mork\u016fvk\u00e1ch.jpg 756w, https:\/\/symbivita.cz\/blog\/wp-content\/uploads\/2020\/05\/1925-Sokol-v-Mork\u016fvk\u00e1ch-300x185.jpg 300w\" sizes=\"(max-width: 756px) 100vw, 756px\" \/><\/figure>\n\n\n\n<p><strong>1926<\/strong><\/p>\n\n\n\n<p><\/p>\n\n\n\n<p>Zima v tomto roce byla m\u00edrn\u00e1. Mr\u00e1z p\u0159i\u0161el a\u017e 20. ledna a\nji\u017e v polovin\u011b \u00fanora p\u0159i\u0161la obleva. Nedooran\u00e1 pole byla door\u00e1na. Se set\u00edm se\nza\u010dalo 10. b\u0159ezna a d\u00edky dobr\u00e9mu po\u010das\u00ed trvalo jen kr\u00e1tce. V polovin\u011b m\u011bs\u00edce\ndubna p\u0159i\u0161el d\u00e9\u0161\u0165 a lid\u00e9 se domn\u00edvali, \u017ee bude dobr\u00e1 \u00faroda. Pozd\u011bji ale p\u0159i\u0161lo\nsucho. V jeteli se objevily mu\u0161ky a \u010d\u00e1st \u00farody musela b\u00fdt zaor\u00e1na. Dne 20.\nkv\u011btna p\u0159i\u0161el velk\u00fd d\u00e9\u0161\u0165, tak\u017ee nebylo mo\u017en\u00e9 del\u0161\u00ed \u010das obd\u011bl\u00e1vat p\u016fdu. Na\nn\u011bkter\u00fdch pol\u00edch nebylo p\u0159es plevel vid\u011bt plodiny. Pozd\u011bji pr\u0161et p\u0159estalo a \u017en\u011b\nza\u010daly 20. \u010dervence. N\u011bkolikr\u00e1t musela b\u00fdt pr\u00e1ce na poli p\u0159eru\u0161ena kv\u016fli velk\u00fdm\nbou\u0159\u00edm.<\/p>\n\n\n\n<p>Do konce roku bylo po\u010das\u00ed prom\u011bnliv\u00e9.<\/p>\n\n\n\n<p>1.ledna p\u0159evzal duchovn\u00ed&nbsp;\nspr\u00e1vu c\u00edrkve \u010deskobratrsk\u00e9 evangelick\u00e9 Franti\u0161ek Karel \u0160ed\u00fd a pod\njeho&nbsp; dozorem&nbsp; vyu\u010dovala ve \u0161kole&nbsp; n\u00e1bo\u017eenstv\u00ed jeho pan\u00ed Lydie \u0160ed\u00e1.<\/p>\n\n\n\n<figure class=\"wp-block-image size-large\"><img loading=\"lazy\" decoding=\"async\" width=\"719\" height=\"491\" src=\"http:\/\/symbivita.cz\/blog\/wp-content\/uploads\/2020\/03\/Obr.2.Franti\u0161ek-\u0160ed\u00fd-a-a-Lydie.png\" alt=\"\" class=\"wp-image-180\" srcset=\"https:\/\/symbivita.cz\/blog\/wp-content\/uploads\/2020\/03\/Obr.2.Franti\u0161ek-\u0160ed\u00fd-a-a-Lydie.png 719w, https:\/\/symbivita.cz\/blog\/wp-content\/uploads\/2020\/03\/Obr.2.Franti\u0161ek-\u0160ed\u00fd-a-a-Lydie-300x205.png 300w\" sizes=\"(max-width: 719px) 100vw, 719px\" \/><\/figure>\n\n\n\n<p>V&nbsp;\u00fanoru byla otev\u0159ena ve \u0161kole obecn\u00ed knihovna.\nU\u010ditelsk\u00fd sbor nad n\u00ed p\u0159evzal starost.<\/p>\n\n\n\n<p>V&nbsp;roce 1926 se hr\u00e1la Cik\u00e1n\u010dina pomsta (autor A.\nBobner). Hra m\u011bla velk\u00fd \u00fasp\u011bch. Vesnic\u00ed \u0161el alegorick\u00fd pr\u016fvod cik\u00e1n\u016f\ns&nbsp;vozem, huben\u00fdmi kobylami, umazan\u00fdmi d\u011bcky, kter\u00e1 se dob\u00fdvala do dom\u016f,\nbyl souboj cik\u00e1n\u016f, p\u0159i kter\u00e9m selhaly ob\u011b dv\u011b pistole, byl dramatick\u00fd d\u011bj.\nHr\u00e1lo se v&nbsp;p\u0159\u00edrod\u011b, ve Strh\u00e1ch. Krom\u011b m\u00edstn\u00edch ob\u010dan\u016f p\u0159i\u0161lo i mnoho\np\u0159espoln\u00edch div\u00e1k\u016f, celkov\u00fd po\u010det se odhaduje na 1500.<\/p>\n\n\n\n<figure class=\"wp-block-image size-large\"><img loading=\"lazy\" decoding=\"async\" width=\"906\" height=\"652\" src=\"http:\/\/symbivita.cz\/blog\/wp-content\/uploads\/2020\/03\/Cik\u00e1n\u010dina-pomsta-blog.jpg\" alt=\"\" class=\"wp-image-182\" srcset=\"https:\/\/symbivita.cz\/blog\/wp-content\/uploads\/2020\/03\/Cik\u00e1n\u010dina-pomsta-blog.jpg 906w, https:\/\/symbivita.cz\/blog\/wp-content\/uploads\/2020\/03\/Cik\u00e1n\u010dina-pomsta-blog-300x216.jpg 300w, https:\/\/symbivita.cz\/blog\/wp-content\/uploads\/2020\/03\/Cik\u00e1n\u010dina-pomsta-blog-768x553.jpg 768w\" sizes=\"(max-width: 906px) 100vw, 906px\" \/><\/figure>\n\n\n\n<p>6. b\u0159ezna oslava prezidentov\u00fdch narozenin spole\u010dnou\nbes\u00eddkou&nbsp; \u017e\u00e1k\u016f<\/p>\n\n\n\n<p>28. b\u0159ezna slavnost \u010cerven\u00e9ho k\u0159\u00ed\u017ee. U \u0161koly promluvil\nstarosta obce Jakub Broskva. U\u010ditelsk\u00fd sbor a \u017e\u00e1ci p\u0159edvedli sc\u00e9nu \u201e Smrt\nneseme..\u201c, pak prod\u00e1valy kraslice a prob\u011bhla sb\u00edrka pro \u010cerven\u00fd k\u0159\u00ed\u017e. Vybralo\nse 170 K\u010d.<\/p>\n\n\n\n<p>Venku d\u011bti a u\u010ditelsk\u00fd sbor upravili letn\u00ed cvi\u010di\u0161t\u011b a&nbsp; byly vys\u00e1zeny ovocn\u00e9 stromy. Obec sl\u00edbila\npodporu.<\/p>\n\n\n\n<p>Od kv\u011btna za\u010d\u00ednala \u0161koln\u00ed doch\u00e1zka od 7.hodin.<\/p>\n\n\n\n<p>V&nbsp;kv\u011btnu si obec&nbsp;\n\u0160itbo\u0159ice po\u0159\u00eddila&nbsp; telefon.<\/p>\n\n\n\n<p>&nbsp;23. a 24. \u010dervna\npodnikla \u0161kola v\u00fdlet p\u0159es Hustope\u010de, B\u0159eclav na Buchlov a Velehrad. Odtud p\u0159es\nUhersk\u00e9 Hradi\u0161t\u011b, Vesel\u00ed, Bzenec, Kyjov, Slavkov do Brna.<\/p>\n\n\n\n<p>Nutno podotknout, \u017ee ob\u010dan\u00e9 jsou \u010dast\u00fdmi sb\u00edrkami\np\u0159esyceni. Mnoz\u00ed sotva maj\u00ed dost pen\u011bz na zv\u00fd\u0161en\u00e9 pot\u0159eby \u0161koln\u00ed. Sb\u00edrky\nub\u00edraj\u00ed \u0161kole mnoho sympati\u00ed.<\/p>\n\n\n\n<p>Tento rok byli \u017e\u00e1ci ve v\u011bku sedmi a \u010dtrn\u00e1cti let o\u010dkov\u00e1ni\nproti ne\u0161tovic\u00edm<\/p>\n\n\n\n<p>4. \u010dervence se narodila Bohuslava Ot\u0159\u00edsalov\u00e1<\/p>\n\n\n\n<figure class=\"wp-block-image size-large\"><img loading=\"lazy\" decoding=\"async\" width=\"957\" height=\"562\" src=\"http:\/\/symbivita.cz\/blog\/wp-content\/uploads\/2020\/03\/Obr.12-.Bohuslava-Ot\u0159\u00edsalov\u00e1.png\" alt=\"\" class=\"wp-image-183\" srcset=\"https:\/\/symbivita.cz\/blog\/wp-content\/uploads\/2020\/03\/Obr.12-.Bohuslava-Ot\u0159\u00edsalov\u00e1.png 957w, https:\/\/symbivita.cz\/blog\/wp-content\/uploads\/2020\/03\/Obr.12-.Bohuslava-Ot\u0159\u00edsalov\u00e1-300x176.png 300w, https:\/\/symbivita.cz\/blog\/wp-content\/uploads\/2020\/03\/Obr.12-.Bohuslava-Ot\u0159\u00edsalov\u00e1-768x451.png 768w\" sizes=\"(max-width: 957px) 100vw, 957px\" \/><\/figure>\n\n\n\n<p>V&nbsp;roce 2016 oslavila kr\u00e1sn\u00fdch 90. let<\/p>\n\n\n\n<p>S&nbsp;nov\u00fdm \u0161koln\u00edm rokem se vrac\u00ed jako spr\u00e1vce \u0161koly\nFranti\u0161ek Kloupar, kter\u00fd byl dosud v&nbsp;Bohumilic\u00edch. Proto\u017ee byla pot\u0159eba 4\nu\u010ditel\u016f, byla&nbsp; je\u0161t\u011b p\u0159ijata Aloisie&nbsp; Reitermannov\u00e1 ( narozena v&nbsp;Prost\u011bjov\u011b a\np\u0159i\u0161la&nbsp; do Nikol\u010dic&nbsp; z&nbsp;Velk\u00fdch N\u011bm\u010dic), Ru\u010dn\u00edm pracem&nbsp; vyu\u010dovala p. u\u010ditelka Volav\u00e1 z&nbsp;K\u0159epic<\/p>\n\n\n\n<p>Ke 12 000 K\u010d na pl\u00e1novanou p\u0159\u00edstavbu \u0161koly ulo\u017een\u00fdch,\np\u0159ibylo nov\u011b 15&nbsp;000,-K\u010d, vzrostl tud\u00ed\u017e stavebn\u00ed&nbsp; fond na 27&nbsp;000 K\u010d.<\/p>\n\n\n\n<p>28. \u0159\u00edjna&nbsp; byl\noslaven den svobody.<\/p>\n\n\n\n<p>&nbsp;Byla zakoupena\nobecn\u00ed kronika, kterou zhotovil Vratislav \u0160ibl, kniha\u0159 v&nbsp;\u017didlochovic\u00edch<\/p>\n\n\n\n<figure class=\"wp-block-image size-large\"><img loading=\"lazy\" decoding=\"async\" width=\"739\" height=\"422\" src=\"http:\/\/symbivita.cz\/blog\/wp-content\/uploads\/2020\/03\/Uk\u00e1zka-z-kroniky-blog.jpg\" alt=\"\" class=\"wp-image-184\" srcset=\"https:\/\/symbivita.cz\/blog\/wp-content\/uploads\/2020\/03\/Uk\u00e1zka-z-kroniky-blog.jpg 739w, https:\/\/symbivita.cz\/blog\/wp-content\/uploads\/2020\/03\/Uk\u00e1zka-z-kroniky-blog-300x171.jpg 300w\" sizes=\"(max-width: 739px) 100vw, 739px\" \/><\/figure>\n\n\n\n<p>Prvn\u00ed autobusov\u00e1 p\u0159eprava osob na lince \u0160itbo\u0159ice-\u017didlochovice, kde se p\u0159estupovalo na lok\u00e1lku do Hru\u0161ovan a tam na osobn\u00ed vlak na Brno.<\/p>\n\n\n\n<figure class=\"wp-block-image size-large is-resized\"><img loading=\"lazy\" decoding=\"async\" src=\"http:\/\/symbivita.cz\/blog\/wp-content\/uploads\/2020\/03\/Obr.6.-P\u0159ed-evangelick\u00fdm-kostelem-1024x622.png\" alt=\"\" class=\"wp-image-185\" width=\"580\" height=\"352\" srcset=\"https:\/\/symbivita.cz\/blog\/wp-content\/uploads\/2020\/03\/Obr.6.-P\u0159ed-evangelick\u00fdm-kostelem-1024x622.png 1024w, https:\/\/symbivita.cz\/blog\/wp-content\/uploads\/2020\/03\/Obr.6.-P\u0159ed-evangelick\u00fdm-kostelem-300x182.png 300w, https:\/\/symbivita.cz\/blog\/wp-content\/uploads\/2020\/03\/Obr.6.-P\u0159ed-evangelick\u00fdm-kostelem-768x467.png 768w, https:\/\/symbivita.cz\/blog\/wp-content\/uploads\/2020\/03\/Obr.6.-P\u0159ed-evangelick\u00fdm-kostelem.png 1213w\" sizes=\"(max-width: 580px) 100vw, 580px\" \/><\/figure>\n\n\n\n<p><strong>Sokol 1926<\/strong><\/p>\n\n\n\n<p>Starostou jednoty je V\u00e1clav Bed\u0159ich, jednatelem Jarol\u00edm\nNe\u010das, pokladn\u00edkem V\u00e1clav Ot\u0159\u00edsal, n\u00e1\u010deln\u00edkem Vojt\u011bch Ot\u0159\u00edsal, n\u00e1\u010delnic\u00ed\nTerezie Horn\u00ed\u010dkov\u00e1 a vzd\u011blavatelem Leopold \u0160tefan.<\/p>\n\n\n\n<p>Uskute\u010dnil se 8. v\u0161esokolsk\u00fd slet. Krom\u011b toho&nbsp; na\u0161i cvi\u010dili v&nbsp;Brumovic\u00edch, Boleradic\u00edch\na \u0160akvic\u00edch.<\/p>\n\n\n\n<p>Cvi\u010dilo se pouze v&nbsp;letn\u00edch m\u011bs\u00edc\u00edch. V&nbsp;dob\u011b ne\u010dasu\nbyly prov\u00e1d\u011bny p\u0159edn\u00e1\u0161ky nap\u0159\u00edklad o Masarykovi, \u0160tef\u00e1nikovi. Byla sehr\u00e1na\n4&nbsp; divadla a po\u0159\u00e1d\u00e1ny tane\u010dn\u00ed z\u00e1bavy a\ndo\u017e\u00ednkov\u00e1 slavnost.<\/p>\n\n\n\n<p>Na\u0161i se tak\u00e9 \u00fa\u010dastnili p\u0159i polo\u017een\u00ed z\u00e1kladn\u00edho kamene pro\nstavbu sokolovny v&nbsp;Pavlovic\u00edch a otev\u0159en\u00ed sokolovny v&nbsp;Brumovic\u00edch,\nkde promluvil tak\u00e9 Dr. Jan Herben a u\u010ditel K\u0148ourek.<\/p>\n\n\n\n<figure class=\"wp-block-image size-large\"><img loading=\"lazy\" decoding=\"async\" width=\"541\" height=\"406\" src=\"http:\/\/symbivita.cz\/blog\/wp-content\/uploads\/2020\/05\/1926-sokol.jpg\" alt=\"\" class=\"wp-image-572\" srcset=\"https:\/\/symbivita.cz\/blog\/wp-content\/uploads\/2020\/05\/1926-sokol.jpg 541w, https:\/\/symbivita.cz\/blog\/wp-content\/uploads\/2020\/05\/1926-sokol-300x225.jpg 300w\" sizes=\"(max-width: 541px) 100vw, 541px\" \/><\/figure>\n\n\n\n<p><strong>1927<\/strong> <\/p>\n\n\n\n<p>Zima&nbsp; byla m\u00edrn\u00e1. U\u017e od 8. \u00fanora p\u0159i\u0161lo jarn\u00ed\npo\u010das\u00ed. Set\u00ed za\u010dalo 4. b\u0159ezna. Po\u010das\u00ed v tomto m\u011bs\u00edci bylo prom\u011bnliv\u00e9. Dne 7.\ndubna p\u0159i\u0161la velk\u00e1 bou\u0159ka, kter\u00e1 odstartovala de\u0161tiv\u00e9 obdob\u00ed, \u010d\u00edm\u017e se jarn\u00ed\npr\u00e1ce na poli zt\u00ed\u017eily. V m\u011bs\u00edci kv\u011btnu p\u0159i\u0161ly teplotn\u00ed v\u00fdkyvy. V polovin\u011b\nkv\u011btna p\u0159i\u0161el siln\u00fd mr\u00e1z a zmrzly vinice, m\u00edsty i \u017eito a kuku\u0159ice. \u010cerven se\nnesl ve znamen\u00ed bou\u0159ek a ob\u010das p\u0159i\u0161lo i krupobit\u00ed.<\/p>\n\n\n\n<p>\u0160koln\u00ed sbor: Franti\u0161ek\nKloupar, Frani\u0161ka Kostihov\u00e1 (nar. 1905 v&nbsp;Brumovic\u00edch, do Nikol\u010dic p\u0159e\u0161la z\nBoleradic), \u0160t\u011bp\u00e1nka Mikl\u00edkov\u00e1 ( Narozena&nbsp;\n1906 v&nbsp;Brumovic\u00edch a do Nikol\u010dic p\u0159ich\u00e1z\u00ed ze \u0160itbo\u0159ic), Adolf\nHolzmann (narozen&nbsp; 1907 v&nbsp;Rajhrad\u011b a\npo studiu v&nbsp;Brn\u011b nastoupil do Nikol\u010dic a Rudolf Kratochv\u00edl (Narodil se\nv&nbsp;Dambo\u0159ic\u00edch a do Nikol\u010dic p\u0159i\u0161el z&nbsp;Mork\u016fvek). Oba jmenovan\u00ed u\u010ditel\u00e9\nale ode\u0161li na vojnu a na\u0161\u00ed \u0161kole byli p\u0159id\u011bleni V\u00e1clav Val\u00ed\u010dek ( narodil se\nv&nbsp;Klobouk\u00e1ch a po studiu v&nbsp;Brn\u011b p\u0159ich\u00e1z\u00ed k&nbsp;n\u00e1m)a \u0160t\u011bp\u00e1nka\nMikl\u00edkov\u00e1. Ru\u010dn\u00edm pracem vyu\u010dovala Ludmila Volav\u00e1, kter\u00e1 sem doch\u00e1zela\nz&nbsp;N\u011bm\u010dic. Katolick\u00e9 n\u00e1bo\u017eenstv\u00ed&nbsp;\nvyu\u010doval Jan Ture\u010dek, evangelick\u00e9&nbsp;\njednak ev. far\u00e1\u0159 \u0160ed\u00fd a&nbsp; jeho\nman\u017eelka. <\/p>\n\n\n\n<figure class=\"wp-block-image size-large\"><img loading=\"lazy\" decoding=\"async\" width=\"1024\" height=\"811\" src=\"http:\/\/symbivita.cz\/blog\/wp-content\/uploads\/2020\/03\/Obr.4.-Franti\u0161ek-Kloupar-1024x811.png\" alt=\"\" class=\"wp-image-186\" srcset=\"https:\/\/symbivita.cz\/blog\/wp-content\/uploads\/2020\/03\/Obr.4.-Franti\u0161ek-Kloupar-1024x811.png 1024w, https:\/\/symbivita.cz\/blog\/wp-content\/uploads\/2020\/03\/Obr.4.-Franti\u0161ek-Kloupar-300x238.png 300w, https:\/\/symbivita.cz\/blog\/wp-content\/uploads\/2020\/03\/Obr.4.-Franti\u0161ek-Kloupar-768x608.png 768w, https:\/\/symbivita.cz\/blog\/wp-content\/uploads\/2020\/03\/Obr.4.-Franti\u0161ek-Kloupar.png 1366w\" sizes=\"(max-width: 1024px) 100vw, 1024px\" \/><\/figure>\n\n\n\n<figure class=\"wp-block-image size-large\"><img loading=\"lazy\" decoding=\"async\" width=\"1024\" height=\"688\" src=\"http:\/\/symbivita.cz\/blog\/wp-content\/uploads\/2020\/03\/KOnfirmace-1024x688.png\" alt=\"\" class=\"wp-image-187\" srcset=\"https:\/\/symbivita.cz\/blog\/wp-content\/uploads\/2020\/03\/KOnfirmace-1024x688.png 1024w, https:\/\/symbivita.cz\/blog\/wp-content\/uploads\/2020\/03\/KOnfirmace-300x202.png 300w, https:\/\/symbivita.cz\/blog\/wp-content\/uploads\/2020\/03\/KOnfirmace-768x516.png 768w, https:\/\/symbivita.cz\/blog\/wp-content\/uploads\/2020\/03\/KOnfirmace.png 1173w\" sizes=\"(max-width: 1024px) 100vw, 1024px\" \/><\/figure>\n\n\n\n<p>Kdy\u017e potom obdr\u017eel far\u00e1\u0159 \u0160ed\u00fd\nm\u00edsto v&nbsp;Liblici nad Cidlinou, vyu\u010doval od 1. \u010dervna ev. far\u00e1\u0159 Pavel Ne\u0161por\nz Nosislav\u011b.<\/p>\n\n\n\n<p>30. ledna sehr\u00e1li \u017e\u00e1ci\ndivadeln\u00ed kus \u201e Princezna Zlatohv\u011bzda\u201c.<\/p>\n\n\n\n<p>Na konci \u0161koln\u00edho ruku\npodnikli&nbsp; \u017e\u00e1ci IV.t\u0159\u00eddy&nbsp; 3&nbsp;\ndenn\u00ed&nbsp; v\u00fdlet na Per\u0161t\u00fdn a okol\u00ed,\n\u017e\u00e1ci III.t\u0159\u00eddy 1 denn\u00ed v\u00fdlet k&nbsp;mohyle m\u00edru.<\/p>\n\n\n\n<figure class=\"wp-block-image size-large\"><img loading=\"lazy\" decoding=\"async\" width=\"1024\" height=\"706\" src=\"http:\/\/symbivita.cz\/blog\/wp-content\/uploads\/2020\/03\/6.-1927-1024x706.png\" alt=\"\" class=\"wp-image-188\" srcset=\"https:\/\/symbivita.cz\/blog\/wp-content\/uploads\/2020\/03\/6.-1927-1024x706.png 1024w, https:\/\/symbivita.cz\/blog\/wp-content\/uploads\/2020\/03\/6.-1927-300x207.png 300w, https:\/\/symbivita.cz\/blog\/wp-content\/uploads\/2020\/03\/6.-1927-768x529.png 768w, https:\/\/symbivita.cz\/blog\/wp-content\/uploads\/2020\/03\/6.-1927.png 1201w\" sizes=\"(max-width: 1024px) 100vw, 1024px\" \/><\/figure>\n\n\n\n<p>Starostou byl zvolen Franti\u0161ek\nStejskal<\/p>\n\n\n\n<p>V&nbsp;prvn\u00ed polovin\u011b&nbsp; roku se&nbsp;\nza\u010dala ps\u00e1t obecn\u00ed kronika. Prvn\u00edm zapisovatelem ( kronik\u00e1\u0159em) byl\nzvolen&nbsp; Franti\u0161ek Kloupar, rodem\nz&nbsp;Kom\u00edna u Brna. \u010cleny letopiseck\u00e9 komise byli: Franti\u0161ek Stejskal star\u0161\u00ed,\nJan L\u00edzal, Anton\u00edn Ne\u010das a Ferdinand Stejskal.<\/p>\n\n\n\n<figure class=\"wp-block-image size-large\"><img loading=\"lazy\" decoding=\"async\" width=\"733\" height=\"449\" src=\"http:\/\/symbivita.cz\/blog\/wp-content\/uploads\/2020\/03\/Uk\u00e1zka-z-kroniky-II.png\" alt=\"\" class=\"wp-image-189\" srcset=\"https:\/\/symbivita.cz\/blog\/wp-content\/uploads\/2020\/03\/Uk\u00e1zka-z-kroniky-II.png 733w, https:\/\/symbivita.cz\/blog\/wp-content\/uploads\/2020\/03\/Uk\u00e1zka-z-kroniky-II-300x184.png 300w\" sizes=\"(max-width: 733px) 100vw, 733px\" \/><\/figure>\n\n\n\n<p>Zbudov\u00e1ny a odhaleny pomn\u00edky\npadl\u00fdm voj\u00edn\u016fm z prvn\u00ed sv\u011btov\u00e9 v\u00e1lky. <\/p>\n\n\n\n<p>Nejprve postavili pomn\u00edk\n\u0159\u00edmskokatoli\u010dt\u00ed v\u011b\u0159\u00edc\u00ed. Ze sb\u00edrky a p\u0159\u00edsp\u011bvk\u016f&nbsp;\nbyl zbudov\u00e1n p\u0159ed kostelem. Socha\u0159skou pr\u00e1ci provedl mistr Hlad\u00edk ze\n\u017didlochovic a zahr\u00e1dku kolem pomn\u00edku ze \u017eeleza &nbsp;vykoval z\u00e1me\u010dnick\u00fd mistr Podiv\u00ednsk\u00fd.\nVe\u0159ejnosti byl p\u0159ed\u00e1n v&nbsp;pond\u011bl\u00ed svatodu\u0161n\u00edho dne. Slavnostn\u00ed \u0159e\u010d vedl\ndiv\u00e1ck\u00fd p. far\u00e1\u0159 Buchta a p. u\u010ditel K\u0159\u00ed\u017e z&nbsp;Nosislav\u011b. Zdej\u0161\u00ed pan far\u00e1\u0159\nTure\u010dek pod\u011bkoval ob\u010dan\u016fm za ob\u011b\u0165, kterou na zbudov\u00e1n\u00ed pomn\u00edku p\u0159inesli. Potom\nstarosta Franti\u0161ek Stejskal pomn\u00edk odevzdal&nbsp;\nve\u0159ejnosti.<\/p>\n\n\n\n<p>N\u00e1pis:<\/p>\n\n\n\n<p>NA\u0160IM PADL\u00ddM&nbsp; VOJ\u00cdN\u016eM ve SV\u011aTOV\u00c9 V\u00c1LCE<\/p>\n\n\n\n<p>1914-1918<\/p>\n\n\n\n<p>\u0160IMON\u00cdK JAN nar. 1893. padl\n1914.<\/p>\n\n\n\n<p>B\u00cdLEK JOSEF nar. 1888. nezv.\n1914.<\/p>\n\n\n\n<p>HAVL\u00cd\u010cEK KAREL nar. 1890.\nnezv. 1914.<\/p>\n\n\n\n<p>BROSKVA PAVEL nar. 1882. nezv.\n1914.<\/p>\n\n\n\n<p>HELMA ANTON\u00cdN nar. 1881. padl\n1915.<\/p>\n\n\n\n<p>VINTERL\u00cdK ANTON\u00cdN nar. 1883.\npadl 1915.<\/p>\n\n\n\n<p>LOSA JOSEF nar. 1890. padl\n1914.<\/p>\n\n\n\n<p>LOSA FRANTI\u0160EK nar. 1895. padl\n1916.<\/p>\n\n\n\n<p>BARTON\u011aK ANTON\u00cdN nar. 1895.\npadl 1915.<\/p>\n\n\n\n<p>BARTON\u011aK ALOIS nar. 1882. padl\n1916.<\/p>\n\n\n\n<p>TESA\u0158 FRANTI\u0160EK nar. 1895. padl\n1915.<\/p>\n\n\n\n<p>KONE\u010cN\u00dd JOSEF nar. 1896. padl\n1916.<\/p>\n\n\n\n<p>MATY\u0160EK JAN nar. 1891. padl\n1916.<\/p>\n\n\n\n<p>Z\u00c1BLACK\u00dd JOSEF nar. 1891. padl\n1916.<\/p>\n\n\n\n<p>STROUHAL ANTON\u00cdN nar. 1897.\npadl 1916.<\/p>\n\n\n\n<p>NEMRAVA JOSEF nar. 1887. padl\n1916.<\/p>\n\n\n\n<p>B\u00cdLEK ALOIS nar. 1896. zem\u0159.\n1917.<\/p>\n\n\n\n<p>MA\u0160KA JAN nar. 1898. padl\n1817.<\/p>\n\n\n\n<p>MATY\u0160EK JOSEF nar. 1899. zem\u0159.\n1918.<\/p>\n\n\n\n<p>BYST\u0158ICK\u00dd \u0160T\u011aP\u00c1N. nar. 1890.\npadl 1916.<\/p>\n\n\n\n<p>NIKOLIV SLZAMI A N\u00c1\u0158KEM, N\u00ddBR\u017d\nMODLITBOU A OB\u011aT\u00cd<\/p>\n\n\n\n<p>DOPORU\u010cUJTE ZEM\u0158EL\u00c9 P\u00c1NU\nNEJVY\u0160\u0160\u00cdMU!<\/p>\n\n\n\n<p>NERMU\u0164TE SE, \u017dE JI\u017d NEJSME\nMEZI V\u00c1MI,<\/p>\n\n\n\n<p>V\u017dDY\u0164 SHLED\u00c1ME SE OP\u011aT NAD\nHV\u011aZDAMI.<\/p>\n\n\n\n<figure class=\"wp-block-image size-large\"><img loading=\"lazy\" decoding=\"async\" width=\"540\" height=\"721\" src=\"http:\/\/symbivita.cz\/blog\/wp-content\/uploads\/2020\/03\/Obr.9-.Pomn\u00edk-katolick\u00fd.png\" alt=\"\" class=\"wp-image-190\" srcset=\"https:\/\/symbivita.cz\/blog\/wp-content\/uploads\/2020\/03\/Obr.9-.Pomn\u00edk-katolick\u00fd.png 540w, https:\/\/symbivita.cz\/blog\/wp-content\/uploads\/2020\/03\/Obr.9-.Pomn\u00edk-katolick\u00fd-225x300.png 225w\" sizes=\"(max-width: 540px) 100vw, 540px\" \/><\/figure>\n\n\n\n<p>Pozn\u00e1mka: <\/p>\n\n\n\n<p>Na spodn\u00ed desce s v\u00e1lkou\nnesouvisej\u00edc\u00ed vzpom\u00ednka na m\u00edstn\u00edho far\u00e1\u0159e:<\/p>\n\n\n\n<p>Zde mezi sv\u00fdmi farn\u00edky v P\u00e1nu\nodpo\u010d\u00edv\u00e1<\/p>\n\n\n\n<p>P. JAN TURE\u010cEK, biskup a\nkonsist. rada a auditor.<\/p>\n\n\n\n<p>Nar. 26.4.1876 v Tvrdonic\u00edch,<\/p>\n\n\n\n<p>vysv\u011bcen 20.7.1900.<\/p>\n\n\n\n<p>Po t\u00e9m\u011b\u0159 t\u0159icetilet\u00e9m p\u016fsoben\u00ed\nv&nbsp;Nikol\u010dic\u00edch,&nbsp; zem\u0159el v sam\u00e9m zrodu\nn\u00e1rodn\u00ed svobody, po n\u00ed\u017e tolik tou\u017eil. Ti\u0161e zesnul 15. dubna 1945.<\/p>\n\n\n\n<p>Zdravotn\u00ed stav d\u011bt\u00ed se zhor\u0161il\nPro \u010detn\u00e1 plicn\u00ed onemocn\u011bn\u00ed byli&nbsp; 4&nbsp; \u017e\u00e1ci osvobozeni od&nbsp; n\u00e1v\u0161t\u011bvy&nbsp;\n\u0161koly. Jedna \u017ea\u010dka &nbsp;se l\u00e9\u010dila\nv&nbsp;sanatoriu v&nbsp;\u0160umperku. Slep\u00fd \u017e\u00e1k Ladislav Ot\u0159\u00edsal byl v&nbsp;\u00fastav\u011b\nslepc\u016f v&nbsp;Brn\u011b po cel\u00fd rok.<\/p>\n\n\n\n<p>Stavebn\u00ed&nbsp; fond vzrostl na \u010d\u00e1stku 42&nbsp;000,.K\u010d<\/p>\n\n\n\n<p>Spolek Sokol m\u00e1 v&nbsp;tomto\nroce 24 \u010dlen\u016f \u010dinn\u00fdch a 22 p\u0159isp\u00edvaj\u00edc\u00edch. M\u011bl tak\u00e9 sv\u016fj p\u011bveck\u00fd krou\u017eek, kter\u00fd\nse v\u0161ak po odchodu Karla Svobody rozpadl. V&nbsp;divadeln\u00edm krou\u017eku se\nuplatnili bratr u\u010ditel Leopold \u0160tefan a sestra&nbsp;\nu\u010ditelka Tereza Horn\u00ed\u010dkov\u00e1.<\/p>\n\n\n\n<p>Nacvi\u010duj\u00ed v&nbsp;soukrom\u00fdch m\u00edstnostech, sch\u016fze&nbsp; maj\u00ed v&nbsp;hostinci u Val\u016f. T\u011blocvi\u010dnu nemaj\u00ed.<\/p>\n\n\n\n<p>Ka\u017edoro\u010dn\u00ed volby p\u0159edstavenstva&nbsp; jednoty&nbsp;\nbyly stejn\u00e9&nbsp; beze zm\u011bn. Ale b\u011bhem\nroku ode\u0161el bratr \u0160tefan do Velk\u00fdch N\u011bm\u010dic a sestra Horn\u00ed\u010dkov\u00e1 do\nBo\u0161ovic.,&nbsp; \u010d\u00edm\u017e byl op\u011bt vzd\u011bl\u00e1vac\u00ed sbor\nochuzen.<\/p>\n\n\n\n<p>Uskute\u010dnilo se n\u011bkolik divadeln\u00edch&nbsp; her a tane\u010dn\u00edch z\u00e1bav. A p\u0159edn\u00e1\u0161ka k&nbsp;pam\u00e1tce\nJ. A. Komensk\u00e9ho.<\/p>\n\n\n\n<figure class=\"wp-block-image size-large\"><img loading=\"lazy\" decoding=\"async\" width=\"568\" height=\"418\" src=\"http:\/\/symbivita.cz\/blog\/wp-content\/uploads\/2020\/05\/1927-Sokol.jpg\" alt=\"\" class=\"wp-image-574\" srcset=\"https:\/\/symbivita.cz\/blog\/wp-content\/uploads\/2020\/05\/1927-Sokol.jpg 568w, https:\/\/symbivita.cz\/blog\/wp-content\/uploads\/2020\/05\/1927-Sokol-300x221.jpg 300w\" sizes=\"(max-width: 568px) 100vw, 568px\" \/><\/figure>\n\n\n\n<p>Spolek Orel m\u00e1 v&nbsp;tomto roce 28 \u010dlen\u016f&nbsp; \u010dinn\u00fdch a 42 p\u0159isp\u00edvatel\u016f. M\u00e1 sice vlastn\u00ed\nt\u011blocvi\u010dnu, ale budova nevyhovuje. Z&nbsp;v\u00fdt\u011b\u017eku divadel&nbsp; si spolek po\u0159\u00eddil kr\u00e1sn\u00e9 jevi\u0161t\u011b, kter\u00e9\nnamaloval mistr M\u00e1ca z&nbsp;\u00dajezda.<\/p>\n\n\n\n<p>V&nbsp;tomto roce&nbsp;\nza\u010dala p\u0159estavba ji\u017e nevyhovuj\u00edc\u00edho obecn\u00edho hostince, v&nbsp;n\u011bm\u017e byla\ntak\u00e9 obecn\u00ed kancel\u00e1\u0159. Pr\u00e1ce byla zad\u00e1na zednick\u00e9mu mistru p. Florianovi\nz&nbsp;Velk\u00fdch N\u011bm\u010dic. P\u0159estavbu provedl za 16&nbsp;000,-K\u010d. Znak star\u00fdch\nNikol\u010dic ( 3 hrozny) nad&nbsp; hlavn\u00edm vchodem\nprovedl z&nbsp;betonu Franti\u0161ek Kloupar. N\u00e1pisy a jm\u00e9na \u010dlen\u016f obecn\u00edho\nzastupitelstva provedl do zdi zedn\u00edk Anton\u00edn Barton\u011bk<\/p>\n\n\n\n<p>1.\u010dervence&nbsp; byla\nbudova&nbsp; p\u0159ed\u00e1na ve\u0159ejnosti, prvn\u00edm\nn\u00e1jemcem se stal p. Anton\u00edn \u0158\u00edkovsk\u00fd.<\/p>\n\n\n\n<p>23.\u010dervence p\u0159ihnala se bou\u0159e s pr\u016ftr\u017e\u00ed mra\u010den a\nkrupobit\u00edm. Vyvracela stromy s ovocem, rozmetala mandele, snesla st\u0159echu v\nKlob\u00e1sov\u011b ciheln\u011b a kolnu v Nov\u00e9m Dvo\u0159e, p\u0159i\u010dem\u017e byl p\u00e1r vol\u016f zabit a n\u011bkolik\npacholk\u016f bylo &nbsp;poran\u011bno. Koryto potoka se\nprohloubilo a\u017e o jeden metr. <\/p>\n\n\n\n<p>9.z\u00e1\u0159\u00ed\nsr\u00e1\u017eka rychlovlaku s&nbsp;n\u00e1kladn\u00edm vlakem v&nbsp;Zaje\u010d\u00ed ( 19 mrtv\u00fdch,40 t\u011b\u017ece\na 100 lehce zran\u011bn\u00fdch)<\/p>\n\n\n\n<p>1. \u0159\u00edjna&nbsp; byla z\u0159\u00edzena prvn\u00ed autobusov\u00e1 doprava do\n\u017didlochovic. Autobus pana Kafky m\u00e1 13 m\u00edst k sezen\u00ed a 9 k st\u00e1n\u00ed. Cesta do\n\u017didlochovic trv\u00e1 asi hodinu. ( Podrobn\u00fd popis je v&nbsp;N\u010c I na str.35)<\/p>\n\n\n\n<figure class=\"wp-block-image size-large\"><img loading=\"lazy\" decoding=\"async\" width=\"1024\" height=\"823\" src=\"http:\/\/symbivita.cz\/blog\/wp-content\/uploads\/2020\/03\/Obr.6.a-Autobus-pana-Kafky-1024x823.png\" alt=\"\" class=\"wp-image-191\" srcset=\"https:\/\/symbivita.cz\/blog\/wp-content\/uploads\/2020\/03\/Obr.6.a-Autobus-pana-Kafky-1024x823.png 1024w, https:\/\/symbivita.cz\/blog\/wp-content\/uploads\/2020\/03\/Obr.6.a-Autobus-pana-Kafky-300x241.png 300w, https:\/\/symbivita.cz\/blog\/wp-content\/uploads\/2020\/03\/Obr.6.a-Autobus-pana-Kafky-768x617.png 768w, https:\/\/symbivita.cz\/blog\/wp-content\/uploads\/2020\/03\/Obr.6.a-Autobus-pana-Kafky.png 1049w\" sizes=\"(max-width: 1024px) 100vw, 1024px\" \/><\/figure>\n\n\n\n<figure class=\"wp-block-image size-large\"><img loading=\"lazy\" decoding=\"async\" width=\"665\" height=\"868\" src=\"http:\/\/symbivita.cz\/blog\/wp-content\/uploads\/2020\/03\/V\u00fdst\u0159i\u017eek.png\" alt=\"\" class=\"wp-image-192\" srcset=\"https:\/\/symbivita.cz\/blog\/wp-content\/uploads\/2020\/03\/V\u00fdst\u0159i\u017eek.png 665w, https:\/\/symbivita.cz\/blog\/wp-content\/uploads\/2020\/03\/V\u00fdst\u0159i\u017eek-230x300.png 230w\" sizes=\"(max-width: 665px) 100vw, 665px\" \/><\/figure>\n\n\n\n<p>28. \u0159\u00edjna prob\u011bhla oslava dne\nsvobody<\/p>\n\n\n\n<p>28.\u0159\u00edjna se konalo odhalen\u00ed\npam\u00e1tn\u00edku, kter\u00fd postavili&nbsp; v\u011b\u0159\u00edc\u00ed\nevangel\u00edci sv\u00fdm padl\u00fdm voj\u00edn\u016fm. Proslov zah\u00e1jil F.K. \u0160ed\u00fd, na\u010de\u0161 zdej\u0161\u00ed rod\u00e1k\nfar\u00e1\u0159 \u0160ebesta p\u0159ednesl slavnostn\u00ed \u0159e\u010d, po n\u011bm&nbsp;\nb\u00fdval\u00fd far\u00e1\u0159 Viktor Opo\u010densk\u00fd a klobouck\u00fd far\u00e1\u0159 Fr. Ostr\u010dil. Jm\u00e9nem\nSokola promluvil bratr Bed\u0159ich V\u00e1clav.<\/p>\n\n\n\n<p>Zde jsou detaily\nz&nbsp;pomn\u00edku.<\/p>\n\n\n\n<figure class=\"wp-block-image size-large\"><img loading=\"lazy\" decoding=\"async\" width=\"615\" height=\"837\" src=\"http:\/\/symbivita.cz\/blog\/wp-content\/uploads\/2020\/03\/Obr.10.-Detaily-z-evang-pomn\u00edku.png\" alt=\"\" class=\"wp-image-193\" srcset=\"https:\/\/symbivita.cz\/blog\/wp-content\/uploads\/2020\/03\/Obr.10.-Detaily-z-evang-pomn\u00edku.png 615w, https:\/\/symbivita.cz\/blog\/wp-content\/uploads\/2020\/03\/Obr.10.-Detaily-z-evang-pomn\u00edku-220x300.png 220w\" sizes=\"(max-width: 615px) 100vw, 615px\" \/><\/figure>\n\n\n\n<p>Na fotografii je Martin Brychta s&nbsp;man\u017eelkou Libu\u0161\u00ed a jeho rodinou.<\/p>\n\n\n\n<figure class=\"wp-block-image size-large\"><img loading=\"lazy\" decoding=\"async\" width=\"529\" height=\"761\" src=\"http:\/\/symbivita.cz\/blog\/wp-content\/uploads\/2020\/03\/Martin-Libu\u0161e-Brychtovi.png\" alt=\"\" class=\"wp-image-194\" srcset=\"https:\/\/symbivita.cz\/blog\/wp-content\/uploads\/2020\/03\/Martin-Libu\u0161e-Brychtovi.png 529w, https:\/\/symbivita.cz\/blog\/wp-content\/uploads\/2020\/03\/Martin-Libu\u0161e-Brychtovi-209x300.png 209w\" sizes=\"(max-width: 529px) 100vw, 529px\" \/><\/figure>\n\n\n\n<p>20. prosince po\u0159\u00e1dali \u017e\u00e1ci\nstromkovou slavnost.<\/p>\n\n\n\n<p>Knihovna v&nbsp;roce 1927\nobsahovala 106 svazk\u016f. V n\u00ed zastoupeni byli: Baar, Karas, Herben,\nMr\u0161t\u00edk,T\u0159eb\u00edzsk\u00fd, Rais; z&nbsp;ciz\u00edch Henryk Sienkiewicz, Hugo, Zola. Dlu\u017eno se\nzm\u00ednit o 12 d\u00edlech\u201c Riegrova slovn\u00edku nau\u010dn\u00e9ho\u201c, jej\u017e zdej\u0161\u00ed \u0161kole vedle\n\u010detn\u00fdch jin\u00fdch&nbsp; v\u011bnoval&nbsp; b\u00fdval\u00fd far\u00e1\u0159 znamenit\u00fd linguista&nbsp; Alois Koudelka.<\/p>\n\n\n\n<p>V&nbsp;tomto roce&nbsp; do\u0161lo k&nbsp;parcelaci Nov\u00e9ho Dvora a p\u016fda\nbyla d\u011blena&nbsp; mezi K\u0159epice, Nikol\u010dice,\nMoutnice a \u0160itbo\u0159ice.<\/p>\n\n\n\n<p>Z&nbsp;podn\u011btu p\u0159edsedy v\u010dela\u0159sk\u00e9ho spolku Maxe\n\u0160mel\u00edka byl zalo\u017een Spolek chovatel\u016f drobn\u00e9ho hospod\u00e1\u0159sk\u00e9ho&nbsp; zv\u00ed\u0159ectva pro Div\u00e1ky, Boleradice a Nikol\u010dice,\nkter\u00fd propagoval&nbsp; chov&nbsp; kr\u00e1l\u00edk\u016f, dr\u016fbe\u017ee a holub\u016f. Jeho \u010dlenov\u00e9 se\nz\u00fa\u010dastnili hospod\u00e1\u0159sk\u00fdch&nbsp; v\u00fdstav\nv&nbsp;okol\u00ed.<\/p>\n\n\n\n<figure class=\"wp-block-image size-large\"><img loading=\"lazy\" decoding=\"async\" width=\"1024\" height=\"752\" src=\"http:\/\/symbivita.cz\/blog\/wp-content\/uploads\/2020\/03\/1927-VS-Div\u00e1ky-1024x752.png\" alt=\"\" class=\"wp-image-195\" srcset=\"https:\/\/symbivita.cz\/blog\/wp-content\/uploads\/2020\/03\/1927-VS-Div\u00e1ky-1024x752.png 1024w, https:\/\/symbivita.cz\/blog\/wp-content\/uploads\/2020\/03\/1927-VS-Div\u00e1ky-300x220.png 300w, https:\/\/symbivita.cz\/blog\/wp-content\/uploads\/2020\/03\/1927-VS-Div\u00e1ky-768x564.png 768w, https:\/\/symbivita.cz\/blog\/wp-content\/uploads\/2020\/03\/1927-VS-Div\u00e1ky.png 1052w\" sizes=\"(max-width: 1024px) 100vw, 1024px\" \/><\/figure>\n\n\n\n<p><strong>1928<\/strong> <\/p>\n\n\n\n<p>Pon\u011bvad\u017e\nzem\u011bd\u011blsk\u00fd venkov posuzuje l\u00e9ta p\u0159edev\u0161\u00edm dle \u00farody, nebyl &nbsp;tento rok nikterak dobr\u00fdm. <\/p>\n\n\n\n<p>M\u011bs\u00edc\nleden a \u00fanor byly v tomto roce m\u00edrn\u00e9. Na konci \u00fanora p\u0159i\u0161ly mrazy, kter\u00e9\np\u0159etrvaly a\u017e do 4. b\u0159ezna. Dne 6. b\u0159ezna se na pol\u00edch za\u010dalo se set\u00edm. O \u010dty\u0159i\ndny pozd\u011bji p\u0159i\u0161el sn\u00edh a za\u010dalo sn\u011b\u017eit velmi siln\u011b, tak\u017ee auta nemohla projet\ncestami a m\u00edsty nemohl projet kolejemi ani vlak do Brna. Dne 21. b\u0159ezna p\u0159i\u0161la\nsiln\u00e1 vich\u0159ice. Set\u00ed bylo dokon\u010deno a\u017e 4. dubna. Sn\u00edh byl vyst\u0159\u00edd\u00e1n de\u0161t\u011bm, co\u017e\nzp\u016fsobilo zpo\u017ed\u011bn\u00ed poln\u00edch prac\u00ed. Asi v polovin\u011b kv\u011btna p\u0159i\u0161el op\u011bt mr\u00e1z, jako\nv p\u0159edchoz\u00edm roce, a t\u00e9m\u011b\u0159 polovina vinic zmrzla. Chladn\u00e9 po\u010das\u00ed pak p\u0159etrvalo\na\u017e do \u010dervence. Po 5. \u010dervenci p\u0159i\u0161la a\u017e tropick\u00e1 vedra, \u010d\u00edm\u017e byly urychleny\n\u017en\u011b. Podzimn\u00ed\npo\u010das\u00ed bylo mlhav\u00e9.<\/p>\n\n\n\n<p>Stav sboru u\u010ditelsk\u00e9ho:<\/p>\n\n\n\n<p>Franti\u0161ek Kloupar-&nbsp; \u0159\u00edd\u00edc\u00ed u\u010ditel a s&nbsp;n\u00edm pak Franti\u0161ka\nKostihov\u00e1, \u0160t\u011bp\u00e1nka Mikl\u00edkov\u00e1, V\u00e1clav Val\u00ed\u010dek a po jeho odchodu na vojnu\nustanoven byl Vladim\u00edr Stracho\u0148( nar. v&nbsp;Klobouk\u00e1ch). Katolick\u00e9\nn\u00e1bo\u017eenstv\u00ed&nbsp; vyu\u010doval Jan Ture\u010dek,\nevangelick\u00e9&nbsp;&nbsp; ev. far\u00e1\u0159 Pavel Ne\u0161por,\nkter\u00fd sem p\u0159ich\u00e1zel ze sv\u00e9ho p\u016fsobi\u0161t\u011b v&nbsp;Nosislav\u011b. Ru\u010dn\u00edm pracem&nbsp; vyu\u010dovala Jana Dra\u010dkov\u00e1.<\/p>\n\n\n\n<p>Tak\u00e9 byla zvolena nov\u00e1 \u0161koln\u00ed\nrada. U obce byli zvoleni: Ze strany lidov\u00e9: Franti\u0161ek Z\u00e1black\u00fd a Anton\u00edn Stejskal,\nze strany&nbsp; agr\u00e1rn\u00ed Franti\u0161ek Sedl\u00e1\u010dek\nz&nbsp;\u010d. 69, ze strany \u017eivnostn\u00edk\u016f Josef&nbsp;\nBarton\u011bk. Za \u0161kolu Franti\u0161ek Kloupar a Franti\u0161ka Kostivov\u00e1. P\u0159edsedou\nbyl zvolen Anton\u00edn Stejskala m\u00edstop\u0159edsedou Franti\u0161ek Sedl\u00e1\u010dek.<\/p>\n\n\n\n<p>Od \u0161koln\u00ed doch\u00e1zky byly\nosvobozena \u017ea\u010dka II. t\u0159\u00eddy Marie&nbsp;\nZ\u00e1black\u00e1, u kter\u00e9 Dr.Jouze&nbsp;\ndiagnostikoval o\u010dn\u00ed chorobu <em>trachom, co\u017e je<\/em>chronick\u00fd z\u00e1n\u011bt\nspojivek vyvolan\u00fd mikroorganizmem Chlamydia trachomatis.<\/p>\n\n\n\n<figure class=\"wp-block-image size-large\"><img loading=\"lazy\" decoding=\"async\" width=\"982\" height=\"554\" src=\"http:\/\/symbivita.cz\/blog\/wp-content\/uploads\/2020\/03\/Ro\u010dn\u00edk-28-blog.png\" alt=\"\" class=\"wp-image-197\" srcset=\"https:\/\/symbivita.cz\/blog\/wp-content\/uploads\/2020\/03\/Ro\u010dn\u00edk-28-blog.png 982w, https:\/\/symbivita.cz\/blog\/wp-content\/uploads\/2020\/03\/Ro\u010dn\u00edk-28-blog-300x169.png 300w, https:\/\/symbivita.cz\/blog\/wp-content\/uploads\/2020\/03\/Ro\u010dn\u00edk-28-blog-768x433.png 768w\" sizes=\"(max-width: 982px) 100vw, 982px\" \/><\/figure>\n\n\n\n<p>Zleva: Barton\u011bk Josef, Martin Ku\u010derka, V\u00e1clav Ot\u0159\u00edsal, sed\u00edc\u00ed&nbsp; Jan&nbsp; \u0160\u0165av\u00edk, d\u00e1le&nbsp; Josef Charv\u00e1t a&nbsp; chlapec z&nbsp;ND.&nbsp; Foceno v&nbsp;roce&nbsp; 1953<\/p>\n\n\n\n<p>9. \u010dervna &nbsp;nav\u0161t\u00edvil prezident TGM \u017didlochovice- na\u0161i ob\u010dan\u00e9 , \u017e\u00e1ci i u\u010ditelsk\u00fd sbor se tak\u00e9 \u00fa\u010dastnili. Svezli se &nbsp;do \u017didlochovic a zp\u011bt lok\u00e1lkou, kter\u00e1 &nbsp;byla&nbsp; vypravena p\u0159i\u010din\u011bn\u00edm spr\u00e1vce Nov\u00e9ho Dvora.<\/p>\n\n\n\n<figure class=\"wp-block-image size-large\"><img loading=\"lazy\" decoding=\"async\" width=\"1024\" height=\"811\" src=\"http:\/\/symbivita.cz\/blog\/wp-content\/uploads\/2020\/03\/TGM-1024x811.png\" alt=\"\" class=\"wp-image-198\" srcset=\"https:\/\/symbivita.cz\/blog\/wp-content\/uploads\/2020\/03\/TGM-1024x811.png 1024w, https:\/\/symbivita.cz\/blog\/wp-content\/uploads\/2020\/03\/TGM-300x237.png 300w, https:\/\/symbivita.cz\/blog\/wp-content\/uploads\/2020\/03\/TGM-768x608.png 768w, https:\/\/symbivita.cz\/blog\/wp-content\/uploads\/2020\/03\/TGM.png 1209w\" sizes=\"(max-width: 1024px) 100vw, 1024px\" \/><\/figure>\n\n\n\n<p>Byla to t\u0159et\u00ed ofici\u00e1ln\u00ed n\u00e1v\u0161t\u011bva prezidenta Tom\u00e1\u0161e Garrigue Masaryka v Brn\u011b 9. \u010dervna 1928 byla v\u011bnov\u00e1na V\u00fdstav\u011b soudob\u00e9 kultury a polo\u017een\u00ed z\u00e1kladn\u00edho kamene budovy pr\u00e1vnick\u00e9 fakulty MU. Prezident p\u0159ijel ze \u017didlochovic v 9 hodin p\u0159ed budovu Zemsk\u00e9 spr\u00e1vy politick\u00e9 na La\u017eansk\u00e9ho n\u00e1m\u011bst\u00ed, kde byl uv\u00edt\u00e1n starostou m\u011bsta Karlem Tome\u0161em a vykonal p\u0159ehl\u00eddku nastoupen\u00e9 vojensk\u00e9 jednotky. Odtud odjel na nov\u00e9 brn\u011bnsk\u00e9 v\u00fdstavi\u0161t\u011b, kde po uv\u00edt\u00e1n\u00ed p\u0159ed rotundou dr. Pluha\u0159em p\u0159ednesl v rotund\u011b slavnostn\u00ed projev. Po kr\u00e1tk\u00e9 prohl\u00eddce v\u00fdstavy odjel na ulici Veve\u0159\u00ed, kde se z\u00fa\u010dastnil slavnostn\u00edho polo\u017een\u00ed z\u00e1kladn\u00edho kamene pr\u00e1vnick\u00e9 fakulty, kter\u00e1 se m\u011bla st\u00e1t z\u00e1kladem velk\u00e9ho universitn\u00edho komplexu. Po ob\u011bd\u011b na ZSP odjel po 15. hodin\u011b zp\u011bt do \u017didlochovic.<\/p>\n\n\n\n<figure class=\"wp-block-image size-large\"><img loading=\"lazy\" decoding=\"async\" width=\"602\" height=\"998\" src=\"http:\/\/symbivita.cz\/blog\/wp-content\/uploads\/2020\/03\/TGM-v-\u017didlochovic\u00edch-1929.png\" alt=\"\" class=\"wp-image-199\" srcset=\"https:\/\/symbivita.cz\/blog\/wp-content\/uploads\/2020\/03\/TGM-v-\u017didlochovic\u00edch-1929.png 602w, https:\/\/symbivita.cz\/blog\/wp-content\/uploads\/2020\/03\/TGM-v-\u017didlochovic\u00edch-1929-181x300.png 181w\" sizes=\"(max-width: 602px) 100vw, 602px\" \/><\/figure>\n\n\n\n<figure class=\"wp-block-image size-large\"><img loading=\"lazy\" decoding=\"async\" width=\"952\" height=\"647\" src=\"http:\/\/symbivita.cz\/blog\/wp-content\/uploads\/2020\/03\/Bez-n\u00e1zvu.png\" alt=\"\" class=\"wp-image-200\" srcset=\"https:\/\/symbivita.cz\/blog\/wp-content\/uploads\/2020\/03\/Bez-n\u00e1zvu.png 952w, https:\/\/symbivita.cz\/blog\/wp-content\/uploads\/2020\/03\/Bez-n\u00e1zvu-300x204.png 300w, https:\/\/symbivita.cz\/blog\/wp-content\/uploads\/2020\/03\/Bez-n\u00e1zvu-768x522.png 768w\" sizes=\"(max-width: 952px) 100vw, 952px\" \/><\/figure>\n\n\n\n<p>27. a 28.\n\u010dervna zajeli si \u017e\u00e1ci v&nbsp;doprovodu u\u010ditelsk\u00e9ho sboru na v\u00fdstavu soudob\u00e9\nkultury do &nbsp;Brna.<\/p>\n\n\n\n<p>Ke \u0161kole byl p\u0159id\u011blen kus pole\npokusn\u00e9ho, kde m\u011bly d\u011bti pracovat v&nbsp;r\u00e1mci v\u00fduky&nbsp; ru\u010dn\u00edch prac\u00ed.<\/p>\n\n\n\n<p>P\u0159ede \u017en\u011bmi&nbsp; rozprodal sv\u016fj majetek zdej\u0161\u00ed roln\u00edk\nFranti\u0161ek Bed\u0159ich a odst\u011bhoval se na Znojemsko.<\/p>\n\n\n\n<figure class=\"wp-block-image size-large\"><img loading=\"lazy\" decoding=\"async\" width=\"1024\" height=\"563\" src=\"http:\/\/symbivita.cz\/blog\/wp-content\/uploads\/2020\/03\/Ro\u010dn\u00edk-1928-1978-blog-1024x563.jpg\" alt=\"\" class=\"wp-image-202\" srcset=\"https:\/\/symbivita.cz\/blog\/wp-content\/uploads\/2020\/03\/Ro\u010dn\u00edk-1928-1978-blog-1024x563.jpg 1024w, https:\/\/symbivita.cz\/blog\/wp-content\/uploads\/2020\/03\/Ro\u010dn\u00edk-1928-1978-blog-300x165.jpg 300w, https:\/\/symbivita.cz\/blog\/wp-content\/uploads\/2020\/03\/Ro\u010dn\u00edk-1928-1978-blog-768x422.jpg 768w, https:\/\/symbivita.cz\/blog\/wp-content\/uploads\/2020\/03\/Ro\u010dn\u00edk-1928-1978-blog.jpg 1464w\" sizes=\"(max-width: 1024px) 100vw, 1024px\" \/><\/figure>\n\n\n\n<p>28. \u0159\u00edjna byl pam\u00e1tn\u00fd den\nv\u00fdro\u010d\u00ed 10let\u00e9ho trv\u00e1n\u00ed republiky. Ob\u010dan\u00e9 a \u017e\u00e1ci se shrom\u00e1\u017edili ve vyzdoben\u00e9\nt\u0159\u00edd\u011b, promluvil starosta obce a \u0159\u00edd\u00edc\u00ed u\u010ditel, d\u011bti p\u0159edn\u00e1\u0161eli oslavn\u00e9 b\u00e1sn\u011b,\nd\u011bv\u010data sehr\u00e1la p\u0159edstaven\u00ed \u201e28 \u0159\u00edjen\u201c slavnost byla zakon\u010dena ob\u011bma n\u00e1rodn\u00edmi\nhymnami. V&nbsp;obou kostel\u00edch kon\u00e1ny pobo\u017enosti za blaho a zdar republiky\n(&nbsp; Far\u00e1\u0159 Ture\u010dek a far\u00e1\u0159 \u0160ed\u00fd) K 10.\nv\u00fdro\u010d\u00ed vzniku republiky vysazena ve Svad\u00edlech t\u0159e\u0161\u0148ov\u00e1 alej. <\/p>\n\n\n\n<p>Volby nov\u00e9ho zastupitelstva.<\/p>\n\n\n\n<p>Komisa\u0159em\nzvolen nejstar\u0161\u00ed \u010dlen p\u0159\u00edtomn\u00fdch Luk\u00e1\u0161 Lejska. Strana lidov\u00e1 obdr\u017eela 10\nmand\u00e1t\u016f, republ. I \u2013 3 mand., republ. II \u2013 3 mand. a \u017eivnost. \u2013 2 mand. P\u0159i\nvolb\u011b do obecn\u00ed rady zvolen byl (v\u0161eobecn\u011b) starostou pan &nbsp;Jan Mat\u00fd\u0161ek, \u010d. 8, n\u00e1m\u011bstkem p. Jan L\u00edzal. Stranami\nvolen\u00ed radn\u00ed: p. Kone\u010dn\u00fd Josef, <\/p>\n\n\n\n<p>p.Vintrl\u00edk\nJakub, p. Sedl\u00e1\u010dek Franti\u0161ek, p. Barton\u011bk Josef.<\/p>\n\n\n\n<p>Pon\u011bvad\u017e\nse Bed\u0159ich V\u00e1clav \u010d. 36 mand\u00e1tu vzdal, vstoupil do obecn\u00edho zastupitelstva\nm\u00edsto n\u011bho Ot\u0159\u00edsal Franti\u0161ek \u010d. 200. Tajemn\u00edkem zvolen m\u00edst. \u0159\u00edd\u00edc\u00ed u\u010ditel\nFranti\u0161ek Kloupar. Podle rozpo\u010dtu na rok 1928 vym\u011b\u0159ena\nfunkcion\u00e1\u0159\u016fm tato (kr\u00e1lovsk\u00e1) odm\u011bna (ro\u010dn\u011b): starostovi 600 K, pokladn\u00edkovi\n(p. Jos. Rabovsk\u00e9mu) 250 K, v\u00fdb\u011br\u010d\u00edmu n\u00e1jemn\u00e9ho (p. Jak. Vintrl\u00edkovi) 250 K,\ntajemn\u00edkovi 500 K, poslovi 1700 K. Obecn\u00edm sluhou (buben\u00edkem) se\nstal Josef Ne\u010das \u010d. 38, no\u010dn\u00edm hl\u00edda\u010dem Josef \u0160\u0165av\u00edk, poln\u00edm hl\u00edda\u010dem V\u00e1clav\nL\u00edzal z \u010d. 195, nov\u00fdm past\u00fd\u0159em Zem\u00e1nek. Listono\u0161em je od r. 1924 Jan Koz\u00e1k,\ncest\u00e1\u0159em Jakub Jel\u00ednek \u010d. 7 .<\/p>\n\n\n\n<figure class=\"wp-block-image size-large\"><img loading=\"lazy\" decoding=\"async\" width=\"963\" height=\"717\" src=\"http:\/\/symbivita.cz\/blog\/wp-content\/uploads\/2020\/03\/Obr.7.-Obr\u00e1zek-z-kroniky.png\" alt=\"\" class=\"wp-image-203\" srcset=\"https:\/\/symbivita.cz\/blog\/wp-content\/uploads\/2020\/03\/Obr.7.-Obr\u00e1zek-z-kroniky.png 963w, https:\/\/symbivita.cz\/blog\/wp-content\/uploads\/2020\/03\/Obr.7.-Obr\u00e1zek-z-kroniky-300x223.png 300w, https:\/\/symbivita.cz\/blog\/wp-content\/uploads\/2020\/03\/Obr.7.-Obr\u00e1zek-z-kroniky-768x572.png 768w\" sizes=\"(max-width: 963px) 100vw, 963px\" \/><\/figure>\n\n\n\n<figure class=\"wp-block-image size-large\"><img loading=\"lazy\" decoding=\"async\" width=\"586\" height=\"376\" src=\"http:\/\/symbivita.cz\/blog\/wp-content\/uploads\/2020\/03\/Obr.13.-Pohlednice-z-roku-1928-podle-po\u0161tovn\u00edho-raz\u00edtka..jpg\" alt=\"\" class=\"wp-image-204\" srcset=\"https:\/\/symbivita.cz\/blog\/wp-content\/uploads\/2020\/03\/Obr.13.-Pohlednice-z-roku-1928-podle-po\u0161tovn\u00edho-raz\u00edtka..jpg 586w, https:\/\/symbivita.cz\/blog\/wp-content\/uploads\/2020\/03\/Obr.13.-Pohlednice-z-roku-1928-podle-po\u0161tovn\u00edho-raz\u00edtka.-300x192.jpg 300w\" sizes=\"(max-width: 586px) 100vw, 586px\" \/><\/figure>\n\n\n\n<p>Na po\u0161tovn\u00edm raz\u00edtku je rok 1928. Obchod, kostel, celkov\u00fd pohled, \u0161kola.<\/p>\n\n\n\n<p><strong>Sokol 1928<\/strong><\/p>\n\n\n\n<p>Volby&nbsp; do v\u00fdboru\njednoty:<\/p>\n\n\n\n<p>Starosta- Jan Mich\u00e1lek, m\u00edstostarosta \u2013 Martin Svoboda.\nFunkci v\u0161ak nep\u0159ijali a byly&nbsp; nov\u00e9 volby.<\/p>\n\n\n\n<p>Starosta- V\u00e1clav Bed\u0159ich. M\u00edstostarosta- Adolf Ot\u0159\u00edsal.\nJednatel- Vil\u00e9m Ne\u010das. Pokladn\u00edk: Jan L\u00edzal. Vzd\u011blavatel: Vil\u00e9m Pivec.\nN\u00e1\u010deln\u00edk: Rudolf Ne\u010das. N\u00e1\u010deln\u00edce Libu\u0161e L\u00edzalov\u00e1.<\/p>\n\n\n\n<p>\u010cinnost spolku poklesla, &nbsp;objevily se spory a neshody, celkov\u011b&nbsp; rok hodnocen jako rokem \u0161patn\u00fdm.<\/p>\n\n\n\n<figure class=\"wp-block-image size-large\"><img loading=\"lazy\" decoding=\"async\" width=\"662\" height=\"520\" src=\"http:\/\/symbivita.cz\/blog\/wp-content\/uploads\/2020\/05\/1928-Sokol.jpg\" alt=\"\" class=\"wp-image-576\" srcset=\"https:\/\/symbivita.cz\/blog\/wp-content\/uploads\/2020\/05\/1928-Sokol.jpg 662w, https:\/\/symbivita.cz\/blog\/wp-content\/uploads\/2020\/05\/1928-Sokol-300x236.jpg 300w\" sizes=\"(max-width: 662px) 100vw, 662px\" \/><\/figure>\n\n\n\n<p><strong>1929<\/strong> ukrutn\u00e1\nzima, jak\u00e1 nem\u00e1 pam\u011btn\u00edka. <\/p>\n\n\n\n<p>V&nbsp;zim\u011b napadlo takov\u00e9\nmno\u017estv\u00ed sn\u011bhu, \u017ee pro z\u00e1v\u011bje byli obyvatel\u00e9 \u00fapln\u011b od\u0159\u00edznuti od sv\u011bta. Auto\npana Kafky p\u0159estalo jezdit. N\u00e1kladem obce byl prohazov\u00e1n sn\u00edh na silnic\u00edch. Na\nHromnice bylo -29 a p\u016fl stupn\u011b C v&nbsp;noci z&nbsp;10-11. \u00fanora bylo -34 st.C.\n\u0160koln\u00ed vyu\u010dov\u00e1n\u00ed bylo p\u0159eru\u0161eno od 22.2- do 1.3. Tuh\u00e1&nbsp; zima pokra\u010dovala a\u017e do jara. Tehdy se\nuk\u00e1zalo, \u017ee mnoho strom\u016f pomrzlo. Na Zahr\u00e1dk\u00e1ch bylo nutno v\u011bt\u0161inu strom\u016f\nvykopat, tak\u00e9 r\u00e9va pomrzla. Kv\u011btem by de\u0161tiv\u00fd, pak p\u0159i\u0161lo teplo.<\/p>\n\n\n\n<figure class=\"wp-block-image size-large\"><img loading=\"lazy\" decoding=\"async\" width=\"753\" height=\"583\" src=\"http:\/\/symbivita.cz\/blog\/wp-content\/uploads\/2020\/03\/Obr.8.Zima_.png\" alt=\"\" class=\"wp-image-205\" srcset=\"https:\/\/symbivita.cz\/blog\/wp-content\/uploads\/2020\/03\/Obr.8.Zima_.png 753w, https:\/\/symbivita.cz\/blog\/wp-content\/uploads\/2020\/03\/Obr.8.Zima_-300x232.png 300w\" sizes=\"(max-width: 753px) 100vw, 753px\" \/><\/figure>\n\n\n\n<p>23. \u00fanora ud\u011bleno domovsk\u00e9 pr\u00e1vo Janu \u0160u\u0161novi a projedn\u00e1v\u00e1na\nmo\u017enost um\u00edst\u011bn\u00ed m\u011b\u0161\u0165ansk\u00e9 \u0161koly v obci. <\/p>\n\n\n\n<p>28. kv\u011btna projedn\u00e1na oprava obecn\u00ed studny Cig\u00e1nky, oprava\nh\u0159bitovn\u00ed zdi, za poln\u00edho hl\u00edda\u010de zvolen Nikodem Straka. <\/p>\n\n\n\n<p>Studna&nbsp; byla m\u00edstem,\nodkud se&nbsp; \u0161\u00ed\u0159ila&nbsp; epidemie \u2013 tyfus, onemocn\u011bla nap\u0159. Marie\nStejskalov\u00e1 \u010d. 201, d\u00e1le se epidemie&nbsp;\n\u0161\u00ed\u0159ila u Rabovsk\u00fdch- l\u00e9\u010dil Dr. Konigsgart z&nbsp;Hustope\u010d\u00ed, a pak d\u00e1le a\nd\u00e1le, pacienti byli odv\u00e1\u017eeni na infek\u010dn\u00ed odd\u011blen\u00ed do Brna. Nemoci podlehli\nFranti\u0161ek Vintrl\u00edk&nbsp; ( 15 let) a Anna&nbsp; Barto\u0148kov\u00e1 ( 70 let).<\/p>\n\n\n\n<p>Vyplaceno 1000 K\u010d \u0161kole v Moutnic\u00edch, kam chodily d\u011bti z\nKarlova a Ba\u017eantnice. <\/p>\n\n\n\n<p>13. kv\u011btna kon\u00e1na slavnost\nmatek a \u201e\u010derven\u00e9ho k\u0159\u00ed\u017ee\u201c Slavnostn\u00ed \u0159e\u010d p\u0159ednesli u\u010ditelka Kostihov\u00e1 a u\u010ditel\nVal\u00ed\u010dek.<\/p>\n\n\n\n<p>29. kv\u011btna&nbsp; podnikli \u017e\u00e1ci vlastiv\u011bdnou&nbsp; vych\u00e1zku do Klobouk, kde byl prom\u00edt\u00e1n film a\ntak\u00e9 nav\u0161t\u00edvili klobouck\u00e9 muzeum.<\/p>\n\n\n\n<p>12. \u010dervna zajeli si \u017e\u00e1ci III,\nt\u0159\u00eddy na Macochu, prohl\u00e9dli si jeskyn\u011b. Je\u017ekovu tov\u00e1rnu na stroje, novou\nzahradu v&nbsp;Olomu\u010danech a vr\u00e1tili se p\u0159es Adamov&nbsp; dom\u016f.<\/p>\n\n\n\n<p>Ke schv\u00e1len\u00ed byly zasl\u00e1ny\npl\u00e1ny pro p\u0159\u00edstavbu&nbsp; \u0161koly, kter\u00e9 provedl\nzednick\u00fd mistr Jan Flori\u00e1n z&nbsp;Velk\u00fdch N\u011bm\u010dic.<\/p>\n\n\n\n<figure class=\"wp-block-image size-large\"><img loading=\"lazy\" decoding=\"async\" width=\"1024\" height=\"663\" src=\"http:\/\/symbivita.cz\/blog\/wp-content\/uploads\/2020\/03\/Hoch-99-1024x663.png\" alt=\"\" class=\"wp-image-206\" srcset=\"https:\/\/symbivita.cz\/blog\/wp-content\/uploads\/2020\/03\/Hoch-99-1024x663.png 1024w, https:\/\/symbivita.cz\/blog\/wp-content\/uploads\/2020\/03\/Hoch-99-300x194.png 300w, https:\/\/symbivita.cz\/blog\/wp-content\/uploads\/2020\/03\/Hoch-99-768x498.png 768w, https:\/\/symbivita.cz\/blog\/wp-content\/uploads\/2020\/03\/Hoch-99.png 1309w\" sizes=\"(max-width: 1024px) 100vw, 1024px\" \/><\/figure>\n\n\n\n<p>Sokol 1929<\/p>\n\n\n\n<p>&nbsp;Slo\u017een\u00ed&nbsp; v\u00fdboru z\u016fstalo stejn\u00e9,&nbsp;&nbsp;&nbsp; od&nbsp;\n28.z\u00e1\u0159\u00ed p\u0159istoupil u\u010ditel Josef Husovsk\u00fd, kter\u00fd v&nbsp;roce 1935&nbsp; sepsal zp\u011btn\u011b kroniku&nbsp; od&nbsp;\nroku 1920 podle&nbsp; z\u00e1pis\u016f ze sch\u016fz\u00ed.\nJednatelem se stal Jan Ry\u0161av\u00fd.<\/p>\n\n\n\n<p>Uskute\u010dnil se pietn\u00ed akt na pam\u00e1tku mistra Jana Husa.\nMajetek jednoty je mal\u00fd, o stavb\u011b t\u011blocvi\u010dny se m\u016f\u017ee jenom&nbsp; zd\u00e1t.<\/p>\n\n\n\n<figure class=\"wp-block-image size-large\"><img loading=\"lazy\" decoding=\"async\" width=\"505\" height=\"359\" src=\"http:\/\/symbivita.cz\/blog\/wp-content\/uploads\/2020\/05\/1929-sokol.jpg\" alt=\"\" class=\"wp-image-578\" srcset=\"https:\/\/symbivita.cz\/blog\/wp-content\/uploads\/2020\/05\/1929-sokol.jpg 505w, https:\/\/symbivita.cz\/blog\/wp-content\/uploads\/2020\/05\/1929-sokol-300x213.jpg 300w\" sizes=\"(max-width: 505px) 100vw, 505px\" \/><\/figure>\n\n\n\n<p><strong>1930<\/strong> <\/p>\n\n\n\n<p>Rok\ntento mo\u017eno ozna\u010diti v&nbsp;prvn\u00ed polovici jako such\u00fd. Mr\u00e1z\np\u0159i\u0161el&nbsp; na za\u010d\u00e1tku \u00fanora, d\u00edky m\u00edrn\u00e9mu\npo\u010das\u00ed se za\u010dalo s jarn\u00edmi pracemi na poli ji\u017e na konci \u00fanora. Set\u00ed za\u010dalo 5.\nb\u0159ezna. Dne 13. b\u0159ezna ne\u010dekan\u011b napadl sn\u00edh a za\u010dalo mrznout. Tento stav trval\npouze p\u00e1r dn\u00ed. Mr\u00e1z byl vyst\u0159\u00edd\u00e1n de\u0161t\u011bm, a tak musely b\u00fdt pr\u00e1ce na poli na\nkr\u00e1tk\u00fd \u010das odlo\u017eeny. De\u0161tiv\u00e9 po\u010das\u00ed p\u0159evl\u00e1dalo do Velikonoc, tedy do 20. dubna.\nOd Velikonoc p\u0159eva\u017eovalo p\u011bkn\u00e9 po\u010das\u00ed. V m\u011bs\u00edci kv\u011btnu bylo teplo, jako v jin\u00fdch\nletech v m\u011bs\u00edci \u010dervnu. Po n\u011bkolika p\u0159edchoz\u00edch letech se v tomto roce za\u010dalo\nda\u0159it jeteli. Za\u010d\u00e1tek m\u011bs\u00edce \u010dervna byl tepl\u00fd a such\u00fd. Na konci \u010dervna p\u0159i\u0161lo\ntropick\u00e9 po\u010das\u00ed s teplotami dosahuj\u00edc\u00edmi t\u00e9m\u011b\u0159 \u010dty\u0159icet stup\u0148\u016f Celsia. Tepl\u00e9\npo\u010das\u00ed p\u0159i\u0161lo v m\u011bs\u00edci z\u00e1\u0159\u00ed. Ji\u017e 3. \u0159\u00edjna p\u0159i\u0161el mr\u00e1z, kter\u00fd zap\u0159\u00ed\u010dinil \u0161kody\nna kuku\u0159ici, kter\u00e1 pomrzla. Pot\u00e9 p\u0159i\u0161el d\u00e9\u0161\u0165. Dne 27. \u0159\u00edjna uhodily p\u0159\u00edvalov\u00e9\nde\u0161t\u011b. Dne 23. listopadu p\u0159i\u0161el siln\u00fd v\u00edtr, kter\u00fd po\u0161kodil v\u011btve strom\u016f a dal\u0161\u00ed\nrostliny. \u010c\u00e1st p\u016fdy v tomto roce z\u016fstala nepooran\u00e1, kv\u016fli neust\u00e1l\u00fdm de\u0161\u0165\u016fm,\nmrznout za\u010dalo a\u017e o V\u00e1noc\u00edch.<\/p>\n\n\n\n<p>Dne 12. b\u0159ezna zem\u0159el\nspisovatel Alois Jir\u00e1sek<\/p>\n\n\n\n<p>\u0160kola&nbsp; fungovala ve t\u0159ech&nbsp; t\u0159\u00edd\u00e1ch, jedna&nbsp; t\u0159\u00edda m\u011bla kolem 60&nbsp; \u017e\u00e1k\u016f. Vyu\u010dovali Franti\u0161ek Kloupar, Josef\nHusovsk\u00fd( nar. v&nbsp;Hole\u0161ov\u011b p\u0159i\u0161el k&nbsp;n\u00e1m z&nbsp;B\u0159ezov\u00e9), Otilie\n\u0160andov\u00e1 provdan\u00e1 Husovsk\u00e1( nar. v&nbsp;Brn\u011b a p\u0159ich\u00e1z\u00ed k&nbsp;n\u00e1m\nz&nbsp;Korytn\u00e9), u\u010ditelka Reiterov\u00e1. Far\u00e1\u0159i Jan Ture\u010dek a&nbsp; Jaroslav Sochor.<\/p>\n\n\n\n<p>Postavena nov\u00e1 b\u00fdkovna. (\nPlemen\u00e1\u0159sk\u00e1 stanice)<\/p>\n\n\n\n<p>Dojedn\u00e1no, \u017ee k osmdes\u00e1t\u00fdm\nnarozenin\u00e1m TGM bude polo\u017een z\u00e1kladn\u00ed k\u00e1men k p\u0159\u00edstavb\u011b \u0161koly( TGM se narodil\n7.3.1850)<\/p>\n\n\n\n<figure class=\"wp-block-image size-large\"><img loading=\"lazy\" decoding=\"async\" width=\"910\" height=\"497\" src=\"http:\/\/symbivita.cz\/blog\/wp-content\/uploads\/2020\/03\/Svatba-1930.jpg\" alt=\"\" class=\"wp-image-208\" srcset=\"https:\/\/symbivita.cz\/blog\/wp-content\/uploads\/2020\/03\/Svatba-1930.jpg 910w, https:\/\/symbivita.cz\/blog\/wp-content\/uploads\/2020\/03\/Svatba-1930-300x164.jpg 300w, https:\/\/symbivita.cz\/blog\/wp-content\/uploads\/2020\/03\/Svatba-1930-768x419.jpg 768w\" sizes=\"(max-width: 910px) 100vw, 910px\" \/><\/figure>\n\n\n\n<p>Na obr\u00e1zku je svatba\nz&nbsp;roku 1930.<\/p>\n\n\n\n<p>\u017denich V\u00e1clav Bed\u0159ich (\n1890-1968 ) \u010d. 64. Nev\u011bsta L\u00edzalov\u00e1 R\u016f\u017eena( 1905-1986) \u010d. 34, vedle je otec\nL\u00edzal Jan ( 1874- 1964) \u010d. 34<\/p>\n\n\n\n<figure class=\"wp-block-image size-large\"><img loading=\"lazy\" decoding=\"async\" width=\"1024\" height=\"646\" src=\"http:\/\/symbivita.cz\/blog\/wp-content\/uploads\/2020\/03\/Bolehradice-1024x646.png\" alt=\"\" class=\"wp-image-209\" srcset=\"https:\/\/symbivita.cz\/blog\/wp-content\/uploads\/2020\/03\/Bolehradice-1024x646.png 1024w, https:\/\/symbivita.cz\/blog\/wp-content\/uploads\/2020\/03\/Bolehradice-300x189.png 300w, https:\/\/symbivita.cz\/blog\/wp-content\/uploads\/2020\/03\/Bolehradice-768x484.png 768w, https:\/\/symbivita.cz\/blog\/wp-content\/uploads\/2020\/03\/Bolehradice.png 1196w\" sizes=\"(max-width: 1024px) 100vw, 1024px\" \/><\/figure>\n\n\n\n<p>Postavena obecn\u00ed v\u00e1ha u \u010d. 87. <\/p>\n\n\n\n<figure class=\"wp-block-image size-large\"><img loading=\"lazy\" decoding=\"async\" width=\"1024\" height=\"651\" src=\"http:\/\/symbivita.cz\/blog\/wp-content\/uploads\/2020\/03\/Obr.11.-Star\u00e1-v\u00e1ha-1024x651.png\" alt=\"\" class=\"wp-image-210\" srcset=\"https:\/\/symbivita.cz\/blog\/wp-content\/uploads\/2020\/03\/Obr.11.-Star\u00e1-v\u00e1ha-1024x651.png 1024w, https:\/\/symbivita.cz\/blog\/wp-content\/uploads\/2020\/03\/Obr.11.-Star\u00e1-v\u00e1ha-300x191.png 300w, https:\/\/symbivita.cz\/blog\/wp-content\/uploads\/2020\/03\/Obr.11.-Star\u00e1-v\u00e1ha-768x488.png 768w, https:\/\/symbivita.cz\/blog\/wp-content\/uploads\/2020\/03\/Obr.11.-Star\u00e1-v\u00e1ha.png 1109w\" sizes=\"(max-width: 1024px) 100vw, 1024px\" \/><\/figure>\n\n\n\n<p>Krom\u011b sv\u00e9&nbsp; funkce\nna&nbsp; v\u00e1\u017een\u00ed povoz\u016f, zde s\u00eddlili&nbsp; silni\u010d\u00e1\u0159i ( cest\u00e1\u0159i), v&nbsp;zim\u011b&nbsp; udr\u017eovali cesty, m\u011bli tam slu\u017ebu( pohotovost)\na tak\u00e9 tam&nbsp; spali.&nbsp; Provoz silni\u010d\u00e1\u0159\u016f m\u011bl na starosti &nbsp;pan Kapka.&nbsp;\nPozd\u011bji jako &nbsp;traktorista&nbsp; m\u011bl slu\u017ebu Ne\u010das Miroslav. Funkce v\u00e1hy\nskon\u010dila v&nbsp;souvislosti se zalo\u017een\u00edm JZD. Tam m\u011bli vlastn\u00ed&nbsp; v\u00e1hu a lid\u00e9 ji\u017e nem\u011bli&nbsp; co v\u00e1\u017eit.<\/p>\n\n\n\n<p>20. \u010dervence po\u017e\u00e1dalo obecn\u00ed zastupitelstvo o ud\u011blen\u00ed\nstavebn\u00edho povolen\u00ed k&nbsp;p\u0159\u00edstavb\u011b&nbsp;\n\u0161koly. <\/p>\n\n\n\n<p>V&nbsp;l\u00e9t\u011b koupil Adolf Ot\u0159\u00edsal&nbsp; domek v&nbsp;K\u0159epic\u00edch, kam se se svou\nman\u017eelkou Mari\u00ed (roz.. Bed\u0159ichovou) odst\u011bhoval.<\/p>\n\n\n\n<p>Otev\u0159en\u00ed re\u00e1ln\u00e9ho gymnasia v&nbsp;Hustope\u010d\u00edch.<\/p>\n\n\n\n<p>24.\n\u0159\u00edjna za\u010dala sv\u011btov\u00e1 krize v&nbsp;USA. kdy byl\nvyhl\u00e1\u0161en&nbsp;<a href=\"https:\/\/cs.wikipedia.org\/wiki\/Krach_na_newyorsk%C3%A9_burze\">krach\nna newyorsk\u00e9 burze<\/a>. Tomuto dni se tak\u00e9 \u0159\u00edk\u00e1&nbsp;<em>\u010cern\u00fd p\u00e1tek<\/em><\/p>\n\n\n\n<p>28. \u0159\u00edjna &nbsp;byla oslava\ndne svobody.<\/p>\n\n\n\n<p>31.prosince po mnoh\u00fdch neshod\u00e1ch obecn\u00ed zastupitelstvo\nv&nbsp;\u010dele se&nbsp; starostou Mat\u00fd\u0161kem \u017e\u00e1dost\n&nbsp;o p\u0159\u00edstavbu&nbsp; \u0161koly, podpo\u0159ilo. <\/p>\n\n\n\n<p>Honitbu v&nbsp;Nikol\u010dic\u00edch p\u0159evzal po Ne\u010dasovi Jarol\u00edmovi\n\u010d.66, Ne\u010das Cyril \u010d. 63 &nbsp;a spol. Po\ndohod\u011b s&nbsp;lesn\u00edm radou Zlatu\u0161kem p\u0159evzal Cyril Ne\u010das honitbu op\u011bt jako\npodn\u00e1jemce od lesn\u00ed spr\u00e1vy.&nbsp; Tu \u010d\u00e1st\nv&nbsp;celku, kterou m\u011bl v&nbsp;za\u010d\u00e1tc\u00edch Ne\u010das Jarol\u00edm, za cenu 1200 k\u010d.<\/p>\n\n\n\n<p>\u010clenov\u00e9 spole\u010dnosti byli. Ne\u010das Cyril jako p\u0159edseda podn\u00e1jemce, d\u00e1le Mich\u00e1lek Jan, Ne\u010das Jan, Mik\u00e1\u010d Jind\u0159ich, Stejskal Jakub a Ne\u010das Franti\u0161ek. Ka\u017ed\u00fd \u010dlen musel polo\u017eit 500 k\u010d\u00a0 kauce, pen\u00edze byly ulo\u017eeny na\u00a0 vkladn\u00ed kn\u00ed\u017eku. <\/p>\n\n\n\n<p>Sokol 1930<\/p>\n\n\n\n<p>Ve v\u00fdboru jsou: Starosta- V\u00e1clav Bed\u0159ich. Jednatel- Josef\nHusovsk\u00fd. N\u00e1m\u011bstek- Ji\u0159\u00ed Nr\u010das. Pokladn\u00edk- Jind\u0159ich Ot\u0159\u00edsal. Vzd\u011blavatel-\nLadislav Ku\u010dera, Hospod\u00e1\u0159- Emil Ot\u0159\u00edsal.<\/p>\n\n\n\n<p>N\u00e1\u010deln\u00edk- Vojt\u011bch Ot\u0159\u00edsal, n\u00e1\u010delnice- Ot. Husovsk\u00e1. Cvi\u010den\u00ed\nbylo intenzivn\u00ed,&nbsp; p\u0159ipravovali se na \u017eupn\u00ed\nslet, na kter\u00fd tak\u00e9 jeli.&nbsp; Z\u00fa\u010dastnili se\nn\u011bkolika ve\u0159ejn\u00fdch cvi\u010den\u00ed v&nbsp;okol\u00ed. P\u0159ipravili do\u017e\u00ednky, hody, ma\u0161karn\u00ed ples,\nco\u017e byla v&nbsp;obci novinka a z\u00edskal si oblibu. Tak\u00e9&nbsp; divadel &nbsp;a p\u0159edn\u00e1\u0161ek bylo n\u011bkolik.<\/p>\n\n\n\n<p>Spole\u010dn\u00e1 pr\u00e1ce p\u0159inesla \u00fasp\u011bch.<\/p>\n\n\n\n<figure class=\"wp-block-image size-large\"><img loading=\"lazy\" decoding=\"async\" width=\"470\" height=\"396\" src=\"http:\/\/symbivita.cz\/blog\/wp-content\/uploads\/2020\/05\/1930-Sokol.jpg\" alt=\"\" class=\"wp-image-580\" srcset=\"https:\/\/symbivita.cz\/blog\/wp-content\/uploads\/2020\/05\/1930-Sokol.jpg 470w, https:\/\/symbivita.cz\/blog\/wp-content\/uploads\/2020\/05\/1930-Sokol-300x253.jpg 300w\" sizes=\"(max-width: 470px) 100vw, 470px\" \/><\/figure>\n\n\n\n<p>Po\u010det obyvatel 1092, po\u010det&nbsp;\ndom\u016f 229.<\/p>\n\n\n\n<figure class=\"wp-block-image size-large\"><img loading=\"lazy\" decoding=\"async\" width=\"899\" height=\"582\" src=\"http:\/\/symbivita.cz\/blog\/wp-content\/uploads\/2020\/03\/Hustope\u010de-smetanova-ulice-1930.png\" alt=\"\" class=\"wp-image-211\" srcset=\"https:\/\/symbivita.cz\/blog\/wp-content\/uploads\/2020\/03\/Hustope\u010de-smetanova-ulice-1930.png 899w, https:\/\/symbivita.cz\/blog\/wp-content\/uploads\/2020\/03\/Hustope\u010de-smetanova-ulice-1930-300x194.png 300w, https:\/\/symbivita.cz\/blog\/wp-content\/uploads\/2020\/03\/Hustope\u010de-smetanova-ulice-1930-768x497.png 768w\" sizes=\"(max-width: 899px) 100vw, 899px\" \/><\/figure>\n\n\n\n<p>Hustope\u010de 1930 &#8211; Smetanova ulice<\/p>\n\n\n\n<p>26.2.2020 prob\u011bhla v&nbsp;klubovn\u011b beseda s&nbsp;prom\u00edt\u00e1n\u00edm a v\u00fdstavou fotografi\u00ed&nbsp; tohoto desetilet\u00ed.<\/p>\n\n\n\n<figure class=\"wp-block-image size-large\"><img loading=\"lazy\" decoding=\"async\" width=\"1024\" height=\"340\" src=\"http:\/\/symbivita.cz\/blog\/wp-content\/uploads\/2020\/03\/26.2-beseda-I-1024x340.jpg\" alt=\"\" class=\"wp-image-286\" srcset=\"https:\/\/symbivita.cz\/blog\/wp-content\/uploads\/2020\/03\/26.2-beseda-I-1024x340.jpg 1024w, https:\/\/symbivita.cz\/blog\/wp-content\/uploads\/2020\/03\/26.2-beseda-I-300x100.jpg 300w, https:\/\/symbivita.cz\/blog\/wp-content\/uploads\/2020\/03\/26.2-beseda-I-768x255.jpg 768w, https:\/\/symbivita.cz\/blog\/wp-content\/uploads\/2020\/03\/26.2-beseda-I.jpg 1200w\" sizes=\"(max-width: 1024px) 100vw, 1024px\" \/><\/figure>\n\n\n\n<figure class=\"wp-block-image size-large\"><img loading=\"lazy\" decoding=\"async\" width=\"1024\" height=\"338\" src=\"http:\/\/symbivita.cz\/blog\/wp-content\/uploads\/2020\/03\/26.22020-beseda-II-1024x338.jpg\" alt=\"\" class=\"wp-image-287\" srcset=\"https:\/\/symbivita.cz\/blog\/wp-content\/uploads\/2020\/03\/26.22020-beseda-II-1024x338.jpg 1024w, https:\/\/symbivita.cz\/blog\/wp-content\/uploads\/2020\/03\/26.22020-beseda-II-300x99.jpg 300w, https:\/\/symbivita.cz\/blog\/wp-content\/uploads\/2020\/03\/26.22020-beseda-II-768x254.jpg 768w, https:\/\/symbivita.cz\/blog\/wp-content\/uploads\/2020\/03\/26.22020-beseda-II.jpg 1204w\" sizes=\"(max-width: 1024px) 100vw, 1024px\" \/><\/figure>\n\n\n\n<figure class=\"wp-block-image size-large\"><img loading=\"lazy\" decoding=\"async\" width=\"1024\" height=\"342\" src=\"http:\/\/symbivita.cz\/blog\/wp-content\/uploads\/2020\/03\/26.2.2020-beseda-III-1024x342.jpg\" alt=\"\" class=\"wp-image-288\" srcset=\"https:\/\/symbivita.cz\/blog\/wp-content\/uploads\/2020\/03\/26.2.2020-beseda-III-1024x342.jpg 1024w, https:\/\/symbivita.cz\/blog\/wp-content\/uploads\/2020\/03\/26.2.2020-beseda-III-300x100.jpg 300w, https:\/\/symbivita.cz\/blog\/wp-content\/uploads\/2020\/03\/26.2.2020-beseda-III-768x256.jpg 768w, https:\/\/symbivita.cz\/blog\/wp-content\/uploads\/2020\/03\/26.2.2020-beseda-III.jpg 1189w\" sizes=\"(max-width: 1024px) 100vw, 1024px\" \/><\/figure>\n","protected":false},"excerpt":{"rendered":"<p>1921 Bylo velk\u00e9 sucho, trvaj\u00edc\u00ed&nbsp; od jara&nbsp; a\u017e&nbsp; do&nbsp; \u017en\u00ed, to zp\u016fsobilo, \u017ee bylo m\u00e1lo p\u00edce pro dobytek, brambor, \u0159epy a kuku\u0159ice &nbsp;bylo m\u00e1lo, &nbsp;u hov\u011bz\u00edho&nbsp; dobytka se objevila zhoubn\u00e1 lomivost kost\u00ed. 15. \u00fanora bylo provedeno&nbsp; prvn\u00ed \u010deskoslovensk\u00e9&nbsp;s\u010d\u00edt\u00e1n\u00ed lidu. V&nbsp;tomto<\/p>\n","protected":false},"author":1,"featured_media":0,"comment_status":"closed","ping_status":"open","sticky":false,"template":"","format":"standard","meta":{"footnotes":""},"categories":[1],"tags":[],"_links":{"self":[{"href":"https:\/\/symbivita.cz\/blog\/wp-json\/wp\/v2\/posts\/159"}],"collection":[{"href":"https:\/\/symbivita.cz\/blog\/wp-json\/wp\/v2\/posts"}],"about":[{"href":"https:\/\/symbivita.cz\/blog\/wp-json\/wp\/v2\/types\/post"}],"author":[{"embeddable":true,"href":"https:\/\/symbivita.cz\/blog\/wp-json\/wp\/v2\/users\/1"}],"replies":[{"embeddable":true,"href":"https:\/\/symbivita.cz\/blog\/wp-json\/wp\/v2\/comments?post=159"}],"version-history":[{"count":11,"href":"https:\/\/symbivita.cz\/blog\/wp-json\/wp\/v2\/posts\/159\/revisions"}],"predecessor-version":[{"id":581,"href":"https:\/\/symbivita.cz\/blog\/wp-json\/wp\/v2\/posts\/159\/revisions\/581"}],"wp:attachment":[{"href":"https:\/\/symbivita.cz\/blog\/wp-json\/wp\/v2\/media?parent=159"}],"wp:term":[{"taxonomy":"category","embeddable":true,"href":"https:\/\/symbivita.cz\/blog\/wp-json\/wp\/v2\/categories?post=159"},{"taxonomy":"post_tag","embeddable":true,"href":"https:\/\/symbivita.cz\/blog\/wp-json\/wp\/v2\/tags?post=159"}],"curies":[{"name":"wp","href":"https:\/\/api.w.org\/{rel}","templated":true}]}}