{"id":1223,"date":"2020-10-19T10:35:50","date_gmt":"2020-10-19T08:35:50","guid":{"rendered":"http:\/\/symbivita.cz\/blog\/?p=1223"},"modified":"2020-10-30T16:31:33","modified_gmt":"2020-10-30T15:31:33","slug":"petileti-1991-1995","status":"publish","type":"post","link":"https:\/\/symbivita.cz\/blog\/2020\/10\/19\/petileti-1991-1995\/","title":{"rendered":"P\u011btilet\u00ed 1991 &#8211; 1995"},"content":{"rendered":"\n<p><strong>1991<\/strong><\/p>\n\n\n\n<p>9. ledna p\u0159inesly&nbsp;\nd\u011bti do \u0161koly pln\u011b&nbsp; rozkvetl\u00e9\nsn\u011b\u017eenky a drobn\u00e9&nbsp; fialky.\nV&nbsp;polovin\u011b ledna p\u0159i\u0161ly&nbsp; siln\u00e9 mrazy\nnapadlo trochu sb\u011bhu a mrzlo a\u017e do \u00fanora, studen\u00e9 po\u010das\u00ed trvalo a\u017e do dubna.<\/p>\n\n\n\n<p>&nbsp;9. \u00fanora se\nuskute\u010dnila v\u00fdstava v\u00edn.<\/p>\n\n\n\n<figure class=\"wp-block-image size-large\"><img loading=\"lazy\" decoding=\"async\" width=\"1024\" height=\"366\" src=\"http:\/\/symbivita.cz\/blog\/wp-content\/uploads\/2020\/10\/1991-KO\u0161t-v\u00edn-1024x366.jpg\" alt=\"\" class=\"wp-image-1224\" srcset=\"https:\/\/symbivita.cz\/blog\/wp-content\/uploads\/2020\/10\/1991-KO\u0161t-v\u00edn-1024x366.jpg 1024w, https:\/\/symbivita.cz\/blog\/wp-content\/uploads\/2020\/10\/1991-KO\u0161t-v\u00edn-300x107.jpg 300w, https:\/\/symbivita.cz\/blog\/wp-content\/uploads\/2020\/10\/1991-KO\u0161t-v\u00edn-768x274.jpg 768w, https:\/\/symbivita.cz\/blog\/wp-content\/uploads\/2020\/10\/1991-KO\u0161t-v\u00edn.jpg 1103w\" sizes=\"(max-width: 1024px) 100vw, 1024px\" \/><\/figure>\n\n\n\n<p>Div\u00e1\u010dt\u00ed \u017e\u00e1ci uvedli pod veden\u00edm u\u010ditelky Lenky Binkov\u00e9 a\nzubn\u00edho technika Pavla Gracla C\u00edsa\u0159ovy nov\u00e9 \u0161aty. V&nbsp;tu dobu soustavn\u011b\npracoval i divadeln\u00ed krou\u017eek u\u010ditelky Moniky \u0160emorov\u00e9.<\/p>\n\n\n\n<p>B\u0159ezen- p\u016fvodn\u00ed prodejnu pr\u016fmyslov\u00e9ho zbo\u017e\u00ed, kter\u00e1 byla postavena za prvn\u00ed republiky a slou\u017eila k&nbsp;prodeji zbo\u0159\u00ed firmy&nbsp; Ba\u0165a, a kterou potom obhospoda\u0159ovala Jednota, nyn\u00ed koupil p. Mnacakanov, b\u00fdval\u00fd p\u0159edseda MNV. P\u0159istav\u011bl sklad a dal budov\u011b d\u016fstojn\u00fd vzhled.<\/p>\n\n\n\n<figure class=\"wp-block-image size-large\"><img loading=\"lazy\" decoding=\"async\" width=\"1024\" height=\"623\" src=\"http:\/\/symbivita.cz\/blog\/wp-content\/uploads\/2020\/10\/1991-obchod-Mnacakanov-II-1024x623.jpg\" alt=\"\" class=\"wp-image-1225\" srcset=\"https:\/\/symbivita.cz\/blog\/wp-content\/uploads\/2020\/10\/1991-obchod-Mnacakanov-II-1024x623.jpg 1024w, https:\/\/symbivita.cz\/blog\/wp-content\/uploads\/2020\/10\/1991-obchod-Mnacakanov-II-300x182.jpg 300w, https:\/\/symbivita.cz\/blog\/wp-content\/uploads\/2020\/10\/1991-obchod-Mnacakanov-II-768x467.jpg 768w, https:\/\/symbivita.cz\/blog\/wp-content\/uploads\/2020\/10\/1991-obchod-Mnacakanov-II.jpg 1151w\" sizes=\"(max-width: 1024px) 100vw, 1024px\" \/><\/figure>\n\n\n\n<p>V&nbsp;dubnu p\u0159i\u0161li v\u010dela\u0159i o 50 % v\u010delstev kv\u016fli varro\u00f3ze.\nTa v\u010delstva, kter\u00e1 p\u0159e\u017eila, v\u0161e kompenzovala a p\u0159inesla v\u010dela\u0159\u016fm&nbsp; \u0161pi\u010dkov\u00fd v\u00fdnos a\u017e 53 kg, ( za pr\u016fm\u011br lze&nbsp; pova\u017eovat 35 kg.)<\/p>\n\n\n\n<p>24. dubna ohrozily mraz\u00edky rozkvetl\u00e9 meru\u0148ky, ale vydr\u017eely.\n<\/p>\n\n\n\n<p>Kv\u011bten pr\u0161elo a&nbsp; cel\u00fd\nrok pak bylo sucho, v&nbsp;prosinci&nbsp;\ntrochu sn\u011bhu, v\u00e1noce tradi\u010dn\u011b na bl\u00e1t\u011b.<\/p>\n\n\n\n<p>Den matek<\/p>\n\n\n\n<figure class=\"wp-block-image size-large\"><img loading=\"lazy\" decoding=\"async\" width=\"1024\" height=\"369\" src=\"http:\/\/symbivita.cz\/blog\/wp-content\/uploads\/2020\/10\/1991-Den-matek-I-a-1024x369.jpg\" alt=\"\" class=\"wp-image-1226\" srcset=\"https:\/\/symbivita.cz\/blog\/wp-content\/uploads\/2020\/10\/1991-Den-matek-I-a-1024x369.jpg 1024w, https:\/\/symbivita.cz\/blog\/wp-content\/uploads\/2020\/10\/1991-Den-matek-I-a-300x108.jpg 300w, https:\/\/symbivita.cz\/blog\/wp-content\/uploads\/2020\/10\/1991-Den-matek-I-a-768x277.jpg 768w, https:\/\/symbivita.cz\/blog\/wp-content\/uploads\/2020\/10\/1991-Den-matek-I-a.jpg 1088w\" sizes=\"(max-width: 1024px) 100vw, 1024px\" \/><\/figure>\n\n\n\n<figure class=\"wp-block-image size-large\"><img loading=\"lazy\" decoding=\"async\" width=\"1024\" height=\"372\" src=\"http:\/\/symbivita.cz\/blog\/wp-content\/uploads\/2020\/10\/1991-Den-matek-IIa-1024x372.jpg\" alt=\"\" class=\"wp-image-1227\" srcset=\"https:\/\/symbivita.cz\/blog\/wp-content\/uploads\/2020\/10\/1991-Den-matek-IIa-1024x372.jpg 1024w, https:\/\/symbivita.cz\/blog\/wp-content\/uploads\/2020\/10\/1991-Den-matek-IIa-300x109.jpg 300w, https:\/\/symbivita.cz\/blog\/wp-content\/uploads\/2020\/10\/1991-Den-matek-IIa-768x279.jpg 768w, https:\/\/symbivita.cz\/blog\/wp-content\/uploads\/2020\/10\/1991-Den-matek-IIa.jpg 1085w\" sizes=\"(max-width: 1024px) 100vw, 1024px\" \/><\/figure>\n\n\n\n<p>\u010cerven &#8211; Nikol\u010dick\u00e9 hry- do\u0161lo ke zm\u011bn\u011b organizace her. Z\u0160\nNikol\u010dice a Z\u0160 Zelenice se dohodly, \u017ee budou po\u0159\u00e1dat hry&nbsp; st\u0159\u00eddav\u011b. Jeden rok v&nbsp;Nikol\u010dic\u00edch a\ndruh\u00fd rok v&nbsp;Zelenic\u00edch.<\/p>\n\n\n\n<p>Tento rok se konaly hry v&nbsp;Zelenic\u00edch, byl to jejich\n30. ro\u010dn\u00edk. Na\u0161i skon\u010dili na 3. m\u00edst\u011b.<\/p>\n\n\n\n<p>Turnaj v&nbsp;h\u00e1zen\u00e9<\/p>\n\n\n\n<figure class=\"wp-block-image size-large\"><img loading=\"lazy\" decoding=\"async\" width=\"1024\" height=\"371\" src=\"http:\/\/symbivita.cz\/blog\/wp-content\/uploads\/2020\/10\/1991-H\u00e1zen\u00e1-II-1024x371.jpg\" alt=\"\" class=\"wp-image-1228\" srcset=\"https:\/\/symbivita.cz\/blog\/wp-content\/uploads\/2020\/10\/1991-H\u00e1zen\u00e1-II-1024x371.jpg 1024w, https:\/\/symbivita.cz\/blog\/wp-content\/uploads\/2020\/10\/1991-H\u00e1zen\u00e1-II-300x109.jpg 300w, https:\/\/symbivita.cz\/blog\/wp-content\/uploads\/2020\/10\/1991-H\u00e1zen\u00e1-II-768x279.jpg 768w, https:\/\/symbivita.cz\/blog\/wp-content\/uploads\/2020\/10\/1991-H\u00e1zen\u00e1-II.jpg 1191w\" sizes=\"(max-width: 1024px) 100vw, 1024px\" \/><\/figure>\n\n\n\n<figure class=\"wp-block-image size-large\"><img loading=\"lazy\" decoding=\"async\" width=\"1024\" height=\"412\" src=\"http:\/\/symbivita.cz\/blog\/wp-content\/uploads\/2020\/10\/1991-H\u00e1zen\u00e1-jin\u00e1-velikost-1024x412.jpg\" alt=\"\" class=\"wp-image-1229\" srcset=\"https:\/\/symbivita.cz\/blog\/wp-content\/uploads\/2020\/10\/1991-H\u00e1zen\u00e1-jin\u00e1-velikost-1024x412.jpg 1024w, https:\/\/symbivita.cz\/blog\/wp-content\/uploads\/2020\/10\/1991-H\u00e1zen\u00e1-jin\u00e1-velikost-300x121.jpg 300w, https:\/\/symbivita.cz\/blog\/wp-content\/uploads\/2020\/10\/1991-H\u00e1zen\u00e1-jin\u00e1-velikost-768x309.jpg 768w, https:\/\/symbivita.cz\/blog\/wp-content\/uploads\/2020\/10\/1991-H\u00e1zen\u00e1-jin\u00e1-velikost.jpg 1288w\" sizes=\"(max-width: 1024px) 100vw, 1024px\" \/><\/figure>\n\n\n\n<figure class=\"wp-block-image size-large\"><img loading=\"lazy\" decoding=\"async\" width=\"607\" height=\"445\" src=\"http:\/\/symbivita.cz\/blog\/wp-content\/uploads\/2020\/10\/1991-h\u00e1zen\u00e1-III.jpg\" alt=\"\" class=\"wp-image-1230\" srcset=\"https:\/\/symbivita.cz\/blog\/wp-content\/uploads\/2020\/10\/1991-h\u00e1zen\u00e1-III.jpg 607w, https:\/\/symbivita.cz\/blog\/wp-content\/uploads\/2020\/10\/1991-h\u00e1zen\u00e1-III-300x220.jpg 300w\" sizes=\"(max-width: 607px) 100vw, 607px\" \/><\/figure>\n\n\n\n<p>Na za\u010d\u00e1tku \u010dervna nav\u0161t\u00edvil obec a \u0161kolu b\u00fdval\u00fd ob\u010dan\nKurd\u011bjova p. Karl Lipnik z&nbsp;Koldernu v&nbsp;z\u00e1padn\u00ed \u010d\u00e1sti SNR, odsunut\u00fd\nv&nbsp;roce 1945. R\u00e1d vzpom\u00edn\u00e1 na Nikol\u010dice, na\u0161el tu jako patn\u00e1ctilet\u00fd chlapec\np\u0159\u00edv\u011btiv\u00e9 p\u0159ijet\u00ed v&nbsp;rodin\u011b p. Kolob\u00e1sy \u010d. 10, kterou loni a letos,\nnav\u0161t\u00edvil, P\u0159i\u0161el mezi d\u011bti n\u011bkolkr\u00e1t do hodin n\u011bm\u010diny a za tlumo\u010den\u00ed u\u010ditelky\ning. Dob\u0161\u00edkov\u00e9 s&nbsp;nimi besedoval. Z\u0159ejm\u011b fanda na dechovku i- p\u0159inesl jako\nd\u00e1rek \u0161kole 10 magnetofonov\u00fdch kazet a \u0161t\u016fsek text\u016f n\u011bmeck\u00fdch p\u00edsn\u00ed.<\/p>\n\n\n\n<p>Sucho dalo malou \u00farodu brambor a kuku\u0159ice.<\/p>\n\n\n\n<p>Dru\u017estvo bojuje s&nbsp;p\u0159echodem na tr\u017en\u00ed ekonomiku.&nbsp; Byla ukon\u010dena p\u0159idru\u017een\u00e1 v\u00fdroba pro\nZbrojovku, proto\u017ee&nbsp; na sama&nbsp; m\u00e1 tak\u00e9 pot\u00ed\u017ee. ZD \u0160itbo\u0159ice d\u00e1v\u00e1 postupn\u011b do\nekonomick\u00e9ho podn\u00e1jmu jednotliv\u00e9 v\u00fdrobn\u00ed i nev\u00fdrobn\u00ed \u00faseky &#8211; Chov kon\u00ed,&nbsp; \u017eivo\u010di\u0161n\u00e1 v\u00fdroba Nikol\u010dice, autoopravna,\nklemp\u00ed\u0159sk\u00e1 d\u00edlna, st\u0159edisko osobn\u00edch automobil\u016f, dru\u017estevn\u00ed prodejna a dal\u0161\u00ed..\nStuduje se mo\u017enost zp\u011btn\u00e9ho rozd\u011blen\u00ed ZD podle obc\u00ed.<\/p>\n\n\n\n<p>Byla prov\u00e1d\u011bna kanalizace od kostela po \u010d. 98 (ulice\n\u201eSilnice\u201c) a od \u010d. 49 po \u010d.199. M\u016fstek na hlavn\u00ed silnici u \u010d.93 postavila\nsilni\u010dn\u00ed spr\u00e1va. Tato nevelk\u00e1 stavba trvala dva m\u011bs\u00edce.<\/p>\n\n\n\n<p>Byla dokon\u010deny vozovka na Majer\u00e1ch a 15% m. v&nbsp;Nov\u00e9m Dvo\u0159e. <\/p>\n\n\n\n<figure class=\"wp-block-image size-large\"><img loading=\"lazy\" decoding=\"async\" width=\"1024\" height=\"518\" src=\"http:\/\/symbivita.cz\/blog\/wp-content\/uploads\/2020\/10\/1991-ND-chodn\u00edk-1024x518.jpg\" alt=\"\" class=\"wp-image-1231\" srcset=\"https:\/\/symbivita.cz\/blog\/wp-content\/uploads\/2020\/10\/1991-ND-chodn\u00edk-1024x518.jpg 1024w, https:\/\/symbivita.cz\/blog\/wp-content\/uploads\/2020\/10\/1991-ND-chodn\u00edk-300x152.jpg 300w, https:\/\/symbivita.cz\/blog\/wp-content\/uploads\/2020\/10\/1991-ND-chodn\u00edk-768x388.jpg 768w, https:\/\/symbivita.cz\/blog\/wp-content\/uploads\/2020\/10\/1991-ND-chodn\u00edk.jpg 1204w\" sizes=\"(max-width: 1024px) 100vw, 1024px\" \/><\/figure>\n\n\n\n<p>Byl opraven pomn\u00ed\u010dek z&nbsp;roku 1762 pod P\u016ftn\u011bmi. Obec jej dala opravit, je zase&nbsp; cel\u00fd, ale n\u00e1pis nen\u00ed tak dob\u0159e \u010diteln\u00fd.<\/p>\n\n\n\n<figure class=\"wp-block-image size-large is-resized\"><img loading=\"lazy\" decoding=\"async\" src=\"http:\/\/symbivita.cz\/blog\/wp-content\/uploads\/2020\/10\/1991-pomn\u00ed\u010dek.jpg\" alt=\"\" class=\"wp-image-1232\" width=\"191\" height=\"263\" srcset=\"https:\/\/symbivita.cz\/blog\/wp-content\/uploads\/2020\/10\/1991-pomn\u00ed\u010dek.jpg 497w, https:\/\/symbivita.cz\/blog\/wp-content\/uploads\/2020\/10\/1991-pomn\u00ed\u010dek-218x300.jpg 218w\" sizes=\"(max-width: 191px) 100vw, 191px\" \/><\/figure>\n\n\n\n<p>Zanikl Sbor pro ob\u010dansk\u00e9 z\u00e1le\u017eitosti.<\/p>\n\n\n\n<p>&nbsp;V&nbsp;obci je\nregistrov\u00e1no 15 nezam\u011bstnan\u00fdch. Dev\u011bt z&nbsp;nich p\u0159ijalo pr\u00e1ci u obecn\u00edho \u00fa\u0159adu.<\/p>\n\n\n\n<p>1.z\u00e1\u0159\u00ed za\u010dal \u0161koln\u00ed rok 1991\/92<\/p>\n\n\n\n<p>Cel\u00fd rok se pracovalo na p\u0159\u00edstavb\u011b \u0161koly. Byla provedena\nhrub\u00e1 stavba a dokon\u010duje se st\u0159echa. Stavba by mohla b\u00fdt&nbsp; dokon\u010dena v&nbsp;roce 1992.<\/p>\n\n\n\n<p>Pan Josef Fic \u010d. 2. zah\u00e1jil provoz \u010dalounictv\u00ed. <\/p>\n\n\n\n<figure class=\"wp-block-image size-large\"><img loading=\"lazy\" decoding=\"async\" width=\"893\" height=\"670\" src=\"http:\/\/symbivita.cz\/blog\/wp-content\/uploads\/2020\/10\/1991-FIC.jpg\" alt=\"\" class=\"wp-image-1233\" srcset=\"https:\/\/symbivita.cz\/blog\/wp-content\/uploads\/2020\/10\/1991-FIC.jpg 893w, https:\/\/symbivita.cz\/blog\/wp-content\/uploads\/2020\/10\/1991-FIC-300x225.jpg 300w, https:\/\/symbivita.cz\/blog\/wp-content\/uploads\/2020\/10\/1991-FIC-768x576.jpg 768w\" sizes=\"(max-width: 893px) 100vw, 893px\" \/><\/figure>\n\n\n\n<p>V&nbsp;na\u0161\u00ed obci bylo tak\u00e9 povedeno s\u010d\u00edt\u00e1n\u00ed lidu. Nikol\u010dice\n+ Nov\u00fd Dv\u016fr maj\u00ed 707 obyvatel. Po\u010det dom\u016f 247.<\/p>\n\n\n\n<p>Narodilo se 11 d\u011bt\u00ed, zem\u0159elo 6 ob\u010dan\u016f. Odst\u011bhovalo se 20 a\np\u0159ihl\u00e1silo se k&nbsp;trval\u00e9mu pobytu 11 ob\u010dan\u016f.<\/p>\n\n\n\n<p><strong>1992<\/strong><\/p>\n\n\n\n<p>Po\u010das\u00ed\ncelkem p\u0159\u00edzniv\u00e9, sr\u00e1\u017eky&nbsp; dobr\u00e9, l\u00e9to bylo\nsuch\u00e9 m\u00edsty a\u017e tropick\u00e9, dost&nbsp; to\novlivnilo v\u00fdnosy p\u00edcnin&nbsp; a okopanin,\nzejm\u00e9na&nbsp; cukrovky.<\/p>\n\n\n\n<p>26.1.-2.2.\nm\u011bli \u017e\u00e1ci ly\u017ea\u0159sk\u00fd v\u00fdcvik v&nbsp;Malenovic\u00edch, ale v&nbsp;tu&nbsp; dobu \u0159\u00e1dila epidemie ch\u0159ipky, tak\u017ee se\nn\u011bkolik \u017e\u00e1k\u016f nemohlo z\u00fa\u010dastnit. Ch\u0159ipkou onemocn\u011bl tak\u00e9 vedouc\u00ed z\u00e1jezdu J.\n\u010cern\u00fd. Kurz vedli: Ji\u0159\u00ed&nbsp; Bezd\u011bk,\nDrahom\u00edra \u010cern\u00e1 a Marta Sta\u0148kov\u00e1.<\/p>\n\n\n\n<p>1.\u00fanora\nv&nbsp;\u201eDen muze\u00ed\u201c byl organizov\u00e1n z\u00e1jezd o V\u00eddn\u011b a u\u010d. Dob\u0161\u00edkov\u00e1 organizovala\nje\u0161t\u011b jeden z\u00e1jezd v&nbsp;\u010dervnu.<\/p>\n\n\n\n<p>Plesy\nbyla jenom dva (TJ a myslivci), <\/p>\n\n\n\n<p>15.\nb\u0159ezna ve spolupr\u00e1ci s&nbsp;\u010cS\u017d byl uspo\u0159\u00e1d\u00e1n d\u011btsk\u00fd karneval.<\/p>\n\n\n\n<p>V\u00fdstava\nv\u00edn s&nbsp;ostatkovou z\u00e1bavou.<\/p>\n\n\n\n<p>\u0160koln\u00ed\ndivadlo \u201e\u010carod\u011bjn\u00fd b\u00e1l\u201c, re\u017eie u\u010ditelka \u0160emorov\u00e1; hr\u00e1no i v&nbsp;K\u0159epic\u00edch a Div\u00e1k\u00e1ch,\np\u0159i p\u0159\u00edle\u017eitosti sv\u00e1tku matek; (hra \u010carod\u011bjn\u00fd b\u00e1l se opakovala\ncelkem p\u011btkr\u00e1t.).<\/p>\n\n\n\n<p>29.dubna\nu n\u00e1s sehr\u00e1l u n\u00e1s T\u011b\u0161ansk\u00fd soubor hru\u201c Strach m\u00e1 velk\u00e9 o\u010di\u201c a \u0161itbo\u0159ick\u00e1 \u0161kola\npozvala \u0161kol\u00e1ky z&nbsp;Nikol\u010dic na&nbsp;\n\u201eSn\u011bhurku\u201c.<\/p>\n\n\n\n<p>ZD\n\u0160itbo\u0159ice se stalo dru\u017estvem vlastn\u00edk\u016f. Transformovan\u00e9 dru\u017estvo m\u00e1 nyn\u00ed 848 \u010dlen\u016f.\nV&nbsp;Nikol\u010dic\u00edch nikdo nevyu\u017eil mo\u017enost st\u00e1t se soukrom\u00fdm hospod\u00e1\u0159em.<\/p>\n\n\n\n<p>Pan\nUrb\u00e1nek ze \u0160itbo\u0159ic tuto mo\u017enost vyu\u017eil. Ke sv\u00fdm pozemk\u016fm p\u0159ikoupil\nhospod\u00e1\u0159stv\u00ed po b\u00fdval\u00e9m nejv\u011bt\u0161\u00edm nikol\u010dick\u00e9m sedl\u00e1kovi Janu Mat\u00fd\u0161kovi,\nadaptoval si objekty JZD v&nbsp;P\u016ftn\u00edch. <\/p>\n\n\n\n<p>( tzv\u201c\nPansk\u00e9\u201c pole odkoupil od majitele Fr. Sedl\u00e1\u010dka) a pokou\u0161\u00ed se hospoda\u0159it.<\/p>\n\n\n\n<p>Dru\u017estvo\nzah\u00e1jilo rozs\u00e1hlou investi\u010dn\u00ed \u010dinnosti s&nbsp;c\u00edlem dos\u00e1hnout nez\u00e1vislosti\nst\u00e1tn\u00edch investic\u00edch a mnohopoln\u00edch odb\u011bratel\u00edch zem\u011bd\u011blsk\u00e9 produkce. Investuje\nse do skladov\u00e9ho hospod\u00e1\u0159stv\u00ed, strojov\u00e9ho parku, sklepn\u00edho hospod\u00e1\u0159stv\u00ed,\nrekonstruuj\u00ed se odchovny prasat v&nbsp;Nikol\u010dic\u00edch atd. V&nbsp;nezem\u011bd\u011blsk\u00e9 \u010dinnosti\nje p\u0159ed dokon\u010den\u00edm v\u00fdrobna plastov\u00fdch profil\u016f, trubek a okenn\u00edch r\u00e1m\u016f. Na\nfinancov\u00e1n\u00ed tohoto projektu se pod\u00edl\u00ed 20 % KB a&nbsp;\n80 % v\u00edde\u0148sk\u00e1 Raiffeisen banky. Ob\u010dan\u00e9 maj\u00ed z&nbsp;tohoto zadlu\u017eov\u00e1n\u00ed\nobavu a podrobuj\u00ed p\u0159edsedu dru\u017estva Dr. Hovorku ostr\u00e9 kritice.<\/p>\n\n\n\n<p>&nbsp;Je zakl\u00e1d\u00e1no 5 spole\u010dnost\u00ed s.r.o: Rostlinn\u00e1 v\u00fdroby\n(ved. ing Matou\u0161ek), chov skotu (ing. \u0160achr), chov prasat (Karel Jel\u00ednek),\nautoopravna (Anton\u00edn R\u016f\u017ei\u010dka) a d\u00edlny (B. Rozs\u00edval).<\/p>\n\n\n\n<p>Pan\nR\u016f\u017ei\u010dka odst\u011bhoval chov kon\u00ed ze st\u00e1j\u00ed \u010d. 21 do Boudek.<\/p>\n\n\n\n<p>Dru\u017estvo\nm\u00e1 spolu\u00fa\u010dast na dvou sdru\u017een\u00ed podnikatel\u016f (Nov\u00fd Z\u00e9land, B\u011blorusko)<\/p>\n\n\n\n<p>I nad\u00e1le\ntrv\u00e1 \u00fa\u010dast ve spole\u010dn\u00fdch podnic\u00edch Jave, Ji\u017en\u00ed Morava, Agrostav. Naproti tomu\nse&nbsp; dru\u017estvo roze\u0161lo s&nbsp;podniky,\nkter\u00e9 se&nbsp; dostaly do odb\u011bratelsk\u00e9 krize:\nZbrojovka Brno, \u010cs. tab\u00e1kov\u00fd pr\u016fmysl a UP Bu\u010dovice.<\/p>\n\n\n\n<p>5.-10.kv\u011btna\nodjeli na\u0161i u\u010ditel\u00e9 do NSR na pozv\u00e1n\u00ed pana Lipn\u00edka, kde m\u011bli mo\u017enost poznat\nsyst\u00e9m \u0161kolstv\u00ed.<\/p>\n\n\n\n<p>29. a 30.\nkv\u011btna Nikol\u010dick\u00e9 hry za \u00fa\u010dasti 5&nbsp; \u0161kol.\nPo\u0159ad\u00ed: <\/p>\n\n\n\n<p>1.\n\u0160\u00farovce, 2. Nikol\u010dice, 3. Zelenice, 4. Velk\u00e9 N\u011bm\u010dice, 5. \u0160itbo\u0159ice<\/p>\n\n\n\n<p>\u010cerven \u2013\nVolby do feder\u00e1ln\u00edho shrom\u00e1\u017ed\u011bn\u00ed a \u010cesk\u00e9 n\u00e1rodn\u00ed rady.<\/p>\n\n\n\n<p>Kopan\u00e1\nbyla pos\u00edlena p\u0159\u00edchodem hodon\u00ednsk\u00e9ho hokejisty V\u0161iansk\u00e9ho, kter\u00fd p\u0159ivedl je\u0161t\u011b dva\nspoluhr\u00e1\u010de, ale nepoda\u0159ilo se postoupit do vy\u0161\u0161\u00ed sout\u011b\u017ee.<\/p>\n\n\n\n<p>Zanikl\nprovoz videokav\u00e1rny. <\/p>\n\n\n\n<p>M\u00e1jov\u00e1 z\u00e1bava,\njakubsk\u00e9 hody (po\u0159adatel TJ).<\/p>\n\n\n\n<p>V&nbsp;knihovn\u011b\nz\u0159\u00edzena st\u00e1l\u00e1 v\u00fdstava obraz\u016f amat\u00e9rsk\u00e9ho Sdru\u017een\u00ed&nbsp; nez\u00e1visl\u00fdch v\u00fdtvarn\u00edk\u016f moravsko-slovensk\u00e9ho\npomez\u00ed. Vystavovali: Sutt\u00fd (Vek\u00e9 B\u00edlovice), Pe\u0159ina (Kobyl\u00ed), Barth ( B\u0159eclav),\nBaru\u0161ek (Svit\u00e1vka), Raus (Div\u00e1ky), \u010cern\u00e1 (Nikol\u010dice).<\/p>\n\n\n\n<p>Za\u010d\u00e1tkem\n\u010dervence zorganizoval \u0159editel \u0161koly z\u00e1jezd na Jubilejn\u00ed v\u00fdstavu do Prahy..<\/p>\n\n\n\n<p>Hody<\/p>\n\n\n\n<figure class=\"wp-block-image size-large\"><img loading=\"lazy\" decoding=\"async\" width=\"1024\" height=\"373\" src=\"http:\/\/symbivita.cz\/blog\/wp-content\/uploads\/2020\/10\/1992-hody-III-stav\u011bn\u00ed-m\u00e1je-1024x373.jpg\" alt=\"\" class=\"wp-image-1234\" srcset=\"https:\/\/symbivita.cz\/blog\/wp-content\/uploads\/2020\/10\/1992-hody-III-stav\u011bn\u00ed-m\u00e1je-1024x373.jpg 1024w, https:\/\/symbivita.cz\/blog\/wp-content\/uploads\/2020\/10\/1992-hody-III-stav\u011bn\u00ed-m\u00e1je-300x109.jpg 300w, https:\/\/symbivita.cz\/blog\/wp-content\/uploads\/2020\/10\/1992-hody-III-stav\u011bn\u00ed-m\u00e1je-768x280.jpg 768w, https:\/\/symbivita.cz\/blog\/wp-content\/uploads\/2020\/10\/1992-hody-III-stav\u011bn\u00ed-m\u00e1je.jpg 1107w\" sizes=\"(max-width: 1024px) 100vw, 1024px\" \/><\/figure>\n\n\n\n<figure class=\"wp-block-image size-large\"><img loading=\"lazy\" decoding=\"async\" width=\"1024\" height=\"523\" src=\"http:\/\/symbivita.cz\/blog\/wp-content\/uploads\/2020\/10\/1992-hody-I-1024x523.jpg\" alt=\"\" class=\"wp-image-1235\" srcset=\"https:\/\/symbivita.cz\/blog\/wp-content\/uploads\/2020\/10\/1992-hody-I-1024x523.jpg 1024w, https:\/\/symbivita.cz\/blog\/wp-content\/uploads\/2020\/10\/1992-hody-I-300x153.jpg 300w, https:\/\/symbivita.cz\/blog\/wp-content\/uploads\/2020\/10\/1992-hody-I-768x392.jpg 768w, https:\/\/symbivita.cz\/blog\/wp-content\/uploads\/2020\/10\/1992-hody-I-1536x784.jpg 1536w, https:\/\/symbivita.cz\/blog\/wp-content\/uploads\/2020\/10\/1992-hody-I.jpg 1656w\" sizes=\"(max-width: 1024px) 100vw, 1024px\" \/><\/figure>\n\n\n\n<figure class=\"wp-block-image size-large\"><img loading=\"lazy\" decoding=\"async\" width=\"1024\" height=\"280\" src=\"http:\/\/symbivita.cz\/blog\/wp-content\/uploads\/2020\/10\/1992-hody-II-1024x280.jpg\" alt=\"\" class=\"wp-image-1236\" srcset=\"https:\/\/symbivita.cz\/blog\/wp-content\/uploads\/2020\/10\/1992-hody-II-1024x280.jpg 1024w, https:\/\/symbivita.cz\/blog\/wp-content\/uploads\/2020\/10\/1992-hody-II-300x82.jpg 300w, https:\/\/symbivita.cz\/blog\/wp-content\/uploads\/2020\/10\/1992-hody-II-768x210.jpg 768w, https:\/\/symbivita.cz\/blog\/wp-content\/uploads\/2020\/10\/1992-hody-II-1536x419.jpg 1536w, https:\/\/symbivita.cz\/blog\/wp-content\/uploads\/2020\/10\/1992-hody-II.jpg 1659w\" sizes=\"(max-width: 1024px) 100vw, 1024px\" \/><\/figure>\n\n\n\n<p>Obec\nzam\u011bstnala skupinu mlad\u00fdch mu\u017e\u016f, kte\u0159\u00ed jsou placeni pracovn\u00edm \u00fa\u0159adem. Maj\u00ed\nk&nbsp;dispozici obecn\u00ed mechanizaci &#8211; traktor&nbsp;\ns&nbsp;p\u0159\u00edslu\u0161enstv\u00edm, buldobagr a buldozer a&nbsp; jsou schopni prov\u00e1d\u011bt pr\u00e1ce i pro ob\u010dany. Lze\njmenovat nap\u0159\u00edklad pana Franti\u0161ka Jel\u00ednka, Radka M\u00e1je.<\/p>\n\n\n\n<p>Ob\u010dan\u016fm\nodpadly nekone\u010dn\u00e9 brig\u00e1dnick\u00e9 pr\u00e1ce obvykl\u00e9 za&nbsp;\nminul\u00e9ho re\u017eimu.<\/p>\n\n\n\n<p>Bylo\nvybudov\u00e1no 5 men\u0161\u00edch \u00fasek\u016f m\u00edstn\u00ed kanalizace v&nbsp;celkov\u00e9&nbsp; d\u00e9le 316 m. Poda\u0159ilo se postavit 1 km\nm\u00edstn\u00edch silnic, a to : u&nbsp; \u010d\u00edsla 52 (205\nm), k&nbsp;Z\u00e1black\u00e9mu V\u00e1clavovi (64 m), u s\u00e1lu OB (72 m), u Neubergov\u00e9ho (65\nm), <\/p>\n\n\n\n<p>v&nbsp;Nov\u00e9m\nDvo\u0159e (360 m).<\/p>\n\n\n\n<p>V&nbsp;souvislosti\ns&nbsp;akc\u00ed silni\u010dn\u00ed spr\u00e1vy- stavbou pr\u016ftahu od&nbsp;\n\u0161koly sm\u011brem ke K\u0159epic\u00edm &#8211; vybudovala se obj\u00ed\u017e\u010fka za \u010d. 212 <\/p>\n\n\n\n<p>(Rabovsk\u00fd\nMartin) k&nbsp;\u010d.251 (Jel\u00ednkov\u00e1 Antonie) a dol\u016f k&nbsp;hlavn\u00ed silnici.<\/p>\n\n\n\n<p>D\u00edky\nrealizaci t\u00e9to stavby jsme se zbavili \u00faseku, o kter\u00e9m se&nbsp; \u0159\u00edkalo, \u017ee je nejhor\u0161\u00ed silnice ve st\u0159edn\u00ed Evrop\u011b.<\/p>\n\n\n\n<p>D\u00e1le byla\nprovedena fas\u00e1da m\u00edstn\u00ed knihovny, pokra\u010dovala p\u0159\u00edstavba \u0161koly, dokon\u010deny\nst\u0159echy, rozvody a om\u00edtky, z&nbsp;v\u011bt\u0161\u00ed \u010d\u00e1sti vn\u011bj\u0161\u00ed fas\u00e1da, Uvedeno do provozu\nplynov\u00e9 \u00fast\u0159edn\u00ed&nbsp; vyt\u00e1p\u011bn\u00ed.<\/p>\n\n\n\n<p>&nbsp;Od tohoto roku p\u0159ech\u00e1z\u00ed \u0161kola na obec a\ndouf\u00e1me, \u017ee st\u00e1t&nbsp; dokon\u010d\u00ed zapo\u010dat\u00e9 pr\u00e1ce.<\/p>\n\n\n\n<p>1.z\u00e1\u0159\u00ed\nza\u010d\u00edn\u00e1 \u0161koln\u00ed rok1992\/93<\/p>\n\n\n\n<p>U\u010ditelsk\u00fd\nsbor:<\/p>\n\n\n\n<p>Pavlack\u00e1,\nJel\u00ednkov\u00e1, B\u00ednkov\u00e1, \u0160emorov\u00e1, Drahom\u00edra \u010cern\u00e1, Ivana Ok\u0159ivov\u00e1, Cypri\u00e1nov\u00e1,\nCharv\u00e1tov\u00e1, Sta\u0148kov\u00e1, ing. Ladislav Straka.<\/p>\n\n\n\n<p>&nbsp;D\u00e1le Pavl\u00edna Markovi\u010dov\u00e1, PhDr. V\u011bra Kirschnerov\u00e1&nbsp;&nbsp;&nbsp;&nbsp;&nbsp;&nbsp;&nbsp;&nbsp;&nbsp;&nbsp;&nbsp;&nbsp;&nbsp;&nbsp;&nbsp;&nbsp; (d\u016fchodkyn\u011b). Lud\u011bk Ber\u00e1nek, nahradil Ivanu Ok\u0159ivovou. MUDr. Helena Coufal\u00edkov\u00e1.<\/p>\n\n\n\n<figure class=\"wp-block-image size-large\"><img loading=\"lazy\" decoding=\"async\" width=\"1024\" height=\"410\" src=\"http:\/\/symbivita.cz\/blog\/wp-content\/uploads\/2020\/10\/1992-5.-a-7.-t\u0159\u00edda-1024x410.jpg\" alt=\"\" class=\"wp-image-1237\" srcset=\"https:\/\/symbivita.cz\/blog\/wp-content\/uploads\/2020\/10\/1992-5.-a-7.-t\u0159\u00edda-1024x410.jpg 1024w, https:\/\/symbivita.cz\/blog\/wp-content\/uploads\/2020\/10\/1992-5.-a-7.-t\u0159\u00edda-300x120.jpg 300w, https:\/\/symbivita.cz\/blog\/wp-content\/uploads\/2020\/10\/1992-5.-a-7.-t\u0159\u00edda-768x307.jpg 768w, https:\/\/symbivita.cz\/blog\/wp-content\/uploads\/2020\/10\/1992-5.-a-7.-t\u0159\u00edda.jpg 1102w\" sizes=\"(max-width: 1024px) 100vw, 1024px\" \/><\/figure>\n\n\n\n<figure class=\"wp-block-image size-large\"><img loading=\"lazy\" decoding=\"async\" width=\"1024\" height=\"386\" src=\"http:\/\/symbivita.cz\/blog\/wp-content\/uploads\/2020\/10\/1992-8.A-a-8.B-1024x386.jpg\" alt=\"\" class=\"wp-image-1238\" srcset=\"https:\/\/symbivita.cz\/blog\/wp-content\/uploads\/2020\/10\/1992-8.A-a-8.B-1024x386.jpg 1024w, https:\/\/symbivita.cz\/blog\/wp-content\/uploads\/2020\/10\/1992-8.A-a-8.B-300x113.jpg 300w, https:\/\/symbivita.cz\/blog\/wp-content\/uploads\/2020\/10\/1992-8.A-a-8.B-768x289.jpg 768w, https:\/\/symbivita.cz\/blog\/wp-content\/uploads\/2020\/10\/1992-8.A-a-8.B.jpg 1105w\" sizes=\"(max-width: 1024px) 100vw, 1024px\" \/><\/figure>\n\n\n\n<figure class=\"wp-block-image size-large\"><img loading=\"lazy\" decoding=\"async\" width=\"851\" height=\"606\" src=\"http:\/\/symbivita.cz\/blog\/wp-content\/uploads\/2020\/10\/1992-U\u010ditel\u00e9.jpg\" alt=\"\" class=\"wp-image-1239\" srcset=\"https:\/\/symbivita.cz\/blog\/wp-content\/uploads\/2020\/10\/1992-U\u010ditel\u00e9.jpg 851w, https:\/\/symbivita.cz\/blog\/wp-content\/uploads\/2020\/10\/1992-U\u010ditel\u00e9-300x214.jpg 300w, https:\/\/symbivita.cz\/blog\/wp-content\/uploads\/2020\/10\/1992-U\u010ditel\u00e9-768x547.jpg 768w\" sizes=\"(max-width: 851px) 100vw, 851px\" \/><\/figure>\n\n\n\n<p>Byla\nprovedena \u00faprava potoka v&nbsp;\u00faseku od \u0161koly kolem h\u0159i\u0161t\u011b a&nbsp; \u0161koln\u00ed zahrady k \u201e Zahrad\u00e1m\u201c a tak\u00e9 \u00fasek\nv&nbsp;d\u011bdin\u011b. <a>U h\u0159i\u0161t\u011b musely b\u00fdt vyk\u00e1ceny topoly, aby\nbyl umo\u017en\u011bn p\u0159\u00edstup mechanizace<\/a>.<\/p>\n\n\n\n<p>16. listopadu\nse \u017e\u00e1ci \u0161koly z\u00fa\u010dastnili B\u011bhu kolem parku v&nbsp;\u0160itbo\u0159ic\u00edch.<\/p>\n\n\n\n<p>Od\nlistopadu do ledna prob\u00edhaly\u201e Kurzy spole\u010densk\u00e9 v\u00fdchovy\u201c<\/p>\n\n\n\n<p>(tane\u010dn\u00ed)\npro \u017e\u00e1ky 7. a 8. t\u0159\u00edd. Vedli je man\u017eel\u00e9 Bechni ze Znojma.<\/p>\n\n\n\n<p>&nbsp;Dal\u0161\u00ed akce:<\/p>\n\n\n\n<p>Ve\u0159ejn\u00e9\nosv\u011btlen\u00ed horn\u00edho konce obce, \u0161rotovn\u00edk a jeho instalace, p\u0159\u00edvod vysok\u00e9ho\nnap\u011bt\u00ed, transform\u00e1tor. Zakoupen\u00ed stroj\u016f: buldozer, b\u011blorus, mikrobus \u0160 1203 pro\nsv\u00e1\u017een\u00ed novodvorsk\u00fdch d\u011bt\u00ed do \u0161koly aj.<\/p>\n\n\n\n<p>V\u010dela\u0159i\nm\u011bli v\u00fdborn\u00e9 v\u00fdnosy, hlavn\u011b z&nbsp;ak\u00e1tu. Podzim byl op\u011bt sr\u00e1\u017ekov\u011b norm\u00e1ln\u00ed.<\/p>\n\n\n\n<p>Zahr\u00e1dk\u00e1\u0159i\ndokon\u010dili \u00fapravu sv\u00e9 budovy ze stodoly \u010d. 60.<\/p>\n\n\n\n<p>Z\u00e1\u0159\u00ed &#8211;\npan Mnacakanov roz\u0161\u00ed\u0159il sortiment sm\u00ed\u0161en\u00e9ho zbo\u017e\u00ed o potraviny.<\/p>\n\n\n\n<p>Trv\u00e1 nespokojenost\ns&nbsp;provozem hostince.<\/p>\n\n\n\n<p>Prosinec &#8211;\notev\u0159el soukrom\u00e9 truhl\u00e1\u0159stv\u00ed Pavel \u010cern\u00fd \u010d. 12<\/p>\n\n\n\n<p>Silvestrovsk\u00e1\nz\u00e1bava (po\u0159adatel Michal Mnacakanov).<\/p>\n\n\n\n<p>Narodilo se 8&nbsp; d\u011bt\u00ed, zem\u0159elo 6 ob\u010dan\u016f. Odst\u011bhovalo se 15, p\u0159ist\u011bhovalo 14 ob\u010dan\u016f.<\/p>\n\n\n\n<p class=\"has-text-color has-vivid-cyan-blue-color\">\u010ceskoslovensko zaniklo a \u00faderem p\u016flnoci z 31. prosince 1992 na 1. leden 1993 vznikly dva nov\u00e9 st\u00e1ty. \u010cesk\u00e1 republika a Slovensk\u00e1 republika.<\/p>\n\n\n\n<figure class=\"wp-block-image size-large\"><img loading=\"lazy\" decoding=\"async\" width=\"569\" height=\"374\" src=\"http:\/\/symbivita.cz\/blog\/wp-content\/uploads\/2020\/10\/1992-rozd\u011blen\u00ed-republiky.jpg\" alt=\"\" class=\"wp-image-1240\" srcset=\"https:\/\/symbivita.cz\/blog\/wp-content\/uploads\/2020\/10\/1992-rozd\u011blen\u00ed-republiky.jpg 569w, https:\/\/symbivita.cz\/blog\/wp-content\/uploads\/2020\/10\/1992-rozd\u011blen\u00ed-republiky-300x197.jpg 300w\" sizes=\"(max-width: 569px) 100vw, 569px\" \/><\/figure>\n\n\n\n<figure class=\"wp-block-image size-large\"><img loading=\"lazy\" decoding=\"async\" width=\"659\" height=\"367\" src=\"http:\/\/symbivita.cz\/blog\/wp-content\/uploads\/2020\/10\/1992-rozd\u011blen\u00ed-republiky-podpis-rozchodu.jpg\" alt=\"\" class=\"wp-image-1241\" srcset=\"https:\/\/symbivita.cz\/blog\/wp-content\/uploads\/2020\/10\/1992-rozd\u011blen\u00ed-republiky-podpis-rozchodu.jpg 659w, https:\/\/symbivita.cz\/blog\/wp-content\/uploads\/2020\/10\/1992-rozd\u011blen\u00ed-republiky-podpis-rozchodu-300x167.jpg 300w\" sizes=\"(max-width: 659px) 100vw, 659px\" \/><\/figure>\n\n\n\n<figure class=\"wp-block-image size-large\"><img loading=\"lazy\" decoding=\"async\" width=\"1024\" height=\"576\" src=\"http:\/\/symbivita.cz\/blog\/wp-content\/uploads\/2020\/10\/1992-rozd\u011blen\u00ed-republiky-Klaus-a-Me\u010diar-1024x576.jpg\" alt=\"\" class=\"wp-image-1242\" srcset=\"https:\/\/symbivita.cz\/blog\/wp-content\/uploads\/2020\/10\/1992-rozd\u011blen\u00ed-republiky-Klaus-a-Me\u010diar-1024x576.jpg 1024w, https:\/\/symbivita.cz\/blog\/wp-content\/uploads\/2020\/10\/1992-rozd\u011blen\u00ed-republiky-Klaus-a-Me\u010diar-300x169.jpg 300w, https:\/\/symbivita.cz\/blog\/wp-content\/uploads\/2020\/10\/1992-rozd\u011blen\u00ed-republiky-Klaus-a-Me\u010diar-768x432.jpg 768w, https:\/\/symbivita.cz\/blog\/wp-content\/uploads\/2020\/10\/1992-rozd\u011blen\u00ed-republiky-Klaus-a-Me\u010diar.jpg 1280w\" sizes=\"(max-width: 1024px) 100vw, 1024px\" \/><\/figure>\n\n\n\n<p><strong>1993<\/strong><\/p>\n\n\n\n<p class=\"has-background has-luminous-vivid-amber-background-color\">Prvn\u00ed rok\nrozd\u011blen\u00e9ho \u010ceskoslovenska.<\/p>\n\n\n\n<p>Prvn\u00ed polovina\nroku byla extr\u00e9mn\u011b such\u00e1, v&nbsp;\u010dervenci tropick\u00e1 vedra.<\/p>\n\n\n\n<p>Zem\u011bd\u011blsk\u00e9\ndru\u017estvo z\u00e1pas\u00ed s&nbsp;t\u011b\u017ek\u00fdmi podm\u00ednkami.&nbsp;\nRozv\u00edj\u00ed se&nbsp; inflace. Mal\u00e1\nkoup\u011bschopnost obyvatelstva, n\u011bkolikan\u00e1sobn\u00fd n\u00e1rust cen osiv, chemick\u00fdch\nprost\u0159edk\u016f atd. a naopak pokles cen produkt\u016f. Zejm\u00e9na hrozn\u016f, jablek apod.<\/p>\n\n\n\n<p>7. ledna byla \u201eprodlou\u017een\u00e1\u201c tane\u010dn\u00edch kurz\u016f na\u0161ich \u017e\u00e1k\u016f ze 7. a 8. t\u0159\u00edd.<\/p>\n\n\n\n<figure class=\"wp-block-image size-large\"><img loading=\"lazy\" decoding=\"async\" width=\"606\" height=\"200\" src=\"http:\/\/symbivita.cz\/blog\/wp-content\/uploads\/2020\/10\/1993-tane\u010dn\u00ed-I.jpg\" alt=\"\" class=\"wp-image-1243\" srcset=\"https:\/\/symbivita.cz\/blog\/wp-content\/uploads\/2020\/10\/1993-tane\u010dn\u00ed-I.jpg 606w, https:\/\/symbivita.cz\/blog\/wp-content\/uploads\/2020\/10\/1993-tane\u010dn\u00ed-I-300x99.jpg 300w\" sizes=\"(max-width: 606px) 100vw, 606px\" \/><\/figure>\n\n\n\n<figure class=\"wp-block-image size-large\"><img loading=\"lazy\" decoding=\"async\" width=\"606\" height=\"413\" src=\"http:\/\/symbivita.cz\/blog\/wp-content\/uploads\/2020\/10\/1993-tane\u010dn\u00ed-II.jpg\" alt=\"\" class=\"wp-image-1244\" srcset=\"https:\/\/symbivita.cz\/blog\/wp-content\/uploads\/2020\/10\/1993-tane\u010dn\u00ed-II.jpg 606w, https:\/\/symbivita.cz\/blog\/wp-content\/uploads\/2020\/10\/1993-tane\u010dn\u00ed-II-300x204.jpg 300w\" sizes=\"(max-width: 606px) 100vw, 606px\" \/><\/figure>\n\n\n\n<p>14. ledna\nprob\u00edhal tradi\u010dn\u00ed d\u011btsk\u00fd karneval<\/p>\n\n\n\n<p>Byla\nvykradena prodejna Jednoty.<\/p>\n\n\n\n<p>Spole\u010densk\u00fd\nples- \u010cSL. Mysliveck\u00e9 sdru\u017een\u00ed, Ostatky a&nbsp;\nv\u00fdstava v\u00edn \u2013 \u010cSZ.<\/p>\n\n\n\n<p>&nbsp;Akademie<\/p>\n\n\n\n<p>P\u0159ipravila\np\u0159edstaven\u00ed, kter\u00e1 p\u0159edvedla pro \u017eactvo ze \u0160itbo\u0159ic a t\u0159i p\u0159edstaven\u00ed pro\nve\u0159ejnost v&nbsp;Nikol\u010dic\u00edch, Div\u00e1k\u00e1ch a v&nbsp;K\u0159epic\u00edch a jedno p\u0159edstaven\u00ed\nve zkr\u00e1cen\u00e9 verzi se uskute\u010dnilo na oslav\u011b Sv\u00e1tku matek 16. kv\u011btna.<\/p>\n\n\n\n<p>M\u00e1jovou\nz\u00e1bavu uspo\u0159\u00e1dal ro\u010dn\u00edk osmn\u00e1ctilet\u00fdch.<\/p>\n\n\n\n<p>\u017dn\u011b &#8211;\nkv\u016fli suchu byly v\u00fdnosy slab\u0161\u00ed, pr\u016fb\u011bh \u017en\u00ed naru\u0161ily de\u0161t\u011b.<\/p>\n\n\n\n<p>Hody- uspo\u0159\u00e1dal TJ. P\u0159i stav\u011bn\u00ed m\u00e1je se zlomila m\u00e1jka, kdy\u017e ji&nbsp; za\u010dali zvedat.<\/p>\n\n\n\n<figure class=\"wp-block-image size-large\"><img loading=\"lazy\" decoding=\"async\" width=\"1024\" height=\"385\" src=\"http:\/\/symbivita.cz\/blog\/wp-content\/uploads\/2020\/10\/1993-Hody-1024x385.jpg\" alt=\"\" class=\"wp-image-1245\" srcset=\"https:\/\/symbivita.cz\/blog\/wp-content\/uploads\/2020\/10\/1993-Hody-1024x385.jpg 1024w, https:\/\/symbivita.cz\/blog\/wp-content\/uploads\/2020\/10\/1993-Hody-300x113.jpg 300w, https:\/\/symbivita.cz\/blog\/wp-content\/uploads\/2020\/10\/1993-Hody-768x289.jpg 768w, https:\/\/symbivita.cz\/blog\/wp-content\/uploads\/2020\/10\/1993-Hody.jpg 1098w\" sizes=\"(max-width: 1024px) 100vw, 1024px\" \/><\/figure>\n\n\n\n<p>ZD za\u010dalo\nv\u00fdrobu plast\u016f, v\u00fdroba okenn\u00edch r\u00e1m\u016f, profil\u016f a trubek je zat\u00edm zat\u00ed\u017eena\nvysok\u00fdmi \u00fav\u011bry, k&nbsp;jejich zaplacen\u00ed m\u00e1 doj\u00edt v&nbsp;roce 1996.<\/p>\n\n\n\n<p><strong>Budouc\u00ed PRAMOS<\/strong><\/p>\n\n\n\n<p>Za\u010d\u00e1tek v\u00fdroby oken a&nbsp;dve\u0159\u00ed. V\u00fdroba prvn\u00edho profilov\u00e9ho syst\u00e9mu HORIZONT&nbsp;PS&nbsp;920 a&nbsp;PVC-U trubek na&nbsp;prvn\u00edch dvou extruzn\u00edch link\u00e1ch od firmy Technoplast Micheldorf GmbH.<\/p>\n\n\n\n<figure class=\"wp-block-image size-large\"><img loading=\"lazy\" decoding=\"async\" width=\"471\" height=\"345\" src=\"http:\/\/symbivita.cz\/blog\/wp-content\/uploads\/2020\/10\/1993-Pramos.jpg\" alt=\"\" class=\"wp-image-1246\" srcset=\"https:\/\/symbivita.cz\/blog\/wp-content\/uploads\/2020\/10\/1993-Pramos.jpg 471w, https:\/\/symbivita.cz\/blog\/wp-content\/uploads\/2020\/10\/1993-Pramos-300x220.jpg 300w\" sizes=\"(max-width: 471px) 100vw, 471px\" \/><\/figure>\n\n\n\n<p>N\u011bkter\u00e1\ndru\u017estva v&nbsp;okol\u00ed se ji\u017e rozpadla. Soukrom\u011b hospoda\u0159it&nbsp; dnes ji\u017e nikdo nechce.<\/p>\n\n\n\n<p>Panu Urb\u00e1nkovi, kter\u00fd za\u010dal hospoda\u0159it v&nbsp;P\u016ftn\u00edch, se asi moc neda\u0159\u00ed.<\/p>\n\n\n\n<figure class=\"wp-block-image size-large\"><img loading=\"lazy\" decoding=\"async\" width=\"1024\" height=\"579\" src=\"http:\/\/symbivita.cz\/blog\/wp-content\/uploads\/2020\/10\/1993-parkur-I-1024x579.jpg\" alt=\"\" class=\"wp-image-1247\" srcset=\"https:\/\/symbivita.cz\/blog\/wp-content\/uploads\/2020\/10\/1993-parkur-I-1024x579.jpg 1024w, https:\/\/symbivita.cz\/blog\/wp-content\/uploads\/2020\/10\/1993-parkur-I-300x170.jpg 300w, https:\/\/symbivita.cz\/blog\/wp-content\/uploads\/2020\/10\/1993-parkur-I-768x434.jpg 768w, https:\/\/symbivita.cz\/blog\/wp-content\/uploads\/2020\/10\/1993-parkur-I.jpg 1155w\" sizes=\"(max-width: 1024px) 100vw, 1024px\" \/><\/figure>\n\n\n\n<p>(N\u010c 1994\n\u010d.2)<\/p>\n\n\n\n<p>Are\u00e1l\nparkuru a koupali\u0161t\u011b skoupil \u010cechoameri\u010dan Miro Urban. P\u0159edlo\u017eil velkolep\u00fd pl\u00e1n\ndal\u0161\u00edch v\u00fdkup\u016f pozemk\u016f i od soukromn\u00edk\u016f, stavby hotelov\u00e9ho za\u0159\u00edzen\u00ed, opravy\nkoupali\u0161t\u011b, z\u0159\u00edzen\u00ed minizoo a dal\u0161\u00edch objekt\u016f. M\u011bla vzniknout par\u00e1dn\u00ed jezdeck\u00e1\n\u0161kola pro jihomoravsk\u00e9, hlavn\u011b brn\u011bnsk\u00e9 prominenty.<\/p>\n\n\n\n<p>Brzy\nst\u00e1le obrovit\u00e1 kryt\u00e1 j\u00edzd\u00e1rna, objevili se kon\u011b a person\u00e1l sestavuj\u00edc\u00ed\nz&nbsp;n\u011bkolika brn\u011bnsk\u00fdch d\u00edvek a Nikol\u010dick\u00e9ho ob\u010dana p. Josefa Tesa\u0159e a pan\nUrban se ob\u010das uk\u00e1zal v&nbsp;n\u00e1dhern\u00e9m bour\u00e1ku, v&nbsp;b\u00edl\u00fdch kalhot\u00e1ch,\nrozd\u00e1val \u00fasm\u011bvy doprov\u00e1zen velik\u00e1nskou dogou.<\/p>\n\n\n\n<p>Potom se za\u010dalo prosl\u00fdchat, \u017ee zam\u011bstnanci nedost\u00e1vaj\u00ed \u0159\u00e1dn\u011b&nbsp; plat, d\u011bv\u010data a kon\u011b zmizeli a Jo\u017ea Tesa\u0159 se \u0161el zapsat&nbsp; coby nezam\u011bstnan\u00fd na pracovn\u00ed \u00fa\u0159ad.<\/p>\n\n\n\n<figure class=\"wp-block-image size-large\"><img loading=\"lazy\" decoding=\"async\" width=\"1024\" height=\"626\" src=\"http:\/\/symbivita.cz\/blog\/wp-content\/uploads\/2020\/10\/1993-zbytek-haly-1024x626.jpg\" alt=\"\" class=\"wp-image-1248\" srcset=\"https:\/\/symbivita.cz\/blog\/wp-content\/uploads\/2020\/10\/1993-zbytek-haly-1024x626.jpg 1024w, https:\/\/symbivita.cz\/blog\/wp-content\/uploads\/2020\/10\/1993-zbytek-haly-300x183.jpg 300w, https:\/\/symbivita.cz\/blog\/wp-content\/uploads\/2020\/10\/1993-zbytek-haly-768x469.jpg 768w, https:\/\/symbivita.cz\/blog\/wp-content\/uploads\/2020\/10\/1993-zbytek-haly.jpg 1101w\" sizes=\"(max-width: 1024px) 100vw, 1024px\" \/><\/figure>\n\n\n\n<p>Foto\nz&nbsp;roku 2019 &#8211; zbytek z\u00e1klad\u016f.<\/p>\n\n\n\n<p>5.z\u00e1\u0159\u00ed\nza\u010d\u00edn\u00e1 \u0161koln\u00ed rok1993\/94<\/p>\n\n\n\n<p>U\u010ditelsk\u00fd\nsbor:<\/p>\n\n\n\n<p>Jel\u00ednkov\u00e1 (Div\u00e1ky). B\u00ednkov\u00e1, Pavlack\u00e1, ing. Straka, Josef Cypri\u00e1n, \u0160emorov\u00e1, \u010cern\u00e1, Sta\u0148kov\u00e1, Cypri\u00e1nov\u00e1, Charv\u00e1tov\u00e1, po MD se vr\u00e1tila M. Pape\u017eov\u00e1. D\u00e1le Mgr. Miroslav Marek- obdr\u017eel \u0161koln\u00ed byt.<\/p>\n\n\n\n<figure class=\"wp-block-image size-large\"><img loading=\"lazy\" decoding=\"async\" width=\"850\" height=\"603\" src=\"http:\/\/symbivita.cz\/blog\/wp-content\/uploads\/2020\/10\/93-94-5.A.jpg\" alt=\"\" class=\"wp-image-1249\" srcset=\"https:\/\/symbivita.cz\/blog\/wp-content\/uploads\/2020\/10\/93-94-5.A.jpg 850w, https:\/\/symbivita.cz\/blog\/wp-content\/uploads\/2020\/10\/93-94-5.A-300x213.jpg 300w, https:\/\/symbivita.cz\/blog\/wp-content\/uploads\/2020\/10\/93-94-5.A-768x545.jpg 768w\" sizes=\"(max-width: 850px) 100vw, 850px\" \/><\/figure>\n\n\n\n<figure class=\"wp-block-image size-large\"><img loading=\"lazy\" decoding=\"async\" width=\"856\" height=\"599\" src=\"http:\/\/symbivita.cz\/blog\/wp-content\/uploads\/2020\/10\/93-94-9.A-a-u\u010ditel\u00e9.jpg\" alt=\"\" class=\"wp-image-1250\" srcset=\"https:\/\/symbivita.cz\/blog\/wp-content\/uploads\/2020\/10\/93-94-9.A-a-u\u010ditel\u00e9.jpg 856w, https:\/\/symbivita.cz\/blog\/wp-content\/uploads\/2020\/10\/93-94-9.A-a-u\u010ditel\u00e9-300x210.jpg 300w, https:\/\/symbivita.cz\/blog\/wp-content\/uploads\/2020\/10\/93-94-9.A-a-u\u010ditel\u00e9-768x537.jpg 768w\" sizes=\"(max-width: 856px) 100vw, 856px\" \/><\/figure>\n\n\n\n<figure class=\"wp-block-image size-large\"><img loading=\"lazy\" decoding=\"async\" width=\"848\" height=\"603\" src=\"http:\/\/symbivita.cz\/blog\/wp-content\/uploads\/2020\/10\/93-94-9.B-a-u\u010ditel\u00e9.jpg\" alt=\"\" class=\"wp-image-1251\" srcset=\"https:\/\/symbivita.cz\/blog\/wp-content\/uploads\/2020\/10\/93-94-9.B-a-u\u010ditel\u00e9.jpg 848w, https:\/\/symbivita.cz\/blog\/wp-content\/uploads\/2020\/10\/93-94-9.B-a-u\u010ditel\u00e9-300x213.jpg 300w, https:\/\/symbivita.cz\/blog\/wp-content\/uploads\/2020\/10\/93-94-9.B-a-u\u010ditel\u00e9-768x546.jpg 768w\" sizes=\"(max-width: 848px) 100vw, 848px\" \/><\/figure>\n\n\n\n<p>Poda\u0159ilo\nse dokon\u010dit p\u0159\u00edstavbu \u0161koly a za\u010d\u00e1tkem \u0161koln\u00edho roku byla p\u0159ed\u00e1na do u\u017e\u00edv\u00e1n\u00ed.<\/p>\n\n\n\n<p>N\u00e1dhern\u00e1\nt\u011blocvi\u010dna, 2 u\u010debny (z&nbsp;toho jedna odborn\u00e1 u\u010debna pro fyziku a chemii),\n\u0161atny, kabinety, prostorn\u00e1 hala pro pobyt a pohyb \u017e\u00e1k\u016f o p\u0159est\u00e1vk\u00e1ch a pro\npo\u0159\u00e1d\u00e1n\u00ed shrom\u00e1\u017ed\u011bn\u00ed a kulturn\u00edch akc\u00ed., sprchy a dal\u0161\u00ed m\u00edstnosti, \u010dist\u00edrna\nodpadn\u00edch vod.<\/p>\n\n\n\n<p>V&nbsp;den otev\u0159en\u00ed uspo\u0159\u00e1dalo obecn\u00ed zastupitelstvo s&nbsp;veden\u00edm \u0161koly slavnostn\u00ed zah\u00e1jen\u00ed \u0161koln\u00edho roku v&nbsp;nov\u00e9 p\u0159\u00edstavb\u011b. Mezi hosty&nbsp; byl p\u0159ednosta Okresn\u00edho \u00fa\u0159adu Mgr. Ji\u0159\u00ed Pavlov, \u0159editel&nbsp; \u0160kolsk\u00e9ho \u00fa\u0159adu PaedDr. Jaroslav Ku\u010dera, starostov\u00e9 sousedn\u00edch obc\u00ed, n\u011bkte\u0159\u00ed b\u00fdval\u00ed a&nbsp; v\u0161ichni sou\u010dasn\u00ed u\u010ditel\u00e9&nbsp; \u0161koly. Ve sv\u00e9m projevu starosta obce vzpomn\u011bl v\u0161echny pot\u00ed\u017ee, kter\u00e9 od roku 1945 a pak po roce 1981 p\u0159\u00edstavbu oddalovaly.<\/p>\n\n\n\n<figure class=\"wp-block-image size-large\"><img loading=\"lazy\" decoding=\"async\" width=\"1024\" height=\"388\" src=\"http:\/\/symbivita.cz\/blog\/wp-content\/uploads\/2020\/10\/1993-Otev\u0159en\u00ed-p\u0159\u00edstavby-I-1024x388.jpg\" alt=\"\" class=\"wp-image-1252\" srcset=\"https:\/\/symbivita.cz\/blog\/wp-content\/uploads\/2020\/10\/1993-Otev\u0159en\u00ed-p\u0159\u00edstavby-I-1024x388.jpg 1024w, https:\/\/symbivita.cz\/blog\/wp-content\/uploads\/2020\/10\/1993-Otev\u0159en\u00ed-p\u0159\u00edstavby-I-300x114.jpg 300w, https:\/\/symbivita.cz\/blog\/wp-content\/uploads\/2020\/10\/1993-Otev\u0159en\u00ed-p\u0159\u00edstavby-I-768x291.jpg 768w, https:\/\/symbivita.cz\/blog\/wp-content\/uploads\/2020\/10\/1993-Otev\u0159en\u00ed-p\u0159\u00edstavby-I.jpg 1123w\" sizes=\"(max-width: 1024px) 100vw, 1024px\" \/><\/figure>\n\n\n\n<p>V&nbsp;kulturn\u00edm\nprogramu byly \u010dteny uk\u00e1zky z&nbsp;obecn\u00ed kroniky a vystoupili \u017e\u00e1ci se zp\u011bvy a\ntanci. Kr\u00e1sn\u00e9 p\u00e1smo p\u0159edvedl recita\u010dn\u00ed soubor z&nbsp;K\u0159epic., v\u00edt\u011bz celost\u00e1tn\u00ed\np\u0159ehl\u00eddky, veden\u00fd p. \u0159editelkou Jaroslavou Dobrovolnou. Hr\u00e1la d\u011btsk\u00e1 dechovka\nz&nbsp;K\u0159epic veden\u00e1 p. Miroslavem Brychtou.<\/p>\n\n\n\n<p>Prob\u011bhlo modern\u00ed p\u00e1smo Poh\u00e1dka a jej\u00ed ilustrace.<\/p>\n\n\n\n<figure class=\"wp-block-image size-large\"><img loading=\"lazy\" decoding=\"async\" width=\"1024\" height=\"373\" src=\"http:\/\/symbivita.cz\/blog\/wp-content\/uploads\/2020\/10\/1993-Otev\u0159en\u00ed-p\u0159\u00edstavby-II-1024x373.jpg\" alt=\"\" class=\"wp-image-1253\" srcset=\"https:\/\/symbivita.cz\/blog\/wp-content\/uploads\/2020\/10\/1993-Otev\u0159en\u00ed-p\u0159\u00edstavby-II-1024x373.jpg 1024w, https:\/\/symbivita.cz\/blog\/wp-content\/uploads\/2020\/10\/1993-Otev\u0159en\u00ed-p\u0159\u00edstavby-II-300x109.jpg 300w, https:\/\/symbivita.cz\/blog\/wp-content\/uploads\/2020\/10\/1993-Otev\u0159en\u00ed-p\u0159\u00edstavby-II-768x280.jpg 768w, https:\/\/symbivita.cz\/blog\/wp-content\/uploads\/2020\/10\/1993-Otev\u0159en\u00ed-p\u0159\u00edstavby-II.jpg 1109w\" sizes=\"(max-width: 1024px) 100vw, 1024px\" \/><\/figure>\n\n\n\n<figure class=\"wp-block-image size-large\"><img loading=\"lazy\" decoding=\"async\" width=\"1024\" height=\"382\" src=\"http:\/\/symbivita.cz\/blog\/wp-content\/uploads\/2020\/10\/1993-Otev\u0159en\u00ed-p\u0159\u00edstavby-III-1024x382.jpg\" alt=\"\" class=\"wp-image-1254\" srcset=\"https:\/\/symbivita.cz\/blog\/wp-content\/uploads\/2020\/10\/1993-Otev\u0159en\u00ed-p\u0159\u00edstavby-III-1024x382.jpg 1024w, https:\/\/symbivita.cz\/blog\/wp-content\/uploads\/2020\/10\/1993-Otev\u0159en\u00ed-p\u0159\u00edstavby-III-300x112.jpg 300w, https:\/\/symbivita.cz\/blog\/wp-content\/uploads\/2020\/10\/1993-Otev\u0159en\u00ed-p\u0159\u00edstavby-III-768x287.jpg 768w, https:\/\/symbivita.cz\/blog\/wp-content\/uploads\/2020\/10\/1993-Otev\u0159en\u00ed-p\u0159\u00edstavby-III.jpg 1104w\" sizes=\"(max-width: 1024px) 100vw, 1024px\" \/><\/figure>\n\n\n\n<p>6. z\u00e1\u0159\u00ed1993 p\u0159edvedli \u017e\u00e1ci 4. a 5. ro\u010dn\u00edku pod veden\u00edm\nu\u010ditelky Heleny Pavlack\u00e9 francouzko &#8211; \u010deskou verzi Mal\u00e9ho prince v&nbsp;Brn\u011b na\nn\u00e1dvo\u0159\u00ed Star\u00e9 radnice. \u010cty\u0159i mlad\u00ed herci byli ocen\u011bni.<\/p>\n\n\n\n<p>Mysliveck\u00e1\nspole\u010dnost z\u00edskala nav\u00edc 180 ha honitby u Nov\u00e9ho Dvora, kter\u00e1 p\u0159edt\u00edm pat\u0159ila\nst\u00e1tu. Nyn\u00ed m\u00e1 celkem 1000ha. Stav zv\u011b\u0159e se m\u00edrn\u011b zv\u00fd\u0161il, bylo zast\u0159eleno 50\nzaj\u00edc\u016f, 120 ba\u017eant\u016f, 19 ks srn\u010d\u00edho, 3 ks \u010dern\u00e9 zv\u011b\u0159e a 10 li\u0161ek. Spole\u010dnost\np\u0159evedlo \u010d\u00e1stku 2500,-K\u010d na zaji\u0161t\u011bn\u00ed tr\u00e9ninku v\u0161ech dru\u017estev TJ Dru\u017estevn\u00edk\nNikol\u010dice v&nbsp;t\u011blocvi\u010dn\u011b v&nbsp;zimn\u00edm obdob\u00ed. (N\u010c, 1994 \u010d.1).<\/p>\n\n\n\n<p>P\u0159i\nvypalov\u00e1n\u00ed such\u00e9 tr\u00e1vy vznikl rozs\u00e1hl\u00fd po\u017e\u00e1r v&nbsp;P\u016ftn\u00edch a Nejperk\u00e1ch.<\/p>\n\n\n\n<p>N\u011bkte\u0159\u00ed\nob\u010dan\u00e9 doplatili na chov tzv. kalifornsk\u00fdch \u017e\u00ed\u017eal, jin\u00ed zase na chov hlem\u00fd\u017e\u010f\u016f.<\/p>\n\n\n\n<p>Za humny\nv&nbsp;Majer\u00e1ch a u h\u0159i\u0161t\u011b&nbsp; byly\nvybudov\u00e1ny&nbsp; nov\u00e9 \u00faseky&nbsp; bezpra\u0161n\u00fdch&nbsp;\nvozovek v&nbsp;d\u00e9lce 442 m. Te\u010f ji\u017e se suchou nohou dostanete do\nkter\u00e9koliv \u010d\u00e1sti vesnice a rychle zapom\u00edn\u00e1me na b\u00fdval\u00e9 \u201e v\u011brn\u00e9\u201c nikol\u010dick\u00e9\nbl\u00e1to.<\/p>\n\n\n\n<p>V&nbsp;\u0159adovce\nu h\u0159i\u0161t\u011b&nbsp; p\u0159ibyly dna rodinn\u00e9 domky \u010d.\n270 ( Hirschovi) a 271 (Sedlovi), v&nbsp;dosavadn\u00ed z\u00e1stavb\u011b byly zcela p\u0159estav\u011bny\ndomy \u010d. 30 (Josef Strouhal) a 197 (Vlastimil Strouhal).<\/p>\n\n\n\n<p>Obec\nz\u0159\u00eddila kryt\u00e9 hudebn\u00ed podium s&nbsp;podsklepen\u00edm u h\u0159i\u0161t\u011b pro \u00fa\u010dely tane\u010dn\u00edch\nz\u00e1bav a zejm\u00e9na hod\u016f.&nbsp; <\/p>\n\n\n\n<p>U h\u0159bitova\nvykop\u00e1na nov\u00e1 studna opat\u0159ena pumpou a k&nbsp;n\u00ed byl upraven chodn\u00edk.<\/p>\n\n\n\n<p>V&nbsp;Nikol\u010dic\u00edch je 34 telefonn\u00edch stanic.<\/p>\n\n\n\n<p>Brambory\np\u0159inesly velkou \u00farodu, podobn\u011b byla \u00faroda merun\u011bk a jablek, modr\u00e9ho ovoce bylo\nm\u00e9n\u011b.<\/p>\n\n\n\n<p>Bylo dost\nh\u0159ibov\u00fdch hub. Medov\u00e1 sn\u016f\u0161ka byla abnorm\u00e1ln\u011b&nbsp;\nvysok\u00e1, \u00faroda hrozn\u016f st\u0159edn\u00ed, sladkost vy\u0161\u0161\u00ed.<\/p>\n\n\n\n<p>1.listopadu za\u010d\u00edn\u00e1&nbsp; svou &nbsp;\u010dinnost n\u00e1jemce st\u00e1tn\u00edho statku Nov\u00fd&nbsp; Dv\u016fr Rostislav Jones, obnovil rybn\u00edk, (foto z&nbsp;roku 2019)<\/p>\n\n\n\n<figure class=\"wp-block-image size-large\"><img loading=\"lazy\" decoding=\"async\" width=\"1024\" height=\"324\" src=\"http:\/\/symbivita.cz\/blog\/wp-content\/uploads\/2020\/10\/1993-ND-rybn\u00edk-1024x324.jpg\" alt=\"\" class=\"wp-image-1255\" srcset=\"https:\/\/symbivita.cz\/blog\/wp-content\/uploads\/2020\/10\/1993-ND-rybn\u00edk-1024x324.jpg 1024w, https:\/\/symbivita.cz\/blog\/wp-content\/uploads\/2020\/10\/1993-ND-rybn\u00edk-300x95.jpg 300w, https:\/\/symbivita.cz\/blog\/wp-content\/uploads\/2020\/10\/1993-ND-rybn\u00edk-768x243.jpg 768w, https:\/\/symbivita.cz\/blog\/wp-content\/uploads\/2020\/10\/1993-ND-rybn\u00edk.jpg 1198w\" sizes=\"(max-width: 1024px) 100vw, 1024px\" \/><\/figure>\n\n\n\n<p>opravuje budovy, cesty ve\u0159ejn\u00e1 prostranstv\u00ed. Specializuje se na p\u011bstov\u00e1n\u00ed zrnov\u00e9 kuku\u0159ice.<\/p>\n\n\n\n<figure class=\"wp-block-image size-large\"><img loading=\"lazy\" decoding=\"async\" width=\"602\" height=\"396\" src=\"http:\/\/symbivita.cz\/blog\/wp-content\/uploads\/2020\/10\/1993-ND-Jonas-I.jpg\" alt=\"\" class=\"wp-image-1256\" srcset=\"https:\/\/symbivita.cz\/blog\/wp-content\/uploads\/2020\/10\/1993-ND-Jonas-I.jpg 602w, https:\/\/symbivita.cz\/blog\/wp-content\/uploads\/2020\/10\/1993-ND-Jonas-I-300x197.jpg 300w\" sizes=\"(max-width: 602px) 100vw, 602px\" \/><\/figure>\n\n\n\n<p>V&nbsp;listopadu\nsn\u011b\u017eilo, sn\u00edh vydr\u017eel do v\u00e1noc, <\/p>\n\n\n\n<p>tehdy\nnapadlo 25 cm.<\/p>\n\n\n\n<p>Prosinec &#8211; Z\u0160 uspo\u0159\u00e1dala \u201eV\u00e1no\u010dn\u00ed akademii \u201c.<\/p>\n\n\n\n<figure class=\"wp-block-image size-large\"><img loading=\"lazy\" decoding=\"async\" width=\"1024\" height=\"374\" src=\"http:\/\/symbivita.cz\/blog\/wp-content\/uploads\/2020\/10\/1993-V\u00e1no\u010dn\u00ed-akademie-I-1024x374.jpg\" alt=\"\" class=\"wp-image-1257\" srcset=\"https:\/\/symbivita.cz\/blog\/wp-content\/uploads\/2020\/10\/1993-V\u00e1no\u010dn\u00ed-akademie-I-1024x374.jpg 1024w, https:\/\/symbivita.cz\/blog\/wp-content\/uploads\/2020\/10\/1993-V\u00e1no\u010dn\u00ed-akademie-I-300x110.jpg 300w, https:\/\/symbivita.cz\/blog\/wp-content\/uploads\/2020\/10\/1993-V\u00e1no\u010dn\u00ed-akademie-I-768x281.jpg 768w, https:\/\/symbivita.cz\/blog\/wp-content\/uploads\/2020\/10\/1993-V\u00e1no\u010dn\u00ed-akademie-I.jpg 1097w\" sizes=\"(max-width: 1024px) 100vw, 1024px\" \/><\/figure>\n\n\n\n<figure class=\"wp-block-image size-large\"><img loading=\"lazy\" decoding=\"async\" width=\"764\" height=\"535\" src=\"http:\/\/symbivita.cz\/blog\/wp-content\/uploads\/2020\/10\/1993-V\u00e1no\u010dn\u00ed-akademie-II.jpg\" alt=\"\" class=\"wp-image-1258\" srcset=\"https:\/\/symbivita.cz\/blog\/wp-content\/uploads\/2020\/10\/1993-V\u00e1no\u010dn\u00ed-akademie-II.jpg 764w, https:\/\/symbivita.cz\/blog\/wp-content\/uploads\/2020\/10\/1993-V\u00e1no\u010dn\u00ed-akademie-II-300x210.jpg 300w\" sizes=\"(max-width: 764px) 100vw, 764px\" \/><\/figure>\n\n\n\n<p>26.prosince\nuspo\u0159\u00e1dala TJ Dru\u017estevn\u00edk \u201eV\u00e1no\u010dn\u00ed turnaj\u201c ve stoln\u00edm tenise v&nbsp;nov\u00e9 t\u011blocvi\u010dn\u011b.\nZ\u00fa\u010dastnilo se celkem 32 hr\u00e1\u010d\u016f, zv\u00edt\u011bzil Jaroslav Kul\u00ed\u0161ek. Je poznat dlouhou\nabsenci t\u00e9to hry ( naposledy ve star\u00e9m s\u00e1le OB), mezi posledn\u00edch osm hr\u00e1\u010d\u016f se\nprobojovalo 6 star\u0161\u00edch 40let, pouze 1 dorostenec. (N\u010c, 1994 \u010d.1).<\/p>\n\n\n\n<p>Silvestr\nprob\u00edhal v&nbsp;hospod\u011b &#8211; po\u0159adatelem byl soukrom\u00fd podnikatel.<\/p>\n\n\n\n<p>Narodilo\nse 8 d\u011bt\u00ed, zem\u0159elo 6 ob\u010dan\u016f. Odhl\u00e1\u0161en\u00fdch z&nbsp;trval\u00e9ho pobytu 11 a p\u0159ihl\u00e1\u0161en\u00fdch\nk&nbsp;trval\u00e9mu pobytu 18.<\/p>\n\n\n\n<p><strong>1994<\/strong><\/p>\n\n\n\n<p>Vydatn\u00e1\nsn\u011bhov\u00e1 nab\u00eddka dlouho nevydr\u017eela. Leden byl tepl\u00fd, v&nbsp;\u00fanoru teplota k -15\nst, jaro m\u00edrn\u00e9, ale v&nbsp;polovin\u011b&nbsp;\n\u010dervna&nbsp; nastoupily rekordn\u00ed\ntropick\u00e9 dny, bez sr\u00e1\u017eek a takov\u00e9 po\u010das\u00ed trvalo 3&nbsp; m\u011bs\u00edce. I podzim byl pom\u011brn\u011b chud\u00fd na vodu.\nSn\u00edh lehce p\u0159ekryl v\u00e1noce a do Silvestra se zase oteplilo.<\/p>\n\n\n\n<p>15. ledna\nuspo\u0159\u00e1dal TJ Dru\u017estevn\u00edk \u201e spole\u010densk\u00fd ples\u201c. K&nbsp;tanci a poslechu hr\u00e1la\n\u201eNekvapilka\u201c. Tato akce se velmi vyda\u0159ila. (N\u010c,1994 \u010d.1).<\/p>\n\n\n\n<p>Po del\u0161\u00ed\nodmlce za\u010dal znovu vych\u00e1zet \u201eNikol\u010dick\u00fd \u010dasopis\u201c.<\/p>\n\n\n\n<p>Byly\nzakoupeny lamin\u00e1tov\u00e9 \u017elut\u00e9 kontejnery na sb\u011br plast\u016f- za\u010d\u00e1tek snahy sb\u011bru\nt\u0159\u00edd\u011bn\u00e9ho odpadu. Obec zaji\u0161\u0165uje pro ka\u017ed\u00e9ho jej\u00edho obyvatele mo\u017enost zne\u0161kodn\u011bn\u00ed\nv\u0161ech b\u011b\u017en\u00fdch odpad\u016f. Obec je akcion\u00e1\u0159em skl\u00e1dky TKO Hant\u00e1ly.a.s.<\/p>\n\n\n\n<p>\u00danor \u2013 b\u0159ezen. \u0160kola po\u0159\u00e1dala 2 x d\u011btsk\u00fd karneval (jednou pro mlad\u0161\u00ed, jednou pro star\u0161\u00ed \u017e\u00e1ky) Organizovaly u\u010ditelky: \u010cern\u00e1, Sta\u0148kov\u00e1, Svobodov\u00e1, Jel\u00ednkov\u00e1 a Charv\u00e1tov\u00e1.<\/p>\n\n\n\n<figure class=\"wp-block-image size-large\"><img loading=\"lazy\" decoding=\"async\" width=\"1024\" height=\"380\" src=\"http:\/\/symbivita.cz\/blog\/wp-content\/uploads\/2020\/10\/1994-D\u011btsk\u00fd-karneval-1024x380.jpg\" alt=\"\" class=\"wp-image-1259\" srcset=\"https:\/\/symbivita.cz\/blog\/wp-content\/uploads\/2020\/10\/1994-D\u011btsk\u00fd-karneval-1024x380.jpg 1024w, https:\/\/symbivita.cz\/blog\/wp-content\/uploads\/2020\/10\/1994-D\u011btsk\u00fd-karneval-300x111.jpg 300w, https:\/\/symbivita.cz\/blog\/wp-content\/uploads\/2020\/10\/1994-D\u011btsk\u00fd-karneval-768x285.jpg 768w, https:\/\/symbivita.cz\/blog\/wp-content\/uploads\/2020\/10\/1994-D\u011btsk\u00fd-karneval.jpg 1099w\" sizes=\"(max-width: 1024px) 100vw, 1024px\" \/><\/figure>\n\n\n\n<p>2.\u00fanora. V\u00fdstavu v\u00edn uspo\u0159\u00e1dal \u010cZS a ostatkovou z\u00e1bavu.<\/p>\n\n\n\n<figure class=\"wp-block-image size-large\"><img loading=\"lazy\" decoding=\"async\" width=\"607\" height=\"336\" src=\"http:\/\/symbivita.cz\/blog\/wp-content\/uploads\/2020\/10\/1994-V\u00fdstava-v\u00edn.jpg\" alt=\"\" class=\"wp-image-1260\" srcset=\"https:\/\/symbivita.cz\/blog\/wp-content\/uploads\/2020\/10\/1994-V\u00fdstava-v\u00edn.jpg 607w, https:\/\/symbivita.cz\/blog\/wp-content\/uploads\/2020\/10\/1994-V\u00fdstava-v\u00edn-300x166.jpg 300w\" sizes=\"(max-width: 607px) 100vw, 607px\" \/><\/figure>\n\n\n\n<p>Ly\u017ea\u0159sk\u00fd kurz v&nbsp;Jesen\u00edk\u00e1ch, organizovala p. u\u010ditelka Sta\u0148kov\u00e1.<\/p>\n\n\n\n<figure class=\"wp-block-image size-large\"><img loading=\"lazy\" decoding=\"async\" width=\"1024\" height=\"368\" src=\"http:\/\/symbivita.cz\/blog\/wp-content\/uploads\/2020\/10\/1994-Ly\u017ea\u0159sk\u00fd-kurz-1024x368.jpg\" alt=\"\" class=\"wp-image-1261\" srcset=\"https:\/\/symbivita.cz\/blog\/wp-content\/uploads\/2020\/10\/1994-Ly\u017ea\u0159sk\u00fd-kurz-1024x368.jpg 1024w, https:\/\/symbivita.cz\/blog\/wp-content\/uploads\/2020\/10\/1994-Ly\u017ea\u0159sk\u00fd-kurz-300x108.jpg 300w, https:\/\/symbivita.cz\/blog\/wp-content\/uploads\/2020\/10\/1994-Ly\u017ea\u0159sk\u00fd-kurz-768x276.jpg 768w, https:\/\/symbivita.cz\/blog\/wp-content\/uploads\/2020\/10\/1994-Ly\u017ea\u0159sk\u00fd-kurz.jpg 1113w\" sizes=\"(max-width: 1024px) 100vw, 1024px\" \/><\/figure>\n\n\n\n<p>Ples TJ<\/p>\n\n\n\n<p>B\u0159ezen &#8211; MD\u017d- do programu p\u0159isp\u011bli sv\u00fdm vystoupen\u00edm \u017e\u00e1ci\nze&nbsp; Z\u0160 a M\u0160<\/p>\n\n\n\n<p>1.dubna 1994 byl ukon\u010den provoz na skl\u00e1dce v&nbsp;k.\u00fa.\nNikol\u010dice provozovan\u00e9 Gumotexem B\u0159eclav. (N\u010c, 1994 \u010d.2).<\/p>\n\n\n\n<p>1994 p\u0159edvedli \u017e\u00e1ci 4. a 5. ro\u010dn\u00edku pod veden\u00edm u\u010ditelky Heleny Pavlack\u00e9 francouzko &#8211; \u010deskou verzi Mal\u00e9ho prince a skupina \u017e\u00e1k\u016f 8. t\u0159\u00eddy vystoupila v&nbsp;re\u017eii Josefa \u010cern\u00e9ho se dv\u011bma epizodami&nbsp;Roku na vsi: Pok\u00f3\u0161ka a U doktora. Oba soubory vystoupily na p\u0159ehl\u00eddce divadeln\u00edch soubor\u016f v&nbsp;Hustope\u010d\u00edch, mlad\u0161\u00ed soubor p\u0159edvedl&nbsp;Mal\u00e9ho prince i v&nbsp;Brn\u011b na n\u00e1dvo\u0159\u00ed Star\u00e9 radnice 6. z\u00e1\u0159\u00ed 1993.<\/p>\n\n\n\n<figure class=\"wp-block-image size-large\"><img loading=\"lazy\" decoding=\"async\" width=\"1024\" height=\"710\" src=\"http:\/\/symbivita.cz\/blog\/wp-content\/uploads\/2020\/10\/1994-Mal\u00fd-princ-1024x710.jpg\" alt=\"\" class=\"wp-image-1262\" srcset=\"https:\/\/symbivita.cz\/blog\/wp-content\/uploads\/2020\/10\/1994-Mal\u00fd-princ-1024x710.jpg 1024w, https:\/\/symbivita.cz\/blog\/wp-content\/uploads\/2020\/10\/1994-Mal\u00fd-princ-300x208.jpg 300w, https:\/\/symbivita.cz\/blog\/wp-content\/uploads\/2020\/10\/1994-Mal\u00fd-princ-768x533.jpg 768w, https:\/\/symbivita.cz\/blog\/wp-content\/uploads\/2020\/10\/1994-Mal\u00fd-princ-1536x1066.jpg 1536w, https:\/\/symbivita.cz\/blog\/wp-content\/uploads\/2020\/10\/1994-Mal\u00fd-princ.jpg 1538w\" sizes=\"(max-width: 1024px) 100vw, 1024px\" \/><\/figure>\n\n\n\n<p>\u010cty\u0159i na\u0161i mlad\u00ed herci byli odm\u011bn\u011bni \u201eHustope\u010dsk\u00fdm elf\u00edkem\u201c&nbsp;&nbsp;&nbsp;&nbsp; (keramickou so\u0161kou).<\/p>\n\n\n\n<figure class=\"wp-block-image size-large\"><img loading=\"lazy\" decoding=\"async\" width=\"666\" height=\"881\" src=\"http:\/\/symbivita.cz\/blog\/wp-content\/uploads\/2020\/10\/1994-divadlo-v-Hustope\u010d\u00edch-\u010dl\u00e1nek.jpg\" alt=\"\" class=\"wp-image-1263\" srcset=\"https:\/\/symbivita.cz\/blog\/wp-content\/uploads\/2020\/10\/1994-divadlo-v-Hustope\u010d\u00edch-\u010dl\u00e1nek.jpg 666w, https:\/\/symbivita.cz\/blog\/wp-content\/uploads\/2020\/10\/1994-divadlo-v-Hustope\u010d\u00edch-\u010dl\u00e1nek-227x300.jpg 227w\" sizes=\"(max-width: 666px) 100vw, 666px\" \/><\/figure>\n\n\n\n<p>P\u0159eti\u0161t\u011bno ze zpr\u00e1vy o pr\u016fb\u011bhu hustope\u010dsk\u00e9ho festivalu\nd\u011btsk\u00fdch divadel.(N\u010c 1994\u010d.2)<\/p>\n\n\n\n<p>Kv\u011bten &#8211; krojovan\u00e1\nm\u00e1jov\u00e1 z\u00e1bava- po\u0159\u00e1dali rodi\u010de st\u00e1rk\u016f.<\/p>\n\n\n\n<p>Obec Nikol\u010dice vstoupila do \u201e Sdru\u017een\u00ed obc\u00ed Ji\u017en\u00ed Moravy\u201c.<\/p>\n\n\n\n<p>\u010cervenec &#8211;\nHody\npo\u0159\u00e1dal TJ Dru\u017estevn\u00edk<\/p>\n\n\n\n<p>Jezdeck\u00e1 sout\u011b\u017e na parkuru.<\/p>\n\n\n\n<figure class=\"wp-block-image size-large\"><img loading=\"lazy\" decoding=\"async\" width=\"1024\" height=\"703\" src=\"http:\/\/symbivita.cz\/blog\/wp-content\/uploads\/2020\/10\/1994-Parkur-1024x703.jpg\" alt=\"\" class=\"wp-image-1264\" srcset=\"https:\/\/symbivita.cz\/blog\/wp-content\/uploads\/2020\/10\/1994-Parkur-1024x703.jpg 1024w, https:\/\/symbivita.cz\/blog\/wp-content\/uploads\/2020\/10\/1994-Parkur-300x206.jpg 300w, https:\/\/symbivita.cz\/blog\/wp-content\/uploads\/2020\/10\/1994-Parkur-768x528.jpg 768w, https:\/\/symbivita.cz\/blog\/wp-content\/uploads\/2020\/10\/1994-Parkur.jpg 1252w\" sizes=\"(max-width: 1024px) 100vw, 1024px\" \/><\/figure>\n\n\n\n<p>V&nbsp;srpnu nav\u0161t\u00edvila Nikol\u010dice pan\u00ed Helena Pe\u0159inov\u00e1\nz&nbsp;Kalifornie. Jej\u00ed matka se jmenovala Olga \u0160ed\u00e1 a provdala se za Pe\u0159inu.\nTen pob\u00fdval b\u011bhem protektor\u00e1tu v Nikol\u010dic\u00edch jako \u010dlen pohrani\u010dn\u00ed str\u00e1\u017ee. Kdy\u017e\nse pozd\u011bji rozvedli, otec s&nbsp;dcerou Helenou p\u0159e\u0161el protektor\u00e1tn\u00ed hranice a\ndostal se do Berl\u00edna a odtud do USA.<\/p>\n\n\n\n<p>\u0160\u00farovsk\u00e9 hry<\/p>\n\n\n\n<figure class=\"wp-block-image size-large\"><img loading=\"lazy\" decoding=\"async\" width=\"1024\" height=\"381\" src=\"http:\/\/symbivita.cz\/blog\/wp-content\/uploads\/2020\/10\/1994-\u0160\u00farovsk\u00e9-hry-I-1024x381.jpg\" alt=\"\" class=\"wp-image-1265\" srcset=\"https:\/\/symbivita.cz\/blog\/wp-content\/uploads\/2020\/10\/1994-\u0160\u00farovsk\u00e9-hry-I-1024x381.jpg 1024w, https:\/\/symbivita.cz\/blog\/wp-content\/uploads\/2020\/10\/1994-\u0160\u00farovsk\u00e9-hry-I-300x112.jpg 300w, https:\/\/symbivita.cz\/blog\/wp-content\/uploads\/2020\/10\/1994-\u0160\u00farovsk\u00e9-hry-I-768x285.jpg 768w, https:\/\/symbivita.cz\/blog\/wp-content\/uploads\/2020\/10\/1994-\u0160\u00farovsk\u00e9-hry-I.jpg 1103w\" sizes=\"(max-width: 1024px) 100vw, 1024px\" \/><figcaption>  B\u011bh na 600 a 800 m <\/figcaption><\/figure>\n\n\n\n<figure class=\"wp-block-image size-large\"><img loading=\"lazy\" decoding=\"async\" width=\"1024\" height=\"378\" src=\"http:\/\/symbivita.cz\/blog\/wp-content\/uploads\/2020\/10\/1994-\u0160\u00farovsk\u00e9-hry-II-1024x378.jpg\" alt=\"\" class=\"wp-image-1266\" srcset=\"https:\/\/symbivita.cz\/blog\/wp-content\/uploads\/2020\/10\/1994-\u0160\u00farovsk\u00e9-hry-II-1024x378.jpg 1024w, https:\/\/symbivita.cz\/blog\/wp-content\/uploads\/2020\/10\/1994-\u0160\u00farovsk\u00e9-hry-II-300x111.jpg 300w, https:\/\/symbivita.cz\/blog\/wp-content\/uploads\/2020\/10\/1994-\u0160\u00farovsk\u00e9-hry-II-768x283.jpg 768w, https:\/\/symbivita.cz\/blog\/wp-content\/uploads\/2020\/10\/1994-\u0160\u00farovsk\u00e9-hry-II.jpg 1108w\" sizes=\"(max-width: 1024px) 100vw, 1024px\" \/><figcaption>H\u00e1zen\u00e1<\/figcaption><\/figure>\n\n\n\n<figure class=\"wp-block-image size-large\"><img loading=\"lazy\" decoding=\"async\" width=\"1024\" height=\"376\" src=\"http:\/\/symbivita.cz\/blog\/wp-content\/uploads\/2020\/10\/1994-\u0160\u00farovsk\u00e9-hry-III-1024x376.jpg\" alt=\"\" class=\"wp-image-1267\" srcset=\"https:\/\/symbivita.cz\/blog\/wp-content\/uploads\/2020\/10\/1994-\u0160\u00farovsk\u00e9-hry-III-1024x376.jpg 1024w, https:\/\/symbivita.cz\/blog\/wp-content\/uploads\/2020\/10\/1994-\u0160\u00farovsk\u00e9-hry-III-300x110.jpg 300w, https:\/\/symbivita.cz\/blog\/wp-content\/uploads\/2020\/10\/1994-\u0160\u00farovsk\u00e9-hry-III-768x282.jpg 768w, https:\/\/symbivita.cz\/blog\/wp-content\/uploads\/2020\/10\/1994-\u0160\u00farovsk\u00e9-hry-III.jpg 1105w\" sizes=\"(max-width: 1024px) 100vw, 1024px\" \/><figcaption>\u0160tafeta chlapci<\/figcaption><\/figure>\n\n\n\n<p>\u010cervenec\n1994. Vedle knihovny na \u010d. 87 (b\u00fdval\u00e9 hospod\u00e1\u0159stv\u00ed p. Josefa Hlav\u00e1\u010dka) bylo\nz\u0159\u00edzeno jednatelstv\u00ed spo\u0159itelny a po\u0161tovn\u00ed st\u0159edisko. Rekonstrukce byla\ndokon\u010dena, vyd\u00e1n kolauda\u010dn\u00ed protokol, provoz byl zah\u00e1jen.<\/p>\n\n\n\n<p>1.z\u00e1\u0159\u00ed za\u010dal \u0161koln\u00ed rok 1994\/95<\/p>\n\n\n\n<p>\u0158editel Josef \u010cern\u00fd<\/p>\n\n\n\n<p>U\u010ditel\u00e9 na prvn\u00edm stupni: B\u00ednkov\u00e1, Jel\u00ednkov\u00e1. U\u010ditelka Helena\nPavlack\u00e1 vyhr\u00e1la konkurz na \u0159editelku v&nbsp;Brn\u011b v&nbsp;\u0158e\u010dkovic\u00edch.<\/p>\n\n\n\n<p>U\u010ditel\u00e9 na druh\u00e9m stupni: Pape\u017eov\u00e1, Charv\u00e1tov\u00e1, Straka, Cypri\u00e1n, \u0160emorov\u00e1, \u010cern\u00e1, Marek. &nbsp;D\u00e1le Lenka Brenkusov\u00e1, Jana Strouhalov\u00e1, Hana \u010cern\u00e1.<\/p>\n\n\n\n<figure class=\"wp-block-image size-large\"><img loading=\"lazy\" decoding=\"async\" width=\"736\" height=\"521\" src=\"http:\/\/symbivita.cz\/blog\/wp-content\/uploads\/2020\/10\/94-95-4.a1t\u0159.jpg\" alt=\"\" class=\"wp-image-1268\" srcset=\"https:\/\/symbivita.cz\/blog\/wp-content\/uploads\/2020\/10\/94-95-4.a1t\u0159.jpg 736w, https:\/\/symbivita.cz\/blog\/wp-content\/uploads\/2020\/10\/94-95-4.a1t\u0159-300x212.jpg 300w\" sizes=\"(max-width: 736px) 100vw, 736px\" \/><\/figure>\n\n\n\n<figure class=\"wp-block-image size-large\"><img loading=\"lazy\" decoding=\"async\" width=\"736\" height=\"521\" src=\"http:\/\/symbivita.cz\/blog\/wp-content\/uploads\/2020\/10\/94-95-3.a2t\u0159.jpg\" alt=\"\" class=\"wp-image-1269\" srcset=\"https:\/\/symbivita.cz\/blog\/wp-content\/uploads\/2020\/10\/94-95-3.a2t\u0159.jpg 736w, https:\/\/symbivita.cz\/blog\/wp-content\/uploads\/2020\/10\/94-95-3.a2t\u0159-300x212.jpg 300w\" sizes=\"(max-width: 736px) 100vw, 736px\" \/><\/figure>\n\n\n\n<figure class=\"wp-block-image size-large\"><img loading=\"lazy\" decoding=\"async\" width=\"680\" height=\"480\" src=\"http:\/\/symbivita.cz\/blog\/wp-content\/uploads\/2020\/10\/94-95_6.A.jpg\" alt=\"\" class=\"wp-image-1270\" srcset=\"https:\/\/symbivita.cz\/blog\/wp-content\/uploads\/2020\/10\/94-95_6.A.jpg 680w, https:\/\/symbivita.cz\/blog\/wp-content\/uploads\/2020\/10\/94-95_6.A-300x212.jpg 300w\" sizes=\"(max-width: 680px) 100vw, 680px\" \/><\/figure>\n\n\n\n<figure class=\"wp-block-image size-large\"><img loading=\"lazy\" decoding=\"async\" width=\"853\" height=\"601\" src=\"http:\/\/symbivita.cz\/blog\/wp-content\/uploads\/2020\/10\/94-95-6.B.jpg\" alt=\"\" class=\"wp-image-1271\" srcset=\"https:\/\/symbivita.cz\/blog\/wp-content\/uploads\/2020\/10\/94-95-6.B.jpg 853w, https:\/\/symbivita.cz\/blog\/wp-content\/uploads\/2020\/10\/94-95-6.B-300x211.jpg 300w, https:\/\/symbivita.cz\/blog\/wp-content\/uploads\/2020\/10\/94-95-6.B-768x541.jpg 768w\" sizes=\"(max-width: 853px) 100vw, 853px\" \/><\/figure>\n\n\n\n<figure class=\"wp-block-image size-large\"><img loading=\"lazy\" decoding=\"async\" width=\"680\" height=\"470\" src=\"http:\/\/symbivita.cz\/blog\/wp-content\/uploads\/2020\/10\/94-95_7.A.jpg\" alt=\"\" class=\"wp-image-1272\" srcset=\"https:\/\/symbivita.cz\/blog\/wp-content\/uploads\/2020\/10\/94-95_7.A.jpg 680w, https:\/\/symbivita.cz\/blog\/wp-content\/uploads\/2020\/10\/94-95_7.A-300x207.jpg 300w\" sizes=\"(max-width: 680px) 100vw, 680px\" \/><\/figure>\n\n\n\n<figure class=\"wp-block-image size-large\"><img loading=\"lazy\" decoding=\"async\" width=\"680\" height=\"470\" src=\"http:\/\/symbivita.cz\/blog\/wp-content\/uploads\/2020\/10\/94-95_7.B.jpg\" alt=\"\" class=\"wp-image-1273\" srcset=\"https:\/\/symbivita.cz\/blog\/wp-content\/uploads\/2020\/10\/94-95_7.B.jpg 680w, https:\/\/symbivita.cz\/blog\/wp-content\/uploads\/2020\/10\/94-95_7.B-300x207.jpg 300w\" sizes=\"(max-width: 680px) 100vw, 680px\" \/><\/figure>\n\n\n\n<figure class=\"wp-block-image size-large\"><img loading=\"lazy\" decoding=\"async\" width=\"736\" height=\"521\" src=\"http:\/\/symbivita.cz\/blog\/wp-content\/uploads\/2020\/10\/94-95-5.A.jpg\" alt=\"\" class=\"wp-image-1274\" srcset=\"https:\/\/symbivita.cz\/blog\/wp-content\/uploads\/2020\/10\/94-95-5.A.jpg 736w, https:\/\/symbivita.cz\/blog\/wp-content\/uploads\/2020\/10\/94-95-5.A-300x212.jpg 300w\" sizes=\"(max-width: 736px) 100vw, 736px\" \/><\/figure>\n\n\n\n<figure class=\"wp-block-image size-large\"><img loading=\"lazy\" decoding=\"async\" width=\"736\" height=\"521\" src=\"http:\/\/symbivita.cz\/blog\/wp-content\/uploads\/2020\/10\/94-95-8.t\u0159.jpg\" alt=\"\" class=\"wp-image-1275\" srcset=\"https:\/\/symbivita.cz\/blog\/wp-content\/uploads\/2020\/10\/94-95-8.t\u0159.jpg 736w, https:\/\/symbivita.cz\/blog\/wp-content\/uploads\/2020\/10\/94-95-8.t\u0159-300x212.jpg 300w\" sizes=\"(max-width: 736px) 100vw, 736px\" \/><\/figure>\n\n\n\n<figure class=\"wp-block-image size-large\"><img loading=\"lazy\" decoding=\"async\" width=\"863\" height=\"593\" src=\"http:\/\/symbivita.cz\/blog\/wp-content\/uploads\/2020\/10\/94-95-u\u010ditel\u00e9.jpg\" alt=\"\" class=\"wp-image-1276\" srcset=\"https:\/\/symbivita.cz\/blog\/wp-content\/uploads\/2020\/10\/94-95-u\u010ditel\u00e9.jpg 863w, https:\/\/symbivita.cz\/blog\/wp-content\/uploads\/2020\/10\/94-95-u\u010ditel\u00e9-300x206.jpg 300w, https:\/\/symbivita.cz\/blog\/wp-content\/uploads\/2020\/10\/94-95-u\u010ditel\u00e9-768x528.jpg 768w\" sizes=\"(max-width: 863px) 100vw, 863px\" \/><figcaption>U\u010ditel\u00e9 1994-1995<\/figcaption><\/figure>\n\n\n\n<p>16.z\u00e1\u0159\u00ed se uskute\u010dnil \u201eN\u011bm\u010dick\u00fd b\u011bh\u201c<\/p>\n\n\n\n<p>V&nbsp;n\u011bm se dob\u0159e um\u00edstily Iveta Jel\u00ednkov\u00e1 5.A. (200m), Martina\nJel\u00ednkov\u00e1 7.A (300m),Petra P\u0159ibylov\u00e1 z&nbsp;8. t\u0159\u00eddy (500m).<\/p>\n\n\n\n<p>Chlapci: Ivo Brychta ze 6. A, Ivo Brychta ze 6.B (500m),\nTom\u00e1\u0161 Brychta ze 7.A a Petr Fil\u00edpek ze 7.B (800m).<\/p>\n\n\n\n<p>30.z\u00e1\u0159\u00ed byl fotbalov\u00fd turnaj ve Velk\u00fdch N\u011bm\u010dic\u00edch a po\u0159ad\u00ed\nbylo n\u00e1sleduj\u00edc\u00ed: 1. Velk\u00e9 N\u011bm\u010dice, 2. Nikol\u010dice, 3. \u0160itbo\u0159ice.<\/p>\n\n\n\n<p>(N\u010c 1994 \u010d.3)<\/p>\n\n\n\n<p>V&nbsp;z\u00e1\u0159\u00ed 1994 byla dokon\u010dena v\u00fdstavba zdravotn\u00edho\nst\u0159ediska a byl vyd\u00e1n kolauda\u010dn\u00ed protokol. Provoz za\u010dal ve stejn\u00e9m m\u011bs\u00edci.<\/p>\n\n\n\n<p>Ve\nzdravotn\u00edm st\u0159edisku ordinuje MUDr. Huba\u010dov\u00e1 3 p\u016fldny v&nbsp;t\u00fddnu. Oblib\u011b se\nt\u011b\u0161\u00ed elektrol\u00e9\u010dba, hlavn\u011b u star\u0161\u00edch ob\u010dan\u016f.<\/p>\n\n\n\n<p>Je\u0161t\u011b\nprob\u00edhaj\u00ed dokon\u010dovac\u00ed pr\u00e1ce na p\u0159\u00edstavb\u011b \u0161koly, venkovn\u00ed \u00fapravy, n\u00e1t\u011bry podlahy\nt\u011blocvi\u010dny. Byla opravena fas\u00e1da u star\u00e9ho vchodu do budovy Z\u0160. Na \u0161koln\u00ed\nzahrad\u011b byly zah\u00e1jeny pr\u00e1ce spojen\u00e9 s&nbsp;demolic\u00ed p\u016fvodn\u00edho domku na v\u010dely a\npostaven\u00edm nov\u00e9ho.<\/p>\n\n\n\n<p>Byla\nodstran\u011bna ohyzdn\u00e1 stavba naproti \u0161koly, tzv.\u201e\u0161lachta\u201c- lednice, kdysi slou\u017e\u00edc\u00ed\nprovozu hostince a \u0159eznictv\u00ed. Na jej\u00edm m\u00edst\u011b postavena z\u00eddka, upraveno okol\u00ed,\nz\u0159\u00edzeno z\u00e1bradl\u00ed u potoka.<\/p>\n\n\n\n<p>Parket\npro \u00fa\u010dely tane\u010dn\u00edch z\u00e1bav na asfaltov\u00e9 plo\u0161e h\u0159i\u0161t\u011b&nbsp; vyrobil D\u0159evospoj Hru\u0161ovany.<\/p>\n\n\n\n<p>B\u00edda na\nbrambory, obil\u00ed se vyda\u0159ilo, \u0159epa a kuku\u0159ice dopadly&nbsp; \u0161patn\u011b- t\u0159etinov\u00e9&nbsp; v\u00fdnosy.<\/p>\n\n\n\n<p>Jablek m\u00e1lo, podobn\u011b hru\u0161ek, \u0161vestky napadla virov\u00e1 \u0161\u00e1rka. Durancie odolaly. Hrozn\u016f dost, o\u0159ech\u016f dost Velk\u00e9 v\u00fdnosy&nbsp; medu a\u017e kolem 50 kg, Houba\u0159i nem\u011bli dobrou sez\u00f3nu, museli jezdit na Vyso\u010dinu.<\/p>\n\n\n\n<figure class=\"wp-block-image size-large\"><img loading=\"lazy\" decoding=\"async\" width=\"1024\" height=\"678\" src=\"http:\/\/symbivita.cz\/blog\/wp-content\/uploads\/2020\/10\/1994-vesnice-I-1024x678.jpg\" alt=\"\" class=\"wp-image-1277\" srcset=\"https:\/\/symbivita.cz\/blog\/wp-content\/uploads\/2020\/10\/1994-vesnice-I-1024x678.jpg 1024w, https:\/\/symbivita.cz\/blog\/wp-content\/uploads\/2020\/10\/1994-vesnice-I-300x199.jpg 300w, https:\/\/symbivita.cz\/blog\/wp-content\/uploads\/2020\/10\/1994-vesnice-I-768x509.jpg 768w, https:\/\/symbivita.cz\/blog\/wp-content\/uploads\/2020\/10\/1994-vesnice-I.jpg 1366w\" sizes=\"(max-width: 1024px) 100vw, 1024px\" \/><\/figure>\n\n\n\n<figure class=\"wp-block-image size-large\"><img loading=\"lazy\" decoding=\"async\" width=\"1024\" height=\"702\" src=\"http:\/\/symbivita.cz\/blog\/wp-content\/uploads\/2020\/10\/1994-vesnice-II-1024x702.jpg\" alt=\"\" class=\"wp-image-1278\" srcset=\"https:\/\/symbivita.cz\/blog\/wp-content\/uploads\/2020\/10\/1994-vesnice-II-1024x702.jpg 1024w, https:\/\/symbivita.cz\/blog\/wp-content\/uploads\/2020\/10\/1994-vesnice-II-300x206.jpg 300w, https:\/\/symbivita.cz\/blog\/wp-content\/uploads\/2020\/10\/1994-vesnice-II-768x526.jpg 768w, https:\/\/symbivita.cz\/blog\/wp-content\/uploads\/2020\/10\/1994-vesnice-II.jpg 1342w\" sizes=\"(max-width: 1024px) 100vw, 1024px\" \/><\/figure>\n\n\n\n<p>Nikol\u010dick\u00e1 lyra 1994 Prob\u011bhla ve dvou kolech \u2013 m\u00edstn\u00edm a okrskov\u00e9m. Sout\u011b\u017ee m\u011bly na starosti pan\u00ed u\u010ditelky Cypri\u00e1nov\u00e1, B\u00ednkov\u00e1 a Jel\u00ednkov\u00e1.<\/p>\n\n\n\n<figure class=\"wp-block-image size-large\"><img loading=\"lazy\" decoding=\"async\" width=\"1024\" height=\"383\" src=\"http:\/\/symbivita.cz\/blog\/wp-content\/uploads\/2020\/10\/1994-NL-1024x383.jpg\" alt=\"\" class=\"wp-image-1279\" srcset=\"https:\/\/symbivita.cz\/blog\/wp-content\/uploads\/2020\/10\/1994-NL-1024x383.jpg 1024w, https:\/\/symbivita.cz\/blog\/wp-content\/uploads\/2020\/10\/1994-NL-300x112.jpg 300w, https:\/\/symbivita.cz\/blog\/wp-content\/uploads\/2020\/10\/1994-NL-768x287.jpg 768w, https:\/\/symbivita.cz\/blog\/wp-content\/uploads\/2020\/10\/1994-NL.jpg 1102w\" sizes=\"(max-width: 1024px) 100vw, 1024px\" \/><\/figure>\n\n\n\n<p>Diskot\u00e9ky se konaly t\u00e9m\u011b\u0159 pravideln\u011b v&nbsp;zimn\u00edm obdob\u00ed v&nbsp;s\u00e1le,\np\u0159es l\u00e9to nepravideln\u011b na h\u0159i\u0161ti.<\/p>\n\n\n\n<p>Ve st\u0159edu obce u Jednoty byl z\u0159\u00edzen telefonn\u00ed automat. Prob\u00edh\u00e1 jedn\u00e1n\u00ed s&nbsp;Telecomem Brno o instalaci dal\u0161\u00edho telefonn\u00edho automatu v&nbsp;Nov\u00e9m Dvo\u0159e.<\/p>\n\n\n\n<figure class=\"wp-block-image size-large\"><img loading=\"lazy\" decoding=\"async\" width=\"1024\" height=\"567\" src=\"http:\/\/symbivita.cz\/blog\/wp-content\/uploads\/2020\/10\/1994-Telefon-1024x567.jpg\" alt=\"\" class=\"wp-image-1280\" srcset=\"https:\/\/symbivita.cz\/blog\/wp-content\/uploads\/2020\/10\/1994-Telefon-1024x567.jpg 1024w, https:\/\/symbivita.cz\/blog\/wp-content\/uploads\/2020\/10\/1994-Telefon-300x166.jpg 300w, https:\/\/symbivita.cz\/blog\/wp-content\/uploads\/2020\/10\/1994-Telefon-768x425.jpg 768w, https:\/\/symbivita.cz\/blog\/wp-content\/uploads\/2020\/10\/1994-Telefon.jpg 1213w\" sizes=\"(max-width: 1024px) 100vw, 1024px\" \/><\/figure>\n\n\n\n<p>Opravena\nst\u0159\u00edka\u010dka Sboru dobrovoln\u00fdch hasi\u010d\u016f, oni tento rok&nbsp; uspo\u0159\u00e1dali sout\u011b\u017e hasi\u010dsk\u00fdch sbor\u016f\npod z\u00e1\u0161titou starosty obce.<\/p>\n\n\n\n<p>Zah\u00e1jena stavba vodovodu pro Nikol\u010dice a \u0160itbo\u0159ice. P\u0159\u00edvodn\u00ed potrub\u00ed dokon\u010deno, rozvod po vesnici \u010dek\u00e1 na p\u0159\u00ed\u0161t\u00ed rok.<\/p>\n\n\n\n<figure class=\"wp-block-image size-large\"><img loading=\"lazy\" decoding=\"async\" width=\"1024\" height=\"689\" src=\"http:\/\/symbivita.cz\/blog\/wp-content\/uploads\/2020\/10\/1994-vovovod-I-1024x689.jpg\" alt=\"\" class=\"wp-image-1281\" srcset=\"https:\/\/symbivita.cz\/blog\/wp-content\/uploads\/2020\/10\/1994-vovovod-I-1024x689.jpg 1024w, https:\/\/symbivita.cz\/blog\/wp-content\/uploads\/2020\/10\/1994-vovovod-I-300x202.jpg 300w, https:\/\/symbivita.cz\/blog\/wp-content\/uploads\/2020\/10\/1994-vovovod-I-768x517.jpg 768w, https:\/\/symbivita.cz\/blog\/wp-content\/uploads\/2020\/10\/1994-vovovod-I.jpg 1099w\" sizes=\"(max-width: 1024px) 100vw, 1024px\" \/><\/figure>\n\n\n\n<p>Pan\nUrb\u00e1nek nepovolil veden\u00ed vodovodu p\u0159es jeho pozemky, tak\u017ee bylo nutno odklonit\nk&nbsp;silnici.<\/p>\n\n\n\n<p>Provedena gener\u00e1ln\u00ed oprava ve\u0159ejn\u00e9ho osv\u011btlen\u00ed v&nbsp;ND.<\/p>\n\n\n\n<p>Nov\u00e9 rodinn\u00e9 domky&nbsp;\ndokon\u010dili : Zd. Rabovsk\u00fd \u010d. 5, Kronovet &nbsp;&nbsp;\u010d. 224, N\u011bmec \u010d.108, Karel Strouhal \u010d. 136,\nKarmasin \u010d.138.<\/p>\n\n\n\n<p>18.a 19. listopadu se konaly volby do zastupitelstva obce.<\/p>\n\n\n\n<p>&nbsp;Zvolen\u00e9&nbsp; zastupitelstvo m\u00e1 slo\u017een\u00ed:<\/p>\n\n\n\n<p>Ing.Vojt\u011bch Kone\u010dn\u00fd, 47 let, dosavadn\u00ed starosta, \u010dlen KDU\n\u010cSL<\/p>\n\n\n\n<p>Jan Jel\u00ednek, 47 let, z\u00e1me\u010dn\u00edk , KDU \u010cSL<\/p>\n\n\n\n<p>Ing.Miroslav Rabovsk\u00fd, 25 let, dopravce, bezpartijn\u00ed<\/p>\n\n\n\n<p>Anton\u00edn Dan\u011bk, 53 let, \u0159idi\u010d, bytem Nov\u00fd Dv\u016fr, bezpartijn\u00ed<\/p>\n\n\n\n<p>Franti\u0161ek Jel\u00ednek, 43 let, truhl\u00e1\u0159, bezpartijn\u00ed<\/p>\n\n\n\n<p>Jaroslav Mat\u00fd\u0161ek, 33 let, truhl\u00e1\u0159, KDU \u010cSL<\/p>\n\n\n\n<p>Miroslav&nbsp; N\u011bmec, 32\nlet, zedn\u00edk, bezpartijn\u00ed<\/p>\n\n\n\n<p>Martin Rabovsk\u00fd, 32 let, v\u00fdprav\u010d\u00ed, bezpartijn\u00ed<\/p>\n\n\n\n<p>Jaroslav Urb\u00e1nek, 47 let, z\u00e1me\u010dn\u00edk, bezpartijn\u00ed<\/p>\n\n\n\n<p>Milan Kaplan, 46 let, topen\u00e1\u0159, \u010cMSS<\/p>\n\n\n\n<p>Zden\u011bk Ot\u0159\u00edsal, 41 let, podnikatel \u010cMSS<\/p>\n\n\n\n<p>Milo\u0161 Sedl\u00e1k, 46 let technik, \u010cNSS<\/p>\n\n\n\n<p>Ji\u0159\u00ed Dost\u00e1l, 37 let, vedouc\u00ed provozu, \u010cMSS<\/p>\n\n\n\n<p>Josef Strouhal, 31 let, zootechnik, bezpartijn\u00ed<\/p>\n\n\n\n<p>Jaroslava Va\u0161\u00ed\u010dkov\u00e1, 43 let, \u017eensk\u00e1 sestra, \u010cMSS<\/p>\n\n\n\n<figure class=\"wp-block-image size-large\"><img loading=\"lazy\" decoding=\"async\" width=\"607\" height=\"412\" src=\"http:\/\/symbivita.cz\/blog\/wp-content\/uploads\/2020\/10\/1994-Kone\u010dn\u00fd.jpg\" alt=\"\" class=\"wp-image-1282\" srcset=\"https:\/\/symbivita.cz\/blog\/wp-content\/uploads\/2020\/10\/1994-Kone\u010dn\u00fd.jpg 607w, https:\/\/symbivita.cz\/blog\/wp-content\/uploads\/2020\/10\/1994-Kone\u010dn\u00fd-300x204.jpg 300w\" sizes=\"(max-width: 607px) 100vw, 607px\" \/><\/figure>\n\n\n\n<p>Starostou byl op\u011bt zvolen ing. Vojt\u011bch Kone\u010dn\u00fd, z\u00e1stupcem\nMilan Kaplan. Radn\u00ed Zden\u011bk Ot\u0159\u00edsal (z\u00e1rove\u0148 p\u0159edseda komise v\u00fdstavby), Josef\nJel\u00ednek (p\u0159edseda komise kulturn\u011b- \u0161kolsk\u00e9 a soci\u00e1ln\u00ed, Jaroslav Urb\u00e1nek\n(p\u0159edseda komise zem\u011bd\u011blsk\u00e9 a&nbsp; finan\u010dn\u00ed).\nMilan Kaplan je p\u0159edsedou komise kontroln\u00ed.<\/p>\n\n\n\n<p>Vyd\u00e1na barevn\u00e1 pohlednice Nikol\u010dic. <\/p>\n\n\n\n<p>A tak\u00e9 Nikol\u010dick\u00e1 \u010d\u00edtanka I.<\/p>\n\n\n\n<figure class=\"wp-block-image size-large\"><img loading=\"lazy\" decoding=\"async\" width=\"687\" height=\"638\" src=\"http:\/\/symbivita.cz\/blog\/wp-content\/uploads\/2020\/10\/1994-Nikol\u010dick\u00e1-\u010d\u00edtanka-I.jpg\" alt=\"\" class=\"wp-image-1283\" srcset=\"https:\/\/symbivita.cz\/blog\/wp-content\/uploads\/2020\/10\/1994-Nikol\u010dick\u00e1-\u010d\u00edtanka-I.jpg 687w, https:\/\/symbivita.cz\/blog\/wp-content\/uploads\/2020\/10\/1994-Nikol\u010dick\u00e1-\u010d\u00edtanka-I-300x279.jpg 300w\" sizes=\"(max-width: 687px) 100vw, 687px\" \/><\/figure>\n\n\n\n<figure class=\"wp-block-image size-large\"><img loading=\"lazy\" decoding=\"async\" width=\"605\" height=\"856\" src=\"http:\/\/symbivita.cz\/blog\/wp-content\/uploads\/2020\/10\/1994-Nikol\u010dick\u00e1-\u010d\u00edtanka-I.-dopis.jpg\" alt=\"\" class=\"wp-image-1285\" srcset=\"https:\/\/symbivita.cz\/blog\/wp-content\/uploads\/2020\/10\/1994-Nikol\u010dick\u00e1-\u010d\u00edtanka-I.-dopis.jpg 605w, https:\/\/symbivita.cz\/blog\/wp-content\/uploads\/2020\/10\/1994-Nikol\u010dick\u00e1-\u010d\u00edtanka-I.-dopis-212x300.jpg 212w\" sizes=\"(max-width: 605px) 100vw, 605px\" \/><\/figure>\n\n\n\n<figure class=\"wp-block-image size-large\"><img loading=\"lazy\" decoding=\"async\" width=\"608\" height=\"182\" src=\"http:\/\/symbivita.cz\/blog\/wp-content\/uploads\/2020\/10\/1994-NL-1.jpg\" alt=\"\" class=\"wp-image-1286\" srcset=\"https:\/\/symbivita.cz\/blog\/wp-content\/uploads\/2020\/10\/1994-NL-1.jpg 608w, https:\/\/symbivita.cz\/blog\/wp-content\/uploads\/2020\/10\/1994-NL-1-300x90.jpg 300w\" sizes=\"(max-width: 608px) 100vw, 608px\" \/><figcaption>Nikol\u010dick\u00e1 la\u0165ka<\/figcaption><\/figure>\n\n\n\n<figure class=\"wp-block-image size-large\"><img loading=\"lazy\" decoding=\"async\" width=\"1024\" height=\"769\" src=\"http:\/\/symbivita.cz\/blog\/wp-content\/uploads\/2020\/10\/1994-Pohlednice-1024x769.jpg\" alt=\"\" class=\"wp-image-1287\" srcset=\"https:\/\/symbivita.cz\/blog\/wp-content\/uploads\/2020\/10\/1994-Pohlednice-1024x769.jpg 1024w, https:\/\/symbivita.cz\/blog\/wp-content\/uploads\/2020\/10\/1994-Pohlednice-300x225.jpg 300w, https:\/\/symbivita.cz\/blog\/wp-content\/uploads\/2020\/10\/1994-Pohlednice-768x577.jpg 768w, https:\/\/symbivita.cz\/blog\/wp-content\/uploads\/2020\/10\/1994-Pohlednice.jpg 1059w\" sizes=\"(max-width: 1024px) 100vw, 1024px\" \/><\/figure>\n\n\n\n<p>Mikul\u00e1\u0161sk\u00e1 bes\u00eddka &#8211; po\u0159\u00e1dala Z\u0160 &#8211;&nbsp; \u0159\u00eddila u\u010ditelka \u0160emorov\u00e1<\/p>\n\n\n\n<p>a sou\u010dasn\u011b prob\u011bhla \u0161koln\u00ed akademie. Jej\u00ed\u017e sou\u010d\u00e1st\u00ed je i mal\u00e9 divadeln\u00ed d\u00edlko\u2026 S&nbsp;nejmen\u0161\u00edmi d\u011btmi pracovala Ludmila Sk\u0159iv\u00e1nkov\u00e1 a t\u00e9\u017e Bo\u017eena \u0160lancarov\u00e1. <\/p>\n\n\n\n<figure class=\"wp-block-image size-large\"><img loading=\"lazy\" decoding=\"async\" width=\"1024\" height=\"379\" src=\"http:\/\/symbivita.cz\/blog\/wp-content\/uploads\/2020\/10\/1994-M\u00edkul\u00e1\u0161sk\u00e1-bes\u00eddka-a-akademie-I-1024x379.jpg\" alt=\"\" class=\"wp-image-1288\" srcset=\"https:\/\/symbivita.cz\/blog\/wp-content\/uploads\/2020\/10\/1994-M\u00edkul\u00e1\u0161sk\u00e1-bes\u00eddka-a-akademie-I-1024x379.jpg 1024w, https:\/\/symbivita.cz\/blog\/wp-content\/uploads\/2020\/10\/1994-M\u00edkul\u00e1\u0161sk\u00e1-bes\u00eddka-a-akademie-I-300x111.jpg 300w, https:\/\/symbivita.cz\/blog\/wp-content\/uploads\/2020\/10\/1994-M\u00edkul\u00e1\u0161sk\u00e1-bes\u00eddka-a-akademie-I-768x285.jpg 768w, https:\/\/symbivita.cz\/blog\/wp-content\/uploads\/2020\/10\/1994-M\u00edkul\u00e1\u0161sk\u00e1-bes\u00eddka-a-akademie-I.jpg 1112w\" sizes=\"(max-width: 1024px) 100vw, 1024px\" \/><\/figure>\n\n\n\n<figure class=\"wp-block-image size-large\"><img loading=\"lazy\" decoding=\"async\" width=\"768\" height=\"506\" src=\"http:\/\/symbivita.cz\/blog\/wp-content\/uploads\/2020\/10\/1994-M\u00edkul\u00e1\u0161sk\u00e1-bes\u00eddka-a-akademie-IV.jpg\" alt=\"\" class=\"wp-image-1289\" srcset=\"https:\/\/symbivita.cz\/blog\/wp-content\/uploads\/2020\/10\/1994-M\u00edkul\u00e1\u0161sk\u00e1-bes\u00eddka-a-akademie-IV.jpg 768w, https:\/\/symbivita.cz\/blog\/wp-content\/uploads\/2020\/10\/1994-M\u00edkul\u00e1\u0161sk\u00e1-bes\u00eddka-a-akademie-IV-300x198.jpg 300w\" sizes=\"(max-width: 768px) 100vw, 768px\" \/><figcaption>Loutkov\u00e9 divadlo<\/figcaption><\/figure>\n\n\n\n<figure class=\"wp-block-image size-large\"><img loading=\"lazy\" decoding=\"async\" width=\"1024\" height=\"379\" src=\"http:\/\/symbivita.cz\/blog\/wp-content\/uploads\/2020\/10\/1994-M\u00edkul\u00e1\u0161sk\u00e1-bes\u00eddka-a-akademie-II-1024x379.jpg\" alt=\"\" class=\"wp-image-1290\" srcset=\"https:\/\/symbivita.cz\/blog\/wp-content\/uploads\/2020\/10\/1994-M\u00edkul\u00e1\u0161sk\u00e1-bes\u00eddka-a-akademie-II-1024x379.jpg 1024w, https:\/\/symbivita.cz\/blog\/wp-content\/uploads\/2020\/10\/1994-M\u00edkul\u00e1\u0161sk\u00e1-bes\u00eddka-a-akademie-II-300x111.jpg 300w, https:\/\/symbivita.cz\/blog\/wp-content\/uploads\/2020\/10\/1994-M\u00edkul\u00e1\u0161sk\u00e1-bes\u00eddka-a-akademie-II-768x284.jpg 768w, https:\/\/symbivita.cz\/blog\/wp-content\/uploads\/2020\/10\/1994-M\u00edkul\u00e1\u0161sk\u00e1-bes\u00eddka-a-akademie-II.jpg 1108w\" sizes=\"(max-width: 1024px) 100vw, 1024px\" \/><figcaption>Akademie-harmonika, kytara<\/figcaption><\/figure>\n\n\n\n<figure class=\"wp-block-image size-large\"><img loading=\"lazy\" decoding=\"async\" width=\"1024\" height=\"372\" src=\"http:\/\/symbivita.cz\/blog\/wp-content\/uploads\/2020\/10\/1994-M\u00edkul\u00e1\u0161sk\u00e1-bes\u00eddka-a-akademie-III-1024x372.jpg\" alt=\"\" class=\"wp-image-1291\" srcset=\"https:\/\/symbivita.cz\/blog\/wp-content\/uploads\/2020\/10\/1994-M\u00edkul\u00e1\u0161sk\u00e1-bes\u00eddka-a-akademie-III-1024x372.jpg 1024w, https:\/\/symbivita.cz\/blog\/wp-content\/uploads\/2020\/10\/1994-M\u00edkul\u00e1\u0161sk\u00e1-bes\u00eddka-a-akademie-III-300x109.jpg 300w, https:\/\/symbivita.cz\/blog\/wp-content\/uploads\/2020\/10\/1994-M\u00edkul\u00e1\u0161sk\u00e1-bes\u00eddka-a-akademie-III-768x279.jpg 768w, https:\/\/symbivita.cz\/blog\/wp-content\/uploads\/2020\/10\/1994-M\u00edkul\u00e1\u0161sk\u00e1-bes\u00eddka-a-akademie-III.jpg 1108w\" sizes=\"(max-width: 1024px) 100vw, 1024px\" \/><figcaption>Akademie- tanec, zp\u00edv\u00e1n\u00ed<\/figcaption><\/figure>\n\n\n\n<p>V\u00fdro\u010dn\u00ed zpr\u00e1va Zem\u011bd\u011blsk\u00e9ho dru\u017estva&nbsp; konstatuje, \u017ee&nbsp; rok 1994&nbsp;\nje prvn\u00edm rokem po revoluci, kdy byly \u010dinnost&nbsp; dru\u017estva&nbsp;\nzabezpe\u010dena bez po\u017eadavk\u016f na dotace a nov\u00e9 \u00fav\u011bry. Navzdory tomu jsou\npopisov\u00e1ny r\u016fzn\u00e9 ztr\u00e1ty v&nbsp;hospoda\u0159en\u00ed a&nbsp;\ntak\u00e9 n\u00e1lada mezi lidmi je z&nbsp;toho rozpa\u010dit\u00e1 (p\u00ed\u0161e se v&nbsp;kronice).<\/p>\n\n\n\n<p>Byla ukon\u010dena \u010dinnost pek\u00e1rny (Jar. Hlav\u00e1\u010dek), v\u00fdroba\npracovn\u00edch od\u011bv\u016f (Ji\u0159\u00ed Leskot).<\/p>\n\n\n\n<p>Silvestrovskou z\u00e1bavu po\u0159\u00e1dali hasi\u010di.<\/p>\n\n\n\n<p>P\u0159ist\u011bhovalo se 14 ob\u010dan\u016f, odst\u011bhovalo se 7 ob\u010dan\u016f.\nNarodilo se 8 d\u011bt\u00ed, zem\u0159elo 7 lid\u00ed.<\/p>\n\n\n\n<p><strong>1995<\/strong><\/p>\n\n\n\n<p>Po\u010das\u00ed v&nbsp;lednu v&nbsp;pr\u016fm\u011bru, \u00fanor v\u0161ak byl hodn\u011b\ntepl\u00fd.<\/p>\n\n\n\n<p>23.ledna prob\u011bhla na \u0161kole pololetn\u00ed konference.<\/p>\n\n\n\n<p>2. \u00fanora byla vyloupena prodejna Jednota.<\/p>\n\n\n\n<p>25. \u00fanora\nuspo\u0159\u00e1dali zahr\u00e1dk\u00e1\u0159i v&nbsp;s\u00e1le OB v\u00fdstavu v\u00edn s&nbsp;ochutn\u00e1v\u00e1n\u00edm a ve\u010dern\u00ed\nz\u00e1bavou,\nprob\u011bhla ve znamen\u00ed 30. v\u00fdro\u010d\u00ed vzniku zahr\u00e1dk\u00e1\u0159sk\u00e9 organizace. Hr\u00e1la hudba\nGal\u00e1nka z&nbsp;Klobouk.<\/p>\n\n\n\n<p>V&nbsp;ned\u011bli\n11. \u00fanoru prob\u011bhlo hodnocen\u00ed vystavovan\u00fdch v\u00edn. Z&nbsp;364 prezentovan\u00fdch v\u00edn\nbyla jako nejlep\u0161\u00ed vyhl\u00e1\u0161ena v\u00edna: Rulandsk\u00e9 b\u00edl\u00e9 Jaroslava Svobody, Veltl\u00ednsk\u00e9\nzelen\u00e9 ro\u010dn\u00edk 94 Miroslava Je\u017eka z&nbsp;K\u0159epic.<\/p>\n\n\n\n<p>Frankovka Karla K\u0159iv\u00e1ka ze Strachot\u00edna a Frankovka ro\u010dn\u00edk 93 Miroslava Lupa\u010de z&nbsp;Boleradic.<\/p>\n\n\n\n<figure class=\"wp-block-image size-large\"><img loading=\"lazy\" decoding=\"async\" width=\"607\" height=\"560\" src=\"http:\/\/symbivita.cz\/blog\/wp-content\/uploads\/2020\/10\/1995-v\u00fdstava-v\u00edn.jpg\" alt=\"\" class=\"wp-image-1292\" srcset=\"https:\/\/symbivita.cz\/blog\/wp-content\/uploads\/2020\/10\/1995-v\u00fdstava-v\u00edn.jpg 607w, https:\/\/symbivita.cz\/blog\/wp-content\/uploads\/2020\/10\/1995-v\u00fdstava-v\u00edn-300x277.jpg 300w\" sizes=\"(max-width: 607px) 100vw, 607px\" \/><\/figure>\n\n\n\n<p>V&nbsp;tomto\nroce byl p\u0159ijat nov\u00fd z\u00e1kon o vina\u0159stv\u00ed \u010d.115 Sb. A Nikol\u010dice byly za\u0159azeny do\nVelkopavlovick\u00e9 vina\u0159sk\u00e9 oblasti, pro kterou jsou doporu\u010deny ur\u010dit\u00e9 odr\u016fdy pro\nv\u00fdrobu&nbsp; v\u00edn s&nbsp;p\u0159\u00edvlastkem. Jsou to:\nVeltl\u00ednsk\u00e9 zelen\u00e9, Neuburg, Muller- Turgau, Rulandsk\u00e9 b\u00edl\u00e9, Tram\u00edn \u010derven\u00fd a\nv\u0161echny \u010derven\u00e9 odr\u016fdy. D\u00e1le pak tento z\u00e1kon zav\u00e1d\u00ed nov\u00e9 t\u0159\u00edd\u011bn\u00ed r\u00e9vov\u00fdch v\u00edn,\na to podle cukernatosti hrozn\u016f na: <\/p>\n\n\n\n<p>1) r\u00e9vov\u00e9\nv\u00edno stoln\u00ed &#8211; sm\u00ed b\u00fdt vyr\u00e1b\u011bno z&nbsp;hrozn\u016f o cukernatosti nejm\u00e9n\u011b 11 stup\u0148\u016f, <\/p>\n\n\n\n<p>2) r\u00e9vov\u00e9\nv\u00edno jakostn\u00ed (15 st.), <\/p>\n\n\n\n<p>3) r\u00e9vov\u00e9\nv\u00edno s&nbsp;p\u0159\u00edvlastkem ve t\u0159ech druz\u00edch a) kabinet (19st), b) pozdn\u00ed sb\u011br (21\nst), c) v\u00fdb\u011br z&nbsp;hrozn\u016f (24 st).<\/p>\n\n\n\n<p>3.\u00fanora &#8211; ples, kter\u00fd uspo\u0159\u00e1dal Sbor dobrovoln\u00fdch hasi\u010d\u016f.\nHr\u00e1la dechov\u00e1 hudba Dambo\u0159anka.<\/p>\n\n\n\n<p>Z\u0160 uspo\u0159\u00e1dala d\u011btsk\u00fd karneval pro d\u011bti p\u0159ed\u0161koln\u00edho v\u011bku.<\/p>\n\n\n\n<p>1.b\u0159ezna se ji\u017e chodilo na sn\u011b\u017eenky.<\/p>\n\n\n\n<p>5. b\u0159ezna zavon\u011bly fialky.<\/p>\n\n\n\n<p>8. b\u0159ezna&nbsp; MD\u017d- program zaji\u0161\u0165uj\u00ed&nbsp; \u0161kol\u00e1ci ze&nbsp; Z\u0160 a tak\u00e9 v&nbsp;Div\u00e1k\u00e1ch.<\/p>\n\n\n\n<figure class=\"wp-block-image size-large\"><img loading=\"lazy\" decoding=\"async\" width=\"1024\" height=\"389\" src=\"http:\/\/symbivita.cz\/blog\/wp-content\/uploads\/2020\/10\/1995-Sv\u00e1tek-Matek-I-1024x389.jpg\" alt=\"\" class=\"wp-image-1293\" srcset=\"https:\/\/symbivita.cz\/blog\/wp-content\/uploads\/2020\/10\/1995-Sv\u00e1tek-Matek-I-1024x389.jpg 1024w, https:\/\/symbivita.cz\/blog\/wp-content\/uploads\/2020\/10\/1995-Sv\u00e1tek-Matek-I-300x114.jpg 300w, https:\/\/symbivita.cz\/blog\/wp-content\/uploads\/2020\/10\/1995-Sv\u00e1tek-Matek-I-768x292.jpg 768w, https:\/\/symbivita.cz\/blog\/wp-content\/uploads\/2020\/10\/1995-Sv\u00e1tek-Matek-I.jpg 1107w\" sizes=\"(max-width: 1024px) 100vw, 1024px\" \/><\/figure>\n\n\n\n<figure class=\"wp-block-image size-large\"><img loading=\"lazy\" decoding=\"async\" width=\"1024\" height=\"387\" src=\"http:\/\/symbivita.cz\/blog\/wp-content\/uploads\/2020\/10\/1995-Sv\u00e1tek-Matek-II-1024x387.jpg\" alt=\"\" class=\"wp-image-1294\" srcset=\"https:\/\/symbivita.cz\/blog\/wp-content\/uploads\/2020\/10\/1995-Sv\u00e1tek-Matek-II-1024x387.jpg 1024w, https:\/\/symbivita.cz\/blog\/wp-content\/uploads\/2020\/10\/1995-Sv\u00e1tek-Matek-II-300x113.jpg 300w, https:\/\/symbivita.cz\/blog\/wp-content\/uploads\/2020\/10\/1995-Sv\u00e1tek-Matek-II-768x290.jpg 768w, https:\/\/symbivita.cz\/blog\/wp-content\/uploads\/2020\/10\/1995-Sv\u00e1tek-Matek-II.jpg 1106w\" sizes=\"(max-width: 1024px) 100vw, 1024px\" \/><\/figure>\n\n\n\n<p>16.b\u0159ezna se konal \u010dtrn\u00e1ct\u00fd ro\u010dn\u00edk Nikol\u010dick\u00e9 la\u0165ky z\u00e1vodu\nve skoku do v\u00fd\u0161ky. Krom\u011b na\u0161ich se z\u00fa\u010dastnili tak\u00e9 \u017e\u00e1ci ze \u0160itbo\u0159ic a Velk\u00fdch\nN\u011bm\u010dic. V\u00edt\u011bzov\u00e9: Kate\u0159ina Sk\u00fap\u00e1 (130 cm), Ivo Brychta 6A. (130 cm) Petra\nMich\u00e1lkov\u00e1 (122) a Jan Pe\u0161t\u00e1l (142)<\/p>\n\n\n\n<p>\u0160kola v&nbsp;p\u0159\u00edrod\u011b &#8211; Prudk\u00e1 u Ti\u0161nova \u2013 33 \u017e\u00e1k\u016f. U\u010ditelka\nB\u00ednkov\u00e1, Jel\u00ednkov\u00e1, Svobodov\u00e1.<\/p>\n\n\n\n<p>Duben &#8211; rozkvetly meru\u0148ky.<\/p>\n\n\n\n<p>7. dubna p\u0159i\u0161ly mraz\u00edky.<\/p>\n\n\n\n<p>16. dubna p\u0159ipomenut\u00ed osvobozen\u00ed od n\u011bmeck\u00fdch okupant\u016f\nsov\u011btskou arm\u00e1dou. 15 dubna \u010dlenov\u00e9 obecn\u00ed rady polo\u017eili v\u011bnec na h\u0159bitov\u011b\nsov\u011btsk\u00fdch voj\u00e1k\u016f v&nbsp;O\u0159echov\u011b.<\/p>\n\n\n\n<p>Kv\u011bten- vlna tropick\u00fdch veder.<\/p>\n\n\n\n<p>St\u00e1rci a st\u00e1rky uspo\u0159\u00e1dali m\u00e1jovou z\u00e1bavu.<\/p>\n\n\n\n<p>Byla otev\u0159ena cukr\u00e1rna- Pan\u00ed Marcela Jel\u00ednkov\u00e1 \u010d. 148\n(kdysi \u010d. 80) si otev\u0159ela cukr\u00e1rnu.<\/p>\n\n\n\n<p>Stoln\u00ed tenis ve \u0161kole.<\/p>\n\n\n\n<figure class=\"wp-block-image size-large\"><img loading=\"lazy\" decoding=\"async\" width=\"1024\" height=\"374\" src=\"http:\/\/symbivita.cz\/blog\/wp-content\/uploads\/2020\/10\/1995-stoln\u00ed-tenis-ve-\u0161kole-1-1024x374.jpg\" alt=\"\" class=\"wp-image-1301\" srcset=\"https:\/\/symbivita.cz\/blog\/wp-content\/uploads\/2020\/10\/1995-stoln\u00ed-tenis-ve-\u0161kole-1-1024x374.jpg 1024w, https:\/\/symbivita.cz\/blog\/wp-content\/uploads\/2020\/10\/1995-stoln\u00ed-tenis-ve-\u0161kole-1-300x109.jpg 300w, https:\/\/symbivita.cz\/blog\/wp-content\/uploads\/2020\/10\/1995-stoln\u00ed-tenis-ve-\u0161kole-1-768x280.jpg 768w, https:\/\/symbivita.cz\/blog\/wp-content\/uploads\/2020\/10\/1995-stoln\u00ed-tenis-ve-\u0161kole-1.jpg 1107w\" sizes=\"(max-width: 1024px) 100vw, 1024px\" \/><\/figure>\n\n\n\n<p>26.-27.kv\u011btna prob\u011bhly XII.Nikol\u010dick\u00e9 hry. <\/p>\n\n\n\n<p>Loni byly hry v&nbsp;\u0160\u00farovc\u00edch, p\u0159edloni v&nbsp;Zelenic\u00edch. Ze Slovenska p\u0159ijelo spole\u010dn\u00e9 dru\u017estvo Zelenice a \u0160\u00farovc\u016f. Zv\u00edt\u011bzila Z\u0160 Velk\u00e9 N\u011bm\u010dice, druh\u00e9 bylo dru\u017estvo ze Slovenska. 3.Nikol\u010dice, 4. \u0160itbo\u0159ice.<\/p>\n\n\n\n<figure class=\"wp-block-image size-large\"><img loading=\"lazy\" decoding=\"async\" width=\"1024\" height=\"373\" src=\"http:\/\/symbivita.cz\/blog\/wp-content\/uploads\/2020\/10\/1995-NH-VIII-1-1024x373.jpg\" alt=\"\" class=\"wp-image-1302\" srcset=\"https:\/\/symbivita.cz\/blog\/wp-content\/uploads\/2020\/10\/1995-NH-VIII-1-1024x373.jpg 1024w, https:\/\/symbivita.cz\/blog\/wp-content\/uploads\/2020\/10\/1995-NH-VIII-1-300x109.jpg 300w, https:\/\/symbivita.cz\/blog\/wp-content\/uploads\/2020\/10\/1995-NH-VIII-1-768x280.jpg 768w, https:\/\/symbivita.cz\/blog\/wp-content\/uploads\/2020\/10\/1995-NH-VIII-1.jpg 1107w\" sizes=\"(max-width: 1024px) 100vw, 1024px\" \/><\/figure>\n\n\n\n<figure class=\"wp-block-image size-large\"><img loading=\"lazy\" decoding=\"async\" width=\"1024\" height=\"378\" src=\"http:\/\/symbivita.cz\/blog\/wp-content\/uploads\/2020\/10\/1995-NH-I-1-1024x378.jpg\" alt=\"\" class=\"wp-image-1303\" srcset=\"https:\/\/symbivita.cz\/blog\/wp-content\/uploads\/2020\/10\/1995-NH-I-1-1024x378.jpg 1024w, https:\/\/symbivita.cz\/blog\/wp-content\/uploads\/2020\/10\/1995-NH-I-1-300x111.jpg 300w, https:\/\/symbivita.cz\/blog\/wp-content\/uploads\/2020\/10\/1995-NH-I-1-768x283.jpg 768w, https:\/\/symbivita.cz\/blog\/wp-content\/uploads\/2020\/10\/1995-NH-I-1.jpg 1104w\" sizes=\"(max-width: 1024px) 100vw, 1024px\" \/><\/figure>\n\n\n\n<figure class=\"wp-block-image size-large\"><img loading=\"lazy\" decoding=\"async\" width=\"1024\" height=\"372\" src=\"http:\/\/symbivita.cz\/blog\/wp-content\/uploads\/2020\/10\/1995-NH-II-1-1024x372.jpg\" alt=\"\" class=\"wp-image-1304\" srcset=\"https:\/\/symbivita.cz\/blog\/wp-content\/uploads\/2020\/10\/1995-NH-II-1-1024x372.jpg 1024w, https:\/\/symbivita.cz\/blog\/wp-content\/uploads\/2020\/10\/1995-NH-II-1-300x109.jpg 300w, https:\/\/symbivita.cz\/blog\/wp-content\/uploads\/2020\/10\/1995-NH-II-1-768x279.jpg 768w, https:\/\/symbivita.cz\/blog\/wp-content\/uploads\/2020\/10\/1995-NH-II-1.jpg 1106w\" sizes=\"(max-width: 1024px) 100vw, 1024px\" \/><\/figure>\n\n\n\n<figure class=\"wp-block-image size-large\"><img loading=\"lazy\" decoding=\"async\" width=\"1024\" height=\"378\" src=\"http:\/\/symbivita.cz\/blog\/wp-content\/uploads\/2020\/10\/1995-NH-III-1024x378.jpg\" alt=\"\" class=\"wp-image-1305\" srcset=\"https:\/\/symbivita.cz\/blog\/wp-content\/uploads\/2020\/10\/1995-NH-III-1024x378.jpg 1024w, https:\/\/symbivita.cz\/blog\/wp-content\/uploads\/2020\/10\/1995-NH-III-300x111.jpg 300w, https:\/\/symbivita.cz\/blog\/wp-content\/uploads\/2020\/10\/1995-NH-III-768x283.jpg 768w, https:\/\/symbivita.cz\/blog\/wp-content\/uploads\/2020\/10\/1995-NH-III.jpg 1108w\" sizes=\"(max-width: 1024px) 100vw, 1024px\" \/><\/figure>\n\n\n\n<figure class=\"wp-block-image size-large\"><img loading=\"lazy\" decoding=\"async\" width=\"1024\" height=\"372\" src=\"http:\/\/symbivita.cz\/blog\/wp-content\/uploads\/2020\/10\/1995-NH-IV-1024x372.jpg\" alt=\"\" class=\"wp-image-1306\" srcset=\"https:\/\/symbivita.cz\/blog\/wp-content\/uploads\/2020\/10\/1995-NH-IV-1024x372.jpg 1024w, https:\/\/symbivita.cz\/blog\/wp-content\/uploads\/2020\/10\/1995-NH-IV-300x109.jpg 300w, https:\/\/symbivita.cz\/blog\/wp-content\/uploads\/2020\/10\/1995-NH-IV-768x279.jpg 768w, https:\/\/symbivita.cz\/blog\/wp-content\/uploads\/2020\/10\/1995-NH-IV.jpg 1100w\" sizes=\"(max-width: 1024px) 100vw, 1024px\" \/><\/figure>\n\n\n\n<figure class=\"wp-block-image size-large\"><img loading=\"lazy\" decoding=\"async\" width=\"1024\" height=\"376\" src=\"http:\/\/symbivita.cz\/blog\/wp-content\/uploads\/2020\/10\/1995-NH-V-1024x376.jpg\" alt=\"\" class=\"wp-image-1307\" srcset=\"https:\/\/symbivita.cz\/blog\/wp-content\/uploads\/2020\/10\/1995-NH-V-1024x376.jpg 1024w, https:\/\/symbivita.cz\/blog\/wp-content\/uploads\/2020\/10\/1995-NH-V-300x110.jpg 300w, https:\/\/symbivita.cz\/blog\/wp-content\/uploads\/2020\/10\/1995-NH-V-768x282.jpg 768w, https:\/\/symbivita.cz\/blog\/wp-content\/uploads\/2020\/10\/1995-NH-V.jpg 1109w\" sizes=\"(max-width: 1024px) 100vw, 1024px\" \/><\/figure>\n\n\n\n<figure class=\"wp-block-image size-large\"><img loading=\"lazy\" decoding=\"async\" width=\"1024\" height=\"378\" src=\"http:\/\/symbivita.cz\/blog\/wp-content\/uploads\/2020\/10\/1995-NH-VI-1024x378.jpg\" alt=\"\" class=\"wp-image-1308\" srcset=\"https:\/\/symbivita.cz\/blog\/wp-content\/uploads\/2020\/10\/1995-NH-VI-1024x378.jpg 1024w, https:\/\/symbivita.cz\/blog\/wp-content\/uploads\/2020\/10\/1995-NH-VI-300x111.jpg 300w, https:\/\/symbivita.cz\/blog\/wp-content\/uploads\/2020\/10\/1995-NH-VI-768x283.jpg 768w, https:\/\/symbivita.cz\/blog\/wp-content\/uploads\/2020\/10\/1995-NH-VI.jpg 1104w\" sizes=\"(max-width: 1024px) 100vw, 1024px\" \/><\/figure>\n\n\n\n<figure class=\"wp-block-image size-large\"><img loading=\"lazy\" decoding=\"async\" width=\"1024\" height=\"374\" src=\"http:\/\/symbivita.cz\/blog\/wp-content\/uploads\/2020\/10\/1995-NH-VII-1024x374.jpg\" alt=\"\" class=\"wp-image-1309\" srcset=\"https:\/\/symbivita.cz\/blog\/wp-content\/uploads\/2020\/10\/1995-NH-VII-1024x374.jpg 1024w, https:\/\/symbivita.cz\/blog\/wp-content\/uploads\/2020\/10\/1995-NH-VII-300x110.jpg 300w, https:\/\/symbivita.cz\/blog\/wp-content\/uploads\/2020\/10\/1995-NH-VII-768x281.jpg 768w, https:\/\/symbivita.cz\/blog\/wp-content\/uploads\/2020\/10\/1995-NH-VII.jpg 1108w\" sizes=\"(max-width: 1024px) 100vw, 1024px\" \/><\/figure>\n\n\n\n<p>\u010cerven byl chladn\u00fd a de\u0161tiv\u00fd.<\/p>\n\n\n\n<p>Bylo uspo\u0159\u00e1d\u00e1no 5 z\u00e1jezd\u016f do divadel, 1 z\u00e1jezd do galerie,\nexkurze po pam\u00e1tk\u00e1ch na\u0161eho okol\u00ed (kov\u00e1rna T\u011b\u0161any, muzeum Klobouky..)<\/p>\n\n\n\n<p>Turnaj v&nbsp;ko\u0161\u00edkov\u00e9.<\/p>\n\n\n\n<figure class=\"wp-block-image size-large\"><img loading=\"lazy\" decoding=\"async\" width=\"969\" height=\"492\" src=\"http:\/\/symbivita.cz\/blog\/wp-content\/uploads\/2020\/10\/1995-ko\u0161\u00edkov\u00e1.jpg\" alt=\"\" class=\"wp-image-1310\" srcset=\"https:\/\/symbivita.cz\/blog\/wp-content\/uploads\/2020\/10\/1995-ko\u0161\u00edkov\u00e1.jpg 969w, https:\/\/symbivita.cz\/blog\/wp-content\/uploads\/2020\/10\/1995-ko\u0161\u00edkov\u00e1-300x152.jpg 300w, https:\/\/symbivita.cz\/blog\/wp-content\/uploads\/2020\/10\/1995-ko\u0161\u00edkov\u00e1-768x390.jpg 768w\" sizes=\"(max-width: 969px) 100vw, 969px\" \/><\/figure>\n\n\n\n<p>Letos chyb\u00ed tradi\u010dn\u00ed \u0161koln\u00ed akademie.<\/p>\n\n\n\n<p>\u010cervenec do Nikol\u010dic se p\u0159ist\u011bhoval nov\u00fd evangelick\u00fd\nfar\u00e1\u0159&nbsp; Ivo David s&nbsp;man\u017eelkou. (do\nroku 2010)<\/p>\n\n\n\n<p>29.a 30 \u010dervence se uskute\u010dnili Jakubsk\u00e9 hody- p\u0159edvedli se\nst\u00e1rci a st\u00e1rky.<\/p>\n\n\n\n<p>&nbsp;Po mnoha letech se\nobnovily jansk\u00e9 hody v&nbsp;ND. Z\u00e1sluhu na jejich vzk\u0159\u00ed\u0161en\u00ed m\u00e1 \u010dlen obecn\u00edho\nzastupitelstva p. Anton\u00edn Dan\u011bk.<\/p>\n\n\n\n<p>TJ Dru\u017estevn\u00edk m\u00e1 t\u0159i dru\u017estva (mu\u017ei, dorostenci, \u017e\u00e1ci) a\nhraje ve III. t\u0159\u00edd\u011b, dosahuje pr\u016fm\u011brn\u00fdch v\u00fdsledk\u016f.<\/p>\n\n\n\n<p>T\u011blocvi\u010dna je pln\u011b vyu\u017e\u00edv\u00e1na. Cvi\u010d\u00ed dru\u017estvo \u017een (2 x t\u00fddn\u011b)\nt\u0159i dru\u017estva mu\u017e\u016f, dru\u017estvo dorostenc\u016f a sportovn\u00ed krou\u017eek \u017e\u00e1k\u016f.<\/p>\n\n\n\n<p>1.z\u00e1\u0159\u00ed za\u010dal \u0161koln\u00ed rok 1995\/96<\/p>\n\n\n\n<p>\u0158editel Josef \u010cern\u00fd<\/p>\n\n\n\n<p>Anna Svobodov\u00e1 z\u00e1stupce \u0159editele.<\/p>\n\n\n\n<p>Simona Chrastilov\u00e1. Mark\u00e9ta Pape\u017eov\u00e1, Kv\u011btoslava\nCharv\u00e1tov\u00e1, ing. Ladislav Straka, Monika \u0160emorov\u00e1, Drahom\u00edra \u010cern\u00e1, Lenka\nBrenkusov\u00e1, Hana \u010cern\u00e1, Kamila Rouzkov\u00e1, Zde\u0148ka Losov\u00e1, Jaroslava Sedlov\u00e1,\nLenka B\u00ednkov\u00e1.<\/p>\n\n\n\n<p>U\u010ditel\u00e9 na prvn\u00edm stupni: B\u00ednkov\u00e1, Jel\u00ednkov\u00e1.u\u010ditelka Helena\nPavlack\u00e1 vyhr\u00e1la konkurz na \u0159editelku v&nbsp;Brn\u011b v&nbsp;\u0158e\u010dkovic\u00edch.<\/p>\n\n\n\n<p>U\u010ditel\u00e9 na druh\u00e9m stupni: Pape\u017eov\u00e1, Charv\u00e1tov\u00e1, Straka,\nCypri\u00e1n, \u0160emorov\u00e1, \u010cern\u00e1, Marek.<\/p>\n\n\n\n<p>&nbsp;D\u00e1le Lenka Brenkusov\u00e1, Jana Strouhalov\u00e1, Hana \u010cern\u00e1, Kamila Roukov\u00e1, Zde\u0148ka Losov\u00e1, Jaroslava Sedlov\u00e1.<\/p>\n\n\n\n<figure class=\"wp-block-image size-large\"><img loading=\"lazy\" decoding=\"async\" width=\"857\" height=\"597\" src=\"http:\/\/symbivita.cz\/blog\/wp-content\/uploads\/2020\/10\/95-96-1.t\u0159\u00edda.jpg\" alt=\"\" class=\"wp-image-1311\" srcset=\"https:\/\/symbivita.cz\/blog\/wp-content\/uploads\/2020\/10\/95-96-1.t\u0159\u00edda.jpg 857w, https:\/\/symbivita.cz\/blog\/wp-content\/uploads\/2020\/10\/95-96-1.t\u0159\u00edda-300x209.jpg 300w, https:\/\/symbivita.cz\/blog\/wp-content\/uploads\/2020\/10\/95-96-1.t\u0159\u00edda-768x535.jpg 768w\" sizes=\"(max-width: 857px) 100vw, 857px\" \/><\/figure>\n\n\n\n<figure class=\"wp-block-image size-large\"><img loading=\"lazy\" decoding=\"async\" width=\"856\" height=\"598\" src=\"http:\/\/symbivita.cz\/blog\/wp-content\/uploads\/2020\/10\/95-96-2.a-4.t\u0159\u00edda.jpg\" alt=\"\" class=\"wp-image-1313\" srcset=\"https:\/\/symbivita.cz\/blog\/wp-content\/uploads\/2020\/10\/95-96-2.a-4.t\u0159\u00edda.jpg 856w, https:\/\/symbivita.cz\/blog\/wp-content\/uploads\/2020\/10\/95-96-2.a-4.t\u0159\u00edda-300x210.jpg 300w, https:\/\/symbivita.cz\/blog\/wp-content\/uploads\/2020\/10\/95-96-2.a-4.t\u0159\u00edda-768x537.jpg 768w\" sizes=\"(max-width: 856px) 100vw, 856px\" \/><\/figure>\n\n\n\n<figure class=\"wp-block-image size-large is-resized\"><img loading=\"lazy\" decoding=\"async\" src=\"http:\/\/symbivita.cz\/blog\/wp-content\/uploads\/2020\/10\/95-96-3.t\u0159\u00eddajpg.jpg\" alt=\"\" class=\"wp-image-1314\" width=\"370\" height=\"533\" srcset=\"https:\/\/symbivita.cz\/blog\/wp-content\/uploads\/2020\/10\/95-96-3.t\u0159\u00eddajpg.jpg 596w, https:\/\/symbivita.cz\/blog\/wp-content\/uploads\/2020\/10\/95-96-3.t\u0159\u00eddajpg-208x300.jpg 208w\" sizes=\"(max-width: 370px) 100vw, 370px\" \/><\/figure>\n\n\n\n<figure class=\"wp-block-image size-large\"><img loading=\"lazy\" decoding=\"async\" width=\"860\" height=\"595\" src=\"http:\/\/symbivita.cz\/blog\/wp-content\/uploads\/2020\/10\/95-96-5.t\u0159\u00edda.jpg\" alt=\"\" class=\"wp-image-1315\" srcset=\"https:\/\/symbivita.cz\/blog\/wp-content\/uploads\/2020\/10\/95-96-5.t\u0159\u00edda.jpg 860w, https:\/\/symbivita.cz\/blog\/wp-content\/uploads\/2020\/10\/95-96-5.t\u0159\u00edda-300x208.jpg 300w, https:\/\/symbivita.cz\/blog\/wp-content\/uploads\/2020\/10\/95-96-5.t\u0159\u00edda-768x531.jpg 768w\" sizes=\"(max-width: 860px) 100vw, 860px\" \/><\/figure>\n\n\n\n<figure class=\"wp-block-image size-large\"><img loading=\"lazy\" decoding=\"async\" width=\"863\" height=\"593\" src=\"http:\/\/symbivita.cz\/blog\/wp-content\/uploads\/2020\/10\/95-96-6.A.jpg\" alt=\"\" class=\"wp-image-1316\" srcset=\"https:\/\/symbivita.cz\/blog\/wp-content\/uploads\/2020\/10\/95-96-6.A.jpg 863w, https:\/\/symbivita.cz\/blog\/wp-content\/uploads\/2020\/10\/95-96-6.A-300x206.jpg 300w, https:\/\/symbivita.cz\/blog\/wp-content\/uploads\/2020\/10\/95-96-6.A-768x528.jpg 768w\" sizes=\"(max-width: 863px) 100vw, 863px\" \/><\/figure>\n\n\n\n<figure class=\"wp-block-image size-large\"><img loading=\"lazy\" decoding=\"async\" width=\"860\" height=\"595\" src=\"http:\/\/symbivita.cz\/blog\/wp-content\/uploads\/2020\/10\/95-96-7.t\u0159\u00edda.jpg\" alt=\"\" class=\"wp-image-1317\" srcset=\"https:\/\/symbivita.cz\/blog\/wp-content\/uploads\/2020\/10\/95-96-7.t\u0159\u00edda.jpg 860w, https:\/\/symbivita.cz\/blog\/wp-content\/uploads\/2020\/10\/95-96-7.t\u0159\u00edda-300x208.jpg 300w, https:\/\/symbivita.cz\/blog\/wp-content\/uploads\/2020\/10\/95-96-7.t\u0159\u00edda-768x531.jpg 768w\" sizes=\"(max-width: 860px) 100vw, 860px\" \/><\/figure>\n\n\n\n<figure class=\"wp-block-image size-large\"><img loading=\"lazy\" decoding=\"async\" width=\"865\" height=\"592\" src=\"http:\/\/symbivita.cz\/blog\/wp-content\/uploads\/2020\/10\/95-96-7.B.jpg\" alt=\"\" class=\"wp-image-1318\" srcset=\"https:\/\/symbivita.cz\/blog\/wp-content\/uploads\/2020\/10\/95-96-7.B.jpg 865w, https:\/\/symbivita.cz\/blog\/wp-content\/uploads\/2020\/10\/95-96-7.B-300x205.jpg 300w, https:\/\/symbivita.cz\/blog\/wp-content\/uploads\/2020\/10\/95-96-7.B-768x526.jpg 768w\" sizes=\"(max-width: 865px) 100vw, 865px\" \/><\/figure>\n\n\n\n<figure class=\"wp-block-image size-large\"><img loading=\"lazy\" decoding=\"async\" width=\"859\" height=\"596\" src=\"http:\/\/symbivita.cz\/blog\/wp-content\/uploads\/2020\/10\/95-96-8.A.jpg\" alt=\"\" class=\"wp-image-1319\" srcset=\"https:\/\/symbivita.cz\/blog\/wp-content\/uploads\/2020\/10\/95-96-8.A.jpg 859w, https:\/\/symbivita.cz\/blog\/wp-content\/uploads\/2020\/10\/95-96-8.A-300x208.jpg 300w, https:\/\/symbivita.cz\/blog\/wp-content\/uploads\/2020\/10\/95-96-8.A-768x533.jpg 768w\" sizes=\"(max-width: 859px) 100vw, 859px\" \/><\/figure>\n\n\n\n<figure class=\"wp-block-image size-large\"><img loading=\"lazy\" decoding=\"async\" width=\"864\" height=\"593\" src=\"http:\/\/symbivita.cz\/blog\/wp-content\/uploads\/2020\/10\/95-96-8.B.jpg\" alt=\"\" class=\"wp-image-1320\" srcset=\"https:\/\/symbivita.cz\/blog\/wp-content\/uploads\/2020\/10\/95-96-8.B.jpg 864w, https:\/\/symbivita.cz\/blog\/wp-content\/uploads\/2020\/10\/95-96-8.B-300x206.jpg 300w, https:\/\/symbivita.cz\/blog\/wp-content\/uploads\/2020\/10\/95-96-8.B-768x527.jpg 768w\" sizes=\"(max-width: 864px) 100vw, 864px\" \/><\/figure>\n\n\n\n<p>Ve \u0161kole byla roz\u0161\u00ed\u0159ena v\u00fduka n\u011bm\u010diny a angli\u010dtiny.Zaslou\u017eili&nbsp; se o to hlavn\u011b u\u010ditelka Simona Chrastilov\u00e1, Mgr.\nKv\u011bta Charv\u00e1tov\u00e1 a ing. Ladislav Straka.<\/p>\n\n\n\n<p>M\u0160- v&nbsp;tomto \u0161koln\u00edm roce nav\u0161t\u011bvuje M\u0160 25 d\u011bt\u00ed.<\/p>\n\n\n\n<p>Na M\u0160 byl vytvo\u0159en&nbsp;\ntane\u010dn\u00ed krou\u017eek, pracuje tak\u00e9 v\u00fdtvarn\u00fd krou\u017eek pod veden\u00edm u\u010ditelky Evy\nRohrerov\u00e9.<\/p>\n\n\n\n<p>Zden\u011bk Rabovsk\u00fd zhotovil pro d\u011bti n\u00e1bytek na hran\u00ed\nv&nbsp;hrac\u00edch koutech.<\/p>\n\n\n\n<p>Nikol\u010dick\u00e1 lyra 1995<\/p>\n\n\n\n<figure class=\"wp-block-image size-large\"><img loading=\"lazy\" decoding=\"async\" width=\"1024\" height=\"374\" src=\"http:\/\/symbivita.cz\/blog\/wp-content\/uploads\/2020\/10\/1995-NL-I-1024x374.jpg\" alt=\"\" class=\"wp-image-1321\" srcset=\"https:\/\/symbivita.cz\/blog\/wp-content\/uploads\/2020\/10\/1995-NL-I-1024x374.jpg 1024w, https:\/\/symbivita.cz\/blog\/wp-content\/uploads\/2020\/10\/1995-NL-I-300x110.jpg 300w, https:\/\/symbivita.cz\/blog\/wp-content\/uploads\/2020\/10\/1995-NL-I-768x280.jpg 768w, https:\/\/symbivita.cz\/blog\/wp-content\/uploads\/2020\/10\/1995-NL-I.jpg 1109w\" sizes=\"(max-width: 1024px) 100vw, 1024px\" \/><\/figure>\n\n\n\n<figure class=\"wp-block-image size-large\"><img loading=\"lazy\" decoding=\"async\" width=\"915\" height=\"657\" src=\"http:\/\/symbivita.cz\/blog\/wp-content\/uploads\/2020\/10\/1995-NL-II.jpg\" alt=\"\" class=\"wp-image-1322\" srcset=\"https:\/\/symbivita.cz\/blog\/wp-content\/uploads\/2020\/10\/1995-NL-II.jpg 915w, https:\/\/symbivita.cz\/blog\/wp-content\/uploads\/2020\/10\/1995-NL-II-300x215.jpg 300w, https:\/\/symbivita.cz\/blog\/wp-content\/uploads\/2020\/10\/1995-NL-II-768x551.jpg 768w\" sizes=\"(max-width: 915px) 100vw, 915px\" \/><\/figure>\n\n\n\n<figure class=\"wp-block-image size-large\"><img loading=\"lazy\" decoding=\"async\" width=\"1024\" height=\"378\" src=\"http:\/\/symbivita.cz\/blog\/wp-content\/uploads\/2020\/10\/1995-NL-III-1024x378.jpg\" alt=\"\" class=\"wp-image-1323\" srcset=\"https:\/\/symbivita.cz\/blog\/wp-content\/uploads\/2020\/10\/1995-NL-III-1024x378.jpg 1024w, https:\/\/symbivita.cz\/blog\/wp-content\/uploads\/2020\/10\/1995-NL-III-300x111.jpg 300w, https:\/\/symbivita.cz\/blog\/wp-content\/uploads\/2020\/10\/1995-NL-III-768x284.jpg 768w, https:\/\/symbivita.cz\/blog\/wp-content\/uploads\/2020\/10\/1995-NL-III.jpg 1113w\" sizes=\"(max-width: 1024px) 100vw, 1024px\" \/><\/figure>\n\n\n\n<figure class=\"wp-block-image size-large\"><img loading=\"lazy\" decoding=\"async\" width=\"1024\" height=\"369\" src=\"http:\/\/symbivita.cz\/blog\/wp-content\/uploads\/2020\/10\/1995-NL-IV-1024x369.jpg\" alt=\"\" class=\"wp-image-1324\" srcset=\"https:\/\/symbivita.cz\/blog\/wp-content\/uploads\/2020\/10\/1995-NL-IV-1024x369.jpg 1024w, https:\/\/symbivita.cz\/blog\/wp-content\/uploads\/2020\/10\/1995-NL-IV-300x108.jpg 300w, https:\/\/symbivita.cz\/blog\/wp-content\/uploads\/2020\/10\/1995-NL-IV-768x277.jpg 768w, https:\/\/symbivita.cz\/blog\/wp-content\/uploads\/2020\/10\/1995-NL-IV.jpg 1108w\" sizes=\"(max-width: 1024px) 100vw, 1024px\" \/><\/figure>\n\n\n\n<p>Z&nbsp;13 ocen\u011bn\u00fdch m\u00edst bylo 10 z&nbsp;na\u0161\u00ed \u0161koly.\nNejlep\u0161\u00ed zp\u011bva\u010dkou je Zuzana Neugebauerov\u00e1 z&nbsp;Div\u00e1k.<\/p>\n\n\n\n<p>Zahr\u00e1dk\u00e1\u0159sk\u00e1 organizace uspo\u0159\u00e1dala dvoudenn\u00ed z\u00e1jezd do\nLitom\u011b\u0159ic na proslulou zem\u011bd\u011blskou v\u00fdstavu: Zahrada \u010cech\u201c.<\/p>\n\n\n\n<p>Podzim: Na obil\u00ed byla sezona dobr\u00e1. Kuku\u0159ice v\u0161ak zaschla\na&nbsp; zakrsla. \u00daroda brambor nadpr\u016fm\u011brn\u00e1,\n\u0159epa zarazila r\u016fst, kdy\u017e&nbsp; bylo sucho, pak\nza\u010dalo pr\u0161et a &nbsp;\u0159epa to v&nbsp;r\u016fstu&nbsp; dohnala.<\/p>\n\n\n\n<p>&nbsp;V\u010dela\u0159i m\u011bli\nvynikaj\u00edc\u00ed \u00farodu nad 50 kg. Tak\u00e9 houba\u0159i m\u011bli dobrou sez\u00f3nu. Myslivc\u016fm ub\u00fdv\u00e1\ndrobn\u00e9 zv\u011b\u0159e. Srn\u010d\u00ed je dost a je hodn\u011b \u010dern\u00e9 zv\u011b\u0159e.<\/p>\n\n\n\n<p>ZD- ve v\u00fdro\u010dn\u00ed zpr\u00e1vu komentuje zv\u00fd\u0161en\u00e9 v\u00fdnosy, ale o tom,\n\u017ee by nebyly pot\u00ed\u017ee nelze hovo\u0159it. Nejv\u011bt\u0161\u00ed b\u0159\u00edm\u011b jsou investice do v\u00fdroby\nplast\u016f, rozj\u00ed\u017ed\u00ed se v\u00fdroba trubek, profil\u016f a oken, ale zat\u00edm jsou zisky ve\nztr\u00e1t\u00e1ch. Je nutno \u0159e\u0161it reklamace u zahrani\u010dn\u00edch dodavatel\u016f.<\/p>\n\n\n\n<p>&nbsp;Rostlinn\u00e1 v\u00fdroba (s.r.o.\ning. Ji\u0159\u00ed Matou\u0161ek) zu\u017euje sortiment, sni\u017euje po\u010det zam\u011bstnanc\u016f. \u017divo\u010di\u0161n\u00e1\nv\u00fdroba (s.r.o. Karel Jel\u00ednek) si po\u010d\u00edn\u00e1 \u00fasp\u011b\u0161n\u011b. Zisky umo\u017e\u0148uj\u00ed i n\u00e1ro\u010dnou\ninvestici do rekonstrukce odchovny selat. \u017divo\u010di\u0161n\u00e1 v\u00fdroba \u0160itbo\u0159ice-Div\u00e1ky\n(s.r.o. ing. \u0160achr) omezila stav dojnic a nahradila je&nbsp; v\u00fdkrmem prasat. Dlu\u017en\u00edkem je Ml\u00e9k\u00e1rna\nHodon\u00edn. Chov jate\u010dn\u00edch ku\u0159at se je m\u00e9n\u011b v\u00fdnosn\u00fdm pro velk\u00fd n\u00e1rust cen krmiv.<\/p>\n\n\n\n<p>27.z\u00e1\u0159\u00ed byla zalo\u017eena spole\u010dnost PRAMOS,&nbsp;a.s. Spole\u010dnost ji\u017e b\u011bhem roku za\u010dala aktivn\u011b nab\u00edzet sv\u00e9 v\u00fdrobky a&nbsp;vystavovat na&nbsp;tuzemsk\u00fdch i&nbsp;zahrani\u010dn\u00edch v\u00fdstav\u00e1ch.<\/p>\n\n\n\n<figure class=\"wp-block-image size-large\"><img loading=\"lazy\" decoding=\"async\" width=\"472\" height=\"342\" src=\"http:\/\/symbivita.cz\/blog\/wp-content\/uploads\/2020\/10\/1995-Pramos-listiny.jpg\" alt=\"\" class=\"wp-image-1325\" srcset=\"https:\/\/symbivita.cz\/blog\/wp-content\/uploads\/2020\/10\/1995-Pramos-listiny.jpg 472w, https:\/\/symbivita.cz\/blog\/wp-content\/uploads\/2020\/10\/1995-Pramos-listiny-300x217.jpg 300w\" sizes=\"(max-width: 472px) 100vw, 472px\" \/><\/figure>\n\n\n\n<p>Za\u010daly se stav\u011bt u\u010ditelsk\u00e9 byty a to v&nbsp;p\u016fdorysu zbo\u0159en\u00e9ho domu \u010d. 87. <\/p>\n\n\n\n<figure class=\"wp-block-image size-large\"><img loading=\"lazy\" decoding=\"async\" width=\"1024\" height=\"374\" src=\"http:\/\/symbivita.cz\/blog\/wp-content\/uploads\/2020\/10\/1995-UD-1024x374.jpg\" alt=\"\" class=\"wp-image-1326\" srcset=\"https:\/\/symbivita.cz\/blog\/wp-content\/uploads\/2020\/10\/1995-UD-1024x374.jpg 1024w, https:\/\/symbivita.cz\/blog\/wp-content\/uploads\/2020\/10\/1995-UD-300x109.jpg 300w, https:\/\/symbivita.cz\/blog\/wp-content\/uploads\/2020\/10\/1995-UD-768x280.jpg 768w, https:\/\/symbivita.cz\/blog\/wp-content\/uploads\/2020\/10\/1995-UD.jpg 1118w\" sizes=\"(max-width: 1024px) 100vw, 1024px\" \/><\/figure>\n\n\n\n<figure class=\"wp-block-image size-large\"><img loading=\"lazy\" decoding=\"async\" width=\"908\" height=\"539\" src=\"http:\/\/symbivita.cz\/blog\/wp-content\/uploads\/2020\/10\/1995-u\u010ditelsk\u00e9-byty-I.jpg\" alt=\"\" class=\"wp-image-1327\" srcset=\"https:\/\/symbivita.cz\/blog\/wp-content\/uploads\/2020\/10\/1995-u\u010ditelsk\u00e9-byty-I.jpg 908w, https:\/\/symbivita.cz\/blog\/wp-content\/uploads\/2020\/10\/1995-u\u010ditelsk\u00e9-byty-I-300x178.jpg 300w, https:\/\/symbivita.cz\/blog\/wp-content\/uploads\/2020\/10\/1995-u\u010ditelsk\u00e9-byty-I-768x456.jpg 768w\" sizes=\"(max-width: 908px) 100vw, 908px\" \/><\/figure>\n\n\n\n<p>M\u00e1 tu vzniknout 5 byt\u016f. Obec obdr\u017e\u00ed dotace od st\u00e1tu na\npodporu soci\u00e1ln\u00edho bydlen\u00ed. Demolici b\u00fdval\u00e9ho Hlav\u00e1\u010dova staven\u00ed provedli\npracovn\u00edci O\u00da.<\/p>\n\n\n\n<p>V&nbsp;\u0159\u00edjnu byla zapo\u010data gener\u00e1ln\u00ed oprava elektrick\u00fdch rozvod\u016f na horn\u00edm konci.<\/p>\n\n\n\n<figure class=\"wp-block-image size-large\"><img loading=\"lazy\" decoding=\"async\" width=\"1024\" height=\"665\" src=\"http:\/\/symbivita.cz\/blog\/wp-content\/uploads\/2020\/10\/1995-Oprava-elektrick\u00e9-s\u00edt\u011b-1024x665.jpg\" alt=\"\" class=\"wp-image-1328\" srcset=\"https:\/\/symbivita.cz\/blog\/wp-content\/uploads\/2020\/10\/1995-Oprava-elektrick\u00e9-s\u00edt\u011b-1024x665.jpg 1024w, https:\/\/symbivita.cz\/blog\/wp-content\/uploads\/2020\/10\/1995-Oprava-elektrick\u00e9-s\u00edt\u011b-300x195.jpg 300w, https:\/\/symbivita.cz\/blog\/wp-content\/uploads\/2020\/10\/1995-Oprava-elektrick\u00e9-s\u00edt\u011b-768x499.jpg 768w, https:\/\/symbivita.cz\/blog\/wp-content\/uploads\/2020\/10\/1995-Oprava-elektrick\u00e9-s\u00edt\u011b.jpg 1442w\" sizes=\"(max-width: 1024px) 100vw, 1024px\" \/><\/figure>\n\n\n\n<p>Byl opraven m\u016fstek pod st\u0159ediskem ZD.<\/p>\n\n\n\n<figure class=\"wp-block-image size-large\"><img loading=\"lazy\" decoding=\"async\" width=\"801\" height=\"535\" src=\"http:\/\/symbivita.cz\/blog\/wp-content\/uploads\/2020\/10\/1995-Starosta.jpg\" alt=\"\" class=\"wp-image-1329\" srcset=\"https:\/\/symbivita.cz\/blog\/wp-content\/uploads\/2020\/10\/1995-Starosta.jpg 801w, https:\/\/symbivita.cz\/blog\/wp-content\/uploads\/2020\/10\/1995-Starosta-300x200.jpg 300w, https:\/\/symbivita.cz\/blog\/wp-content\/uploads\/2020\/10\/1995-Starosta-768x513.jpg 768w\" sizes=\"(max-width: 801px) 100vw, 801px\" \/><\/figure>\n\n\n\n<p>Jsou p\u0159ipraveny projektov\u00e9 dokumentace na p\u0159\u00edstavbu kuchyn\u011b u s\u00e1lu OB, na kanalizaci v&nbsp;K\u0159epick\u00e9 ulici, na stavbu komunikace do ND a n\u011bkter\u00e9 dal\u0161\u00ed drobn\u00e9 stavby.<\/p>\n\n\n\n<figure class=\"wp-block-image size-large\"><img loading=\"lazy\" decoding=\"async\" width=\"1024\" height=\"381\" src=\"http:\/\/symbivita.cz\/blog\/wp-content\/uploads\/2020\/10\/1995-Pr\u00e1ce-na-obci-I-1024x381.jpg\" alt=\"\" class=\"wp-image-1330\" srcset=\"https:\/\/symbivita.cz\/blog\/wp-content\/uploads\/2020\/10\/1995-Pr\u00e1ce-na-obci-I-1024x381.jpg 1024w, https:\/\/symbivita.cz\/blog\/wp-content\/uploads\/2020\/10\/1995-Pr\u00e1ce-na-obci-I-300x112.jpg 300w, https:\/\/symbivita.cz\/blog\/wp-content\/uploads\/2020\/10\/1995-Pr\u00e1ce-na-obci-I-768x286.jpg 768w, https:\/\/symbivita.cz\/blog\/wp-content\/uploads\/2020\/10\/1995-Pr\u00e1ce-na-obci-I.jpg 1117w\" sizes=\"(max-width: 1024px) 100vw, 1024px\" \/><\/figure>\n\n\n\n<figure class=\"wp-block-image size-large\"><img loading=\"lazy\" decoding=\"async\" width=\"1024\" height=\"376\" src=\"http:\/\/symbivita.cz\/blog\/wp-content\/uploads\/2020\/10\/1995-Pr\u00e1ce-na-obci-II-1024x376.jpg\" alt=\"\" class=\"wp-image-1331\" srcset=\"https:\/\/symbivita.cz\/blog\/wp-content\/uploads\/2020\/10\/1995-Pr\u00e1ce-na-obci-II-1024x376.jpg 1024w, https:\/\/symbivita.cz\/blog\/wp-content\/uploads\/2020\/10\/1995-Pr\u00e1ce-na-obci-II-300x110.jpg 300w, https:\/\/symbivita.cz\/blog\/wp-content\/uploads\/2020\/10\/1995-Pr\u00e1ce-na-obci-II-768x282.jpg 768w, https:\/\/symbivita.cz\/blog\/wp-content\/uploads\/2020\/10\/1995-Pr\u00e1ce-na-obci-II.jpg 1110w\" sizes=\"(max-width: 1024px) 100vw, 1024px\" \/><\/figure>\n\n\n\n<p>Gigantick\u00fd \u00fakol &#8211; rozv\u00e9st vodu po cel\u00e9 obci a p\u0159ipojit v\u0161echny dom\u00e1cnosti, v\u010detn\u011b t\u011bch nejodlehlej\u0161\u00edch- se beze zbytku zda\u0159il, ov\u0161em za cenu rozkopan\u00e9 vesnice. Je\u0161t\u011b, \u017ee byl such\u00fd rok, jinak jsme se topili v&nbsp;bl\u00e1t\u011b.<\/p>\n\n\n\n<figure class=\"wp-block-image size-large\"><img loading=\"lazy\" decoding=\"async\" width=\"1024\" height=\"650\" src=\"http:\/\/symbivita.cz\/blog\/wp-content\/uploads\/2020\/10\/1995-Rozvod-vody-1024x650.jpg\" alt=\"\" class=\"wp-image-1332\" srcset=\"https:\/\/symbivita.cz\/blog\/wp-content\/uploads\/2020\/10\/1995-Rozvod-vody-1024x650.jpg 1024w, https:\/\/symbivita.cz\/blog\/wp-content\/uploads\/2020\/10\/1995-Rozvod-vody-300x190.jpg 300w, https:\/\/symbivita.cz\/blog\/wp-content\/uploads\/2020\/10\/1995-Rozvod-vody-768x488.jpg 768w, https:\/\/symbivita.cz\/blog\/wp-content\/uploads\/2020\/10\/1995-Rozvod-vody.jpg 1161w\" sizes=\"(max-width: 1024px) 100vw, 1024px\" \/><\/figure>\n\n\n\n<p>16. listopadu se na mimo\u0159\u00e1dn\u00e9m zased\u00e1n\u00ed projednal a schv\u00e1lil\nbudouc\u00ed vklad do majetku Vodovody a kanalizace B\u0159eclav, a.s. vodovodn\u00edho\np\u0159ivad\u011b\u010de Nikol\u010dice &#8211; \u0160itbo\u0159ice, d\u00e1le pak rozvody&nbsp; vodovodu po obci.<\/p>\n\n\n\n<p>D\u00e1le byla projedn\u00e1na uva\u017eovan\u00e1 kabelizace telefonn\u00edch&nbsp; rozvod\u016f v&nbsp;obci a to v&nbsp;roce 1977.<\/p>\n\n\n\n<p>Popelnice vyprazd\u0148uje firma Hant\u00e1ly, a.s. Hustupe\u010de jednou\nza&nbsp; dva t\u00fddny. N\u00e1kladn\u00ed kontejner na\nhrub\u0161\u00ed odpad je st\u0159\u00eddav\u011b um\u00eds\u0165ov\u00e1n na stanoven\u00fdch m\u00edstech.. Odpad sm\u011b\u0159uje na\nskl\u00e1dku Hant\u00e1ly ve Velk\u00fdch Pavlovic\u00edch. Druh\u00fd kontejner je na trval\u00e9m m\u00edst\u011b u\nprodejny Jednoty a slou\u017e\u00ed k&nbsp;odkl\u00e1d\u00e1n\u00ed&nbsp;\n\u017eelezn\u00e9ho odpadu. Polokulovit\u00e9 \u201ezvony\u201c jsou ur\u010deny pro plasty.<\/p>\n\n\n\n<p>Vy\u0161lo 5 \u010d\u00edsel Nikol\u010dick\u00e9ho \u010dasopisu a 4 \u010d\u00edsla \u0160koln\u00edho\n\u010dasopisu. Byla utvo\u0159ena redak\u010dn\u00ed rada \u201eNikol\u010dick\u00e9ho \u010dasopisu \u201c, kter\u00fd by m\u011bl\nkrom\u011b informac\u00ed starosty obsahovat \u010dl\u00e1nky z&nbsp;historie obce, sportovn\u00ed\naktuality, zpr\u00e1vy ze \u0161kol, rady pro ovocn\u00e1\u0159e a vina\u0159e atd.<\/p>\n\n\n\n<p>M\u011bstsk\u00fd \u00fa\u0159ad Klobouky vydal reprezentativn\u00ed publikaci Malebn\u00e9 Kloboucko, jako spoluautor za Nikol\u010dice se prezentoval mgr. Josef \u010cern\u00fd. P\u0159\u00edprava knihy trvala cel\u00fd rok. Obecn\u00ed \u00fa\u0159ad v\u011bnoval na konci roku jako d\u00e1rek k&nbsp;v\u00e1noc\u016fm po jednom v\u00fdtisku v\u0161em d\u016fchodc\u016fm v&nbsp;Nikol\u010dic\u00edch.<\/p>\n\n\n\n<figure class=\"wp-block-image size-large\"><img loading=\"lazy\" decoding=\"async\" width=\"258\" height=\"363\" src=\"http:\/\/symbivita.cz\/blog\/wp-content\/uploads\/2020\/10\/1995-Malebn\u00e9-Kloboucko.jpg\" alt=\"\" class=\"wp-image-1333\" srcset=\"https:\/\/symbivita.cz\/blog\/wp-content\/uploads\/2020\/10\/1995-Malebn\u00e9-Kloboucko.jpg 258w, https:\/\/symbivita.cz\/blog\/wp-content\/uploads\/2020\/10\/1995-Malebn\u00e9-Kloboucko-213x300.jpg 213w\" sizes=\"(max-width: 258px) 100vw, 258px\" \/><\/figure>\n\n\n\n<p>Listopad ji\u017e byl pod sn\u011bhem. <\/p>\n\n\n\n<p>Ka\u017ed\u00fd rok 5.12. se to v\u017edy opakuje. Do na\u0161\u00ed \u0161koly doraz\u00ed Mikul\u00e1\u0161 s tlupou \u010dert\u016f a proch\u00e1z\u00ed v\u0161emi t\u0159\u00eddami. Samoz\u0159ejm\u011b se uk\u00e1\u017eou i v Div\u00e1k\u00e1ch.<\/p>\n\n\n\n<figure class=\"wp-block-image size-large\"><img loading=\"lazy\" decoding=\"async\" width=\"1024\" height=\"377\" src=\"http:\/\/symbivita.cz\/blog\/wp-content\/uploads\/2020\/10\/1995-mikul\u00e1\u0161-I-1024x377.jpg\" alt=\"\" class=\"wp-image-1334\" srcset=\"https:\/\/symbivita.cz\/blog\/wp-content\/uploads\/2020\/10\/1995-mikul\u00e1\u0161-I-1024x377.jpg 1024w, https:\/\/symbivita.cz\/blog\/wp-content\/uploads\/2020\/10\/1995-mikul\u00e1\u0161-I-300x110.jpg 300w, https:\/\/symbivita.cz\/blog\/wp-content\/uploads\/2020\/10\/1995-mikul\u00e1\u0161-I-768x283.jpg 768w, https:\/\/symbivita.cz\/blog\/wp-content\/uploads\/2020\/10\/1995-mikul\u00e1\u0161-I.jpg 1103w\" sizes=\"(max-width: 1024px) 100vw, 1024px\" \/><\/figure>\n\n\n\n<figure class=\"wp-block-image size-large\"><img loading=\"lazy\" decoding=\"async\" width=\"1024\" height=\"384\" src=\"http:\/\/symbivita.cz\/blog\/wp-content\/uploads\/2020\/10\/1995-mikul\u00e1\u0161-II-1024x384.jpg\" alt=\"\" class=\"wp-image-1335\" srcset=\"https:\/\/symbivita.cz\/blog\/wp-content\/uploads\/2020\/10\/1995-mikul\u00e1\u0161-II-1024x384.jpg 1024w, https:\/\/symbivita.cz\/blog\/wp-content\/uploads\/2020\/10\/1995-mikul\u00e1\u0161-II-300x112.jpg 300w, https:\/\/symbivita.cz\/blog\/wp-content\/uploads\/2020\/10\/1995-mikul\u00e1\u0161-II-768x288.jpg 768w, https:\/\/symbivita.cz\/blog\/wp-content\/uploads\/2020\/10\/1995-mikul\u00e1\u0161-II.jpg 1116w\" sizes=\"(max-width: 1024px) 100vw, 1024px\" \/><\/figure>\n\n\n\n<p>V&nbsp;prosinci v\u011bnovalo Honebn\u00ed spole\u010denstvo Nikol\u010dice\nobci&nbsp; finan\u010dn\u00ed prost\u0159edky v&nbsp;hodnot\u011b\n6000,- K\u010d na sportovn\u00ed a kulturn\u00ed \u010dinnost.<\/p>\n\n\n\n<p>12.\nprosince prob\u011bhla kolaudace vodovodn\u00edho p\u0159ivad\u011b\u010de Nikol\u010dice &#8211; \u0160itbo\u0159ice.<\/p>\n\n\n\n<p>Rozvody\npo obc\u00edch jsou t\u00e9m\u011b\u0159 hotovy. \u010cekaj\u00ed ter\u00e9nn\u00ed \u00fapravy v\u010detn\u011b oprav chodn\u00edk\u016f a\nm\u00edstn\u00edch komunikac\u00ed<\/p>\n\n\n\n<p>V&nbsp;listopadu\na prosinci byla zav\u0159ena M\u0160 z&nbsp;d\u016fvod\u016f vysok\u00e9 nemocnosti.<\/p>\n\n\n\n<p>14.prosinec &#8211; ch\u0159ipkov\u00e1 epidemie, \u0161kol\u00e1ci ji\u017e m\u011bli ch\u0159ipkov\u00e9\npr\u00e1zdniny.&nbsp; <\/p>\n\n\n\n<p>V\u00e1noce bez sn\u011bhu.<\/p>\n\n\n\n<p>Narodilo se 9 d\u011bt\u00ed, zem\u0159elo 9 ob\u010dan\u016f, odhl\u00e1silo se 8 osob a\np\u0159ihl\u00e1silo se k&nbsp;trval\u00e9mu pobytu 12 lid\u00ed.<\/p>\n\n\n\n<p>Pietn\u00ed vzpom\u00ednka byla v\u011bnov\u00e1na p. Franti\u0161ku Vozdeck\u00e9mu, posledn\u00edmu ze star\u00fdch \u0159emesln\u00edk\u016f. Byl kov\u00e1\u0159.<\/p>\n\n\n\n<p>N\u00e1st\u011bnkov\u00e1  v\u00fdstava fotografi\u00ed z tohoto obdob\u00ed 19.10.2020<\/p>\n\n\n\n<figure class=\"wp-block-image size-large\"><img loading=\"lazy\" decoding=\"async\" width=\"1024\" height=\"655\" src=\"http:\/\/symbivita.cz\/blog\/wp-content\/uploads\/2020\/10\/1995-N\u00e1st\u011bnka-I-1024x655.jpg\" alt=\"\" class=\"wp-image-1337\" srcset=\"https:\/\/symbivita.cz\/blog\/wp-content\/uploads\/2020\/10\/1995-N\u00e1st\u011bnka-I-1024x655.jpg 1024w, https:\/\/symbivita.cz\/blog\/wp-content\/uploads\/2020\/10\/1995-N\u00e1st\u011bnka-I-300x192.jpg 300w, https:\/\/symbivita.cz\/blog\/wp-content\/uploads\/2020\/10\/1995-N\u00e1st\u011bnka-I-768x491.jpg 768w, https:\/\/symbivita.cz\/blog\/wp-content\/uploads\/2020\/10\/1995-N\u00e1st\u011bnka-I.jpg 1481w\" sizes=\"(max-width: 1024px) 100vw, 1024px\" \/><\/figure>\n\n\n\n<figure class=\"wp-block-image size-large\"><img loading=\"lazy\" decoding=\"async\" width=\"1024\" height=\"444\" src=\"http:\/\/symbivita.cz\/blog\/wp-content\/uploads\/2020\/10\/1995-N\u00e1st\u011bnka-II-1024x444.jpg\" alt=\"\" class=\"wp-image-1338\" srcset=\"https:\/\/symbivita.cz\/blog\/wp-content\/uploads\/2020\/10\/1995-N\u00e1st\u011bnka-II-1024x444.jpg 1024w, https:\/\/symbivita.cz\/blog\/wp-content\/uploads\/2020\/10\/1995-N\u00e1st\u011bnka-II-300x130.jpg 300w, https:\/\/symbivita.cz\/blog\/wp-content\/uploads\/2020\/10\/1995-N\u00e1st\u011bnka-II-768x333.jpg 768w, https:\/\/symbivita.cz\/blog\/wp-content\/uploads\/2020\/10\/1995-N\u00e1st\u011bnka-II-1536x666.jpg 1536w, https:\/\/symbivita.cz\/blog\/wp-content\/uploads\/2020\/10\/1995-N\u00e1st\u011bnka-II.jpg 1983w\" sizes=\"(max-width: 1024px) 100vw, 1024px\" \/><\/figure>\n\n\n\n<figure class=\"wp-block-image size-large\"><img loading=\"lazy\" decoding=\"async\" width=\"1024\" height=\"674\" src=\"http:\/\/symbivita.cz\/blog\/wp-content\/uploads\/2020\/10\/1995-N\u00e1st\u011bnka-III-1024x674.jpg\" alt=\"\" class=\"wp-image-1339\" srcset=\"https:\/\/symbivita.cz\/blog\/wp-content\/uploads\/2020\/10\/1995-N\u00e1st\u011bnka-III-1024x674.jpg 1024w, https:\/\/symbivita.cz\/blog\/wp-content\/uploads\/2020\/10\/1995-N\u00e1st\u011bnka-III-300x197.jpg 300w, https:\/\/symbivita.cz\/blog\/wp-content\/uploads\/2020\/10\/1995-N\u00e1st\u011bnka-III-768x505.jpg 768w, https:\/\/symbivita.cz\/blog\/wp-content\/uploads\/2020\/10\/1995-N\u00e1st\u011bnka-III.jpg 1254w\" sizes=\"(max-width: 1024px) 100vw, 1024px\" \/><\/figure>\n\n\n\n<figure class=\"wp-block-image size-large\"><img loading=\"lazy\" decoding=\"async\" width=\"1024\" height=\"463\" src=\"http:\/\/symbivita.cz\/blog\/wp-content\/uploads\/2020\/10\/1995-N\u00e1st\u011bnka-IV-1024x463.jpg\" alt=\"\" class=\"wp-image-1340\" srcset=\"https:\/\/symbivita.cz\/blog\/wp-content\/uploads\/2020\/10\/1995-N\u00e1st\u011bnka-IV-1024x463.jpg 1024w, https:\/\/symbivita.cz\/blog\/wp-content\/uploads\/2020\/10\/1995-N\u00e1st\u011bnka-IV-300x136.jpg 300w, https:\/\/symbivita.cz\/blog\/wp-content\/uploads\/2020\/10\/1995-N\u00e1st\u011bnka-IV-768x347.jpg 768w, https:\/\/symbivita.cz\/blog\/wp-content\/uploads\/2020\/10\/1995-N\u00e1st\u011bnka-IV-1536x695.jpg 1536w, https:\/\/symbivita.cz\/blog\/wp-content\/uploads\/2020\/10\/1995-N\u00e1st\u011bnka-IV.jpg 1853w\" sizes=\"(max-width: 1024px) 100vw, 1024px\" \/><\/figure>\n","protected":false},"excerpt":{"rendered":"<p>1991 9. ledna p\u0159inesly&nbsp; d\u011bti do \u0161koly pln\u011b&nbsp; rozkvetl\u00e9 sn\u011b\u017eenky a drobn\u00e9&nbsp; fialky. V&nbsp;polovin\u011b ledna p\u0159i\u0161ly&nbsp; siln\u00e9 mrazy napadlo trochu sb\u011bhu a mrzlo a\u017e do \u00fanora, studen\u00e9 po\u010das\u00ed trvalo a\u017e do dubna. &nbsp;9. \u00fanora se uskute\u010dnila v\u00fdstava v\u00edn. Div\u00e1\u010dt\u00ed \u017e\u00e1ci<\/p>\n","protected":false},"author":1,"featured_media":0,"comment_status":"closed","ping_status":"open","sticky":false,"template":"","format":"standard","meta":{"footnotes":""},"categories":[1],"tags":[],"_links":{"self":[{"href":"https:\/\/symbivita.cz\/blog\/wp-json\/wp\/v2\/posts\/1223"}],"collection":[{"href":"https:\/\/symbivita.cz\/blog\/wp-json\/wp\/v2\/posts"}],"about":[{"href":"https:\/\/symbivita.cz\/blog\/wp-json\/wp\/v2\/types\/post"}],"author":[{"embeddable":true,"href":"https:\/\/symbivita.cz\/blog\/wp-json\/wp\/v2\/users\/1"}],"replies":[{"embeddable":true,"href":"https:\/\/symbivita.cz\/blog\/wp-json\/wp\/v2\/comments?post=1223"}],"version-history":[{"count":4,"href":"https:\/\/symbivita.cz\/blog\/wp-json\/wp\/v2\/posts\/1223\/revisions"}],"predecessor-version":[{"id":1341,"href":"https:\/\/symbivita.cz\/blog\/wp-json\/wp\/v2\/posts\/1223\/revisions\/1341"}],"wp:attachment":[{"href":"https:\/\/symbivita.cz\/blog\/wp-json\/wp\/v2\/media?parent=1223"}],"wp:term":[{"taxonomy":"category","embeddable":true,"href":"https:\/\/symbivita.cz\/blog\/wp-json\/wp\/v2\/categories?post=1223"},{"taxonomy":"post_tag","embeddable":true,"href":"https:\/\/symbivita.cz\/blog\/wp-json\/wp\/v2\/tags?post=1223"}],"curies":[{"name":"wp","href":"https:\/\/api.w.org\/{rel}","templated":true}]}}